{"id":54592,"date":"2021-08-18T15:44:57","date_gmt":"2021-08-18T14:44:57","guid":{"rendered":"https:\/\/radioljubuski.ba\/?p=54592"},"modified":"2021-08-18T15:44:57","modified_gmt":"2021-08-18T14:44:57","slug":"revizori-cesljali-fucz-evo-sto-su-utvrdili-o-respiratorima-i-kcus-u","status":"publish","type":"post","link":"https:\/\/radioljubuski.ba\/index.php\/2021\/08\/18\/revizori-cesljali-fucz-evo-sto-su-utvrdili-o-respiratorima-i-kcus-u\/","title":{"rendered":"Revizori &#8220;\u010de\u0161ljali&#8221; FUCZ, evo \u0161to su utvrdili o respiratorima i KCUS-u"},"content":{"rendered":"\n<p>Nabavke robe za koju su zaklju\u010deni ugovori u vrijednosti od 2.431.605 KM nisu provedene u skladu s procedurama propisanim Zakonom o javnim nabavkama. Naveli su to iz Ureda za reviziju institucija FBiH u izvje\u0161taju za Federalnu upravu civilne za\u0161tite za 2020. godinu.<\/p>\n\n\n\n<p>&#8220;Ne mo\u017eemo potvrditi njihovu hitnost s obzirom na rokove isporuke, stanje robe na kraju godine, kao i na \u010dinjenicu da sva roba nije isporu\u010dena&#8221;, naveli su revizori izvje\u0161tavaju\u0107i o radu FUCZ-a u pro\u0161loj godini, u kojoj je ovu instituciju potresao i skandal u vezi s nabavkom spornih respiratora iz Kine.<\/p>\n\n\n\n<p>Izuzeta originalna dokumentacija<\/p>\n\n\n\n<p>&#8220;U Tu\u017eitljstvu Bosne i Hercegovine pokrenut je istra\u017eni postupak u vezi s provo\u0111enjem javnih nabavki u 2020. godini, zbog \u010dega je izuzeta originalna dokumentacija koja se odnosi na nabavke u ukupnom iznosu od 18.519.696 KM. Zbog toga imamo ograni\u010denje u obimu revizije u dijelu pribavljanja dovoljnih dokaza za proces javnih nabavki&#8221;, navode revizori.<\/p>\n\n\n\n<p>Kako su precizirali, prezentirana je dokumentacija na osnovu koje su nadle\u017ene institucije &#8211; Tu\u017eiteljstvo BiH, Dr\u017eavna agencija za istrage i za\u0161titu, Op\u0107inski sud Sarajevo izuzele dokumentaciju vezanu za nabavku medicinske opreme i medicinskog materijala, tako da su u tom dijelu revizori imali ograni\u010denje revizije i to nije predmet revizijskih postupaka.<\/p>\n\n\n\n<p>Radi se o sljede\u0107im nabavkama:<\/p>\n\n\n\n<p>&#8220;F.H. Srebrena malina&#8221; Srebrenica za nabavku 100 komada invazivnih respiratora ACM812A ugovorne vrijednosti u iznosu od 10.530.000 KM<br>&#8220;Erkona&#8221; Sarajevo za nabavku 150.000 komada testova za virus u vrijednosti od 4.625.303 KM<\/p>\n\n\n\n<p>&#8220;Cubicus&#8221; Sarajevo za nabavku 20.000 komada testova za virus i testova i reagensa za virus u vrijednosti od 1.365.390 KM<\/p>\n\n\n\n<p>&#8220;Minerva Medica&#8221; Sarajevo za nabavku PCR testova u iznosu od 1.343.160 KM<\/p>\n\n\n\n<p>&#8220;Development Balkan Group&#8221; za nabavku 30.000 komada medicinskih maski i 1.000 komada jednokratnih medicinskih sterilnih kombinezona ugovorene vrijednosti od 759.096 KM<\/p>\n\n\n\n<p>Dokumentacija vezana za raspodjelu, verifikaciju, instalaciju i odr\u017eavanje aparata za mehani\u010dku ventilaciju<\/p>\n\n\n\n<p>Izvr\u0161enim uvidom u provedene nabavke revizori su konstatirali da su na osnovu dostavljenih ponuda zaklju\u010divani ugovori o kupoprodaji robe.<\/p>\n\n\n\n<p>KCUS nije imao status federalne slu\u017ebe<\/p>\n\n\n\n<p>&#8220;Me\u0111utim, nije nam prezentirano na koji na\u010din su odabrane ponude, odnosno kako su obavije\u0161teni ponu\u0111a\u010di o potrebi nabavke vrste i koli\u010dine robe i na koji na\u010din su utvr\u0111ene specifikacije i karakteristike robe&#8221;, navedeno je, izme\u0111u ostalog, u izvje\u0161taju.<\/p>\n\n\n\n<p>Me\u0111u istaknutim pitanjima je i da s Klini\u010dkim centrom Univerziteta u Sarajevu nije zaklju\u010den ugovor o me\u0111usobnim pravima i obavezama, jer nisu ispunjeni uvjeti utvr\u0111eni Uredbom o organiziranju slu\u017ebi za\u0161tite i spa\u0161avanja FBiH, \u0161to zna\u010di da ova ustanova u 2020. godini nije imala status federalne slu\u017ebe za za\u0161titu i spa\u0161avanje za medicinsku pomo\u0107, pi\u0161e <a href=\"https:\/\/www.klix.ba\/vijesti\/bih\/revizori-cesljali-fucz-evo-sta-su-utvrdili-o-respiratorima-i-kcus-u\/210818072\">Klix.ba<\/a>.<\/p>\n\n\n\n<p>Izvor:klix.ba<\/p>\n","protected":false},"excerpt":{"rendered":"<p>Nabavke robe za koju su zaklju\u010deni ugovori u vrijednosti od 2.431.605 KM nisu provedene u skladu s procedurama propisanim Zakonom o javnim nabavkama. Naveli su to iz Ureda za reviziju institucija FBiH u izvje\u0161taju za Federalnu upravu civilne za\u0161tite za 2020. godinu. &#8220;Ne mo\u017eemo potvrditi njihovu hitnost s obzirom na rokove isporuke, stanje robe na [&hellip;]<\/p>\n","protected":false},"author":2,"featured_media":54593,"comment_status":"closed","ping_status":"closed","sticky":false,"template":"","format":"standard","meta":{"h5ap_radio_sources":[],"footnotes":""},"categories":[1],"tags":[],"class_list":["post-54592","post","type-post","status-publish","format-standard","has-post-thumbnail","hentry","category-bihiregija"],"yoast_head":"<!-- This site is optimized with the Yoast SEO plugin v27.4 - https:\/\/yoast.com\/product\/yoast-seo-wordpress\/ -->\n<title>Revizori &quot;\u010de\u0161ljali&quot; FUCZ, evo \u0161to su utvrdili o respiratorima i KCUS-u - RADIO LJUBU\u0160KI<\/title>\n<meta name=\"robots\" content=\"index, follow, max-snippet:-1, max-image-preview:large, max-video-preview:-1\" \/>\n<link rel=\"canonical\" href=\"https:\/\/radioljubuski.ba\/index.php\/2021\/08\/18\/revizori-cesljali-fucz-evo-sto-su-utvrdili-o-respiratorima-i-kcus-u\/\" \/>\n<meta property=\"og:locale\" content=\"hr_HR\" \/>\n<meta property=\"og:type\" content=\"article\" \/>\n<meta property=\"og:title\" content=\"Revizori &quot;\u010de\u0161ljali&quot; FUCZ, evo \u0161to su utvrdili o respiratorima i KCUS-u - RADIO LJUBU\u0160KI\" \/>\n<meta property=\"og:description\" content=\"Nabavke robe za koju su zaklju\u010deni ugovori u vrijednosti od 2.431.605 KM nisu provedene u skladu s procedurama propisanim Zakonom o javnim nabavkama. Naveli su to iz Ureda za reviziju institucija FBiH u izvje\u0161taju za Federalnu upravu civilne za\u0161tite za 2020. godinu. &#8220;Ne mo\u017eemo potvrditi njihovu hitnost s obzirom na rokove isporuke, stanje robe na [&hellip;]\" \/>\n<meta property=\"og:url\" content=\"https:\/\/radioljubuski.ba\/index.php\/2021\/08\/18\/revizori-cesljali-fucz-evo-sto-su-utvrdili-o-respiratorima-i-kcus-u\/\" \/>\n<meta property=\"og:site_name\" content=\"RADIO LJUBU\u0160KI\" \/>\n<meta property=\"article:publisher\" content=\"https:\/\/www.facebook.com\/Radiio-Ljubuski-1490835324566332\" \/>\n<meta property=\"article:published_time\" content=\"2021-08-18T14:44:57+00:00\" \/>\n<meta property=\"og:image\" content=\"https:\/\/radioljubuski.ba\/wp-content\/uploads\/2021\/08\/2-2021-07-14-07-36-57-Revizija-knjiga.jpg\" \/>\n\t<meta property=\"og:image:width\" content=\"1000\" \/>\n\t<meta property=\"og:image:height\" content=\"625\" \/>\n\t<meta property=\"og:image:type\" content=\"image\/jpeg\" \/>\n<meta name=\"author\" content=\"Radio Ljubu\u0161ki\" \/>\n<meta name=\"twitter:card\" content=\"summary_large_image\" \/>\n<meta name=\"twitter:creator\" content=\"@radioljubuski\" \/>\n<meta name=\"twitter:site\" content=\"@radioljubuski\" \/>\n<meta name=\"twitter:label1\" content=\"Napisao\/la\" \/>\n\t<meta name=\"twitter:data1\" content=\"Radio Ljubu\u0161ki\" \/>\n\t<meta name=\"twitter:label2\" content=\"Procijenjeno vrijeme \u010ditanja\" \/>\n\t<meta name=\"twitter:data2\" content=\"2 minute\" \/>\n<script type=\"application\/ld+json\" class=\"yoast-schema-graph\">{\"@context\":\"https:\\\/\\\/schema.org\",\"@graph\":[{\"@type\":\"Article\",\"@id\":\"https:\\\/\\\/radioljubuski.ba\\\/index.php\\\/2021\\\/08\\\/18\\\/revizori-cesljali-fucz-evo-sto-su-utvrdili-o-respiratorima-i-kcus-u\\\/#article\",\"isPartOf\":{\"@id\":\"https:\\\/\\\/radioljubuski.ba\\\/index.php\\\/2021\\\/08\\\/18\\\/revizori-cesljali-fucz-evo-sto-su-utvrdili-o-respiratorima-i-kcus-u\\\/\"},\"author\":{\"name\":\"Radio Ljubu\u0161ki\",\"@id\":\"https:\\\/\\\/radioljubuski.ba\\\/#\\\/schema\\\/person\\\/19fc700381a780f69665d7956c469e3b\"},\"headline\":\"Revizori &#8220;\u010de\u0161ljali&#8221; FUCZ, evo \u0161to su utvrdili o respiratorima i KCUS-u\",\"datePublished\":\"2021-08-18T14:44:57+00:00\",\"mainEntityOfPage\":{\"@id\":\"https:\\\/\\\/radioljubuski.ba\\\/index.php\\\/2021\\\/08\\\/18\\\/revizori-cesljali-fucz-evo-sto-su-utvrdili-o-respiratorima-i-kcus-u\\\/\"},\"wordCount\":468,\"publisher\":{\"@id\":\"https:\\\/\\\/radioljubuski.ba\\\/#organization\"},\"image\":{\"@id\":\"https:\\\/\\\/radioljubuski.ba\\\/index.php\\\/2021\\\/08\\\/18\\\/revizori-cesljali-fucz-evo-sto-su-utvrdili-o-respiratorima-i-kcus-u\\\/#primaryimage\"},\"thumbnailUrl\":\"https:\\\/\\\/radioljubuski.ba\\\/wp-content\\\/uploads\\\/2021\\\/08\\\/2-2021-07-14-07-36-57-Revizija-knjiga.jpg\",\"articleSection\":[\"BIH i regija\"],\"inLanguage\":\"hr\"},{\"@type\":\"WebPage\",\"@id\":\"https:\\\/\\\/radioljubuski.ba\\\/index.php\\\/2021\\\/08\\\/18\\\/revizori-cesljali-fucz-evo-sto-su-utvrdili-o-respiratorima-i-kcus-u\\\/\",\"url\":\"https:\\\/\\\/radioljubuski.ba\\\/index.php\\\/2021\\\/08\\\/18\\\/revizori-cesljali-fucz-evo-sto-su-utvrdili-o-respiratorima-i-kcus-u\\\/\",\"name\":\"Revizori \\\"\u010de\u0161ljali\\\" FUCZ, evo \u0161to su utvrdili o respiratorima i KCUS-u - RADIO LJUBU\u0160KI\",\"isPartOf\":{\"@id\":\"https:\\\/\\\/radioljubuski.ba\\\/#website\"},\"primaryImageOfPage\":{\"@id\":\"https:\\\/\\\/radioljubuski.ba\\\/index.php\\\/2021\\\/08\\\/18\\\/revizori-cesljali-fucz-evo-sto-su-utvrdili-o-respiratorima-i-kcus-u\\\/#primaryimage\"},\"image\":{\"@id\":\"https:\\\/\\\/radioljubuski.ba\\\/index.php\\\/2021\\\/08\\\/18\\\/revizori-cesljali-fucz-evo-sto-su-utvrdili-o-respiratorima-i-kcus-u\\\/#primaryimage\"},\"thumbnailUrl\":\"https:\\\/\\\/radioljubuski.ba\\\/wp-content\\\/uploads\\\/2021\\\/08\\\/2-2021-07-14-07-36-57-Revizija-knjiga.jpg\",\"datePublished\":\"2021-08-18T14:44:57+00:00\",\"breadcrumb\":{\"@id\":\"https:\\\/\\\/radioljubuski.ba\\\/index.php\\\/2021\\\/08\\\/18\\\/revizori-cesljali-fucz-evo-sto-su-utvrdili-o-respiratorima-i-kcus-u\\\/#breadcrumb\"},\"inLanguage\":\"hr\",\"potentialAction\":[{\"@type\":\"ReadAction\",\"target\":[\"https:\\\/\\\/radioljubuski.ba\\\/index.php\\\/2021\\\/08\\\/18\\\/revizori-cesljali-fucz-evo-sto-su-utvrdili-o-respiratorima-i-kcus-u\\\/\"]}]},{\"@type\":\"ImageObject\",\"inLanguage\":\"hr\",\"@id\":\"https:\\\/\\\/radioljubuski.ba\\\/index.php\\\/2021\\\/08\\\/18\\\/revizori-cesljali-fucz-evo-sto-su-utvrdili-o-respiratorima-i-kcus-u\\\/#primaryimage\",\"url\":\"https:\\\/\\\/radioljubuski.ba\\\/wp-content\\\/uploads\\\/2021\\\/08\\\/2-2021-07-14-07-36-57-Revizija-knjiga.jpg\",\"contentUrl\":\"https:\\\/\\\/radioljubuski.ba\\\/wp-content\\\/uploads\\\/2021\\\/08\\\/2-2021-07-14-07-36-57-Revizija-knjiga.jpg\",\"width\":1000,\"height\":625},{\"@type\":\"BreadcrumbList\",\"@id\":\"https:\\\/\\\/radioljubuski.ba\\\/index.php\\\/2021\\\/08\\\/18\\\/revizori-cesljali-fucz-evo-sto-su-utvrdili-o-respiratorima-i-kcus-u\\\/#breadcrumb\",\"itemListElement\":[{\"@type\":\"ListItem\",\"position\":1,\"name\":\"Po\u010detna stranica\",\"item\":\"https:\\\/\\\/radioljubuski.ba\\\/\"},{\"@type\":\"ListItem\",\"position\":2,\"name\":\"Revizori &#8220;\u010de\u0161ljali&#8221; FUCZ, evo \u0161to su utvrdili o respiratorima i KCUS-u\"}]},{\"@type\":\"WebSite\",\"@id\":\"https:\\\/\\\/radioljubuski.ba\\\/#website\",\"url\":\"https:\\\/\\\/radioljubuski.ba\\\/\",\"name\":\"Radio Ljubu\u0161ki\",\"description\":\"Sun\u010dana frekvencija Hercegovine\",\"publisher\":{\"@id\":\"https:\\\/\\\/radioljubuski.ba\\\/#organization\"},\"potentialAction\":[{\"@type\":\"SearchAction\",\"target\":{\"@type\":\"EntryPoint\",\"urlTemplate\":\"https:\\\/\\\/radioljubuski.ba\\\/?s={search_term_string}\"},\"query-input\":{\"@type\":\"PropertyValueSpecification\",\"valueRequired\":true,\"valueName\":\"search_term_string\"}}],\"inLanguage\":\"hr\"},{\"@type\":\"Organization\",\"@id\":\"https:\\\/\\\/radioljubuski.ba\\\/#organization\",\"name\":\"Radio Ljubu\u0161ki\",\"url\":\"https:\\\/\\\/radioljubuski.ba\\\/\",\"logo\":{\"@type\":\"ImageObject\",\"inLanguage\":\"hr\",\"@id\":\"https:\\\/\\\/radioljubuski.ba\\\/#\\\/schema\\\/logo\\\/image\\\/\",\"url\":\"https:\\\/\\\/radioljubuski.ba\\\/wp-content\\\/uploads\\\/2021\\\/02\\\/cropped-Radio_Ljubuski_logo1.jpg\",\"contentUrl\":\"https:\\\/\\\/radioljubuski.ba\\\/wp-content\\\/uploads\\\/2021\\\/02\\\/cropped-Radio_Ljubuski_logo1.jpg\",\"width\":512,\"height\":512,\"caption\":\"Radio Ljubu\u0161ki\"},\"image\":{\"@id\":\"https:\\\/\\\/radioljubuski.ba\\\/#\\\/schema\\\/logo\\\/image\\\/\"},\"sameAs\":[\"https:\\\/\\\/www.facebook.com\\\/Radiio-Ljubuski-1490835324566332\",\"https:\\\/\\\/x.com\\\/radioljubuski\",\"https:\\\/\\\/hr.linkedin.com\\\/company\\\/radio-ljubuski\",\"https:\\\/\\\/www.youtube.com\\\/channel\\\/UCHYaeO_n0Db3tjNGudGpXyw\"]},{\"@type\":\"Person\",\"@id\":\"https:\\\/\\\/radioljubuski.ba\\\/#\\\/schema\\\/person\\\/19fc700381a780f69665d7956c469e3b\",\"name\":\"Radio Ljubu\u0161ki\"}]}<\/script>\n<!-- \/ Yoast SEO plugin. -->","yoast_head_json":{"title":"Revizori \"\u010de\u0161ljali\" FUCZ, evo \u0161to su utvrdili o respiratorima i KCUS-u - RADIO LJUBU\u0160KI","robots":{"index":"index","follow":"follow","max-snippet":"max-snippet:-1","max-image-preview":"max-image-preview:large","max-video-preview":"max-video-preview:-1"},"canonical":"https:\/\/radioljubuski.ba\/index.php\/2021\/08\/18\/revizori-cesljali-fucz-evo-sto-su-utvrdili-o-respiratorima-i-kcus-u\/","og_locale":"hr_HR","og_type":"article","og_title":"Revizori \"\u010de\u0161ljali\" FUCZ, evo \u0161to su utvrdili o respiratorima i KCUS-u - RADIO LJUBU\u0160KI","og_description":"Nabavke robe za koju su zaklju\u010deni ugovori u vrijednosti od 2.431.605 KM nisu provedene u skladu s procedurama propisanim Zakonom o javnim nabavkama. Naveli su to iz Ureda za reviziju institucija FBiH u izvje\u0161taju za Federalnu upravu civilne za\u0161tite za 2020. godinu. &#8220;Ne mo\u017eemo potvrditi njihovu hitnost s obzirom na rokove isporuke, stanje robe na [&hellip;]","og_url":"https:\/\/radioljubuski.ba\/index.php\/2021\/08\/18\/revizori-cesljali-fucz-evo-sto-su-utvrdili-o-respiratorima-i-kcus-u\/","og_site_name":"RADIO LJUBU\u0160KI","article_publisher":"https:\/\/www.facebook.com\/Radiio-Ljubuski-1490835324566332","article_published_time":"2021-08-18T14:44:57+00:00","og_image":[{"width":1000,"height":625,"url":"https:\/\/radioljubuski.ba\/wp-content\/uploads\/2021\/08\/2-2021-07-14-07-36-57-Revizija-knjiga.jpg","type":"image\/jpeg"}],"author":"Radio Ljubu\u0161ki","twitter_card":"summary_large_image","twitter_creator":"@radioljubuski","twitter_site":"@radioljubuski","twitter_misc":{"Napisao\/la":"Radio Ljubu\u0161ki","Procijenjeno vrijeme \u010ditanja":"2 minute"},"schema":{"@context":"https:\/\/schema.org","@graph":[{"@type":"Article","@id":"https:\/\/radioljubuski.ba\/index.php\/2021\/08\/18\/revizori-cesljali-fucz-evo-sto-su-utvrdili-o-respiratorima-i-kcus-u\/#article","isPartOf":{"@id":"https:\/\/radioljubuski.ba\/index.php\/2021\/08\/18\/revizori-cesljali-fucz-evo-sto-su-utvrdili-o-respiratorima-i-kcus-u\/"},"author":{"name":"Radio Ljubu\u0161ki","@id":"https:\/\/radioljubuski.ba\/#\/schema\/person\/19fc700381a780f69665d7956c469e3b"},"headline":"Revizori &#8220;\u010de\u0161ljali&#8221; FUCZ, evo \u0161to su utvrdili o respiratorima i KCUS-u","datePublished":"2021-08-18T14:44:57+00:00","mainEntityOfPage":{"@id":"https:\/\/radioljubuski.ba\/index.php\/2021\/08\/18\/revizori-cesljali-fucz-evo-sto-su-utvrdili-o-respiratorima-i-kcus-u\/"},"wordCount":468,"publisher":{"@id":"https:\/\/radioljubuski.ba\/#organization"},"image":{"@id":"https:\/\/radioljubuski.ba\/index.php\/2021\/08\/18\/revizori-cesljali-fucz-evo-sto-su-utvrdili-o-respiratorima-i-kcus-u\/#primaryimage"},"thumbnailUrl":"https:\/\/radioljubuski.ba\/wp-content\/uploads\/2021\/08\/2-2021-07-14-07-36-57-Revizija-knjiga.jpg","articleSection":["BIH i regija"],"inLanguage":"hr"},{"@type":"WebPage","@id":"https:\/\/radioljubuski.ba\/index.php\/2021\/08\/18\/revizori-cesljali-fucz-evo-sto-su-utvrdili-o-respiratorima-i-kcus-u\/","url":"https:\/\/radioljubuski.ba\/index.php\/2021\/08\/18\/revizori-cesljali-fucz-evo-sto-su-utvrdili-o-respiratorima-i-kcus-u\/","name":"Revizori \"\u010de\u0161ljali\" FUCZ, evo \u0161to su utvrdili o respiratorima i KCUS-u - RADIO LJUBU\u0160KI","isPartOf":{"@id":"https:\/\/radioljubuski.ba\/#website"},"primaryImageOfPage":{"@id":"https:\/\/radioljubuski.ba\/index.php\/2021\/08\/18\/revizori-cesljali-fucz-evo-sto-su-utvrdili-o-respiratorima-i-kcus-u\/#primaryimage"},"image":{"@id":"https:\/\/radioljubuski.ba\/index.php\/2021\/08\/18\/revizori-cesljali-fucz-evo-sto-su-utvrdili-o-respiratorima-i-kcus-u\/#primaryimage"},"thumbnailUrl":"https:\/\/radioljubuski.ba\/wp-content\/uploads\/2021\/08\/2-2021-07-14-07-36-57-Revizija-knjiga.jpg","datePublished":"2021-08-18T14:44:57+00:00","breadcrumb":{"@id":"https:\/\/radioljubuski.ba\/index.php\/2021\/08\/18\/revizori-cesljali-fucz-evo-sto-su-utvrdili-o-respiratorima-i-kcus-u\/#breadcrumb"},"inLanguage":"hr","potentialAction":[{"@type":"ReadAction","target":["https:\/\/radioljubuski.ba\/index.php\/2021\/08\/18\/revizori-cesljali-fucz-evo-sto-su-utvrdili-o-respiratorima-i-kcus-u\/"]}]},{"@type":"ImageObject","inLanguage":"hr","@id":"https:\/\/radioljubuski.ba\/index.php\/2021\/08\/18\/revizori-cesljali-fucz-evo-sto-su-utvrdili-o-respiratorima-i-kcus-u\/#primaryimage","url":"https:\/\/radioljubuski.ba\/wp-content\/uploads\/2021\/08\/2-2021-07-14-07-36-57-Revizija-knjiga.jpg","contentUrl":"https:\/\/radioljubuski.ba\/wp-content\/uploads\/2021\/08\/2-2021-07-14-07-36-57-Revizija-knjiga.jpg","width":1000,"height":625},{"@type":"BreadcrumbList","@id":"https:\/\/radioljubuski.ba\/index.php\/2021\/08\/18\/revizori-cesljali-fucz-evo-sto-su-utvrdili-o-respiratorima-i-kcus-u\/#breadcrumb","itemListElement":[{"@type":"ListItem","position":1,"name":"Po\u010detna stranica","item":"https:\/\/radioljubuski.ba\/"},{"@type":"ListItem","position":2,"name":"Revizori &#8220;\u010de\u0161ljali&#8221; FUCZ, evo \u0161to su utvrdili o respiratorima i KCUS-u"}]},{"@type":"WebSite","@id":"https:\/\/radioljubuski.ba\/#website","url":"https:\/\/radioljubuski.ba\/","name":"Radio Ljubu\u0161ki","description":"Sun\u010dana frekvencija Hercegovine","publisher":{"@id":"https:\/\/radioljubuski.ba\/#organization"},"potentialAction":[{"@type":"SearchAction","target":{"@type":"EntryPoint","urlTemplate":"https:\/\/radioljubuski.ba\/?s={search_term_string}"},"query-input":{"@type":"PropertyValueSpecification","valueRequired":true,"valueName":"search_term_string"}}],"inLanguage":"hr"},{"@type":"Organization","@id":"https:\/\/radioljubuski.ba\/#organization","name":"Radio Ljubu\u0161ki","url":"https:\/\/radioljubuski.ba\/","logo":{"@type":"ImageObject","inLanguage":"hr","@id":"https:\/\/radioljubuski.ba\/#\/schema\/logo\/image\/","url":"https:\/\/radioljubuski.ba\/wp-content\/uploads\/2021\/02\/cropped-Radio_Ljubuski_logo1.jpg","contentUrl":"https:\/\/radioljubuski.ba\/wp-content\/uploads\/2021\/02\/cropped-Radio_Ljubuski_logo1.jpg","width":512,"height":512,"caption":"Radio Ljubu\u0161ki"},"image":{"@id":"https:\/\/radioljubuski.ba\/#\/schema\/logo\/image\/"},"sameAs":["https:\/\/www.facebook.com\/Radiio-Ljubuski-1490835324566332","https:\/\/x.com\/radioljubuski","https:\/\/hr.linkedin.com\/company\/radio-ljubuski","https:\/\/www.youtube.com\/channel\/UCHYaeO_n0Db3tjNGudGpXyw"]},{"@type":"Person","@id":"https:\/\/radioljubuski.ba\/#\/schema\/person\/19fc700381a780f69665d7956c469e3b","name":"Radio Ljubu\u0161ki"}]}},"_links":{"self":[{"href":"https:\/\/radioljubuski.ba\/index.php\/wp-json\/wp\/v2\/posts\/54592","targetHints":{"allow":["GET"]}}],"collection":[{"href":"https:\/\/radioljubuski.ba\/index.php\/wp-json\/wp\/v2\/posts"}],"about":[{"href":"https:\/\/radioljubuski.ba\/index.php\/wp-json\/wp\/v2\/types\/post"}],"author":[{"embeddable":true,"href":"https:\/\/radioljubuski.ba\/index.php\/wp-json\/wp\/v2\/users\/2"}],"replies":[{"embeddable":true,"href":"https:\/\/radioljubuski.ba\/index.php\/wp-json\/wp\/v2\/comments?post=54592"}],"version-history":[{"count":1,"href":"https:\/\/radioljubuski.ba\/index.php\/wp-json\/wp\/v2\/posts\/54592\/revisions"}],"predecessor-version":[{"id":54594,"href":"https:\/\/radioljubuski.ba\/index.php\/wp-json\/wp\/v2\/posts\/54592\/revisions\/54594"}],"wp:featuredmedia":[{"embeddable":true,"href":"https:\/\/radioljubuski.ba\/index.php\/wp-json\/wp\/v2\/media\/54593"}],"wp:attachment":[{"href":"https:\/\/radioljubuski.ba\/index.php\/wp-json\/wp\/v2\/media?parent=54592"}],"wp:term":[{"taxonomy":"category","embeddable":true,"href":"https:\/\/radioljubuski.ba\/index.php\/wp-json\/wp\/v2\/categories?post=54592"},{"taxonomy":"post_tag","embeddable":true,"href":"https:\/\/radioljubuski.ba\/index.php\/wp-json\/wp\/v2\/tags?post=54592"}],"curies":[{"name":"wp","href":"https:\/\/api.w.org\/{rel}","templated":true}]}}