{"id":5460,"date":"2021-03-21T01:26:53","date_gmt":"2021-03-21T00:26:53","guid":{"rendered":"https:\/\/radioljubuski.ba\/?p=5460"},"modified":"2021-03-21T01:26:54","modified_gmt":"2021-03-21T00:26:54","slug":"obiljezavanje-medunarodnog-dana-osoba-s-down-sindromom-u-mostaru","status":"publish","type":"post","link":"https:\/\/radioljubuski.ba\/index.php\/2021\/03\/21\/obiljezavanje-medunarodnog-dana-osoba-s-down-sindromom-u-mostaru\/","title":{"rendered":"Obilje\u017eavanje Me\u0111unarodnog dana osoba s Down sindromom u Mostaru"},"content":{"rendered":"\n<p>Klub studenata edukacijske rehabilitacije \u201eERGO\u201c koji djeluje pri Fakultetu prirodoslovno-matemati\u010dkih i odgojnih znanosti Sveu\u010dili\u0161ta u Mostaru i Udruga za Down sindrom Mostar zajedno obilje\u017eavaju Me\u0111unarodni dan osoba s Down sindromom u nedjelju, 21. o\u017eujka, na \u0160panjolskom trgu u Mostaru, u vremenu od 16 do 17 sati. Studenti volonteri \u0107e na svje\u017eem zraku i uz po\u0161tivanje epidemiolo\u0161kih mjera omogu\u0107iti prolaznicima da prika\u010de \u0161arene \u010darapice te tako doprinesu njihovoj ovogodi\u0161njoj vodilji \u201ePove\u017eimo se i budimo pokreta\u010di pozitivnih promjena\u201c. \u0160arene \u010darapice, \u0161tipaljke i motivacijske kartice dijelit \u0107e volonteri. Naravno, mo\u017eete donijeti i svoje \u010darapice i postaviti ih na predodre\u0111eno mjesto.<\/p>\n\n\n\n<p>Down sindrom jedan je od naj\u010de\u0161\u0107ih genetskih poreme\u0107aja te se prosje\u010dno pojavljuje kod jednog od 650 djece. Nastaje uslijed vi\u0161ka jednog kromosoma \u2013 umjesto 46 kromosoma, dijete s Down sindromom ih ima 47, zbog \u010dega dolazi do te\u0161ko\u0107a u fizi\u010dkom i kongnitivnom razvoju djeteta. Naziva se jo\u0161 i poreme\u0107aj 21. kromosoma jer upravo na tom kromosomu dolazi do trisomije. Iz te \u010dinjenice nastao je i datum obilje\u017eavanja dana osoba s Down sindromom jer 21. 3. simbolizira tri kromosoma u 21. paru, a \u0161arene \u010darapice koje \u0107emo vje\u0161ati postale su simbol ovoga dana jer izgledom podsje\u0107aju na kromosome te predstavljaju razli\u010ditost na 21. kromosomskom paru koja je karakteristi\u010dna samo za Down sindrom.<\/p>\n\n\n\n<p>-Osobe s Down sindromom potrebno je uklju\u010diti u dru\u0161tvo, omogu\u0107iti im pravo na inkluzivno obrazovanje, rad i zapo\u0161ljavanje te uva\u017eavati njihovo ljudsko dostojanstvo. Doprinesimo tomu simboli\u010dnim vje\u0161anjem \u0161arenih \u010darapica i tako u\u010dinimo prvi, mali korak u stvaranju pozitivnih promjena i u ovom pomalo \u201e\u010dudnom\u201c vremenu na jedan dan obojimo svijet u sve boje kao \u0161to to uvijek nasmijana lica rade osobe s Down sindromom. Educirajmo se, podi\u017eimo svijest, pove\u017eimo se! &#8211; navodi se u priop\u0107enju.&nbsp;<\/p>\n\n\n\n<p>Izvor:pogled.ba<\/p>\n","protected":false},"excerpt":{"rendered":"<p>Klub studenata edukacijske rehabilitacije \u201eERGO\u201c koji djeluje pri Fakultetu prirodoslovno-matemati\u010dkih i odgojnih znanosti Sveu\u010dili\u0161ta u Mostaru i Udruga za Down sindrom Mostar zajedno obilje\u017eavaju Me\u0111unarodni dan osoba s Down sindromom u nedjelju, 21. o\u017eujka, na \u0160panjolskom trgu u Mostaru, u vremenu od 16 do 17 sati. Studenti volonteri \u0107e na svje\u017eem zraku i uz po\u0161tivanje [&hellip;]<\/p>\n","protected":false},"author":2,"featured_media":5461,"comment_status":"closed","ping_status":"closed","sticky":false,"template":"","format":"standard","meta":{"h5ap_radio_sources":[],"footnotes":""},"categories":[1],"tags":[],"class_list":["post-5460","post","type-post","status-publish","format-standard","has-post-thumbnail","hentry","category-bihiregija"],"yoast_head":"<!-- This site is optimized with the Yoast SEO plugin v27.4 - https:\/\/yoast.com\/product\/yoast-seo-wordpress\/ -->\n<title>Obilje\u017eavanje Me\u0111unarodnog dana osoba s Down sindromom u Mostaru - RADIO LJUBU\u0160KI<\/title>\n<meta name=\"robots\" content=\"index, follow, max-snippet:-1, max-image-preview:large, max-video-preview:-1\" \/>\n<link rel=\"canonical\" href=\"https:\/\/radioljubuski.ba\/index.php\/2021\/03\/21\/obiljezavanje-medunarodnog-dana-osoba-s-down-sindromom-u-mostaru\/\" \/>\n<meta property=\"og:locale\" content=\"hr_HR\" \/>\n<meta property=\"og:type\" content=\"article\" \/>\n<meta property=\"og:title\" content=\"Obilje\u017eavanje Me\u0111unarodnog dana osoba s Down sindromom u Mostaru - RADIO LJUBU\u0160KI\" \/>\n<meta property=\"og:description\" content=\"Klub studenata edukacijske rehabilitacije \u201eERGO\u201c koji djeluje pri Fakultetu prirodoslovno-matemati\u010dkih i odgojnih znanosti Sveu\u010dili\u0161ta u Mostaru i Udruga za Down sindrom Mostar zajedno obilje\u017eavaju Me\u0111unarodni dan osoba s Down sindromom u nedjelju, 21. o\u017eujka, na \u0160panjolskom trgu u Mostaru, u vremenu od 16 do 17 sati. Studenti volonteri \u0107e na svje\u017eem zraku i uz po\u0161tivanje [&hellip;]\" \/>\n<meta property=\"og:url\" content=\"https:\/\/radioljubuski.ba\/index.php\/2021\/03\/21\/obiljezavanje-medunarodnog-dana-osoba-s-down-sindromom-u-mostaru\/\" \/>\n<meta property=\"og:site_name\" content=\"RADIO LJUBU\u0160KI\" \/>\n<meta property=\"article:publisher\" content=\"https:\/\/www.facebook.com\/Radiio-Ljubuski-1490835324566332\" \/>\n<meta property=\"article:published_time\" content=\"2021-03-21T00:26:53+00:00\" \/>\n<meta property=\"article:modified_time\" content=\"2021-03-21T00:26:54+00:00\" \/>\n<meta property=\"og:image\" content=\"https:\/\/radioljubuski.ba\/wp-content\/uploads\/2021\/03\/2-2021-03-20-17-31-07-af55bc53-8174-4c53-8ffa-6e50bd33bf8e.jpg\" \/>\n\t<meta property=\"og:image:width\" content=\"1000\" \/>\n\t<meta property=\"og:image:height\" content=\"625\" \/>\n\t<meta property=\"og:image:type\" content=\"image\/jpeg\" \/>\n<meta name=\"author\" content=\"Radio Ljubu\u0161ki\" \/>\n<meta name=\"twitter:card\" content=\"summary_large_image\" \/>\n<meta name=\"twitter:creator\" content=\"@radioljubuski\" \/>\n<meta name=\"twitter:site\" content=\"@radioljubuski\" \/>\n<meta name=\"twitter:label1\" content=\"Napisao\/la\" \/>\n\t<meta name=\"twitter:data1\" content=\"Radio Ljubu\u0161ki\" \/>\n\t<meta name=\"twitter:label2\" content=\"Procijenjeno vrijeme \u010ditanja\" \/>\n\t<meta name=\"twitter:data2\" content=\"2 minute\" \/>\n<script type=\"application\/ld+json\" class=\"yoast-schema-graph\">{\"@context\":\"https:\\\/\\\/schema.org\",\"@graph\":[{\"@type\":\"Article\",\"@id\":\"https:\\\/\\\/radioljubuski.ba\\\/index.php\\\/2021\\\/03\\\/21\\\/obiljezavanje-medunarodnog-dana-osoba-s-down-sindromom-u-mostaru\\\/#article\",\"isPartOf\":{\"@id\":\"https:\\\/\\\/radioljubuski.ba\\\/index.php\\\/2021\\\/03\\\/21\\\/obiljezavanje-medunarodnog-dana-osoba-s-down-sindromom-u-mostaru\\\/\"},\"author\":{\"name\":\"Radio Ljubu\u0161ki\",\"@id\":\"https:\\\/\\\/radioljubuski.ba\\\/#\\\/schema\\\/person\\\/19fc700381a780f69665d7956c469e3b\"},\"headline\":\"Obilje\u017eavanje Me\u0111unarodnog dana osoba s Down sindromom u Mostaru\",\"datePublished\":\"2021-03-21T00:26:53+00:00\",\"dateModified\":\"2021-03-21T00:26:54+00:00\",\"mainEntityOfPage\":{\"@id\":\"https:\\\/\\\/radioljubuski.ba\\\/index.php\\\/2021\\\/03\\\/21\\\/obiljezavanje-medunarodnog-dana-osoba-s-down-sindromom-u-mostaru\\\/\"},\"wordCount\":327,\"publisher\":{\"@id\":\"https:\\\/\\\/radioljubuski.ba\\\/#organization\"},\"image\":{\"@id\":\"https:\\\/\\\/radioljubuski.ba\\\/index.php\\\/2021\\\/03\\\/21\\\/obiljezavanje-medunarodnog-dana-osoba-s-down-sindromom-u-mostaru\\\/#primaryimage\"},\"thumbnailUrl\":\"https:\\\/\\\/radioljubuski.ba\\\/wp-content\\\/uploads\\\/2021\\\/03\\\/2-2021-03-20-17-31-07-af55bc53-8174-4c53-8ffa-6e50bd33bf8e.jpg\",\"articleSection\":[\"BIH i regija\"],\"inLanguage\":\"hr\"},{\"@type\":\"WebPage\",\"@id\":\"https:\\\/\\\/radioljubuski.ba\\\/index.php\\\/2021\\\/03\\\/21\\\/obiljezavanje-medunarodnog-dana-osoba-s-down-sindromom-u-mostaru\\\/\",\"url\":\"https:\\\/\\\/radioljubuski.ba\\\/index.php\\\/2021\\\/03\\\/21\\\/obiljezavanje-medunarodnog-dana-osoba-s-down-sindromom-u-mostaru\\\/\",\"name\":\"Obilje\u017eavanje Me\u0111unarodnog dana osoba s Down sindromom u Mostaru - RADIO LJUBU\u0160KI\",\"isPartOf\":{\"@id\":\"https:\\\/\\\/radioljubuski.ba\\\/#website\"},\"primaryImageOfPage\":{\"@id\":\"https:\\\/\\\/radioljubuski.ba\\\/index.php\\\/2021\\\/03\\\/21\\\/obiljezavanje-medunarodnog-dana-osoba-s-down-sindromom-u-mostaru\\\/#primaryimage\"},\"image\":{\"@id\":\"https:\\\/\\\/radioljubuski.ba\\\/index.php\\\/2021\\\/03\\\/21\\\/obiljezavanje-medunarodnog-dana-osoba-s-down-sindromom-u-mostaru\\\/#primaryimage\"},\"thumbnailUrl\":\"https:\\\/\\\/radioljubuski.ba\\\/wp-content\\\/uploads\\\/2021\\\/03\\\/2-2021-03-20-17-31-07-af55bc53-8174-4c53-8ffa-6e50bd33bf8e.jpg\",\"datePublished\":\"2021-03-21T00:26:53+00:00\",\"dateModified\":\"2021-03-21T00:26:54+00:00\",\"breadcrumb\":{\"@id\":\"https:\\\/\\\/radioljubuski.ba\\\/index.php\\\/2021\\\/03\\\/21\\\/obiljezavanje-medunarodnog-dana-osoba-s-down-sindromom-u-mostaru\\\/#breadcrumb\"},\"inLanguage\":\"hr\",\"potentialAction\":[{\"@type\":\"ReadAction\",\"target\":[\"https:\\\/\\\/radioljubuski.ba\\\/index.php\\\/2021\\\/03\\\/21\\\/obiljezavanje-medunarodnog-dana-osoba-s-down-sindromom-u-mostaru\\\/\"]}]},{\"@type\":\"ImageObject\",\"inLanguage\":\"hr\",\"@id\":\"https:\\\/\\\/radioljubuski.ba\\\/index.php\\\/2021\\\/03\\\/21\\\/obiljezavanje-medunarodnog-dana-osoba-s-down-sindromom-u-mostaru\\\/#primaryimage\",\"url\":\"https:\\\/\\\/radioljubuski.ba\\\/wp-content\\\/uploads\\\/2021\\\/03\\\/2-2021-03-20-17-31-07-af55bc53-8174-4c53-8ffa-6e50bd33bf8e.jpg\",\"contentUrl\":\"https:\\\/\\\/radioljubuski.ba\\\/wp-content\\\/uploads\\\/2021\\\/03\\\/2-2021-03-20-17-31-07-af55bc53-8174-4c53-8ffa-6e50bd33bf8e.jpg\",\"width\":1000,\"height\":625},{\"@type\":\"BreadcrumbList\",\"@id\":\"https:\\\/\\\/radioljubuski.ba\\\/index.php\\\/2021\\\/03\\\/21\\\/obiljezavanje-medunarodnog-dana-osoba-s-down-sindromom-u-mostaru\\\/#breadcrumb\",\"itemListElement\":[{\"@type\":\"ListItem\",\"position\":1,\"name\":\"Po\u010detna stranica\",\"item\":\"https:\\\/\\\/radioljubuski.ba\\\/\"},{\"@type\":\"ListItem\",\"position\":2,\"name\":\"Obilje\u017eavanje Me\u0111unarodnog dana osoba s Down sindromom u Mostaru\"}]},{\"@type\":\"WebSite\",\"@id\":\"https:\\\/\\\/radioljubuski.ba\\\/#website\",\"url\":\"https:\\\/\\\/radioljubuski.ba\\\/\",\"name\":\"Radio Ljubu\u0161ki\",\"description\":\"Sun\u010dana frekvencija Hercegovine\",\"publisher\":{\"@id\":\"https:\\\/\\\/radioljubuski.ba\\\/#organization\"},\"potentialAction\":[{\"@type\":\"SearchAction\",\"target\":{\"@type\":\"EntryPoint\",\"urlTemplate\":\"https:\\\/\\\/radioljubuski.ba\\\/?s={search_term_string}\"},\"query-input\":{\"@type\":\"PropertyValueSpecification\",\"valueRequired\":true,\"valueName\":\"search_term_string\"}}],\"inLanguage\":\"hr\"},{\"@type\":\"Organization\",\"@id\":\"https:\\\/\\\/radioljubuski.ba\\\/#organization\",\"name\":\"Radio Ljubu\u0161ki\",\"url\":\"https:\\\/\\\/radioljubuski.ba\\\/\",\"logo\":{\"@type\":\"ImageObject\",\"inLanguage\":\"hr\",\"@id\":\"https:\\\/\\\/radioljubuski.ba\\\/#\\\/schema\\\/logo\\\/image\\\/\",\"url\":\"https:\\\/\\\/radioljubuski.ba\\\/wp-content\\\/uploads\\\/2021\\\/02\\\/cropped-Radio_Ljubuski_logo1.jpg\",\"contentUrl\":\"https:\\\/\\\/radioljubuski.ba\\\/wp-content\\\/uploads\\\/2021\\\/02\\\/cropped-Radio_Ljubuski_logo1.jpg\",\"width\":512,\"height\":512,\"caption\":\"Radio Ljubu\u0161ki\"},\"image\":{\"@id\":\"https:\\\/\\\/radioljubuski.ba\\\/#\\\/schema\\\/logo\\\/image\\\/\"},\"sameAs\":[\"https:\\\/\\\/www.facebook.com\\\/Radiio-Ljubuski-1490835324566332\",\"https:\\\/\\\/x.com\\\/radioljubuski\",\"https:\\\/\\\/hr.linkedin.com\\\/company\\\/radio-ljubuski\",\"https:\\\/\\\/www.youtube.com\\\/channel\\\/UCHYaeO_n0Db3tjNGudGpXyw\"]},{\"@type\":\"Person\",\"@id\":\"https:\\\/\\\/radioljubuski.ba\\\/#\\\/schema\\\/person\\\/19fc700381a780f69665d7956c469e3b\",\"name\":\"Radio Ljubu\u0161ki\"}]}<\/script>\n<!-- \/ Yoast SEO plugin. -->","yoast_head_json":{"title":"Obilje\u017eavanje Me\u0111unarodnog dana osoba s Down sindromom u Mostaru - RADIO LJUBU\u0160KI","robots":{"index":"index","follow":"follow","max-snippet":"max-snippet:-1","max-image-preview":"max-image-preview:large","max-video-preview":"max-video-preview:-1"},"canonical":"https:\/\/radioljubuski.ba\/index.php\/2021\/03\/21\/obiljezavanje-medunarodnog-dana-osoba-s-down-sindromom-u-mostaru\/","og_locale":"hr_HR","og_type":"article","og_title":"Obilje\u017eavanje Me\u0111unarodnog dana osoba s Down sindromom u Mostaru - RADIO LJUBU\u0160KI","og_description":"Klub studenata edukacijske rehabilitacije \u201eERGO\u201c koji djeluje pri Fakultetu prirodoslovno-matemati\u010dkih i odgojnih znanosti Sveu\u010dili\u0161ta u Mostaru i Udruga za Down sindrom Mostar zajedno obilje\u017eavaju Me\u0111unarodni dan osoba s Down sindromom u nedjelju, 21. o\u017eujka, na \u0160panjolskom trgu u Mostaru, u vremenu od 16 do 17 sati. Studenti volonteri \u0107e na svje\u017eem zraku i uz po\u0161tivanje [&hellip;]","og_url":"https:\/\/radioljubuski.ba\/index.php\/2021\/03\/21\/obiljezavanje-medunarodnog-dana-osoba-s-down-sindromom-u-mostaru\/","og_site_name":"RADIO LJUBU\u0160KI","article_publisher":"https:\/\/www.facebook.com\/Radiio-Ljubuski-1490835324566332","article_published_time":"2021-03-21T00:26:53+00:00","article_modified_time":"2021-03-21T00:26:54+00:00","og_image":[{"width":1000,"height":625,"url":"https:\/\/radioljubuski.ba\/wp-content\/uploads\/2021\/03\/2-2021-03-20-17-31-07-af55bc53-8174-4c53-8ffa-6e50bd33bf8e.jpg","type":"image\/jpeg"}],"author":"Radio Ljubu\u0161ki","twitter_card":"summary_large_image","twitter_creator":"@radioljubuski","twitter_site":"@radioljubuski","twitter_misc":{"Napisao\/la":"Radio Ljubu\u0161ki","Procijenjeno vrijeme \u010ditanja":"2 minute"},"schema":{"@context":"https:\/\/schema.org","@graph":[{"@type":"Article","@id":"https:\/\/radioljubuski.ba\/index.php\/2021\/03\/21\/obiljezavanje-medunarodnog-dana-osoba-s-down-sindromom-u-mostaru\/#article","isPartOf":{"@id":"https:\/\/radioljubuski.ba\/index.php\/2021\/03\/21\/obiljezavanje-medunarodnog-dana-osoba-s-down-sindromom-u-mostaru\/"},"author":{"name":"Radio Ljubu\u0161ki","@id":"https:\/\/radioljubuski.ba\/#\/schema\/person\/19fc700381a780f69665d7956c469e3b"},"headline":"Obilje\u017eavanje Me\u0111unarodnog dana osoba s Down sindromom u Mostaru","datePublished":"2021-03-21T00:26:53+00:00","dateModified":"2021-03-21T00:26:54+00:00","mainEntityOfPage":{"@id":"https:\/\/radioljubuski.ba\/index.php\/2021\/03\/21\/obiljezavanje-medunarodnog-dana-osoba-s-down-sindromom-u-mostaru\/"},"wordCount":327,"publisher":{"@id":"https:\/\/radioljubuski.ba\/#organization"},"image":{"@id":"https:\/\/radioljubuski.ba\/index.php\/2021\/03\/21\/obiljezavanje-medunarodnog-dana-osoba-s-down-sindromom-u-mostaru\/#primaryimage"},"thumbnailUrl":"https:\/\/radioljubuski.ba\/wp-content\/uploads\/2021\/03\/2-2021-03-20-17-31-07-af55bc53-8174-4c53-8ffa-6e50bd33bf8e.jpg","articleSection":["BIH i regija"],"inLanguage":"hr"},{"@type":"WebPage","@id":"https:\/\/radioljubuski.ba\/index.php\/2021\/03\/21\/obiljezavanje-medunarodnog-dana-osoba-s-down-sindromom-u-mostaru\/","url":"https:\/\/radioljubuski.ba\/index.php\/2021\/03\/21\/obiljezavanje-medunarodnog-dana-osoba-s-down-sindromom-u-mostaru\/","name":"Obilje\u017eavanje Me\u0111unarodnog dana osoba s Down sindromom u Mostaru - RADIO LJUBU\u0160KI","isPartOf":{"@id":"https:\/\/radioljubuski.ba\/#website"},"primaryImageOfPage":{"@id":"https:\/\/radioljubuski.ba\/index.php\/2021\/03\/21\/obiljezavanje-medunarodnog-dana-osoba-s-down-sindromom-u-mostaru\/#primaryimage"},"image":{"@id":"https:\/\/radioljubuski.ba\/index.php\/2021\/03\/21\/obiljezavanje-medunarodnog-dana-osoba-s-down-sindromom-u-mostaru\/#primaryimage"},"thumbnailUrl":"https:\/\/radioljubuski.ba\/wp-content\/uploads\/2021\/03\/2-2021-03-20-17-31-07-af55bc53-8174-4c53-8ffa-6e50bd33bf8e.jpg","datePublished":"2021-03-21T00:26:53+00:00","dateModified":"2021-03-21T00:26:54+00:00","breadcrumb":{"@id":"https:\/\/radioljubuski.ba\/index.php\/2021\/03\/21\/obiljezavanje-medunarodnog-dana-osoba-s-down-sindromom-u-mostaru\/#breadcrumb"},"inLanguage":"hr","potentialAction":[{"@type":"ReadAction","target":["https:\/\/radioljubuski.ba\/index.php\/2021\/03\/21\/obiljezavanje-medunarodnog-dana-osoba-s-down-sindromom-u-mostaru\/"]}]},{"@type":"ImageObject","inLanguage":"hr","@id":"https:\/\/radioljubuski.ba\/index.php\/2021\/03\/21\/obiljezavanje-medunarodnog-dana-osoba-s-down-sindromom-u-mostaru\/#primaryimage","url":"https:\/\/radioljubuski.ba\/wp-content\/uploads\/2021\/03\/2-2021-03-20-17-31-07-af55bc53-8174-4c53-8ffa-6e50bd33bf8e.jpg","contentUrl":"https:\/\/radioljubuski.ba\/wp-content\/uploads\/2021\/03\/2-2021-03-20-17-31-07-af55bc53-8174-4c53-8ffa-6e50bd33bf8e.jpg","width":1000,"height":625},{"@type":"BreadcrumbList","@id":"https:\/\/radioljubuski.ba\/index.php\/2021\/03\/21\/obiljezavanje-medunarodnog-dana-osoba-s-down-sindromom-u-mostaru\/#breadcrumb","itemListElement":[{"@type":"ListItem","position":1,"name":"Po\u010detna stranica","item":"https:\/\/radioljubuski.ba\/"},{"@type":"ListItem","position":2,"name":"Obilje\u017eavanje Me\u0111unarodnog dana osoba s Down sindromom u Mostaru"}]},{"@type":"WebSite","@id":"https:\/\/radioljubuski.ba\/#website","url":"https:\/\/radioljubuski.ba\/","name":"Radio Ljubu\u0161ki","description":"Sun\u010dana frekvencija Hercegovine","publisher":{"@id":"https:\/\/radioljubuski.ba\/#organization"},"potentialAction":[{"@type":"SearchAction","target":{"@type":"EntryPoint","urlTemplate":"https:\/\/radioljubuski.ba\/?s={search_term_string}"},"query-input":{"@type":"PropertyValueSpecification","valueRequired":true,"valueName":"search_term_string"}}],"inLanguage":"hr"},{"@type":"Organization","@id":"https:\/\/radioljubuski.ba\/#organization","name":"Radio Ljubu\u0161ki","url":"https:\/\/radioljubuski.ba\/","logo":{"@type":"ImageObject","inLanguage":"hr","@id":"https:\/\/radioljubuski.ba\/#\/schema\/logo\/image\/","url":"https:\/\/radioljubuski.ba\/wp-content\/uploads\/2021\/02\/cropped-Radio_Ljubuski_logo1.jpg","contentUrl":"https:\/\/radioljubuski.ba\/wp-content\/uploads\/2021\/02\/cropped-Radio_Ljubuski_logo1.jpg","width":512,"height":512,"caption":"Radio Ljubu\u0161ki"},"image":{"@id":"https:\/\/radioljubuski.ba\/#\/schema\/logo\/image\/"},"sameAs":["https:\/\/www.facebook.com\/Radiio-Ljubuski-1490835324566332","https:\/\/x.com\/radioljubuski","https:\/\/hr.linkedin.com\/company\/radio-ljubuski","https:\/\/www.youtube.com\/channel\/UCHYaeO_n0Db3tjNGudGpXyw"]},{"@type":"Person","@id":"https:\/\/radioljubuski.ba\/#\/schema\/person\/19fc700381a780f69665d7956c469e3b","name":"Radio Ljubu\u0161ki"}]}},"_links":{"self":[{"href":"https:\/\/radioljubuski.ba\/index.php\/wp-json\/wp\/v2\/posts\/5460","targetHints":{"allow":["GET"]}}],"collection":[{"href":"https:\/\/radioljubuski.ba\/index.php\/wp-json\/wp\/v2\/posts"}],"about":[{"href":"https:\/\/radioljubuski.ba\/index.php\/wp-json\/wp\/v2\/types\/post"}],"author":[{"embeddable":true,"href":"https:\/\/radioljubuski.ba\/index.php\/wp-json\/wp\/v2\/users\/2"}],"replies":[{"embeddable":true,"href":"https:\/\/radioljubuski.ba\/index.php\/wp-json\/wp\/v2\/comments?post=5460"}],"version-history":[{"count":1,"href":"https:\/\/radioljubuski.ba\/index.php\/wp-json\/wp\/v2\/posts\/5460\/revisions"}],"predecessor-version":[{"id":5462,"href":"https:\/\/radioljubuski.ba\/index.php\/wp-json\/wp\/v2\/posts\/5460\/revisions\/5462"}],"wp:featuredmedia":[{"embeddable":true,"href":"https:\/\/radioljubuski.ba\/index.php\/wp-json\/wp\/v2\/media\/5461"}],"wp:attachment":[{"href":"https:\/\/radioljubuski.ba\/index.php\/wp-json\/wp\/v2\/media?parent=5460"}],"wp:term":[{"taxonomy":"category","embeddable":true,"href":"https:\/\/radioljubuski.ba\/index.php\/wp-json\/wp\/v2\/categories?post=5460"},{"taxonomy":"post_tag","embeddable":true,"href":"https:\/\/radioljubuski.ba\/index.php\/wp-json\/wp\/v2\/tags?post=5460"}],"curies":[{"name":"wp","href":"https:\/\/api.w.org\/{rel}","templated":true}]}}