{"id":54637,"date":"2021-08-18T20:23:56","date_gmt":"2021-08-18T19:23:56","guid":{"rendered":"https:\/\/radioljubuski.ba\/?p=54637"},"modified":"2021-08-18T20:23:57","modified_gmt":"2021-08-18T19:23:57","slug":"plaza-klenovica-otkrivena-velika-koncentracija-bakterije-escherichie-coli-kupaci-se-zale-na-probavne-tegobe","status":"publish","type":"post","link":"https:\/\/radioljubuski.ba\/index.php\/2021\/08\/18\/plaza-klenovica-otkrivena-velika-koncentracija-bakterije-escherichie-coli-kupaci-se-zale-na-probavne-tegobe\/","title":{"rendered":"Pla\u017ea Klenovica: Otkrivena velika koncentracija bakterije Escherichie coli, kupa\u010di se \u017eale na probavne tegobe"},"content":{"rendered":"\n<p>Koncentracija bakterije Escherichia coli na jednoj od tri lokacije na pla\u017ei Klenovica, kod skakaonice Tunera, vi\u0161a je od dopu\u0161tene i ta lokacija dobila je nezadovoljavaju\u0107u ocjenu, objavio je u srijedu Nastavni zavod za javno zdravstvo Primorsko-goranske \u017eupanije.<\/p>\n\n\n\n<p>Dodatno ispitivanje kakvo\u0107e mora provedeno je u utorak, nakon dojave o one\u010di\u0161\u0107enju mora na pla\u017ei Klenovica, na podru\u010dju Novog Vinodolskog.<\/p>\n\n\n\n<p>Ispitivanja su obavljena na po\u010detku pla\u017ee, kod objekta Marintimo, zatim na sredini pla\u017ee te na kraju pla\u017ee, pored skakaonice Tunera.<\/p>\n\n\n\n<p>Ostali rezultati provedenih analiza bit \u0107e dostupni sutradan, a o nalazu su obavje\u0161tene sve nadle\u017ene institucije, naveli su iz primorsko-goranskog Nastavnog zavoda za javno zdravstvo.<\/p>\n\n\n\n<p>Koordinatorica laboratorija za mikrobiologiju voda u \u017dupanijskom zavodu Darija Vuki\u0107 Lu\u0161i\u0107 izjavila je za Hinu da su u uzorku mora s kraja pla\u017ee, pored skakaonice Tunera, utvr\u0111ene visoke koncentracije bakterije Escherichia coli, dok su rezultati analize uzoraka s druge dvije lokacije, na po\u010detku i na sredini pla\u017ee Klenovica, za sada dobri.<\/p>\n\n\n\n<p>Navela je kako je rije\u010d o prvim nalazima te da \u0107e ostali parametri i nalazi biti gotovi u \u010detvrtak.<\/p>\n\n\n\n<p>O nalazima su obavje\u0161teni mjerodavna inspekcija, kako bi iza\u0161la na teren i nadalje postupala, Grad Novi Vinodolski i komunalno dru\u0161tvo s tog podru\u010dja.<\/p>\n\n\n\n<p>Uzorkovanje mora na toj pla\u017ei danas \u0107e biti ponovljeno, a nastavit \u0107e se i sljede\u0107ih dana, kako bi se stanje i nadalje pratilo, istaknula je.<\/p>\n\n\n\n<p>Prema podacima sa stanica \u017eupanijskog Nastavnog zavoda za javno zdravstvo na kojima se prati kakvo\u0107a mora za kupanje, more je na pla\u017ei Klenovica tijekom prethodnih sedam uzorkovanja, od svibnja pa do 11. kolovoza, bilo ocijenjeno izvrsnom ocjenom.<\/p>\n\n\n\n<p>Gradona\u010delnik Novog Vinodolskog Tomislav Cvitkovi\u0107 izjavio je za Hinu da je suradnja lokalne samouprave i zavoda u vezi s kvalitetom mora stalna, naglasiv\u0161i da je do nedavno, tijekom vi\u0161e ispitivanja, more na cijeloj pla\u017ei bilo izvrsne kvalitete.<\/p>\n\n\n\n<p>Inspekcija \u0107e istra\u017eiti uzrok one\u010di\u0161\u0107enja, a mi \u0107emo im nastojati pomo\u0107i u tome, rekao je Cvitkovi\u0107. Ispitivanja uzoraka, dodao je, nastavit \u0107e se sljede\u0107ih dana, a nakon toga trebalo bi biti jasnije je li rije\u010d o trenutnom ili trajnijem one\u010di\u0161\u0107enju.<\/p>\n\n\n\n<p>O one\u010di\u0161\u0107enju pla\u017ee u Klenovici u utorak je pisao&nbsp;<a href=\"https:\/\/www.novilist.hr\/rijeka-regija\/novi-vinodolski-crikvenica\/uzas-u-klenovici-razboljela-se-cijela-plaza-djeca-nam-imaju-proljev-i-povracaju\/?meta_refresh=true\" target=\"_blank\" rel=\"noreferrer noopener\">Novi List&nbsp;<\/a>u u tekstu s naslovom \u201cMrlje u moru turiste tjeraju iz Klenovice\u201d, a u njemu je nekoliko gra\u0111ana ustvrdilo da je more uz pla\u017eu bilo one\u010di\u0161\u0107eno te da su kod kupa\u010da u\u010destale probavne i druge zdravstvene tegobe.<\/p>\n\n\n\n<p>Izvor:pogled.ba<\/p>\n","protected":false},"excerpt":{"rendered":"<p>Koncentracija bakterije Escherichia coli na jednoj od tri lokacije na pla\u017ei Klenovica, kod skakaonice Tunera, vi\u0161a je od dopu\u0161tene i ta lokacija dobila je nezadovoljavaju\u0107u ocjenu, objavio je u srijedu Nastavni zavod za javno zdravstvo Primorsko-goranske \u017eupanije. Dodatno ispitivanje kakvo\u0107e mora provedeno je u utorak, nakon dojave o one\u010di\u0161\u0107enju mora na pla\u017ei Klenovica, na podru\u010dju [&hellip;]<\/p>\n","protected":false},"author":2,"featured_media":54638,"comment_status":"closed","ping_status":"closed","sticky":false,"template":"","format":"standard","meta":{"h5ap_radio_sources":[],"footnotes":""},"categories":[1],"tags":[],"class_list":["post-54637","post","type-post","status-publish","format-standard","has-post-thumbnail","hentry","category-bihiregija"],"yoast_head":"<!-- This site is optimized with the Yoast SEO plugin v27.4 - https:\/\/yoast.com\/product\/yoast-seo-wordpress\/ -->\n<title>Pla\u017ea Klenovica: Otkrivena velika koncentracija bakterije Escherichie coli, kupa\u010di se \u017eale na probavne tegobe - RADIO LJUBU\u0160KI<\/title>\n<meta name=\"robots\" content=\"index, follow, max-snippet:-1, max-image-preview:large, max-video-preview:-1\" \/>\n<link rel=\"canonical\" href=\"https:\/\/radioljubuski.ba\/index.php\/2021\/08\/18\/plaza-klenovica-otkrivena-velika-koncentracija-bakterije-escherichie-coli-kupaci-se-zale-na-probavne-tegobe\/\" \/>\n<meta property=\"og:locale\" content=\"hr_HR\" \/>\n<meta property=\"og:type\" content=\"article\" \/>\n<meta property=\"og:title\" content=\"Pla\u017ea Klenovica: Otkrivena velika koncentracija bakterije Escherichie coli, kupa\u010di se \u017eale na probavne tegobe - RADIO LJUBU\u0160KI\" \/>\n<meta property=\"og:description\" content=\"Koncentracija bakterije Escherichia coli na jednoj od tri lokacije na pla\u017ei Klenovica, kod skakaonice Tunera, vi\u0161a je od dopu\u0161tene i ta lokacija dobila je nezadovoljavaju\u0107u ocjenu, objavio je u srijedu Nastavni zavod za javno zdravstvo Primorsko-goranske \u017eupanije. Dodatno ispitivanje kakvo\u0107e mora provedeno je u utorak, nakon dojave o one\u010di\u0161\u0107enju mora na pla\u017ei Klenovica, na podru\u010dju [&hellip;]\" \/>\n<meta property=\"og:url\" content=\"https:\/\/radioljubuski.ba\/index.php\/2021\/08\/18\/plaza-klenovica-otkrivena-velika-koncentracija-bakterije-escherichie-coli-kupaci-se-zale-na-probavne-tegobe\/\" \/>\n<meta property=\"og:site_name\" content=\"RADIO LJUBU\u0160KI\" \/>\n<meta property=\"article:publisher\" content=\"https:\/\/www.facebook.com\/Radiio-Ljubuski-1490835324566332\" \/>\n<meta property=\"article:published_time\" content=\"2021-08-18T19:23:56+00:00\" \/>\n<meta property=\"article:modified_time\" content=\"2021-08-18T19:23:57+00:00\" \/>\n<meta property=\"og:image\" content=\"https:\/\/radioljubuski.ba\/wp-content\/uploads\/2021\/08\/8-2021-08-18-16-16-51-PLAZA.jpg\" \/>\n\t<meta property=\"og:image:width\" content=\"1000\" \/>\n\t<meta property=\"og:image:height\" content=\"625\" \/>\n\t<meta property=\"og:image:type\" content=\"image\/jpeg\" \/>\n<meta name=\"author\" content=\"Radio Ljubu\u0161ki\" \/>\n<meta name=\"twitter:card\" content=\"summary_large_image\" \/>\n<meta name=\"twitter:creator\" content=\"@radioljubuski\" \/>\n<meta name=\"twitter:site\" content=\"@radioljubuski\" \/>\n<meta name=\"twitter:label1\" content=\"Napisao\/la\" \/>\n\t<meta name=\"twitter:data1\" content=\"Radio Ljubu\u0161ki\" \/>\n\t<meta name=\"twitter:label2\" content=\"Procijenjeno vrijeme \u010ditanja\" \/>\n\t<meta name=\"twitter:data2\" content=\"2 minute\" \/>\n<script type=\"application\/ld+json\" class=\"yoast-schema-graph\">{\"@context\":\"https:\\\/\\\/schema.org\",\"@graph\":[{\"@type\":\"Article\",\"@id\":\"https:\\\/\\\/radioljubuski.ba\\\/index.php\\\/2021\\\/08\\\/18\\\/plaza-klenovica-otkrivena-velika-koncentracija-bakterije-escherichie-coli-kupaci-se-zale-na-probavne-tegobe\\\/#article\",\"isPartOf\":{\"@id\":\"https:\\\/\\\/radioljubuski.ba\\\/index.php\\\/2021\\\/08\\\/18\\\/plaza-klenovica-otkrivena-velika-koncentracija-bakterije-escherichie-coli-kupaci-se-zale-na-probavne-tegobe\\\/\"},\"author\":{\"name\":\"Radio Ljubu\u0161ki\",\"@id\":\"https:\\\/\\\/radioljubuski.ba\\\/#\\\/schema\\\/person\\\/19fc700381a780f69665d7956c469e3b\"},\"headline\":\"Pla\u017ea Klenovica: Otkrivena velika koncentracija bakterije Escherichie coli, kupa\u010di se \u017eale na probavne tegobe\",\"datePublished\":\"2021-08-18T19:23:56+00:00\",\"dateModified\":\"2021-08-18T19:23:57+00:00\",\"mainEntityOfPage\":{\"@id\":\"https:\\\/\\\/radioljubuski.ba\\\/index.php\\\/2021\\\/08\\\/18\\\/plaza-klenovica-otkrivena-velika-koncentracija-bakterije-escherichie-coli-kupaci-se-zale-na-probavne-tegobe\\\/\"},\"wordCount\":450,\"publisher\":{\"@id\":\"https:\\\/\\\/radioljubuski.ba\\\/#organization\"},\"image\":{\"@id\":\"https:\\\/\\\/radioljubuski.ba\\\/index.php\\\/2021\\\/08\\\/18\\\/plaza-klenovica-otkrivena-velika-koncentracija-bakterije-escherichie-coli-kupaci-se-zale-na-probavne-tegobe\\\/#primaryimage\"},\"thumbnailUrl\":\"https:\\\/\\\/radioljubuski.ba\\\/wp-content\\\/uploads\\\/2021\\\/08\\\/8-2021-08-18-16-16-51-PLAZA.jpg\",\"articleSection\":[\"BIH i regija\"],\"inLanguage\":\"hr\"},{\"@type\":\"WebPage\",\"@id\":\"https:\\\/\\\/radioljubuski.ba\\\/index.php\\\/2021\\\/08\\\/18\\\/plaza-klenovica-otkrivena-velika-koncentracija-bakterije-escherichie-coli-kupaci-se-zale-na-probavne-tegobe\\\/\",\"url\":\"https:\\\/\\\/radioljubuski.ba\\\/index.php\\\/2021\\\/08\\\/18\\\/plaza-klenovica-otkrivena-velika-koncentracija-bakterije-escherichie-coli-kupaci-se-zale-na-probavne-tegobe\\\/\",\"name\":\"Pla\u017ea Klenovica: Otkrivena velika koncentracija bakterije Escherichie coli, kupa\u010di se \u017eale na probavne tegobe - RADIO LJUBU\u0160KI\",\"isPartOf\":{\"@id\":\"https:\\\/\\\/radioljubuski.ba\\\/#website\"},\"primaryImageOfPage\":{\"@id\":\"https:\\\/\\\/radioljubuski.ba\\\/index.php\\\/2021\\\/08\\\/18\\\/plaza-klenovica-otkrivena-velika-koncentracija-bakterije-escherichie-coli-kupaci-se-zale-na-probavne-tegobe\\\/#primaryimage\"},\"image\":{\"@id\":\"https:\\\/\\\/radioljubuski.ba\\\/index.php\\\/2021\\\/08\\\/18\\\/plaza-klenovica-otkrivena-velika-koncentracija-bakterije-escherichie-coli-kupaci-se-zale-na-probavne-tegobe\\\/#primaryimage\"},\"thumbnailUrl\":\"https:\\\/\\\/radioljubuski.ba\\\/wp-content\\\/uploads\\\/2021\\\/08\\\/8-2021-08-18-16-16-51-PLAZA.jpg\",\"datePublished\":\"2021-08-18T19:23:56+00:00\",\"dateModified\":\"2021-08-18T19:23:57+00:00\",\"breadcrumb\":{\"@id\":\"https:\\\/\\\/radioljubuski.ba\\\/index.php\\\/2021\\\/08\\\/18\\\/plaza-klenovica-otkrivena-velika-koncentracija-bakterije-escherichie-coli-kupaci-se-zale-na-probavne-tegobe\\\/#breadcrumb\"},\"inLanguage\":\"hr\",\"potentialAction\":[{\"@type\":\"ReadAction\",\"target\":[\"https:\\\/\\\/radioljubuski.ba\\\/index.php\\\/2021\\\/08\\\/18\\\/plaza-klenovica-otkrivena-velika-koncentracija-bakterije-escherichie-coli-kupaci-se-zale-na-probavne-tegobe\\\/\"]}]},{\"@type\":\"ImageObject\",\"inLanguage\":\"hr\",\"@id\":\"https:\\\/\\\/radioljubuski.ba\\\/index.php\\\/2021\\\/08\\\/18\\\/plaza-klenovica-otkrivena-velika-koncentracija-bakterije-escherichie-coli-kupaci-se-zale-na-probavne-tegobe\\\/#primaryimage\",\"url\":\"https:\\\/\\\/radioljubuski.ba\\\/wp-content\\\/uploads\\\/2021\\\/08\\\/8-2021-08-18-16-16-51-PLAZA.jpg\",\"contentUrl\":\"https:\\\/\\\/radioljubuski.ba\\\/wp-content\\\/uploads\\\/2021\\\/08\\\/8-2021-08-18-16-16-51-PLAZA.jpg\",\"width\":1000,\"height\":625},{\"@type\":\"BreadcrumbList\",\"@id\":\"https:\\\/\\\/radioljubuski.ba\\\/index.php\\\/2021\\\/08\\\/18\\\/plaza-klenovica-otkrivena-velika-koncentracija-bakterije-escherichie-coli-kupaci-se-zale-na-probavne-tegobe\\\/#breadcrumb\",\"itemListElement\":[{\"@type\":\"ListItem\",\"position\":1,\"name\":\"Po\u010detna stranica\",\"item\":\"https:\\\/\\\/radioljubuski.ba\\\/\"},{\"@type\":\"ListItem\",\"position\":2,\"name\":\"Pla\u017ea Klenovica: Otkrivena velika koncentracija bakterije Escherichie coli, kupa\u010di se \u017eale na probavne tegobe\"}]},{\"@type\":\"WebSite\",\"@id\":\"https:\\\/\\\/radioljubuski.ba\\\/#website\",\"url\":\"https:\\\/\\\/radioljubuski.ba\\\/\",\"name\":\"Radio Ljubu\u0161ki\",\"description\":\"Sun\u010dana frekvencija Hercegovine\",\"publisher\":{\"@id\":\"https:\\\/\\\/radioljubuski.ba\\\/#organization\"},\"potentialAction\":[{\"@type\":\"SearchAction\",\"target\":{\"@type\":\"EntryPoint\",\"urlTemplate\":\"https:\\\/\\\/radioljubuski.ba\\\/?s={search_term_string}\"},\"query-input\":{\"@type\":\"PropertyValueSpecification\",\"valueRequired\":true,\"valueName\":\"search_term_string\"}}],\"inLanguage\":\"hr\"},{\"@type\":\"Organization\",\"@id\":\"https:\\\/\\\/radioljubuski.ba\\\/#organization\",\"name\":\"Radio Ljubu\u0161ki\",\"url\":\"https:\\\/\\\/radioljubuski.ba\\\/\",\"logo\":{\"@type\":\"ImageObject\",\"inLanguage\":\"hr\",\"@id\":\"https:\\\/\\\/radioljubuski.ba\\\/#\\\/schema\\\/logo\\\/image\\\/\",\"url\":\"https:\\\/\\\/radioljubuski.ba\\\/wp-content\\\/uploads\\\/2021\\\/02\\\/cropped-Radio_Ljubuski_logo1.jpg\",\"contentUrl\":\"https:\\\/\\\/radioljubuski.ba\\\/wp-content\\\/uploads\\\/2021\\\/02\\\/cropped-Radio_Ljubuski_logo1.jpg\",\"width\":512,\"height\":512,\"caption\":\"Radio Ljubu\u0161ki\"},\"image\":{\"@id\":\"https:\\\/\\\/radioljubuski.ba\\\/#\\\/schema\\\/logo\\\/image\\\/\"},\"sameAs\":[\"https:\\\/\\\/www.facebook.com\\\/Radiio-Ljubuski-1490835324566332\",\"https:\\\/\\\/x.com\\\/radioljubuski\",\"https:\\\/\\\/hr.linkedin.com\\\/company\\\/radio-ljubuski\",\"https:\\\/\\\/www.youtube.com\\\/channel\\\/UCHYaeO_n0Db3tjNGudGpXyw\"]},{\"@type\":\"Person\",\"@id\":\"https:\\\/\\\/radioljubuski.ba\\\/#\\\/schema\\\/person\\\/19fc700381a780f69665d7956c469e3b\",\"name\":\"Radio Ljubu\u0161ki\"}]}<\/script>\n<!-- \/ Yoast SEO plugin. -->","yoast_head_json":{"title":"Pla\u017ea Klenovica: Otkrivena velika koncentracija bakterije Escherichie coli, kupa\u010di se \u017eale na probavne tegobe - RADIO LJUBU\u0160KI","robots":{"index":"index","follow":"follow","max-snippet":"max-snippet:-1","max-image-preview":"max-image-preview:large","max-video-preview":"max-video-preview:-1"},"canonical":"https:\/\/radioljubuski.ba\/index.php\/2021\/08\/18\/plaza-klenovica-otkrivena-velika-koncentracija-bakterije-escherichie-coli-kupaci-se-zale-na-probavne-tegobe\/","og_locale":"hr_HR","og_type":"article","og_title":"Pla\u017ea Klenovica: Otkrivena velika koncentracija bakterije Escherichie coli, kupa\u010di se \u017eale na probavne tegobe - RADIO LJUBU\u0160KI","og_description":"Koncentracija bakterije Escherichia coli na jednoj od tri lokacije na pla\u017ei Klenovica, kod skakaonice Tunera, vi\u0161a je od dopu\u0161tene i ta lokacija dobila je nezadovoljavaju\u0107u ocjenu, objavio je u srijedu Nastavni zavod za javno zdravstvo Primorsko-goranske \u017eupanije. Dodatno ispitivanje kakvo\u0107e mora provedeno je u utorak, nakon dojave o one\u010di\u0161\u0107enju mora na pla\u017ei Klenovica, na podru\u010dju [&hellip;]","og_url":"https:\/\/radioljubuski.ba\/index.php\/2021\/08\/18\/plaza-klenovica-otkrivena-velika-koncentracija-bakterije-escherichie-coli-kupaci-se-zale-na-probavne-tegobe\/","og_site_name":"RADIO LJUBU\u0160KI","article_publisher":"https:\/\/www.facebook.com\/Radiio-Ljubuski-1490835324566332","article_published_time":"2021-08-18T19:23:56+00:00","article_modified_time":"2021-08-18T19:23:57+00:00","og_image":[{"width":1000,"height":625,"url":"https:\/\/radioljubuski.ba\/wp-content\/uploads\/2021\/08\/8-2021-08-18-16-16-51-PLAZA.jpg","type":"image\/jpeg"}],"author":"Radio Ljubu\u0161ki","twitter_card":"summary_large_image","twitter_creator":"@radioljubuski","twitter_site":"@radioljubuski","twitter_misc":{"Napisao\/la":"Radio Ljubu\u0161ki","Procijenjeno vrijeme \u010ditanja":"2 minute"},"schema":{"@context":"https:\/\/schema.org","@graph":[{"@type":"Article","@id":"https:\/\/radioljubuski.ba\/index.php\/2021\/08\/18\/plaza-klenovica-otkrivena-velika-koncentracija-bakterije-escherichie-coli-kupaci-se-zale-na-probavne-tegobe\/#article","isPartOf":{"@id":"https:\/\/radioljubuski.ba\/index.php\/2021\/08\/18\/plaza-klenovica-otkrivena-velika-koncentracija-bakterije-escherichie-coli-kupaci-se-zale-na-probavne-tegobe\/"},"author":{"name":"Radio Ljubu\u0161ki","@id":"https:\/\/radioljubuski.ba\/#\/schema\/person\/19fc700381a780f69665d7956c469e3b"},"headline":"Pla\u017ea Klenovica: Otkrivena velika koncentracija bakterije Escherichie coli, kupa\u010di se \u017eale na probavne tegobe","datePublished":"2021-08-18T19:23:56+00:00","dateModified":"2021-08-18T19:23:57+00:00","mainEntityOfPage":{"@id":"https:\/\/radioljubuski.ba\/index.php\/2021\/08\/18\/plaza-klenovica-otkrivena-velika-koncentracija-bakterije-escherichie-coli-kupaci-se-zale-na-probavne-tegobe\/"},"wordCount":450,"publisher":{"@id":"https:\/\/radioljubuski.ba\/#organization"},"image":{"@id":"https:\/\/radioljubuski.ba\/index.php\/2021\/08\/18\/plaza-klenovica-otkrivena-velika-koncentracija-bakterije-escherichie-coli-kupaci-se-zale-na-probavne-tegobe\/#primaryimage"},"thumbnailUrl":"https:\/\/radioljubuski.ba\/wp-content\/uploads\/2021\/08\/8-2021-08-18-16-16-51-PLAZA.jpg","articleSection":["BIH i regija"],"inLanguage":"hr"},{"@type":"WebPage","@id":"https:\/\/radioljubuski.ba\/index.php\/2021\/08\/18\/plaza-klenovica-otkrivena-velika-koncentracija-bakterije-escherichie-coli-kupaci-se-zale-na-probavne-tegobe\/","url":"https:\/\/radioljubuski.ba\/index.php\/2021\/08\/18\/plaza-klenovica-otkrivena-velika-koncentracija-bakterije-escherichie-coli-kupaci-se-zale-na-probavne-tegobe\/","name":"Pla\u017ea Klenovica: Otkrivena velika koncentracija bakterije Escherichie coli, kupa\u010di se \u017eale na probavne tegobe - RADIO LJUBU\u0160KI","isPartOf":{"@id":"https:\/\/radioljubuski.ba\/#website"},"primaryImageOfPage":{"@id":"https:\/\/radioljubuski.ba\/index.php\/2021\/08\/18\/plaza-klenovica-otkrivena-velika-koncentracija-bakterije-escherichie-coli-kupaci-se-zale-na-probavne-tegobe\/#primaryimage"},"image":{"@id":"https:\/\/radioljubuski.ba\/index.php\/2021\/08\/18\/plaza-klenovica-otkrivena-velika-koncentracija-bakterije-escherichie-coli-kupaci-se-zale-na-probavne-tegobe\/#primaryimage"},"thumbnailUrl":"https:\/\/radioljubuski.ba\/wp-content\/uploads\/2021\/08\/8-2021-08-18-16-16-51-PLAZA.jpg","datePublished":"2021-08-18T19:23:56+00:00","dateModified":"2021-08-18T19:23:57+00:00","breadcrumb":{"@id":"https:\/\/radioljubuski.ba\/index.php\/2021\/08\/18\/plaza-klenovica-otkrivena-velika-koncentracija-bakterije-escherichie-coli-kupaci-se-zale-na-probavne-tegobe\/#breadcrumb"},"inLanguage":"hr","potentialAction":[{"@type":"ReadAction","target":["https:\/\/radioljubuski.ba\/index.php\/2021\/08\/18\/plaza-klenovica-otkrivena-velika-koncentracija-bakterije-escherichie-coli-kupaci-se-zale-na-probavne-tegobe\/"]}]},{"@type":"ImageObject","inLanguage":"hr","@id":"https:\/\/radioljubuski.ba\/index.php\/2021\/08\/18\/plaza-klenovica-otkrivena-velika-koncentracija-bakterije-escherichie-coli-kupaci-se-zale-na-probavne-tegobe\/#primaryimage","url":"https:\/\/radioljubuski.ba\/wp-content\/uploads\/2021\/08\/8-2021-08-18-16-16-51-PLAZA.jpg","contentUrl":"https:\/\/radioljubuski.ba\/wp-content\/uploads\/2021\/08\/8-2021-08-18-16-16-51-PLAZA.jpg","width":1000,"height":625},{"@type":"BreadcrumbList","@id":"https:\/\/radioljubuski.ba\/index.php\/2021\/08\/18\/plaza-klenovica-otkrivena-velika-koncentracija-bakterije-escherichie-coli-kupaci-se-zale-na-probavne-tegobe\/#breadcrumb","itemListElement":[{"@type":"ListItem","position":1,"name":"Po\u010detna stranica","item":"https:\/\/radioljubuski.ba\/"},{"@type":"ListItem","position":2,"name":"Pla\u017ea Klenovica: Otkrivena velika koncentracija bakterije Escherichie coli, kupa\u010di se \u017eale na probavne tegobe"}]},{"@type":"WebSite","@id":"https:\/\/radioljubuski.ba\/#website","url":"https:\/\/radioljubuski.ba\/","name":"Radio Ljubu\u0161ki","description":"Sun\u010dana frekvencija Hercegovine","publisher":{"@id":"https:\/\/radioljubuski.ba\/#organization"},"potentialAction":[{"@type":"SearchAction","target":{"@type":"EntryPoint","urlTemplate":"https:\/\/radioljubuski.ba\/?s={search_term_string}"},"query-input":{"@type":"PropertyValueSpecification","valueRequired":true,"valueName":"search_term_string"}}],"inLanguage":"hr"},{"@type":"Organization","@id":"https:\/\/radioljubuski.ba\/#organization","name":"Radio Ljubu\u0161ki","url":"https:\/\/radioljubuski.ba\/","logo":{"@type":"ImageObject","inLanguage":"hr","@id":"https:\/\/radioljubuski.ba\/#\/schema\/logo\/image\/","url":"https:\/\/radioljubuski.ba\/wp-content\/uploads\/2021\/02\/cropped-Radio_Ljubuski_logo1.jpg","contentUrl":"https:\/\/radioljubuski.ba\/wp-content\/uploads\/2021\/02\/cropped-Radio_Ljubuski_logo1.jpg","width":512,"height":512,"caption":"Radio Ljubu\u0161ki"},"image":{"@id":"https:\/\/radioljubuski.ba\/#\/schema\/logo\/image\/"},"sameAs":["https:\/\/www.facebook.com\/Radiio-Ljubuski-1490835324566332","https:\/\/x.com\/radioljubuski","https:\/\/hr.linkedin.com\/company\/radio-ljubuski","https:\/\/www.youtube.com\/channel\/UCHYaeO_n0Db3tjNGudGpXyw"]},{"@type":"Person","@id":"https:\/\/radioljubuski.ba\/#\/schema\/person\/19fc700381a780f69665d7956c469e3b","name":"Radio Ljubu\u0161ki"}]}},"_links":{"self":[{"href":"https:\/\/radioljubuski.ba\/index.php\/wp-json\/wp\/v2\/posts\/54637","targetHints":{"allow":["GET"]}}],"collection":[{"href":"https:\/\/radioljubuski.ba\/index.php\/wp-json\/wp\/v2\/posts"}],"about":[{"href":"https:\/\/radioljubuski.ba\/index.php\/wp-json\/wp\/v2\/types\/post"}],"author":[{"embeddable":true,"href":"https:\/\/radioljubuski.ba\/index.php\/wp-json\/wp\/v2\/users\/2"}],"replies":[{"embeddable":true,"href":"https:\/\/radioljubuski.ba\/index.php\/wp-json\/wp\/v2\/comments?post=54637"}],"version-history":[{"count":1,"href":"https:\/\/radioljubuski.ba\/index.php\/wp-json\/wp\/v2\/posts\/54637\/revisions"}],"predecessor-version":[{"id":54639,"href":"https:\/\/radioljubuski.ba\/index.php\/wp-json\/wp\/v2\/posts\/54637\/revisions\/54639"}],"wp:featuredmedia":[{"embeddable":true,"href":"https:\/\/radioljubuski.ba\/index.php\/wp-json\/wp\/v2\/media\/54638"}],"wp:attachment":[{"href":"https:\/\/radioljubuski.ba\/index.php\/wp-json\/wp\/v2\/media?parent=54637"}],"wp:term":[{"taxonomy":"category","embeddable":true,"href":"https:\/\/radioljubuski.ba\/index.php\/wp-json\/wp\/v2\/categories?post=54637"},{"taxonomy":"post_tag","embeddable":true,"href":"https:\/\/radioljubuski.ba\/index.php\/wp-json\/wp\/v2\/tags?post=54637"}],"curies":[{"name":"wp","href":"https:\/\/api.w.org\/{rel}","templated":true}]}}