{"id":54643,"date":"2021-08-18T20:25:59","date_gmt":"2021-08-18T19:25:59","guid":{"rendered":"https:\/\/radioljubuski.ba\/?p=54643"},"modified":"2021-08-18T20:26:00","modified_gmt":"2021-08-18T19:26:00","slug":"ultrasi-se-oglasili-nakon-dogadanja-u-banjoj-luci-nadali-smo-se-da-su-ta-vremena-davno-prosla","status":"publish","type":"post","link":"https:\/\/radioljubuski.ba\/index.php\/2021\/08\/18\/ultrasi-se-oglasili-nakon-dogadanja-u-banjoj-luci-nadali-smo-se-da-su-ta-vremena-davno-prosla\/","title":{"rendered":"Ultrasi se oglasili nakon doga\u0111anja u Banjoj Luci: Nadali smo se da su ta vremena davno pro\u0161la"},"content":{"rendered":"\n<p>Nogometa\u0161i Zrinjskog rezultatom 5:1 su savladali Borac u susretu petog kola Premijer lige BiH odigranom u Banjoj Luci.<\/p>\n\n\n\n<p>Gosti su imali podr\u0161ku svojih navija\u010da, no navija\u010di Zrinjskog ipak nisu bili zadovoljni, jer su im oduzete odre\u0111ene zastave i majice, a zbog toga su izdali priop\u0107enje koje prenosimo u potpunosti:<\/p>\n\n\n\n<p>&#8216;Nadali smo se da su vremena zabrana simbola koji nikog ne vrije\u0111aju davna pro\u0161lost, ali utakmica u Banjoj Luci u ponedjeljak uvjerila nas je da tomu nije tako. Iz ne\u010dijeg vlastitog kompleksa, zabranjeno je uno\u0161enje odre\u0111enih zastava, pojedincima su skidane majice na kojima su po procjeni odgovornog doma\u0107ina uvredljivi simboli (pa i \u0161ahovnica na grbu H\u0160K Zrinjski!). Poziv odgovornima na razmi\u0161ljanje. Zrinjski je \u017eivot i vi\u0161e od toga!&#8217;, navodi se u priop\u0107enju.<\/p>\n\n\n\n<p>Izvor:pogled.ba<\/p>\n","protected":false},"excerpt":{"rendered":"<p>Nogometa\u0161i Zrinjskog rezultatom 5:1 su savladali Borac u susretu petog kola Premijer lige BiH odigranom u Banjoj Luci. Gosti su imali podr\u0161ku svojih navija\u010da, no navija\u010di Zrinjskog ipak nisu bili zadovoljni, jer su im oduzete odre\u0111ene zastave i majice, a zbog toga su izdali priop\u0107enje koje prenosimo u potpunosti: &#8216;Nadali smo se da su vremena [&hellip;]<\/p>\n","protected":false},"author":2,"featured_media":54644,"comment_status":"closed","ping_status":"closed","sticky":false,"template":"","format":"standard","meta":{"h5ap_radio_sources":[],"footnotes":""},"categories":[7],"tags":[],"class_list":["post-54643","post","type-post","status-publish","format-standard","has-post-thumbnail","hentry","category-sport"],"yoast_head":"<!-- This site is optimized with the Yoast SEO plugin v27.4 - https:\/\/yoast.com\/product\/yoast-seo-wordpress\/ -->\n<title>Ultrasi se oglasili nakon doga\u0111anja u Banjoj Luci: Nadali smo se da su ta vremena davno pro\u0161la - RADIO LJUBU\u0160KI<\/title>\n<meta name=\"robots\" content=\"index, follow, max-snippet:-1, max-image-preview:large, max-video-preview:-1\" \/>\n<link rel=\"canonical\" href=\"https:\/\/radioljubuski.ba\/index.php\/2021\/08\/18\/ultrasi-se-oglasili-nakon-dogadanja-u-banjoj-luci-nadali-smo-se-da-su-ta-vremena-davno-prosla\/\" \/>\n<meta property=\"og:locale\" content=\"hr_HR\" \/>\n<meta property=\"og:type\" content=\"article\" \/>\n<meta property=\"og:title\" content=\"Ultrasi se oglasili nakon doga\u0111anja u Banjoj Luci: Nadali smo se da su ta vremena davno pro\u0161la - RADIO LJUBU\u0160KI\" \/>\n<meta property=\"og:description\" content=\"Nogometa\u0161i Zrinjskog rezultatom 5:1 su savladali Borac u susretu petog kola Premijer lige BiH odigranom u Banjoj Luci. Gosti su imali podr\u0161ku svojih navija\u010da, no navija\u010di Zrinjskog ipak nisu bili zadovoljni, jer su im oduzete odre\u0111ene zastave i majice, a zbog toga su izdali priop\u0107enje koje prenosimo u potpunosti: &#8216;Nadali smo se da su vremena [&hellip;]\" \/>\n<meta property=\"og:url\" content=\"https:\/\/radioljubuski.ba\/index.php\/2021\/08\/18\/ultrasi-se-oglasili-nakon-dogadanja-u-banjoj-luci-nadali-smo-se-da-su-ta-vremena-davno-prosla\/\" \/>\n<meta property=\"og:site_name\" content=\"RADIO LJUBU\u0160KI\" \/>\n<meta property=\"article:publisher\" content=\"https:\/\/www.facebook.com\/Radiio-Ljubuski-1490835324566332\" \/>\n<meta property=\"article:published_time\" content=\"2021-08-18T19:25:59+00:00\" \/>\n<meta property=\"article:modified_time\" content=\"2021-08-18T19:26:00+00:00\" \/>\n<meta property=\"og:image\" content=\"https:\/\/radioljubuski.ba\/wp-content\/uploads\/2021\/08\/8-2021-08-18-19-17-41-ultras.png\" \/>\n\t<meta property=\"og:image:width\" content=\"1000\" \/>\n\t<meta property=\"og:image:height\" content=\"625\" \/>\n\t<meta property=\"og:image:type\" content=\"image\/png\" \/>\n<meta name=\"author\" content=\"Radio Ljubu\u0161ki\" \/>\n<meta name=\"twitter:card\" content=\"summary_large_image\" \/>\n<meta name=\"twitter:creator\" content=\"@radioljubuski\" \/>\n<meta name=\"twitter:site\" content=\"@radioljubuski\" \/>\n<meta name=\"twitter:label1\" content=\"Napisao\/la\" \/>\n\t<meta name=\"twitter:data1\" content=\"Radio Ljubu\u0161ki\" \/>\n\t<meta name=\"twitter:label2\" content=\"Procijenjeno vrijeme \u010ditanja\" \/>\n\t<meta name=\"twitter:data2\" content=\"1 minuta\" \/>\n<script type=\"application\/ld+json\" class=\"yoast-schema-graph\">{\"@context\":\"https:\\\/\\\/schema.org\",\"@graph\":[{\"@type\":\"Article\",\"@id\":\"https:\\\/\\\/radioljubuski.ba\\\/index.php\\\/2021\\\/08\\\/18\\\/ultrasi-se-oglasili-nakon-dogadanja-u-banjoj-luci-nadali-smo-se-da-su-ta-vremena-davno-prosla\\\/#article\",\"isPartOf\":{\"@id\":\"https:\\\/\\\/radioljubuski.ba\\\/index.php\\\/2021\\\/08\\\/18\\\/ultrasi-se-oglasili-nakon-dogadanja-u-banjoj-luci-nadali-smo-se-da-su-ta-vremena-davno-prosla\\\/\"},\"author\":{\"name\":\"Radio Ljubu\u0161ki\",\"@id\":\"https:\\\/\\\/radioljubuski.ba\\\/#\\\/schema\\\/person\\\/19fc700381a780f69665d7956c469e3b\"},\"headline\":\"Ultrasi se oglasili nakon doga\u0111anja u Banjoj Luci: Nadali smo se da su ta vremena davno pro\u0161la\",\"datePublished\":\"2021-08-18T19:25:59+00:00\",\"dateModified\":\"2021-08-18T19:26:00+00:00\",\"mainEntityOfPage\":{\"@id\":\"https:\\\/\\\/radioljubuski.ba\\\/index.php\\\/2021\\\/08\\\/18\\\/ultrasi-se-oglasili-nakon-dogadanja-u-banjoj-luci-nadali-smo-se-da-su-ta-vremena-davno-prosla\\\/\"},\"wordCount\":158,\"publisher\":{\"@id\":\"https:\\\/\\\/radioljubuski.ba\\\/#organization\"},\"image\":{\"@id\":\"https:\\\/\\\/radioljubuski.ba\\\/index.php\\\/2021\\\/08\\\/18\\\/ultrasi-se-oglasili-nakon-dogadanja-u-banjoj-luci-nadali-smo-se-da-su-ta-vremena-davno-prosla\\\/#primaryimage\"},\"thumbnailUrl\":\"https:\\\/\\\/radioljubuski.ba\\\/wp-content\\\/uploads\\\/2021\\\/08\\\/8-2021-08-18-19-17-41-ultras.png\",\"articleSection\":[\"\u0160port\"],\"inLanguage\":\"hr\"},{\"@type\":\"WebPage\",\"@id\":\"https:\\\/\\\/radioljubuski.ba\\\/index.php\\\/2021\\\/08\\\/18\\\/ultrasi-se-oglasili-nakon-dogadanja-u-banjoj-luci-nadali-smo-se-da-su-ta-vremena-davno-prosla\\\/\",\"url\":\"https:\\\/\\\/radioljubuski.ba\\\/index.php\\\/2021\\\/08\\\/18\\\/ultrasi-se-oglasili-nakon-dogadanja-u-banjoj-luci-nadali-smo-se-da-su-ta-vremena-davno-prosla\\\/\",\"name\":\"Ultrasi se oglasili nakon doga\u0111anja u Banjoj Luci: Nadali smo se da su ta vremena davno pro\u0161la - RADIO LJUBU\u0160KI\",\"isPartOf\":{\"@id\":\"https:\\\/\\\/radioljubuski.ba\\\/#website\"},\"primaryImageOfPage\":{\"@id\":\"https:\\\/\\\/radioljubuski.ba\\\/index.php\\\/2021\\\/08\\\/18\\\/ultrasi-se-oglasili-nakon-dogadanja-u-banjoj-luci-nadali-smo-se-da-su-ta-vremena-davno-prosla\\\/#primaryimage\"},\"image\":{\"@id\":\"https:\\\/\\\/radioljubuski.ba\\\/index.php\\\/2021\\\/08\\\/18\\\/ultrasi-se-oglasili-nakon-dogadanja-u-banjoj-luci-nadali-smo-se-da-su-ta-vremena-davno-prosla\\\/#primaryimage\"},\"thumbnailUrl\":\"https:\\\/\\\/radioljubuski.ba\\\/wp-content\\\/uploads\\\/2021\\\/08\\\/8-2021-08-18-19-17-41-ultras.png\",\"datePublished\":\"2021-08-18T19:25:59+00:00\",\"dateModified\":\"2021-08-18T19:26:00+00:00\",\"breadcrumb\":{\"@id\":\"https:\\\/\\\/radioljubuski.ba\\\/index.php\\\/2021\\\/08\\\/18\\\/ultrasi-se-oglasili-nakon-dogadanja-u-banjoj-luci-nadali-smo-se-da-su-ta-vremena-davno-prosla\\\/#breadcrumb\"},\"inLanguage\":\"hr\",\"potentialAction\":[{\"@type\":\"ReadAction\",\"target\":[\"https:\\\/\\\/radioljubuski.ba\\\/index.php\\\/2021\\\/08\\\/18\\\/ultrasi-se-oglasili-nakon-dogadanja-u-banjoj-luci-nadali-smo-se-da-su-ta-vremena-davno-prosla\\\/\"]}]},{\"@type\":\"ImageObject\",\"inLanguage\":\"hr\",\"@id\":\"https:\\\/\\\/radioljubuski.ba\\\/index.php\\\/2021\\\/08\\\/18\\\/ultrasi-se-oglasili-nakon-dogadanja-u-banjoj-luci-nadali-smo-se-da-su-ta-vremena-davno-prosla\\\/#primaryimage\",\"url\":\"https:\\\/\\\/radioljubuski.ba\\\/wp-content\\\/uploads\\\/2021\\\/08\\\/8-2021-08-18-19-17-41-ultras.png\",\"contentUrl\":\"https:\\\/\\\/radioljubuski.ba\\\/wp-content\\\/uploads\\\/2021\\\/08\\\/8-2021-08-18-19-17-41-ultras.png\",\"width\":1000,\"height\":625},{\"@type\":\"BreadcrumbList\",\"@id\":\"https:\\\/\\\/radioljubuski.ba\\\/index.php\\\/2021\\\/08\\\/18\\\/ultrasi-se-oglasili-nakon-dogadanja-u-banjoj-luci-nadali-smo-se-da-su-ta-vremena-davno-prosla\\\/#breadcrumb\",\"itemListElement\":[{\"@type\":\"ListItem\",\"position\":1,\"name\":\"Po\u010detna stranica\",\"item\":\"https:\\\/\\\/radioljubuski.ba\\\/\"},{\"@type\":\"ListItem\",\"position\":2,\"name\":\"Ultrasi se oglasili nakon doga\u0111anja u Banjoj Luci: Nadali smo se da su ta vremena davno pro\u0161la\"}]},{\"@type\":\"WebSite\",\"@id\":\"https:\\\/\\\/radioljubuski.ba\\\/#website\",\"url\":\"https:\\\/\\\/radioljubuski.ba\\\/\",\"name\":\"Radio Ljubu\u0161ki\",\"description\":\"Sun\u010dana frekvencija Hercegovine\",\"publisher\":{\"@id\":\"https:\\\/\\\/radioljubuski.ba\\\/#organization\"},\"potentialAction\":[{\"@type\":\"SearchAction\",\"target\":{\"@type\":\"EntryPoint\",\"urlTemplate\":\"https:\\\/\\\/radioljubuski.ba\\\/?s={search_term_string}\"},\"query-input\":{\"@type\":\"PropertyValueSpecification\",\"valueRequired\":true,\"valueName\":\"search_term_string\"}}],\"inLanguage\":\"hr\"},{\"@type\":\"Organization\",\"@id\":\"https:\\\/\\\/radioljubuski.ba\\\/#organization\",\"name\":\"Radio Ljubu\u0161ki\",\"url\":\"https:\\\/\\\/radioljubuski.ba\\\/\",\"logo\":{\"@type\":\"ImageObject\",\"inLanguage\":\"hr\",\"@id\":\"https:\\\/\\\/radioljubuski.ba\\\/#\\\/schema\\\/logo\\\/image\\\/\",\"url\":\"https:\\\/\\\/radioljubuski.ba\\\/wp-content\\\/uploads\\\/2021\\\/02\\\/cropped-Radio_Ljubuski_logo1.jpg\",\"contentUrl\":\"https:\\\/\\\/radioljubuski.ba\\\/wp-content\\\/uploads\\\/2021\\\/02\\\/cropped-Radio_Ljubuski_logo1.jpg\",\"width\":512,\"height\":512,\"caption\":\"Radio Ljubu\u0161ki\"},\"image\":{\"@id\":\"https:\\\/\\\/radioljubuski.ba\\\/#\\\/schema\\\/logo\\\/image\\\/\"},\"sameAs\":[\"https:\\\/\\\/www.facebook.com\\\/Radiio-Ljubuski-1490835324566332\",\"https:\\\/\\\/x.com\\\/radioljubuski\",\"https:\\\/\\\/hr.linkedin.com\\\/company\\\/radio-ljubuski\",\"https:\\\/\\\/www.youtube.com\\\/channel\\\/UCHYaeO_n0Db3tjNGudGpXyw\"]},{\"@type\":\"Person\",\"@id\":\"https:\\\/\\\/radioljubuski.ba\\\/#\\\/schema\\\/person\\\/19fc700381a780f69665d7956c469e3b\",\"name\":\"Radio Ljubu\u0161ki\"}]}<\/script>\n<!-- \/ Yoast SEO plugin. -->","yoast_head_json":{"title":"Ultrasi se oglasili nakon doga\u0111anja u Banjoj Luci: Nadali smo se da su ta vremena davno pro\u0161la - RADIO LJUBU\u0160KI","robots":{"index":"index","follow":"follow","max-snippet":"max-snippet:-1","max-image-preview":"max-image-preview:large","max-video-preview":"max-video-preview:-1"},"canonical":"https:\/\/radioljubuski.ba\/index.php\/2021\/08\/18\/ultrasi-se-oglasili-nakon-dogadanja-u-banjoj-luci-nadali-smo-se-da-su-ta-vremena-davno-prosla\/","og_locale":"hr_HR","og_type":"article","og_title":"Ultrasi se oglasili nakon doga\u0111anja u Banjoj Luci: Nadali smo se da su ta vremena davno pro\u0161la - RADIO LJUBU\u0160KI","og_description":"Nogometa\u0161i Zrinjskog rezultatom 5:1 su savladali Borac u susretu petog kola Premijer lige BiH odigranom u Banjoj Luci. Gosti su imali podr\u0161ku svojih navija\u010da, no navija\u010di Zrinjskog ipak nisu bili zadovoljni, jer su im oduzete odre\u0111ene zastave i majice, a zbog toga su izdali priop\u0107enje koje prenosimo u potpunosti: &#8216;Nadali smo se da su vremena [&hellip;]","og_url":"https:\/\/radioljubuski.ba\/index.php\/2021\/08\/18\/ultrasi-se-oglasili-nakon-dogadanja-u-banjoj-luci-nadali-smo-se-da-su-ta-vremena-davno-prosla\/","og_site_name":"RADIO LJUBU\u0160KI","article_publisher":"https:\/\/www.facebook.com\/Radiio-Ljubuski-1490835324566332","article_published_time":"2021-08-18T19:25:59+00:00","article_modified_time":"2021-08-18T19:26:00+00:00","og_image":[{"width":1000,"height":625,"url":"https:\/\/radioljubuski.ba\/wp-content\/uploads\/2021\/08\/8-2021-08-18-19-17-41-ultras.png","type":"image\/png"}],"author":"Radio Ljubu\u0161ki","twitter_card":"summary_large_image","twitter_creator":"@radioljubuski","twitter_site":"@radioljubuski","twitter_misc":{"Napisao\/la":"Radio Ljubu\u0161ki","Procijenjeno vrijeme \u010ditanja":"1 minuta"},"schema":{"@context":"https:\/\/schema.org","@graph":[{"@type":"Article","@id":"https:\/\/radioljubuski.ba\/index.php\/2021\/08\/18\/ultrasi-se-oglasili-nakon-dogadanja-u-banjoj-luci-nadali-smo-se-da-su-ta-vremena-davno-prosla\/#article","isPartOf":{"@id":"https:\/\/radioljubuski.ba\/index.php\/2021\/08\/18\/ultrasi-se-oglasili-nakon-dogadanja-u-banjoj-luci-nadali-smo-se-da-su-ta-vremena-davno-prosla\/"},"author":{"name":"Radio Ljubu\u0161ki","@id":"https:\/\/radioljubuski.ba\/#\/schema\/person\/19fc700381a780f69665d7956c469e3b"},"headline":"Ultrasi se oglasili nakon doga\u0111anja u Banjoj Luci: Nadali smo se da su ta vremena davno pro\u0161la","datePublished":"2021-08-18T19:25:59+00:00","dateModified":"2021-08-18T19:26:00+00:00","mainEntityOfPage":{"@id":"https:\/\/radioljubuski.ba\/index.php\/2021\/08\/18\/ultrasi-se-oglasili-nakon-dogadanja-u-banjoj-luci-nadali-smo-se-da-su-ta-vremena-davno-prosla\/"},"wordCount":158,"publisher":{"@id":"https:\/\/radioljubuski.ba\/#organization"},"image":{"@id":"https:\/\/radioljubuski.ba\/index.php\/2021\/08\/18\/ultrasi-se-oglasili-nakon-dogadanja-u-banjoj-luci-nadali-smo-se-da-su-ta-vremena-davno-prosla\/#primaryimage"},"thumbnailUrl":"https:\/\/radioljubuski.ba\/wp-content\/uploads\/2021\/08\/8-2021-08-18-19-17-41-ultras.png","articleSection":["\u0160port"],"inLanguage":"hr"},{"@type":"WebPage","@id":"https:\/\/radioljubuski.ba\/index.php\/2021\/08\/18\/ultrasi-se-oglasili-nakon-dogadanja-u-banjoj-luci-nadali-smo-se-da-su-ta-vremena-davno-prosla\/","url":"https:\/\/radioljubuski.ba\/index.php\/2021\/08\/18\/ultrasi-se-oglasili-nakon-dogadanja-u-banjoj-luci-nadali-smo-se-da-su-ta-vremena-davno-prosla\/","name":"Ultrasi se oglasili nakon doga\u0111anja u Banjoj Luci: Nadali smo se da su ta vremena davno pro\u0161la - RADIO LJUBU\u0160KI","isPartOf":{"@id":"https:\/\/radioljubuski.ba\/#website"},"primaryImageOfPage":{"@id":"https:\/\/radioljubuski.ba\/index.php\/2021\/08\/18\/ultrasi-se-oglasili-nakon-dogadanja-u-banjoj-luci-nadali-smo-se-da-su-ta-vremena-davno-prosla\/#primaryimage"},"image":{"@id":"https:\/\/radioljubuski.ba\/index.php\/2021\/08\/18\/ultrasi-se-oglasili-nakon-dogadanja-u-banjoj-luci-nadali-smo-se-da-su-ta-vremena-davno-prosla\/#primaryimage"},"thumbnailUrl":"https:\/\/radioljubuski.ba\/wp-content\/uploads\/2021\/08\/8-2021-08-18-19-17-41-ultras.png","datePublished":"2021-08-18T19:25:59+00:00","dateModified":"2021-08-18T19:26:00+00:00","breadcrumb":{"@id":"https:\/\/radioljubuski.ba\/index.php\/2021\/08\/18\/ultrasi-se-oglasili-nakon-dogadanja-u-banjoj-luci-nadali-smo-se-da-su-ta-vremena-davno-prosla\/#breadcrumb"},"inLanguage":"hr","potentialAction":[{"@type":"ReadAction","target":["https:\/\/radioljubuski.ba\/index.php\/2021\/08\/18\/ultrasi-se-oglasili-nakon-dogadanja-u-banjoj-luci-nadali-smo-se-da-su-ta-vremena-davno-prosla\/"]}]},{"@type":"ImageObject","inLanguage":"hr","@id":"https:\/\/radioljubuski.ba\/index.php\/2021\/08\/18\/ultrasi-se-oglasili-nakon-dogadanja-u-banjoj-luci-nadali-smo-se-da-su-ta-vremena-davno-prosla\/#primaryimage","url":"https:\/\/radioljubuski.ba\/wp-content\/uploads\/2021\/08\/8-2021-08-18-19-17-41-ultras.png","contentUrl":"https:\/\/radioljubuski.ba\/wp-content\/uploads\/2021\/08\/8-2021-08-18-19-17-41-ultras.png","width":1000,"height":625},{"@type":"BreadcrumbList","@id":"https:\/\/radioljubuski.ba\/index.php\/2021\/08\/18\/ultrasi-se-oglasili-nakon-dogadanja-u-banjoj-luci-nadali-smo-se-da-su-ta-vremena-davno-prosla\/#breadcrumb","itemListElement":[{"@type":"ListItem","position":1,"name":"Po\u010detna stranica","item":"https:\/\/radioljubuski.ba\/"},{"@type":"ListItem","position":2,"name":"Ultrasi se oglasili nakon doga\u0111anja u Banjoj Luci: Nadali smo se da su ta vremena davno pro\u0161la"}]},{"@type":"WebSite","@id":"https:\/\/radioljubuski.ba\/#website","url":"https:\/\/radioljubuski.ba\/","name":"Radio Ljubu\u0161ki","description":"Sun\u010dana frekvencija Hercegovine","publisher":{"@id":"https:\/\/radioljubuski.ba\/#organization"},"potentialAction":[{"@type":"SearchAction","target":{"@type":"EntryPoint","urlTemplate":"https:\/\/radioljubuski.ba\/?s={search_term_string}"},"query-input":{"@type":"PropertyValueSpecification","valueRequired":true,"valueName":"search_term_string"}}],"inLanguage":"hr"},{"@type":"Organization","@id":"https:\/\/radioljubuski.ba\/#organization","name":"Radio Ljubu\u0161ki","url":"https:\/\/radioljubuski.ba\/","logo":{"@type":"ImageObject","inLanguage":"hr","@id":"https:\/\/radioljubuski.ba\/#\/schema\/logo\/image\/","url":"https:\/\/radioljubuski.ba\/wp-content\/uploads\/2021\/02\/cropped-Radio_Ljubuski_logo1.jpg","contentUrl":"https:\/\/radioljubuski.ba\/wp-content\/uploads\/2021\/02\/cropped-Radio_Ljubuski_logo1.jpg","width":512,"height":512,"caption":"Radio Ljubu\u0161ki"},"image":{"@id":"https:\/\/radioljubuski.ba\/#\/schema\/logo\/image\/"},"sameAs":["https:\/\/www.facebook.com\/Radiio-Ljubuski-1490835324566332","https:\/\/x.com\/radioljubuski","https:\/\/hr.linkedin.com\/company\/radio-ljubuski","https:\/\/www.youtube.com\/channel\/UCHYaeO_n0Db3tjNGudGpXyw"]},{"@type":"Person","@id":"https:\/\/radioljubuski.ba\/#\/schema\/person\/19fc700381a780f69665d7956c469e3b","name":"Radio Ljubu\u0161ki"}]}},"_links":{"self":[{"href":"https:\/\/radioljubuski.ba\/index.php\/wp-json\/wp\/v2\/posts\/54643","targetHints":{"allow":["GET"]}}],"collection":[{"href":"https:\/\/radioljubuski.ba\/index.php\/wp-json\/wp\/v2\/posts"}],"about":[{"href":"https:\/\/radioljubuski.ba\/index.php\/wp-json\/wp\/v2\/types\/post"}],"author":[{"embeddable":true,"href":"https:\/\/radioljubuski.ba\/index.php\/wp-json\/wp\/v2\/users\/2"}],"replies":[{"embeddable":true,"href":"https:\/\/radioljubuski.ba\/index.php\/wp-json\/wp\/v2\/comments?post=54643"}],"version-history":[{"count":1,"href":"https:\/\/radioljubuski.ba\/index.php\/wp-json\/wp\/v2\/posts\/54643\/revisions"}],"predecessor-version":[{"id":54645,"href":"https:\/\/radioljubuski.ba\/index.php\/wp-json\/wp\/v2\/posts\/54643\/revisions\/54645"}],"wp:featuredmedia":[{"embeddable":true,"href":"https:\/\/radioljubuski.ba\/index.php\/wp-json\/wp\/v2\/media\/54644"}],"wp:attachment":[{"href":"https:\/\/radioljubuski.ba\/index.php\/wp-json\/wp\/v2\/media?parent=54643"}],"wp:term":[{"taxonomy":"category","embeddable":true,"href":"https:\/\/radioljubuski.ba\/index.php\/wp-json\/wp\/v2\/categories?post=54643"},{"taxonomy":"post_tag","embeddable":true,"href":"https:\/\/radioljubuski.ba\/index.php\/wp-json\/wp\/v2\/tags?post=54643"}],"curies":[{"name":"wp","href":"https:\/\/api.w.org\/{rel}","templated":true}]}}