{"id":54784,"date":"2021-08-18T23:14:20","date_gmt":"2021-08-18T22:14:20","guid":{"rendered":"https:\/\/radioljubuski.ba\/?p=54784"},"modified":"2021-08-18T23:14:21","modified_gmt":"2021-08-18T22:14:21","slug":"kokolingo-prva-digitalna-logopedska-vjezbenica-za-najmlade","status":"publish","type":"post","link":"https:\/\/radioljubuski.ba\/index.php\/2021\/08\/18\/kokolingo-prva-digitalna-logopedska-vjezbenica-za-najmlade\/","title":{"rendered":"Kokolingo &#8211; prva digitalna logopedska vje\u017ebenica za najmla\u0111e"},"content":{"rendered":"\n<p><strong>U Hrvatskoj je razvijena prva digitalna logopedska vje\u017ebenica, simpati\u010dnog naziva Kokolingo. Prof.dr.sc. Miroslav Vranki\u0107 s Tehnolo\u0161kog fakulteta u Rijeci, ka\u017ee kako djeca ovu vje\u017ebenicu percipiraju kao veselu i zabavnu igricu, no zapravo je puno vi\u0161e od toga.<\/strong><\/p>\n\n\n\n<p>&#8211; Kokolingo je pa\u017eljivo osmi\u0161ljena vje\u017ebenica, koja omogu\u0107ava da djeca ispravljaju izgovor nekih glasova koje ih mu\u010de, kazao je Vranki\u0107 u emisiji &#8220;Dobro jutro, Hrvatska&#8221; i dodao kako u praksi to funkcionira jednostavno \u2013 djeca rade ili s roditeljem kod ku\u0107e, ili s logopedom.<br><br>&#8211; Prvo se ode na web stranicu i registrira \u2013 registracija je besplatna, i onda zapravo birate glas koji \u0107ete vje\u017ebati. I onda vam gusar Sre\u0107ko obja\u0161njava kakva je to pote\u0161ko\u0107a i kako se to treba ispravljati. Nakon toga kre\u0107e vesela avantura \u2013 dijete uz pratnju roditelja ili logopeda rje\u0161ava razne vje\u017ebe i igra razne igrice, a paralelno puni izgovara rije\u010di koje u sebi sadr\u017ee taj glas, objasnio je Vranki\u0107.<br><br>Logopedima je Kokolingo koristan dodatni alat za rad s djecom, ka\u017ee Vranki\u0107.<br><br>&#8211; \u010cesto je te\u0161ko zadr\u017eati pa\u017enju djeteta na logopedskoj terapiji, i ponekad djeca nemaju motivacije. Kokolingo im zvu\u010di kao nagrada \u2013 oni trebaju vje\u017ebati, ali vje\u017eba je takva da igraju igricu, i to je njima super. Tako olak\u0161avamo posao samom logopedu, koji se malo manje mora mu\u010diti s motivacijom, isti\u010de.<br><br>Va\u017eno je naglasiti kako ova igra nije zamjena za logopeda \u2013 ona je klju\u010dni sudionik koji prati dijete. Vje\u017ebenica mu samo poma\u017ee da kvalitetnije odradi posao.<br><br>&#8211; Ono \u0161to je velika pomo\u0107 logopedu, je to \u0161to djeca mogu kod ku\u0107e vi\u0161e vje\u017ebati. Da bi dijete uspjelo u ispravku izgovora, mora puno vje\u017ebati, ka\u017ee Vranki\u0107. Isti\u010de kako su povratne informacije od strane roditelja i struke jako dobre.<br><br>Do sada je na Kokolingu registrirano preko 6 tisu\u0107a korisnika, uklju\u010duju\u0107i roditelje i logopede. Vranki\u0107 ka\u017ee kako su dobili i veliko priznanje struke za ovu igricu.<br><br>&#8211; Od Agencije za odgoj i obrazovanje smo dobili pozitivno mi\u0161ljenje. Kokolingo je uvr\u0161ten i u dodatne obrazovne materijale. Tko god ho\u0107e s njim raditi, mo\u017ee biti potpuno miran, ka\u017ee Vranki\u0107.<br><br>Na razvoju igre je sudjelovalo preko 20 ljudi, pri \u010demu je najva\u017eniji bio tim logopeda iz cijele Hrvatske koji je vodio razvoj Kokolinga. Vranki\u0107 ka\u017ee kako \u0107e se s vremenom u Kokolingo dodavati nove aktivnosti zanimljive djeci, a u bli\u017eoj budu\u0107nosti planira se i razvoj verzija igrice za poljsko, britansko, te ameri\u010dko tr\u017ei\u0161te.<\/p>\n\n\n\n<div style=\"width: 640px;\" class=\"wp-video\"><video class=\"wp-video-shortcode\" id=\"video-54784-1\" width=\"640\" height=\"360\" preload=\"metadata\" controls=\"controls\"><source type=\"video\/mp4\" src=\"https:\/\/api.hrt.hr\/media\/c0\/98\/djh-kokolingo-1708-20210817073357.mp4?_=1\" \/><a href=\"https:\/\/api.hrt.hr\/media\/c0\/98\/djh-kokolingo-1708-20210817073357.mp4\">https:\/\/api.hrt.hr\/media\/c0\/98\/djh-kokolingo-1708-20210817073357.mp4<\/a><\/video><\/div>\n\n\n\n<p>Izvor:hrt.hr<\/p>\n","protected":false},"excerpt":{"rendered":"<p>U Hrvatskoj je razvijena prva digitalna logopedska vje\u017ebenica, simpati\u010dnog naziva Kokolingo. Prof.dr.sc. Miroslav Vranki\u0107 s Tehnolo\u0161kog fakulteta u Rijeci, ka\u017ee kako djeca ovu vje\u017ebenicu percipiraju kao veselu i zabavnu igricu, no zapravo je puno vi\u0161e od toga. &#8211; Kokolingo je pa\u017eljivo osmi\u0161ljena vje\u017ebenica, koja omogu\u0107ava da djeca ispravljaju izgovor nekih glasova koje ih mu\u010de, kazao [&hellip;]<\/p>\n","protected":false},"author":2,"featured_media":54785,"comment_status":"closed","ping_status":"closed","sticky":false,"template":"","format":"standard","meta":{"h5ap_radio_sources":[],"footnotes":""},"categories":[1],"tags":[],"class_list":["post-54784","post","type-post","status-publish","format-standard","has-post-thumbnail","hentry","category-bihiregija"],"yoast_head":"<!-- This site is optimized with the Yoast SEO plugin v27.4 - https:\/\/yoast.com\/product\/yoast-seo-wordpress\/ -->\n<title>Kokolingo - prva digitalna logopedska vje\u017ebenica za najmla\u0111e - RADIO LJUBU\u0160KI<\/title>\n<meta name=\"robots\" content=\"index, follow, max-snippet:-1, max-image-preview:large, max-video-preview:-1\" \/>\n<link rel=\"canonical\" href=\"https:\/\/radioljubuski.ba\/index.php\/2021\/08\/18\/kokolingo-prva-digitalna-logopedska-vjezbenica-za-najmlade\/\" \/>\n<meta property=\"og:locale\" content=\"hr_HR\" \/>\n<meta property=\"og:type\" content=\"article\" \/>\n<meta property=\"og:title\" content=\"Kokolingo - prva digitalna logopedska vje\u017ebenica za najmla\u0111e - RADIO LJUBU\u0160KI\" \/>\n<meta property=\"og:description\" content=\"U Hrvatskoj je razvijena prva digitalna logopedska vje\u017ebenica, simpati\u010dnog naziva Kokolingo. Prof.dr.sc. Miroslav Vranki\u0107 s Tehnolo\u0161kog fakulteta u Rijeci, ka\u017ee kako djeca ovu vje\u017ebenicu percipiraju kao veselu i zabavnu igricu, no zapravo je puno vi\u0161e od toga. &#8211; Kokolingo je pa\u017eljivo osmi\u0161ljena vje\u017ebenica, koja omogu\u0107ava da djeca ispravljaju izgovor nekih glasova koje ih mu\u010de, kazao [&hellip;]\" \/>\n<meta property=\"og:url\" content=\"https:\/\/radioljubuski.ba\/index.php\/2021\/08\/18\/kokolingo-prva-digitalna-logopedska-vjezbenica-za-najmlade\/\" \/>\n<meta property=\"og:site_name\" content=\"RADIO LJUBU\u0160KI\" \/>\n<meta property=\"article:publisher\" content=\"https:\/\/www.facebook.com\/Radiio-Ljubuski-1490835324566332\" \/>\n<meta property=\"article:published_time\" content=\"2021-08-18T22:14:20+00:00\" \/>\n<meta property=\"article:modified_time\" content=\"2021-08-18T22:14:21+00:00\" \/>\n<meta property=\"og:image\" content=\"https:\/\/radioljubuski.ba\/wp-content\/uploads\/2021\/08\/t-djh-kokolingo-1708-20210817073357.png\" \/>\n\t<meta property=\"og:image:width\" content=\"1920\" \/>\n\t<meta property=\"og:image:height\" content=\"1080\" \/>\n\t<meta property=\"og:image:type\" content=\"image\/png\" \/>\n<meta name=\"author\" content=\"Radio Ljubu\u0161ki\" \/>\n<meta name=\"twitter:card\" content=\"summary_large_image\" \/>\n<meta name=\"twitter:creator\" content=\"@radioljubuski\" \/>\n<meta name=\"twitter:site\" content=\"@radioljubuski\" \/>\n<meta name=\"twitter:label1\" content=\"Napisao\/la\" \/>\n\t<meta name=\"twitter:data1\" content=\"Radio Ljubu\u0161ki\" \/>\n\t<meta name=\"twitter:label2\" content=\"Procijenjeno vrijeme \u010ditanja\" \/>\n\t<meta name=\"twitter:data2\" content=\"2 minute\" \/>\n<script type=\"application\/ld+json\" class=\"yoast-schema-graph\">{\"@context\":\"https:\\\/\\\/schema.org\",\"@graph\":[{\"@type\":\"Article\",\"@id\":\"https:\\\/\\\/radioljubuski.ba\\\/index.php\\\/2021\\\/08\\\/18\\\/kokolingo-prva-digitalna-logopedska-vjezbenica-za-najmlade\\\/#article\",\"isPartOf\":{\"@id\":\"https:\\\/\\\/radioljubuski.ba\\\/index.php\\\/2021\\\/08\\\/18\\\/kokolingo-prva-digitalna-logopedska-vjezbenica-za-najmlade\\\/\"},\"author\":{\"name\":\"Radio Ljubu\u0161ki\",\"@id\":\"https:\\\/\\\/radioljubuski.ba\\\/#\\\/schema\\\/person\\\/19fc700381a780f69665d7956c469e3b\"},\"headline\":\"Kokolingo &#8211; prva digitalna logopedska vje\u017ebenica za najmla\u0111e\",\"datePublished\":\"2021-08-18T22:14:20+00:00\",\"dateModified\":\"2021-08-18T22:14:21+00:00\",\"mainEntityOfPage\":{\"@id\":\"https:\\\/\\\/radioljubuski.ba\\\/index.php\\\/2021\\\/08\\\/18\\\/kokolingo-prva-digitalna-logopedska-vjezbenica-za-najmlade\\\/\"},\"wordCount\":464,\"publisher\":{\"@id\":\"https:\\\/\\\/radioljubuski.ba\\\/#organization\"},\"image\":{\"@id\":\"https:\\\/\\\/radioljubuski.ba\\\/index.php\\\/2021\\\/08\\\/18\\\/kokolingo-prva-digitalna-logopedska-vjezbenica-za-najmlade\\\/#primaryimage\"},\"thumbnailUrl\":\"https:\\\/\\\/radioljubuski.ba\\\/wp-content\\\/uploads\\\/2021\\\/08\\\/t-djh-kokolingo-1708-20210817073357.png\",\"articleSection\":[\"BIH i regija\"],\"inLanguage\":\"hr\"},{\"@type\":\"WebPage\",\"@id\":\"https:\\\/\\\/radioljubuski.ba\\\/index.php\\\/2021\\\/08\\\/18\\\/kokolingo-prva-digitalna-logopedska-vjezbenica-za-najmlade\\\/\",\"url\":\"https:\\\/\\\/radioljubuski.ba\\\/index.php\\\/2021\\\/08\\\/18\\\/kokolingo-prva-digitalna-logopedska-vjezbenica-za-najmlade\\\/\",\"name\":\"Kokolingo - prva digitalna logopedska vje\u017ebenica za najmla\u0111e - RADIO LJUBU\u0160KI\",\"isPartOf\":{\"@id\":\"https:\\\/\\\/radioljubuski.ba\\\/#website\"},\"primaryImageOfPage\":{\"@id\":\"https:\\\/\\\/radioljubuski.ba\\\/index.php\\\/2021\\\/08\\\/18\\\/kokolingo-prva-digitalna-logopedska-vjezbenica-za-najmlade\\\/#primaryimage\"},\"image\":{\"@id\":\"https:\\\/\\\/radioljubuski.ba\\\/index.php\\\/2021\\\/08\\\/18\\\/kokolingo-prva-digitalna-logopedska-vjezbenica-za-najmlade\\\/#primaryimage\"},\"thumbnailUrl\":\"https:\\\/\\\/radioljubuski.ba\\\/wp-content\\\/uploads\\\/2021\\\/08\\\/t-djh-kokolingo-1708-20210817073357.png\",\"datePublished\":\"2021-08-18T22:14:20+00:00\",\"dateModified\":\"2021-08-18T22:14:21+00:00\",\"breadcrumb\":{\"@id\":\"https:\\\/\\\/radioljubuski.ba\\\/index.php\\\/2021\\\/08\\\/18\\\/kokolingo-prva-digitalna-logopedska-vjezbenica-za-najmlade\\\/#breadcrumb\"},\"inLanguage\":\"hr\",\"potentialAction\":[{\"@type\":\"ReadAction\",\"target\":[\"https:\\\/\\\/radioljubuski.ba\\\/index.php\\\/2021\\\/08\\\/18\\\/kokolingo-prva-digitalna-logopedska-vjezbenica-za-najmlade\\\/\"]}]},{\"@type\":\"ImageObject\",\"inLanguage\":\"hr\",\"@id\":\"https:\\\/\\\/radioljubuski.ba\\\/index.php\\\/2021\\\/08\\\/18\\\/kokolingo-prva-digitalna-logopedska-vjezbenica-za-najmlade\\\/#primaryimage\",\"url\":\"https:\\\/\\\/radioljubuski.ba\\\/wp-content\\\/uploads\\\/2021\\\/08\\\/t-djh-kokolingo-1708-20210817073357.png\",\"contentUrl\":\"https:\\\/\\\/radioljubuski.ba\\\/wp-content\\\/uploads\\\/2021\\\/08\\\/t-djh-kokolingo-1708-20210817073357.png\",\"width\":1920,\"height\":1080},{\"@type\":\"BreadcrumbList\",\"@id\":\"https:\\\/\\\/radioljubuski.ba\\\/index.php\\\/2021\\\/08\\\/18\\\/kokolingo-prva-digitalna-logopedska-vjezbenica-za-najmlade\\\/#breadcrumb\",\"itemListElement\":[{\"@type\":\"ListItem\",\"position\":1,\"name\":\"Po\u010detna stranica\",\"item\":\"https:\\\/\\\/radioljubuski.ba\\\/\"},{\"@type\":\"ListItem\",\"position\":2,\"name\":\"Kokolingo &#8211; prva digitalna logopedska vje\u017ebenica za najmla\u0111e\"}]},{\"@type\":\"WebSite\",\"@id\":\"https:\\\/\\\/radioljubuski.ba\\\/#website\",\"url\":\"https:\\\/\\\/radioljubuski.ba\\\/\",\"name\":\"Radio Ljubu\u0161ki\",\"description\":\"Sun\u010dana frekvencija Hercegovine\",\"publisher\":{\"@id\":\"https:\\\/\\\/radioljubuski.ba\\\/#organization\"},\"potentialAction\":[{\"@type\":\"SearchAction\",\"target\":{\"@type\":\"EntryPoint\",\"urlTemplate\":\"https:\\\/\\\/radioljubuski.ba\\\/?s={search_term_string}\"},\"query-input\":{\"@type\":\"PropertyValueSpecification\",\"valueRequired\":true,\"valueName\":\"search_term_string\"}}],\"inLanguage\":\"hr\"},{\"@type\":\"Organization\",\"@id\":\"https:\\\/\\\/radioljubuski.ba\\\/#organization\",\"name\":\"Radio Ljubu\u0161ki\",\"url\":\"https:\\\/\\\/radioljubuski.ba\\\/\",\"logo\":{\"@type\":\"ImageObject\",\"inLanguage\":\"hr\",\"@id\":\"https:\\\/\\\/radioljubuski.ba\\\/#\\\/schema\\\/logo\\\/image\\\/\",\"url\":\"https:\\\/\\\/radioljubuski.ba\\\/wp-content\\\/uploads\\\/2021\\\/02\\\/cropped-Radio_Ljubuski_logo1.jpg\",\"contentUrl\":\"https:\\\/\\\/radioljubuski.ba\\\/wp-content\\\/uploads\\\/2021\\\/02\\\/cropped-Radio_Ljubuski_logo1.jpg\",\"width\":512,\"height\":512,\"caption\":\"Radio Ljubu\u0161ki\"},\"image\":{\"@id\":\"https:\\\/\\\/radioljubuski.ba\\\/#\\\/schema\\\/logo\\\/image\\\/\"},\"sameAs\":[\"https:\\\/\\\/www.facebook.com\\\/Radiio-Ljubuski-1490835324566332\",\"https:\\\/\\\/x.com\\\/radioljubuski\",\"https:\\\/\\\/hr.linkedin.com\\\/company\\\/radio-ljubuski\",\"https:\\\/\\\/www.youtube.com\\\/channel\\\/UCHYaeO_n0Db3tjNGudGpXyw\"]},{\"@type\":\"Person\",\"@id\":\"https:\\\/\\\/radioljubuski.ba\\\/#\\\/schema\\\/person\\\/19fc700381a780f69665d7956c469e3b\",\"name\":\"Radio Ljubu\u0161ki\"}]}<\/script>\n<!-- \/ Yoast SEO plugin. -->","yoast_head_json":{"title":"Kokolingo - prva digitalna logopedska vje\u017ebenica za najmla\u0111e - RADIO LJUBU\u0160KI","robots":{"index":"index","follow":"follow","max-snippet":"max-snippet:-1","max-image-preview":"max-image-preview:large","max-video-preview":"max-video-preview:-1"},"canonical":"https:\/\/radioljubuski.ba\/index.php\/2021\/08\/18\/kokolingo-prva-digitalna-logopedska-vjezbenica-za-najmlade\/","og_locale":"hr_HR","og_type":"article","og_title":"Kokolingo - prva digitalna logopedska vje\u017ebenica za najmla\u0111e - RADIO LJUBU\u0160KI","og_description":"U Hrvatskoj je razvijena prva digitalna logopedska vje\u017ebenica, simpati\u010dnog naziva Kokolingo. Prof.dr.sc. Miroslav Vranki\u0107 s Tehnolo\u0161kog fakulteta u Rijeci, ka\u017ee kako djeca ovu vje\u017ebenicu percipiraju kao veselu i zabavnu igricu, no zapravo je puno vi\u0161e od toga. &#8211; Kokolingo je pa\u017eljivo osmi\u0161ljena vje\u017ebenica, koja omogu\u0107ava da djeca ispravljaju izgovor nekih glasova koje ih mu\u010de, kazao [&hellip;]","og_url":"https:\/\/radioljubuski.ba\/index.php\/2021\/08\/18\/kokolingo-prva-digitalna-logopedska-vjezbenica-za-najmlade\/","og_site_name":"RADIO LJUBU\u0160KI","article_publisher":"https:\/\/www.facebook.com\/Radiio-Ljubuski-1490835324566332","article_published_time":"2021-08-18T22:14:20+00:00","article_modified_time":"2021-08-18T22:14:21+00:00","og_image":[{"width":1920,"height":1080,"url":"https:\/\/radioljubuski.ba\/wp-content\/uploads\/2021\/08\/t-djh-kokolingo-1708-20210817073357.png","type":"image\/png"}],"author":"Radio Ljubu\u0161ki","twitter_card":"summary_large_image","twitter_creator":"@radioljubuski","twitter_site":"@radioljubuski","twitter_misc":{"Napisao\/la":"Radio Ljubu\u0161ki","Procijenjeno vrijeme \u010ditanja":"2 minute"},"schema":{"@context":"https:\/\/schema.org","@graph":[{"@type":"Article","@id":"https:\/\/radioljubuski.ba\/index.php\/2021\/08\/18\/kokolingo-prva-digitalna-logopedska-vjezbenica-za-najmlade\/#article","isPartOf":{"@id":"https:\/\/radioljubuski.ba\/index.php\/2021\/08\/18\/kokolingo-prva-digitalna-logopedska-vjezbenica-za-najmlade\/"},"author":{"name":"Radio Ljubu\u0161ki","@id":"https:\/\/radioljubuski.ba\/#\/schema\/person\/19fc700381a780f69665d7956c469e3b"},"headline":"Kokolingo &#8211; prva digitalna logopedska vje\u017ebenica za najmla\u0111e","datePublished":"2021-08-18T22:14:20+00:00","dateModified":"2021-08-18T22:14:21+00:00","mainEntityOfPage":{"@id":"https:\/\/radioljubuski.ba\/index.php\/2021\/08\/18\/kokolingo-prva-digitalna-logopedska-vjezbenica-za-najmlade\/"},"wordCount":464,"publisher":{"@id":"https:\/\/radioljubuski.ba\/#organization"},"image":{"@id":"https:\/\/radioljubuski.ba\/index.php\/2021\/08\/18\/kokolingo-prva-digitalna-logopedska-vjezbenica-za-najmlade\/#primaryimage"},"thumbnailUrl":"https:\/\/radioljubuski.ba\/wp-content\/uploads\/2021\/08\/t-djh-kokolingo-1708-20210817073357.png","articleSection":["BIH i regija"],"inLanguage":"hr"},{"@type":"WebPage","@id":"https:\/\/radioljubuski.ba\/index.php\/2021\/08\/18\/kokolingo-prva-digitalna-logopedska-vjezbenica-za-najmlade\/","url":"https:\/\/radioljubuski.ba\/index.php\/2021\/08\/18\/kokolingo-prva-digitalna-logopedska-vjezbenica-za-najmlade\/","name":"Kokolingo - prva digitalna logopedska vje\u017ebenica za najmla\u0111e - RADIO LJUBU\u0160KI","isPartOf":{"@id":"https:\/\/radioljubuski.ba\/#website"},"primaryImageOfPage":{"@id":"https:\/\/radioljubuski.ba\/index.php\/2021\/08\/18\/kokolingo-prva-digitalna-logopedska-vjezbenica-za-najmlade\/#primaryimage"},"image":{"@id":"https:\/\/radioljubuski.ba\/index.php\/2021\/08\/18\/kokolingo-prva-digitalna-logopedska-vjezbenica-za-najmlade\/#primaryimage"},"thumbnailUrl":"https:\/\/radioljubuski.ba\/wp-content\/uploads\/2021\/08\/t-djh-kokolingo-1708-20210817073357.png","datePublished":"2021-08-18T22:14:20+00:00","dateModified":"2021-08-18T22:14:21+00:00","breadcrumb":{"@id":"https:\/\/radioljubuski.ba\/index.php\/2021\/08\/18\/kokolingo-prva-digitalna-logopedska-vjezbenica-za-najmlade\/#breadcrumb"},"inLanguage":"hr","potentialAction":[{"@type":"ReadAction","target":["https:\/\/radioljubuski.ba\/index.php\/2021\/08\/18\/kokolingo-prva-digitalna-logopedska-vjezbenica-za-najmlade\/"]}]},{"@type":"ImageObject","inLanguage":"hr","@id":"https:\/\/radioljubuski.ba\/index.php\/2021\/08\/18\/kokolingo-prva-digitalna-logopedska-vjezbenica-za-najmlade\/#primaryimage","url":"https:\/\/radioljubuski.ba\/wp-content\/uploads\/2021\/08\/t-djh-kokolingo-1708-20210817073357.png","contentUrl":"https:\/\/radioljubuski.ba\/wp-content\/uploads\/2021\/08\/t-djh-kokolingo-1708-20210817073357.png","width":1920,"height":1080},{"@type":"BreadcrumbList","@id":"https:\/\/radioljubuski.ba\/index.php\/2021\/08\/18\/kokolingo-prva-digitalna-logopedska-vjezbenica-za-najmlade\/#breadcrumb","itemListElement":[{"@type":"ListItem","position":1,"name":"Po\u010detna stranica","item":"https:\/\/radioljubuski.ba\/"},{"@type":"ListItem","position":2,"name":"Kokolingo &#8211; prva digitalna logopedska vje\u017ebenica za najmla\u0111e"}]},{"@type":"WebSite","@id":"https:\/\/radioljubuski.ba\/#website","url":"https:\/\/radioljubuski.ba\/","name":"Radio Ljubu\u0161ki","description":"Sun\u010dana frekvencija Hercegovine","publisher":{"@id":"https:\/\/radioljubuski.ba\/#organization"},"potentialAction":[{"@type":"SearchAction","target":{"@type":"EntryPoint","urlTemplate":"https:\/\/radioljubuski.ba\/?s={search_term_string}"},"query-input":{"@type":"PropertyValueSpecification","valueRequired":true,"valueName":"search_term_string"}}],"inLanguage":"hr"},{"@type":"Organization","@id":"https:\/\/radioljubuski.ba\/#organization","name":"Radio Ljubu\u0161ki","url":"https:\/\/radioljubuski.ba\/","logo":{"@type":"ImageObject","inLanguage":"hr","@id":"https:\/\/radioljubuski.ba\/#\/schema\/logo\/image\/","url":"https:\/\/radioljubuski.ba\/wp-content\/uploads\/2021\/02\/cropped-Radio_Ljubuski_logo1.jpg","contentUrl":"https:\/\/radioljubuski.ba\/wp-content\/uploads\/2021\/02\/cropped-Radio_Ljubuski_logo1.jpg","width":512,"height":512,"caption":"Radio Ljubu\u0161ki"},"image":{"@id":"https:\/\/radioljubuski.ba\/#\/schema\/logo\/image\/"},"sameAs":["https:\/\/www.facebook.com\/Radiio-Ljubuski-1490835324566332","https:\/\/x.com\/radioljubuski","https:\/\/hr.linkedin.com\/company\/radio-ljubuski","https:\/\/www.youtube.com\/channel\/UCHYaeO_n0Db3tjNGudGpXyw"]},{"@type":"Person","@id":"https:\/\/radioljubuski.ba\/#\/schema\/person\/19fc700381a780f69665d7956c469e3b","name":"Radio Ljubu\u0161ki"}]}},"_links":{"self":[{"href":"https:\/\/radioljubuski.ba\/index.php\/wp-json\/wp\/v2\/posts\/54784","targetHints":{"allow":["GET"]}}],"collection":[{"href":"https:\/\/radioljubuski.ba\/index.php\/wp-json\/wp\/v2\/posts"}],"about":[{"href":"https:\/\/radioljubuski.ba\/index.php\/wp-json\/wp\/v2\/types\/post"}],"author":[{"embeddable":true,"href":"https:\/\/radioljubuski.ba\/index.php\/wp-json\/wp\/v2\/users\/2"}],"replies":[{"embeddable":true,"href":"https:\/\/radioljubuski.ba\/index.php\/wp-json\/wp\/v2\/comments?post=54784"}],"version-history":[{"count":1,"href":"https:\/\/radioljubuski.ba\/index.php\/wp-json\/wp\/v2\/posts\/54784\/revisions"}],"predecessor-version":[{"id":54786,"href":"https:\/\/radioljubuski.ba\/index.php\/wp-json\/wp\/v2\/posts\/54784\/revisions\/54786"}],"wp:featuredmedia":[{"embeddable":true,"href":"https:\/\/radioljubuski.ba\/index.php\/wp-json\/wp\/v2\/media\/54785"}],"wp:attachment":[{"href":"https:\/\/radioljubuski.ba\/index.php\/wp-json\/wp\/v2\/media?parent=54784"}],"wp:term":[{"taxonomy":"category","embeddable":true,"href":"https:\/\/radioljubuski.ba\/index.php\/wp-json\/wp\/v2\/categories?post=54784"},{"taxonomy":"post_tag","embeddable":true,"href":"https:\/\/radioljubuski.ba\/index.php\/wp-json\/wp\/v2\/tags?post=54784"}],"curies":[{"name":"wp","href":"https:\/\/api.w.org\/{rel}","templated":true}]}}