{"id":54810,"date":"2021-08-18T23:33:48","date_gmt":"2021-08-18T22:33:48","guid":{"rendered":"https:\/\/radioljubuski.ba\/?p=54810"},"modified":"2021-08-18T23:33:49","modified_gmt":"2021-08-18T22:33:49","slug":"pametnom-medicinskom-gimnastikom-protiv-kronicne-boli","status":"publish","type":"post","link":"https:\/\/radioljubuski.ba\/index.php\/2021\/08\/18\/pametnom-medicinskom-gimnastikom-protiv-kronicne-boli\/","title":{"rendered":"Pametnom medicinskom gimnastikom protiv kroni\u010dne boli"},"content":{"rendered":"\n<p><strong>\u010covjek je dio prirode. Vje\u017ebati na mekanoj travi, u sjeni ili na blagom suncu, \u010dak i sitne \u017eivotinjice koje nam katkada smetaju dio su te prirode poput nas i sve to pridonosi osje\u0107aju ugode.<\/strong><\/p>\n\n\n\n<p><strong>Stjepan Dren Mlinarec<\/strong>, vi\u0161i fizoterapeut, svoje je vje\u017ebe nazvao pametnom medicinskom gimnastikom. Rije\u010d je o medicinskim vje\u017ebama iz fizioterapijske klini\u010dke prakse prilago\u0111enima za grupni rad. Cilj je ljude rije\u0161iti kroni\u010dne boli.<br><br>&#8211; Mi idemo korak dalje. Ne stajemo na tome da se ljudi privremeno rije\u0161e boli, nego ih u\u010dimo kako svaki njihov mini pokret, svaka rotacije ruke, vrate, glava, prsnog ko\u0161a, mogu biti u\u010dinkovitiji da bi svako kretanje bilo bolje i lak\u0161e i time djelujemo na korijen problema. Na ono \u0161to uzrokuje bol &#8211; neu\u010dinkovito kretanje, rekao je Stjepan.<br><br><strong>Branka Dervi\u0161evi\u0107&nbsp;<\/strong>socijalna je radnica u mirovini. Nikada, ka\u017ee, nije voljela vje\u017ebati i smatrala je to &#8220;tlakom&#8221; no onda je na snahinu inicijativu krenula na ovaj trening i sada je vrlo zadovoljna. Dolazi ve\u0107 dvije godine i voli vje\u017ebati u dvorani, no vani na zraku posebno je zadovoljstvo.<br><br>Unutarnji prostor daje nam slobodu organiziranja i nismo ovisni o vremenskim uvjetima, ali vje\u017ebanju na svje\u017eem zraku mo\u017eemo se prilagoditi, obja\u0161njava nam Stjepan, te isti\u010de da treba samo na\u0107i pravo vrijeme.&nbsp;<\/p>\n\n\n\n<p>U\u010diteljica\u00a0<strong>Ivona Feri\u0107\u00a0<\/strong>vje\u017eba cijeli \u017eivot. No u posljednje tri godine otkriva, ka\u017ee, nove na\u010dine, pa je Stjepanov privukao njezinu pozornost. Definira ga kao vje\u017ebe za du\u0161u i tijelo.<br><br>&#8211; Nakon svake vje\u017ebe toliko ti je ljep\u0161i dan i ispunjeniji si da ti to postane kao neki obrazac pona\u0161anja. Kako ujutro pere\u0161 zube tako ujutro mora\u0161 vje\u017ebati da bi bio sretan, ka\u017ee Ivona.<br><br>Vje\u017ebe su namijenjene svima, obja\u0161njava nam Stjepan. A sve je vi\u0161e mladih ljudi koji se priklju\u010duju grupi.<br><br>&#8211; Ljudi kad \u010duju pojam medicinske vje\u017ebe misle da to nije za njih bar jo\u0161 50 godina, ali zapravo je. Ljudi se iznenade koliko je to jednostavno, zanimljivo, koliko je svaki sat druga\u010diji i koliko se mo\u017ee unaprijed djelovati na neke stvari. Mi ne mo\u017eemo zaustaviti stvari, ali za\u0161to bi imali neke probleme s 40 ako ih mo\u017eemo pomaknuti da do\u0111u sa 60 ili 70. To je ta ljepota ranog uklju\u010divanja u programe vje\u017ebanja, nagla\u0161ava Stjepan.<br><br>Nakon neizvjesnih dana pandemije i lockdowna, vje\u017ebati vani posebno je zadovoljstvo.\u00a0<\/p>\n\n\n\n<div style=\"width: 640px;\" class=\"wp-video\"><video class=\"wp-video-shortcode\" id=\"video-54810-1\" width=\"640\" height=\"360\" preload=\"metadata\" controls=\"controls\"><source type=\"video\/mp4\" src=\"https:\/\/api.hrt.hr\/media\/44\/e6\/djh-vjezbanje-1808-20210818073820.mp4?_=1\" \/><a href=\"https:\/\/api.hrt.hr\/media\/44\/e6\/djh-vjezbanje-1808-20210818073820.mp4\">https:\/\/api.hrt.hr\/media\/44\/e6\/djh-vjezbanje-1808-20210818073820.mp4<\/a><\/video><\/div>\n\n\n\n<p>Vje\u017ebalo se cijelo ljeto, ka\u017ee nam Stjepan Dren Mlinarec. Bundek je, ba\u0161 poput Bo\u0107arskog doma, idealno mjesto i uvjeren je da u mnogim gradovima i mjestima postoje sli\u010dni prostori. Iako su vje\u017ebe polagane, njima se posti\u017ee \u017eeljeni cilj, a to je bolja pokretljivost. No Branka Dervi\u0161evi\u0107 sa smije\u0161kom nam ka\u017ee da je i smr\u0161avjela, iako joj to nije bio cilj.<br><br>Stjepan Dren Mlinarec \u010desto nam je pokazivao korisne vje\u017ebe. U prvom lockdownu ba\u0161 nam je on obja\u0161njavao vje\u017ebe disanja kao prevenciju od COVID-a, presudne za odr\u017eavanje dobrog zdravstvenog ali i mentalnog stanja. Pro\u0161le je godine zavr\u0161io edukaciju za miofascijalnog terapeuta i ve\u0107 se veselimo novim vje\u017ebama.<\/p>\n\n\n\n<p>Izvor:hrt.hr<\/p>\n","protected":false},"excerpt":{"rendered":"<p>\u010covjek je dio prirode. Vje\u017ebati na mekanoj travi, u sjeni ili na blagom suncu, \u010dak i sitne \u017eivotinjice koje nam katkada smetaju dio su te prirode poput nas i sve to pridonosi osje\u0107aju ugode. Stjepan Dren Mlinarec, vi\u0161i fizoterapeut, svoje je vje\u017ebe nazvao pametnom medicinskom gimnastikom. Rije\u010d je o medicinskim vje\u017ebama iz fizioterapijske klini\u010dke prakse [&hellip;]<\/p>\n","protected":false},"author":2,"featured_media":54811,"comment_status":"closed","ping_status":"closed","sticky":false,"template":"","format":"standard","meta":{"h5ap_radio_sources":[],"footnotes":""},"categories":[1],"tags":[],"class_list":["post-54810","post","type-post","status-publish","format-standard","has-post-thumbnail","hentry","category-bihiregija"],"yoast_head":"<!-- This site is optimized with the Yoast SEO plugin v27.4 - https:\/\/yoast.com\/product\/yoast-seo-wordpress\/ -->\n<title>Pametnom medicinskom gimnastikom protiv kroni\u010dne boli - RADIO LJUBU\u0160KI<\/title>\n<meta name=\"robots\" content=\"index, follow, max-snippet:-1, max-image-preview:large, max-video-preview:-1\" \/>\n<link rel=\"canonical\" href=\"https:\/\/radioljubuski.ba\/index.php\/2021\/08\/18\/pametnom-medicinskom-gimnastikom-protiv-kronicne-boli\/\" \/>\n<meta property=\"og:locale\" content=\"hr_HR\" \/>\n<meta property=\"og:type\" content=\"article\" \/>\n<meta property=\"og:title\" content=\"Pametnom medicinskom gimnastikom protiv kroni\u010dne boli - RADIO LJUBU\u0160KI\" \/>\n<meta property=\"og:description\" content=\"\u010covjek je dio prirode. Vje\u017ebati na mekanoj travi, u sjeni ili na blagom suncu, \u010dak i sitne \u017eivotinjice koje nam katkada smetaju dio su te prirode poput nas i sve to pridonosi osje\u0107aju ugode. Stjepan Dren Mlinarec, vi\u0161i fizoterapeut, svoje je vje\u017ebe nazvao pametnom medicinskom gimnastikom. Rije\u010d je o medicinskim vje\u017ebama iz fizioterapijske klini\u010dke prakse [&hellip;]\" \/>\n<meta property=\"og:url\" content=\"https:\/\/radioljubuski.ba\/index.php\/2021\/08\/18\/pametnom-medicinskom-gimnastikom-protiv-kronicne-boli\/\" \/>\n<meta property=\"og:site_name\" content=\"RADIO LJUBU\u0160KI\" \/>\n<meta property=\"article:publisher\" content=\"https:\/\/www.facebook.com\/Radiio-Ljubuski-1490835324566332\" \/>\n<meta property=\"article:published_time\" content=\"2021-08-18T22:33:48+00:00\" \/>\n<meta property=\"article:modified_time\" content=\"2021-08-18T22:33:49+00:00\" \/>\n<meta property=\"og:image\" content=\"https:\/\/radioljubuski.ba\/wp-content\/uploads\/2021\/08\/preuzmi-34.jpg\" \/>\n\t<meta property=\"og:image:width\" content=\"300\" \/>\n\t<meta property=\"og:image:height\" content=\"168\" \/>\n\t<meta property=\"og:image:type\" content=\"image\/jpeg\" \/>\n<meta name=\"author\" content=\"Radio Ljubu\u0161ki\" \/>\n<meta name=\"twitter:card\" content=\"summary_large_image\" \/>\n<meta name=\"twitter:creator\" content=\"@radioljubuski\" \/>\n<meta name=\"twitter:site\" content=\"@radioljubuski\" \/>\n<meta name=\"twitter:label1\" content=\"Napisao\/la\" \/>\n\t<meta name=\"twitter:data1\" content=\"Radio Ljubu\u0161ki\" \/>\n\t<meta name=\"twitter:label2\" content=\"Procijenjeno vrijeme \u010ditanja\" \/>\n\t<meta name=\"twitter:data2\" content=\"3 minute\" \/>\n<script type=\"application\/ld+json\" class=\"yoast-schema-graph\">{\"@context\":\"https:\\\/\\\/schema.org\",\"@graph\":[{\"@type\":\"Article\",\"@id\":\"https:\\\/\\\/radioljubuski.ba\\\/index.php\\\/2021\\\/08\\\/18\\\/pametnom-medicinskom-gimnastikom-protiv-kronicne-boli\\\/#article\",\"isPartOf\":{\"@id\":\"https:\\\/\\\/radioljubuski.ba\\\/index.php\\\/2021\\\/08\\\/18\\\/pametnom-medicinskom-gimnastikom-protiv-kronicne-boli\\\/\"},\"author\":{\"name\":\"Radio Ljubu\u0161ki\",\"@id\":\"https:\\\/\\\/radioljubuski.ba\\\/#\\\/schema\\\/person\\\/19fc700381a780f69665d7956c469e3b\"},\"headline\":\"Pametnom medicinskom gimnastikom protiv kroni\u010dne boli\",\"datePublished\":\"2021-08-18T22:33:48+00:00\",\"dateModified\":\"2021-08-18T22:33:49+00:00\",\"mainEntityOfPage\":{\"@id\":\"https:\\\/\\\/radioljubuski.ba\\\/index.php\\\/2021\\\/08\\\/18\\\/pametnom-medicinskom-gimnastikom-protiv-kronicne-boli\\\/\"},\"wordCount\":560,\"publisher\":{\"@id\":\"https:\\\/\\\/radioljubuski.ba\\\/#organization\"},\"image\":{\"@id\":\"https:\\\/\\\/radioljubuski.ba\\\/index.php\\\/2021\\\/08\\\/18\\\/pametnom-medicinskom-gimnastikom-protiv-kronicne-boli\\\/#primaryimage\"},\"thumbnailUrl\":\"https:\\\/\\\/radioljubuski.ba\\\/wp-content\\\/uploads\\\/2021\\\/08\\\/preuzmi-34.jpg\",\"articleSection\":[\"BIH i regija\"],\"inLanguage\":\"hr\"},{\"@type\":\"WebPage\",\"@id\":\"https:\\\/\\\/radioljubuski.ba\\\/index.php\\\/2021\\\/08\\\/18\\\/pametnom-medicinskom-gimnastikom-protiv-kronicne-boli\\\/\",\"url\":\"https:\\\/\\\/radioljubuski.ba\\\/index.php\\\/2021\\\/08\\\/18\\\/pametnom-medicinskom-gimnastikom-protiv-kronicne-boli\\\/\",\"name\":\"Pametnom medicinskom gimnastikom protiv kroni\u010dne boli - RADIO LJUBU\u0160KI\",\"isPartOf\":{\"@id\":\"https:\\\/\\\/radioljubuski.ba\\\/#website\"},\"primaryImageOfPage\":{\"@id\":\"https:\\\/\\\/radioljubuski.ba\\\/index.php\\\/2021\\\/08\\\/18\\\/pametnom-medicinskom-gimnastikom-protiv-kronicne-boli\\\/#primaryimage\"},\"image\":{\"@id\":\"https:\\\/\\\/radioljubuski.ba\\\/index.php\\\/2021\\\/08\\\/18\\\/pametnom-medicinskom-gimnastikom-protiv-kronicne-boli\\\/#primaryimage\"},\"thumbnailUrl\":\"https:\\\/\\\/radioljubuski.ba\\\/wp-content\\\/uploads\\\/2021\\\/08\\\/preuzmi-34.jpg\",\"datePublished\":\"2021-08-18T22:33:48+00:00\",\"dateModified\":\"2021-08-18T22:33:49+00:00\",\"breadcrumb\":{\"@id\":\"https:\\\/\\\/radioljubuski.ba\\\/index.php\\\/2021\\\/08\\\/18\\\/pametnom-medicinskom-gimnastikom-protiv-kronicne-boli\\\/#breadcrumb\"},\"inLanguage\":\"hr\",\"potentialAction\":[{\"@type\":\"ReadAction\",\"target\":[\"https:\\\/\\\/radioljubuski.ba\\\/index.php\\\/2021\\\/08\\\/18\\\/pametnom-medicinskom-gimnastikom-protiv-kronicne-boli\\\/\"]}]},{\"@type\":\"ImageObject\",\"inLanguage\":\"hr\",\"@id\":\"https:\\\/\\\/radioljubuski.ba\\\/index.php\\\/2021\\\/08\\\/18\\\/pametnom-medicinskom-gimnastikom-protiv-kronicne-boli\\\/#primaryimage\",\"url\":\"https:\\\/\\\/radioljubuski.ba\\\/wp-content\\\/uploads\\\/2021\\\/08\\\/preuzmi-34.jpg\",\"contentUrl\":\"https:\\\/\\\/radioljubuski.ba\\\/wp-content\\\/uploads\\\/2021\\\/08\\\/preuzmi-34.jpg\",\"width\":300,\"height\":168},{\"@type\":\"BreadcrumbList\",\"@id\":\"https:\\\/\\\/radioljubuski.ba\\\/index.php\\\/2021\\\/08\\\/18\\\/pametnom-medicinskom-gimnastikom-protiv-kronicne-boli\\\/#breadcrumb\",\"itemListElement\":[{\"@type\":\"ListItem\",\"position\":1,\"name\":\"Po\u010detna stranica\",\"item\":\"https:\\\/\\\/radioljubuski.ba\\\/\"},{\"@type\":\"ListItem\",\"position\":2,\"name\":\"Pametnom medicinskom gimnastikom protiv kroni\u010dne boli\"}]},{\"@type\":\"WebSite\",\"@id\":\"https:\\\/\\\/radioljubuski.ba\\\/#website\",\"url\":\"https:\\\/\\\/radioljubuski.ba\\\/\",\"name\":\"Radio Ljubu\u0161ki\",\"description\":\"Sun\u010dana frekvencija Hercegovine\",\"publisher\":{\"@id\":\"https:\\\/\\\/radioljubuski.ba\\\/#organization\"},\"potentialAction\":[{\"@type\":\"SearchAction\",\"target\":{\"@type\":\"EntryPoint\",\"urlTemplate\":\"https:\\\/\\\/radioljubuski.ba\\\/?s={search_term_string}\"},\"query-input\":{\"@type\":\"PropertyValueSpecification\",\"valueRequired\":true,\"valueName\":\"search_term_string\"}}],\"inLanguage\":\"hr\"},{\"@type\":\"Organization\",\"@id\":\"https:\\\/\\\/radioljubuski.ba\\\/#organization\",\"name\":\"Radio Ljubu\u0161ki\",\"url\":\"https:\\\/\\\/radioljubuski.ba\\\/\",\"logo\":{\"@type\":\"ImageObject\",\"inLanguage\":\"hr\",\"@id\":\"https:\\\/\\\/radioljubuski.ba\\\/#\\\/schema\\\/logo\\\/image\\\/\",\"url\":\"https:\\\/\\\/radioljubuski.ba\\\/wp-content\\\/uploads\\\/2021\\\/02\\\/cropped-Radio_Ljubuski_logo1.jpg\",\"contentUrl\":\"https:\\\/\\\/radioljubuski.ba\\\/wp-content\\\/uploads\\\/2021\\\/02\\\/cropped-Radio_Ljubuski_logo1.jpg\",\"width\":512,\"height\":512,\"caption\":\"Radio Ljubu\u0161ki\"},\"image\":{\"@id\":\"https:\\\/\\\/radioljubuski.ba\\\/#\\\/schema\\\/logo\\\/image\\\/\"},\"sameAs\":[\"https:\\\/\\\/www.facebook.com\\\/Radiio-Ljubuski-1490835324566332\",\"https:\\\/\\\/x.com\\\/radioljubuski\",\"https:\\\/\\\/hr.linkedin.com\\\/company\\\/radio-ljubuski\",\"https:\\\/\\\/www.youtube.com\\\/channel\\\/UCHYaeO_n0Db3tjNGudGpXyw\"]},{\"@type\":\"Person\",\"@id\":\"https:\\\/\\\/radioljubuski.ba\\\/#\\\/schema\\\/person\\\/19fc700381a780f69665d7956c469e3b\",\"name\":\"Radio Ljubu\u0161ki\"}]}<\/script>\n<!-- \/ Yoast SEO plugin. -->","yoast_head_json":{"title":"Pametnom medicinskom gimnastikom protiv kroni\u010dne boli - RADIO LJUBU\u0160KI","robots":{"index":"index","follow":"follow","max-snippet":"max-snippet:-1","max-image-preview":"max-image-preview:large","max-video-preview":"max-video-preview:-1"},"canonical":"https:\/\/radioljubuski.ba\/index.php\/2021\/08\/18\/pametnom-medicinskom-gimnastikom-protiv-kronicne-boli\/","og_locale":"hr_HR","og_type":"article","og_title":"Pametnom medicinskom gimnastikom protiv kroni\u010dne boli - RADIO LJUBU\u0160KI","og_description":"\u010covjek je dio prirode. Vje\u017ebati na mekanoj travi, u sjeni ili na blagom suncu, \u010dak i sitne \u017eivotinjice koje nam katkada smetaju dio su te prirode poput nas i sve to pridonosi osje\u0107aju ugode. Stjepan Dren Mlinarec, vi\u0161i fizoterapeut, svoje je vje\u017ebe nazvao pametnom medicinskom gimnastikom. Rije\u010d je o medicinskim vje\u017ebama iz fizioterapijske klini\u010dke prakse [&hellip;]","og_url":"https:\/\/radioljubuski.ba\/index.php\/2021\/08\/18\/pametnom-medicinskom-gimnastikom-protiv-kronicne-boli\/","og_site_name":"RADIO LJUBU\u0160KI","article_publisher":"https:\/\/www.facebook.com\/Radiio-Ljubuski-1490835324566332","article_published_time":"2021-08-18T22:33:48+00:00","article_modified_time":"2021-08-18T22:33:49+00:00","og_image":[{"width":300,"height":168,"url":"https:\/\/radioljubuski.ba\/wp-content\/uploads\/2021\/08\/preuzmi-34.jpg","type":"image\/jpeg"}],"author":"Radio Ljubu\u0161ki","twitter_card":"summary_large_image","twitter_creator":"@radioljubuski","twitter_site":"@radioljubuski","twitter_misc":{"Napisao\/la":"Radio Ljubu\u0161ki","Procijenjeno vrijeme \u010ditanja":"3 minute"},"schema":{"@context":"https:\/\/schema.org","@graph":[{"@type":"Article","@id":"https:\/\/radioljubuski.ba\/index.php\/2021\/08\/18\/pametnom-medicinskom-gimnastikom-protiv-kronicne-boli\/#article","isPartOf":{"@id":"https:\/\/radioljubuski.ba\/index.php\/2021\/08\/18\/pametnom-medicinskom-gimnastikom-protiv-kronicne-boli\/"},"author":{"name":"Radio Ljubu\u0161ki","@id":"https:\/\/radioljubuski.ba\/#\/schema\/person\/19fc700381a780f69665d7956c469e3b"},"headline":"Pametnom medicinskom gimnastikom protiv kroni\u010dne boli","datePublished":"2021-08-18T22:33:48+00:00","dateModified":"2021-08-18T22:33:49+00:00","mainEntityOfPage":{"@id":"https:\/\/radioljubuski.ba\/index.php\/2021\/08\/18\/pametnom-medicinskom-gimnastikom-protiv-kronicne-boli\/"},"wordCount":560,"publisher":{"@id":"https:\/\/radioljubuski.ba\/#organization"},"image":{"@id":"https:\/\/radioljubuski.ba\/index.php\/2021\/08\/18\/pametnom-medicinskom-gimnastikom-protiv-kronicne-boli\/#primaryimage"},"thumbnailUrl":"https:\/\/radioljubuski.ba\/wp-content\/uploads\/2021\/08\/preuzmi-34.jpg","articleSection":["BIH i regija"],"inLanguage":"hr"},{"@type":"WebPage","@id":"https:\/\/radioljubuski.ba\/index.php\/2021\/08\/18\/pametnom-medicinskom-gimnastikom-protiv-kronicne-boli\/","url":"https:\/\/radioljubuski.ba\/index.php\/2021\/08\/18\/pametnom-medicinskom-gimnastikom-protiv-kronicne-boli\/","name":"Pametnom medicinskom gimnastikom protiv kroni\u010dne boli - RADIO LJUBU\u0160KI","isPartOf":{"@id":"https:\/\/radioljubuski.ba\/#website"},"primaryImageOfPage":{"@id":"https:\/\/radioljubuski.ba\/index.php\/2021\/08\/18\/pametnom-medicinskom-gimnastikom-protiv-kronicne-boli\/#primaryimage"},"image":{"@id":"https:\/\/radioljubuski.ba\/index.php\/2021\/08\/18\/pametnom-medicinskom-gimnastikom-protiv-kronicne-boli\/#primaryimage"},"thumbnailUrl":"https:\/\/radioljubuski.ba\/wp-content\/uploads\/2021\/08\/preuzmi-34.jpg","datePublished":"2021-08-18T22:33:48+00:00","dateModified":"2021-08-18T22:33:49+00:00","breadcrumb":{"@id":"https:\/\/radioljubuski.ba\/index.php\/2021\/08\/18\/pametnom-medicinskom-gimnastikom-protiv-kronicne-boli\/#breadcrumb"},"inLanguage":"hr","potentialAction":[{"@type":"ReadAction","target":["https:\/\/radioljubuski.ba\/index.php\/2021\/08\/18\/pametnom-medicinskom-gimnastikom-protiv-kronicne-boli\/"]}]},{"@type":"ImageObject","inLanguage":"hr","@id":"https:\/\/radioljubuski.ba\/index.php\/2021\/08\/18\/pametnom-medicinskom-gimnastikom-protiv-kronicne-boli\/#primaryimage","url":"https:\/\/radioljubuski.ba\/wp-content\/uploads\/2021\/08\/preuzmi-34.jpg","contentUrl":"https:\/\/radioljubuski.ba\/wp-content\/uploads\/2021\/08\/preuzmi-34.jpg","width":300,"height":168},{"@type":"BreadcrumbList","@id":"https:\/\/radioljubuski.ba\/index.php\/2021\/08\/18\/pametnom-medicinskom-gimnastikom-protiv-kronicne-boli\/#breadcrumb","itemListElement":[{"@type":"ListItem","position":1,"name":"Po\u010detna stranica","item":"https:\/\/radioljubuski.ba\/"},{"@type":"ListItem","position":2,"name":"Pametnom medicinskom gimnastikom protiv kroni\u010dne boli"}]},{"@type":"WebSite","@id":"https:\/\/radioljubuski.ba\/#website","url":"https:\/\/radioljubuski.ba\/","name":"Radio Ljubu\u0161ki","description":"Sun\u010dana frekvencija Hercegovine","publisher":{"@id":"https:\/\/radioljubuski.ba\/#organization"},"potentialAction":[{"@type":"SearchAction","target":{"@type":"EntryPoint","urlTemplate":"https:\/\/radioljubuski.ba\/?s={search_term_string}"},"query-input":{"@type":"PropertyValueSpecification","valueRequired":true,"valueName":"search_term_string"}}],"inLanguage":"hr"},{"@type":"Organization","@id":"https:\/\/radioljubuski.ba\/#organization","name":"Radio Ljubu\u0161ki","url":"https:\/\/radioljubuski.ba\/","logo":{"@type":"ImageObject","inLanguage":"hr","@id":"https:\/\/radioljubuski.ba\/#\/schema\/logo\/image\/","url":"https:\/\/radioljubuski.ba\/wp-content\/uploads\/2021\/02\/cropped-Radio_Ljubuski_logo1.jpg","contentUrl":"https:\/\/radioljubuski.ba\/wp-content\/uploads\/2021\/02\/cropped-Radio_Ljubuski_logo1.jpg","width":512,"height":512,"caption":"Radio Ljubu\u0161ki"},"image":{"@id":"https:\/\/radioljubuski.ba\/#\/schema\/logo\/image\/"},"sameAs":["https:\/\/www.facebook.com\/Radiio-Ljubuski-1490835324566332","https:\/\/x.com\/radioljubuski","https:\/\/hr.linkedin.com\/company\/radio-ljubuski","https:\/\/www.youtube.com\/channel\/UCHYaeO_n0Db3tjNGudGpXyw"]},{"@type":"Person","@id":"https:\/\/radioljubuski.ba\/#\/schema\/person\/19fc700381a780f69665d7956c469e3b","name":"Radio Ljubu\u0161ki"}]}},"_links":{"self":[{"href":"https:\/\/radioljubuski.ba\/index.php\/wp-json\/wp\/v2\/posts\/54810","targetHints":{"allow":["GET"]}}],"collection":[{"href":"https:\/\/radioljubuski.ba\/index.php\/wp-json\/wp\/v2\/posts"}],"about":[{"href":"https:\/\/radioljubuski.ba\/index.php\/wp-json\/wp\/v2\/types\/post"}],"author":[{"embeddable":true,"href":"https:\/\/radioljubuski.ba\/index.php\/wp-json\/wp\/v2\/users\/2"}],"replies":[{"embeddable":true,"href":"https:\/\/radioljubuski.ba\/index.php\/wp-json\/wp\/v2\/comments?post=54810"}],"version-history":[{"count":1,"href":"https:\/\/radioljubuski.ba\/index.php\/wp-json\/wp\/v2\/posts\/54810\/revisions"}],"predecessor-version":[{"id":54812,"href":"https:\/\/radioljubuski.ba\/index.php\/wp-json\/wp\/v2\/posts\/54810\/revisions\/54812"}],"wp:featuredmedia":[{"embeddable":true,"href":"https:\/\/radioljubuski.ba\/index.php\/wp-json\/wp\/v2\/media\/54811"}],"wp:attachment":[{"href":"https:\/\/radioljubuski.ba\/index.php\/wp-json\/wp\/v2\/media?parent=54810"}],"wp:term":[{"taxonomy":"category","embeddable":true,"href":"https:\/\/radioljubuski.ba\/index.php\/wp-json\/wp\/v2\/categories?post=54810"},{"taxonomy":"post_tag","embeddable":true,"href":"https:\/\/radioljubuski.ba\/index.php\/wp-json\/wp\/v2\/tags?post=54810"}],"curies":[{"name":"wp","href":"https:\/\/api.w.org\/{rel}","templated":true}]}}