{"id":54840,"date":"2021-08-19T00:19:47","date_gmt":"2021-08-18T23:19:47","guid":{"rendered":"https:\/\/radioljubuski.ba\/?p=54840"},"modified":"2021-08-19T00:19:48","modified_gmt":"2021-08-18T23:19:48","slug":"covid-u-svijetu-korona-nam-ponovo-pokazuje-svoje-strasno-lice","status":"publish","type":"post","link":"https:\/\/radioljubuski.ba\/index.php\/2021\/08\/19\/covid-u-svijetu-korona-nam-ponovo-pokazuje-svoje-strasno-lice\/","title":{"rendered":"COVID u svijetu: &#8220;Korona nam ponovo pokazuje svoje stra\u0161no lice&#8221;"},"content":{"rendered":"\n<p><strong>Visoko zarazna delta-varijanta koronavirusa sve se br\u017ee \u0161iri svijetom. Velik skok broja novozara\u017eenih dogodio se na jugoistoku Azije te u Rusiji. Europa je na oprezu, osobito zato \u0161to se pribli\u017eava po\u010detak \u0161kolske godine. Poziv svima na cijepljenje u videoporuci je poslao papa Franjo.<\/strong><\/p>\n\n\n\n<p>31,8 posto ljudi u svijetu primilo je jednu dozu cjepiva, a potpuno je cijepljeno 23,9 posto. Samo ih je oko 1 posto iz siroma\u0161nih zemalja. A da cjepivo mora biti dostupno svima i da se treba cijepiti, istaknuo je u videoporuci&nbsp;<strong>papa Franjo<\/strong>&nbsp;koji se cijepio u o\u017eujku.<\/p>\n\n\n\n<p>&#8211; Zahvaljuju\u0107i Bogu i radu mnogih, sada imamo cjepiva da nas za\u0161tite od COVID-a. Daju nam nadu da \u0107e pandemiji do\u0107i kraj, ali samo ako su svima dostupna i ako radimo zajedno, rekao je.<\/p>\n\n\n\n<p>U njema\u010dkoj pokrajini Sjeverna Rajna-Vestfalija nastava je po\u010dela. U\u010denici moraju nositi maske, a svi koji nisu cijepljeni, testirat \u0107e se dvaput tjedno. Kako se pribli\u017eava jesen, sve vi\u0161e Nijemaca odlu\u010duje se na cijepljenje. Tako je sada gotovo 58 posto njih potpuno cijepljeno.<\/p>\n\n\n\n<p>U susjednoj Srbiji po\u010delo je cijepljenje tre\u0107om dozom. Mogu je primiti svi koji su cijepljeni prije najmanje 180 dana, no prioritet su oni koji jo\u0161 nisu primili ni prvu dozu. Unato\u010d dostupnosti cjepiva, u Srbiji je potpuno cijepljeno manje od 40 posto stanovnika, a broj zara\u017eenih alarmantno raste.<\/p>\n\n\n\n<p>&#8211; To je sve posljedica toga \u0161to smo usporili s cijepljenjem, \u0161to smo se opustili, mislili smo da je sve gotovo. Na\u017ealost, nije. Korona nam ponovo pokazuje svoje stra\u0161no lice, bolnice se ubrzano pune, rekao je<strong>&nbsp;Zoran Beki\u0107<\/strong>, direktor centra za cijepljenje na Beogradskom sajmu.<\/p>\n\n\n\n<p>U Srbiji bi za dva tjedna trebala po\u010deti nastava, no ho\u0107e li i kako &#8211; ne zna se. Sastanci vezani uz po\u010detak \u0161kolske godine odr\u017eavaju se i u Sloveniji. Kako u\u010denike vratiti u klupe, a virus zadr\u017eati vani, posvuda je glavno pitanje.<\/p>\n\n\n\n<div style=\"width: 640px;\" class=\"wp-video\"><video class=\"wp-video-shortcode\" id=\"video-54840-1\" width=\"640\" height=\"360\" preload=\"metadata\" controls=\"controls\"><source type=\"video\/mp4\" src=\"https:\/\/api.hrt.hr\/media\/55\/db\/tvd2-covid-eu-20210818175743.mp4?_=1\" \/><a href=\"https:\/\/api.hrt.hr\/media\/55\/db\/tvd2-covid-eu-20210818175743.mp4\">https:\/\/api.hrt.hr\/media\/55\/db\/tvd2-covid-eu-20210818175743.mp4<\/a><\/video><\/div>\n\n\n\n<p>Izvor:hrt.hr<\/p>\n","protected":false},"excerpt":{"rendered":"<p>Visoko zarazna delta-varijanta koronavirusa sve se br\u017ee \u0161iri svijetom. Velik skok broja novozara\u017eenih dogodio se na jugoistoku Azije te u Rusiji. Europa je na oprezu, osobito zato \u0161to se pribli\u017eava po\u010detak \u0161kolske godine. Poziv svima na cijepljenje u videoporuci je poslao papa Franjo. 31,8 posto ljudi u svijetu primilo je jednu dozu cjepiva, a potpuno [&hellip;]<\/p>\n","protected":false},"author":2,"featured_media":25896,"comment_status":"closed","ping_status":"closed","sticky":false,"template":"","format":"standard","meta":{"h5ap_radio_sources":[],"footnotes":""},"categories":[1],"tags":[],"class_list":["post-54840","post","type-post","status-publish","format-standard","has-post-thumbnail","hentry","category-bihiregija"],"yoast_head":"<!-- This site is optimized with the Yoast SEO plugin v27.4 - https:\/\/yoast.com\/product\/yoast-seo-wordpress\/ -->\n<title>COVID u svijetu: &quot;Korona nam ponovo pokazuje svoje stra\u0161no lice&quot; - RADIO LJUBU\u0160KI<\/title>\n<meta name=\"robots\" content=\"index, follow, max-snippet:-1, max-image-preview:large, max-video-preview:-1\" \/>\n<link rel=\"canonical\" href=\"https:\/\/radioljubuski.ba\/index.php\/2021\/08\/19\/covid-u-svijetu-korona-nam-ponovo-pokazuje-svoje-strasno-lice\/\" \/>\n<meta property=\"og:locale\" content=\"hr_HR\" \/>\n<meta property=\"og:type\" content=\"article\" \/>\n<meta property=\"og:title\" content=\"COVID u svijetu: &quot;Korona nam ponovo pokazuje svoje stra\u0161no lice&quot; - RADIO LJUBU\u0160KI\" \/>\n<meta property=\"og:description\" content=\"Visoko zarazna delta-varijanta koronavirusa sve se br\u017ee \u0161iri svijetom. Velik skok broja novozara\u017eenih dogodio se na jugoistoku Azije te u Rusiji. Europa je na oprezu, osobito zato \u0161to se pribli\u017eava po\u010detak \u0161kolske godine. Poziv svima na cijepljenje u videoporuci je poslao papa Franjo. 31,8 posto ljudi u svijetu primilo je jednu dozu cjepiva, a potpuno [&hellip;]\" \/>\n<meta property=\"og:url\" content=\"https:\/\/radioljubuski.ba\/index.php\/2021\/08\/19\/covid-u-svijetu-korona-nam-ponovo-pokazuje-svoje-strasno-lice\/\" \/>\n<meta property=\"og:site_name\" content=\"RADIO LJUBU\u0160KI\" \/>\n<meta property=\"article:publisher\" content=\"https:\/\/www.facebook.com\/Radiio-Ljubuski-1490835324566332\" \/>\n<meta property=\"article:published_time\" content=\"2021-08-18T23:19:47+00:00\" \/>\n<meta property=\"article:modified_time\" content=\"2021-08-18T23:19:48+00:00\" \/>\n<meta property=\"og:image\" content=\"https:\/\/radioljubuski.ba\/wp-content\/uploads\/2021\/05\/Mhbgft9k_cijepljenje2.jpg\" \/>\n\t<meta property=\"og:image:width\" content=\"1000\" \/>\n\t<meta property=\"og:image:height\" content=\"625\" \/>\n\t<meta property=\"og:image:type\" content=\"image\/jpeg\" \/>\n<meta name=\"author\" content=\"Radio Ljubu\u0161ki\" \/>\n<meta name=\"twitter:card\" content=\"summary_large_image\" \/>\n<meta name=\"twitter:creator\" content=\"@radioljubuski\" \/>\n<meta name=\"twitter:site\" content=\"@radioljubuski\" \/>\n<meta name=\"twitter:label1\" content=\"Napisao\/la\" \/>\n\t<meta name=\"twitter:data1\" content=\"Radio Ljubu\u0161ki\" \/>\n\t<meta name=\"twitter:label2\" content=\"Procijenjeno vrijeme \u010ditanja\" \/>\n\t<meta name=\"twitter:data2\" content=\"2 minute\" \/>\n<script type=\"application\/ld+json\" class=\"yoast-schema-graph\">{\"@context\":\"https:\\\/\\\/schema.org\",\"@graph\":[{\"@type\":\"Article\",\"@id\":\"https:\\\/\\\/radioljubuski.ba\\\/index.php\\\/2021\\\/08\\\/19\\\/covid-u-svijetu-korona-nam-ponovo-pokazuje-svoje-strasno-lice\\\/#article\",\"isPartOf\":{\"@id\":\"https:\\\/\\\/radioljubuski.ba\\\/index.php\\\/2021\\\/08\\\/19\\\/covid-u-svijetu-korona-nam-ponovo-pokazuje-svoje-strasno-lice\\\/\"},\"author\":{\"name\":\"Radio Ljubu\u0161ki\",\"@id\":\"https:\\\/\\\/radioljubuski.ba\\\/#\\\/schema\\\/person\\\/19fc700381a780f69665d7956c469e3b\"},\"headline\":\"COVID u svijetu: &#8220;Korona nam ponovo pokazuje svoje stra\u0161no lice&#8221;\",\"datePublished\":\"2021-08-18T23:19:47+00:00\",\"dateModified\":\"2021-08-18T23:19:48+00:00\",\"mainEntityOfPage\":{\"@id\":\"https:\\\/\\\/radioljubuski.ba\\\/index.php\\\/2021\\\/08\\\/19\\\/covid-u-svijetu-korona-nam-ponovo-pokazuje-svoje-strasno-lice\\\/\"},\"wordCount\":348,\"publisher\":{\"@id\":\"https:\\\/\\\/radioljubuski.ba\\\/#organization\"},\"image\":{\"@id\":\"https:\\\/\\\/radioljubuski.ba\\\/index.php\\\/2021\\\/08\\\/19\\\/covid-u-svijetu-korona-nam-ponovo-pokazuje-svoje-strasno-lice\\\/#primaryimage\"},\"thumbnailUrl\":\"https:\\\/\\\/radioljubuski.ba\\\/wp-content\\\/uploads\\\/2021\\\/05\\\/Mhbgft9k_cijepljenje2.jpg\",\"articleSection\":[\"BIH i regija\"],\"inLanguage\":\"hr\"},{\"@type\":\"WebPage\",\"@id\":\"https:\\\/\\\/radioljubuski.ba\\\/index.php\\\/2021\\\/08\\\/19\\\/covid-u-svijetu-korona-nam-ponovo-pokazuje-svoje-strasno-lice\\\/\",\"url\":\"https:\\\/\\\/radioljubuski.ba\\\/index.php\\\/2021\\\/08\\\/19\\\/covid-u-svijetu-korona-nam-ponovo-pokazuje-svoje-strasno-lice\\\/\",\"name\":\"COVID u svijetu: \\\"Korona nam ponovo pokazuje svoje stra\u0161no lice\\\" - RADIO LJUBU\u0160KI\",\"isPartOf\":{\"@id\":\"https:\\\/\\\/radioljubuski.ba\\\/#website\"},\"primaryImageOfPage\":{\"@id\":\"https:\\\/\\\/radioljubuski.ba\\\/index.php\\\/2021\\\/08\\\/19\\\/covid-u-svijetu-korona-nam-ponovo-pokazuje-svoje-strasno-lice\\\/#primaryimage\"},\"image\":{\"@id\":\"https:\\\/\\\/radioljubuski.ba\\\/index.php\\\/2021\\\/08\\\/19\\\/covid-u-svijetu-korona-nam-ponovo-pokazuje-svoje-strasno-lice\\\/#primaryimage\"},\"thumbnailUrl\":\"https:\\\/\\\/radioljubuski.ba\\\/wp-content\\\/uploads\\\/2021\\\/05\\\/Mhbgft9k_cijepljenje2.jpg\",\"datePublished\":\"2021-08-18T23:19:47+00:00\",\"dateModified\":\"2021-08-18T23:19:48+00:00\",\"breadcrumb\":{\"@id\":\"https:\\\/\\\/radioljubuski.ba\\\/index.php\\\/2021\\\/08\\\/19\\\/covid-u-svijetu-korona-nam-ponovo-pokazuje-svoje-strasno-lice\\\/#breadcrumb\"},\"inLanguage\":\"hr\",\"potentialAction\":[{\"@type\":\"ReadAction\",\"target\":[\"https:\\\/\\\/radioljubuski.ba\\\/index.php\\\/2021\\\/08\\\/19\\\/covid-u-svijetu-korona-nam-ponovo-pokazuje-svoje-strasno-lice\\\/\"]}]},{\"@type\":\"ImageObject\",\"inLanguage\":\"hr\",\"@id\":\"https:\\\/\\\/radioljubuski.ba\\\/index.php\\\/2021\\\/08\\\/19\\\/covid-u-svijetu-korona-nam-ponovo-pokazuje-svoje-strasno-lice\\\/#primaryimage\",\"url\":\"https:\\\/\\\/radioljubuski.ba\\\/wp-content\\\/uploads\\\/2021\\\/05\\\/Mhbgft9k_cijepljenje2.jpg\",\"contentUrl\":\"https:\\\/\\\/radioljubuski.ba\\\/wp-content\\\/uploads\\\/2021\\\/05\\\/Mhbgft9k_cijepljenje2.jpg\",\"width\":1000,\"height\":625},{\"@type\":\"BreadcrumbList\",\"@id\":\"https:\\\/\\\/radioljubuski.ba\\\/index.php\\\/2021\\\/08\\\/19\\\/covid-u-svijetu-korona-nam-ponovo-pokazuje-svoje-strasno-lice\\\/#breadcrumb\",\"itemListElement\":[{\"@type\":\"ListItem\",\"position\":1,\"name\":\"Po\u010detna stranica\",\"item\":\"https:\\\/\\\/radioljubuski.ba\\\/\"},{\"@type\":\"ListItem\",\"position\":2,\"name\":\"COVID u svijetu: &#8220;Korona nam ponovo pokazuje svoje stra\u0161no lice&#8221;\"}]},{\"@type\":\"WebSite\",\"@id\":\"https:\\\/\\\/radioljubuski.ba\\\/#website\",\"url\":\"https:\\\/\\\/radioljubuski.ba\\\/\",\"name\":\"Radio Ljubu\u0161ki\",\"description\":\"Sun\u010dana frekvencija Hercegovine\",\"publisher\":{\"@id\":\"https:\\\/\\\/radioljubuski.ba\\\/#organization\"},\"potentialAction\":[{\"@type\":\"SearchAction\",\"target\":{\"@type\":\"EntryPoint\",\"urlTemplate\":\"https:\\\/\\\/radioljubuski.ba\\\/?s={search_term_string}\"},\"query-input\":{\"@type\":\"PropertyValueSpecification\",\"valueRequired\":true,\"valueName\":\"search_term_string\"}}],\"inLanguage\":\"hr\"},{\"@type\":\"Organization\",\"@id\":\"https:\\\/\\\/radioljubuski.ba\\\/#organization\",\"name\":\"Radio Ljubu\u0161ki\",\"url\":\"https:\\\/\\\/radioljubuski.ba\\\/\",\"logo\":{\"@type\":\"ImageObject\",\"inLanguage\":\"hr\",\"@id\":\"https:\\\/\\\/radioljubuski.ba\\\/#\\\/schema\\\/logo\\\/image\\\/\",\"url\":\"https:\\\/\\\/radioljubuski.ba\\\/wp-content\\\/uploads\\\/2021\\\/02\\\/cropped-Radio_Ljubuski_logo1.jpg\",\"contentUrl\":\"https:\\\/\\\/radioljubuski.ba\\\/wp-content\\\/uploads\\\/2021\\\/02\\\/cropped-Radio_Ljubuski_logo1.jpg\",\"width\":512,\"height\":512,\"caption\":\"Radio Ljubu\u0161ki\"},\"image\":{\"@id\":\"https:\\\/\\\/radioljubuski.ba\\\/#\\\/schema\\\/logo\\\/image\\\/\"},\"sameAs\":[\"https:\\\/\\\/www.facebook.com\\\/Radiio-Ljubuski-1490835324566332\",\"https:\\\/\\\/x.com\\\/radioljubuski\",\"https:\\\/\\\/hr.linkedin.com\\\/company\\\/radio-ljubuski\",\"https:\\\/\\\/www.youtube.com\\\/channel\\\/UCHYaeO_n0Db3tjNGudGpXyw\"]},{\"@type\":\"Person\",\"@id\":\"https:\\\/\\\/radioljubuski.ba\\\/#\\\/schema\\\/person\\\/19fc700381a780f69665d7956c469e3b\",\"name\":\"Radio Ljubu\u0161ki\"}]}<\/script>\n<!-- \/ Yoast SEO plugin. -->","yoast_head_json":{"title":"COVID u svijetu: \"Korona nam ponovo pokazuje svoje stra\u0161no lice\" - RADIO LJUBU\u0160KI","robots":{"index":"index","follow":"follow","max-snippet":"max-snippet:-1","max-image-preview":"max-image-preview:large","max-video-preview":"max-video-preview:-1"},"canonical":"https:\/\/radioljubuski.ba\/index.php\/2021\/08\/19\/covid-u-svijetu-korona-nam-ponovo-pokazuje-svoje-strasno-lice\/","og_locale":"hr_HR","og_type":"article","og_title":"COVID u svijetu: \"Korona nam ponovo pokazuje svoje stra\u0161no lice\" - RADIO LJUBU\u0160KI","og_description":"Visoko zarazna delta-varijanta koronavirusa sve se br\u017ee \u0161iri svijetom. Velik skok broja novozara\u017eenih dogodio se na jugoistoku Azije te u Rusiji. Europa je na oprezu, osobito zato \u0161to se pribli\u017eava po\u010detak \u0161kolske godine. Poziv svima na cijepljenje u videoporuci je poslao papa Franjo. 31,8 posto ljudi u svijetu primilo je jednu dozu cjepiva, a potpuno [&hellip;]","og_url":"https:\/\/radioljubuski.ba\/index.php\/2021\/08\/19\/covid-u-svijetu-korona-nam-ponovo-pokazuje-svoje-strasno-lice\/","og_site_name":"RADIO LJUBU\u0160KI","article_publisher":"https:\/\/www.facebook.com\/Radiio-Ljubuski-1490835324566332","article_published_time":"2021-08-18T23:19:47+00:00","article_modified_time":"2021-08-18T23:19:48+00:00","og_image":[{"width":1000,"height":625,"url":"https:\/\/radioljubuski.ba\/wp-content\/uploads\/2021\/05\/Mhbgft9k_cijepljenje2.jpg","type":"image\/jpeg"}],"author":"Radio Ljubu\u0161ki","twitter_card":"summary_large_image","twitter_creator":"@radioljubuski","twitter_site":"@radioljubuski","twitter_misc":{"Napisao\/la":"Radio Ljubu\u0161ki","Procijenjeno vrijeme \u010ditanja":"2 minute"},"schema":{"@context":"https:\/\/schema.org","@graph":[{"@type":"Article","@id":"https:\/\/radioljubuski.ba\/index.php\/2021\/08\/19\/covid-u-svijetu-korona-nam-ponovo-pokazuje-svoje-strasno-lice\/#article","isPartOf":{"@id":"https:\/\/radioljubuski.ba\/index.php\/2021\/08\/19\/covid-u-svijetu-korona-nam-ponovo-pokazuje-svoje-strasno-lice\/"},"author":{"name":"Radio Ljubu\u0161ki","@id":"https:\/\/radioljubuski.ba\/#\/schema\/person\/19fc700381a780f69665d7956c469e3b"},"headline":"COVID u svijetu: &#8220;Korona nam ponovo pokazuje svoje stra\u0161no lice&#8221;","datePublished":"2021-08-18T23:19:47+00:00","dateModified":"2021-08-18T23:19:48+00:00","mainEntityOfPage":{"@id":"https:\/\/radioljubuski.ba\/index.php\/2021\/08\/19\/covid-u-svijetu-korona-nam-ponovo-pokazuje-svoje-strasno-lice\/"},"wordCount":348,"publisher":{"@id":"https:\/\/radioljubuski.ba\/#organization"},"image":{"@id":"https:\/\/radioljubuski.ba\/index.php\/2021\/08\/19\/covid-u-svijetu-korona-nam-ponovo-pokazuje-svoje-strasno-lice\/#primaryimage"},"thumbnailUrl":"https:\/\/radioljubuski.ba\/wp-content\/uploads\/2021\/05\/Mhbgft9k_cijepljenje2.jpg","articleSection":["BIH i regija"],"inLanguage":"hr"},{"@type":"WebPage","@id":"https:\/\/radioljubuski.ba\/index.php\/2021\/08\/19\/covid-u-svijetu-korona-nam-ponovo-pokazuje-svoje-strasno-lice\/","url":"https:\/\/radioljubuski.ba\/index.php\/2021\/08\/19\/covid-u-svijetu-korona-nam-ponovo-pokazuje-svoje-strasno-lice\/","name":"COVID u svijetu: \"Korona nam ponovo pokazuje svoje stra\u0161no lice\" - RADIO LJUBU\u0160KI","isPartOf":{"@id":"https:\/\/radioljubuski.ba\/#website"},"primaryImageOfPage":{"@id":"https:\/\/radioljubuski.ba\/index.php\/2021\/08\/19\/covid-u-svijetu-korona-nam-ponovo-pokazuje-svoje-strasno-lice\/#primaryimage"},"image":{"@id":"https:\/\/radioljubuski.ba\/index.php\/2021\/08\/19\/covid-u-svijetu-korona-nam-ponovo-pokazuje-svoje-strasno-lice\/#primaryimage"},"thumbnailUrl":"https:\/\/radioljubuski.ba\/wp-content\/uploads\/2021\/05\/Mhbgft9k_cijepljenje2.jpg","datePublished":"2021-08-18T23:19:47+00:00","dateModified":"2021-08-18T23:19:48+00:00","breadcrumb":{"@id":"https:\/\/radioljubuski.ba\/index.php\/2021\/08\/19\/covid-u-svijetu-korona-nam-ponovo-pokazuje-svoje-strasno-lice\/#breadcrumb"},"inLanguage":"hr","potentialAction":[{"@type":"ReadAction","target":["https:\/\/radioljubuski.ba\/index.php\/2021\/08\/19\/covid-u-svijetu-korona-nam-ponovo-pokazuje-svoje-strasno-lice\/"]}]},{"@type":"ImageObject","inLanguage":"hr","@id":"https:\/\/radioljubuski.ba\/index.php\/2021\/08\/19\/covid-u-svijetu-korona-nam-ponovo-pokazuje-svoje-strasno-lice\/#primaryimage","url":"https:\/\/radioljubuski.ba\/wp-content\/uploads\/2021\/05\/Mhbgft9k_cijepljenje2.jpg","contentUrl":"https:\/\/radioljubuski.ba\/wp-content\/uploads\/2021\/05\/Mhbgft9k_cijepljenje2.jpg","width":1000,"height":625},{"@type":"BreadcrumbList","@id":"https:\/\/radioljubuski.ba\/index.php\/2021\/08\/19\/covid-u-svijetu-korona-nam-ponovo-pokazuje-svoje-strasno-lice\/#breadcrumb","itemListElement":[{"@type":"ListItem","position":1,"name":"Po\u010detna stranica","item":"https:\/\/radioljubuski.ba\/"},{"@type":"ListItem","position":2,"name":"COVID u svijetu: &#8220;Korona nam ponovo pokazuje svoje stra\u0161no lice&#8221;"}]},{"@type":"WebSite","@id":"https:\/\/radioljubuski.ba\/#website","url":"https:\/\/radioljubuski.ba\/","name":"Radio Ljubu\u0161ki","description":"Sun\u010dana frekvencija Hercegovine","publisher":{"@id":"https:\/\/radioljubuski.ba\/#organization"},"potentialAction":[{"@type":"SearchAction","target":{"@type":"EntryPoint","urlTemplate":"https:\/\/radioljubuski.ba\/?s={search_term_string}"},"query-input":{"@type":"PropertyValueSpecification","valueRequired":true,"valueName":"search_term_string"}}],"inLanguage":"hr"},{"@type":"Organization","@id":"https:\/\/radioljubuski.ba\/#organization","name":"Radio Ljubu\u0161ki","url":"https:\/\/radioljubuski.ba\/","logo":{"@type":"ImageObject","inLanguage":"hr","@id":"https:\/\/radioljubuski.ba\/#\/schema\/logo\/image\/","url":"https:\/\/radioljubuski.ba\/wp-content\/uploads\/2021\/02\/cropped-Radio_Ljubuski_logo1.jpg","contentUrl":"https:\/\/radioljubuski.ba\/wp-content\/uploads\/2021\/02\/cropped-Radio_Ljubuski_logo1.jpg","width":512,"height":512,"caption":"Radio Ljubu\u0161ki"},"image":{"@id":"https:\/\/radioljubuski.ba\/#\/schema\/logo\/image\/"},"sameAs":["https:\/\/www.facebook.com\/Radiio-Ljubuski-1490835324566332","https:\/\/x.com\/radioljubuski","https:\/\/hr.linkedin.com\/company\/radio-ljubuski","https:\/\/www.youtube.com\/channel\/UCHYaeO_n0Db3tjNGudGpXyw"]},{"@type":"Person","@id":"https:\/\/radioljubuski.ba\/#\/schema\/person\/19fc700381a780f69665d7956c469e3b","name":"Radio Ljubu\u0161ki"}]}},"_links":{"self":[{"href":"https:\/\/radioljubuski.ba\/index.php\/wp-json\/wp\/v2\/posts\/54840","targetHints":{"allow":["GET"]}}],"collection":[{"href":"https:\/\/radioljubuski.ba\/index.php\/wp-json\/wp\/v2\/posts"}],"about":[{"href":"https:\/\/radioljubuski.ba\/index.php\/wp-json\/wp\/v2\/types\/post"}],"author":[{"embeddable":true,"href":"https:\/\/radioljubuski.ba\/index.php\/wp-json\/wp\/v2\/users\/2"}],"replies":[{"embeddable":true,"href":"https:\/\/radioljubuski.ba\/index.php\/wp-json\/wp\/v2\/comments?post=54840"}],"version-history":[{"count":1,"href":"https:\/\/radioljubuski.ba\/index.php\/wp-json\/wp\/v2\/posts\/54840\/revisions"}],"predecessor-version":[{"id":54841,"href":"https:\/\/radioljubuski.ba\/index.php\/wp-json\/wp\/v2\/posts\/54840\/revisions\/54841"}],"wp:featuredmedia":[{"embeddable":true,"href":"https:\/\/radioljubuski.ba\/index.php\/wp-json\/wp\/v2\/media\/25896"}],"wp:attachment":[{"href":"https:\/\/radioljubuski.ba\/index.php\/wp-json\/wp\/v2\/media?parent=54840"}],"wp:term":[{"taxonomy":"category","embeddable":true,"href":"https:\/\/radioljubuski.ba\/index.php\/wp-json\/wp\/v2\/categories?post=54840"},{"taxonomy":"post_tag","embeddable":true,"href":"https:\/\/radioljubuski.ba\/index.php\/wp-json\/wp\/v2\/tags?post=54840"}],"curies":[{"name":"wp","href":"https:\/\/api.w.org\/{rel}","templated":true}]}}