{"id":54893,"date":"2021-08-19T01:18:18","date_gmt":"2021-08-19T00:18:18","guid":{"rendered":"https:\/\/radioljubuski.ba\/?p=54893"},"modified":"2021-08-19T01:18:19","modified_gmt":"2021-08-19T00:18:19","slug":"sejo-sexon-da-sam-malo-ruzniji-bavio-bih-se-politikom-nema-boljeg-naroda-od-onoga-na-balkanu-za-taj-i-estradni-posao","status":"publish","type":"post","link":"https:\/\/radioljubuski.ba\/index.php\/2021\/08\/19\/sejo-sexon-da-sam-malo-ruzniji-bavio-bih-se-politikom-nema-boljeg-naroda-od-onoga-na-balkanu-za-taj-i-estradni-posao\/","title":{"rendered":"Sejo Sexon: \u2018Da sam malo ru\u017eniji bavio bih se politikom, nema boljeg naroda od onoga na Balkanu za taj i estradni posao\u2018"},"content":{"rendered":"\n<p>Na Gradini \u0107e u subotu 21. kolovoza zasvirati Zabranjeno Pu\u0161enje, a publiku o\u010dekuje njihov klasi\u010dni repertoar &#8211; pjesme s tu\u017enim happy endom u kojima se o\u010dituju o raznim dru\u0161tvenim situacijama, ka\u017ee nam&nbsp;<strong>Sejo Sexon<\/strong>&nbsp;s kojim smo popri\u010dali o nadolaze\u0107em koncertu, ali i o glazbenoj sceni uop\u0107e, ozbiljno koliko razgovor s na\u0161im humoristi\u010dnim&nbsp;sugovornikom ozbiljan mo\u017ee biti.<\/p>\n\n\n\n<p>Pro\u0161la su gotovo \u010detiri desetlje\u0107a otkako je 1984. iza\u0161ao prvi album Zabranjenog pu\u0161enja Das ist Walter. Otada se bend suo\u010davao s problemima s komunisti\u010dkim vlastima, ratnim nevoljama, a ipak su se odr\u017eali sve do danas. Kako im je to po\u0161lo za rukom? Sejo Sexon bez trenutka razmi\u0161ljanja daje odgovor na to pitanje &#8211; zaslu\u017ean je naravno frontmen, tj. on.<\/p>\n\n\n\n<figure class=\"wp-block-image\"><img decoding=\"async\" src=\"https:\/\/static.slobodnadalmacija.hr\/images\/slike\/2021\/08\/17\/18345000.jpg?1629300330\" alt=\"image\"\/><\/figure>\n\n\n\n<p>\u201cNajva\u017enije vam je da je pjeva\u010d lijep. Ja se zato kvarcam, radim malo s botoksom, moram biti i lijepo obu\u010den. Isto kad biramo nove \u010dlanove benda napravimo audiciju i pazimo da su to slatki mladi\u0107i. Treba udovoljavati publici, pogotovo \u017eenskoj. Showbizz je kompetitivan, pa vidite kako recimo<strong>&nbsp;Zdravko \u010coli\u0107 i drugi&nbsp;<\/strong>rade&nbsp;na sebi,\u201d ka\u017ee nam Sejo i dodaje da su u svemu tome pjesme zapravo nebitne. Smijemo se, nije nam jasno kako onda rade stalno novu glazbu ako su pjesme skroz neva\u017ene, ali ne da se na\u0161 sugovornik smesti. \u201cObavezno morate slu\u0161ati top liste i onda ukradete najpoznatiji hit. Sre\u0107om, publika je sad neobrazovana pa ne bi primijetila ni da plagirate &#8216;Yesterday&#8217;. Mo\u017eete uvijek dati sto maraka nekom pijanom pjesniku pa on napi\u0161e tekst i to je to. Nikako ne smijete stvarati ne\u0161to druga\u010dije jer onda nepotrebno riskirate i iritirate ljude odstupanjem od svoga stila.\u201d<\/p>\n\n\n\n<p>Formula uspjeha na estradi sli\u010dna je onoj u svijetu politike, primje\u0107uje Sejo i ka\u017ee kako nema ljep\u0161eg naroda za ta dva zanimanja od onoga na Balkanu. \u201cTo je zapravo ista slu\u017eba. Da sam malo ru\u017eniji bavio bih se politikom, sve je to u pet deka. Mo\u017eda u to krenem kad ostarim, jedino mi fali zatvorska karijera, to je jako dobra referenca za posao. Malo se nakradete, pa onda pravac politika da to za\u0161titite. Nikad nije kasno, samo da Bog da da pro\u0111e ova &#8216;baja&#8217; i sve je mogu\u0107e,\u201d ka\u017ee pjeva\u010d misle\u0107i naravno na Covid.<\/p>\n\n\n\n<p>U tom stilu napisana je i jedna od zadnjih pjesama Zabranjenog pu\u0161enja i\u00a0<strong>Elvisa J. Kurtovi\u0107a<\/strong>\u00a0&#8216;Korona Hit pozitivan&#8217;. Ba\u0161 kao \u0161to Sejo \u010deka da pro\u0111e korona da stigne ostvariti svoje politi\u010dke ambicije, tako u ovom tekstu stari i onemo\u0107ali pjesnik strahuje da \u0107e se razboljeti jer je upravo napisao hit za koji o\u010dekuje da \u0107e pokoriti svijet.\u00a0<\/p>\n\n\n\n<iframe loading=\"lazy\" title=\"Zabranjeno pu\u0161enje feat. Elvis J. Kurtovi\u0107 - Korona hit pozitivan (official video 2020)\" width=\"640\" height=\"360\" src=\"https:\/\/www.youtube.com\/embed\/4damiQWpV5o?feature=oembed\" frameborder=\"0\" allow=\"accelerometer; autoplay; clipboard-write; encrypted-media; gyroscope; picture-in-picture; web-share\" referrerpolicy=\"strict-origin-when-cross-origin\" allowfullscreen><\/iframe>\n\n\n\n<p>Bend je zadnji album izdao prije \u010detiri godine pa osim ove pjesme u pripremi imaju njih jo\u0161 17 &#8211; 18, ali ne znaju kada \u0107e ih izdati s obzirom na to da bi htjeli promovirati album. Voljeli bi imati par \u017eivih koncert s novim repertoarom, ali brinu se kakva \u0107e biti situacija biti na jesen tako da \u0107e radije pri\u010dekati. \u201cOvaj virus je test inteligencije, lijepo je pokazao kakvo je stvarno stanje stvari,\u201d tvrdi Sejo koji kao i brojni drugi izvo\u0111a\u010di nije mogao ne primijetiti razne kontradikcije po pitanju mjera. S jedne strane neke koncerte Zabranjenog pu\u0161enja su ograni\u010dili na par stotina ljudi dok su kafi\u0107i i klubovi puni. Doti\u010du\u0107i se te teme, pitamo se je li rock mrtav s obzirom na to da iz tih kafi\u0107a i klubova \u010dujemo neku sasvim druga\u010diju glazbu.<\/p>\n\n\n\n<p>\u201cKoji \u0107e narodnjak napuniti Exit, koji \u0107e Gradinu. Oni nastupaju po tim \u0161upama, penju se po stolovima, gajbama pive i pjevaju na play back. Svatko ima svoj ukus, a ova glazba budi u ljudima primarne porive, neke rudimentarne instinkte. S druge strane, Parni valjak, Dubioza, Bajaga ne gube na popularnosti i to pokazuje da \u0107e dobri bendovi i izvo\u0111a\u010di uspjeti u svakoj muzici. Nijedna glazba vas ne\u0107e pretvoriti u zvijezdu ako je ne radite kvalitetno kao \u0161to i svako dijete kojemu kupite loptu ne\u0107e postati nogometa\u0161,\u201d zaklju\u010duje Sejo i dodaje kako Dalmacija i Split imaju puno va\u017enih izvo\u0111a\u010da i zato mu je posebno drago tu odr\u017eavati koncerte.<\/p>\n\n\n\n\n\n<p>Gradina print<\/p>\n\n\n\n<p>\u201cPoseban je izazov nastupati u gradu tako velikih pjeva\u010da i ushi\u0107en sam kad dobijem priliku kad nad njima mogu dominirati. Klape \u0107e morati polo\u017eiti oru\u017eje kad zasviramo. Ma ja sam vi\u0161e sam sebi dosadan koliko sam superioran, do\u0111e mi da se ostavim ovoga posla,\u201d vra\u0107a se Sejo u svoju duhovitu maniru i nastavlja. \u201cTu i tamo se pojavi neki pjesmuljak, ali nije to ni\u0161ta prema nama. Jo\u0161 sad kad sam izvr\u0161io te neke plasti\u010dne operacije ne mogu do\u010dekati da publici poka\u017eem svoj novi estradni imid\u017e.\u201d<\/p>\n\n\n\n<p>Do ulaznica najjednostavnije i najbr\u017ee mo\u017eete do\u0107i online u sustavu&nbsp;<a href=\"https:\/\/www.croatia-tickets.com\/tickets\/search.php5?searchword=gradina\">Croatia Tickets,<\/a>&nbsp;a dostupne su i u&nbsp;suvenirnici Zvonimir u Solinu i caffe baru Basket u Splitu.&nbsp;&nbsp;<\/p>\n\n\n\n<p><strong>PI\u0160E&nbsp;<\/strong>MARIJA MLA\u010cI\u0106\/slobodnadalmacija.hr<\/p>\n","protected":false},"excerpt":{"rendered":"<p>Na Gradini \u0107e u subotu 21. kolovoza zasvirati Zabranjeno Pu\u0161enje, a publiku o\u010dekuje njihov klasi\u010dni repertoar &#8211; pjesme s tu\u017enim happy endom u kojima se o\u010dituju o raznim dru\u0161tvenim situacijama, ka\u017ee nam&nbsp;Sejo Sexon&nbsp;s kojim smo popri\u010dali o nadolaze\u0107em koncertu, ali i o glazbenoj sceni uop\u0107e, ozbiljno koliko razgovor s na\u0161im humoristi\u010dnim&nbsp;sugovornikom ozbiljan mo\u017ee biti. Pro\u0161la [&hellip;]<\/p>\n","protected":false},"author":2,"featured_media":54895,"comment_status":"closed","ping_status":"closed","sticky":false,"template":"","format":"standard","meta":{"h5ap_radio_sources":[],"footnotes":""},"categories":[1],"tags":[],"class_list":["post-54893","post","type-post","status-publish","format-standard","has-post-thumbnail","hentry","category-bihiregija"],"yoast_head":"<!-- This site is optimized with the Yoast SEO plugin v27.4 - https:\/\/yoast.com\/product\/yoast-seo-wordpress\/ -->\n<title>Sejo Sexon: \u2018Da sam malo ru\u017eniji bavio bih se politikom, nema boljeg naroda od onoga na Balkanu za taj i estradni posao\u2018 - RADIO LJUBU\u0160KI<\/title>\n<meta name=\"robots\" content=\"index, follow, max-snippet:-1, max-image-preview:large, max-video-preview:-1\" \/>\n<link rel=\"canonical\" href=\"https:\/\/radioljubuski.ba\/index.php\/2021\/08\/19\/sejo-sexon-da-sam-malo-ruzniji-bavio-bih-se-politikom-nema-boljeg-naroda-od-onoga-na-balkanu-za-taj-i-estradni-posao\/\" \/>\n<meta property=\"og:locale\" content=\"hr_HR\" \/>\n<meta property=\"og:type\" content=\"article\" \/>\n<meta property=\"og:title\" content=\"Sejo Sexon: \u2018Da sam malo ru\u017eniji bavio bih se politikom, nema boljeg naroda od onoga na Balkanu za taj i estradni posao\u2018 - RADIO LJUBU\u0160KI\" \/>\n<meta property=\"og:description\" content=\"Na Gradini \u0107e u subotu 21. kolovoza zasvirati Zabranjeno Pu\u0161enje, a publiku o\u010dekuje njihov klasi\u010dni repertoar &#8211; pjesme s tu\u017enim happy endom u kojima se o\u010dituju o raznim dru\u0161tvenim situacijama, ka\u017ee nam&nbsp;Sejo Sexon&nbsp;s kojim smo popri\u010dali o nadolaze\u0107em koncertu, ali i o glazbenoj sceni uop\u0107e, ozbiljno koliko razgovor s na\u0161im humoristi\u010dnim&nbsp;sugovornikom ozbiljan mo\u017ee biti. Pro\u0161la [&hellip;]\" \/>\n<meta property=\"og:url\" content=\"https:\/\/radioljubuski.ba\/index.php\/2021\/08\/19\/sejo-sexon-da-sam-malo-ruzniji-bavio-bih-se-politikom-nema-boljeg-naroda-od-onoga-na-balkanu-za-taj-i-estradni-posao\/\" \/>\n<meta property=\"og:site_name\" content=\"RADIO LJUBU\u0160KI\" \/>\n<meta property=\"article:publisher\" content=\"https:\/\/www.facebook.com\/Radiio-Ljubuski-1490835324566332\" \/>\n<meta property=\"article:published_time\" content=\"2021-08-19T00:18:18+00:00\" \/>\n<meta property=\"article:modified_time\" content=\"2021-08-19T00:18:19+00:00\" \/>\n<meta property=\"og:image\" content=\"https:\/\/radioljubuski.ba\/wp-content\/uploads\/2021\/08\/o_19034532_1024.jpg\" \/>\n\t<meta property=\"og:image:width\" content=\"1024\" \/>\n\t<meta property=\"og:image:height\" content=\"587\" \/>\n\t<meta property=\"og:image:type\" content=\"image\/jpeg\" \/>\n<meta name=\"author\" content=\"Radio Ljubu\u0161ki\" \/>\n<meta name=\"twitter:card\" content=\"summary_large_image\" \/>\n<meta name=\"twitter:creator\" content=\"@radioljubuski\" \/>\n<meta name=\"twitter:site\" content=\"@radioljubuski\" \/>\n<meta name=\"twitter:label1\" content=\"Napisao\/la\" \/>\n\t<meta name=\"twitter:data1\" content=\"Radio Ljubu\u0161ki\" \/>\n\t<meta name=\"twitter:label2\" content=\"Procijenjeno vrijeme \u010ditanja\" \/>\n\t<meta name=\"twitter:data2\" content=\"4 minute\" \/>\n<script type=\"application\/ld+json\" class=\"yoast-schema-graph\">{\"@context\":\"https:\\\/\\\/schema.org\",\"@graph\":[{\"@type\":\"Article\",\"@id\":\"https:\\\/\\\/radioljubuski.ba\\\/index.php\\\/2021\\\/08\\\/19\\\/sejo-sexon-da-sam-malo-ruzniji-bavio-bih-se-politikom-nema-boljeg-naroda-od-onoga-na-balkanu-za-taj-i-estradni-posao\\\/#article\",\"isPartOf\":{\"@id\":\"https:\\\/\\\/radioljubuski.ba\\\/index.php\\\/2021\\\/08\\\/19\\\/sejo-sexon-da-sam-malo-ruzniji-bavio-bih-se-politikom-nema-boljeg-naroda-od-onoga-na-balkanu-za-taj-i-estradni-posao\\\/\"},\"author\":{\"name\":\"Radio Ljubu\u0161ki\",\"@id\":\"https:\\\/\\\/radioljubuski.ba\\\/#\\\/schema\\\/person\\\/19fc700381a780f69665d7956c469e3b\"},\"headline\":\"Sejo Sexon: \u2018Da sam malo ru\u017eniji bavio bih se politikom, nema boljeg naroda od onoga na Balkanu za taj i estradni posao\u2018\",\"datePublished\":\"2021-08-19T00:18:18+00:00\",\"dateModified\":\"2021-08-19T00:18:19+00:00\",\"mainEntityOfPage\":{\"@id\":\"https:\\\/\\\/radioljubuski.ba\\\/index.php\\\/2021\\\/08\\\/19\\\/sejo-sexon-da-sam-malo-ruzniji-bavio-bih-se-politikom-nema-boljeg-naroda-od-onoga-na-balkanu-za-taj-i-estradni-posao\\\/\"},\"wordCount\":901,\"publisher\":{\"@id\":\"https:\\\/\\\/radioljubuski.ba\\\/#organization\"},\"image\":{\"@id\":\"https:\\\/\\\/radioljubuski.ba\\\/index.php\\\/2021\\\/08\\\/19\\\/sejo-sexon-da-sam-malo-ruzniji-bavio-bih-se-politikom-nema-boljeg-naroda-od-onoga-na-balkanu-za-taj-i-estradni-posao\\\/#primaryimage\"},\"thumbnailUrl\":\"https:\\\/\\\/radioljubuski.ba\\\/wp-content\\\/uploads\\\/2021\\\/08\\\/o_19034532_1024.jpg\",\"articleSection\":[\"BIH i regija\"],\"inLanguage\":\"hr\"},{\"@type\":\"WebPage\",\"@id\":\"https:\\\/\\\/radioljubuski.ba\\\/index.php\\\/2021\\\/08\\\/19\\\/sejo-sexon-da-sam-malo-ruzniji-bavio-bih-se-politikom-nema-boljeg-naroda-od-onoga-na-balkanu-za-taj-i-estradni-posao\\\/\",\"url\":\"https:\\\/\\\/radioljubuski.ba\\\/index.php\\\/2021\\\/08\\\/19\\\/sejo-sexon-da-sam-malo-ruzniji-bavio-bih-se-politikom-nema-boljeg-naroda-od-onoga-na-balkanu-za-taj-i-estradni-posao\\\/\",\"name\":\"Sejo Sexon: \u2018Da sam malo ru\u017eniji bavio bih se politikom, nema boljeg naroda od onoga na Balkanu za taj i estradni posao\u2018 - RADIO LJUBU\u0160KI\",\"isPartOf\":{\"@id\":\"https:\\\/\\\/radioljubuski.ba\\\/#website\"},\"primaryImageOfPage\":{\"@id\":\"https:\\\/\\\/radioljubuski.ba\\\/index.php\\\/2021\\\/08\\\/19\\\/sejo-sexon-da-sam-malo-ruzniji-bavio-bih-se-politikom-nema-boljeg-naroda-od-onoga-na-balkanu-za-taj-i-estradni-posao\\\/#primaryimage\"},\"image\":{\"@id\":\"https:\\\/\\\/radioljubuski.ba\\\/index.php\\\/2021\\\/08\\\/19\\\/sejo-sexon-da-sam-malo-ruzniji-bavio-bih-se-politikom-nema-boljeg-naroda-od-onoga-na-balkanu-za-taj-i-estradni-posao\\\/#primaryimage\"},\"thumbnailUrl\":\"https:\\\/\\\/radioljubuski.ba\\\/wp-content\\\/uploads\\\/2021\\\/08\\\/o_19034532_1024.jpg\",\"datePublished\":\"2021-08-19T00:18:18+00:00\",\"dateModified\":\"2021-08-19T00:18:19+00:00\",\"breadcrumb\":{\"@id\":\"https:\\\/\\\/radioljubuski.ba\\\/index.php\\\/2021\\\/08\\\/19\\\/sejo-sexon-da-sam-malo-ruzniji-bavio-bih-se-politikom-nema-boljeg-naroda-od-onoga-na-balkanu-za-taj-i-estradni-posao\\\/#breadcrumb\"},\"inLanguage\":\"hr\",\"potentialAction\":[{\"@type\":\"ReadAction\",\"target\":[\"https:\\\/\\\/radioljubuski.ba\\\/index.php\\\/2021\\\/08\\\/19\\\/sejo-sexon-da-sam-malo-ruzniji-bavio-bih-se-politikom-nema-boljeg-naroda-od-onoga-na-balkanu-za-taj-i-estradni-posao\\\/\"]}]},{\"@type\":\"ImageObject\",\"inLanguage\":\"hr\",\"@id\":\"https:\\\/\\\/radioljubuski.ba\\\/index.php\\\/2021\\\/08\\\/19\\\/sejo-sexon-da-sam-malo-ruzniji-bavio-bih-se-politikom-nema-boljeg-naroda-od-onoga-na-balkanu-za-taj-i-estradni-posao\\\/#primaryimage\",\"url\":\"https:\\\/\\\/radioljubuski.ba\\\/wp-content\\\/uploads\\\/2021\\\/08\\\/o_19034532_1024.jpg\",\"contentUrl\":\"https:\\\/\\\/radioljubuski.ba\\\/wp-content\\\/uploads\\\/2021\\\/08\\\/o_19034532_1024.jpg\",\"width\":1024,\"height\":587},{\"@type\":\"BreadcrumbList\",\"@id\":\"https:\\\/\\\/radioljubuski.ba\\\/index.php\\\/2021\\\/08\\\/19\\\/sejo-sexon-da-sam-malo-ruzniji-bavio-bih-se-politikom-nema-boljeg-naroda-od-onoga-na-balkanu-za-taj-i-estradni-posao\\\/#breadcrumb\",\"itemListElement\":[{\"@type\":\"ListItem\",\"position\":1,\"name\":\"Po\u010detna stranica\",\"item\":\"https:\\\/\\\/radioljubuski.ba\\\/\"},{\"@type\":\"ListItem\",\"position\":2,\"name\":\"Sejo Sexon: \u2018Da sam malo ru\u017eniji bavio bih se politikom, nema boljeg naroda od onoga na Balkanu za taj i estradni posao\u2018\"}]},{\"@type\":\"WebSite\",\"@id\":\"https:\\\/\\\/radioljubuski.ba\\\/#website\",\"url\":\"https:\\\/\\\/radioljubuski.ba\\\/\",\"name\":\"Radio Ljubu\u0161ki\",\"description\":\"Sun\u010dana frekvencija Hercegovine\",\"publisher\":{\"@id\":\"https:\\\/\\\/radioljubuski.ba\\\/#organization\"},\"potentialAction\":[{\"@type\":\"SearchAction\",\"target\":{\"@type\":\"EntryPoint\",\"urlTemplate\":\"https:\\\/\\\/radioljubuski.ba\\\/?s={search_term_string}\"},\"query-input\":{\"@type\":\"PropertyValueSpecification\",\"valueRequired\":true,\"valueName\":\"search_term_string\"}}],\"inLanguage\":\"hr\"},{\"@type\":\"Organization\",\"@id\":\"https:\\\/\\\/radioljubuski.ba\\\/#organization\",\"name\":\"Radio Ljubu\u0161ki\",\"url\":\"https:\\\/\\\/radioljubuski.ba\\\/\",\"logo\":{\"@type\":\"ImageObject\",\"inLanguage\":\"hr\",\"@id\":\"https:\\\/\\\/radioljubuski.ba\\\/#\\\/schema\\\/logo\\\/image\\\/\",\"url\":\"https:\\\/\\\/radioljubuski.ba\\\/wp-content\\\/uploads\\\/2021\\\/02\\\/cropped-Radio_Ljubuski_logo1.jpg\",\"contentUrl\":\"https:\\\/\\\/radioljubuski.ba\\\/wp-content\\\/uploads\\\/2021\\\/02\\\/cropped-Radio_Ljubuski_logo1.jpg\",\"width\":512,\"height\":512,\"caption\":\"Radio Ljubu\u0161ki\"},\"image\":{\"@id\":\"https:\\\/\\\/radioljubuski.ba\\\/#\\\/schema\\\/logo\\\/image\\\/\"},\"sameAs\":[\"https:\\\/\\\/www.facebook.com\\\/Radiio-Ljubuski-1490835324566332\",\"https:\\\/\\\/x.com\\\/radioljubuski\",\"https:\\\/\\\/hr.linkedin.com\\\/company\\\/radio-ljubuski\",\"https:\\\/\\\/www.youtube.com\\\/channel\\\/UCHYaeO_n0Db3tjNGudGpXyw\"]},{\"@type\":\"Person\",\"@id\":\"https:\\\/\\\/radioljubuski.ba\\\/#\\\/schema\\\/person\\\/19fc700381a780f69665d7956c469e3b\",\"name\":\"Radio Ljubu\u0161ki\"}]}<\/script>\n<!-- \/ Yoast SEO plugin. -->","yoast_head_json":{"title":"Sejo Sexon: \u2018Da sam malo ru\u017eniji bavio bih se politikom, nema boljeg naroda od onoga na Balkanu za taj i estradni posao\u2018 - RADIO LJUBU\u0160KI","robots":{"index":"index","follow":"follow","max-snippet":"max-snippet:-1","max-image-preview":"max-image-preview:large","max-video-preview":"max-video-preview:-1"},"canonical":"https:\/\/radioljubuski.ba\/index.php\/2021\/08\/19\/sejo-sexon-da-sam-malo-ruzniji-bavio-bih-se-politikom-nema-boljeg-naroda-od-onoga-na-balkanu-za-taj-i-estradni-posao\/","og_locale":"hr_HR","og_type":"article","og_title":"Sejo Sexon: \u2018Da sam malo ru\u017eniji bavio bih se politikom, nema boljeg naroda od onoga na Balkanu za taj i estradni posao\u2018 - RADIO LJUBU\u0160KI","og_description":"Na Gradini \u0107e u subotu 21. kolovoza zasvirati Zabranjeno Pu\u0161enje, a publiku o\u010dekuje njihov klasi\u010dni repertoar &#8211; pjesme s tu\u017enim happy endom u kojima se o\u010dituju o raznim dru\u0161tvenim situacijama, ka\u017ee nam&nbsp;Sejo Sexon&nbsp;s kojim smo popri\u010dali o nadolaze\u0107em koncertu, ali i o glazbenoj sceni uop\u0107e, ozbiljno koliko razgovor s na\u0161im humoristi\u010dnim&nbsp;sugovornikom ozbiljan mo\u017ee biti. Pro\u0161la [&hellip;]","og_url":"https:\/\/radioljubuski.ba\/index.php\/2021\/08\/19\/sejo-sexon-da-sam-malo-ruzniji-bavio-bih-se-politikom-nema-boljeg-naroda-od-onoga-na-balkanu-za-taj-i-estradni-posao\/","og_site_name":"RADIO LJUBU\u0160KI","article_publisher":"https:\/\/www.facebook.com\/Radiio-Ljubuski-1490835324566332","article_published_time":"2021-08-19T00:18:18+00:00","article_modified_time":"2021-08-19T00:18:19+00:00","og_image":[{"width":1024,"height":587,"url":"https:\/\/radioljubuski.ba\/wp-content\/uploads\/2021\/08\/o_19034532_1024.jpg","type":"image\/jpeg"}],"author":"Radio Ljubu\u0161ki","twitter_card":"summary_large_image","twitter_creator":"@radioljubuski","twitter_site":"@radioljubuski","twitter_misc":{"Napisao\/la":"Radio Ljubu\u0161ki","Procijenjeno vrijeme \u010ditanja":"4 minute"},"schema":{"@context":"https:\/\/schema.org","@graph":[{"@type":"Article","@id":"https:\/\/radioljubuski.ba\/index.php\/2021\/08\/19\/sejo-sexon-da-sam-malo-ruzniji-bavio-bih-se-politikom-nema-boljeg-naroda-od-onoga-na-balkanu-za-taj-i-estradni-posao\/#article","isPartOf":{"@id":"https:\/\/radioljubuski.ba\/index.php\/2021\/08\/19\/sejo-sexon-da-sam-malo-ruzniji-bavio-bih-se-politikom-nema-boljeg-naroda-od-onoga-na-balkanu-za-taj-i-estradni-posao\/"},"author":{"name":"Radio Ljubu\u0161ki","@id":"https:\/\/radioljubuski.ba\/#\/schema\/person\/19fc700381a780f69665d7956c469e3b"},"headline":"Sejo Sexon: \u2018Da sam malo ru\u017eniji bavio bih se politikom, nema boljeg naroda od onoga na Balkanu za taj i estradni posao\u2018","datePublished":"2021-08-19T00:18:18+00:00","dateModified":"2021-08-19T00:18:19+00:00","mainEntityOfPage":{"@id":"https:\/\/radioljubuski.ba\/index.php\/2021\/08\/19\/sejo-sexon-da-sam-malo-ruzniji-bavio-bih-se-politikom-nema-boljeg-naroda-od-onoga-na-balkanu-za-taj-i-estradni-posao\/"},"wordCount":901,"publisher":{"@id":"https:\/\/radioljubuski.ba\/#organization"},"image":{"@id":"https:\/\/radioljubuski.ba\/index.php\/2021\/08\/19\/sejo-sexon-da-sam-malo-ruzniji-bavio-bih-se-politikom-nema-boljeg-naroda-od-onoga-na-balkanu-za-taj-i-estradni-posao\/#primaryimage"},"thumbnailUrl":"https:\/\/radioljubuski.ba\/wp-content\/uploads\/2021\/08\/o_19034532_1024.jpg","articleSection":["BIH i regija"],"inLanguage":"hr"},{"@type":"WebPage","@id":"https:\/\/radioljubuski.ba\/index.php\/2021\/08\/19\/sejo-sexon-da-sam-malo-ruzniji-bavio-bih-se-politikom-nema-boljeg-naroda-od-onoga-na-balkanu-za-taj-i-estradni-posao\/","url":"https:\/\/radioljubuski.ba\/index.php\/2021\/08\/19\/sejo-sexon-da-sam-malo-ruzniji-bavio-bih-se-politikom-nema-boljeg-naroda-od-onoga-na-balkanu-za-taj-i-estradni-posao\/","name":"Sejo Sexon: \u2018Da sam malo ru\u017eniji bavio bih se politikom, nema boljeg naroda od onoga na Balkanu za taj i estradni posao\u2018 - RADIO LJUBU\u0160KI","isPartOf":{"@id":"https:\/\/radioljubuski.ba\/#website"},"primaryImageOfPage":{"@id":"https:\/\/radioljubuski.ba\/index.php\/2021\/08\/19\/sejo-sexon-da-sam-malo-ruzniji-bavio-bih-se-politikom-nema-boljeg-naroda-od-onoga-na-balkanu-za-taj-i-estradni-posao\/#primaryimage"},"image":{"@id":"https:\/\/radioljubuski.ba\/index.php\/2021\/08\/19\/sejo-sexon-da-sam-malo-ruzniji-bavio-bih-se-politikom-nema-boljeg-naroda-od-onoga-na-balkanu-za-taj-i-estradni-posao\/#primaryimage"},"thumbnailUrl":"https:\/\/radioljubuski.ba\/wp-content\/uploads\/2021\/08\/o_19034532_1024.jpg","datePublished":"2021-08-19T00:18:18+00:00","dateModified":"2021-08-19T00:18:19+00:00","breadcrumb":{"@id":"https:\/\/radioljubuski.ba\/index.php\/2021\/08\/19\/sejo-sexon-da-sam-malo-ruzniji-bavio-bih-se-politikom-nema-boljeg-naroda-od-onoga-na-balkanu-za-taj-i-estradni-posao\/#breadcrumb"},"inLanguage":"hr","potentialAction":[{"@type":"ReadAction","target":["https:\/\/radioljubuski.ba\/index.php\/2021\/08\/19\/sejo-sexon-da-sam-malo-ruzniji-bavio-bih-se-politikom-nema-boljeg-naroda-od-onoga-na-balkanu-za-taj-i-estradni-posao\/"]}]},{"@type":"ImageObject","inLanguage":"hr","@id":"https:\/\/radioljubuski.ba\/index.php\/2021\/08\/19\/sejo-sexon-da-sam-malo-ruzniji-bavio-bih-se-politikom-nema-boljeg-naroda-od-onoga-na-balkanu-za-taj-i-estradni-posao\/#primaryimage","url":"https:\/\/radioljubuski.ba\/wp-content\/uploads\/2021\/08\/o_19034532_1024.jpg","contentUrl":"https:\/\/radioljubuski.ba\/wp-content\/uploads\/2021\/08\/o_19034532_1024.jpg","width":1024,"height":587},{"@type":"BreadcrumbList","@id":"https:\/\/radioljubuski.ba\/index.php\/2021\/08\/19\/sejo-sexon-da-sam-malo-ruzniji-bavio-bih-se-politikom-nema-boljeg-naroda-od-onoga-na-balkanu-za-taj-i-estradni-posao\/#breadcrumb","itemListElement":[{"@type":"ListItem","position":1,"name":"Po\u010detna stranica","item":"https:\/\/radioljubuski.ba\/"},{"@type":"ListItem","position":2,"name":"Sejo Sexon: \u2018Da sam malo ru\u017eniji bavio bih se politikom, nema boljeg naroda od onoga na Balkanu za taj i estradni posao\u2018"}]},{"@type":"WebSite","@id":"https:\/\/radioljubuski.ba\/#website","url":"https:\/\/radioljubuski.ba\/","name":"Radio Ljubu\u0161ki","description":"Sun\u010dana frekvencija Hercegovine","publisher":{"@id":"https:\/\/radioljubuski.ba\/#organization"},"potentialAction":[{"@type":"SearchAction","target":{"@type":"EntryPoint","urlTemplate":"https:\/\/radioljubuski.ba\/?s={search_term_string}"},"query-input":{"@type":"PropertyValueSpecification","valueRequired":true,"valueName":"search_term_string"}}],"inLanguage":"hr"},{"@type":"Organization","@id":"https:\/\/radioljubuski.ba\/#organization","name":"Radio Ljubu\u0161ki","url":"https:\/\/radioljubuski.ba\/","logo":{"@type":"ImageObject","inLanguage":"hr","@id":"https:\/\/radioljubuski.ba\/#\/schema\/logo\/image\/","url":"https:\/\/radioljubuski.ba\/wp-content\/uploads\/2021\/02\/cropped-Radio_Ljubuski_logo1.jpg","contentUrl":"https:\/\/radioljubuski.ba\/wp-content\/uploads\/2021\/02\/cropped-Radio_Ljubuski_logo1.jpg","width":512,"height":512,"caption":"Radio Ljubu\u0161ki"},"image":{"@id":"https:\/\/radioljubuski.ba\/#\/schema\/logo\/image\/"},"sameAs":["https:\/\/www.facebook.com\/Radiio-Ljubuski-1490835324566332","https:\/\/x.com\/radioljubuski","https:\/\/hr.linkedin.com\/company\/radio-ljubuski","https:\/\/www.youtube.com\/channel\/UCHYaeO_n0Db3tjNGudGpXyw"]},{"@type":"Person","@id":"https:\/\/radioljubuski.ba\/#\/schema\/person\/19fc700381a780f69665d7956c469e3b","name":"Radio Ljubu\u0161ki"}]}},"_links":{"self":[{"href":"https:\/\/radioljubuski.ba\/index.php\/wp-json\/wp\/v2\/posts\/54893","targetHints":{"allow":["GET"]}}],"collection":[{"href":"https:\/\/radioljubuski.ba\/index.php\/wp-json\/wp\/v2\/posts"}],"about":[{"href":"https:\/\/radioljubuski.ba\/index.php\/wp-json\/wp\/v2\/types\/post"}],"author":[{"embeddable":true,"href":"https:\/\/radioljubuski.ba\/index.php\/wp-json\/wp\/v2\/users\/2"}],"replies":[{"embeddable":true,"href":"https:\/\/radioljubuski.ba\/index.php\/wp-json\/wp\/v2\/comments?post=54893"}],"version-history":[{"count":1,"href":"https:\/\/radioljubuski.ba\/index.php\/wp-json\/wp\/v2\/posts\/54893\/revisions"}],"predecessor-version":[{"id":54896,"href":"https:\/\/radioljubuski.ba\/index.php\/wp-json\/wp\/v2\/posts\/54893\/revisions\/54896"}],"wp:featuredmedia":[{"embeddable":true,"href":"https:\/\/radioljubuski.ba\/index.php\/wp-json\/wp\/v2\/media\/54895"}],"wp:attachment":[{"href":"https:\/\/radioljubuski.ba\/index.php\/wp-json\/wp\/v2\/media?parent=54893"}],"wp:term":[{"taxonomy":"category","embeddable":true,"href":"https:\/\/radioljubuski.ba\/index.php\/wp-json\/wp\/v2\/categories?post=54893"},{"taxonomy":"post_tag","embeddable":true,"href":"https:\/\/radioljubuski.ba\/index.php\/wp-json\/wp\/v2\/tags?post=54893"}],"curies":[{"name":"wp","href":"https:\/\/api.w.org\/{rel}","templated":true}]}}