{"id":54909,"date":"2021-08-19T01:32:20","date_gmt":"2021-08-19T00:32:20","guid":{"rendered":"https:\/\/radioljubuski.ba\/?p=54909"},"modified":"2021-08-19T01:32:21","modified_gmt":"2021-08-19T00:32:21","slug":"brigitte-bardot-navijala-za-zabranu-borbi-s-bikovima-pa-zavrsila-na-jumbo-plaktima-kad-je-rijec-o-matadorima-nije-im-oduvijek-govorila-ne","status":"publish","type":"post","link":"https:\/\/radioljubuski.ba\/index.php\/2021\/08\/19\/brigitte-bardot-navijala-za-zabranu-borbi-s-bikovima-pa-zavrsila-na-jumbo-plaktima-kad-je-rijec-o-matadorima-nije-im-oduvijek-govorila-ne\/","title":{"rendered":"Brigitte Bardot navijala za zabranu borbi s bikovima pa zavr\u0161ila na jumbo plaktima: \u2018Kad je rije\u010d o matadorima, nije im oduvijek govorila \u2018ne\u2018\u2018"},"content":{"rendered":"\n<p>Legendarna glumica&nbsp;<strong>Brigitte Bardot<\/strong>&nbsp;plasirala je kampanju u obliku plakata protiv okrutnosti borbi bikova u malom gradi\u0107u na jugozapadu Francuske, no to se nikako nije svidjelo tamo\u0161njem gradona\u010delniku pa joj je uzvratio istom mjerom.<\/p>\n\n\n\n<p><strong>Robert M\u00e9nard<\/strong>,&nbsp;\u0161ef Beziersa u blizini \u0161panjolske granice, objavio je svoje postere koji prikazuju staru sliku seks simbola 50-ih i 60-ih godina pro\u0161log stolje\u0107a uz slavnog matadora.<\/p>\n\n\n\n<p>&#8211; Kad je rije\u010d o matadorima, Brigitte im nije oduvijek govorila &#8216;ne&#8217; &#8211; glasi slogan na njegovom plakatu koji je prouzro\u010dio rat rije\u010dima izme\u0111u sada aktivistice za prava \u017eivotinja i lokalnog desni\u010dara, pi\u0161e\u00a0<a href=\"https:\/\/www.jutarnji.hr\/scena\/strane-zvijezde\/brigitte-bardot-bi-zabranila-borbe-s-bikovima-odbrusio-joj-gradonacelnik-nije-uvijek-govorila-ne-matadorima-15095577\">Jutarnji list.<\/a><\/p>\n\n\n\n<figure class=\"wp-block-image\"><img decoding=\"async\" src=\"https:\/\/static.slobodnadalmacija.hr\/images\/slike\/2021\/08\/17\/19035118.jpg?1629221704\" alt=\"image\"\/><\/figure>\n\n\n\n<p>&#8211; Da sam imala aferu s matadorom, vratila bih i u\u0161i i rep &#8211; napisala je Bardot (86) na Twitteru referiraju\u0107i se na tradiciju rezanja repa i u\u0161iju bikovima na kraju borbe.<\/p>\n\n\n\n<p>Zakon ka\u017ee kako se borbe bikova mogu odr\u017eavati u nekoliko regija koje imaju povijesnu vezu s tim &#8216;sportom&#8217; koji datira jo\u0161 od 19. stolje\u0107a.<\/p>\n\n\n\n<p>&#8211; Borba bikova je dio na\u0161eg kulturnog obilje\u017eja. Mogu razumjeti neke argumente, i sam sam vegetarijanac. No ujedno branim tradiciju i kulturno naslje\u0111e. To je dio na\u0161eg DNK! &#8211; kazao je gradona\u010delnik Menard za Telegraph.<\/p>\n\n\n\n<p>No Bardot se ponovno obru\u0161ila na njega kazav\u0161i da su navodi o aferi s matadorom\u00a0Luisom Miguelom Dominguinom\u00a0potpuna la\u017e.<\/p>\n\n\n\n<blockquote class=\"twitter-tweet\"><p lang=\"fr\" dir=\"ltr\"><a href=\"https:\/\/twitter.com\/RobertMenardFR?ref_src=twsrc%5Etfw\">@RobertMenardFR<\/a> pourriture, traitre, anti patriote\ud83d\udc79<br><br>Pol\u00e9mique sur la corrida \u00e0 B\u00e9ziers : Robert M\u00e9nard met en sc\u00e8ne une histoire d&#39;amour de Brigitte Bardot avec un matador <a href=\"https:\/\/t.co\/ntEPX8tGSq\">https:\/\/t.co\/ntEPX8tGSq<\/a><\/p>&mdash; Ysojhgrees (@Ysojhgrees) <a href=\"https:\/\/twitter.com\/Ysojhgrees\/status\/1420814681195827204?ref_src=twsrc%5Etfw\">July 29, 2021<\/a><\/blockquote> <script async src=\"https:\/\/platform.twitter.com\/widgets.js\" charset=\"utf-8\"><\/script>\n\n\n\n<p>&#8211; \u010cak i da je istina, tko bi povla\u010dio vezu iz 50-ih ili 60-ih godina kako bi nekoga oklevetao? Zaista ne vidim ni\u0161ta smije\u0161no u tome.<\/p>\n\n\n\n<p>Menard je, kada je \u010duo da se Brigitte uvrijedila, odlu\u010dio skinuti plakate, no i dalje inzistira da se radilo o \u0161ali.<\/p>\n\n\n\n<p>Kazao je kako mu je Bardot u mladim danima bila najljep\u0161a \u017eena na svijetu i san njegovih dje\u010da\u010dkih snova.<\/p>\n\n\n\n<p>&#8211; Skinuo sam plakate u deset minuta kada sam saznao da joj se ne svi\u0111aju &#8211; kazao je.<\/p>\n\n\n\n<p>Unato\u010d malom broju prosvjednika koji su se okupili, borba bikova ovog vikenda u Beziersu nastavljena je po planu. Spektakl je gledalo oko 18.000 ljudi, istaknuo je gradona\u010delnik.<\/p>\n\n\n\n<p><strong>PI\u0160E&nbsp;<\/strong>PSD<\/p>\n","protected":false},"excerpt":{"rendered":"<p>Legendarna glumica&nbsp;Brigitte Bardot&nbsp;plasirala je kampanju u obliku plakata protiv okrutnosti borbi bikova u malom gradi\u0107u na jugozapadu Francuske, no to se nikako nije svidjelo tamo\u0161njem gradona\u010delniku pa joj je uzvratio istom mjerom. Robert M\u00e9nard,&nbsp;\u0161ef Beziersa u blizini \u0161panjolske granice, objavio je svoje postere koji prikazuju staru sliku seks simbola 50-ih i 60-ih godina pro\u0161log stolje\u0107a [&hellip;]<\/p>\n","protected":false},"author":2,"featured_media":54910,"comment_status":"closed","ping_status":"closed","sticky":false,"template":"","format":"standard","meta":{"h5ap_radio_sources":[],"footnotes":""},"categories":[1],"tags":[],"class_list":["post-54909","post","type-post","status-publish","format-standard","has-post-thumbnail","hentry","category-bihiregija"],"yoast_head":"<!-- This site is optimized with the Yoast SEO plugin v27.5 - https:\/\/yoast.com\/product\/yoast-seo-wordpress\/ -->\n<title>Brigitte Bardot navijala za zabranu borbi s bikovima pa zavr\u0161ila na jumbo plaktima: \u2018Kad je rije\u010d o matadorima, nije im oduvijek govorila \u2018ne\u2018\u2018 - RADIO LJUBU\u0160KI<\/title>\n<meta name=\"robots\" content=\"index, follow, max-snippet:-1, max-image-preview:large, max-video-preview:-1\" \/>\n<link rel=\"canonical\" href=\"https:\/\/radioljubuski.ba\/index.php\/2021\/08\/19\/brigitte-bardot-navijala-za-zabranu-borbi-s-bikovima-pa-zavrsila-na-jumbo-plaktima-kad-je-rijec-o-matadorima-nije-im-oduvijek-govorila-ne\/\" \/>\n<meta property=\"og:locale\" content=\"hr_HR\" \/>\n<meta property=\"og:type\" content=\"article\" \/>\n<meta property=\"og:title\" content=\"Brigitte Bardot navijala za zabranu borbi s bikovima pa zavr\u0161ila na jumbo plaktima: \u2018Kad je rije\u010d o matadorima, nije im oduvijek govorila \u2018ne\u2018\u2018 - RADIO LJUBU\u0160KI\" \/>\n<meta property=\"og:description\" content=\"Legendarna glumica&nbsp;Brigitte Bardot&nbsp;plasirala je kampanju u obliku plakata protiv okrutnosti borbi bikova u malom gradi\u0107u na jugozapadu Francuske, no to se nikako nije svidjelo tamo\u0161njem gradona\u010delniku pa joj je uzvratio istom mjerom. Robert M\u00e9nard,&nbsp;\u0161ef Beziersa u blizini \u0161panjolske granice, objavio je svoje postere koji prikazuju staru sliku seks simbola 50-ih i 60-ih godina pro\u0161log stolje\u0107a [&hellip;]\" \/>\n<meta property=\"og:url\" content=\"https:\/\/radioljubuski.ba\/index.php\/2021\/08\/19\/brigitte-bardot-navijala-za-zabranu-borbi-s-bikovima-pa-zavrsila-na-jumbo-plaktima-kad-je-rijec-o-matadorima-nije-im-oduvijek-govorila-ne\/\" \/>\n<meta property=\"og:site_name\" content=\"RADIO LJUBU\u0160KI\" \/>\n<meta property=\"article:publisher\" content=\"https:\/\/www.facebook.com\/Radiio-Ljubuski-1490835324566332\" \/>\n<meta property=\"article:published_time\" content=\"2021-08-19T00:32:20+00:00\" \/>\n<meta property=\"article:modified_time\" content=\"2021-08-19T00:32:21+00:00\" \/>\n<meta property=\"og:image\" content=\"https:\/\/radioljubuski.ba\/wp-content\/uploads\/2021\/08\/o_19035116_1024.jpg\" \/>\n\t<meta property=\"og:image:width\" content=\"1024\" \/>\n\t<meta property=\"og:image:height\" content=\"678\" \/>\n\t<meta property=\"og:image:type\" content=\"image\/jpeg\" \/>\n<meta name=\"author\" content=\"Radio Ljubu\u0161ki\" \/>\n<meta name=\"twitter:card\" content=\"summary_large_image\" \/>\n<meta name=\"twitter:creator\" content=\"@radioljubuski\" \/>\n<meta name=\"twitter:site\" content=\"@radioljubuski\" \/>\n<meta name=\"twitter:label1\" content=\"Napisao\/la\" \/>\n\t<meta name=\"twitter:data1\" content=\"Radio Ljubu\u0161ki\" \/>\n\t<meta name=\"twitter:label2\" content=\"Procijenjeno vrijeme \u010ditanja\" \/>\n\t<meta name=\"twitter:data2\" content=\"2 minute\" \/>\n<script type=\"application\/ld+json\" class=\"yoast-schema-graph\">{\"@context\":\"https:\\\/\\\/schema.org\",\"@graph\":[{\"@type\":\"Article\",\"@id\":\"https:\\\/\\\/radioljubuski.ba\\\/index.php\\\/2021\\\/08\\\/19\\\/brigitte-bardot-navijala-za-zabranu-borbi-s-bikovima-pa-zavrsila-na-jumbo-plaktima-kad-je-rijec-o-matadorima-nije-im-oduvijek-govorila-ne\\\/#article\",\"isPartOf\":{\"@id\":\"https:\\\/\\\/radioljubuski.ba\\\/index.php\\\/2021\\\/08\\\/19\\\/brigitte-bardot-navijala-za-zabranu-borbi-s-bikovima-pa-zavrsila-na-jumbo-plaktima-kad-je-rijec-o-matadorima-nije-im-oduvijek-govorila-ne\\\/\"},\"author\":{\"name\":\"Radio Ljubu\u0161ki\",\"@id\":\"https:\\\/\\\/radioljubuski.ba\\\/#\\\/schema\\\/person\\\/19fc700381a780f69665d7956c469e3b\"},\"headline\":\"Brigitte Bardot navijala za zabranu borbi s bikovima pa zavr\u0161ila na jumbo plaktima: \u2018Kad je rije\u010d o matadorima, nije im oduvijek govorila \u2018ne\u2018\u2018\",\"datePublished\":\"2021-08-19T00:32:20+00:00\",\"dateModified\":\"2021-08-19T00:32:21+00:00\",\"mainEntityOfPage\":{\"@id\":\"https:\\\/\\\/radioljubuski.ba\\\/index.php\\\/2021\\\/08\\\/19\\\/brigitte-bardot-navijala-za-zabranu-borbi-s-bikovima-pa-zavrsila-na-jumbo-plaktima-kad-je-rijec-o-matadorima-nije-im-oduvijek-govorila-ne\\\/\"},\"wordCount\":417,\"publisher\":{\"@id\":\"https:\\\/\\\/radioljubuski.ba\\\/#organization\"},\"image\":{\"@id\":\"https:\\\/\\\/radioljubuski.ba\\\/index.php\\\/2021\\\/08\\\/19\\\/brigitte-bardot-navijala-za-zabranu-borbi-s-bikovima-pa-zavrsila-na-jumbo-plaktima-kad-je-rijec-o-matadorima-nije-im-oduvijek-govorila-ne\\\/#primaryimage\"},\"thumbnailUrl\":\"https:\\\/\\\/radioljubuski.ba\\\/wp-content\\\/uploads\\\/2021\\\/08\\\/o_19035116_1024.jpg\",\"articleSection\":[\"BIH i regija\"],\"inLanguage\":\"hr\"},{\"@type\":\"WebPage\",\"@id\":\"https:\\\/\\\/radioljubuski.ba\\\/index.php\\\/2021\\\/08\\\/19\\\/brigitte-bardot-navijala-za-zabranu-borbi-s-bikovima-pa-zavrsila-na-jumbo-plaktima-kad-je-rijec-o-matadorima-nije-im-oduvijek-govorila-ne\\\/\",\"url\":\"https:\\\/\\\/radioljubuski.ba\\\/index.php\\\/2021\\\/08\\\/19\\\/brigitte-bardot-navijala-za-zabranu-borbi-s-bikovima-pa-zavrsila-na-jumbo-plaktima-kad-je-rijec-o-matadorima-nije-im-oduvijek-govorila-ne\\\/\",\"name\":\"Brigitte Bardot navijala za zabranu borbi s bikovima pa zavr\u0161ila na jumbo plaktima: \u2018Kad je rije\u010d o matadorima, nije im oduvijek govorila \u2018ne\u2018\u2018 - RADIO LJUBU\u0160KI\",\"isPartOf\":{\"@id\":\"https:\\\/\\\/radioljubuski.ba\\\/#website\"},\"primaryImageOfPage\":{\"@id\":\"https:\\\/\\\/radioljubuski.ba\\\/index.php\\\/2021\\\/08\\\/19\\\/brigitte-bardot-navijala-za-zabranu-borbi-s-bikovima-pa-zavrsila-na-jumbo-plaktima-kad-je-rijec-o-matadorima-nije-im-oduvijek-govorila-ne\\\/#primaryimage\"},\"image\":{\"@id\":\"https:\\\/\\\/radioljubuski.ba\\\/index.php\\\/2021\\\/08\\\/19\\\/brigitte-bardot-navijala-za-zabranu-borbi-s-bikovima-pa-zavrsila-na-jumbo-plaktima-kad-je-rijec-o-matadorima-nije-im-oduvijek-govorila-ne\\\/#primaryimage\"},\"thumbnailUrl\":\"https:\\\/\\\/radioljubuski.ba\\\/wp-content\\\/uploads\\\/2021\\\/08\\\/o_19035116_1024.jpg\",\"datePublished\":\"2021-08-19T00:32:20+00:00\",\"dateModified\":\"2021-08-19T00:32:21+00:00\",\"breadcrumb\":{\"@id\":\"https:\\\/\\\/radioljubuski.ba\\\/index.php\\\/2021\\\/08\\\/19\\\/brigitte-bardot-navijala-za-zabranu-borbi-s-bikovima-pa-zavrsila-na-jumbo-plaktima-kad-je-rijec-o-matadorima-nije-im-oduvijek-govorila-ne\\\/#breadcrumb\"},\"inLanguage\":\"hr\",\"potentialAction\":[{\"@type\":\"ReadAction\",\"target\":[\"https:\\\/\\\/radioljubuski.ba\\\/index.php\\\/2021\\\/08\\\/19\\\/brigitte-bardot-navijala-za-zabranu-borbi-s-bikovima-pa-zavrsila-na-jumbo-plaktima-kad-je-rijec-o-matadorima-nije-im-oduvijek-govorila-ne\\\/\"]}]},{\"@type\":\"ImageObject\",\"inLanguage\":\"hr\",\"@id\":\"https:\\\/\\\/radioljubuski.ba\\\/index.php\\\/2021\\\/08\\\/19\\\/brigitte-bardot-navijala-za-zabranu-borbi-s-bikovima-pa-zavrsila-na-jumbo-plaktima-kad-je-rijec-o-matadorima-nije-im-oduvijek-govorila-ne\\\/#primaryimage\",\"url\":\"https:\\\/\\\/radioljubuski.ba\\\/wp-content\\\/uploads\\\/2021\\\/08\\\/o_19035116_1024.jpg\",\"contentUrl\":\"https:\\\/\\\/radioljubuski.ba\\\/wp-content\\\/uploads\\\/2021\\\/08\\\/o_19035116_1024.jpg\",\"width\":1024,\"height\":678},{\"@type\":\"BreadcrumbList\",\"@id\":\"https:\\\/\\\/radioljubuski.ba\\\/index.php\\\/2021\\\/08\\\/19\\\/brigitte-bardot-navijala-za-zabranu-borbi-s-bikovima-pa-zavrsila-na-jumbo-plaktima-kad-je-rijec-o-matadorima-nije-im-oduvijek-govorila-ne\\\/#breadcrumb\",\"itemListElement\":[{\"@type\":\"ListItem\",\"position\":1,\"name\":\"Po\u010detna stranica\",\"item\":\"https:\\\/\\\/radioljubuski.ba\\\/\"},{\"@type\":\"ListItem\",\"position\":2,\"name\":\"Brigitte Bardot navijala za zabranu borbi s bikovima pa zavr\u0161ila na jumbo plaktima: \u2018Kad je rije\u010d o matadorima, nije im oduvijek govorila \u2018ne\u2018\u2018\"}]},{\"@type\":\"WebSite\",\"@id\":\"https:\\\/\\\/radioljubuski.ba\\\/#website\",\"url\":\"https:\\\/\\\/radioljubuski.ba\\\/\",\"name\":\"Radio Ljubu\u0161ki\",\"description\":\"Sun\u010dana frekvencija Hercegovine\",\"publisher\":{\"@id\":\"https:\\\/\\\/radioljubuski.ba\\\/#organization\"},\"potentialAction\":[{\"@type\":\"SearchAction\",\"target\":{\"@type\":\"EntryPoint\",\"urlTemplate\":\"https:\\\/\\\/radioljubuski.ba\\\/?s={search_term_string}\"},\"query-input\":{\"@type\":\"PropertyValueSpecification\",\"valueRequired\":true,\"valueName\":\"search_term_string\"}}],\"inLanguage\":\"hr\"},{\"@type\":\"Organization\",\"@id\":\"https:\\\/\\\/radioljubuski.ba\\\/#organization\",\"name\":\"Radio Ljubu\u0161ki\",\"url\":\"https:\\\/\\\/radioljubuski.ba\\\/\",\"logo\":{\"@type\":\"ImageObject\",\"inLanguage\":\"hr\",\"@id\":\"https:\\\/\\\/radioljubuski.ba\\\/#\\\/schema\\\/logo\\\/image\\\/\",\"url\":\"https:\\\/\\\/radioljubuski.ba\\\/wp-content\\\/uploads\\\/2021\\\/02\\\/cropped-Radio_Ljubuski_logo1.jpg\",\"contentUrl\":\"https:\\\/\\\/radioljubuski.ba\\\/wp-content\\\/uploads\\\/2021\\\/02\\\/cropped-Radio_Ljubuski_logo1.jpg\",\"width\":512,\"height\":512,\"caption\":\"Radio Ljubu\u0161ki\"},\"image\":{\"@id\":\"https:\\\/\\\/radioljubuski.ba\\\/#\\\/schema\\\/logo\\\/image\\\/\"},\"sameAs\":[\"https:\\\/\\\/www.facebook.com\\\/Radiio-Ljubuski-1490835324566332\",\"https:\\\/\\\/x.com\\\/radioljubuski\",\"https:\\\/\\\/hr.linkedin.com\\\/company\\\/radio-ljubuski\",\"https:\\\/\\\/www.youtube.com\\\/channel\\\/UCHYaeO_n0Db3tjNGudGpXyw\"]},{\"@type\":\"Person\",\"@id\":\"https:\\\/\\\/radioljubuski.ba\\\/#\\\/schema\\\/person\\\/19fc700381a780f69665d7956c469e3b\",\"name\":\"Radio Ljubu\u0161ki\"}]}<\/script>\n<!-- \/ Yoast SEO plugin. -->","yoast_head_json":{"title":"Brigitte Bardot navijala za zabranu borbi s bikovima pa zavr\u0161ila na jumbo plaktima: \u2018Kad je rije\u010d o matadorima, nije im oduvijek govorila \u2018ne\u2018\u2018 - RADIO LJUBU\u0160KI","robots":{"index":"index","follow":"follow","max-snippet":"max-snippet:-1","max-image-preview":"max-image-preview:large","max-video-preview":"max-video-preview:-1"},"canonical":"https:\/\/radioljubuski.ba\/index.php\/2021\/08\/19\/brigitte-bardot-navijala-za-zabranu-borbi-s-bikovima-pa-zavrsila-na-jumbo-plaktima-kad-je-rijec-o-matadorima-nije-im-oduvijek-govorila-ne\/","og_locale":"hr_HR","og_type":"article","og_title":"Brigitte Bardot navijala za zabranu borbi s bikovima pa zavr\u0161ila na jumbo plaktima: \u2018Kad je rije\u010d o matadorima, nije im oduvijek govorila \u2018ne\u2018\u2018 - RADIO LJUBU\u0160KI","og_description":"Legendarna glumica&nbsp;Brigitte Bardot&nbsp;plasirala je kampanju u obliku plakata protiv okrutnosti borbi bikova u malom gradi\u0107u na jugozapadu Francuske, no to se nikako nije svidjelo tamo\u0161njem gradona\u010delniku pa joj je uzvratio istom mjerom. Robert M\u00e9nard,&nbsp;\u0161ef Beziersa u blizini \u0161panjolske granice, objavio je svoje postere koji prikazuju staru sliku seks simbola 50-ih i 60-ih godina pro\u0161log stolje\u0107a [&hellip;]","og_url":"https:\/\/radioljubuski.ba\/index.php\/2021\/08\/19\/brigitte-bardot-navijala-za-zabranu-borbi-s-bikovima-pa-zavrsila-na-jumbo-plaktima-kad-je-rijec-o-matadorima-nije-im-oduvijek-govorila-ne\/","og_site_name":"RADIO LJUBU\u0160KI","article_publisher":"https:\/\/www.facebook.com\/Radiio-Ljubuski-1490835324566332","article_published_time":"2021-08-19T00:32:20+00:00","article_modified_time":"2021-08-19T00:32:21+00:00","og_image":[{"width":1024,"height":678,"url":"https:\/\/radioljubuski.ba\/wp-content\/uploads\/2021\/08\/o_19035116_1024.jpg","type":"image\/jpeg"}],"author":"Radio Ljubu\u0161ki","twitter_card":"summary_large_image","twitter_creator":"@radioljubuski","twitter_site":"@radioljubuski","twitter_misc":{"Napisao\/la":"Radio Ljubu\u0161ki","Procijenjeno vrijeme \u010ditanja":"2 minute"},"schema":{"@context":"https:\/\/schema.org","@graph":[{"@type":"Article","@id":"https:\/\/radioljubuski.ba\/index.php\/2021\/08\/19\/brigitte-bardot-navijala-za-zabranu-borbi-s-bikovima-pa-zavrsila-na-jumbo-plaktima-kad-je-rijec-o-matadorima-nije-im-oduvijek-govorila-ne\/#article","isPartOf":{"@id":"https:\/\/radioljubuski.ba\/index.php\/2021\/08\/19\/brigitte-bardot-navijala-za-zabranu-borbi-s-bikovima-pa-zavrsila-na-jumbo-plaktima-kad-je-rijec-o-matadorima-nije-im-oduvijek-govorila-ne\/"},"author":{"name":"Radio Ljubu\u0161ki","@id":"https:\/\/radioljubuski.ba\/#\/schema\/person\/19fc700381a780f69665d7956c469e3b"},"headline":"Brigitte Bardot navijala za zabranu borbi s bikovima pa zavr\u0161ila na jumbo plaktima: \u2018Kad je rije\u010d o matadorima, nije im oduvijek govorila \u2018ne\u2018\u2018","datePublished":"2021-08-19T00:32:20+00:00","dateModified":"2021-08-19T00:32:21+00:00","mainEntityOfPage":{"@id":"https:\/\/radioljubuski.ba\/index.php\/2021\/08\/19\/brigitte-bardot-navijala-za-zabranu-borbi-s-bikovima-pa-zavrsila-na-jumbo-plaktima-kad-je-rijec-o-matadorima-nije-im-oduvijek-govorila-ne\/"},"wordCount":417,"publisher":{"@id":"https:\/\/radioljubuski.ba\/#organization"},"image":{"@id":"https:\/\/radioljubuski.ba\/index.php\/2021\/08\/19\/brigitte-bardot-navijala-za-zabranu-borbi-s-bikovima-pa-zavrsila-na-jumbo-plaktima-kad-je-rijec-o-matadorima-nije-im-oduvijek-govorila-ne\/#primaryimage"},"thumbnailUrl":"https:\/\/radioljubuski.ba\/wp-content\/uploads\/2021\/08\/o_19035116_1024.jpg","articleSection":["BIH i regija"],"inLanguage":"hr"},{"@type":"WebPage","@id":"https:\/\/radioljubuski.ba\/index.php\/2021\/08\/19\/brigitte-bardot-navijala-za-zabranu-borbi-s-bikovima-pa-zavrsila-na-jumbo-plaktima-kad-je-rijec-o-matadorima-nije-im-oduvijek-govorila-ne\/","url":"https:\/\/radioljubuski.ba\/index.php\/2021\/08\/19\/brigitte-bardot-navijala-za-zabranu-borbi-s-bikovima-pa-zavrsila-na-jumbo-plaktima-kad-je-rijec-o-matadorima-nije-im-oduvijek-govorila-ne\/","name":"Brigitte Bardot navijala za zabranu borbi s bikovima pa zavr\u0161ila na jumbo plaktima: \u2018Kad je rije\u010d o matadorima, nije im oduvijek govorila \u2018ne\u2018\u2018 - RADIO LJUBU\u0160KI","isPartOf":{"@id":"https:\/\/radioljubuski.ba\/#website"},"primaryImageOfPage":{"@id":"https:\/\/radioljubuski.ba\/index.php\/2021\/08\/19\/brigitte-bardot-navijala-za-zabranu-borbi-s-bikovima-pa-zavrsila-na-jumbo-plaktima-kad-je-rijec-o-matadorima-nije-im-oduvijek-govorila-ne\/#primaryimage"},"image":{"@id":"https:\/\/radioljubuski.ba\/index.php\/2021\/08\/19\/brigitte-bardot-navijala-za-zabranu-borbi-s-bikovima-pa-zavrsila-na-jumbo-plaktima-kad-je-rijec-o-matadorima-nije-im-oduvijek-govorila-ne\/#primaryimage"},"thumbnailUrl":"https:\/\/radioljubuski.ba\/wp-content\/uploads\/2021\/08\/o_19035116_1024.jpg","datePublished":"2021-08-19T00:32:20+00:00","dateModified":"2021-08-19T00:32:21+00:00","breadcrumb":{"@id":"https:\/\/radioljubuski.ba\/index.php\/2021\/08\/19\/brigitte-bardot-navijala-za-zabranu-borbi-s-bikovima-pa-zavrsila-na-jumbo-plaktima-kad-je-rijec-o-matadorima-nije-im-oduvijek-govorila-ne\/#breadcrumb"},"inLanguage":"hr","potentialAction":[{"@type":"ReadAction","target":["https:\/\/radioljubuski.ba\/index.php\/2021\/08\/19\/brigitte-bardot-navijala-za-zabranu-borbi-s-bikovima-pa-zavrsila-na-jumbo-plaktima-kad-je-rijec-o-matadorima-nije-im-oduvijek-govorila-ne\/"]}]},{"@type":"ImageObject","inLanguage":"hr","@id":"https:\/\/radioljubuski.ba\/index.php\/2021\/08\/19\/brigitte-bardot-navijala-za-zabranu-borbi-s-bikovima-pa-zavrsila-na-jumbo-plaktima-kad-je-rijec-o-matadorima-nije-im-oduvijek-govorila-ne\/#primaryimage","url":"https:\/\/radioljubuski.ba\/wp-content\/uploads\/2021\/08\/o_19035116_1024.jpg","contentUrl":"https:\/\/radioljubuski.ba\/wp-content\/uploads\/2021\/08\/o_19035116_1024.jpg","width":1024,"height":678},{"@type":"BreadcrumbList","@id":"https:\/\/radioljubuski.ba\/index.php\/2021\/08\/19\/brigitte-bardot-navijala-za-zabranu-borbi-s-bikovima-pa-zavrsila-na-jumbo-plaktima-kad-je-rijec-o-matadorima-nije-im-oduvijek-govorila-ne\/#breadcrumb","itemListElement":[{"@type":"ListItem","position":1,"name":"Po\u010detna stranica","item":"https:\/\/radioljubuski.ba\/"},{"@type":"ListItem","position":2,"name":"Brigitte Bardot navijala za zabranu borbi s bikovima pa zavr\u0161ila na jumbo plaktima: \u2018Kad je rije\u010d o matadorima, nije im oduvijek govorila \u2018ne\u2018\u2018"}]},{"@type":"WebSite","@id":"https:\/\/radioljubuski.ba\/#website","url":"https:\/\/radioljubuski.ba\/","name":"Radio Ljubu\u0161ki","description":"Sun\u010dana frekvencija Hercegovine","publisher":{"@id":"https:\/\/radioljubuski.ba\/#organization"},"potentialAction":[{"@type":"SearchAction","target":{"@type":"EntryPoint","urlTemplate":"https:\/\/radioljubuski.ba\/?s={search_term_string}"},"query-input":{"@type":"PropertyValueSpecification","valueRequired":true,"valueName":"search_term_string"}}],"inLanguage":"hr"},{"@type":"Organization","@id":"https:\/\/radioljubuski.ba\/#organization","name":"Radio Ljubu\u0161ki","url":"https:\/\/radioljubuski.ba\/","logo":{"@type":"ImageObject","inLanguage":"hr","@id":"https:\/\/radioljubuski.ba\/#\/schema\/logo\/image\/","url":"https:\/\/radioljubuski.ba\/wp-content\/uploads\/2021\/02\/cropped-Radio_Ljubuski_logo1.jpg","contentUrl":"https:\/\/radioljubuski.ba\/wp-content\/uploads\/2021\/02\/cropped-Radio_Ljubuski_logo1.jpg","width":512,"height":512,"caption":"Radio Ljubu\u0161ki"},"image":{"@id":"https:\/\/radioljubuski.ba\/#\/schema\/logo\/image\/"},"sameAs":["https:\/\/www.facebook.com\/Radiio-Ljubuski-1490835324566332","https:\/\/x.com\/radioljubuski","https:\/\/hr.linkedin.com\/company\/radio-ljubuski","https:\/\/www.youtube.com\/channel\/UCHYaeO_n0Db3tjNGudGpXyw"]},{"@type":"Person","@id":"https:\/\/radioljubuski.ba\/#\/schema\/person\/19fc700381a780f69665d7956c469e3b","name":"Radio Ljubu\u0161ki"}]}},"_links":{"self":[{"href":"https:\/\/radioljubuski.ba\/index.php\/wp-json\/wp\/v2\/posts\/54909","targetHints":{"allow":["GET"]}}],"collection":[{"href":"https:\/\/radioljubuski.ba\/index.php\/wp-json\/wp\/v2\/posts"}],"about":[{"href":"https:\/\/radioljubuski.ba\/index.php\/wp-json\/wp\/v2\/types\/post"}],"author":[{"embeddable":true,"href":"https:\/\/radioljubuski.ba\/index.php\/wp-json\/wp\/v2\/users\/2"}],"replies":[{"embeddable":true,"href":"https:\/\/radioljubuski.ba\/index.php\/wp-json\/wp\/v2\/comments?post=54909"}],"version-history":[{"count":1,"href":"https:\/\/radioljubuski.ba\/index.php\/wp-json\/wp\/v2\/posts\/54909\/revisions"}],"predecessor-version":[{"id":54911,"href":"https:\/\/radioljubuski.ba\/index.php\/wp-json\/wp\/v2\/posts\/54909\/revisions\/54911"}],"wp:featuredmedia":[{"embeddable":true,"href":"https:\/\/radioljubuski.ba\/index.php\/wp-json\/wp\/v2\/media\/54910"}],"wp:attachment":[{"href":"https:\/\/radioljubuski.ba\/index.php\/wp-json\/wp\/v2\/media?parent=54909"}],"wp:term":[{"taxonomy":"category","embeddable":true,"href":"https:\/\/radioljubuski.ba\/index.php\/wp-json\/wp\/v2\/categories?post=54909"},{"taxonomy":"post_tag","embeddable":true,"href":"https:\/\/radioljubuski.ba\/index.php\/wp-json\/wp\/v2\/tags?post=54909"}],"curies":[{"name":"wp","href":"https:\/\/api.w.org\/{rel}","templated":true}]}}