{"id":54915,"date":"2021-08-19T01:36:54","date_gmt":"2021-08-19T00:36:54","guid":{"rendered":"https:\/\/radioljubuski.ba\/?p=54915"},"modified":"2021-08-19T01:36:55","modified_gmt":"2021-08-19T00:36:55","slug":"odustali-od-windsora-harry-i-meghan-krstit-ce-lilibet-u-tajnosti-u-kaliforniji","status":"publish","type":"post","link":"https:\/\/radioljubuski.ba\/index.php\/2021\/08\/19\/odustali-od-windsora-harry-i-meghan-krstit-ce-lilibet-u-tajnosti-u-kaliforniji\/","title":{"rendered":"Odustali od Windsora? Harry i Meghan krstit \u0107e Lilibet u tajnosti u Kaliforniji"},"content":{"rendered":"\n<p>Princ&nbsp;<strong>Harry<\/strong>&nbsp;i&nbsp;<strong>Meghan Markle<\/strong>&nbsp;svoju \u0107e k\u0107erkicu&nbsp;<strong>Lilibet Dianu<\/strong>&nbsp;krstiti u tajnosti u SAD-u, tvrdi stru\u010dnjak za kraljevsku obitelj&nbsp;<strong>Richard Fitzwilliam<\/strong>. Harry, koji \u0107e u rujnu proslaviti 37. ro\u0111endan, i njegova 40-godi\u0161nja supruga Meghan, zajedno s dvogodi\u0161njim sin\u010di\u0107em&nbsp;<strong>Archiejem<\/strong>&nbsp;i malenom Lilibet \u017eive u 14,6 milijuna dolara vrijednoj ku\u0107i u kalifornijskom Montecitu, a trenuta\u010dno su oboje na porodiljnom dopustu nakon \u0161to im se u lipnju rodilo drugo dijete.<\/p>\n\n\n\n<p>Premda su pro\u0161le godine napustili pozicije starijih, radnih \u010dlanova kraljevske obitelji, posljednjih se tjedana pisalo kako Harry i Meghan \u017eele Lilibet krstiti u Windsoru, uz prisutnost 95-godi\u0161nje kraljice\u00a0<strong>Elizabete II.<\/strong>, o \u010demu je Harry navodno obavijestio nekoliko osoba. Njegova biografkinja\u00a0<strong>Angela Levin<\/strong>\u00a0kazala je kako takvim o\u010dekivanjima Harry dovodi u neugodnu poziciju svoju baku kraljicu budu\u0107i da ona nije bila prisutna na kr\u0161tenjima nekoliko mladih \u010dlanova kraljevske obitelji posljednjih godina.<\/p>\n\n\n\n<figure class=\"wp-block-image\"><img decoding=\"async\" src=\"https:\/\/static.slobodnadalmacija.hr\/images\/slike\/2021\/08\/17\/18153282.jpg?1629209604\" alt=\"image\"\/><\/figure>\n\n\n\n<p>Kraljica nije bila ni na kr\u0161tenju Harryjeva i Meghanina sina Archieja u Windsoru prije dvije godine. To je kr\u0161tenje, suprotno kraljevskoj tradiciji, pratila velika tajnovitost, a Harry i Meghan nisu objavili ni imena Archiejevih kumova, \u0161to je izazvalo dosta kritika.<\/p>\n\n\n\n<p>\u010cini se kako su Harry i Meghan ipak odustali od ideje kr\u0161tenja u Windsoru. Oni jo\u0161 nisu objavili nikakvu fotografiju svoje k\u0107erkice, a ho\u0107e li mo\u017eda ameri\u010dki mediji skloni odbjeglom kraljevskom paru iz nekog &#8220;pouzdanog&#8221; izvora doznati tko su njezini kumovi i ima li me\u0111u njima slavnih imena s kojima se Harry i Meghan rado dru\u017ee, tek \u0107emo vidjeti.<\/p>\n\n\n\n<p><a href=\"https:\/\/slobodnadalmacija.hr\/autor\/marija-covic-3163\"><strong>PI\u0160E&nbsp;<\/strong>MARIJA \u010cOVI\u0106<\/a>\/slobodnadalmacija.hr<\/p>\n","protected":false},"excerpt":{"rendered":"<p>Princ&nbsp;Harry&nbsp;i&nbsp;Meghan Markle&nbsp;svoju \u0107e k\u0107erkicu&nbsp;Lilibet Dianu&nbsp;krstiti u tajnosti u SAD-u, tvrdi stru\u010dnjak za kraljevsku obitelj&nbsp;Richard Fitzwilliam. Harry, koji \u0107e u rujnu proslaviti 37. ro\u0111endan, i njegova 40-godi\u0161nja supruga Meghan, zajedno s dvogodi\u0161njim sin\u010di\u0107em&nbsp;Archiejem&nbsp;i malenom Lilibet \u017eive u 14,6 milijuna dolara vrijednoj ku\u0107i u kalifornijskom Montecitu, a trenuta\u010dno su oboje na porodiljnom dopustu nakon \u0161to im se [&hellip;]<\/p>\n","protected":false},"author":2,"featured_media":54916,"comment_status":"closed","ping_status":"closed","sticky":false,"template":"","format":"standard","meta":{"h5ap_radio_sources":[],"footnotes":""},"categories":[1],"tags":[],"class_list":["post-54915","post","type-post","status-publish","format-standard","has-post-thumbnail","hentry","category-bihiregija"],"yoast_head":"<!-- This site is optimized with the Yoast SEO plugin v27.5 - https:\/\/yoast.com\/product\/yoast-seo-wordpress\/ -->\n<title>Odustali od Windsora? Harry i Meghan krstit \u0107e Lilibet u tajnosti u Kaliforniji - RADIO LJUBU\u0160KI<\/title>\n<meta name=\"robots\" content=\"index, follow, max-snippet:-1, max-image-preview:large, max-video-preview:-1\" \/>\n<link rel=\"canonical\" href=\"https:\/\/radioljubuski.ba\/index.php\/2021\/08\/19\/odustali-od-windsora-harry-i-meghan-krstit-ce-lilibet-u-tajnosti-u-kaliforniji\/\" \/>\n<meta property=\"og:locale\" content=\"hr_HR\" \/>\n<meta property=\"og:type\" content=\"article\" \/>\n<meta property=\"og:title\" content=\"Odustali od Windsora? Harry i Meghan krstit \u0107e Lilibet u tajnosti u Kaliforniji - RADIO LJUBU\u0160KI\" \/>\n<meta property=\"og:description\" content=\"Princ&nbsp;Harry&nbsp;i&nbsp;Meghan Markle&nbsp;svoju \u0107e k\u0107erkicu&nbsp;Lilibet Dianu&nbsp;krstiti u tajnosti u SAD-u, tvrdi stru\u010dnjak za kraljevsku obitelj&nbsp;Richard Fitzwilliam. Harry, koji \u0107e u rujnu proslaviti 37. ro\u0111endan, i njegova 40-godi\u0161nja supruga Meghan, zajedno s dvogodi\u0161njim sin\u010di\u0107em&nbsp;Archiejem&nbsp;i malenom Lilibet \u017eive u 14,6 milijuna dolara vrijednoj ku\u0107i u kalifornijskom Montecitu, a trenuta\u010dno su oboje na porodiljnom dopustu nakon \u0161to im se [&hellip;]\" \/>\n<meta property=\"og:url\" content=\"https:\/\/radioljubuski.ba\/index.php\/2021\/08\/19\/odustali-od-windsora-harry-i-meghan-krstit-ce-lilibet-u-tajnosti-u-kaliforniji\/\" \/>\n<meta property=\"og:site_name\" content=\"RADIO LJUBU\u0160KI\" \/>\n<meta property=\"article:publisher\" content=\"https:\/\/www.facebook.com\/Radiio-Ljubuski-1490835324566332\" \/>\n<meta property=\"article:published_time\" content=\"2021-08-19T00:36:54+00:00\" \/>\n<meta property=\"article:modified_time\" content=\"2021-08-19T00:36:55+00:00\" \/>\n<meta property=\"og:image\" content=\"https:\/\/radioljubuski.ba\/wp-content\/uploads\/2021\/08\/19033140.jpg\" \/>\n\t<meta property=\"og:image:width\" content=\"1920\" \/>\n\t<meta property=\"og:image:height\" content=\"1278\" \/>\n\t<meta property=\"og:image:type\" content=\"image\/jpeg\" \/>\n<meta name=\"author\" content=\"Radio Ljubu\u0161ki\" \/>\n<meta name=\"twitter:card\" content=\"summary_large_image\" \/>\n<meta name=\"twitter:creator\" content=\"@radioljubuski\" \/>\n<meta name=\"twitter:site\" content=\"@radioljubuski\" \/>\n<meta name=\"twitter:label1\" content=\"Napisao\/la\" \/>\n\t<meta name=\"twitter:data1\" content=\"Radio Ljubu\u0161ki\" \/>\n\t<meta name=\"twitter:label2\" content=\"Procijenjeno vrijeme \u010ditanja\" \/>\n\t<meta name=\"twitter:data2\" content=\"2 minute\" \/>\n<script type=\"application\/ld+json\" class=\"yoast-schema-graph\">{\"@context\":\"https:\\\/\\\/schema.org\",\"@graph\":[{\"@type\":\"Article\",\"@id\":\"https:\\\/\\\/radioljubuski.ba\\\/index.php\\\/2021\\\/08\\\/19\\\/odustali-od-windsora-harry-i-meghan-krstit-ce-lilibet-u-tajnosti-u-kaliforniji\\\/#article\",\"isPartOf\":{\"@id\":\"https:\\\/\\\/radioljubuski.ba\\\/index.php\\\/2021\\\/08\\\/19\\\/odustali-od-windsora-harry-i-meghan-krstit-ce-lilibet-u-tajnosti-u-kaliforniji\\\/\"},\"author\":{\"name\":\"Radio Ljubu\u0161ki\",\"@id\":\"https:\\\/\\\/radioljubuski.ba\\\/#\\\/schema\\\/person\\\/19fc700381a780f69665d7956c469e3b\"},\"headline\":\"Odustali od Windsora? Harry i Meghan krstit \u0107e Lilibet u tajnosti u Kaliforniji\",\"datePublished\":\"2021-08-19T00:36:54+00:00\",\"dateModified\":\"2021-08-19T00:36:55+00:00\",\"mainEntityOfPage\":{\"@id\":\"https:\\\/\\\/radioljubuski.ba\\\/index.php\\\/2021\\\/08\\\/19\\\/odustali-od-windsora-harry-i-meghan-krstit-ce-lilibet-u-tajnosti-u-kaliforniji\\\/\"},\"wordCount\":288,\"publisher\":{\"@id\":\"https:\\\/\\\/radioljubuski.ba\\\/#organization\"},\"image\":{\"@id\":\"https:\\\/\\\/radioljubuski.ba\\\/index.php\\\/2021\\\/08\\\/19\\\/odustali-od-windsora-harry-i-meghan-krstit-ce-lilibet-u-tajnosti-u-kaliforniji\\\/#primaryimage\"},\"thumbnailUrl\":\"https:\\\/\\\/radioljubuski.ba\\\/wp-content\\\/uploads\\\/2021\\\/08\\\/19033140.jpg\",\"articleSection\":[\"BIH i regija\"],\"inLanguage\":\"hr\"},{\"@type\":\"WebPage\",\"@id\":\"https:\\\/\\\/radioljubuski.ba\\\/index.php\\\/2021\\\/08\\\/19\\\/odustali-od-windsora-harry-i-meghan-krstit-ce-lilibet-u-tajnosti-u-kaliforniji\\\/\",\"url\":\"https:\\\/\\\/radioljubuski.ba\\\/index.php\\\/2021\\\/08\\\/19\\\/odustali-od-windsora-harry-i-meghan-krstit-ce-lilibet-u-tajnosti-u-kaliforniji\\\/\",\"name\":\"Odustali od Windsora? Harry i Meghan krstit \u0107e Lilibet u tajnosti u Kaliforniji - RADIO LJUBU\u0160KI\",\"isPartOf\":{\"@id\":\"https:\\\/\\\/radioljubuski.ba\\\/#website\"},\"primaryImageOfPage\":{\"@id\":\"https:\\\/\\\/radioljubuski.ba\\\/index.php\\\/2021\\\/08\\\/19\\\/odustali-od-windsora-harry-i-meghan-krstit-ce-lilibet-u-tajnosti-u-kaliforniji\\\/#primaryimage\"},\"image\":{\"@id\":\"https:\\\/\\\/radioljubuski.ba\\\/index.php\\\/2021\\\/08\\\/19\\\/odustali-od-windsora-harry-i-meghan-krstit-ce-lilibet-u-tajnosti-u-kaliforniji\\\/#primaryimage\"},\"thumbnailUrl\":\"https:\\\/\\\/radioljubuski.ba\\\/wp-content\\\/uploads\\\/2021\\\/08\\\/19033140.jpg\",\"datePublished\":\"2021-08-19T00:36:54+00:00\",\"dateModified\":\"2021-08-19T00:36:55+00:00\",\"breadcrumb\":{\"@id\":\"https:\\\/\\\/radioljubuski.ba\\\/index.php\\\/2021\\\/08\\\/19\\\/odustali-od-windsora-harry-i-meghan-krstit-ce-lilibet-u-tajnosti-u-kaliforniji\\\/#breadcrumb\"},\"inLanguage\":\"hr\",\"potentialAction\":[{\"@type\":\"ReadAction\",\"target\":[\"https:\\\/\\\/radioljubuski.ba\\\/index.php\\\/2021\\\/08\\\/19\\\/odustali-od-windsora-harry-i-meghan-krstit-ce-lilibet-u-tajnosti-u-kaliforniji\\\/\"]}]},{\"@type\":\"ImageObject\",\"inLanguage\":\"hr\",\"@id\":\"https:\\\/\\\/radioljubuski.ba\\\/index.php\\\/2021\\\/08\\\/19\\\/odustali-od-windsora-harry-i-meghan-krstit-ce-lilibet-u-tajnosti-u-kaliforniji\\\/#primaryimage\",\"url\":\"https:\\\/\\\/radioljubuski.ba\\\/wp-content\\\/uploads\\\/2021\\\/08\\\/19033140.jpg\",\"contentUrl\":\"https:\\\/\\\/radioljubuski.ba\\\/wp-content\\\/uploads\\\/2021\\\/08\\\/19033140.jpg\",\"width\":1920,\"height\":1278},{\"@type\":\"BreadcrumbList\",\"@id\":\"https:\\\/\\\/radioljubuski.ba\\\/index.php\\\/2021\\\/08\\\/19\\\/odustali-od-windsora-harry-i-meghan-krstit-ce-lilibet-u-tajnosti-u-kaliforniji\\\/#breadcrumb\",\"itemListElement\":[{\"@type\":\"ListItem\",\"position\":1,\"name\":\"Po\u010detna stranica\",\"item\":\"https:\\\/\\\/radioljubuski.ba\\\/\"},{\"@type\":\"ListItem\",\"position\":2,\"name\":\"Odustali od Windsora? Harry i Meghan krstit \u0107e Lilibet u tajnosti u Kaliforniji\"}]},{\"@type\":\"WebSite\",\"@id\":\"https:\\\/\\\/radioljubuski.ba\\\/#website\",\"url\":\"https:\\\/\\\/radioljubuski.ba\\\/\",\"name\":\"Radio Ljubu\u0161ki\",\"description\":\"Sun\u010dana frekvencija Hercegovine\",\"publisher\":{\"@id\":\"https:\\\/\\\/radioljubuski.ba\\\/#organization\"},\"potentialAction\":[{\"@type\":\"SearchAction\",\"target\":{\"@type\":\"EntryPoint\",\"urlTemplate\":\"https:\\\/\\\/radioljubuski.ba\\\/?s={search_term_string}\"},\"query-input\":{\"@type\":\"PropertyValueSpecification\",\"valueRequired\":true,\"valueName\":\"search_term_string\"}}],\"inLanguage\":\"hr\"},{\"@type\":\"Organization\",\"@id\":\"https:\\\/\\\/radioljubuski.ba\\\/#organization\",\"name\":\"Radio Ljubu\u0161ki\",\"url\":\"https:\\\/\\\/radioljubuski.ba\\\/\",\"logo\":{\"@type\":\"ImageObject\",\"inLanguage\":\"hr\",\"@id\":\"https:\\\/\\\/radioljubuski.ba\\\/#\\\/schema\\\/logo\\\/image\\\/\",\"url\":\"https:\\\/\\\/radioljubuski.ba\\\/wp-content\\\/uploads\\\/2021\\\/02\\\/cropped-Radio_Ljubuski_logo1.jpg\",\"contentUrl\":\"https:\\\/\\\/radioljubuski.ba\\\/wp-content\\\/uploads\\\/2021\\\/02\\\/cropped-Radio_Ljubuski_logo1.jpg\",\"width\":512,\"height\":512,\"caption\":\"Radio Ljubu\u0161ki\"},\"image\":{\"@id\":\"https:\\\/\\\/radioljubuski.ba\\\/#\\\/schema\\\/logo\\\/image\\\/\"},\"sameAs\":[\"https:\\\/\\\/www.facebook.com\\\/Radiio-Ljubuski-1490835324566332\",\"https:\\\/\\\/x.com\\\/radioljubuski\",\"https:\\\/\\\/hr.linkedin.com\\\/company\\\/radio-ljubuski\",\"https:\\\/\\\/www.youtube.com\\\/channel\\\/UCHYaeO_n0Db3tjNGudGpXyw\"]},{\"@type\":\"Person\",\"@id\":\"https:\\\/\\\/radioljubuski.ba\\\/#\\\/schema\\\/person\\\/19fc700381a780f69665d7956c469e3b\",\"name\":\"Radio Ljubu\u0161ki\"}]}<\/script>\n<!-- \/ Yoast SEO plugin. -->","yoast_head_json":{"title":"Odustali od Windsora? Harry i Meghan krstit \u0107e Lilibet u tajnosti u Kaliforniji - RADIO LJUBU\u0160KI","robots":{"index":"index","follow":"follow","max-snippet":"max-snippet:-1","max-image-preview":"max-image-preview:large","max-video-preview":"max-video-preview:-1"},"canonical":"https:\/\/radioljubuski.ba\/index.php\/2021\/08\/19\/odustali-od-windsora-harry-i-meghan-krstit-ce-lilibet-u-tajnosti-u-kaliforniji\/","og_locale":"hr_HR","og_type":"article","og_title":"Odustali od Windsora? Harry i Meghan krstit \u0107e Lilibet u tajnosti u Kaliforniji - RADIO LJUBU\u0160KI","og_description":"Princ&nbsp;Harry&nbsp;i&nbsp;Meghan Markle&nbsp;svoju \u0107e k\u0107erkicu&nbsp;Lilibet Dianu&nbsp;krstiti u tajnosti u SAD-u, tvrdi stru\u010dnjak za kraljevsku obitelj&nbsp;Richard Fitzwilliam. Harry, koji \u0107e u rujnu proslaviti 37. ro\u0111endan, i njegova 40-godi\u0161nja supruga Meghan, zajedno s dvogodi\u0161njim sin\u010di\u0107em&nbsp;Archiejem&nbsp;i malenom Lilibet \u017eive u 14,6 milijuna dolara vrijednoj ku\u0107i u kalifornijskom Montecitu, a trenuta\u010dno su oboje na porodiljnom dopustu nakon \u0161to im se [&hellip;]","og_url":"https:\/\/radioljubuski.ba\/index.php\/2021\/08\/19\/odustali-od-windsora-harry-i-meghan-krstit-ce-lilibet-u-tajnosti-u-kaliforniji\/","og_site_name":"RADIO LJUBU\u0160KI","article_publisher":"https:\/\/www.facebook.com\/Radiio-Ljubuski-1490835324566332","article_published_time":"2021-08-19T00:36:54+00:00","article_modified_time":"2021-08-19T00:36:55+00:00","og_image":[{"width":1920,"height":1278,"url":"https:\/\/radioljubuski.ba\/wp-content\/uploads\/2021\/08\/19033140.jpg","type":"image\/jpeg"}],"author":"Radio Ljubu\u0161ki","twitter_card":"summary_large_image","twitter_creator":"@radioljubuski","twitter_site":"@radioljubuski","twitter_misc":{"Napisao\/la":"Radio Ljubu\u0161ki","Procijenjeno vrijeme \u010ditanja":"2 minute"},"schema":{"@context":"https:\/\/schema.org","@graph":[{"@type":"Article","@id":"https:\/\/radioljubuski.ba\/index.php\/2021\/08\/19\/odustali-od-windsora-harry-i-meghan-krstit-ce-lilibet-u-tajnosti-u-kaliforniji\/#article","isPartOf":{"@id":"https:\/\/radioljubuski.ba\/index.php\/2021\/08\/19\/odustali-od-windsora-harry-i-meghan-krstit-ce-lilibet-u-tajnosti-u-kaliforniji\/"},"author":{"name":"Radio Ljubu\u0161ki","@id":"https:\/\/radioljubuski.ba\/#\/schema\/person\/19fc700381a780f69665d7956c469e3b"},"headline":"Odustali od Windsora? Harry i Meghan krstit \u0107e Lilibet u tajnosti u Kaliforniji","datePublished":"2021-08-19T00:36:54+00:00","dateModified":"2021-08-19T00:36:55+00:00","mainEntityOfPage":{"@id":"https:\/\/radioljubuski.ba\/index.php\/2021\/08\/19\/odustali-od-windsora-harry-i-meghan-krstit-ce-lilibet-u-tajnosti-u-kaliforniji\/"},"wordCount":288,"publisher":{"@id":"https:\/\/radioljubuski.ba\/#organization"},"image":{"@id":"https:\/\/radioljubuski.ba\/index.php\/2021\/08\/19\/odustali-od-windsora-harry-i-meghan-krstit-ce-lilibet-u-tajnosti-u-kaliforniji\/#primaryimage"},"thumbnailUrl":"https:\/\/radioljubuski.ba\/wp-content\/uploads\/2021\/08\/19033140.jpg","articleSection":["BIH i regija"],"inLanguage":"hr"},{"@type":"WebPage","@id":"https:\/\/radioljubuski.ba\/index.php\/2021\/08\/19\/odustali-od-windsora-harry-i-meghan-krstit-ce-lilibet-u-tajnosti-u-kaliforniji\/","url":"https:\/\/radioljubuski.ba\/index.php\/2021\/08\/19\/odustali-od-windsora-harry-i-meghan-krstit-ce-lilibet-u-tajnosti-u-kaliforniji\/","name":"Odustali od Windsora? Harry i Meghan krstit \u0107e Lilibet u tajnosti u Kaliforniji - RADIO LJUBU\u0160KI","isPartOf":{"@id":"https:\/\/radioljubuski.ba\/#website"},"primaryImageOfPage":{"@id":"https:\/\/radioljubuski.ba\/index.php\/2021\/08\/19\/odustali-od-windsora-harry-i-meghan-krstit-ce-lilibet-u-tajnosti-u-kaliforniji\/#primaryimage"},"image":{"@id":"https:\/\/radioljubuski.ba\/index.php\/2021\/08\/19\/odustali-od-windsora-harry-i-meghan-krstit-ce-lilibet-u-tajnosti-u-kaliforniji\/#primaryimage"},"thumbnailUrl":"https:\/\/radioljubuski.ba\/wp-content\/uploads\/2021\/08\/19033140.jpg","datePublished":"2021-08-19T00:36:54+00:00","dateModified":"2021-08-19T00:36:55+00:00","breadcrumb":{"@id":"https:\/\/radioljubuski.ba\/index.php\/2021\/08\/19\/odustali-od-windsora-harry-i-meghan-krstit-ce-lilibet-u-tajnosti-u-kaliforniji\/#breadcrumb"},"inLanguage":"hr","potentialAction":[{"@type":"ReadAction","target":["https:\/\/radioljubuski.ba\/index.php\/2021\/08\/19\/odustali-od-windsora-harry-i-meghan-krstit-ce-lilibet-u-tajnosti-u-kaliforniji\/"]}]},{"@type":"ImageObject","inLanguage":"hr","@id":"https:\/\/radioljubuski.ba\/index.php\/2021\/08\/19\/odustali-od-windsora-harry-i-meghan-krstit-ce-lilibet-u-tajnosti-u-kaliforniji\/#primaryimage","url":"https:\/\/radioljubuski.ba\/wp-content\/uploads\/2021\/08\/19033140.jpg","contentUrl":"https:\/\/radioljubuski.ba\/wp-content\/uploads\/2021\/08\/19033140.jpg","width":1920,"height":1278},{"@type":"BreadcrumbList","@id":"https:\/\/radioljubuski.ba\/index.php\/2021\/08\/19\/odustali-od-windsora-harry-i-meghan-krstit-ce-lilibet-u-tajnosti-u-kaliforniji\/#breadcrumb","itemListElement":[{"@type":"ListItem","position":1,"name":"Po\u010detna stranica","item":"https:\/\/radioljubuski.ba\/"},{"@type":"ListItem","position":2,"name":"Odustali od Windsora? Harry i Meghan krstit \u0107e Lilibet u tajnosti u Kaliforniji"}]},{"@type":"WebSite","@id":"https:\/\/radioljubuski.ba\/#website","url":"https:\/\/radioljubuski.ba\/","name":"Radio Ljubu\u0161ki","description":"Sun\u010dana frekvencija Hercegovine","publisher":{"@id":"https:\/\/radioljubuski.ba\/#organization"},"potentialAction":[{"@type":"SearchAction","target":{"@type":"EntryPoint","urlTemplate":"https:\/\/radioljubuski.ba\/?s={search_term_string}"},"query-input":{"@type":"PropertyValueSpecification","valueRequired":true,"valueName":"search_term_string"}}],"inLanguage":"hr"},{"@type":"Organization","@id":"https:\/\/radioljubuski.ba\/#organization","name":"Radio Ljubu\u0161ki","url":"https:\/\/radioljubuski.ba\/","logo":{"@type":"ImageObject","inLanguage":"hr","@id":"https:\/\/radioljubuski.ba\/#\/schema\/logo\/image\/","url":"https:\/\/radioljubuski.ba\/wp-content\/uploads\/2021\/02\/cropped-Radio_Ljubuski_logo1.jpg","contentUrl":"https:\/\/radioljubuski.ba\/wp-content\/uploads\/2021\/02\/cropped-Radio_Ljubuski_logo1.jpg","width":512,"height":512,"caption":"Radio Ljubu\u0161ki"},"image":{"@id":"https:\/\/radioljubuski.ba\/#\/schema\/logo\/image\/"},"sameAs":["https:\/\/www.facebook.com\/Radiio-Ljubuski-1490835324566332","https:\/\/x.com\/radioljubuski","https:\/\/hr.linkedin.com\/company\/radio-ljubuski","https:\/\/www.youtube.com\/channel\/UCHYaeO_n0Db3tjNGudGpXyw"]},{"@type":"Person","@id":"https:\/\/radioljubuski.ba\/#\/schema\/person\/19fc700381a780f69665d7956c469e3b","name":"Radio Ljubu\u0161ki"}]}},"_links":{"self":[{"href":"https:\/\/radioljubuski.ba\/index.php\/wp-json\/wp\/v2\/posts\/54915","targetHints":{"allow":["GET"]}}],"collection":[{"href":"https:\/\/radioljubuski.ba\/index.php\/wp-json\/wp\/v2\/posts"}],"about":[{"href":"https:\/\/radioljubuski.ba\/index.php\/wp-json\/wp\/v2\/types\/post"}],"author":[{"embeddable":true,"href":"https:\/\/radioljubuski.ba\/index.php\/wp-json\/wp\/v2\/users\/2"}],"replies":[{"embeddable":true,"href":"https:\/\/radioljubuski.ba\/index.php\/wp-json\/wp\/v2\/comments?post=54915"}],"version-history":[{"count":1,"href":"https:\/\/radioljubuski.ba\/index.php\/wp-json\/wp\/v2\/posts\/54915\/revisions"}],"predecessor-version":[{"id":54917,"href":"https:\/\/radioljubuski.ba\/index.php\/wp-json\/wp\/v2\/posts\/54915\/revisions\/54917"}],"wp:featuredmedia":[{"embeddable":true,"href":"https:\/\/radioljubuski.ba\/index.php\/wp-json\/wp\/v2\/media\/54916"}],"wp:attachment":[{"href":"https:\/\/radioljubuski.ba\/index.php\/wp-json\/wp\/v2\/media?parent=54915"}],"wp:term":[{"taxonomy":"category","embeddable":true,"href":"https:\/\/radioljubuski.ba\/index.php\/wp-json\/wp\/v2\/categories?post=54915"},{"taxonomy":"post_tag","embeddable":true,"href":"https:\/\/radioljubuski.ba\/index.php\/wp-json\/wp\/v2\/tags?post=54915"}],"curies":[{"name":"wp","href":"https:\/\/api.w.org\/{rel}","templated":true}]}}