{"id":54928,"date":"2021-08-19T08:32:30","date_gmt":"2021-08-19T07:32:30","guid":{"rendered":"https:\/\/radioljubuski.ba\/?p=54928"},"modified":"2021-08-20T10:09:01","modified_gmt":"2021-08-20T09:09:01","slug":"andrea-juric-pred-nama-je-zadnji-veliki-val-virus-ce-polako-poceti-iscezavati","status":"publish","type":"post","link":"https:\/\/radioljubuski.ba\/index.php\/2021\/08\/19\/andrea-juric-pred-nama-je-zadnji-veliki-val-virus-ce-polako-poceti-iscezavati\/","title":{"rendered":"Andrea Juri\u0107: Pred nama je zadnji veliki val, virus \u0107e polako po\u010deti i\u0161\u010dezavati"},"content":{"rendered":"\n<p>Dr. Andrea Juri\u0107 , epidemiologinja i direktorica Zavoda za javno zdravstvo Zapadnohercegova\u010dke \u017eupanije u razgovoru za N1 istaknula je kako \u0107e ova jesen i zima posebno biti izazovni, kada se govori o pandemiji korona virusa. Dodala je kako o\u010dekuje da bi u bliskoj budu\u0107nosti virus mogao \u201cpolako po\u010deti i\u0161\u010dezavati\u201d.<\/p>\n\n\n\n<p><em><strong>N1: Svjedoci smo porasta broja zara\u017eenih u posljednjih nekoliko dana. Kako se pona\u0161ati?<\/strong><\/em><\/p>\n\n\n\n<p>Andrea Juri\u0107: Ovo je posljednji od velikih valova koji se o\u010dekuju. Bitno je da se ovu jesen i zimu odupremo svim isku\u0161enjima. Ostaju nam sada te osnovne mjere, da ne ka\u017eem primitivne, od toga bolje nemamo. Va\u017eno je da se izbjegavaju skupovi, da se provodi higijena\u2026 Mene brine ova zima. Ona je za nas najzahtjevnija i svi o\u010dekujemo da \u0107e veliki broj populacije preboljeti bolest, biti imuniziran i da \u0107e virus polako po\u010deti i\u0161\u010dezavati.<\/p>\n\n\n\n<p><em><strong>\u0160ta o\u010dekivati u rujnu?<\/strong><\/em><\/p>\n\n\n\n<p>Ne o\u010dekujemo intenzitet kakav je bio u 3. valu. \u0160to se ti\u010de klini\u010dkih slika tek trebamo vidjeti. Nama \u0107e trebati vremena da vidim kako se pona\u0161a delta soj.<\/p>\n\n\n\n<p><strong><em>Stru\u010dnjaci smatraju da \u0107e sada posebno biti ugro\u017eena mla\u0111a populacija?<\/em><\/strong><\/p>\n\n\n\n<p>Ono \u0161to je bilo karakteristi\u010dno za prve varijante korona virusa da su vi\u0161e oboljevale starije osobe. Ovaj delta soj ide na mla\u0111u populaciju i adolescente. Me\u0111u njima se lak\u0161e i br\u017ee \u0161iri i to izaziva zabrinutost. Kolege klini\u010dari sla\u017eu se da postoji razlika izme\u0111u klini\u010dkih slika sada i vuhanskog soja. Samim time \u0161to ovaj soj zahvata mla\u0111u popualciju time je i njihov imunitet bolji.<\/p>\n\n\n\n<p><em><strong>Od koje godine preporu\u010dujete cijepljenje?<\/strong><\/em><\/p>\n\n\n\n<p>Svi se sla\u017eu od 18. pa nadalje. U BiH imamo problem sa imunizacijom. U po\u010detku nije bilo cjepiva, a sada kad ima ljudi se ne cijepe. Zaista pozivam sve da se do\u0111u cijepiti. Imamo vi\u0161e cjepiva nego ljudi koji se \u017eele cijepiti.<\/p>\n\n\n\n<p><em><strong>Kako to objasniti?<\/strong><\/em><\/p>\n\n\n\n<p>To je taj internet. Ljudi \u010ditaju po dru\u0161tvenim mre\u017eama i ne mogu napraviti razliku \u0161ta je provjereno ili ne. Postoji i strah kod ljudi zbog pojave novih cjepiva. Ja to mogu razumjeti. Ali molim one koji su u visokom riziku da ne tra\u017ee vi\u0161e opravdanja i da se cijepe.<\/p>\n\n\n\n<p><strong><em>Za\u0161to nije ja\u010di strah od virusa koji je paralizirao cijeli svijet?<\/em><\/strong><\/p>\n\n\n\n<p>Ja sam sama zagovornica onih tehnologija koje su od ranije poznate. Zato sam bila i pobornica kineskih cjepiva jer su nastale starim tehnologijama. Cijepila sam se Sinovacom i imala sam problema tijekom putovanja. Mislim da je to stvar birokracije. Nisu medicinski razlozi. Ali ako ne mogu birati, jasno je da bi odabrala svako cjepivo, posebno ako sam u riziku. Ljudi koji imaju strah trebaju nazvati svoga obiteljskog lije\u010dnika da se upute u cijepljenje.<\/p>\n\n\n\n<p><em><strong>Tre\u0107a doza \u2013 za ili ne?<\/strong><\/em><\/p>\n\n\n\n<p>Mi se nismo cijepili ni prvom dozom tako da tre\u0107a sada ispada kao luksuz. Me\u0111utim, sve se vi\u0161e govori da \u0107e biti potrebna i tre\u0107a doza. Najva\u017enije je da se ljudi cijepe prvom dozom.<\/p>\n\n\n\n<p>Izvor:N1<\/p>\n","protected":false},"excerpt":{"rendered":"<p>Dr. Andrea Juri\u0107 , epidemiologinja i direktorica Zavoda za javno zdravstvo Zapadnohercegova\u010dke \u017eupanije u razgovoru za N1 istaknula je kako \u0107e ova jesen i zima posebno biti izazovni, kada se govori o pandemiji korona virusa. Dodala je kako o\u010dekuje da bi u bliskoj budu\u0107nosti virus mogao \u201cpolako po\u010deti i\u0161\u010dezavati\u201d. N1: Svjedoci smo porasta broja zara\u017eenih [&hellip;]<\/p>\n","protected":false},"author":2,"featured_media":10432,"comment_status":"closed","ping_status":"closed","sticky":false,"template":"","format":"standard","meta":{"h5ap_radio_sources":[],"footnotes":""},"categories":[1],"tags":[],"class_list":["post-54928","post","type-post","status-publish","format-standard","has-post-thumbnail","hentry","category-bihiregija"],"yoast_head":"<!-- This site is optimized with the Yoast SEO plugin v27.5 - https:\/\/yoast.com\/product\/yoast-seo-wordpress\/ -->\n<title>Andrea Juri\u0107: Pred nama je zadnji veliki val, virus \u0107e polako po\u010deti i\u0161\u010dezavati - RADIO LJUBU\u0160KI<\/title>\n<meta name=\"robots\" content=\"index, follow, max-snippet:-1, max-image-preview:large, max-video-preview:-1\" \/>\n<link rel=\"canonical\" href=\"https:\/\/radioljubuski.ba\/index.php\/2021\/08\/19\/andrea-juric-pred-nama-je-zadnji-veliki-val-virus-ce-polako-poceti-iscezavati\/\" \/>\n<meta property=\"og:locale\" content=\"hr_HR\" \/>\n<meta property=\"og:type\" content=\"article\" \/>\n<meta property=\"og:title\" content=\"Andrea Juri\u0107: Pred nama je zadnji veliki val, virus \u0107e polako po\u010deti i\u0161\u010dezavati - RADIO LJUBU\u0160KI\" \/>\n<meta property=\"og:description\" content=\"Dr. Andrea Juri\u0107 , epidemiologinja i direktorica Zavoda za javno zdravstvo Zapadnohercegova\u010dke \u017eupanije u razgovoru za N1 istaknula je kako \u0107e ova jesen i zima posebno biti izazovni, kada se govori o pandemiji korona virusa. Dodala je kako o\u010dekuje da bi u bliskoj budu\u0107nosti virus mogao \u201cpolako po\u010deti i\u0161\u010dezavati\u201d. N1: Svjedoci smo porasta broja zara\u017eenih [&hellip;]\" \/>\n<meta property=\"og:url\" content=\"https:\/\/radioljubuski.ba\/index.php\/2021\/08\/19\/andrea-juric-pred-nama-je-zadnji-veliki-val-virus-ce-polako-poceti-iscezavati\/\" \/>\n<meta property=\"og:site_name\" content=\"RADIO LJUBU\u0160KI\" \/>\n<meta property=\"article:publisher\" content=\"https:\/\/www.facebook.com\/Radiio-Ljubuski-1490835324566332\" \/>\n<meta property=\"article:published_time\" content=\"2021-08-19T07:32:30+00:00\" \/>\n<meta property=\"article:modified_time\" content=\"2021-08-20T09:09:01+00:00\" \/>\n<meta property=\"og:image\" content=\"https:\/\/radioljubuski.ba\/wp-content\/uploads\/2021\/04\/ZhL7kqO0_andrea.png\" \/>\n\t<meta property=\"og:image:width\" content=\"1000\" \/>\n\t<meta property=\"og:image:height\" content=\"625\" \/>\n\t<meta property=\"og:image:type\" content=\"image\/png\" \/>\n<meta name=\"author\" content=\"Radio Ljubu\u0161ki\" \/>\n<meta name=\"twitter:card\" content=\"summary_large_image\" \/>\n<meta name=\"twitter:creator\" content=\"@radioljubuski\" \/>\n<meta name=\"twitter:site\" content=\"@radioljubuski\" \/>\n<meta name=\"twitter:label1\" content=\"Napisao\/la\" \/>\n\t<meta name=\"twitter:data1\" content=\"Radio Ljubu\u0161ki\" \/>\n\t<meta name=\"twitter:label2\" content=\"Procijenjeno vrijeme \u010ditanja\" \/>\n\t<meta name=\"twitter:data2\" content=\"3 minute\" \/>\n<script type=\"application\/ld+json\" class=\"yoast-schema-graph\">{\"@context\":\"https:\\\/\\\/schema.org\",\"@graph\":[{\"@type\":\"Article\",\"@id\":\"https:\\\/\\\/radioljubuski.ba\\\/index.php\\\/2021\\\/08\\\/19\\\/andrea-juric-pred-nama-je-zadnji-veliki-val-virus-ce-polako-poceti-iscezavati\\\/#article\",\"isPartOf\":{\"@id\":\"https:\\\/\\\/radioljubuski.ba\\\/index.php\\\/2021\\\/08\\\/19\\\/andrea-juric-pred-nama-je-zadnji-veliki-val-virus-ce-polako-poceti-iscezavati\\\/\"},\"author\":{\"name\":\"Radio Ljubu\u0161ki\",\"@id\":\"https:\\\/\\\/radioljubuski.ba\\\/#\\\/schema\\\/person\\\/19fc700381a780f69665d7956c469e3b\"},\"headline\":\"Andrea Juri\u0107: Pred nama je zadnji veliki val, virus \u0107e polako po\u010deti i\u0161\u010dezavati\",\"datePublished\":\"2021-08-19T07:32:30+00:00\",\"dateModified\":\"2021-08-20T09:09:01+00:00\",\"mainEntityOfPage\":{\"@id\":\"https:\\\/\\\/radioljubuski.ba\\\/index.php\\\/2021\\\/08\\\/19\\\/andrea-juric-pred-nama-je-zadnji-veliki-val-virus-ce-polako-poceti-iscezavati\\\/\"},\"wordCount\":529,\"publisher\":{\"@id\":\"https:\\\/\\\/radioljubuski.ba\\\/#organization\"},\"image\":{\"@id\":\"https:\\\/\\\/radioljubuski.ba\\\/index.php\\\/2021\\\/08\\\/19\\\/andrea-juric-pred-nama-je-zadnji-veliki-val-virus-ce-polako-poceti-iscezavati\\\/#primaryimage\"},\"thumbnailUrl\":\"https:\\\/\\\/radioljubuski.ba\\\/wp-content\\\/uploads\\\/2021\\\/04\\\/ZhL7kqO0_andrea.png\",\"articleSection\":[\"BIH i regija\"],\"inLanguage\":\"hr\"},{\"@type\":\"WebPage\",\"@id\":\"https:\\\/\\\/radioljubuski.ba\\\/index.php\\\/2021\\\/08\\\/19\\\/andrea-juric-pred-nama-je-zadnji-veliki-val-virus-ce-polako-poceti-iscezavati\\\/\",\"url\":\"https:\\\/\\\/radioljubuski.ba\\\/index.php\\\/2021\\\/08\\\/19\\\/andrea-juric-pred-nama-je-zadnji-veliki-val-virus-ce-polako-poceti-iscezavati\\\/\",\"name\":\"Andrea Juri\u0107: Pred nama je zadnji veliki val, virus \u0107e polako po\u010deti i\u0161\u010dezavati - RADIO LJUBU\u0160KI\",\"isPartOf\":{\"@id\":\"https:\\\/\\\/radioljubuski.ba\\\/#website\"},\"primaryImageOfPage\":{\"@id\":\"https:\\\/\\\/radioljubuski.ba\\\/index.php\\\/2021\\\/08\\\/19\\\/andrea-juric-pred-nama-je-zadnji-veliki-val-virus-ce-polako-poceti-iscezavati\\\/#primaryimage\"},\"image\":{\"@id\":\"https:\\\/\\\/radioljubuski.ba\\\/index.php\\\/2021\\\/08\\\/19\\\/andrea-juric-pred-nama-je-zadnji-veliki-val-virus-ce-polako-poceti-iscezavati\\\/#primaryimage\"},\"thumbnailUrl\":\"https:\\\/\\\/radioljubuski.ba\\\/wp-content\\\/uploads\\\/2021\\\/04\\\/ZhL7kqO0_andrea.png\",\"datePublished\":\"2021-08-19T07:32:30+00:00\",\"dateModified\":\"2021-08-20T09:09:01+00:00\",\"breadcrumb\":{\"@id\":\"https:\\\/\\\/radioljubuski.ba\\\/index.php\\\/2021\\\/08\\\/19\\\/andrea-juric-pred-nama-je-zadnji-veliki-val-virus-ce-polako-poceti-iscezavati\\\/#breadcrumb\"},\"inLanguage\":\"hr\",\"potentialAction\":[{\"@type\":\"ReadAction\",\"target\":[\"https:\\\/\\\/radioljubuski.ba\\\/index.php\\\/2021\\\/08\\\/19\\\/andrea-juric-pred-nama-je-zadnji-veliki-val-virus-ce-polako-poceti-iscezavati\\\/\"]}]},{\"@type\":\"ImageObject\",\"inLanguage\":\"hr\",\"@id\":\"https:\\\/\\\/radioljubuski.ba\\\/index.php\\\/2021\\\/08\\\/19\\\/andrea-juric-pred-nama-je-zadnji-veliki-val-virus-ce-polako-poceti-iscezavati\\\/#primaryimage\",\"url\":\"https:\\\/\\\/radioljubuski.ba\\\/wp-content\\\/uploads\\\/2021\\\/04\\\/ZhL7kqO0_andrea.png\",\"contentUrl\":\"https:\\\/\\\/radioljubuski.ba\\\/wp-content\\\/uploads\\\/2021\\\/04\\\/ZhL7kqO0_andrea.png\",\"width\":1000,\"height\":625},{\"@type\":\"BreadcrumbList\",\"@id\":\"https:\\\/\\\/radioljubuski.ba\\\/index.php\\\/2021\\\/08\\\/19\\\/andrea-juric-pred-nama-je-zadnji-veliki-val-virus-ce-polako-poceti-iscezavati\\\/#breadcrumb\",\"itemListElement\":[{\"@type\":\"ListItem\",\"position\":1,\"name\":\"Po\u010detna stranica\",\"item\":\"https:\\\/\\\/radioljubuski.ba\\\/\"},{\"@type\":\"ListItem\",\"position\":2,\"name\":\"Andrea Juri\u0107: Pred nama je zadnji veliki val, virus \u0107e polako po\u010deti i\u0161\u010dezavati\"}]},{\"@type\":\"WebSite\",\"@id\":\"https:\\\/\\\/radioljubuski.ba\\\/#website\",\"url\":\"https:\\\/\\\/radioljubuski.ba\\\/\",\"name\":\"Radio Ljubu\u0161ki\",\"description\":\"Sun\u010dana frekvencija Hercegovine\",\"publisher\":{\"@id\":\"https:\\\/\\\/radioljubuski.ba\\\/#organization\"},\"potentialAction\":[{\"@type\":\"SearchAction\",\"target\":{\"@type\":\"EntryPoint\",\"urlTemplate\":\"https:\\\/\\\/radioljubuski.ba\\\/?s={search_term_string}\"},\"query-input\":{\"@type\":\"PropertyValueSpecification\",\"valueRequired\":true,\"valueName\":\"search_term_string\"}}],\"inLanguage\":\"hr\"},{\"@type\":\"Organization\",\"@id\":\"https:\\\/\\\/radioljubuski.ba\\\/#organization\",\"name\":\"Radio Ljubu\u0161ki\",\"url\":\"https:\\\/\\\/radioljubuski.ba\\\/\",\"logo\":{\"@type\":\"ImageObject\",\"inLanguage\":\"hr\",\"@id\":\"https:\\\/\\\/radioljubuski.ba\\\/#\\\/schema\\\/logo\\\/image\\\/\",\"url\":\"https:\\\/\\\/radioljubuski.ba\\\/wp-content\\\/uploads\\\/2021\\\/02\\\/cropped-Radio_Ljubuski_logo1.jpg\",\"contentUrl\":\"https:\\\/\\\/radioljubuski.ba\\\/wp-content\\\/uploads\\\/2021\\\/02\\\/cropped-Radio_Ljubuski_logo1.jpg\",\"width\":512,\"height\":512,\"caption\":\"Radio Ljubu\u0161ki\"},\"image\":{\"@id\":\"https:\\\/\\\/radioljubuski.ba\\\/#\\\/schema\\\/logo\\\/image\\\/\"},\"sameAs\":[\"https:\\\/\\\/www.facebook.com\\\/Radiio-Ljubuski-1490835324566332\",\"https:\\\/\\\/x.com\\\/radioljubuski\",\"https:\\\/\\\/hr.linkedin.com\\\/company\\\/radio-ljubuski\",\"https:\\\/\\\/www.youtube.com\\\/channel\\\/UCHYaeO_n0Db3tjNGudGpXyw\"]},{\"@type\":\"Person\",\"@id\":\"https:\\\/\\\/radioljubuski.ba\\\/#\\\/schema\\\/person\\\/19fc700381a780f69665d7956c469e3b\",\"name\":\"Radio Ljubu\u0161ki\"}]}<\/script>\n<!-- \/ Yoast SEO plugin. -->","yoast_head_json":{"title":"Andrea Juri\u0107: Pred nama je zadnji veliki val, virus \u0107e polako po\u010deti i\u0161\u010dezavati - RADIO LJUBU\u0160KI","robots":{"index":"index","follow":"follow","max-snippet":"max-snippet:-1","max-image-preview":"max-image-preview:large","max-video-preview":"max-video-preview:-1"},"canonical":"https:\/\/radioljubuski.ba\/index.php\/2021\/08\/19\/andrea-juric-pred-nama-je-zadnji-veliki-val-virus-ce-polako-poceti-iscezavati\/","og_locale":"hr_HR","og_type":"article","og_title":"Andrea Juri\u0107: Pred nama je zadnji veliki val, virus \u0107e polako po\u010deti i\u0161\u010dezavati - RADIO LJUBU\u0160KI","og_description":"Dr. Andrea Juri\u0107 , epidemiologinja i direktorica Zavoda za javno zdravstvo Zapadnohercegova\u010dke \u017eupanije u razgovoru za N1 istaknula je kako \u0107e ova jesen i zima posebno biti izazovni, kada se govori o pandemiji korona virusa. Dodala je kako o\u010dekuje da bi u bliskoj budu\u0107nosti virus mogao \u201cpolako po\u010deti i\u0161\u010dezavati\u201d. N1: Svjedoci smo porasta broja zara\u017eenih [&hellip;]","og_url":"https:\/\/radioljubuski.ba\/index.php\/2021\/08\/19\/andrea-juric-pred-nama-je-zadnji-veliki-val-virus-ce-polako-poceti-iscezavati\/","og_site_name":"RADIO LJUBU\u0160KI","article_publisher":"https:\/\/www.facebook.com\/Radiio-Ljubuski-1490835324566332","article_published_time":"2021-08-19T07:32:30+00:00","article_modified_time":"2021-08-20T09:09:01+00:00","og_image":[{"width":1000,"height":625,"url":"https:\/\/radioljubuski.ba\/wp-content\/uploads\/2021\/04\/ZhL7kqO0_andrea.png","type":"image\/png"}],"author":"Radio Ljubu\u0161ki","twitter_card":"summary_large_image","twitter_creator":"@radioljubuski","twitter_site":"@radioljubuski","twitter_misc":{"Napisao\/la":"Radio Ljubu\u0161ki","Procijenjeno vrijeme \u010ditanja":"3 minute"},"schema":{"@context":"https:\/\/schema.org","@graph":[{"@type":"Article","@id":"https:\/\/radioljubuski.ba\/index.php\/2021\/08\/19\/andrea-juric-pred-nama-je-zadnji-veliki-val-virus-ce-polako-poceti-iscezavati\/#article","isPartOf":{"@id":"https:\/\/radioljubuski.ba\/index.php\/2021\/08\/19\/andrea-juric-pred-nama-je-zadnji-veliki-val-virus-ce-polako-poceti-iscezavati\/"},"author":{"name":"Radio Ljubu\u0161ki","@id":"https:\/\/radioljubuski.ba\/#\/schema\/person\/19fc700381a780f69665d7956c469e3b"},"headline":"Andrea Juri\u0107: Pred nama je zadnji veliki val, virus \u0107e polako po\u010deti i\u0161\u010dezavati","datePublished":"2021-08-19T07:32:30+00:00","dateModified":"2021-08-20T09:09:01+00:00","mainEntityOfPage":{"@id":"https:\/\/radioljubuski.ba\/index.php\/2021\/08\/19\/andrea-juric-pred-nama-je-zadnji-veliki-val-virus-ce-polako-poceti-iscezavati\/"},"wordCount":529,"publisher":{"@id":"https:\/\/radioljubuski.ba\/#organization"},"image":{"@id":"https:\/\/radioljubuski.ba\/index.php\/2021\/08\/19\/andrea-juric-pred-nama-je-zadnji-veliki-val-virus-ce-polako-poceti-iscezavati\/#primaryimage"},"thumbnailUrl":"https:\/\/radioljubuski.ba\/wp-content\/uploads\/2021\/04\/ZhL7kqO0_andrea.png","articleSection":["BIH i regija"],"inLanguage":"hr"},{"@type":"WebPage","@id":"https:\/\/radioljubuski.ba\/index.php\/2021\/08\/19\/andrea-juric-pred-nama-je-zadnji-veliki-val-virus-ce-polako-poceti-iscezavati\/","url":"https:\/\/radioljubuski.ba\/index.php\/2021\/08\/19\/andrea-juric-pred-nama-je-zadnji-veliki-val-virus-ce-polako-poceti-iscezavati\/","name":"Andrea Juri\u0107: Pred nama je zadnji veliki val, virus \u0107e polako po\u010deti i\u0161\u010dezavati - RADIO LJUBU\u0160KI","isPartOf":{"@id":"https:\/\/radioljubuski.ba\/#website"},"primaryImageOfPage":{"@id":"https:\/\/radioljubuski.ba\/index.php\/2021\/08\/19\/andrea-juric-pred-nama-je-zadnji-veliki-val-virus-ce-polako-poceti-iscezavati\/#primaryimage"},"image":{"@id":"https:\/\/radioljubuski.ba\/index.php\/2021\/08\/19\/andrea-juric-pred-nama-je-zadnji-veliki-val-virus-ce-polako-poceti-iscezavati\/#primaryimage"},"thumbnailUrl":"https:\/\/radioljubuski.ba\/wp-content\/uploads\/2021\/04\/ZhL7kqO0_andrea.png","datePublished":"2021-08-19T07:32:30+00:00","dateModified":"2021-08-20T09:09:01+00:00","breadcrumb":{"@id":"https:\/\/radioljubuski.ba\/index.php\/2021\/08\/19\/andrea-juric-pred-nama-je-zadnji-veliki-val-virus-ce-polako-poceti-iscezavati\/#breadcrumb"},"inLanguage":"hr","potentialAction":[{"@type":"ReadAction","target":["https:\/\/radioljubuski.ba\/index.php\/2021\/08\/19\/andrea-juric-pred-nama-je-zadnji-veliki-val-virus-ce-polako-poceti-iscezavati\/"]}]},{"@type":"ImageObject","inLanguage":"hr","@id":"https:\/\/radioljubuski.ba\/index.php\/2021\/08\/19\/andrea-juric-pred-nama-je-zadnji-veliki-val-virus-ce-polako-poceti-iscezavati\/#primaryimage","url":"https:\/\/radioljubuski.ba\/wp-content\/uploads\/2021\/04\/ZhL7kqO0_andrea.png","contentUrl":"https:\/\/radioljubuski.ba\/wp-content\/uploads\/2021\/04\/ZhL7kqO0_andrea.png","width":1000,"height":625},{"@type":"BreadcrumbList","@id":"https:\/\/radioljubuski.ba\/index.php\/2021\/08\/19\/andrea-juric-pred-nama-je-zadnji-veliki-val-virus-ce-polako-poceti-iscezavati\/#breadcrumb","itemListElement":[{"@type":"ListItem","position":1,"name":"Po\u010detna stranica","item":"https:\/\/radioljubuski.ba\/"},{"@type":"ListItem","position":2,"name":"Andrea Juri\u0107: Pred nama je zadnji veliki val, virus \u0107e polako po\u010deti i\u0161\u010dezavati"}]},{"@type":"WebSite","@id":"https:\/\/radioljubuski.ba\/#website","url":"https:\/\/radioljubuski.ba\/","name":"Radio Ljubu\u0161ki","description":"Sun\u010dana frekvencija Hercegovine","publisher":{"@id":"https:\/\/radioljubuski.ba\/#organization"},"potentialAction":[{"@type":"SearchAction","target":{"@type":"EntryPoint","urlTemplate":"https:\/\/radioljubuski.ba\/?s={search_term_string}"},"query-input":{"@type":"PropertyValueSpecification","valueRequired":true,"valueName":"search_term_string"}}],"inLanguage":"hr"},{"@type":"Organization","@id":"https:\/\/radioljubuski.ba\/#organization","name":"Radio Ljubu\u0161ki","url":"https:\/\/radioljubuski.ba\/","logo":{"@type":"ImageObject","inLanguage":"hr","@id":"https:\/\/radioljubuski.ba\/#\/schema\/logo\/image\/","url":"https:\/\/radioljubuski.ba\/wp-content\/uploads\/2021\/02\/cropped-Radio_Ljubuski_logo1.jpg","contentUrl":"https:\/\/radioljubuski.ba\/wp-content\/uploads\/2021\/02\/cropped-Radio_Ljubuski_logo1.jpg","width":512,"height":512,"caption":"Radio Ljubu\u0161ki"},"image":{"@id":"https:\/\/radioljubuski.ba\/#\/schema\/logo\/image\/"},"sameAs":["https:\/\/www.facebook.com\/Radiio-Ljubuski-1490835324566332","https:\/\/x.com\/radioljubuski","https:\/\/hr.linkedin.com\/company\/radio-ljubuski","https:\/\/www.youtube.com\/channel\/UCHYaeO_n0Db3tjNGudGpXyw"]},{"@type":"Person","@id":"https:\/\/radioljubuski.ba\/#\/schema\/person\/19fc700381a780f69665d7956c469e3b","name":"Radio Ljubu\u0161ki"}]}},"_links":{"self":[{"href":"https:\/\/radioljubuski.ba\/index.php\/wp-json\/wp\/v2\/posts\/54928","targetHints":{"allow":["GET"]}}],"collection":[{"href":"https:\/\/radioljubuski.ba\/index.php\/wp-json\/wp\/v2\/posts"}],"about":[{"href":"https:\/\/radioljubuski.ba\/index.php\/wp-json\/wp\/v2\/types\/post"}],"author":[{"embeddable":true,"href":"https:\/\/radioljubuski.ba\/index.php\/wp-json\/wp\/v2\/users\/2"}],"replies":[{"embeddable":true,"href":"https:\/\/radioljubuski.ba\/index.php\/wp-json\/wp\/v2\/comments?post=54928"}],"version-history":[{"count":1,"href":"https:\/\/radioljubuski.ba\/index.php\/wp-json\/wp\/v2\/posts\/54928\/revisions"}],"predecessor-version":[{"id":54929,"href":"https:\/\/radioljubuski.ba\/index.php\/wp-json\/wp\/v2\/posts\/54928\/revisions\/54929"}],"wp:featuredmedia":[{"embeddable":true,"href":"https:\/\/radioljubuski.ba\/index.php\/wp-json\/wp\/v2\/media\/10432"}],"wp:attachment":[{"href":"https:\/\/radioljubuski.ba\/index.php\/wp-json\/wp\/v2\/media?parent=54928"}],"wp:term":[{"taxonomy":"category","embeddable":true,"href":"https:\/\/radioljubuski.ba\/index.php\/wp-json\/wp\/v2\/categories?post=54928"},{"taxonomy":"post_tag","embeddable":true,"href":"https:\/\/radioljubuski.ba\/index.php\/wp-json\/wp\/v2\/tags?post=54928"}],"curies":[{"name":"wp","href":"https:\/\/api.w.org\/{rel}","templated":true}]}}