{"id":54975,"date":"2021-08-19T10:19:21","date_gmt":"2021-08-19T09:19:21","guid":{"rendered":"https:\/\/radioljubuski.ba\/?p=54975"},"modified":"2021-08-19T10:19:22","modified_gmt":"2021-08-19T09:19:22","slug":"popis-stanovnistva-u-rh-zapocinje-u-rujnu-popisivaci-vas-ne-smiju-traziti-osobnu-iskaznicu","status":"publish","type":"post","link":"https:\/\/radioljubuski.ba\/index.php\/2021\/08\/19\/popis-stanovnistva-u-rh-zapocinje-u-rujnu-popisivaci-vas-ne-smiju-traziti-osobnu-iskaznicu\/","title":{"rendered":"Popis stanovni\u0161tva u RH zapo\u010dinje u rujnu: Popisiva\u010di vas ne smiju tra\u017eiti osobnu iskaznicu"},"content":{"rendered":"\n<p>Popis stanovni\u0161tva obavljat \u0107e se na <strong>dva<\/strong> na\u010dina: samopopisivanjem putem <strong>e-Gra\u0111ana<\/strong> i <strong>terenskim popisivanjem<\/strong>. Nema ili-ili, no posao \u0107ete dr\u017eavi, a i sebi znatno olak\u0161ati popi\u0161ete li se sami. Popis po\u010dinje za 25 dana, prenosi <a href=\"https:\/\/dnevnik.hr\/vijesti\/hrvatska\/uskoro-pocinje-popis-stanovnistva-kako-ce-izgledati---663430.html?itm_source=HomeTopRow&amp;itm_medium=Dnevnik&amp;itm_campaign=Naslovnica\">Dnevnik.hr<\/a>.<\/p>\n\n\n\n<p>Potrebno je ispuniti&nbsp;<strong>\u010dak 16 stranica podataka<\/strong>. Najprije uz podatke o va\u0161oj adresi stanovanja treba dodati ime, prezime, spol, datum ro\u0111enja, ime oca, majke i bra\u010dnog druga, imate li djece i koliko.<\/p>\n\n\n\n<p>Potom vas se pita je li stan u kojem \u017eivite&nbsp;<strong>va\u0161e vlasni\u0161tvo ili ste u najmu<\/strong>. Koliko kvadrata i soba ima va\u0161 stan. Dr\u017eavi je va\u017eno i \u017eivite li u suterenu, prizemlju, na katu i imali li zgrada jedan, dva ili vi\u0161e stanova.<\/p>\n\n\n\n<p>Ima li kuhinju manju ili ve\u0107u od \u010detiri kvadrata? Ako nemate kuhinju imate li uop\u0107e dio prostora odvojen za kuhanje?I higijena je va\u017ena. Pitat \u0107e vas imate li kupaonicu s kadom ili tu\u0161em, imate li zahod, s vodokotli\u0107em ili bez.<\/p>\n\n\n\n<p>Kako se grijete:&nbsp;<strong>centralno, na pe\u0107, kamin, struju, te koje gorivo za to koristite<\/strong>. Naposljetku imate li i&nbsp;klima ure\u0111aj.<\/p>\n\n\n\n<p>Pitat \u0107e vas i&nbsp;<strong>imate li poljoprivredno zemlji\u0161te<\/strong>, vinograde, vo\u0107njake, maslinike. Imate li stoke. Obavljate li kod ku\u0107e i poslovnu djelatnost.<\/p>\n\n\n\n<p><strong>Tu su i pitanja o obrazovanju<\/strong>, potrebno je navesti najvi\u0161i stupanj \u0161kolovanja, va\u0161 radni status te ukoliko ste zaposleni, u kojem sektoru radite. Pitat \u0107e vas i&nbsp;<strong>jeste li ikad poku\u0161ali sami otvoriti posao<\/strong>.<\/p>\n\n\n\n<p><strong>Popisiva\u010di vas ne smiju tra\u017eiti osobnu iskaznicu<\/strong><\/p>\n\n\n\n<p>Statisti\u010dare zanima i&nbsp;<strong>kako putujete na posao<\/strong>, automobilom kao voza\u010d, suvoza\u010d, autobusom, tramvajem, vlakom, biciklom ili pje\u0161ice.<\/p>\n\n\n\n<p>Jednom kad se samopopi\u0161ete, a to mo\u017eete&nbsp;<strong>od 13. do 26. rujna<\/strong>&nbsp;dobit \u0107ete poseban kod, a potom kre\u0107e terenska provjera. Kad vam popisiva\u010d pozvone na vrata, niste ih du\u017eni pustiti u stan, mo\u017eete popis obaviti i na hodniku.<\/p>\n\n\n\n<p>Popisiva\u010di vas&nbsp;<strong>ne smiju tra\u017eiti osobnu iskaznicu<\/strong>, no za\u0161to uop\u0107e dolaze ako ste se samopotpisali? Kako biste im predali kod i to je to. Ako vas nema kod ku\u0107e, mo\u017eete ga i zalijepiti na vrata ili dati susjedu.<\/p>\n\n\n\n<p>Ako vas nema kod ku\u0107e, dobiti \u0107ete obavijest kada \u0107e do\u0107i ponovno, a ukoliko se niste samopopisali sva ova pitanja \u010dekaju vas od ispitiva\u010da koji \u0107e za to dobiti i do \u0161est tisu\u0107a kuna naknade.<\/p>\n\n\n\n<p>Prvi rezultati&nbsp;<strong>trebali bi biti gotovi 60 dana nakon zavr\u0161etka popisa<\/strong>. O\u010dekivanja zavoda su da nas ima oko sto tisu\u0107a manje nego prije deset godina, a demografi pak isti\u010du kako \u0107e biti sretni ima li nas \u010detiri milijuna.<\/p>\n\n\n\n<p><em>Izvor: narod.hr\/dnevnik.hr<\/em><\/p>\n","protected":false},"excerpt":{"rendered":"<p>Popis stanovni\u0161tva obavljat \u0107e se na dva na\u010dina: samopopisivanjem putem e-Gra\u0111ana i terenskim popisivanjem. Nema ili-ili, no posao \u0107ete dr\u017eavi, a i sebi znatno olak\u0161ati popi\u0161ete li se sami. Popis po\u010dinje za 25 dana, prenosi Dnevnik.hr. Potrebno je ispuniti&nbsp;\u010dak 16 stranica podataka. Najprije uz podatke o va\u0161oj adresi stanovanja treba dodati ime, prezime, spol, datum [&hellip;]<\/p>\n","protected":false},"author":2,"featured_media":54976,"comment_status":"closed","ping_status":"closed","sticky":false,"template":"","format":"standard","meta":{"h5ap_radio_sources":[],"footnotes":""},"categories":[1],"tags":[],"class_list":["post-54975","post","type-post","status-publish","format-standard","has-post-thumbnail","hentry","category-bihiregija"],"yoast_head":"<!-- This site is optimized with the Yoast SEO plugin v27.5 - https:\/\/yoast.com\/product\/yoast-seo-wordpress\/ -->\n<title>Popis stanovni\u0161tva u RH zapo\u010dinje u rujnu: Popisiva\u010di vas ne smiju tra\u017eiti osobnu iskaznicu - RADIO LJUBU\u0160KI<\/title>\n<meta name=\"robots\" content=\"index, follow, max-snippet:-1, max-image-preview:large, max-video-preview:-1\" \/>\n<link rel=\"canonical\" href=\"https:\/\/radioljubuski.ba\/index.php\/2021\/08\/19\/popis-stanovnistva-u-rh-zapocinje-u-rujnu-popisivaci-vas-ne-smiju-traziti-osobnu-iskaznicu\/\" \/>\n<meta property=\"og:locale\" content=\"hr_HR\" \/>\n<meta property=\"og:type\" content=\"article\" \/>\n<meta property=\"og:title\" content=\"Popis stanovni\u0161tva u RH zapo\u010dinje u rujnu: Popisiva\u010di vas ne smiju tra\u017eiti osobnu iskaznicu - RADIO LJUBU\u0160KI\" \/>\n<meta property=\"og:description\" content=\"Popis stanovni\u0161tva obavljat \u0107e se na dva na\u010dina: samopopisivanjem putem e-Gra\u0111ana i terenskim popisivanjem. Nema ili-ili, no posao \u0107ete dr\u017eavi, a i sebi znatno olak\u0161ati popi\u0161ete li se sami. Popis po\u010dinje za 25 dana, prenosi Dnevnik.hr. Potrebno je ispuniti&nbsp;\u010dak 16 stranica podataka. Najprije uz podatke o va\u0161oj adresi stanovanja treba dodati ime, prezime, spol, datum [&hellip;]\" \/>\n<meta property=\"og:url\" content=\"https:\/\/radioljubuski.ba\/index.php\/2021\/08\/19\/popis-stanovnistva-u-rh-zapocinje-u-rujnu-popisivaci-vas-ne-smiju-traziti-osobnu-iskaznicu\/\" \/>\n<meta property=\"og:site_name\" content=\"RADIO LJUBU\u0160KI\" \/>\n<meta property=\"article:publisher\" content=\"https:\/\/www.facebook.com\/Radiio-Ljubuski-1490835324566332\" \/>\n<meta property=\"article:published_time\" content=\"2021-08-19T09:19:21+00:00\" \/>\n<meta property=\"article:modified_time\" content=\"2021-08-19T09:19:22+00:00\" \/>\n<meta property=\"og:image\" content=\"https:\/\/radioljubuski.ba\/wp-content\/uploads\/2021\/08\/DZS-popis-696x464-1.jpg\" \/>\n\t<meta property=\"og:image:width\" content=\"696\" \/>\n\t<meta property=\"og:image:height\" content=\"464\" \/>\n\t<meta property=\"og:image:type\" content=\"image\/jpeg\" \/>\n<meta name=\"author\" content=\"Radio Ljubu\u0161ki\" \/>\n<meta name=\"twitter:card\" content=\"summary_large_image\" \/>\n<meta name=\"twitter:creator\" content=\"@radioljubuski\" \/>\n<meta name=\"twitter:site\" content=\"@radioljubuski\" \/>\n<meta name=\"twitter:label1\" content=\"Napisao\/la\" \/>\n\t<meta name=\"twitter:data1\" content=\"Radio Ljubu\u0161ki\" \/>\n\t<meta name=\"twitter:label2\" content=\"Procijenjeno vrijeme \u010ditanja\" \/>\n\t<meta name=\"twitter:data2\" content=\"2 minute\" \/>\n<script type=\"application\/ld+json\" class=\"yoast-schema-graph\">{\"@context\":\"https:\\\/\\\/schema.org\",\"@graph\":[{\"@type\":\"Article\",\"@id\":\"https:\\\/\\\/radioljubuski.ba\\\/index.php\\\/2021\\\/08\\\/19\\\/popis-stanovnistva-u-rh-zapocinje-u-rujnu-popisivaci-vas-ne-smiju-traziti-osobnu-iskaznicu\\\/#article\",\"isPartOf\":{\"@id\":\"https:\\\/\\\/radioljubuski.ba\\\/index.php\\\/2021\\\/08\\\/19\\\/popis-stanovnistva-u-rh-zapocinje-u-rujnu-popisivaci-vas-ne-smiju-traziti-osobnu-iskaznicu\\\/\"},\"author\":{\"name\":\"Radio Ljubu\u0161ki\",\"@id\":\"https:\\\/\\\/radioljubuski.ba\\\/#\\\/schema\\\/person\\\/19fc700381a780f69665d7956c469e3b\"},\"headline\":\"Popis stanovni\u0161tva u RH zapo\u010dinje u rujnu: Popisiva\u010di vas ne smiju tra\u017eiti osobnu iskaznicu\",\"datePublished\":\"2021-08-19T09:19:21+00:00\",\"dateModified\":\"2021-08-19T09:19:22+00:00\",\"mainEntityOfPage\":{\"@id\":\"https:\\\/\\\/radioljubuski.ba\\\/index.php\\\/2021\\\/08\\\/19\\\/popis-stanovnistva-u-rh-zapocinje-u-rujnu-popisivaci-vas-ne-smiju-traziti-osobnu-iskaznicu\\\/\"},\"wordCount\":480,\"publisher\":{\"@id\":\"https:\\\/\\\/radioljubuski.ba\\\/#organization\"},\"image\":{\"@id\":\"https:\\\/\\\/radioljubuski.ba\\\/index.php\\\/2021\\\/08\\\/19\\\/popis-stanovnistva-u-rh-zapocinje-u-rujnu-popisivaci-vas-ne-smiju-traziti-osobnu-iskaznicu\\\/#primaryimage\"},\"thumbnailUrl\":\"https:\\\/\\\/radioljubuski.ba\\\/wp-content\\\/uploads\\\/2021\\\/08\\\/DZS-popis-696x464-1.jpg\",\"articleSection\":[\"BIH i regija\"],\"inLanguage\":\"hr\"},{\"@type\":\"WebPage\",\"@id\":\"https:\\\/\\\/radioljubuski.ba\\\/index.php\\\/2021\\\/08\\\/19\\\/popis-stanovnistva-u-rh-zapocinje-u-rujnu-popisivaci-vas-ne-smiju-traziti-osobnu-iskaznicu\\\/\",\"url\":\"https:\\\/\\\/radioljubuski.ba\\\/index.php\\\/2021\\\/08\\\/19\\\/popis-stanovnistva-u-rh-zapocinje-u-rujnu-popisivaci-vas-ne-smiju-traziti-osobnu-iskaznicu\\\/\",\"name\":\"Popis stanovni\u0161tva u RH zapo\u010dinje u rujnu: Popisiva\u010di vas ne smiju tra\u017eiti osobnu iskaznicu - RADIO LJUBU\u0160KI\",\"isPartOf\":{\"@id\":\"https:\\\/\\\/radioljubuski.ba\\\/#website\"},\"primaryImageOfPage\":{\"@id\":\"https:\\\/\\\/radioljubuski.ba\\\/index.php\\\/2021\\\/08\\\/19\\\/popis-stanovnistva-u-rh-zapocinje-u-rujnu-popisivaci-vas-ne-smiju-traziti-osobnu-iskaznicu\\\/#primaryimage\"},\"image\":{\"@id\":\"https:\\\/\\\/radioljubuski.ba\\\/index.php\\\/2021\\\/08\\\/19\\\/popis-stanovnistva-u-rh-zapocinje-u-rujnu-popisivaci-vas-ne-smiju-traziti-osobnu-iskaznicu\\\/#primaryimage\"},\"thumbnailUrl\":\"https:\\\/\\\/radioljubuski.ba\\\/wp-content\\\/uploads\\\/2021\\\/08\\\/DZS-popis-696x464-1.jpg\",\"datePublished\":\"2021-08-19T09:19:21+00:00\",\"dateModified\":\"2021-08-19T09:19:22+00:00\",\"breadcrumb\":{\"@id\":\"https:\\\/\\\/radioljubuski.ba\\\/index.php\\\/2021\\\/08\\\/19\\\/popis-stanovnistva-u-rh-zapocinje-u-rujnu-popisivaci-vas-ne-smiju-traziti-osobnu-iskaznicu\\\/#breadcrumb\"},\"inLanguage\":\"hr\",\"potentialAction\":[{\"@type\":\"ReadAction\",\"target\":[\"https:\\\/\\\/radioljubuski.ba\\\/index.php\\\/2021\\\/08\\\/19\\\/popis-stanovnistva-u-rh-zapocinje-u-rujnu-popisivaci-vas-ne-smiju-traziti-osobnu-iskaznicu\\\/\"]}]},{\"@type\":\"ImageObject\",\"inLanguage\":\"hr\",\"@id\":\"https:\\\/\\\/radioljubuski.ba\\\/index.php\\\/2021\\\/08\\\/19\\\/popis-stanovnistva-u-rh-zapocinje-u-rujnu-popisivaci-vas-ne-smiju-traziti-osobnu-iskaznicu\\\/#primaryimage\",\"url\":\"https:\\\/\\\/radioljubuski.ba\\\/wp-content\\\/uploads\\\/2021\\\/08\\\/DZS-popis-696x464-1.jpg\",\"contentUrl\":\"https:\\\/\\\/radioljubuski.ba\\\/wp-content\\\/uploads\\\/2021\\\/08\\\/DZS-popis-696x464-1.jpg\",\"width\":696,\"height\":464},{\"@type\":\"BreadcrumbList\",\"@id\":\"https:\\\/\\\/radioljubuski.ba\\\/index.php\\\/2021\\\/08\\\/19\\\/popis-stanovnistva-u-rh-zapocinje-u-rujnu-popisivaci-vas-ne-smiju-traziti-osobnu-iskaznicu\\\/#breadcrumb\",\"itemListElement\":[{\"@type\":\"ListItem\",\"position\":1,\"name\":\"Po\u010detna stranica\",\"item\":\"https:\\\/\\\/radioljubuski.ba\\\/\"},{\"@type\":\"ListItem\",\"position\":2,\"name\":\"Popis stanovni\u0161tva u RH zapo\u010dinje u rujnu: Popisiva\u010di vas ne smiju tra\u017eiti osobnu iskaznicu\"}]},{\"@type\":\"WebSite\",\"@id\":\"https:\\\/\\\/radioljubuski.ba\\\/#website\",\"url\":\"https:\\\/\\\/radioljubuski.ba\\\/\",\"name\":\"Radio Ljubu\u0161ki\",\"description\":\"Sun\u010dana frekvencija Hercegovine\",\"publisher\":{\"@id\":\"https:\\\/\\\/radioljubuski.ba\\\/#organization\"},\"potentialAction\":[{\"@type\":\"SearchAction\",\"target\":{\"@type\":\"EntryPoint\",\"urlTemplate\":\"https:\\\/\\\/radioljubuski.ba\\\/?s={search_term_string}\"},\"query-input\":{\"@type\":\"PropertyValueSpecification\",\"valueRequired\":true,\"valueName\":\"search_term_string\"}}],\"inLanguage\":\"hr\"},{\"@type\":\"Organization\",\"@id\":\"https:\\\/\\\/radioljubuski.ba\\\/#organization\",\"name\":\"Radio Ljubu\u0161ki\",\"url\":\"https:\\\/\\\/radioljubuski.ba\\\/\",\"logo\":{\"@type\":\"ImageObject\",\"inLanguage\":\"hr\",\"@id\":\"https:\\\/\\\/radioljubuski.ba\\\/#\\\/schema\\\/logo\\\/image\\\/\",\"url\":\"https:\\\/\\\/radioljubuski.ba\\\/wp-content\\\/uploads\\\/2021\\\/02\\\/cropped-Radio_Ljubuski_logo1.jpg\",\"contentUrl\":\"https:\\\/\\\/radioljubuski.ba\\\/wp-content\\\/uploads\\\/2021\\\/02\\\/cropped-Radio_Ljubuski_logo1.jpg\",\"width\":512,\"height\":512,\"caption\":\"Radio Ljubu\u0161ki\"},\"image\":{\"@id\":\"https:\\\/\\\/radioljubuski.ba\\\/#\\\/schema\\\/logo\\\/image\\\/\"},\"sameAs\":[\"https:\\\/\\\/www.facebook.com\\\/Radiio-Ljubuski-1490835324566332\",\"https:\\\/\\\/x.com\\\/radioljubuski\",\"https:\\\/\\\/hr.linkedin.com\\\/company\\\/radio-ljubuski\",\"https:\\\/\\\/www.youtube.com\\\/channel\\\/UCHYaeO_n0Db3tjNGudGpXyw\"]},{\"@type\":\"Person\",\"@id\":\"https:\\\/\\\/radioljubuski.ba\\\/#\\\/schema\\\/person\\\/19fc700381a780f69665d7956c469e3b\",\"name\":\"Radio Ljubu\u0161ki\"}]}<\/script>\n<!-- \/ Yoast SEO plugin. -->","yoast_head_json":{"title":"Popis stanovni\u0161tva u RH zapo\u010dinje u rujnu: Popisiva\u010di vas ne smiju tra\u017eiti osobnu iskaznicu - RADIO LJUBU\u0160KI","robots":{"index":"index","follow":"follow","max-snippet":"max-snippet:-1","max-image-preview":"max-image-preview:large","max-video-preview":"max-video-preview:-1"},"canonical":"https:\/\/radioljubuski.ba\/index.php\/2021\/08\/19\/popis-stanovnistva-u-rh-zapocinje-u-rujnu-popisivaci-vas-ne-smiju-traziti-osobnu-iskaznicu\/","og_locale":"hr_HR","og_type":"article","og_title":"Popis stanovni\u0161tva u RH zapo\u010dinje u rujnu: Popisiva\u010di vas ne smiju tra\u017eiti osobnu iskaznicu - RADIO LJUBU\u0160KI","og_description":"Popis stanovni\u0161tva obavljat \u0107e se na dva na\u010dina: samopopisivanjem putem e-Gra\u0111ana i terenskim popisivanjem. Nema ili-ili, no posao \u0107ete dr\u017eavi, a i sebi znatno olak\u0161ati popi\u0161ete li se sami. Popis po\u010dinje za 25 dana, prenosi Dnevnik.hr. Potrebno je ispuniti&nbsp;\u010dak 16 stranica podataka. Najprije uz podatke o va\u0161oj adresi stanovanja treba dodati ime, prezime, spol, datum [&hellip;]","og_url":"https:\/\/radioljubuski.ba\/index.php\/2021\/08\/19\/popis-stanovnistva-u-rh-zapocinje-u-rujnu-popisivaci-vas-ne-smiju-traziti-osobnu-iskaznicu\/","og_site_name":"RADIO LJUBU\u0160KI","article_publisher":"https:\/\/www.facebook.com\/Radiio-Ljubuski-1490835324566332","article_published_time":"2021-08-19T09:19:21+00:00","article_modified_time":"2021-08-19T09:19:22+00:00","og_image":[{"width":696,"height":464,"url":"https:\/\/radioljubuski.ba\/wp-content\/uploads\/2021\/08\/DZS-popis-696x464-1.jpg","type":"image\/jpeg"}],"author":"Radio Ljubu\u0161ki","twitter_card":"summary_large_image","twitter_creator":"@radioljubuski","twitter_site":"@radioljubuski","twitter_misc":{"Napisao\/la":"Radio Ljubu\u0161ki","Procijenjeno vrijeme \u010ditanja":"2 minute"},"schema":{"@context":"https:\/\/schema.org","@graph":[{"@type":"Article","@id":"https:\/\/radioljubuski.ba\/index.php\/2021\/08\/19\/popis-stanovnistva-u-rh-zapocinje-u-rujnu-popisivaci-vas-ne-smiju-traziti-osobnu-iskaznicu\/#article","isPartOf":{"@id":"https:\/\/radioljubuski.ba\/index.php\/2021\/08\/19\/popis-stanovnistva-u-rh-zapocinje-u-rujnu-popisivaci-vas-ne-smiju-traziti-osobnu-iskaznicu\/"},"author":{"name":"Radio Ljubu\u0161ki","@id":"https:\/\/radioljubuski.ba\/#\/schema\/person\/19fc700381a780f69665d7956c469e3b"},"headline":"Popis stanovni\u0161tva u RH zapo\u010dinje u rujnu: Popisiva\u010di vas ne smiju tra\u017eiti osobnu iskaznicu","datePublished":"2021-08-19T09:19:21+00:00","dateModified":"2021-08-19T09:19:22+00:00","mainEntityOfPage":{"@id":"https:\/\/radioljubuski.ba\/index.php\/2021\/08\/19\/popis-stanovnistva-u-rh-zapocinje-u-rujnu-popisivaci-vas-ne-smiju-traziti-osobnu-iskaznicu\/"},"wordCount":480,"publisher":{"@id":"https:\/\/radioljubuski.ba\/#organization"},"image":{"@id":"https:\/\/radioljubuski.ba\/index.php\/2021\/08\/19\/popis-stanovnistva-u-rh-zapocinje-u-rujnu-popisivaci-vas-ne-smiju-traziti-osobnu-iskaznicu\/#primaryimage"},"thumbnailUrl":"https:\/\/radioljubuski.ba\/wp-content\/uploads\/2021\/08\/DZS-popis-696x464-1.jpg","articleSection":["BIH i regija"],"inLanguage":"hr"},{"@type":"WebPage","@id":"https:\/\/radioljubuski.ba\/index.php\/2021\/08\/19\/popis-stanovnistva-u-rh-zapocinje-u-rujnu-popisivaci-vas-ne-smiju-traziti-osobnu-iskaznicu\/","url":"https:\/\/radioljubuski.ba\/index.php\/2021\/08\/19\/popis-stanovnistva-u-rh-zapocinje-u-rujnu-popisivaci-vas-ne-smiju-traziti-osobnu-iskaznicu\/","name":"Popis stanovni\u0161tva u RH zapo\u010dinje u rujnu: Popisiva\u010di vas ne smiju tra\u017eiti osobnu iskaznicu - RADIO LJUBU\u0160KI","isPartOf":{"@id":"https:\/\/radioljubuski.ba\/#website"},"primaryImageOfPage":{"@id":"https:\/\/radioljubuski.ba\/index.php\/2021\/08\/19\/popis-stanovnistva-u-rh-zapocinje-u-rujnu-popisivaci-vas-ne-smiju-traziti-osobnu-iskaznicu\/#primaryimage"},"image":{"@id":"https:\/\/radioljubuski.ba\/index.php\/2021\/08\/19\/popis-stanovnistva-u-rh-zapocinje-u-rujnu-popisivaci-vas-ne-smiju-traziti-osobnu-iskaznicu\/#primaryimage"},"thumbnailUrl":"https:\/\/radioljubuski.ba\/wp-content\/uploads\/2021\/08\/DZS-popis-696x464-1.jpg","datePublished":"2021-08-19T09:19:21+00:00","dateModified":"2021-08-19T09:19:22+00:00","breadcrumb":{"@id":"https:\/\/radioljubuski.ba\/index.php\/2021\/08\/19\/popis-stanovnistva-u-rh-zapocinje-u-rujnu-popisivaci-vas-ne-smiju-traziti-osobnu-iskaznicu\/#breadcrumb"},"inLanguage":"hr","potentialAction":[{"@type":"ReadAction","target":["https:\/\/radioljubuski.ba\/index.php\/2021\/08\/19\/popis-stanovnistva-u-rh-zapocinje-u-rujnu-popisivaci-vas-ne-smiju-traziti-osobnu-iskaznicu\/"]}]},{"@type":"ImageObject","inLanguage":"hr","@id":"https:\/\/radioljubuski.ba\/index.php\/2021\/08\/19\/popis-stanovnistva-u-rh-zapocinje-u-rujnu-popisivaci-vas-ne-smiju-traziti-osobnu-iskaznicu\/#primaryimage","url":"https:\/\/radioljubuski.ba\/wp-content\/uploads\/2021\/08\/DZS-popis-696x464-1.jpg","contentUrl":"https:\/\/radioljubuski.ba\/wp-content\/uploads\/2021\/08\/DZS-popis-696x464-1.jpg","width":696,"height":464},{"@type":"BreadcrumbList","@id":"https:\/\/radioljubuski.ba\/index.php\/2021\/08\/19\/popis-stanovnistva-u-rh-zapocinje-u-rujnu-popisivaci-vas-ne-smiju-traziti-osobnu-iskaznicu\/#breadcrumb","itemListElement":[{"@type":"ListItem","position":1,"name":"Po\u010detna stranica","item":"https:\/\/radioljubuski.ba\/"},{"@type":"ListItem","position":2,"name":"Popis stanovni\u0161tva u RH zapo\u010dinje u rujnu: Popisiva\u010di vas ne smiju tra\u017eiti osobnu iskaznicu"}]},{"@type":"WebSite","@id":"https:\/\/radioljubuski.ba\/#website","url":"https:\/\/radioljubuski.ba\/","name":"Radio Ljubu\u0161ki","description":"Sun\u010dana frekvencija Hercegovine","publisher":{"@id":"https:\/\/radioljubuski.ba\/#organization"},"potentialAction":[{"@type":"SearchAction","target":{"@type":"EntryPoint","urlTemplate":"https:\/\/radioljubuski.ba\/?s={search_term_string}"},"query-input":{"@type":"PropertyValueSpecification","valueRequired":true,"valueName":"search_term_string"}}],"inLanguage":"hr"},{"@type":"Organization","@id":"https:\/\/radioljubuski.ba\/#organization","name":"Radio Ljubu\u0161ki","url":"https:\/\/radioljubuski.ba\/","logo":{"@type":"ImageObject","inLanguage":"hr","@id":"https:\/\/radioljubuski.ba\/#\/schema\/logo\/image\/","url":"https:\/\/radioljubuski.ba\/wp-content\/uploads\/2021\/02\/cropped-Radio_Ljubuski_logo1.jpg","contentUrl":"https:\/\/radioljubuski.ba\/wp-content\/uploads\/2021\/02\/cropped-Radio_Ljubuski_logo1.jpg","width":512,"height":512,"caption":"Radio Ljubu\u0161ki"},"image":{"@id":"https:\/\/radioljubuski.ba\/#\/schema\/logo\/image\/"},"sameAs":["https:\/\/www.facebook.com\/Radiio-Ljubuski-1490835324566332","https:\/\/x.com\/radioljubuski","https:\/\/hr.linkedin.com\/company\/radio-ljubuski","https:\/\/www.youtube.com\/channel\/UCHYaeO_n0Db3tjNGudGpXyw"]},{"@type":"Person","@id":"https:\/\/radioljubuski.ba\/#\/schema\/person\/19fc700381a780f69665d7956c469e3b","name":"Radio Ljubu\u0161ki"}]}},"_links":{"self":[{"href":"https:\/\/radioljubuski.ba\/index.php\/wp-json\/wp\/v2\/posts\/54975","targetHints":{"allow":["GET"]}}],"collection":[{"href":"https:\/\/radioljubuski.ba\/index.php\/wp-json\/wp\/v2\/posts"}],"about":[{"href":"https:\/\/radioljubuski.ba\/index.php\/wp-json\/wp\/v2\/types\/post"}],"author":[{"embeddable":true,"href":"https:\/\/radioljubuski.ba\/index.php\/wp-json\/wp\/v2\/users\/2"}],"replies":[{"embeddable":true,"href":"https:\/\/radioljubuski.ba\/index.php\/wp-json\/wp\/v2\/comments?post=54975"}],"version-history":[{"count":1,"href":"https:\/\/radioljubuski.ba\/index.php\/wp-json\/wp\/v2\/posts\/54975\/revisions"}],"predecessor-version":[{"id":54977,"href":"https:\/\/radioljubuski.ba\/index.php\/wp-json\/wp\/v2\/posts\/54975\/revisions\/54977"}],"wp:featuredmedia":[{"embeddable":true,"href":"https:\/\/radioljubuski.ba\/index.php\/wp-json\/wp\/v2\/media\/54976"}],"wp:attachment":[{"href":"https:\/\/radioljubuski.ba\/index.php\/wp-json\/wp\/v2\/media?parent=54975"}],"wp:term":[{"taxonomy":"category","embeddable":true,"href":"https:\/\/radioljubuski.ba\/index.php\/wp-json\/wp\/v2\/categories?post=54975"},{"taxonomy":"post_tag","embeddable":true,"href":"https:\/\/radioljubuski.ba\/index.php\/wp-json\/wp\/v2\/tags?post=54975"}],"curies":[{"name":"wp","href":"https:\/\/api.w.org\/{rel}","templated":true}]}}