{"id":5499,"date":"2021-03-21T02:30:36","date_gmt":"2021-03-21T01:30:36","guid":{"rendered":"https:\/\/radioljubuski.ba\/?p=5499"},"modified":"2021-03-21T02:30:36","modified_gmt":"2021-03-21T01:30:36","slug":"prvo-online-natjecanje-za-ucenike-pocinje-22-ozujka","status":"publish","type":"post","link":"https:\/\/radioljubuski.ba\/index.php\/2021\/03\/21\/prvo-online-natjecanje-za-ucenike-pocinje-22-ozujka\/","title":{"rendered":"Prvo online natjecanje za u\u010denike po\u010dinje 22. o\u017eujka"},"content":{"rendered":"\n<p><strong>Prvi put u Hrvatskoj, od 22. o\u017eujka do 6. svibnja, odr\u017eat \u0107e se najve\u0107e online natjecanje u znanju za u\u010denike razredne nastave na hrvatskoj digitalnoj obrazovnoj platformi IZZI-ju.<\/strong><\/p>\n\n\n\n<p>Trenuta\u010dno se na platformi IZZI nalazi vi\u0161e od 150 tisu\u0107a u\u010denika razredne nastave koji \u0107e mo\u0107i sudjelovati u online natjecanju &#8220;IZZI Kvizzi&#8221;, a razred koji u svojoj generaciji bude najbolji za svoju \u0107e \u0161kolu osvojiti pametnu plo\u010du i jo\u0161 mnoge vrijedne nagrade za u\u010ditelje i u\u010denike.<br><br>Oba\u0161njeno je da su razredi iz \u0161kola diljem Hrvatske raspore\u0111eni po dobi &#8211; od 1. do 4. razreda, a natje\u010du se u tri faze &#8211; pretkvalifikacije, polufinale i finale.<br><br>Pretkvalifikacijsko natjecanje po\u010det \u0107e u ponedjeljak, 22. o\u017eujka, i trajat \u0107e do 15. travnja, a tijekom te faze natjecanja razredi \u0107e rje\u0161avati redovni nastavni sadr\u017eaj na IZZI-ju i osvajati bodove, a prvih stotinu iz svake kategorije u\u0107i \u0107e u polufinale.<br><br>Polufinale IZZI Kvizzija odr\u017eat \u0107e se od 19. do 25. travnja, a tijekom polufinala u\u010denici razreda iz stotinu najboljih \u0161kola u Hrvatskoj iz svake generacije u\u010denika razredne nastave rje\u0161avat \u0107e kvizove znanja i skupljati bodove, a top deset \u0161kola iz svake kategorije u\u0107i \u0107e u finale.<br><br>Finale IZZI Kvizzija odr\u017eat \u0107e se od 3. do 6. svibnja, u njemu \u0107e sudjelovati deset najboljih razreda u svakoj generaciji, a pobijedit \u0107e razred koji \u0107e ostvariti najvi\u0161e to\u010dnih odgovora u najkra\u0107em vremenu.<br><br>&#8211; Koristim se IZZI-jem svaki dan u nastavi tako da mislim da \u0107e ovakvo natjecanje u znanju biti korisno u\u010denicima. Upravo zato jer su sadr\u017eaji zabavni, s njima u\u010denici lak\u0161e u\u010de i razvijaju vje\u0161tine. Koriste\u0107i digitalne sadr\u017eaje, poput dokumentarnih filmova, kvizova, igrica i animacija u\u010denici ba\u0161 u\u017eivaju i njihovi rezultati su bolji, rekla je&nbsp;<strong>Tea Kralji\u0107<\/strong>&nbsp;iz Osnovne \u0161kole Cvjetno naselje.<\/p>\n\n\n\n<p>Izvor:hrt.hr<\/p>\n","protected":false},"excerpt":{"rendered":"<p>Prvi put u Hrvatskoj, od 22. o\u017eujka do 6. svibnja, odr\u017eat \u0107e se najve\u0107e online natjecanje u znanju za u\u010denike razredne nastave na hrvatskoj digitalnoj obrazovnoj platformi IZZI-ju. Trenuta\u010dno se na platformi IZZI nalazi vi\u0161e od 150 tisu\u0107a u\u010denika razredne nastave koji \u0107e mo\u0107i sudjelovati u online natjecanju &#8220;IZZI Kvizzi&#8221;, a razred koji u svojoj [&hellip;]<\/p>\n","protected":false},"author":2,"featured_media":5500,"comment_status":"closed","ping_status":"closed","sticky":false,"template":"","format":"standard","meta":{"h5ap_radio_sources":[],"footnotes":""},"categories":[1],"tags":[],"class_list":["post-5499","post","type-post","status-publish","format-standard","has-post-thumbnail","hentry","category-bihiregija"],"yoast_head":"<!-- This site is optimized with the Yoast SEO plugin v27.4 - https:\/\/yoast.com\/product\/yoast-seo-wordpress\/ -->\n<title>Prvo online natjecanje za u\u010denike po\u010dinje 22. o\u017eujka - RADIO LJUBU\u0160KI<\/title>\n<meta name=\"robots\" content=\"index, follow, max-snippet:-1, max-image-preview:large, max-video-preview:-1\" \/>\n<link rel=\"canonical\" href=\"https:\/\/radioljubuski.ba\/index.php\/2021\/03\/21\/prvo-online-natjecanje-za-ucenike-pocinje-22-ozujka\/\" \/>\n<meta property=\"og:locale\" content=\"hr_HR\" \/>\n<meta property=\"og:type\" content=\"article\" \/>\n<meta property=\"og:title\" content=\"Prvo online natjecanje za u\u010denike po\u010dinje 22. o\u017eujka - RADIO LJUBU\u0160KI\" \/>\n<meta property=\"og:description\" content=\"Prvi put u Hrvatskoj, od 22. o\u017eujka do 6. svibnja, odr\u017eat \u0107e se najve\u0107e online natjecanje u znanju za u\u010denike razredne nastave na hrvatskoj digitalnoj obrazovnoj platformi IZZI-ju. Trenuta\u010dno se na platformi IZZI nalazi vi\u0161e od 150 tisu\u0107a u\u010denika razredne nastave koji \u0107e mo\u0107i sudjelovati u online natjecanju &#8220;IZZI Kvizzi&#8221;, a razred koji u svojoj [&hellip;]\" \/>\n<meta property=\"og:url\" content=\"https:\/\/radioljubuski.ba\/index.php\/2021\/03\/21\/prvo-online-natjecanje-za-ucenike-pocinje-22-ozujka\/\" \/>\n<meta property=\"og:site_name\" content=\"RADIO LJUBU\u0160KI\" \/>\n<meta property=\"article:publisher\" content=\"https:\/\/www.facebook.com\/Radiio-Ljubuski-1490835324566332\" \/>\n<meta property=\"article:published_time\" content=\"2021-03-21T01:30:36+00:00\" \/>\n<meta property=\"og:image\" content=\"https:\/\/radioljubuski.ba\/wp-content\/uploads\/2021\/03\/children-593313-1920-20210320070455.jpg\" \/>\n\t<meta property=\"og:image:width\" content=\"1920\" \/>\n\t<meta property=\"og:image:height\" content=\"1280\" \/>\n\t<meta property=\"og:image:type\" content=\"image\/jpeg\" \/>\n<meta name=\"author\" content=\"Radio Ljubu\u0161ki\" \/>\n<meta name=\"twitter:card\" content=\"summary_large_image\" \/>\n<meta name=\"twitter:creator\" content=\"@radioljubuski\" \/>\n<meta name=\"twitter:site\" content=\"@radioljubuski\" \/>\n<meta name=\"twitter:label1\" content=\"Napisao\/la\" \/>\n\t<meta name=\"twitter:data1\" content=\"Radio Ljubu\u0161ki\" \/>\n\t<meta name=\"twitter:label2\" content=\"Procijenjeno vrijeme \u010ditanja\" \/>\n\t<meta name=\"twitter:data2\" content=\"2 minute\" \/>\n<script type=\"application\/ld+json\" class=\"yoast-schema-graph\">{\"@context\":\"https:\\\/\\\/schema.org\",\"@graph\":[{\"@type\":\"Article\",\"@id\":\"https:\\\/\\\/radioljubuski.ba\\\/index.php\\\/2021\\\/03\\\/21\\\/prvo-online-natjecanje-za-ucenike-pocinje-22-ozujka\\\/#article\",\"isPartOf\":{\"@id\":\"https:\\\/\\\/radioljubuski.ba\\\/index.php\\\/2021\\\/03\\\/21\\\/prvo-online-natjecanje-za-ucenike-pocinje-22-ozujka\\\/\"},\"author\":{\"name\":\"Radio Ljubu\u0161ki\",\"@id\":\"https:\\\/\\\/radioljubuski.ba\\\/#\\\/schema\\\/person\\\/19fc700381a780f69665d7956c469e3b\"},\"headline\":\"Prvo online natjecanje za u\u010denike po\u010dinje 22. o\u017eujka\",\"datePublished\":\"2021-03-21T01:30:36+00:00\",\"mainEntityOfPage\":{\"@id\":\"https:\\\/\\\/radioljubuski.ba\\\/index.php\\\/2021\\\/03\\\/21\\\/prvo-online-natjecanje-za-ucenike-pocinje-22-ozujka\\\/\"},\"wordCount\":327,\"publisher\":{\"@id\":\"https:\\\/\\\/radioljubuski.ba\\\/#organization\"},\"image\":{\"@id\":\"https:\\\/\\\/radioljubuski.ba\\\/index.php\\\/2021\\\/03\\\/21\\\/prvo-online-natjecanje-za-ucenike-pocinje-22-ozujka\\\/#primaryimage\"},\"thumbnailUrl\":\"https:\\\/\\\/radioljubuski.ba\\\/wp-content\\\/uploads\\\/2021\\\/03\\\/children-593313-1920-20210320070455.jpg\",\"articleSection\":[\"BIH i regija\"],\"inLanguage\":\"hr\"},{\"@type\":\"WebPage\",\"@id\":\"https:\\\/\\\/radioljubuski.ba\\\/index.php\\\/2021\\\/03\\\/21\\\/prvo-online-natjecanje-za-ucenike-pocinje-22-ozujka\\\/\",\"url\":\"https:\\\/\\\/radioljubuski.ba\\\/index.php\\\/2021\\\/03\\\/21\\\/prvo-online-natjecanje-za-ucenike-pocinje-22-ozujka\\\/\",\"name\":\"Prvo online natjecanje za u\u010denike po\u010dinje 22. o\u017eujka - RADIO LJUBU\u0160KI\",\"isPartOf\":{\"@id\":\"https:\\\/\\\/radioljubuski.ba\\\/#website\"},\"primaryImageOfPage\":{\"@id\":\"https:\\\/\\\/radioljubuski.ba\\\/index.php\\\/2021\\\/03\\\/21\\\/prvo-online-natjecanje-za-ucenike-pocinje-22-ozujka\\\/#primaryimage\"},\"image\":{\"@id\":\"https:\\\/\\\/radioljubuski.ba\\\/index.php\\\/2021\\\/03\\\/21\\\/prvo-online-natjecanje-za-ucenike-pocinje-22-ozujka\\\/#primaryimage\"},\"thumbnailUrl\":\"https:\\\/\\\/radioljubuski.ba\\\/wp-content\\\/uploads\\\/2021\\\/03\\\/children-593313-1920-20210320070455.jpg\",\"datePublished\":\"2021-03-21T01:30:36+00:00\",\"breadcrumb\":{\"@id\":\"https:\\\/\\\/radioljubuski.ba\\\/index.php\\\/2021\\\/03\\\/21\\\/prvo-online-natjecanje-za-ucenike-pocinje-22-ozujka\\\/#breadcrumb\"},\"inLanguage\":\"hr\",\"potentialAction\":[{\"@type\":\"ReadAction\",\"target\":[\"https:\\\/\\\/radioljubuski.ba\\\/index.php\\\/2021\\\/03\\\/21\\\/prvo-online-natjecanje-za-ucenike-pocinje-22-ozujka\\\/\"]}]},{\"@type\":\"ImageObject\",\"inLanguage\":\"hr\",\"@id\":\"https:\\\/\\\/radioljubuski.ba\\\/index.php\\\/2021\\\/03\\\/21\\\/prvo-online-natjecanje-za-ucenike-pocinje-22-ozujka\\\/#primaryimage\",\"url\":\"https:\\\/\\\/radioljubuski.ba\\\/wp-content\\\/uploads\\\/2021\\\/03\\\/children-593313-1920-20210320070455.jpg\",\"contentUrl\":\"https:\\\/\\\/radioljubuski.ba\\\/wp-content\\\/uploads\\\/2021\\\/03\\\/children-593313-1920-20210320070455.jpg\",\"width\":1920,\"height\":1280},{\"@type\":\"BreadcrumbList\",\"@id\":\"https:\\\/\\\/radioljubuski.ba\\\/index.php\\\/2021\\\/03\\\/21\\\/prvo-online-natjecanje-za-ucenike-pocinje-22-ozujka\\\/#breadcrumb\",\"itemListElement\":[{\"@type\":\"ListItem\",\"position\":1,\"name\":\"Po\u010detna stranica\",\"item\":\"https:\\\/\\\/radioljubuski.ba\\\/\"},{\"@type\":\"ListItem\",\"position\":2,\"name\":\"Prvo online natjecanje za u\u010denike po\u010dinje 22. o\u017eujka\"}]},{\"@type\":\"WebSite\",\"@id\":\"https:\\\/\\\/radioljubuski.ba\\\/#website\",\"url\":\"https:\\\/\\\/radioljubuski.ba\\\/\",\"name\":\"Radio Ljubu\u0161ki\",\"description\":\"Sun\u010dana frekvencija Hercegovine\",\"publisher\":{\"@id\":\"https:\\\/\\\/radioljubuski.ba\\\/#organization\"},\"potentialAction\":[{\"@type\":\"SearchAction\",\"target\":{\"@type\":\"EntryPoint\",\"urlTemplate\":\"https:\\\/\\\/radioljubuski.ba\\\/?s={search_term_string}\"},\"query-input\":{\"@type\":\"PropertyValueSpecification\",\"valueRequired\":true,\"valueName\":\"search_term_string\"}}],\"inLanguage\":\"hr\"},{\"@type\":\"Organization\",\"@id\":\"https:\\\/\\\/radioljubuski.ba\\\/#organization\",\"name\":\"Radio Ljubu\u0161ki\",\"url\":\"https:\\\/\\\/radioljubuski.ba\\\/\",\"logo\":{\"@type\":\"ImageObject\",\"inLanguage\":\"hr\",\"@id\":\"https:\\\/\\\/radioljubuski.ba\\\/#\\\/schema\\\/logo\\\/image\\\/\",\"url\":\"https:\\\/\\\/radioljubuski.ba\\\/wp-content\\\/uploads\\\/2021\\\/02\\\/cropped-Radio_Ljubuski_logo1.jpg\",\"contentUrl\":\"https:\\\/\\\/radioljubuski.ba\\\/wp-content\\\/uploads\\\/2021\\\/02\\\/cropped-Radio_Ljubuski_logo1.jpg\",\"width\":512,\"height\":512,\"caption\":\"Radio Ljubu\u0161ki\"},\"image\":{\"@id\":\"https:\\\/\\\/radioljubuski.ba\\\/#\\\/schema\\\/logo\\\/image\\\/\"},\"sameAs\":[\"https:\\\/\\\/www.facebook.com\\\/Radiio-Ljubuski-1490835324566332\",\"https:\\\/\\\/x.com\\\/radioljubuski\",\"https:\\\/\\\/hr.linkedin.com\\\/company\\\/radio-ljubuski\",\"https:\\\/\\\/www.youtube.com\\\/channel\\\/UCHYaeO_n0Db3tjNGudGpXyw\"]},{\"@type\":\"Person\",\"@id\":\"https:\\\/\\\/radioljubuski.ba\\\/#\\\/schema\\\/person\\\/19fc700381a780f69665d7956c469e3b\",\"name\":\"Radio Ljubu\u0161ki\"}]}<\/script>\n<!-- \/ Yoast SEO plugin. -->","yoast_head_json":{"title":"Prvo online natjecanje za u\u010denike po\u010dinje 22. o\u017eujka - RADIO LJUBU\u0160KI","robots":{"index":"index","follow":"follow","max-snippet":"max-snippet:-1","max-image-preview":"max-image-preview:large","max-video-preview":"max-video-preview:-1"},"canonical":"https:\/\/radioljubuski.ba\/index.php\/2021\/03\/21\/prvo-online-natjecanje-za-ucenike-pocinje-22-ozujka\/","og_locale":"hr_HR","og_type":"article","og_title":"Prvo online natjecanje za u\u010denike po\u010dinje 22. o\u017eujka - RADIO LJUBU\u0160KI","og_description":"Prvi put u Hrvatskoj, od 22. o\u017eujka do 6. svibnja, odr\u017eat \u0107e se najve\u0107e online natjecanje u znanju za u\u010denike razredne nastave na hrvatskoj digitalnoj obrazovnoj platformi IZZI-ju. Trenuta\u010dno se na platformi IZZI nalazi vi\u0161e od 150 tisu\u0107a u\u010denika razredne nastave koji \u0107e mo\u0107i sudjelovati u online natjecanju &#8220;IZZI Kvizzi&#8221;, a razred koji u svojoj [&hellip;]","og_url":"https:\/\/radioljubuski.ba\/index.php\/2021\/03\/21\/prvo-online-natjecanje-za-ucenike-pocinje-22-ozujka\/","og_site_name":"RADIO LJUBU\u0160KI","article_publisher":"https:\/\/www.facebook.com\/Radiio-Ljubuski-1490835324566332","article_published_time":"2021-03-21T01:30:36+00:00","og_image":[{"width":1920,"height":1280,"url":"https:\/\/radioljubuski.ba\/wp-content\/uploads\/2021\/03\/children-593313-1920-20210320070455.jpg","type":"image\/jpeg"}],"author":"Radio Ljubu\u0161ki","twitter_card":"summary_large_image","twitter_creator":"@radioljubuski","twitter_site":"@radioljubuski","twitter_misc":{"Napisao\/la":"Radio Ljubu\u0161ki","Procijenjeno vrijeme \u010ditanja":"2 minute"},"schema":{"@context":"https:\/\/schema.org","@graph":[{"@type":"Article","@id":"https:\/\/radioljubuski.ba\/index.php\/2021\/03\/21\/prvo-online-natjecanje-za-ucenike-pocinje-22-ozujka\/#article","isPartOf":{"@id":"https:\/\/radioljubuski.ba\/index.php\/2021\/03\/21\/prvo-online-natjecanje-za-ucenike-pocinje-22-ozujka\/"},"author":{"name":"Radio Ljubu\u0161ki","@id":"https:\/\/radioljubuski.ba\/#\/schema\/person\/19fc700381a780f69665d7956c469e3b"},"headline":"Prvo online natjecanje za u\u010denike po\u010dinje 22. o\u017eujka","datePublished":"2021-03-21T01:30:36+00:00","mainEntityOfPage":{"@id":"https:\/\/radioljubuski.ba\/index.php\/2021\/03\/21\/prvo-online-natjecanje-za-ucenike-pocinje-22-ozujka\/"},"wordCount":327,"publisher":{"@id":"https:\/\/radioljubuski.ba\/#organization"},"image":{"@id":"https:\/\/radioljubuski.ba\/index.php\/2021\/03\/21\/prvo-online-natjecanje-za-ucenike-pocinje-22-ozujka\/#primaryimage"},"thumbnailUrl":"https:\/\/radioljubuski.ba\/wp-content\/uploads\/2021\/03\/children-593313-1920-20210320070455.jpg","articleSection":["BIH i regija"],"inLanguage":"hr"},{"@type":"WebPage","@id":"https:\/\/radioljubuski.ba\/index.php\/2021\/03\/21\/prvo-online-natjecanje-za-ucenike-pocinje-22-ozujka\/","url":"https:\/\/radioljubuski.ba\/index.php\/2021\/03\/21\/prvo-online-natjecanje-za-ucenike-pocinje-22-ozujka\/","name":"Prvo online natjecanje za u\u010denike po\u010dinje 22. o\u017eujka - RADIO LJUBU\u0160KI","isPartOf":{"@id":"https:\/\/radioljubuski.ba\/#website"},"primaryImageOfPage":{"@id":"https:\/\/radioljubuski.ba\/index.php\/2021\/03\/21\/prvo-online-natjecanje-za-ucenike-pocinje-22-ozujka\/#primaryimage"},"image":{"@id":"https:\/\/radioljubuski.ba\/index.php\/2021\/03\/21\/prvo-online-natjecanje-za-ucenike-pocinje-22-ozujka\/#primaryimage"},"thumbnailUrl":"https:\/\/radioljubuski.ba\/wp-content\/uploads\/2021\/03\/children-593313-1920-20210320070455.jpg","datePublished":"2021-03-21T01:30:36+00:00","breadcrumb":{"@id":"https:\/\/radioljubuski.ba\/index.php\/2021\/03\/21\/prvo-online-natjecanje-za-ucenike-pocinje-22-ozujka\/#breadcrumb"},"inLanguage":"hr","potentialAction":[{"@type":"ReadAction","target":["https:\/\/radioljubuski.ba\/index.php\/2021\/03\/21\/prvo-online-natjecanje-za-ucenike-pocinje-22-ozujka\/"]}]},{"@type":"ImageObject","inLanguage":"hr","@id":"https:\/\/radioljubuski.ba\/index.php\/2021\/03\/21\/prvo-online-natjecanje-za-ucenike-pocinje-22-ozujka\/#primaryimage","url":"https:\/\/radioljubuski.ba\/wp-content\/uploads\/2021\/03\/children-593313-1920-20210320070455.jpg","contentUrl":"https:\/\/radioljubuski.ba\/wp-content\/uploads\/2021\/03\/children-593313-1920-20210320070455.jpg","width":1920,"height":1280},{"@type":"BreadcrumbList","@id":"https:\/\/radioljubuski.ba\/index.php\/2021\/03\/21\/prvo-online-natjecanje-za-ucenike-pocinje-22-ozujka\/#breadcrumb","itemListElement":[{"@type":"ListItem","position":1,"name":"Po\u010detna stranica","item":"https:\/\/radioljubuski.ba\/"},{"@type":"ListItem","position":2,"name":"Prvo online natjecanje za u\u010denike po\u010dinje 22. o\u017eujka"}]},{"@type":"WebSite","@id":"https:\/\/radioljubuski.ba\/#website","url":"https:\/\/radioljubuski.ba\/","name":"Radio Ljubu\u0161ki","description":"Sun\u010dana frekvencija Hercegovine","publisher":{"@id":"https:\/\/radioljubuski.ba\/#organization"},"potentialAction":[{"@type":"SearchAction","target":{"@type":"EntryPoint","urlTemplate":"https:\/\/radioljubuski.ba\/?s={search_term_string}"},"query-input":{"@type":"PropertyValueSpecification","valueRequired":true,"valueName":"search_term_string"}}],"inLanguage":"hr"},{"@type":"Organization","@id":"https:\/\/radioljubuski.ba\/#organization","name":"Radio Ljubu\u0161ki","url":"https:\/\/radioljubuski.ba\/","logo":{"@type":"ImageObject","inLanguage":"hr","@id":"https:\/\/radioljubuski.ba\/#\/schema\/logo\/image\/","url":"https:\/\/radioljubuski.ba\/wp-content\/uploads\/2021\/02\/cropped-Radio_Ljubuski_logo1.jpg","contentUrl":"https:\/\/radioljubuski.ba\/wp-content\/uploads\/2021\/02\/cropped-Radio_Ljubuski_logo1.jpg","width":512,"height":512,"caption":"Radio Ljubu\u0161ki"},"image":{"@id":"https:\/\/radioljubuski.ba\/#\/schema\/logo\/image\/"},"sameAs":["https:\/\/www.facebook.com\/Radiio-Ljubuski-1490835324566332","https:\/\/x.com\/radioljubuski","https:\/\/hr.linkedin.com\/company\/radio-ljubuski","https:\/\/www.youtube.com\/channel\/UCHYaeO_n0Db3tjNGudGpXyw"]},{"@type":"Person","@id":"https:\/\/radioljubuski.ba\/#\/schema\/person\/19fc700381a780f69665d7956c469e3b","name":"Radio Ljubu\u0161ki"}]}},"_links":{"self":[{"href":"https:\/\/radioljubuski.ba\/index.php\/wp-json\/wp\/v2\/posts\/5499","targetHints":{"allow":["GET"]}}],"collection":[{"href":"https:\/\/radioljubuski.ba\/index.php\/wp-json\/wp\/v2\/posts"}],"about":[{"href":"https:\/\/radioljubuski.ba\/index.php\/wp-json\/wp\/v2\/types\/post"}],"author":[{"embeddable":true,"href":"https:\/\/radioljubuski.ba\/index.php\/wp-json\/wp\/v2\/users\/2"}],"replies":[{"embeddable":true,"href":"https:\/\/radioljubuski.ba\/index.php\/wp-json\/wp\/v2\/comments?post=5499"}],"version-history":[{"count":1,"href":"https:\/\/radioljubuski.ba\/index.php\/wp-json\/wp\/v2\/posts\/5499\/revisions"}],"predecessor-version":[{"id":5501,"href":"https:\/\/radioljubuski.ba\/index.php\/wp-json\/wp\/v2\/posts\/5499\/revisions\/5501"}],"wp:featuredmedia":[{"embeddable":true,"href":"https:\/\/radioljubuski.ba\/index.php\/wp-json\/wp\/v2\/media\/5500"}],"wp:attachment":[{"href":"https:\/\/radioljubuski.ba\/index.php\/wp-json\/wp\/v2\/media?parent=5499"}],"wp:term":[{"taxonomy":"category","embeddable":true,"href":"https:\/\/radioljubuski.ba\/index.php\/wp-json\/wp\/v2\/categories?post=5499"},{"taxonomy":"post_tag","embeddable":true,"href":"https:\/\/radioljubuski.ba\/index.php\/wp-json\/wp\/v2\/tags?post=5499"}],"curies":[{"name":"wp","href":"https:\/\/api.w.org\/{rel}","templated":true}]}}