{"id":54990,"date":"2021-08-19T10:37:55","date_gmt":"2021-08-19T09:37:55","guid":{"rendered":"https:\/\/radioljubuski.ba\/?p=54990"},"modified":"2021-08-19T10:37:57","modified_gmt":"2021-08-19T09:37:57","slug":"srebrenica-za-smjenu-durakovica-15-srpskih-ruku-bosnjaci-nece-predloziti-nasljednika","status":"publish","type":"post","link":"https:\/\/radioljubuski.ba\/index.php\/2021\/08\/19\/srebrenica-za-smjenu-durakovica-15-srpskih-ruku-bosnjaci-nece-predloziti-nasljednika\/","title":{"rendered":"Srebrenica: Za smjenu Durakovi\u0107a 15 srpskih ruku, Bo\u0161njaci ne\u0107e predlo\u017eiti nasljednika"},"content":{"rendered":"\n<p><strong>Za smjenu \u0106amila Durakovi\u0107a, predsjednika Skup\u0161tine op\u0107ine Srebrenica, glasat \u0107e 15 srpskih odbornika, \u0161to je sasvim dovoljno da on bude razrije\u0161en te du\u017enosti.<\/strong><\/p>\n\n\n\n<p>Potvrdio je to za \u201cNezavisne novine\u201d Radomir Pavlovi\u0107, predsjednik tamo\u0161njeg SNSD-a, koji isti\u010de da je sjednica Kolegija lokalne skup\u0161tine zakazana za 25. kolovoza, dok bi parlament u Srebrenici trebalo zasjedati desetak dana kasnije, odnosno po\u010detkom narednog mjeseca.<\/p>\n\n\n\n<p>\u201cNa dnevnom redu Kolegija prva to\u010dka bi\u0107e to. U Skup\u0161tini je 15 Srba, a treba nam 11 ruku. Dakle, smjena je sigurna. Inicijativu su potpisali svi srpski odbornici, a na\u0107i \u0107emo mehanizam da se to zavr\u0161i, odnosno da ne bi tko poku\u0161ao ne\u0161to uraditi parama. Dogovorit \u0107emo se svi da poka\u017eu listi\u0107 na\u010delniku i da onda bude uba\u010den\u201d, rekao je Pavlovi\u0107.<\/p>\n\n\n\n<p>Na pitanje zna\u010di li to da je netko ve\u0107 nudio neki novac, Pavlovi\u0107 je ostao nedore\u010den.<\/p>\n\n\n\n<p>\u201cNe znam. Ne\u0161to se radi u vezi s tim, ali morat \u0107e svi uraditi ovako \u201c, naveo je Pavlovi\u0107.<\/p>\n\n\n\n<p>Upitan tko \u0107e biti nasljednik \u0106amila Durakovi\u0107a, Pavlovi\u0107 je rekao da na toj sjednici Skup\u0161tine ne\u0107e biti izabran te da se vode pregovori me\u0111u Bo\u0161njacima.<\/p>\n\n\n\n<p>\u201cOni poku\u0161avaju tu ponovo napraviti neku krizu, da se nitko ne javi, da dignu to na nivo stranaca. Uglavnom, u roku od 60 dana treba to da rije\u0161imo, zakon tako nala\u017ee\u201d, rekao je Pavlovi\u0107.<\/p>\n\n\n\n<p>Durakovi\u0107, s druge strane, ka\u017ee da odbornici iz srpskih stranaka \u201cjednim oblikom politi\u010dkog nasilja poku\u0161avaju promijeniti legitimnu volju Bo\u0161njaka\u201d.<\/p>\n\n\n\n<p>\u201cDakle, pozicija predsjednika Skup\u0161tine op\u0107ine Srebrenica nije izraz legitimne volje srpskih odbornika, ve\u0107 zakonska klauzula, gdje se ka\u017ee da, ako na\u010delnik dolazi iz reda jednog naroda, a u ovom slu\u010daju u pitanju je Srbin, Bo\u0161njak mora biti predsjednik Skup\u0161tine\u201d, rekao je Durakovi\u0107 za \u201cNezavisne novine\u201d.<\/p>\n\n\n\n<p>Na\u010delnik Srebrenice je, podsjetimo, Mladen Gruji\u010di\u0107, a kako podsje\u0107a Durakovi\u0107, u ovom slu\u010daju je Klub koalicije Moja adresa: Srebrenica i DF-a, koji ima \u0161est odbornika Bo\u0161njaka, predlo\u017eio njega.<\/p>\n\n\n\n<p>\u201cE sad, \u0161to se ovdje de\u0161ava? Ovo nije udar na \u0106amila, nego udar na poziciju predsjednika Skup\u0161tine op\u0107ine, koja po zakonu pripada Bo\u0161njacima\u201d, ka\u017ee Durakovi\u0107<\/p>\n\n\n\n<p>On dodaje da \u0107e, u ovom slu\u010daju, jednonacionalno biti smijenjena pozicija koja pripada drugoj etni\u010dkoj grupi, \u0161to \u0107e, ocjenjuje, dovesti do ozbiljne politi\u010dke krize.<\/p>\n\n\n\n<p>\u201cNe\u0107e biti drugog prijedloga, to je stav na\u0161e koalicije\u201d , ka\u017ee Durakovi\u0107, koji je za predsjednika Skup\u0161tine op\u0107ine Srebrenica izabran 14. travnja ove godine.<\/p>\n\n\n\n<p>Podsjetimo da \u0107e Skup\u0161tina op\u0107ine Srebrenica nakon ljetne pauze staviti na dnevni red smjenu Durakovi\u0107a, potvrdio je krajem pro\u0161log mjeseca srpski \u010dlan Predsjedni\u0161tva BiH i lider SNSD-a Milorad Dodik.<\/p>\n\n\n\n<p>\u201cStavit \u0107emo smjenu Durakovi\u0107a na dnevni red zbog progona novinara. U tom pogledu postoji konsenzus svih politi\u010dkih stranaka iz Srpske\u201d, rekao je ranije Dodik.<\/p>\n\n\n\n<p>Durakovi\u0107 je prethodno objavio na dru\u0161tvenim mre\u017eama da je Tu\u017eiteljstvu BiH podnio kaznenu prijavu protiv novinara RTRS Branimira \u0110uri\u010di\u0107a zbog njegovog stava na Twitteru o Srebrenici.<\/p>\n\n\n\n<p>\/HMS\/<\/p>\n","protected":false},"excerpt":{"rendered":"<p>Za smjenu \u0106amila Durakovi\u0107a, predsjednika Skup\u0161tine op\u0107ine Srebrenica, glasat \u0107e 15 srpskih odbornika, \u0161to je sasvim dovoljno da on bude razrije\u0161en te du\u017enosti. Potvrdio je to za \u201cNezavisne novine\u201d Radomir Pavlovi\u0107, predsjednik tamo\u0161njeg SNSD-a, koji isti\u010de da je sjednica Kolegija lokalne skup\u0161tine zakazana za 25. kolovoza, dok bi parlament u Srebrenici trebalo zasjedati desetak dana [&hellip;]<\/p>\n","protected":false},"author":2,"featured_media":54991,"comment_status":"closed","ping_status":"closed","sticky":false,"template":"","format":"standard","meta":{"h5ap_radio_sources":[],"footnotes":""},"categories":[1],"tags":[],"class_list":["post-54990","post","type-post","status-publish","format-standard","has-post-thumbnail","hentry","category-bihiregija"],"yoast_head":"<!-- This site is optimized with the Yoast SEO plugin v27.5 - https:\/\/yoast.com\/product\/yoast-seo-wordpress\/ -->\n<title>Srebrenica: Za smjenu Durakovi\u0107a 15 srpskih ruku, Bo\u0161njaci ne\u0107e predlo\u017eiti nasljednika - RADIO LJUBU\u0160KI<\/title>\n<meta name=\"robots\" content=\"index, follow, max-snippet:-1, max-image-preview:large, max-video-preview:-1\" \/>\n<link rel=\"canonical\" href=\"https:\/\/radioljubuski.ba\/index.php\/2021\/08\/19\/srebrenica-za-smjenu-durakovica-15-srpskih-ruku-bosnjaci-nece-predloziti-nasljednika\/\" \/>\n<meta property=\"og:locale\" content=\"hr_HR\" \/>\n<meta property=\"og:type\" content=\"article\" \/>\n<meta property=\"og:title\" content=\"Srebrenica: Za smjenu Durakovi\u0107a 15 srpskih ruku, Bo\u0161njaci ne\u0107e predlo\u017eiti nasljednika - RADIO LJUBU\u0160KI\" \/>\n<meta property=\"og:description\" content=\"Za smjenu \u0106amila Durakovi\u0107a, predsjednika Skup\u0161tine op\u0107ine Srebrenica, glasat \u0107e 15 srpskih odbornika, \u0161to je sasvim dovoljno da on bude razrije\u0161en te du\u017enosti. Potvrdio je to za \u201cNezavisne novine\u201d Radomir Pavlovi\u0107, predsjednik tamo\u0161njeg SNSD-a, koji isti\u010de da je sjednica Kolegija lokalne skup\u0161tine zakazana za 25. kolovoza, dok bi parlament u Srebrenici trebalo zasjedati desetak dana [&hellip;]\" \/>\n<meta property=\"og:url\" content=\"https:\/\/radioljubuski.ba\/index.php\/2021\/08\/19\/srebrenica-za-smjenu-durakovica-15-srpskih-ruku-bosnjaci-nece-predloziti-nasljednika\/\" \/>\n<meta property=\"og:site_name\" content=\"RADIO LJUBU\u0160KI\" \/>\n<meta property=\"article:publisher\" content=\"https:\/\/www.facebook.com\/Radiio-Ljubuski-1490835324566332\" \/>\n<meta property=\"article:published_time\" content=\"2021-08-19T09:37:55+00:00\" \/>\n<meta property=\"article:modified_time\" content=\"2021-08-19T09:37:57+00:00\" \/>\n<meta property=\"og:image\" content=\"https:\/\/radioljubuski.ba\/wp-content\/uploads\/2021\/08\/20210819081931_676664.jpg\" \/>\n\t<meta property=\"og:image:width\" content=\"750\" \/>\n\t<meta property=\"og:image:height\" content=\"500\" \/>\n\t<meta property=\"og:image:type\" content=\"image\/jpeg\" \/>\n<meta name=\"author\" content=\"Radio Ljubu\u0161ki\" \/>\n<meta name=\"twitter:card\" content=\"summary_large_image\" \/>\n<meta name=\"twitter:creator\" content=\"@radioljubuski\" \/>\n<meta name=\"twitter:site\" content=\"@radioljubuski\" \/>\n<meta name=\"twitter:label1\" content=\"Napisao\/la\" \/>\n\t<meta name=\"twitter:data1\" content=\"Radio Ljubu\u0161ki\" \/>\n\t<meta name=\"twitter:label2\" content=\"Procijenjeno vrijeme \u010ditanja\" \/>\n\t<meta name=\"twitter:data2\" content=\"3 minute\" \/>\n<script type=\"application\/ld+json\" class=\"yoast-schema-graph\">{\"@context\":\"https:\\\/\\\/schema.org\",\"@graph\":[{\"@type\":\"Article\",\"@id\":\"https:\\\/\\\/radioljubuski.ba\\\/index.php\\\/2021\\\/08\\\/19\\\/srebrenica-za-smjenu-durakovica-15-srpskih-ruku-bosnjaci-nece-predloziti-nasljednika\\\/#article\",\"isPartOf\":{\"@id\":\"https:\\\/\\\/radioljubuski.ba\\\/index.php\\\/2021\\\/08\\\/19\\\/srebrenica-za-smjenu-durakovica-15-srpskih-ruku-bosnjaci-nece-predloziti-nasljednika\\\/\"},\"author\":{\"name\":\"Radio Ljubu\u0161ki\",\"@id\":\"https:\\\/\\\/radioljubuski.ba\\\/#\\\/schema\\\/person\\\/19fc700381a780f69665d7956c469e3b\"},\"headline\":\"Srebrenica: Za smjenu Durakovi\u0107a 15 srpskih ruku, Bo\u0161njaci ne\u0107e predlo\u017eiti nasljednika\",\"datePublished\":\"2021-08-19T09:37:55+00:00\",\"dateModified\":\"2021-08-19T09:37:57+00:00\",\"mainEntityOfPage\":{\"@id\":\"https:\\\/\\\/radioljubuski.ba\\\/index.php\\\/2021\\\/08\\\/19\\\/srebrenica-za-smjenu-durakovica-15-srpskih-ruku-bosnjaci-nece-predloziti-nasljednika\\\/\"},\"wordCount\":538,\"publisher\":{\"@id\":\"https:\\\/\\\/radioljubuski.ba\\\/#organization\"},\"image\":{\"@id\":\"https:\\\/\\\/radioljubuski.ba\\\/index.php\\\/2021\\\/08\\\/19\\\/srebrenica-za-smjenu-durakovica-15-srpskih-ruku-bosnjaci-nece-predloziti-nasljednika\\\/#primaryimage\"},\"thumbnailUrl\":\"https:\\\/\\\/radioljubuski.ba\\\/wp-content\\\/uploads\\\/2021\\\/08\\\/20210819081931_676664.jpg\",\"articleSection\":[\"BIH i regija\"],\"inLanguage\":\"hr\"},{\"@type\":\"WebPage\",\"@id\":\"https:\\\/\\\/radioljubuski.ba\\\/index.php\\\/2021\\\/08\\\/19\\\/srebrenica-za-smjenu-durakovica-15-srpskih-ruku-bosnjaci-nece-predloziti-nasljednika\\\/\",\"url\":\"https:\\\/\\\/radioljubuski.ba\\\/index.php\\\/2021\\\/08\\\/19\\\/srebrenica-za-smjenu-durakovica-15-srpskih-ruku-bosnjaci-nece-predloziti-nasljednika\\\/\",\"name\":\"Srebrenica: Za smjenu Durakovi\u0107a 15 srpskih ruku, Bo\u0161njaci ne\u0107e predlo\u017eiti nasljednika - RADIO LJUBU\u0160KI\",\"isPartOf\":{\"@id\":\"https:\\\/\\\/radioljubuski.ba\\\/#website\"},\"primaryImageOfPage\":{\"@id\":\"https:\\\/\\\/radioljubuski.ba\\\/index.php\\\/2021\\\/08\\\/19\\\/srebrenica-za-smjenu-durakovica-15-srpskih-ruku-bosnjaci-nece-predloziti-nasljednika\\\/#primaryimage\"},\"image\":{\"@id\":\"https:\\\/\\\/radioljubuski.ba\\\/index.php\\\/2021\\\/08\\\/19\\\/srebrenica-za-smjenu-durakovica-15-srpskih-ruku-bosnjaci-nece-predloziti-nasljednika\\\/#primaryimage\"},\"thumbnailUrl\":\"https:\\\/\\\/radioljubuski.ba\\\/wp-content\\\/uploads\\\/2021\\\/08\\\/20210819081931_676664.jpg\",\"datePublished\":\"2021-08-19T09:37:55+00:00\",\"dateModified\":\"2021-08-19T09:37:57+00:00\",\"breadcrumb\":{\"@id\":\"https:\\\/\\\/radioljubuski.ba\\\/index.php\\\/2021\\\/08\\\/19\\\/srebrenica-za-smjenu-durakovica-15-srpskih-ruku-bosnjaci-nece-predloziti-nasljednika\\\/#breadcrumb\"},\"inLanguage\":\"hr\",\"potentialAction\":[{\"@type\":\"ReadAction\",\"target\":[\"https:\\\/\\\/radioljubuski.ba\\\/index.php\\\/2021\\\/08\\\/19\\\/srebrenica-za-smjenu-durakovica-15-srpskih-ruku-bosnjaci-nece-predloziti-nasljednika\\\/\"]}]},{\"@type\":\"ImageObject\",\"inLanguage\":\"hr\",\"@id\":\"https:\\\/\\\/radioljubuski.ba\\\/index.php\\\/2021\\\/08\\\/19\\\/srebrenica-za-smjenu-durakovica-15-srpskih-ruku-bosnjaci-nece-predloziti-nasljednika\\\/#primaryimage\",\"url\":\"https:\\\/\\\/radioljubuski.ba\\\/wp-content\\\/uploads\\\/2021\\\/08\\\/20210819081931_676664.jpg\",\"contentUrl\":\"https:\\\/\\\/radioljubuski.ba\\\/wp-content\\\/uploads\\\/2021\\\/08\\\/20210819081931_676664.jpg\",\"width\":750,\"height\":500},{\"@type\":\"BreadcrumbList\",\"@id\":\"https:\\\/\\\/radioljubuski.ba\\\/index.php\\\/2021\\\/08\\\/19\\\/srebrenica-za-smjenu-durakovica-15-srpskih-ruku-bosnjaci-nece-predloziti-nasljednika\\\/#breadcrumb\",\"itemListElement\":[{\"@type\":\"ListItem\",\"position\":1,\"name\":\"Po\u010detna stranica\",\"item\":\"https:\\\/\\\/radioljubuski.ba\\\/\"},{\"@type\":\"ListItem\",\"position\":2,\"name\":\"Srebrenica: Za smjenu Durakovi\u0107a 15 srpskih ruku, Bo\u0161njaci ne\u0107e predlo\u017eiti nasljednika\"}]},{\"@type\":\"WebSite\",\"@id\":\"https:\\\/\\\/radioljubuski.ba\\\/#website\",\"url\":\"https:\\\/\\\/radioljubuski.ba\\\/\",\"name\":\"Radio Ljubu\u0161ki\",\"description\":\"Sun\u010dana frekvencija Hercegovine\",\"publisher\":{\"@id\":\"https:\\\/\\\/radioljubuski.ba\\\/#organization\"},\"potentialAction\":[{\"@type\":\"SearchAction\",\"target\":{\"@type\":\"EntryPoint\",\"urlTemplate\":\"https:\\\/\\\/radioljubuski.ba\\\/?s={search_term_string}\"},\"query-input\":{\"@type\":\"PropertyValueSpecification\",\"valueRequired\":true,\"valueName\":\"search_term_string\"}}],\"inLanguage\":\"hr\"},{\"@type\":\"Organization\",\"@id\":\"https:\\\/\\\/radioljubuski.ba\\\/#organization\",\"name\":\"Radio Ljubu\u0161ki\",\"url\":\"https:\\\/\\\/radioljubuski.ba\\\/\",\"logo\":{\"@type\":\"ImageObject\",\"inLanguage\":\"hr\",\"@id\":\"https:\\\/\\\/radioljubuski.ba\\\/#\\\/schema\\\/logo\\\/image\\\/\",\"url\":\"https:\\\/\\\/radioljubuski.ba\\\/wp-content\\\/uploads\\\/2021\\\/02\\\/cropped-Radio_Ljubuski_logo1.jpg\",\"contentUrl\":\"https:\\\/\\\/radioljubuski.ba\\\/wp-content\\\/uploads\\\/2021\\\/02\\\/cropped-Radio_Ljubuski_logo1.jpg\",\"width\":512,\"height\":512,\"caption\":\"Radio Ljubu\u0161ki\"},\"image\":{\"@id\":\"https:\\\/\\\/radioljubuski.ba\\\/#\\\/schema\\\/logo\\\/image\\\/\"},\"sameAs\":[\"https:\\\/\\\/www.facebook.com\\\/Radiio-Ljubuski-1490835324566332\",\"https:\\\/\\\/x.com\\\/radioljubuski\",\"https:\\\/\\\/hr.linkedin.com\\\/company\\\/radio-ljubuski\",\"https:\\\/\\\/www.youtube.com\\\/channel\\\/UCHYaeO_n0Db3tjNGudGpXyw\"]},{\"@type\":\"Person\",\"@id\":\"https:\\\/\\\/radioljubuski.ba\\\/#\\\/schema\\\/person\\\/19fc700381a780f69665d7956c469e3b\",\"name\":\"Radio Ljubu\u0161ki\"}]}<\/script>\n<!-- \/ Yoast SEO plugin. -->","yoast_head_json":{"title":"Srebrenica: Za smjenu Durakovi\u0107a 15 srpskih ruku, Bo\u0161njaci ne\u0107e predlo\u017eiti nasljednika - RADIO LJUBU\u0160KI","robots":{"index":"index","follow":"follow","max-snippet":"max-snippet:-1","max-image-preview":"max-image-preview:large","max-video-preview":"max-video-preview:-1"},"canonical":"https:\/\/radioljubuski.ba\/index.php\/2021\/08\/19\/srebrenica-za-smjenu-durakovica-15-srpskih-ruku-bosnjaci-nece-predloziti-nasljednika\/","og_locale":"hr_HR","og_type":"article","og_title":"Srebrenica: Za smjenu Durakovi\u0107a 15 srpskih ruku, Bo\u0161njaci ne\u0107e predlo\u017eiti nasljednika - RADIO LJUBU\u0160KI","og_description":"Za smjenu \u0106amila Durakovi\u0107a, predsjednika Skup\u0161tine op\u0107ine Srebrenica, glasat \u0107e 15 srpskih odbornika, \u0161to je sasvim dovoljno da on bude razrije\u0161en te du\u017enosti. Potvrdio je to za \u201cNezavisne novine\u201d Radomir Pavlovi\u0107, predsjednik tamo\u0161njeg SNSD-a, koji isti\u010de da je sjednica Kolegija lokalne skup\u0161tine zakazana za 25. kolovoza, dok bi parlament u Srebrenici trebalo zasjedati desetak dana [&hellip;]","og_url":"https:\/\/radioljubuski.ba\/index.php\/2021\/08\/19\/srebrenica-za-smjenu-durakovica-15-srpskih-ruku-bosnjaci-nece-predloziti-nasljednika\/","og_site_name":"RADIO LJUBU\u0160KI","article_publisher":"https:\/\/www.facebook.com\/Radiio-Ljubuski-1490835324566332","article_published_time":"2021-08-19T09:37:55+00:00","article_modified_time":"2021-08-19T09:37:57+00:00","og_image":[{"width":750,"height":500,"url":"https:\/\/radioljubuski.ba\/wp-content\/uploads\/2021\/08\/20210819081931_676664.jpg","type":"image\/jpeg"}],"author":"Radio Ljubu\u0161ki","twitter_card":"summary_large_image","twitter_creator":"@radioljubuski","twitter_site":"@radioljubuski","twitter_misc":{"Napisao\/la":"Radio Ljubu\u0161ki","Procijenjeno vrijeme \u010ditanja":"3 minute"},"schema":{"@context":"https:\/\/schema.org","@graph":[{"@type":"Article","@id":"https:\/\/radioljubuski.ba\/index.php\/2021\/08\/19\/srebrenica-za-smjenu-durakovica-15-srpskih-ruku-bosnjaci-nece-predloziti-nasljednika\/#article","isPartOf":{"@id":"https:\/\/radioljubuski.ba\/index.php\/2021\/08\/19\/srebrenica-za-smjenu-durakovica-15-srpskih-ruku-bosnjaci-nece-predloziti-nasljednika\/"},"author":{"name":"Radio Ljubu\u0161ki","@id":"https:\/\/radioljubuski.ba\/#\/schema\/person\/19fc700381a780f69665d7956c469e3b"},"headline":"Srebrenica: Za smjenu Durakovi\u0107a 15 srpskih ruku, Bo\u0161njaci ne\u0107e predlo\u017eiti nasljednika","datePublished":"2021-08-19T09:37:55+00:00","dateModified":"2021-08-19T09:37:57+00:00","mainEntityOfPage":{"@id":"https:\/\/radioljubuski.ba\/index.php\/2021\/08\/19\/srebrenica-za-smjenu-durakovica-15-srpskih-ruku-bosnjaci-nece-predloziti-nasljednika\/"},"wordCount":538,"publisher":{"@id":"https:\/\/radioljubuski.ba\/#organization"},"image":{"@id":"https:\/\/radioljubuski.ba\/index.php\/2021\/08\/19\/srebrenica-za-smjenu-durakovica-15-srpskih-ruku-bosnjaci-nece-predloziti-nasljednika\/#primaryimage"},"thumbnailUrl":"https:\/\/radioljubuski.ba\/wp-content\/uploads\/2021\/08\/20210819081931_676664.jpg","articleSection":["BIH i regija"],"inLanguage":"hr"},{"@type":"WebPage","@id":"https:\/\/radioljubuski.ba\/index.php\/2021\/08\/19\/srebrenica-za-smjenu-durakovica-15-srpskih-ruku-bosnjaci-nece-predloziti-nasljednika\/","url":"https:\/\/radioljubuski.ba\/index.php\/2021\/08\/19\/srebrenica-za-smjenu-durakovica-15-srpskih-ruku-bosnjaci-nece-predloziti-nasljednika\/","name":"Srebrenica: Za smjenu Durakovi\u0107a 15 srpskih ruku, Bo\u0161njaci ne\u0107e predlo\u017eiti nasljednika - RADIO LJUBU\u0160KI","isPartOf":{"@id":"https:\/\/radioljubuski.ba\/#website"},"primaryImageOfPage":{"@id":"https:\/\/radioljubuski.ba\/index.php\/2021\/08\/19\/srebrenica-za-smjenu-durakovica-15-srpskih-ruku-bosnjaci-nece-predloziti-nasljednika\/#primaryimage"},"image":{"@id":"https:\/\/radioljubuski.ba\/index.php\/2021\/08\/19\/srebrenica-za-smjenu-durakovica-15-srpskih-ruku-bosnjaci-nece-predloziti-nasljednika\/#primaryimage"},"thumbnailUrl":"https:\/\/radioljubuski.ba\/wp-content\/uploads\/2021\/08\/20210819081931_676664.jpg","datePublished":"2021-08-19T09:37:55+00:00","dateModified":"2021-08-19T09:37:57+00:00","breadcrumb":{"@id":"https:\/\/radioljubuski.ba\/index.php\/2021\/08\/19\/srebrenica-za-smjenu-durakovica-15-srpskih-ruku-bosnjaci-nece-predloziti-nasljednika\/#breadcrumb"},"inLanguage":"hr","potentialAction":[{"@type":"ReadAction","target":["https:\/\/radioljubuski.ba\/index.php\/2021\/08\/19\/srebrenica-za-smjenu-durakovica-15-srpskih-ruku-bosnjaci-nece-predloziti-nasljednika\/"]}]},{"@type":"ImageObject","inLanguage":"hr","@id":"https:\/\/radioljubuski.ba\/index.php\/2021\/08\/19\/srebrenica-za-smjenu-durakovica-15-srpskih-ruku-bosnjaci-nece-predloziti-nasljednika\/#primaryimage","url":"https:\/\/radioljubuski.ba\/wp-content\/uploads\/2021\/08\/20210819081931_676664.jpg","contentUrl":"https:\/\/radioljubuski.ba\/wp-content\/uploads\/2021\/08\/20210819081931_676664.jpg","width":750,"height":500},{"@type":"BreadcrumbList","@id":"https:\/\/radioljubuski.ba\/index.php\/2021\/08\/19\/srebrenica-za-smjenu-durakovica-15-srpskih-ruku-bosnjaci-nece-predloziti-nasljednika\/#breadcrumb","itemListElement":[{"@type":"ListItem","position":1,"name":"Po\u010detna stranica","item":"https:\/\/radioljubuski.ba\/"},{"@type":"ListItem","position":2,"name":"Srebrenica: Za smjenu Durakovi\u0107a 15 srpskih ruku, Bo\u0161njaci ne\u0107e predlo\u017eiti nasljednika"}]},{"@type":"WebSite","@id":"https:\/\/radioljubuski.ba\/#website","url":"https:\/\/radioljubuski.ba\/","name":"Radio Ljubu\u0161ki","description":"Sun\u010dana frekvencija Hercegovine","publisher":{"@id":"https:\/\/radioljubuski.ba\/#organization"},"potentialAction":[{"@type":"SearchAction","target":{"@type":"EntryPoint","urlTemplate":"https:\/\/radioljubuski.ba\/?s={search_term_string}"},"query-input":{"@type":"PropertyValueSpecification","valueRequired":true,"valueName":"search_term_string"}}],"inLanguage":"hr"},{"@type":"Organization","@id":"https:\/\/radioljubuski.ba\/#organization","name":"Radio Ljubu\u0161ki","url":"https:\/\/radioljubuski.ba\/","logo":{"@type":"ImageObject","inLanguage":"hr","@id":"https:\/\/radioljubuski.ba\/#\/schema\/logo\/image\/","url":"https:\/\/radioljubuski.ba\/wp-content\/uploads\/2021\/02\/cropped-Radio_Ljubuski_logo1.jpg","contentUrl":"https:\/\/radioljubuski.ba\/wp-content\/uploads\/2021\/02\/cropped-Radio_Ljubuski_logo1.jpg","width":512,"height":512,"caption":"Radio Ljubu\u0161ki"},"image":{"@id":"https:\/\/radioljubuski.ba\/#\/schema\/logo\/image\/"},"sameAs":["https:\/\/www.facebook.com\/Radiio-Ljubuski-1490835324566332","https:\/\/x.com\/radioljubuski","https:\/\/hr.linkedin.com\/company\/radio-ljubuski","https:\/\/www.youtube.com\/channel\/UCHYaeO_n0Db3tjNGudGpXyw"]},{"@type":"Person","@id":"https:\/\/radioljubuski.ba\/#\/schema\/person\/19fc700381a780f69665d7956c469e3b","name":"Radio Ljubu\u0161ki"}]}},"_links":{"self":[{"href":"https:\/\/radioljubuski.ba\/index.php\/wp-json\/wp\/v2\/posts\/54990","targetHints":{"allow":["GET"]}}],"collection":[{"href":"https:\/\/radioljubuski.ba\/index.php\/wp-json\/wp\/v2\/posts"}],"about":[{"href":"https:\/\/radioljubuski.ba\/index.php\/wp-json\/wp\/v2\/types\/post"}],"author":[{"embeddable":true,"href":"https:\/\/radioljubuski.ba\/index.php\/wp-json\/wp\/v2\/users\/2"}],"replies":[{"embeddable":true,"href":"https:\/\/radioljubuski.ba\/index.php\/wp-json\/wp\/v2\/comments?post=54990"}],"version-history":[{"count":1,"href":"https:\/\/radioljubuski.ba\/index.php\/wp-json\/wp\/v2\/posts\/54990\/revisions"}],"predecessor-version":[{"id":54992,"href":"https:\/\/radioljubuski.ba\/index.php\/wp-json\/wp\/v2\/posts\/54990\/revisions\/54992"}],"wp:featuredmedia":[{"embeddable":true,"href":"https:\/\/radioljubuski.ba\/index.php\/wp-json\/wp\/v2\/media\/54991"}],"wp:attachment":[{"href":"https:\/\/radioljubuski.ba\/index.php\/wp-json\/wp\/v2\/media?parent=54990"}],"wp:term":[{"taxonomy":"category","embeddable":true,"href":"https:\/\/radioljubuski.ba\/index.php\/wp-json\/wp\/v2\/categories?post=54990"},{"taxonomy":"post_tag","embeddable":true,"href":"https:\/\/radioljubuski.ba\/index.php\/wp-json\/wp\/v2\/tags?post=54990"}],"curies":[{"name":"wp","href":"https:\/\/api.w.org\/{rel}","templated":true}]}}