{"id":55096,"date":"2021-08-19T20:24:04","date_gmt":"2021-08-19T19:24:04","guid":{"rendered":"https:\/\/radioljubuski.ba\/?p=55096"},"modified":"2021-08-19T20:24:05","modified_gmt":"2021-08-19T19:24:05","slug":"rekorderi-milka-milinkovic-i-roko-mikelin-opara","status":"publish","type":"post","link":"https:\/\/radioljubuski.ba\/index.php\/2021\/08\/19\/rekorderi-milka-milinkovic-i-roko-mikelin-opara\/","title":{"rendered":"Rekorderi Milka Milinkovi\u0107 i Roko Mikelin Opara"},"content":{"rendered":"\n<p><strong>Hrvatski sporta\u0161i s invaliditetom osvajali su medalje na paraolimpijskim igrama i pod zastavom biv\u0161e dr\u017eave, a rekorderi su atleti\u010darka Milka Milinkovi\u0107 i pliva\u010d Roko Mikelin Opara.<\/strong><\/p>\n\n\n\n<p>Milka Milinkovi\u0107 je od 1972. godine i nastupa u Heidelbergu do Seoula 1988. osvojila dva zlata (koplje, kugla), dva srebra (60m, kugla) i tri bronce (2xkoplje, kugla), a potom je 1992. godine u Barceloni osvojila i prvu paraolimpijsku medalju pod hrvatskom zastavom, broncu u bacanju koplja.<\/p>\n\n\n\n<p>Ukupno je Milinkovi\u0107 osvojila osam paraolimpijskih odli\u010dja, te nastupila na 10 POI. Preminula je u lipnju 2017.<\/p>\n\n\n\n<p>Roko Mikelin Opara je prva odli\u010dja osvojio 1980. godine u nizozemskom Arnhemu &#8211; tri srebrne (100m slobodno, 100m le\u0111no, 3&#215;50 m mje\u0161ovito) i jednu bron\u010danu medalju (100m prsno).<\/p>\n\n\n\n<p>Medalje je osvajao i \u010detiri godine kasnije u Stoke Mandeville u i New Yorku, i to zlato (\u0161tafeta 4&#215;50 m mje\u0161ovito), te dvije bronce (100 m le\u0111no, 100 m slobodno).&nbsp;<br><br><\/p>\n\n\n\n<p>U Seoulu 1988. je osvojio broncu na 100 m le\u0111no. Ukupno je osvojio osam medalja &#8211; jedno zlato, tri srebra i \u010detiri bronce.<\/p>\n\n\n\n<p>Roko Mikelin Opara je nastupio i pod hrvatskim stijegom 1992. u Barceloni, osvojiv\u0161i dva peta i jedno sedmo mjesto. Pliva\u010dku karijeru je zavr\u0161io u Atlanti 1996.<\/p>\n\n\n\n<p><strong>Ivica Lazi\u0107, Milan Ko\u0161i\u0107&nbsp;<\/strong>i&nbsp;<strong>Branko Sorko<\/strong>&nbsp;1980. u Arnhemu su osvojili broncu u sjede\u0107oj odbojci, a \u010detiri godine kasnije u Stoke Mandevilleu i New Yorku su&nbsp;<strong>\u0160piro Zrili\u0107&nbsp;<\/strong>i&nbsp;<strong>Marinko Vidai\u0107&nbsp;<\/strong>bili &#8216;bron\u010dani&#8217; u goalballu.<\/p>\n\n\n\n<p>Zlato u goalballu osvojio je&nbsp;<strong>Adam Kablar<\/strong>&nbsp;u Seoulu 1988. godine.<\/p>\n\n\n\n<p>Izvor:hrt.hr<\/p>\n","protected":false},"excerpt":{"rendered":"<p>Hrvatski sporta\u0161i s invaliditetom osvajali su medalje na paraolimpijskim igrama i pod zastavom biv\u0161e dr\u017eave, a rekorderi su atleti\u010darka Milka Milinkovi\u0107 i pliva\u010d Roko Mikelin Opara. Milka Milinkovi\u0107 je od 1972. godine i nastupa u Heidelbergu do Seoula 1988. osvojila dva zlata (koplje, kugla), dva srebra (60m, kugla) i tri bronce (2xkoplje, kugla), a potom [&hellip;]<\/p>\n","protected":false},"author":2,"featured_media":0,"comment_status":"closed","ping_status":"closed","sticky":false,"template":"","format":"standard","meta":{"h5ap_radio_sources":[],"footnotes":""},"categories":[7],"tags":[],"class_list":["post-55096","post","type-post","status-publish","format-standard","hentry","category-sport"],"yoast_head":"<!-- This site is optimized with the Yoast SEO plugin v27.5 - https:\/\/yoast.com\/product\/yoast-seo-wordpress\/ -->\n<title>Rekorderi Milka Milinkovi\u0107 i Roko Mikelin Opara - RADIO LJUBU\u0160KI<\/title>\n<meta name=\"robots\" content=\"index, follow, max-snippet:-1, max-image-preview:large, max-video-preview:-1\" \/>\n<link rel=\"canonical\" href=\"https:\/\/radioljubuski.ba\/index.php\/2021\/08\/19\/rekorderi-milka-milinkovic-i-roko-mikelin-opara\/\" \/>\n<meta property=\"og:locale\" content=\"hr_HR\" \/>\n<meta property=\"og:type\" content=\"article\" \/>\n<meta property=\"og:title\" content=\"Rekorderi Milka Milinkovi\u0107 i Roko Mikelin Opara - RADIO LJUBU\u0160KI\" \/>\n<meta property=\"og:description\" content=\"Hrvatski sporta\u0161i s invaliditetom osvajali su medalje na paraolimpijskim igrama i pod zastavom biv\u0161e dr\u017eave, a rekorderi su atleti\u010darka Milka Milinkovi\u0107 i pliva\u010d Roko Mikelin Opara. Milka Milinkovi\u0107 je od 1972. godine i nastupa u Heidelbergu do Seoula 1988. osvojila dva zlata (koplje, kugla), dva srebra (60m, kugla) i tri bronce (2xkoplje, kugla), a potom [&hellip;]\" \/>\n<meta property=\"og:url\" content=\"https:\/\/radioljubuski.ba\/index.php\/2021\/08\/19\/rekorderi-milka-milinkovic-i-roko-mikelin-opara\/\" \/>\n<meta property=\"og:site_name\" content=\"RADIO LJUBU\u0160KI\" \/>\n<meta property=\"article:publisher\" content=\"https:\/\/www.facebook.com\/Radiio-Ljubuski-1490835324566332\" \/>\n<meta property=\"article:published_time\" content=\"2021-08-19T19:24:04+00:00\" \/>\n<meta property=\"article:modified_time\" content=\"2021-08-19T19:24:05+00:00\" \/>\n<meta property=\"og:image\" content=\"https:\/\/radioljubuski.ba\/wp-content\/uploads\/2021\/08\/pxl-120821-681-20210819084344.jpg\" \/>\n\t<meta property=\"og:image:width\" content=\"1600\" \/>\n\t<meta property=\"og:image:height\" content=\"1123\" \/>\n\t<meta property=\"og:image:type\" content=\"image\/jpeg\" \/>\n<meta name=\"author\" content=\"Radio Ljubu\u0161ki\" \/>\n<meta name=\"twitter:card\" content=\"summary_large_image\" \/>\n<meta name=\"twitter:creator\" content=\"@radioljubuski\" \/>\n<meta name=\"twitter:site\" content=\"@radioljubuski\" \/>\n<meta name=\"twitter:label1\" content=\"Napisao\/la\" \/>\n\t<meta name=\"twitter:data1\" content=\"Radio Ljubu\u0161ki\" \/>\n\t<meta name=\"twitter:label2\" content=\"Procijenjeno vrijeme \u010ditanja\" \/>\n\t<meta name=\"twitter:data2\" content=\"2 minute\" \/>\n<script type=\"application\/ld+json\" class=\"yoast-schema-graph\">{\"@context\":\"https:\\\/\\\/schema.org\",\"@graph\":[{\"@type\":\"Article\",\"@id\":\"https:\\\/\\\/radioljubuski.ba\\\/index.php\\\/2021\\\/08\\\/19\\\/rekorderi-milka-milinkovic-i-roko-mikelin-opara\\\/#article\",\"isPartOf\":{\"@id\":\"https:\\\/\\\/radioljubuski.ba\\\/index.php\\\/2021\\\/08\\\/19\\\/rekorderi-milka-milinkovic-i-roko-mikelin-opara\\\/\"},\"author\":{\"name\":\"Radio Ljubu\u0161ki\",\"@id\":\"https:\\\/\\\/radioljubuski.ba\\\/#\\\/schema\\\/person\\\/19fc700381a780f69665d7956c469e3b\"},\"headline\":\"Rekorderi Milka Milinkovi\u0107 i Roko Mikelin Opara\",\"datePublished\":\"2021-08-19T19:24:04+00:00\",\"dateModified\":\"2021-08-19T19:24:05+00:00\",\"mainEntityOfPage\":{\"@id\":\"https:\\\/\\\/radioljubuski.ba\\\/index.php\\\/2021\\\/08\\\/19\\\/rekorderi-milka-milinkovic-i-roko-mikelin-opara\\\/\"},\"wordCount\":267,\"publisher\":{\"@id\":\"https:\\\/\\\/radioljubuski.ba\\\/#organization\"},\"articleSection\":[\"\u0160port\"],\"inLanguage\":\"hr\"},{\"@type\":\"WebPage\",\"@id\":\"https:\\\/\\\/radioljubuski.ba\\\/index.php\\\/2021\\\/08\\\/19\\\/rekorderi-milka-milinkovic-i-roko-mikelin-opara\\\/\",\"url\":\"https:\\\/\\\/radioljubuski.ba\\\/index.php\\\/2021\\\/08\\\/19\\\/rekorderi-milka-milinkovic-i-roko-mikelin-opara\\\/\",\"name\":\"Rekorderi Milka Milinkovi\u0107 i Roko Mikelin Opara - RADIO LJUBU\u0160KI\",\"isPartOf\":{\"@id\":\"https:\\\/\\\/radioljubuski.ba\\\/#website\"},\"datePublished\":\"2021-08-19T19:24:04+00:00\",\"dateModified\":\"2021-08-19T19:24:05+00:00\",\"breadcrumb\":{\"@id\":\"https:\\\/\\\/radioljubuski.ba\\\/index.php\\\/2021\\\/08\\\/19\\\/rekorderi-milka-milinkovic-i-roko-mikelin-opara\\\/#breadcrumb\"},\"inLanguage\":\"hr\",\"potentialAction\":[{\"@type\":\"ReadAction\",\"target\":[\"https:\\\/\\\/radioljubuski.ba\\\/index.php\\\/2021\\\/08\\\/19\\\/rekorderi-milka-milinkovic-i-roko-mikelin-opara\\\/\"]}]},{\"@type\":\"BreadcrumbList\",\"@id\":\"https:\\\/\\\/radioljubuski.ba\\\/index.php\\\/2021\\\/08\\\/19\\\/rekorderi-milka-milinkovic-i-roko-mikelin-opara\\\/#breadcrumb\",\"itemListElement\":[{\"@type\":\"ListItem\",\"position\":1,\"name\":\"Po\u010detna stranica\",\"item\":\"https:\\\/\\\/radioljubuski.ba\\\/\"},{\"@type\":\"ListItem\",\"position\":2,\"name\":\"Rekorderi Milka Milinkovi\u0107 i Roko Mikelin Opara\"}]},{\"@type\":\"WebSite\",\"@id\":\"https:\\\/\\\/radioljubuski.ba\\\/#website\",\"url\":\"https:\\\/\\\/radioljubuski.ba\\\/\",\"name\":\"Radio Ljubu\u0161ki\",\"description\":\"Sun\u010dana frekvencija Hercegovine\",\"publisher\":{\"@id\":\"https:\\\/\\\/radioljubuski.ba\\\/#organization\"},\"potentialAction\":[{\"@type\":\"SearchAction\",\"target\":{\"@type\":\"EntryPoint\",\"urlTemplate\":\"https:\\\/\\\/radioljubuski.ba\\\/?s={search_term_string}\"},\"query-input\":{\"@type\":\"PropertyValueSpecification\",\"valueRequired\":true,\"valueName\":\"search_term_string\"}}],\"inLanguage\":\"hr\"},{\"@type\":\"Organization\",\"@id\":\"https:\\\/\\\/radioljubuski.ba\\\/#organization\",\"name\":\"Radio Ljubu\u0161ki\",\"url\":\"https:\\\/\\\/radioljubuski.ba\\\/\",\"logo\":{\"@type\":\"ImageObject\",\"inLanguage\":\"hr\",\"@id\":\"https:\\\/\\\/radioljubuski.ba\\\/#\\\/schema\\\/logo\\\/image\\\/\",\"url\":\"https:\\\/\\\/radioljubuski.ba\\\/wp-content\\\/uploads\\\/2021\\\/02\\\/cropped-Radio_Ljubuski_logo1.jpg\",\"contentUrl\":\"https:\\\/\\\/radioljubuski.ba\\\/wp-content\\\/uploads\\\/2021\\\/02\\\/cropped-Radio_Ljubuski_logo1.jpg\",\"width\":512,\"height\":512,\"caption\":\"Radio Ljubu\u0161ki\"},\"image\":{\"@id\":\"https:\\\/\\\/radioljubuski.ba\\\/#\\\/schema\\\/logo\\\/image\\\/\"},\"sameAs\":[\"https:\\\/\\\/www.facebook.com\\\/Radiio-Ljubuski-1490835324566332\",\"https:\\\/\\\/x.com\\\/radioljubuski\",\"https:\\\/\\\/hr.linkedin.com\\\/company\\\/radio-ljubuski\",\"https:\\\/\\\/www.youtube.com\\\/channel\\\/UCHYaeO_n0Db3tjNGudGpXyw\"]},{\"@type\":\"Person\",\"@id\":\"https:\\\/\\\/radioljubuski.ba\\\/#\\\/schema\\\/person\\\/19fc700381a780f69665d7956c469e3b\",\"name\":\"Radio Ljubu\u0161ki\"}]}<\/script>\n<!-- \/ Yoast SEO plugin. -->","yoast_head_json":{"title":"Rekorderi Milka Milinkovi\u0107 i Roko Mikelin Opara - RADIO LJUBU\u0160KI","robots":{"index":"index","follow":"follow","max-snippet":"max-snippet:-1","max-image-preview":"max-image-preview:large","max-video-preview":"max-video-preview:-1"},"canonical":"https:\/\/radioljubuski.ba\/index.php\/2021\/08\/19\/rekorderi-milka-milinkovic-i-roko-mikelin-opara\/","og_locale":"hr_HR","og_type":"article","og_title":"Rekorderi Milka Milinkovi\u0107 i Roko Mikelin Opara - RADIO LJUBU\u0160KI","og_description":"Hrvatski sporta\u0161i s invaliditetom osvajali su medalje na paraolimpijskim igrama i pod zastavom biv\u0161e dr\u017eave, a rekorderi su atleti\u010darka Milka Milinkovi\u0107 i pliva\u010d Roko Mikelin Opara. Milka Milinkovi\u0107 je od 1972. godine i nastupa u Heidelbergu do Seoula 1988. osvojila dva zlata (koplje, kugla), dva srebra (60m, kugla) i tri bronce (2xkoplje, kugla), a potom [&hellip;]","og_url":"https:\/\/radioljubuski.ba\/index.php\/2021\/08\/19\/rekorderi-milka-milinkovic-i-roko-mikelin-opara\/","og_site_name":"RADIO LJUBU\u0160KI","article_publisher":"https:\/\/www.facebook.com\/Radiio-Ljubuski-1490835324566332","article_published_time":"2021-08-19T19:24:04+00:00","article_modified_time":"2021-08-19T19:24:05+00:00","og_image":[{"width":1600,"height":1123,"url":"https:\/\/radioljubuski.ba\/wp-content\/uploads\/2021\/08\/pxl-120821-681-20210819084344.jpg","type":"image\/jpeg"}],"author":"Radio Ljubu\u0161ki","twitter_card":"summary_large_image","twitter_creator":"@radioljubuski","twitter_site":"@radioljubuski","twitter_misc":{"Napisao\/la":"Radio Ljubu\u0161ki","Procijenjeno vrijeme \u010ditanja":"2 minute"},"schema":{"@context":"https:\/\/schema.org","@graph":[{"@type":"Article","@id":"https:\/\/radioljubuski.ba\/index.php\/2021\/08\/19\/rekorderi-milka-milinkovic-i-roko-mikelin-opara\/#article","isPartOf":{"@id":"https:\/\/radioljubuski.ba\/index.php\/2021\/08\/19\/rekorderi-milka-milinkovic-i-roko-mikelin-opara\/"},"author":{"name":"Radio Ljubu\u0161ki","@id":"https:\/\/radioljubuski.ba\/#\/schema\/person\/19fc700381a780f69665d7956c469e3b"},"headline":"Rekorderi Milka Milinkovi\u0107 i Roko Mikelin Opara","datePublished":"2021-08-19T19:24:04+00:00","dateModified":"2021-08-19T19:24:05+00:00","mainEntityOfPage":{"@id":"https:\/\/radioljubuski.ba\/index.php\/2021\/08\/19\/rekorderi-milka-milinkovic-i-roko-mikelin-opara\/"},"wordCount":267,"publisher":{"@id":"https:\/\/radioljubuski.ba\/#organization"},"articleSection":["\u0160port"],"inLanguage":"hr"},{"@type":"WebPage","@id":"https:\/\/radioljubuski.ba\/index.php\/2021\/08\/19\/rekorderi-milka-milinkovic-i-roko-mikelin-opara\/","url":"https:\/\/radioljubuski.ba\/index.php\/2021\/08\/19\/rekorderi-milka-milinkovic-i-roko-mikelin-opara\/","name":"Rekorderi Milka Milinkovi\u0107 i Roko Mikelin Opara - RADIO LJUBU\u0160KI","isPartOf":{"@id":"https:\/\/radioljubuski.ba\/#website"},"datePublished":"2021-08-19T19:24:04+00:00","dateModified":"2021-08-19T19:24:05+00:00","breadcrumb":{"@id":"https:\/\/radioljubuski.ba\/index.php\/2021\/08\/19\/rekorderi-milka-milinkovic-i-roko-mikelin-opara\/#breadcrumb"},"inLanguage":"hr","potentialAction":[{"@type":"ReadAction","target":["https:\/\/radioljubuski.ba\/index.php\/2021\/08\/19\/rekorderi-milka-milinkovic-i-roko-mikelin-opara\/"]}]},{"@type":"BreadcrumbList","@id":"https:\/\/radioljubuski.ba\/index.php\/2021\/08\/19\/rekorderi-milka-milinkovic-i-roko-mikelin-opara\/#breadcrumb","itemListElement":[{"@type":"ListItem","position":1,"name":"Po\u010detna stranica","item":"https:\/\/radioljubuski.ba\/"},{"@type":"ListItem","position":2,"name":"Rekorderi Milka Milinkovi\u0107 i Roko Mikelin Opara"}]},{"@type":"WebSite","@id":"https:\/\/radioljubuski.ba\/#website","url":"https:\/\/radioljubuski.ba\/","name":"Radio Ljubu\u0161ki","description":"Sun\u010dana frekvencija Hercegovine","publisher":{"@id":"https:\/\/radioljubuski.ba\/#organization"},"potentialAction":[{"@type":"SearchAction","target":{"@type":"EntryPoint","urlTemplate":"https:\/\/radioljubuski.ba\/?s={search_term_string}"},"query-input":{"@type":"PropertyValueSpecification","valueRequired":true,"valueName":"search_term_string"}}],"inLanguage":"hr"},{"@type":"Organization","@id":"https:\/\/radioljubuski.ba\/#organization","name":"Radio Ljubu\u0161ki","url":"https:\/\/radioljubuski.ba\/","logo":{"@type":"ImageObject","inLanguage":"hr","@id":"https:\/\/radioljubuski.ba\/#\/schema\/logo\/image\/","url":"https:\/\/radioljubuski.ba\/wp-content\/uploads\/2021\/02\/cropped-Radio_Ljubuski_logo1.jpg","contentUrl":"https:\/\/radioljubuski.ba\/wp-content\/uploads\/2021\/02\/cropped-Radio_Ljubuski_logo1.jpg","width":512,"height":512,"caption":"Radio Ljubu\u0161ki"},"image":{"@id":"https:\/\/radioljubuski.ba\/#\/schema\/logo\/image\/"},"sameAs":["https:\/\/www.facebook.com\/Radiio-Ljubuski-1490835324566332","https:\/\/x.com\/radioljubuski","https:\/\/hr.linkedin.com\/company\/radio-ljubuski","https:\/\/www.youtube.com\/channel\/UCHYaeO_n0Db3tjNGudGpXyw"]},{"@type":"Person","@id":"https:\/\/radioljubuski.ba\/#\/schema\/person\/19fc700381a780f69665d7956c469e3b","name":"Radio Ljubu\u0161ki"}]}},"_links":{"self":[{"href":"https:\/\/radioljubuski.ba\/index.php\/wp-json\/wp\/v2\/posts\/55096","targetHints":{"allow":["GET"]}}],"collection":[{"href":"https:\/\/radioljubuski.ba\/index.php\/wp-json\/wp\/v2\/posts"}],"about":[{"href":"https:\/\/radioljubuski.ba\/index.php\/wp-json\/wp\/v2\/types\/post"}],"author":[{"embeddable":true,"href":"https:\/\/radioljubuski.ba\/index.php\/wp-json\/wp\/v2\/users\/2"}],"replies":[{"embeddable":true,"href":"https:\/\/radioljubuski.ba\/index.php\/wp-json\/wp\/v2\/comments?post=55096"}],"version-history":[{"count":1,"href":"https:\/\/radioljubuski.ba\/index.php\/wp-json\/wp\/v2\/posts\/55096\/revisions"}],"predecessor-version":[{"id":55098,"href":"https:\/\/radioljubuski.ba\/index.php\/wp-json\/wp\/v2\/posts\/55096\/revisions\/55098"}],"wp:attachment":[{"href":"https:\/\/radioljubuski.ba\/index.php\/wp-json\/wp\/v2\/media?parent=55096"}],"wp:term":[{"taxonomy":"category","embeddable":true,"href":"https:\/\/radioljubuski.ba\/index.php\/wp-json\/wp\/v2\/categories?post=55096"},{"taxonomy":"post_tag","embeddable":true,"href":"https:\/\/radioljubuski.ba\/index.php\/wp-json\/wp\/v2\/tags?post=55096"}],"curies":[{"name":"wp","href":"https:\/\/api.w.org\/{rel}","templated":true}]}}