{"id":55099,"date":"2021-08-19T20:26:01","date_gmt":"2021-08-19T19:26:01","guid":{"rendered":"https:\/\/radioljubuski.ba\/?p=55099"},"modified":"2021-08-19T20:26:03","modified_gmt":"2021-08-19T19:26:03","slug":"najbolja-hrvatska-maratonka-rodak-mate-parlov-moj-je-sportski-uzor","status":"publish","type":"post","link":"https:\/\/radioljubuski.ba\/index.php\/2021\/08\/19\/najbolja-hrvatska-maratonka-rodak-mate-parlov-moj-je-sportski-uzor\/","title":{"rendered":"Najbolja hrvatska maratonka: Ro\u0111ak Mate Parlov moj je sportski uzor"},"content":{"rendered":"\n<p><strong>Hrvatska maratonka Matea Parlov Ko\u0161tro zauzela je na Olimpijskim igrama u Tokiju visoko 21. mjesto. Utrku je odradila hrabro i pametno te postigla velik uspjeh. O olimpijskom maratonu i svojoj karijeri govorila je u emisiji &#8220;Dobro jutro, Hrvatska&#8221;.<\/strong><\/p>\n\n\n\n<p><a href=\"https:\/\/sport.hrt.hr\/hrvatski-olimpijci\/parlov-kostro-zauzela-21-mjesto-dok-je-bjeljac-bila-53-2598155\"><br><\/a><\/p>\n\n\n\n<p>Maratonske i hoda\u010dke utrke iz Tokija su pomaknute u sjeverniji Sapporo kako bi se izbjegle ljetne vru\u0107ine u glavnom japanskom gradu. No na dan odr\u017eavanja maratona u Sapporu je izmjerena temperatura od 35 Celzijevih stupnjeva, kao i u Tokiju, uz visoki postotak vlage.&nbsp;<\/p>\n\n\n\n<p>&#8211; Smisao dugopruga\u0161kog tr\u010danja je probijanje vlastitih granica. Koliko god visoko si postavite granicu, morate je u jednom trenutku probijati. Kriza u maratonu javlja se nakon nekih 35 kilometara. Ova je utrka bila jako te\u0161ka od po\u010detka, a ja sam imala krizu zadnjih 20 kilometara. Jako je te\u0161ko, tijelo bude malaksalo, potro\u0161ite cijeli glikogen koji vam je bio na raspolaganju. Maksimalno smo si htjeli pomo\u0107i s okrepom koju smo uzimali na svim okrepnim stanicama, zatim s vodom s kojom smo se zalijevali. Uz okrepnu stanicu, bila je stanica s ledom. Naravno, svi smo uzimali led i poku\u0161ali si maksimalno pomo\u0107i da odr\u017eimo normalnu temperaturu tijela. Naravno, to se sve odvija tr\u010de\u0107i. Mi smo to izvje\u017ebali na treninzima tako da se minimalno gubi vrijeme.&nbsp;<\/p>\n\n\n\n<p>Kako se pripremala za olimpijski maraton?<\/p>\n\n\n\n<p>&#8211; Pripreme su dosta razli\u010dite, ja se naj\u010de\u0161\u0107e pripremam ili na Jarunu ili na Maksimiru. Jedan dio priprema smo odradili na visini, na 1800 metara nadmorske visine. Tu smo bili neka tri tjedna i mislim da je to jako pomoglo. Razrije\u0111en je kisik pa tijelo stvara vi\u0161e crvenih krvnih stanica. \u0160to vam je bolja krvna slika, bit \u0107ete bolji.<\/p>\n\n\n\n<p>Kakav je interes mladih u Hrvatskoj za maratonsko tr\u010danje?&nbsp;<\/p>\n\n\n\n<p>&#8211; Otvaraju se \u0161kole tr\u010danja, akademije tr\u010danja zadnjih godina. Mislim da su se ljudi stvarno zainteresirali i da u\u017eivaju u tome. Na treninzima tr\u010dite u grupi i mislim da su ljudi shvatili da onaj endorfin koji se osloba\u0111a na kraju svakog treninga je ne\u0161to jako lijepo i korisno za tijelo.&nbsp;<\/p>\n\n\n\n<p>Sportom se bavi od 2. razreda osnovne \u0161kole. Nakon rukometa, prebacila se na atletiku. Dolazi iz sportske obitelji. U rodu je s legendarnim hrvatskim boksa\u010dem.<\/p>\n\n\n\n<p>&#8211;&nbsp;<strong>Mate Parlov<\/strong>&nbsp;moj je ro\u0111ak i sportski uzor.&nbsp;<\/p>\n\n\n\n<p>Nakon Tokija Parlov Ko\u0161tro bila je na sedmodnevnom prisilnom odmoru.<br><br>&#8211; Trener me prisilio da se malo odmorim jer je utrka bila jako iscrpljuju\u0107a. U 12. mjesecu mislim da \u0107u tr\u010dati polumaraton u Valenciji. Idu\u0107e godine me o\u010dekuje europsko i svjetsko prvenstvo, morat \u0107u odlu\u010diti na koje \u0107u i\u0107i jer je prekratko razdoblje izme\u0111u ta dva natjecanja i naravno da te\u017eim Parizu 2024.<\/p>\n\n\n\n<div style=\"width: 640px;\" class=\"wp-video\"><video class=\"wp-video-shortcode\" id=\"video-55099-1\" width=\"640\" height=\"360\" preload=\"metadata\" controls=\"controls\"><source type=\"video\/mp4\" src=\"https:\/\/api.hrt.hr\/media\/ab\/eb\/djh-maratonka-1908-20210819065703.mp4?_=1\" \/><a href=\"https:\/\/api.hrt.hr\/media\/ab\/eb\/djh-maratonka-1908-20210819065703.mp4\">https:\/\/api.hrt.hr\/media\/ab\/eb\/djh-maratonka-1908-20210819065703.mp4<\/a><\/video><\/div>\n\n\n\n<p>Izvor:hrt.hr<\/p>\n","protected":false},"excerpt":{"rendered":"<p>Hrvatska maratonka Matea Parlov Ko\u0161tro zauzela je na Olimpijskim igrama u Tokiju visoko 21. mjesto. Utrku je odradila hrabro i pametno te postigla velik uspjeh. O olimpijskom maratonu i svojoj karijeri govorila je u emisiji &#8220;Dobro jutro, Hrvatska&#8221;. Maratonske i hoda\u010dke utrke iz Tokija su pomaknute u sjeverniji Sapporo kako bi se izbjegle ljetne vru\u0107ine [&hellip;]<\/p>\n","protected":false},"author":2,"featured_media":55100,"comment_status":"closed","ping_status":"closed","sticky":false,"template":"","format":"standard","meta":{"h5ap_radio_sources":[],"footnotes":""},"categories":[7],"tags":[],"class_list":["post-55099","post","type-post","status-publish","format-standard","has-post-thumbnail","hentry","category-sport"],"yoast_head":"<!-- This site is optimized with the Yoast SEO plugin v27.5 - https:\/\/yoast.com\/product\/yoast-seo-wordpress\/ -->\n<title>Najbolja hrvatska maratonka: Ro\u0111ak Mate Parlov moj je sportski uzor - RADIO LJUBU\u0160KI<\/title>\n<meta name=\"robots\" content=\"index, follow, max-snippet:-1, max-image-preview:large, max-video-preview:-1\" \/>\n<link rel=\"canonical\" href=\"https:\/\/radioljubuski.ba\/index.php\/2021\/08\/19\/najbolja-hrvatska-maratonka-rodak-mate-parlov-moj-je-sportski-uzor\/\" \/>\n<meta property=\"og:locale\" content=\"hr_HR\" \/>\n<meta property=\"og:type\" content=\"article\" \/>\n<meta property=\"og:title\" content=\"Najbolja hrvatska maratonka: Ro\u0111ak Mate Parlov moj je sportski uzor - RADIO LJUBU\u0160KI\" \/>\n<meta property=\"og:description\" content=\"Hrvatska maratonka Matea Parlov Ko\u0161tro zauzela je na Olimpijskim igrama u Tokiju visoko 21. mjesto. Utrku je odradila hrabro i pametno te postigla velik uspjeh. O olimpijskom maratonu i svojoj karijeri govorila je u emisiji &#8220;Dobro jutro, Hrvatska&#8221;. Maratonske i hoda\u010dke utrke iz Tokija su pomaknute u sjeverniji Sapporo kako bi se izbjegle ljetne vru\u0107ine [&hellip;]\" \/>\n<meta property=\"og:url\" content=\"https:\/\/radioljubuski.ba\/index.php\/2021\/08\/19\/najbolja-hrvatska-maratonka-rodak-mate-parlov-moj-je-sportski-uzor\/\" \/>\n<meta property=\"og:site_name\" content=\"RADIO LJUBU\u0160KI\" \/>\n<meta property=\"article:publisher\" content=\"https:\/\/www.facebook.com\/Radiio-Ljubuski-1490835324566332\" \/>\n<meta property=\"article:published_time\" content=\"2021-08-19T19:26:01+00:00\" \/>\n<meta property=\"article:modified_time\" content=\"2021-08-19T19:26:03+00:00\" \/>\n<meta property=\"og:image\" content=\"https:\/\/radioljubuski.ba\/wp-content\/uploads\/2021\/08\/preuzmi-35.jpg\" \/>\n\t<meta property=\"og:image:width\" content=\"300\" \/>\n\t<meta property=\"og:image:height\" content=\"168\" \/>\n\t<meta property=\"og:image:type\" content=\"image\/jpeg\" \/>\n<meta name=\"author\" content=\"Radio Ljubu\u0161ki\" \/>\n<meta name=\"twitter:card\" content=\"summary_large_image\" \/>\n<meta name=\"twitter:creator\" content=\"@radioljubuski\" \/>\n<meta name=\"twitter:site\" content=\"@radioljubuski\" \/>\n<meta name=\"twitter:label1\" content=\"Napisao\/la\" \/>\n\t<meta name=\"twitter:data1\" content=\"Radio Ljubu\u0161ki\" \/>\n\t<meta name=\"twitter:label2\" content=\"Procijenjeno vrijeme \u010ditanja\" \/>\n\t<meta name=\"twitter:data2\" content=\"2 minute\" \/>\n<script type=\"application\/ld+json\" class=\"yoast-schema-graph\">{\"@context\":\"https:\\\/\\\/schema.org\",\"@graph\":[{\"@type\":\"Article\",\"@id\":\"https:\\\/\\\/radioljubuski.ba\\\/index.php\\\/2021\\\/08\\\/19\\\/najbolja-hrvatska-maratonka-rodak-mate-parlov-moj-je-sportski-uzor\\\/#article\",\"isPartOf\":{\"@id\":\"https:\\\/\\\/radioljubuski.ba\\\/index.php\\\/2021\\\/08\\\/19\\\/najbolja-hrvatska-maratonka-rodak-mate-parlov-moj-je-sportski-uzor\\\/\"},\"author\":{\"name\":\"Radio Ljubu\u0161ki\",\"@id\":\"https:\\\/\\\/radioljubuski.ba\\\/#\\\/schema\\\/person\\\/19fc700381a780f69665d7956c469e3b\"},\"headline\":\"Najbolja hrvatska maratonka: Ro\u0111ak Mate Parlov moj je sportski uzor\",\"datePublished\":\"2021-08-19T19:26:01+00:00\",\"dateModified\":\"2021-08-19T19:26:03+00:00\",\"mainEntityOfPage\":{\"@id\":\"https:\\\/\\\/radioljubuski.ba\\\/index.php\\\/2021\\\/08\\\/19\\\/najbolja-hrvatska-maratonka-rodak-mate-parlov-moj-je-sportski-uzor\\\/\"},\"wordCount\":488,\"publisher\":{\"@id\":\"https:\\\/\\\/radioljubuski.ba\\\/#organization\"},\"image\":{\"@id\":\"https:\\\/\\\/radioljubuski.ba\\\/index.php\\\/2021\\\/08\\\/19\\\/najbolja-hrvatska-maratonka-rodak-mate-parlov-moj-je-sportski-uzor\\\/#primaryimage\"},\"thumbnailUrl\":\"https:\\\/\\\/radioljubuski.ba\\\/wp-content\\\/uploads\\\/2021\\\/08\\\/preuzmi-35.jpg\",\"articleSection\":[\"\u0160port\"],\"inLanguage\":\"hr\"},{\"@type\":\"WebPage\",\"@id\":\"https:\\\/\\\/radioljubuski.ba\\\/index.php\\\/2021\\\/08\\\/19\\\/najbolja-hrvatska-maratonka-rodak-mate-parlov-moj-je-sportski-uzor\\\/\",\"url\":\"https:\\\/\\\/radioljubuski.ba\\\/index.php\\\/2021\\\/08\\\/19\\\/najbolja-hrvatska-maratonka-rodak-mate-parlov-moj-je-sportski-uzor\\\/\",\"name\":\"Najbolja hrvatska maratonka: Ro\u0111ak Mate Parlov moj je sportski uzor - RADIO LJUBU\u0160KI\",\"isPartOf\":{\"@id\":\"https:\\\/\\\/radioljubuski.ba\\\/#website\"},\"primaryImageOfPage\":{\"@id\":\"https:\\\/\\\/radioljubuski.ba\\\/index.php\\\/2021\\\/08\\\/19\\\/najbolja-hrvatska-maratonka-rodak-mate-parlov-moj-je-sportski-uzor\\\/#primaryimage\"},\"image\":{\"@id\":\"https:\\\/\\\/radioljubuski.ba\\\/index.php\\\/2021\\\/08\\\/19\\\/najbolja-hrvatska-maratonka-rodak-mate-parlov-moj-je-sportski-uzor\\\/#primaryimage\"},\"thumbnailUrl\":\"https:\\\/\\\/radioljubuski.ba\\\/wp-content\\\/uploads\\\/2021\\\/08\\\/preuzmi-35.jpg\",\"datePublished\":\"2021-08-19T19:26:01+00:00\",\"dateModified\":\"2021-08-19T19:26:03+00:00\",\"breadcrumb\":{\"@id\":\"https:\\\/\\\/radioljubuski.ba\\\/index.php\\\/2021\\\/08\\\/19\\\/najbolja-hrvatska-maratonka-rodak-mate-parlov-moj-je-sportski-uzor\\\/#breadcrumb\"},\"inLanguage\":\"hr\",\"potentialAction\":[{\"@type\":\"ReadAction\",\"target\":[\"https:\\\/\\\/radioljubuski.ba\\\/index.php\\\/2021\\\/08\\\/19\\\/najbolja-hrvatska-maratonka-rodak-mate-parlov-moj-je-sportski-uzor\\\/\"]}]},{\"@type\":\"ImageObject\",\"inLanguage\":\"hr\",\"@id\":\"https:\\\/\\\/radioljubuski.ba\\\/index.php\\\/2021\\\/08\\\/19\\\/najbolja-hrvatska-maratonka-rodak-mate-parlov-moj-je-sportski-uzor\\\/#primaryimage\",\"url\":\"https:\\\/\\\/radioljubuski.ba\\\/wp-content\\\/uploads\\\/2021\\\/08\\\/preuzmi-35.jpg\",\"contentUrl\":\"https:\\\/\\\/radioljubuski.ba\\\/wp-content\\\/uploads\\\/2021\\\/08\\\/preuzmi-35.jpg\",\"width\":300,\"height\":168},{\"@type\":\"BreadcrumbList\",\"@id\":\"https:\\\/\\\/radioljubuski.ba\\\/index.php\\\/2021\\\/08\\\/19\\\/najbolja-hrvatska-maratonka-rodak-mate-parlov-moj-je-sportski-uzor\\\/#breadcrumb\",\"itemListElement\":[{\"@type\":\"ListItem\",\"position\":1,\"name\":\"Po\u010detna stranica\",\"item\":\"https:\\\/\\\/radioljubuski.ba\\\/\"},{\"@type\":\"ListItem\",\"position\":2,\"name\":\"Najbolja hrvatska maratonka: Ro\u0111ak Mate Parlov moj je sportski uzor\"}]},{\"@type\":\"WebSite\",\"@id\":\"https:\\\/\\\/radioljubuski.ba\\\/#website\",\"url\":\"https:\\\/\\\/radioljubuski.ba\\\/\",\"name\":\"Radio Ljubu\u0161ki\",\"description\":\"Sun\u010dana frekvencija Hercegovine\",\"publisher\":{\"@id\":\"https:\\\/\\\/radioljubuski.ba\\\/#organization\"},\"potentialAction\":[{\"@type\":\"SearchAction\",\"target\":{\"@type\":\"EntryPoint\",\"urlTemplate\":\"https:\\\/\\\/radioljubuski.ba\\\/?s={search_term_string}\"},\"query-input\":{\"@type\":\"PropertyValueSpecification\",\"valueRequired\":true,\"valueName\":\"search_term_string\"}}],\"inLanguage\":\"hr\"},{\"@type\":\"Organization\",\"@id\":\"https:\\\/\\\/radioljubuski.ba\\\/#organization\",\"name\":\"Radio Ljubu\u0161ki\",\"url\":\"https:\\\/\\\/radioljubuski.ba\\\/\",\"logo\":{\"@type\":\"ImageObject\",\"inLanguage\":\"hr\",\"@id\":\"https:\\\/\\\/radioljubuski.ba\\\/#\\\/schema\\\/logo\\\/image\\\/\",\"url\":\"https:\\\/\\\/radioljubuski.ba\\\/wp-content\\\/uploads\\\/2021\\\/02\\\/cropped-Radio_Ljubuski_logo1.jpg\",\"contentUrl\":\"https:\\\/\\\/radioljubuski.ba\\\/wp-content\\\/uploads\\\/2021\\\/02\\\/cropped-Radio_Ljubuski_logo1.jpg\",\"width\":512,\"height\":512,\"caption\":\"Radio Ljubu\u0161ki\"},\"image\":{\"@id\":\"https:\\\/\\\/radioljubuski.ba\\\/#\\\/schema\\\/logo\\\/image\\\/\"},\"sameAs\":[\"https:\\\/\\\/www.facebook.com\\\/Radiio-Ljubuski-1490835324566332\",\"https:\\\/\\\/x.com\\\/radioljubuski\",\"https:\\\/\\\/hr.linkedin.com\\\/company\\\/radio-ljubuski\",\"https:\\\/\\\/www.youtube.com\\\/channel\\\/UCHYaeO_n0Db3tjNGudGpXyw\"]},{\"@type\":\"Person\",\"@id\":\"https:\\\/\\\/radioljubuski.ba\\\/#\\\/schema\\\/person\\\/19fc700381a780f69665d7956c469e3b\",\"name\":\"Radio Ljubu\u0161ki\"}]}<\/script>\n<!-- \/ Yoast SEO plugin. -->","yoast_head_json":{"title":"Najbolja hrvatska maratonka: Ro\u0111ak Mate Parlov moj je sportski uzor - RADIO LJUBU\u0160KI","robots":{"index":"index","follow":"follow","max-snippet":"max-snippet:-1","max-image-preview":"max-image-preview:large","max-video-preview":"max-video-preview:-1"},"canonical":"https:\/\/radioljubuski.ba\/index.php\/2021\/08\/19\/najbolja-hrvatska-maratonka-rodak-mate-parlov-moj-je-sportski-uzor\/","og_locale":"hr_HR","og_type":"article","og_title":"Najbolja hrvatska maratonka: Ro\u0111ak Mate Parlov moj je sportski uzor - RADIO LJUBU\u0160KI","og_description":"Hrvatska maratonka Matea Parlov Ko\u0161tro zauzela je na Olimpijskim igrama u Tokiju visoko 21. mjesto. Utrku je odradila hrabro i pametno te postigla velik uspjeh. O olimpijskom maratonu i svojoj karijeri govorila je u emisiji &#8220;Dobro jutro, Hrvatska&#8221;. Maratonske i hoda\u010dke utrke iz Tokija su pomaknute u sjeverniji Sapporo kako bi se izbjegle ljetne vru\u0107ine [&hellip;]","og_url":"https:\/\/radioljubuski.ba\/index.php\/2021\/08\/19\/najbolja-hrvatska-maratonka-rodak-mate-parlov-moj-je-sportski-uzor\/","og_site_name":"RADIO LJUBU\u0160KI","article_publisher":"https:\/\/www.facebook.com\/Radiio-Ljubuski-1490835324566332","article_published_time":"2021-08-19T19:26:01+00:00","article_modified_time":"2021-08-19T19:26:03+00:00","og_image":[{"width":300,"height":168,"url":"https:\/\/radioljubuski.ba\/wp-content\/uploads\/2021\/08\/preuzmi-35.jpg","type":"image\/jpeg"}],"author":"Radio Ljubu\u0161ki","twitter_card":"summary_large_image","twitter_creator":"@radioljubuski","twitter_site":"@radioljubuski","twitter_misc":{"Napisao\/la":"Radio Ljubu\u0161ki","Procijenjeno vrijeme \u010ditanja":"2 minute"},"schema":{"@context":"https:\/\/schema.org","@graph":[{"@type":"Article","@id":"https:\/\/radioljubuski.ba\/index.php\/2021\/08\/19\/najbolja-hrvatska-maratonka-rodak-mate-parlov-moj-je-sportski-uzor\/#article","isPartOf":{"@id":"https:\/\/radioljubuski.ba\/index.php\/2021\/08\/19\/najbolja-hrvatska-maratonka-rodak-mate-parlov-moj-je-sportski-uzor\/"},"author":{"name":"Radio Ljubu\u0161ki","@id":"https:\/\/radioljubuski.ba\/#\/schema\/person\/19fc700381a780f69665d7956c469e3b"},"headline":"Najbolja hrvatska maratonka: Ro\u0111ak Mate Parlov moj je sportski uzor","datePublished":"2021-08-19T19:26:01+00:00","dateModified":"2021-08-19T19:26:03+00:00","mainEntityOfPage":{"@id":"https:\/\/radioljubuski.ba\/index.php\/2021\/08\/19\/najbolja-hrvatska-maratonka-rodak-mate-parlov-moj-je-sportski-uzor\/"},"wordCount":488,"publisher":{"@id":"https:\/\/radioljubuski.ba\/#organization"},"image":{"@id":"https:\/\/radioljubuski.ba\/index.php\/2021\/08\/19\/najbolja-hrvatska-maratonka-rodak-mate-parlov-moj-je-sportski-uzor\/#primaryimage"},"thumbnailUrl":"https:\/\/radioljubuski.ba\/wp-content\/uploads\/2021\/08\/preuzmi-35.jpg","articleSection":["\u0160port"],"inLanguage":"hr"},{"@type":"WebPage","@id":"https:\/\/radioljubuski.ba\/index.php\/2021\/08\/19\/najbolja-hrvatska-maratonka-rodak-mate-parlov-moj-je-sportski-uzor\/","url":"https:\/\/radioljubuski.ba\/index.php\/2021\/08\/19\/najbolja-hrvatska-maratonka-rodak-mate-parlov-moj-je-sportski-uzor\/","name":"Najbolja hrvatska maratonka: Ro\u0111ak Mate Parlov moj je sportski uzor - RADIO LJUBU\u0160KI","isPartOf":{"@id":"https:\/\/radioljubuski.ba\/#website"},"primaryImageOfPage":{"@id":"https:\/\/radioljubuski.ba\/index.php\/2021\/08\/19\/najbolja-hrvatska-maratonka-rodak-mate-parlov-moj-je-sportski-uzor\/#primaryimage"},"image":{"@id":"https:\/\/radioljubuski.ba\/index.php\/2021\/08\/19\/najbolja-hrvatska-maratonka-rodak-mate-parlov-moj-je-sportski-uzor\/#primaryimage"},"thumbnailUrl":"https:\/\/radioljubuski.ba\/wp-content\/uploads\/2021\/08\/preuzmi-35.jpg","datePublished":"2021-08-19T19:26:01+00:00","dateModified":"2021-08-19T19:26:03+00:00","breadcrumb":{"@id":"https:\/\/radioljubuski.ba\/index.php\/2021\/08\/19\/najbolja-hrvatska-maratonka-rodak-mate-parlov-moj-je-sportski-uzor\/#breadcrumb"},"inLanguage":"hr","potentialAction":[{"@type":"ReadAction","target":["https:\/\/radioljubuski.ba\/index.php\/2021\/08\/19\/najbolja-hrvatska-maratonka-rodak-mate-parlov-moj-je-sportski-uzor\/"]}]},{"@type":"ImageObject","inLanguage":"hr","@id":"https:\/\/radioljubuski.ba\/index.php\/2021\/08\/19\/najbolja-hrvatska-maratonka-rodak-mate-parlov-moj-je-sportski-uzor\/#primaryimage","url":"https:\/\/radioljubuski.ba\/wp-content\/uploads\/2021\/08\/preuzmi-35.jpg","contentUrl":"https:\/\/radioljubuski.ba\/wp-content\/uploads\/2021\/08\/preuzmi-35.jpg","width":300,"height":168},{"@type":"BreadcrumbList","@id":"https:\/\/radioljubuski.ba\/index.php\/2021\/08\/19\/najbolja-hrvatska-maratonka-rodak-mate-parlov-moj-je-sportski-uzor\/#breadcrumb","itemListElement":[{"@type":"ListItem","position":1,"name":"Po\u010detna stranica","item":"https:\/\/radioljubuski.ba\/"},{"@type":"ListItem","position":2,"name":"Najbolja hrvatska maratonka: Ro\u0111ak Mate Parlov moj je sportski uzor"}]},{"@type":"WebSite","@id":"https:\/\/radioljubuski.ba\/#website","url":"https:\/\/radioljubuski.ba\/","name":"Radio Ljubu\u0161ki","description":"Sun\u010dana frekvencija Hercegovine","publisher":{"@id":"https:\/\/radioljubuski.ba\/#organization"},"potentialAction":[{"@type":"SearchAction","target":{"@type":"EntryPoint","urlTemplate":"https:\/\/radioljubuski.ba\/?s={search_term_string}"},"query-input":{"@type":"PropertyValueSpecification","valueRequired":true,"valueName":"search_term_string"}}],"inLanguage":"hr"},{"@type":"Organization","@id":"https:\/\/radioljubuski.ba\/#organization","name":"Radio Ljubu\u0161ki","url":"https:\/\/radioljubuski.ba\/","logo":{"@type":"ImageObject","inLanguage":"hr","@id":"https:\/\/radioljubuski.ba\/#\/schema\/logo\/image\/","url":"https:\/\/radioljubuski.ba\/wp-content\/uploads\/2021\/02\/cropped-Radio_Ljubuski_logo1.jpg","contentUrl":"https:\/\/radioljubuski.ba\/wp-content\/uploads\/2021\/02\/cropped-Radio_Ljubuski_logo1.jpg","width":512,"height":512,"caption":"Radio Ljubu\u0161ki"},"image":{"@id":"https:\/\/radioljubuski.ba\/#\/schema\/logo\/image\/"},"sameAs":["https:\/\/www.facebook.com\/Radiio-Ljubuski-1490835324566332","https:\/\/x.com\/radioljubuski","https:\/\/hr.linkedin.com\/company\/radio-ljubuski","https:\/\/www.youtube.com\/channel\/UCHYaeO_n0Db3tjNGudGpXyw"]},{"@type":"Person","@id":"https:\/\/radioljubuski.ba\/#\/schema\/person\/19fc700381a780f69665d7956c469e3b","name":"Radio Ljubu\u0161ki"}]}},"_links":{"self":[{"href":"https:\/\/radioljubuski.ba\/index.php\/wp-json\/wp\/v2\/posts\/55099","targetHints":{"allow":["GET"]}}],"collection":[{"href":"https:\/\/radioljubuski.ba\/index.php\/wp-json\/wp\/v2\/posts"}],"about":[{"href":"https:\/\/radioljubuski.ba\/index.php\/wp-json\/wp\/v2\/types\/post"}],"author":[{"embeddable":true,"href":"https:\/\/radioljubuski.ba\/index.php\/wp-json\/wp\/v2\/users\/2"}],"replies":[{"embeddable":true,"href":"https:\/\/radioljubuski.ba\/index.php\/wp-json\/wp\/v2\/comments?post=55099"}],"version-history":[{"count":1,"href":"https:\/\/radioljubuski.ba\/index.php\/wp-json\/wp\/v2\/posts\/55099\/revisions"}],"predecessor-version":[{"id":55101,"href":"https:\/\/radioljubuski.ba\/index.php\/wp-json\/wp\/v2\/posts\/55099\/revisions\/55101"}],"wp:featuredmedia":[{"embeddable":true,"href":"https:\/\/radioljubuski.ba\/index.php\/wp-json\/wp\/v2\/media\/55100"}],"wp:attachment":[{"href":"https:\/\/radioljubuski.ba\/index.php\/wp-json\/wp\/v2\/media?parent=55099"}],"wp:term":[{"taxonomy":"category","embeddable":true,"href":"https:\/\/radioljubuski.ba\/index.php\/wp-json\/wp\/v2\/categories?post=55099"},{"taxonomy":"post_tag","embeddable":true,"href":"https:\/\/radioljubuski.ba\/index.php\/wp-json\/wp\/v2\/tags?post=55099"}],"curies":[{"name":"wp","href":"https:\/\/api.w.org\/{rel}","templated":true}]}}