{"id":55114,"date":"2021-08-19T20:32:36","date_gmt":"2021-08-19T19:32:36","guid":{"rendered":"https:\/\/radioljubuski.ba\/?p=55114"},"modified":"2021-08-19T20:32:37","modified_gmt":"2021-08-19T19:32:37","slug":"putem-laznih-profila-objavljivao-fotografije-djevojke-i-snimke-eksplicitnog-sadrzaja","status":"publish","type":"post","link":"https:\/\/radioljubuski.ba\/index.php\/2021\/08\/19\/putem-laznih-profila-objavljivao-fotografije-djevojke-i-snimke-eksplicitnog-sadrzaja\/","title":{"rendered":"Putem la\u017enih profila objavljivao fotografije djevojke i snimke eksplicitnog sadr\u017eaja"},"content":{"rendered":"\n<p>Pripadnici Policijske uprave Trebinje li\u0161ili su slobode lice inicijala A. J. zbog sumnje da je izvr\u0161io krivi\u010dna djela \u201eSpolna ucjena\u201c i \u201eKra\u0111a\u201c.<\/p>\n\n\n\n<p>Kako je priop\u0107eno iz PU Trebinje, policijskoj postaji Trebinje je 16. kolovoza 2021. godine prijavljeno da osoba inicijala A.J. du\u017ee vremena uznemirava osobu inicijala N.H. putem dru\u0161tvenih mre\u017ea, na na\u010din da je sa la\u017enih profila javno objavljivalo vi\u0161e privatnih fotografija i video snimaka eksplicitnog sadr\u017eaja na kojima je N.H. Osoba A.J. se tako\u0111er tereti da je jednom prilikom uzeo mobilni telefon marke \u201eSamsung S8\u201c iz ruke N.H. i odnio sa sobom.<\/p>\n\n\n\n<p>-Po naredbi Osnovnog suda u Trebinju, izvr\u0161en je pretres ku\u0107e i pomo\u0107nih prostorija koje koristi osoba inicijala A.J. gdje su prona\u0111eni i privremeno oduzeti predmeti koji mogu poslu\u017eiti u rasvjetljavanju gore navedenih krivi\u010dnih djela- ka\u017ee se u priop\u0107enju PU Trebinje i dodaje da je rad na dokumentiranju krivi\u010dnih djela u tijeku, a biti \u0107e podne\u0161en Izvje\u0161taj o po\u010dinjenom krivi\u010dnom djelu Okru\u017enom javnom Tu\u017eiteljstvu u Trebinju.<\/p>\n\n\n\n<p>Izvor:pogled.ba<\/p>\n","protected":false},"excerpt":{"rendered":"<p>Pripadnici Policijske uprave Trebinje li\u0161ili su slobode lice inicijala A. J. zbog sumnje da je izvr\u0161io krivi\u010dna djela \u201eSpolna ucjena\u201c i \u201eKra\u0111a\u201c. Kako je priop\u0107eno iz PU Trebinje, policijskoj postaji Trebinje je 16. kolovoza 2021. godine prijavljeno da osoba inicijala A.J. du\u017ee vremena uznemirava osobu inicijala N.H. putem dru\u0161tvenih mre\u017ea, na na\u010din da je sa [&hellip;]<\/p>\n","protected":false},"author":2,"featured_media":55115,"comment_status":"closed","ping_status":"closed","sticky":false,"template":"","format":"standard","meta":{"h5ap_radio_sources":[],"footnotes":""},"categories":[1],"tags":[],"class_list":["post-55114","post","type-post","status-publish","format-standard","has-post-thumbnail","hentry","category-bihiregija"],"yoast_head":"<!-- This site is optimized with the Yoast SEO plugin v27.5 - https:\/\/yoast.com\/product\/yoast-seo-wordpress\/ -->\n<title>Putem la\u017enih profila objavljivao fotografije djevojke i snimke eksplicitnog sadr\u017eaja - RADIO LJUBU\u0160KI<\/title>\n<meta name=\"robots\" content=\"index, follow, max-snippet:-1, max-image-preview:large, max-video-preview:-1\" \/>\n<link rel=\"canonical\" href=\"https:\/\/radioljubuski.ba\/index.php\/2021\/08\/19\/putem-laznih-profila-objavljivao-fotografije-djevojke-i-snimke-eksplicitnog-sadrzaja\/\" \/>\n<meta property=\"og:locale\" content=\"hr_HR\" \/>\n<meta property=\"og:type\" content=\"article\" \/>\n<meta property=\"og:title\" content=\"Putem la\u017enih profila objavljivao fotografije djevojke i snimke eksplicitnog sadr\u017eaja - RADIO LJUBU\u0160KI\" \/>\n<meta property=\"og:description\" content=\"Pripadnici Policijske uprave Trebinje li\u0161ili su slobode lice inicijala A. J. zbog sumnje da je izvr\u0161io krivi\u010dna djela \u201eSpolna ucjena\u201c i \u201eKra\u0111a\u201c. Kako je priop\u0107eno iz PU Trebinje, policijskoj postaji Trebinje je 16. kolovoza 2021. godine prijavljeno da osoba inicijala A.J. du\u017ee vremena uznemirava osobu inicijala N.H. putem dru\u0161tvenih mre\u017ea, na na\u010din da je sa [&hellip;]\" \/>\n<meta property=\"og:url\" content=\"https:\/\/radioljubuski.ba\/index.php\/2021\/08\/19\/putem-laznih-profila-objavljivao-fotografije-djevojke-i-snimke-eksplicitnog-sadrzaja\/\" \/>\n<meta property=\"og:site_name\" content=\"RADIO LJUBU\u0160KI\" \/>\n<meta property=\"article:publisher\" content=\"https:\/\/www.facebook.com\/Radiio-Ljubuski-1490835324566332\" \/>\n<meta property=\"article:published_time\" content=\"2021-08-19T19:32:36+00:00\" \/>\n<meta property=\"article:modified_time\" content=\"2021-08-19T19:32:37+00:00\" \/>\n<meta property=\"og:image\" content=\"https:\/\/radioljubuski.ba\/wp-content\/uploads\/2021\/08\/2-2021-08-19-13-28-21-ucjena.jpg\" \/>\n\t<meta property=\"og:image:width\" content=\"1000\" \/>\n\t<meta property=\"og:image:height\" content=\"625\" \/>\n\t<meta property=\"og:image:type\" content=\"image\/jpeg\" \/>\n<meta name=\"author\" content=\"Radio Ljubu\u0161ki\" \/>\n<meta name=\"twitter:card\" content=\"summary_large_image\" \/>\n<meta name=\"twitter:creator\" content=\"@radioljubuski\" \/>\n<meta name=\"twitter:site\" content=\"@radioljubuski\" \/>\n<meta name=\"twitter:label1\" content=\"Napisao\/la\" \/>\n\t<meta name=\"twitter:data1\" content=\"Radio Ljubu\u0161ki\" \/>\n\t<meta name=\"twitter:label2\" content=\"Procijenjeno vrijeme \u010ditanja\" \/>\n\t<meta name=\"twitter:data2\" content=\"1 minuta\" \/>\n<script type=\"application\/ld+json\" class=\"yoast-schema-graph\">{\"@context\":\"https:\\\/\\\/schema.org\",\"@graph\":[{\"@type\":\"Article\",\"@id\":\"https:\\\/\\\/radioljubuski.ba\\\/index.php\\\/2021\\\/08\\\/19\\\/putem-laznih-profila-objavljivao-fotografije-djevojke-i-snimke-eksplicitnog-sadrzaja\\\/#article\",\"isPartOf\":{\"@id\":\"https:\\\/\\\/radioljubuski.ba\\\/index.php\\\/2021\\\/08\\\/19\\\/putem-laznih-profila-objavljivao-fotografije-djevojke-i-snimke-eksplicitnog-sadrzaja\\\/\"},\"author\":{\"name\":\"Radio Ljubu\u0161ki\",\"@id\":\"https:\\\/\\\/radioljubuski.ba\\\/#\\\/schema\\\/person\\\/19fc700381a780f69665d7956c469e3b\"},\"headline\":\"Putem la\u017enih profila objavljivao fotografije djevojke i snimke eksplicitnog sadr\u017eaja\",\"datePublished\":\"2021-08-19T19:32:36+00:00\",\"dateModified\":\"2021-08-19T19:32:37+00:00\",\"mainEntityOfPage\":{\"@id\":\"https:\\\/\\\/radioljubuski.ba\\\/index.php\\\/2021\\\/08\\\/19\\\/putem-laznih-profila-objavljivao-fotografije-djevojke-i-snimke-eksplicitnog-sadrzaja\\\/\"},\"wordCount\":205,\"publisher\":{\"@id\":\"https:\\\/\\\/radioljubuski.ba\\\/#organization\"},\"image\":{\"@id\":\"https:\\\/\\\/radioljubuski.ba\\\/index.php\\\/2021\\\/08\\\/19\\\/putem-laznih-profila-objavljivao-fotografije-djevojke-i-snimke-eksplicitnog-sadrzaja\\\/#primaryimage\"},\"thumbnailUrl\":\"https:\\\/\\\/radioljubuski.ba\\\/wp-content\\\/uploads\\\/2021\\\/08\\\/2-2021-08-19-13-28-21-ucjena.jpg\",\"articleSection\":[\"BIH i regija\"],\"inLanguage\":\"hr\"},{\"@type\":\"WebPage\",\"@id\":\"https:\\\/\\\/radioljubuski.ba\\\/index.php\\\/2021\\\/08\\\/19\\\/putem-laznih-profila-objavljivao-fotografije-djevojke-i-snimke-eksplicitnog-sadrzaja\\\/\",\"url\":\"https:\\\/\\\/radioljubuski.ba\\\/index.php\\\/2021\\\/08\\\/19\\\/putem-laznih-profila-objavljivao-fotografije-djevojke-i-snimke-eksplicitnog-sadrzaja\\\/\",\"name\":\"Putem la\u017enih profila objavljivao fotografije djevojke i snimke eksplicitnog sadr\u017eaja - RADIO LJUBU\u0160KI\",\"isPartOf\":{\"@id\":\"https:\\\/\\\/radioljubuski.ba\\\/#website\"},\"primaryImageOfPage\":{\"@id\":\"https:\\\/\\\/radioljubuski.ba\\\/index.php\\\/2021\\\/08\\\/19\\\/putem-laznih-profila-objavljivao-fotografije-djevojke-i-snimke-eksplicitnog-sadrzaja\\\/#primaryimage\"},\"image\":{\"@id\":\"https:\\\/\\\/radioljubuski.ba\\\/index.php\\\/2021\\\/08\\\/19\\\/putem-laznih-profila-objavljivao-fotografije-djevojke-i-snimke-eksplicitnog-sadrzaja\\\/#primaryimage\"},\"thumbnailUrl\":\"https:\\\/\\\/radioljubuski.ba\\\/wp-content\\\/uploads\\\/2021\\\/08\\\/2-2021-08-19-13-28-21-ucjena.jpg\",\"datePublished\":\"2021-08-19T19:32:36+00:00\",\"dateModified\":\"2021-08-19T19:32:37+00:00\",\"breadcrumb\":{\"@id\":\"https:\\\/\\\/radioljubuski.ba\\\/index.php\\\/2021\\\/08\\\/19\\\/putem-laznih-profila-objavljivao-fotografije-djevojke-i-snimke-eksplicitnog-sadrzaja\\\/#breadcrumb\"},\"inLanguage\":\"hr\",\"potentialAction\":[{\"@type\":\"ReadAction\",\"target\":[\"https:\\\/\\\/radioljubuski.ba\\\/index.php\\\/2021\\\/08\\\/19\\\/putem-laznih-profila-objavljivao-fotografije-djevojke-i-snimke-eksplicitnog-sadrzaja\\\/\"]}]},{\"@type\":\"ImageObject\",\"inLanguage\":\"hr\",\"@id\":\"https:\\\/\\\/radioljubuski.ba\\\/index.php\\\/2021\\\/08\\\/19\\\/putem-laznih-profila-objavljivao-fotografije-djevojke-i-snimke-eksplicitnog-sadrzaja\\\/#primaryimage\",\"url\":\"https:\\\/\\\/radioljubuski.ba\\\/wp-content\\\/uploads\\\/2021\\\/08\\\/2-2021-08-19-13-28-21-ucjena.jpg\",\"contentUrl\":\"https:\\\/\\\/radioljubuski.ba\\\/wp-content\\\/uploads\\\/2021\\\/08\\\/2-2021-08-19-13-28-21-ucjena.jpg\",\"width\":1000,\"height\":625},{\"@type\":\"BreadcrumbList\",\"@id\":\"https:\\\/\\\/radioljubuski.ba\\\/index.php\\\/2021\\\/08\\\/19\\\/putem-laznih-profila-objavljivao-fotografije-djevojke-i-snimke-eksplicitnog-sadrzaja\\\/#breadcrumb\",\"itemListElement\":[{\"@type\":\"ListItem\",\"position\":1,\"name\":\"Po\u010detna stranica\",\"item\":\"https:\\\/\\\/radioljubuski.ba\\\/\"},{\"@type\":\"ListItem\",\"position\":2,\"name\":\"Putem la\u017enih profila objavljivao fotografije djevojke i snimke eksplicitnog sadr\u017eaja\"}]},{\"@type\":\"WebSite\",\"@id\":\"https:\\\/\\\/radioljubuski.ba\\\/#website\",\"url\":\"https:\\\/\\\/radioljubuski.ba\\\/\",\"name\":\"Radio Ljubu\u0161ki\",\"description\":\"Sun\u010dana frekvencija Hercegovine\",\"publisher\":{\"@id\":\"https:\\\/\\\/radioljubuski.ba\\\/#organization\"},\"potentialAction\":[{\"@type\":\"SearchAction\",\"target\":{\"@type\":\"EntryPoint\",\"urlTemplate\":\"https:\\\/\\\/radioljubuski.ba\\\/?s={search_term_string}\"},\"query-input\":{\"@type\":\"PropertyValueSpecification\",\"valueRequired\":true,\"valueName\":\"search_term_string\"}}],\"inLanguage\":\"hr\"},{\"@type\":\"Organization\",\"@id\":\"https:\\\/\\\/radioljubuski.ba\\\/#organization\",\"name\":\"Radio Ljubu\u0161ki\",\"url\":\"https:\\\/\\\/radioljubuski.ba\\\/\",\"logo\":{\"@type\":\"ImageObject\",\"inLanguage\":\"hr\",\"@id\":\"https:\\\/\\\/radioljubuski.ba\\\/#\\\/schema\\\/logo\\\/image\\\/\",\"url\":\"https:\\\/\\\/radioljubuski.ba\\\/wp-content\\\/uploads\\\/2021\\\/02\\\/cropped-Radio_Ljubuski_logo1.jpg\",\"contentUrl\":\"https:\\\/\\\/radioljubuski.ba\\\/wp-content\\\/uploads\\\/2021\\\/02\\\/cropped-Radio_Ljubuski_logo1.jpg\",\"width\":512,\"height\":512,\"caption\":\"Radio Ljubu\u0161ki\"},\"image\":{\"@id\":\"https:\\\/\\\/radioljubuski.ba\\\/#\\\/schema\\\/logo\\\/image\\\/\"},\"sameAs\":[\"https:\\\/\\\/www.facebook.com\\\/Radiio-Ljubuski-1490835324566332\",\"https:\\\/\\\/x.com\\\/radioljubuski\",\"https:\\\/\\\/hr.linkedin.com\\\/company\\\/radio-ljubuski\",\"https:\\\/\\\/www.youtube.com\\\/channel\\\/UCHYaeO_n0Db3tjNGudGpXyw\"]},{\"@type\":\"Person\",\"@id\":\"https:\\\/\\\/radioljubuski.ba\\\/#\\\/schema\\\/person\\\/19fc700381a780f69665d7956c469e3b\",\"name\":\"Radio Ljubu\u0161ki\"}]}<\/script>\n<!-- \/ Yoast SEO plugin. -->","yoast_head_json":{"title":"Putem la\u017enih profila objavljivao fotografije djevojke i snimke eksplicitnog sadr\u017eaja - RADIO LJUBU\u0160KI","robots":{"index":"index","follow":"follow","max-snippet":"max-snippet:-1","max-image-preview":"max-image-preview:large","max-video-preview":"max-video-preview:-1"},"canonical":"https:\/\/radioljubuski.ba\/index.php\/2021\/08\/19\/putem-laznih-profila-objavljivao-fotografije-djevojke-i-snimke-eksplicitnog-sadrzaja\/","og_locale":"hr_HR","og_type":"article","og_title":"Putem la\u017enih profila objavljivao fotografije djevojke i snimke eksplicitnog sadr\u017eaja - RADIO LJUBU\u0160KI","og_description":"Pripadnici Policijske uprave Trebinje li\u0161ili su slobode lice inicijala A. J. zbog sumnje da je izvr\u0161io krivi\u010dna djela \u201eSpolna ucjena\u201c i \u201eKra\u0111a\u201c. Kako je priop\u0107eno iz PU Trebinje, policijskoj postaji Trebinje je 16. kolovoza 2021. godine prijavljeno da osoba inicijala A.J. du\u017ee vremena uznemirava osobu inicijala N.H. putem dru\u0161tvenih mre\u017ea, na na\u010din da je sa [&hellip;]","og_url":"https:\/\/radioljubuski.ba\/index.php\/2021\/08\/19\/putem-laznih-profila-objavljivao-fotografije-djevojke-i-snimke-eksplicitnog-sadrzaja\/","og_site_name":"RADIO LJUBU\u0160KI","article_publisher":"https:\/\/www.facebook.com\/Radiio-Ljubuski-1490835324566332","article_published_time":"2021-08-19T19:32:36+00:00","article_modified_time":"2021-08-19T19:32:37+00:00","og_image":[{"width":1000,"height":625,"url":"https:\/\/radioljubuski.ba\/wp-content\/uploads\/2021\/08\/2-2021-08-19-13-28-21-ucjena.jpg","type":"image\/jpeg"}],"author":"Radio Ljubu\u0161ki","twitter_card":"summary_large_image","twitter_creator":"@radioljubuski","twitter_site":"@radioljubuski","twitter_misc":{"Napisao\/la":"Radio Ljubu\u0161ki","Procijenjeno vrijeme \u010ditanja":"1 minuta"},"schema":{"@context":"https:\/\/schema.org","@graph":[{"@type":"Article","@id":"https:\/\/radioljubuski.ba\/index.php\/2021\/08\/19\/putem-laznih-profila-objavljivao-fotografije-djevojke-i-snimke-eksplicitnog-sadrzaja\/#article","isPartOf":{"@id":"https:\/\/radioljubuski.ba\/index.php\/2021\/08\/19\/putem-laznih-profila-objavljivao-fotografije-djevojke-i-snimke-eksplicitnog-sadrzaja\/"},"author":{"name":"Radio Ljubu\u0161ki","@id":"https:\/\/radioljubuski.ba\/#\/schema\/person\/19fc700381a780f69665d7956c469e3b"},"headline":"Putem la\u017enih profila objavljivao fotografije djevojke i snimke eksplicitnog sadr\u017eaja","datePublished":"2021-08-19T19:32:36+00:00","dateModified":"2021-08-19T19:32:37+00:00","mainEntityOfPage":{"@id":"https:\/\/radioljubuski.ba\/index.php\/2021\/08\/19\/putem-laznih-profila-objavljivao-fotografije-djevojke-i-snimke-eksplicitnog-sadrzaja\/"},"wordCount":205,"publisher":{"@id":"https:\/\/radioljubuski.ba\/#organization"},"image":{"@id":"https:\/\/radioljubuski.ba\/index.php\/2021\/08\/19\/putem-laznih-profila-objavljivao-fotografije-djevojke-i-snimke-eksplicitnog-sadrzaja\/#primaryimage"},"thumbnailUrl":"https:\/\/radioljubuski.ba\/wp-content\/uploads\/2021\/08\/2-2021-08-19-13-28-21-ucjena.jpg","articleSection":["BIH i regija"],"inLanguage":"hr"},{"@type":"WebPage","@id":"https:\/\/radioljubuski.ba\/index.php\/2021\/08\/19\/putem-laznih-profila-objavljivao-fotografije-djevojke-i-snimke-eksplicitnog-sadrzaja\/","url":"https:\/\/radioljubuski.ba\/index.php\/2021\/08\/19\/putem-laznih-profila-objavljivao-fotografije-djevojke-i-snimke-eksplicitnog-sadrzaja\/","name":"Putem la\u017enih profila objavljivao fotografije djevojke i snimke eksplicitnog sadr\u017eaja - RADIO LJUBU\u0160KI","isPartOf":{"@id":"https:\/\/radioljubuski.ba\/#website"},"primaryImageOfPage":{"@id":"https:\/\/radioljubuski.ba\/index.php\/2021\/08\/19\/putem-laznih-profila-objavljivao-fotografije-djevojke-i-snimke-eksplicitnog-sadrzaja\/#primaryimage"},"image":{"@id":"https:\/\/radioljubuski.ba\/index.php\/2021\/08\/19\/putem-laznih-profila-objavljivao-fotografije-djevojke-i-snimke-eksplicitnog-sadrzaja\/#primaryimage"},"thumbnailUrl":"https:\/\/radioljubuski.ba\/wp-content\/uploads\/2021\/08\/2-2021-08-19-13-28-21-ucjena.jpg","datePublished":"2021-08-19T19:32:36+00:00","dateModified":"2021-08-19T19:32:37+00:00","breadcrumb":{"@id":"https:\/\/radioljubuski.ba\/index.php\/2021\/08\/19\/putem-laznih-profila-objavljivao-fotografije-djevojke-i-snimke-eksplicitnog-sadrzaja\/#breadcrumb"},"inLanguage":"hr","potentialAction":[{"@type":"ReadAction","target":["https:\/\/radioljubuski.ba\/index.php\/2021\/08\/19\/putem-laznih-profila-objavljivao-fotografije-djevojke-i-snimke-eksplicitnog-sadrzaja\/"]}]},{"@type":"ImageObject","inLanguage":"hr","@id":"https:\/\/radioljubuski.ba\/index.php\/2021\/08\/19\/putem-laznih-profila-objavljivao-fotografije-djevojke-i-snimke-eksplicitnog-sadrzaja\/#primaryimage","url":"https:\/\/radioljubuski.ba\/wp-content\/uploads\/2021\/08\/2-2021-08-19-13-28-21-ucjena.jpg","contentUrl":"https:\/\/radioljubuski.ba\/wp-content\/uploads\/2021\/08\/2-2021-08-19-13-28-21-ucjena.jpg","width":1000,"height":625},{"@type":"BreadcrumbList","@id":"https:\/\/radioljubuski.ba\/index.php\/2021\/08\/19\/putem-laznih-profila-objavljivao-fotografije-djevojke-i-snimke-eksplicitnog-sadrzaja\/#breadcrumb","itemListElement":[{"@type":"ListItem","position":1,"name":"Po\u010detna stranica","item":"https:\/\/radioljubuski.ba\/"},{"@type":"ListItem","position":2,"name":"Putem la\u017enih profila objavljivao fotografije djevojke i snimke eksplicitnog sadr\u017eaja"}]},{"@type":"WebSite","@id":"https:\/\/radioljubuski.ba\/#website","url":"https:\/\/radioljubuski.ba\/","name":"Radio Ljubu\u0161ki","description":"Sun\u010dana frekvencija Hercegovine","publisher":{"@id":"https:\/\/radioljubuski.ba\/#organization"},"potentialAction":[{"@type":"SearchAction","target":{"@type":"EntryPoint","urlTemplate":"https:\/\/radioljubuski.ba\/?s={search_term_string}"},"query-input":{"@type":"PropertyValueSpecification","valueRequired":true,"valueName":"search_term_string"}}],"inLanguage":"hr"},{"@type":"Organization","@id":"https:\/\/radioljubuski.ba\/#organization","name":"Radio Ljubu\u0161ki","url":"https:\/\/radioljubuski.ba\/","logo":{"@type":"ImageObject","inLanguage":"hr","@id":"https:\/\/radioljubuski.ba\/#\/schema\/logo\/image\/","url":"https:\/\/radioljubuski.ba\/wp-content\/uploads\/2021\/02\/cropped-Radio_Ljubuski_logo1.jpg","contentUrl":"https:\/\/radioljubuski.ba\/wp-content\/uploads\/2021\/02\/cropped-Radio_Ljubuski_logo1.jpg","width":512,"height":512,"caption":"Radio Ljubu\u0161ki"},"image":{"@id":"https:\/\/radioljubuski.ba\/#\/schema\/logo\/image\/"},"sameAs":["https:\/\/www.facebook.com\/Radiio-Ljubuski-1490835324566332","https:\/\/x.com\/radioljubuski","https:\/\/hr.linkedin.com\/company\/radio-ljubuski","https:\/\/www.youtube.com\/channel\/UCHYaeO_n0Db3tjNGudGpXyw"]},{"@type":"Person","@id":"https:\/\/radioljubuski.ba\/#\/schema\/person\/19fc700381a780f69665d7956c469e3b","name":"Radio Ljubu\u0161ki"}]}},"_links":{"self":[{"href":"https:\/\/radioljubuski.ba\/index.php\/wp-json\/wp\/v2\/posts\/55114","targetHints":{"allow":["GET"]}}],"collection":[{"href":"https:\/\/radioljubuski.ba\/index.php\/wp-json\/wp\/v2\/posts"}],"about":[{"href":"https:\/\/radioljubuski.ba\/index.php\/wp-json\/wp\/v2\/types\/post"}],"author":[{"embeddable":true,"href":"https:\/\/radioljubuski.ba\/index.php\/wp-json\/wp\/v2\/users\/2"}],"replies":[{"embeddable":true,"href":"https:\/\/radioljubuski.ba\/index.php\/wp-json\/wp\/v2\/comments?post=55114"}],"version-history":[{"count":1,"href":"https:\/\/radioljubuski.ba\/index.php\/wp-json\/wp\/v2\/posts\/55114\/revisions"}],"predecessor-version":[{"id":55116,"href":"https:\/\/radioljubuski.ba\/index.php\/wp-json\/wp\/v2\/posts\/55114\/revisions\/55116"}],"wp:featuredmedia":[{"embeddable":true,"href":"https:\/\/radioljubuski.ba\/index.php\/wp-json\/wp\/v2\/media\/55115"}],"wp:attachment":[{"href":"https:\/\/radioljubuski.ba\/index.php\/wp-json\/wp\/v2\/media?parent=55114"}],"wp:term":[{"taxonomy":"category","embeddable":true,"href":"https:\/\/radioljubuski.ba\/index.php\/wp-json\/wp\/v2\/categories?post=55114"},{"taxonomy":"post_tag","embeddable":true,"href":"https:\/\/radioljubuski.ba\/index.php\/wp-json\/wp\/v2\/tags?post=55114"}],"curies":[{"name":"wp","href":"https:\/\/api.w.org\/{rel}","templated":true}]}}