{"id":55169,"date":"2021-08-19T21:39:23","date_gmt":"2021-08-19T20:39:23","guid":{"rendered":"https:\/\/radioljubuski.ba\/?p=55169"},"modified":"2021-08-19T21:39:25","modified_gmt":"2021-08-19T20:39:25","slug":"bih-ga-trazi-zbog-ratnih-zlocina-a-u-srbiji-je-ugledni-lijecnik-pogledajte-kako-je-nasrnuo-na-novinare","status":"publish","type":"post","link":"https:\/\/radioljubuski.ba\/index.php\/2021\/08\/19\/bih-ga-trazi-zbog-ratnih-zlocina-a-u-srbiji-je-ugledni-lijecnik-pogledajte-kako-je-nasrnuo-na-novinare\/","title":{"rendered":"BiH ga tra\u017ei zbog ratnih zlo\u010dina, a u Srbiji je ugledni lije\u010dnik: Pogledajte kako je nasrnuo na novinare"},"content":{"rendered":"\n<p>Prema navodima optu\u017enice, Kornja\u010da je optu\u017een da je \u201cu razdoblju od sredine travnja do kraja lipnja juna 1992. godine na podru\u010dju op\u0107ine \u010cajni\u010de, kao predsjednik Kriznog \u0161taba, a kasnije zapovjednik ratnog sto\u017eera Srpske op\u0107ine \u010cajni\u010de te predsjednik Skup\u0161tine op\u0107ine i ministar obrane u Vladi Srpskog autonomnog teritorija Hercegovina, kao sudionik udru\u017eenog zlo\u010dina\u010dkog pothvata, planirao i naredio progon nesrpskog stanovni\u0161tva iz op\u0107ine \u010cajni\u010de\u201d.<\/p>\n\n\n\n<p>Ratni zapovjednik op\u0107ine \u010cajni\u010de&nbsp;Du\u0161ko Kornja\u010da,&nbsp;za kojim je raspisana Interpolova tjeralica zbog zlo\u010dina protiv \u010dovje\u010dnosti, godinama \u017eivi i radi u Novom Sadu.&nbsp;<a href=\"https:\/\/istraga.ba\/video-pronasli-smo-odbjeglog-optuzenika-za-ratne-zlocine-duska-kornjacu-ratni-gospodar-cajnica-slobodno-zivi-u-novom-sadu-i-novinarima-razbija-telefone\/\" target=\"_blank\" rel=\"noreferrer noopener\">Ekipa portala Istraga<\/a>, O kanala i sarajevskog Oslobo\u0111enja u srijedu ga je prona\u0161la u Tekelijinoj ulici, gde \u017eivi s obitelji.<\/p>\n\n\n\n<p>Na internetskim stranicama Suda BiH za Kornja\u010du pi\u0161e da je &#8216;nedostupan pravosudnim tijelima&#8217;.<\/p>\n\n\n\n<p>Kada je shvatio za\u0161to su novinar pozvonili na njegova vrata, Kornja\u010da je oteo i razbio telefon novinaru te nasrnuo na njega dr\u0161kom od metle, guraju\u0107i ga i vi\u010du\u0107i \u201cmar\u0161 iz moje ku\u0107e\u201d.<\/p>\n\n\n\n<p>Prema rije\u010dima novinara&nbsp;Avda Avdi\u0107a, ve\u0107i incident sprije\u010dio je mla\u0111i mu\u0161karac koji je iza\u0161ao iz Kornja\u010dinog stana, vratio novinaru razbijeni telefon i ispri\u010dao se zbog neugodne situacije. Ipak, Avdi\u0107 je uspio sa\u010duvati videozapis na kojemu se jasno vidi da je \u010dovjek koji mu je otvorio vrata isti onaj lije\u010dnik Du\u0161ko Kornja\u010da protiv kojega je Sud BiH 2015. potvrdio optu\u017enicu za zlo\u010dine protiv \u010dovje\u010dnosti u op\u0107ini \u010cajni\u010de, po\u010dinjene tijekom 1992. godine.<\/p>\n\n\n\n<p>&#8211; Javna je tajna da je Kornja\u010da u Novom Sadu i da se \u010dak niti ne krije, ve\u0107 normalno radi i \u017eivi. Priznajem da nisam o\u010dekivao ovakvu reakciju, ali ona najbolje govori o njegovu karakteru, izjavio je Avdi\u0107 za portal\u00a0<a href=\"https:\/\/nova.rs\/vesti\/hronika\/u-bih-optuzen-za-ratni-zlocin-u-novom-sadu-ugledan-lekar-video\/\" target=\"_blank\" rel=\"noreferrer noopener\">Nova.rs<\/a>. On je podsjetio da Srbija i Bosna i Hercegovina imaju sporazum o izru\u010divanju svojih dr\u017eavljana, ali da se on pau\u0161alno po\u0161tuje.<\/p>\n\n\n\n<iframe loading=\"lazy\" title=\"ODBJEGLI ZLO\u010cINAC DU\u0160KO KORNJA\u010cA NAPADA NOVINARA\" width=\"640\" height=\"360\" src=\"https:\/\/www.youtube.com\/embed\/d2IRISJUz_M?feature=oembed\" frameborder=\"0\" allow=\"accelerometer; autoplay; clipboard-write; encrypted-media; gyroscope; picture-in-picture; web-share\" referrerpolicy=\"strict-origin-when-cross-origin\" allowfullscreen><\/iframe>\n\n\n\n<p>&#8211; Nedavno je Srbija izru\u010dila Bosni i Hercegovini svog dr\u017eavljanina, kriminalca&nbsp;Darka Eleza, \u0161to je dokaz da se ovaj sporazum po\u0161tuje, ali kada postoji politi\u010dka volja. U slu\u010daju ratnih zlo\u010dinaca, on izgleda ne vrijedi, ka\u017ee Avdi\u0107.<\/p>\n\n\n\n<p>Prema navodima optu\u017enice, Kornja\u010da je optu\u017een da je \u201cu razdoblju od sredine travnja do kraja lipnja juna 1992. godine na podru\u010dju op\u0107ine \u010cajni\u010de, kao predsjednik Kriznog \u0161taba, a kasnije zapovjednik ratnog sto\u017eera Srpske op\u0107ine \u010cajni\u010de te predsjednik Skup\u0161tine op\u0107ine i ministar obrane u Vladi Srpskog autonomnog teritorija Hercegovina, kao sudionik udru\u017eenog zlo\u010dina\u010dkog pothvata, planirao i naredio progon nesrpskog stanovni\u0161tva iz op\u0107ine \u010cajni\u010de\u201d.<\/p>\n\n\n\n<p>Za isto kazneno djelo Du\u0161kov brat&nbsp;Milun, biv\u0161i zapovjednik paravojne jedinice &#8220;Plavi orlovi&#8221; osu\u0111en je 2014. na pet godina zatvora. On je osu\u0111en kao \u010dlan udru\u017eenog zlo\u010dina\u010dkog pothvata na \u010dijem \u010delu je bio Krizni sto\u017eer Op\u0161tine \u010cajni\u010de, koji je imao glavnu ulogu u progonu, a na \u010dijem je \u010delu bio upravo Du\u0161ko Kornja\u010da.<\/p>\n\n\n\n<p>U me\u0111uvremenu se Du\u0161ko Kornja\u010da zaposlio u jednoj privatnoj klinici kao specijalist gastroentorologije, a pro\u0161le godine je \u010dak i gostovao u emisiji na jednoj lokalnoj televiziji gdje je pri\u010dao o prednostima kvantne medicine. Tijekom 2017. godne je \u010dak bio zaposlen kao internist u Od\u017eacima, a njegovo radno mjesto je financirala lokalna samouprava, kao osniva\u010d Doma zdravlja.<\/p>\n\n\n\n<p>U Lova\u010dkom domu Mostine kod \u010cajni\u010da, 1992. godine je ubijeno vi\u0161e od 40 muslimanskih civila. Posmrtni ostaci ve\u0107ine \u017ertava nisu jo\u0161 prona\u0111eni.<\/p>\n\n\n\n<p>Dnevnik.ba<\/p>\n","protected":false},"excerpt":{"rendered":"<p>Prema navodima optu\u017enice, Kornja\u010da je optu\u017een da je \u201cu razdoblju od sredine travnja do kraja lipnja juna 1992. godine na podru\u010dju op\u0107ine \u010cajni\u010de, kao predsjednik Kriznog \u0161taba, a kasnije zapovjednik ratnog sto\u017eera Srpske op\u0107ine \u010cajni\u010de te predsjednik Skup\u0161tine op\u0107ine i ministar obrane u Vladi Srpskog autonomnog teritorija Hercegovina, kao sudionik udru\u017eenog zlo\u010dina\u010dkog pothvata, planirao i [&hellip;]<\/p>\n","protected":false},"author":2,"featured_media":55170,"comment_status":"closed","ping_status":"closed","sticky":false,"template":"","format":"standard","meta":{"h5ap_radio_sources":[],"footnotes":""},"categories":[1],"tags":[],"class_list":["post-55169","post","type-post","status-publish","format-standard","has-post-thumbnail","hentry","category-bihiregija"],"yoast_head":"<!-- This site is optimized with the Yoast SEO plugin v27.5 - https:\/\/yoast.com\/product\/yoast-seo-wordpress\/ -->\n<title>BiH ga tra\u017ei zbog ratnih zlo\u010dina, a u Srbiji je ugledni lije\u010dnik: Pogledajte kako je nasrnuo na novinare - RADIO LJUBU\u0160KI<\/title>\n<meta name=\"robots\" content=\"index, follow, max-snippet:-1, max-image-preview:large, max-video-preview:-1\" \/>\n<link rel=\"canonical\" href=\"https:\/\/radioljubuski.ba\/index.php\/2021\/08\/19\/bih-ga-trazi-zbog-ratnih-zlocina-a-u-srbiji-je-ugledni-lijecnik-pogledajte-kako-je-nasrnuo-na-novinare\/\" \/>\n<meta property=\"og:locale\" content=\"hr_HR\" \/>\n<meta property=\"og:type\" content=\"article\" \/>\n<meta property=\"og:title\" content=\"BiH ga tra\u017ei zbog ratnih zlo\u010dina, a u Srbiji je ugledni lije\u010dnik: Pogledajte kako je nasrnuo na novinare - RADIO LJUBU\u0160KI\" \/>\n<meta property=\"og:description\" content=\"Prema navodima optu\u017enice, Kornja\u010da je optu\u017een da je \u201cu razdoblju od sredine travnja do kraja lipnja juna 1992. godine na podru\u010dju op\u0107ine \u010cajni\u010de, kao predsjednik Kriznog \u0161taba, a kasnije zapovjednik ratnog sto\u017eera Srpske op\u0107ine \u010cajni\u010de te predsjednik Skup\u0161tine op\u0107ine i ministar obrane u Vladi Srpskog autonomnog teritorija Hercegovina, kao sudionik udru\u017eenog zlo\u010dina\u010dkog pothvata, planirao i [&hellip;]\" \/>\n<meta property=\"og:url\" content=\"https:\/\/radioljubuski.ba\/index.php\/2021\/08\/19\/bih-ga-trazi-zbog-ratnih-zlocina-a-u-srbiji-je-ugledni-lijecnik-pogledajte-kako-je-nasrnuo-na-novinare\/\" \/>\n<meta property=\"og:site_name\" content=\"RADIO LJUBU\u0160KI\" \/>\n<meta property=\"article:publisher\" content=\"https:\/\/www.facebook.com\/Radiio-Ljubuski-1490835324566332\" \/>\n<meta property=\"article:published_time\" content=\"2021-08-19T20:39:23+00:00\" \/>\n<meta property=\"article:modified_time\" content=\"2021-08-19T20:39:25+00:00\" \/>\n<meta property=\"og:image\" content=\"https:\/\/radioljubuski.ba\/wp-content\/uploads\/2021\/08\/dusko_kornjaca.jpg\" \/>\n\t<meta property=\"og:image:width\" content=\"840\" \/>\n\t<meta property=\"og:image:height\" content=\"470\" \/>\n\t<meta property=\"og:image:type\" content=\"image\/jpeg\" \/>\n<meta name=\"author\" content=\"Radio Ljubu\u0161ki\" \/>\n<meta name=\"twitter:card\" content=\"summary_large_image\" \/>\n<meta name=\"twitter:creator\" content=\"@radioljubuski\" \/>\n<meta name=\"twitter:site\" content=\"@radioljubuski\" \/>\n<meta name=\"twitter:label1\" content=\"Napisao\/la\" \/>\n\t<meta name=\"twitter:data1\" content=\"Radio Ljubu\u0161ki\" \/>\n\t<meta name=\"twitter:label2\" content=\"Procijenjeno vrijeme \u010ditanja\" \/>\n\t<meta name=\"twitter:data2\" content=\"3 minute\" \/>\n<script type=\"application\/ld+json\" class=\"yoast-schema-graph\">{\"@context\":\"https:\\\/\\\/schema.org\",\"@graph\":[{\"@type\":\"Article\",\"@id\":\"https:\\\/\\\/radioljubuski.ba\\\/index.php\\\/2021\\\/08\\\/19\\\/bih-ga-trazi-zbog-ratnih-zlocina-a-u-srbiji-je-ugledni-lijecnik-pogledajte-kako-je-nasrnuo-na-novinare\\\/#article\",\"isPartOf\":{\"@id\":\"https:\\\/\\\/radioljubuski.ba\\\/index.php\\\/2021\\\/08\\\/19\\\/bih-ga-trazi-zbog-ratnih-zlocina-a-u-srbiji-je-ugledni-lijecnik-pogledajte-kako-je-nasrnuo-na-novinare\\\/\"},\"author\":{\"name\":\"Radio Ljubu\u0161ki\",\"@id\":\"https:\\\/\\\/radioljubuski.ba\\\/#\\\/schema\\\/person\\\/19fc700381a780f69665d7956c469e3b\"},\"headline\":\"BiH ga tra\u017ei zbog ratnih zlo\u010dina, a u Srbiji je ugledni lije\u010dnik: Pogledajte kako je nasrnuo na novinare\",\"datePublished\":\"2021-08-19T20:39:23+00:00\",\"dateModified\":\"2021-08-19T20:39:25+00:00\",\"mainEntityOfPage\":{\"@id\":\"https:\\\/\\\/radioljubuski.ba\\\/index.php\\\/2021\\\/08\\\/19\\\/bih-ga-trazi-zbog-ratnih-zlocina-a-u-srbiji-je-ugledni-lijecnik-pogledajte-kako-je-nasrnuo-na-novinare\\\/\"},\"wordCount\":648,\"publisher\":{\"@id\":\"https:\\\/\\\/radioljubuski.ba\\\/#organization\"},\"image\":{\"@id\":\"https:\\\/\\\/radioljubuski.ba\\\/index.php\\\/2021\\\/08\\\/19\\\/bih-ga-trazi-zbog-ratnih-zlocina-a-u-srbiji-je-ugledni-lijecnik-pogledajte-kako-je-nasrnuo-na-novinare\\\/#primaryimage\"},\"thumbnailUrl\":\"https:\\\/\\\/radioljubuski.ba\\\/wp-content\\\/uploads\\\/2021\\\/08\\\/dusko_kornjaca.jpg\",\"articleSection\":[\"BIH i regija\"],\"inLanguage\":\"hr\"},{\"@type\":\"WebPage\",\"@id\":\"https:\\\/\\\/radioljubuski.ba\\\/index.php\\\/2021\\\/08\\\/19\\\/bih-ga-trazi-zbog-ratnih-zlocina-a-u-srbiji-je-ugledni-lijecnik-pogledajte-kako-je-nasrnuo-na-novinare\\\/\",\"url\":\"https:\\\/\\\/radioljubuski.ba\\\/index.php\\\/2021\\\/08\\\/19\\\/bih-ga-trazi-zbog-ratnih-zlocina-a-u-srbiji-je-ugledni-lijecnik-pogledajte-kako-je-nasrnuo-na-novinare\\\/\",\"name\":\"BiH ga tra\u017ei zbog ratnih zlo\u010dina, a u Srbiji je ugledni lije\u010dnik: Pogledajte kako je nasrnuo na novinare - RADIO LJUBU\u0160KI\",\"isPartOf\":{\"@id\":\"https:\\\/\\\/radioljubuski.ba\\\/#website\"},\"primaryImageOfPage\":{\"@id\":\"https:\\\/\\\/radioljubuski.ba\\\/index.php\\\/2021\\\/08\\\/19\\\/bih-ga-trazi-zbog-ratnih-zlocina-a-u-srbiji-je-ugledni-lijecnik-pogledajte-kako-je-nasrnuo-na-novinare\\\/#primaryimage\"},\"image\":{\"@id\":\"https:\\\/\\\/radioljubuski.ba\\\/index.php\\\/2021\\\/08\\\/19\\\/bih-ga-trazi-zbog-ratnih-zlocina-a-u-srbiji-je-ugledni-lijecnik-pogledajte-kako-je-nasrnuo-na-novinare\\\/#primaryimage\"},\"thumbnailUrl\":\"https:\\\/\\\/radioljubuski.ba\\\/wp-content\\\/uploads\\\/2021\\\/08\\\/dusko_kornjaca.jpg\",\"datePublished\":\"2021-08-19T20:39:23+00:00\",\"dateModified\":\"2021-08-19T20:39:25+00:00\",\"breadcrumb\":{\"@id\":\"https:\\\/\\\/radioljubuski.ba\\\/index.php\\\/2021\\\/08\\\/19\\\/bih-ga-trazi-zbog-ratnih-zlocina-a-u-srbiji-je-ugledni-lijecnik-pogledajte-kako-je-nasrnuo-na-novinare\\\/#breadcrumb\"},\"inLanguage\":\"hr\",\"potentialAction\":[{\"@type\":\"ReadAction\",\"target\":[\"https:\\\/\\\/radioljubuski.ba\\\/index.php\\\/2021\\\/08\\\/19\\\/bih-ga-trazi-zbog-ratnih-zlocina-a-u-srbiji-je-ugledni-lijecnik-pogledajte-kako-je-nasrnuo-na-novinare\\\/\"]}]},{\"@type\":\"ImageObject\",\"inLanguage\":\"hr\",\"@id\":\"https:\\\/\\\/radioljubuski.ba\\\/index.php\\\/2021\\\/08\\\/19\\\/bih-ga-trazi-zbog-ratnih-zlocina-a-u-srbiji-je-ugledni-lijecnik-pogledajte-kako-je-nasrnuo-na-novinare\\\/#primaryimage\",\"url\":\"https:\\\/\\\/radioljubuski.ba\\\/wp-content\\\/uploads\\\/2021\\\/08\\\/dusko_kornjaca.jpg\",\"contentUrl\":\"https:\\\/\\\/radioljubuski.ba\\\/wp-content\\\/uploads\\\/2021\\\/08\\\/dusko_kornjaca.jpg\",\"width\":840,\"height\":470},{\"@type\":\"BreadcrumbList\",\"@id\":\"https:\\\/\\\/radioljubuski.ba\\\/index.php\\\/2021\\\/08\\\/19\\\/bih-ga-trazi-zbog-ratnih-zlocina-a-u-srbiji-je-ugledni-lijecnik-pogledajte-kako-je-nasrnuo-na-novinare\\\/#breadcrumb\",\"itemListElement\":[{\"@type\":\"ListItem\",\"position\":1,\"name\":\"Po\u010detna stranica\",\"item\":\"https:\\\/\\\/radioljubuski.ba\\\/\"},{\"@type\":\"ListItem\",\"position\":2,\"name\":\"BiH ga tra\u017ei zbog ratnih zlo\u010dina, a u Srbiji je ugledni lije\u010dnik: Pogledajte kako je nasrnuo na novinare\"}]},{\"@type\":\"WebSite\",\"@id\":\"https:\\\/\\\/radioljubuski.ba\\\/#website\",\"url\":\"https:\\\/\\\/radioljubuski.ba\\\/\",\"name\":\"Radio Ljubu\u0161ki\",\"description\":\"Sun\u010dana frekvencija Hercegovine\",\"publisher\":{\"@id\":\"https:\\\/\\\/radioljubuski.ba\\\/#organization\"},\"potentialAction\":[{\"@type\":\"SearchAction\",\"target\":{\"@type\":\"EntryPoint\",\"urlTemplate\":\"https:\\\/\\\/radioljubuski.ba\\\/?s={search_term_string}\"},\"query-input\":{\"@type\":\"PropertyValueSpecification\",\"valueRequired\":true,\"valueName\":\"search_term_string\"}}],\"inLanguage\":\"hr\"},{\"@type\":\"Organization\",\"@id\":\"https:\\\/\\\/radioljubuski.ba\\\/#organization\",\"name\":\"Radio Ljubu\u0161ki\",\"url\":\"https:\\\/\\\/radioljubuski.ba\\\/\",\"logo\":{\"@type\":\"ImageObject\",\"inLanguage\":\"hr\",\"@id\":\"https:\\\/\\\/radioljubuski.ba\\\/#\\\/schema\\\/logo\\\/image\\\/\",\"url\":\"https:\\\/\\\/radioljubuski.ba\\\/wp-content\\\/uploads\\\/2021\\\/02\\\/cropped-Radio_Ljubuski_logo1.jpg\",\"contentUrl\":\"https:\\\/\\\/radioljubuski.ba\\\/wp-content\\\/uploads\\\/2021\\\/02\\\/cropped-Radio_Ljubuski_logo1.jpg\",\"width\":512,\"height\":512,\"caption\":\"Radio Ljubu\u0161ki\"},\"image\":{\"@id\":\"https:\\\/\\\/radioljubuski.ba\\\/#\\\/schema\\\/logo\\\/image\\\/\"},\"sameAs\":[\"https:\\\/\\\/www.facebook.com\\\/Radiio-Ljubuski-1490835324566332\",\"https:\\\/\\\/x.com\\\/radioljubuski\",\"https:\\\/\\\/hr.linkedin.com\\\/company\\\/radio-ljubuski\",\"https:\\\/\\\/www.youtube.com\\\/channel\\\/UCHYaeO_n0Db3tjNGudGpXyw\"]},{\"@type\":\"Person\",\"@id\":\"https:\\\/\\\/radioljubuski.ba\\\/#\\\/schema\\\/person\\\/19fc700381a780f69665d7956c469e3b\",\"name\":\"Radio Ljubu\u0161ki\"}]}<\/script>\n<!-- \/ Yoast SEO plugin. -->","yoast_head_json":{"title":"BiH ga tra\u017ei zbog ratnih zlo\u010dina, a u Srbiji je ugledni lije\u010dnik: Pogledajte kako je nasrnuo na novinare - RADIO LJUBU\u0160KI","robots":{"index":"index","follow":"follow","max-snippet":"max-snippet:-1","max-image-preview":"max-image-preview:large","max-video-preview":"max-video-preview:-1"},"canonical":"https:\/\/radioljubuski.ba\/index.php\/2021\/08\/19\/bih-ga-trazi-zbog-ratnih-zlocina-a-u-srbiji-je-ugledni-lijecnik-pogledajte-kako-je-nasrnuo-na-novinare\/","og_locale":"hr_HR","og_type":"article","og_title":"BiH ga tra\u017ei zbog ratnih zlo\u010dina, a u Srbiji je ugledni lije\u010dnik: Pogledajte kako je nasrnuo na novinare - RADIO LJUBU\u0160KI","og_description":"Prema navodima optu\u017enice, Kornja\u010da je optu\u017een da je \u201cu razdoblju od sredine travnja do kraja lipnja juna 1992. godine na podru\u010dju op\u0107ine \u010cajni\u010de, kao predsjednik Kriznog \u0161taba, a kasnije zapovjednik ratnog sto\u017eera Srpske op\u0107ine \u010cajni\u010de te predsjednik Skup\u0161tine op\u0107ine i ministar obrane u Vladi Srpskog autonomnog teritorija Hercegovina, kao sudionik udru\u017eenog zlo\u010dina\u010dkog pothvata, planirao i [&hellip;]","og_url":"https:\/\/radioljubuski.ba\/index.php\/2021\/08\/19\/bih-ga-trazi-zbog-ratnih-zlocina-a-u-srbiji-je-ugledni-lijecnik-pogledajte-kako-je-nasrnuo-na-novinare\/","og_site_name":"RADIO LJUBU\u0160KI","article_publisher":"https:\/\/www.facebook.com\/Radiio-Ljubuski-1490835324566332","article_published_time":"2021-08-19T20:39:23+00:00","article_modified_time":"2021-08-19T20:39:25+00:00","og_image":[{"width":840,"height":470,"url":"https:\/\/radioljubuski.ba\/wp-content\/uploads\/2021\/08\/dusko_kornjaca.jpg","type":"image\/jpeg"}],"author":"Radio Ljubu\u0161ki","twitter_card":"summary_large_image","twitter_creator":"@radioljubuski","twitter_site":"@radioljubuski","twitter_misc":{"Napisao\/la":"Radio Ljubu\u0161ki","Procijenjeno vrijeme \u010ditanja":"3 minute"},"schema":{"@context":"https:\/\/schema.org","@graph":[{"@type":"Article","@id":"https:\/\/radioljubuski.ba\/index.php\/2021\/08\/19\/bih-ga-trazi-zbog-ratnih-zlocina-a-u-srbiji-je-ugledni-lijecnik-pogledajte-kako-je-nasrnuo-na-novinare\/#article","isPartOf":{"@id":"https:\/\/radioljubuski.ba\/index.php\/2021\/08\/19\/bih-ga-trazi-zbog-ratnih-zlocina-a-u-srbiji-je-ugledni-lijecnik-pogledajte-kako-je-nasrnuo-na-novinare\/"},"author":{"name":"Radio Ljubu\u0161ki","@id":"https:\/\/radioljubuski.ba\/#\/schema\/person\/19fc700381a780f69665d7956c469e3b"},"headline":"BiH ga tra\u017ei zbog ratnih zlo\u010dina, a u Srbiji je ugledni lije\u010dnik: Pogledajte kako je nasrnuo na novinare","datePublished":"2021-08-19T20:39:23+00:00","dateModified":"2021-08-19T20:39:25+00:00","mainEntityOfPage":{"@id":"https:\/\/radioljubuski.ba\/index.php\/2021\/08\/19\/bih-ga-trazi-zbog-ratnih-zlocina-a-u-srbiji-je-ugledni-lijecnik-pogledajte-kako-je-nasrnuo-na-novinare\/"},"wordCount":648,"publisher":{"@id":"https:\/\/radioljubuski.ba\/#organization"},"image":{"@id":"https:\/\/radioljubuski.ba\/index.php\/2021\/08\/19\/bih-ga-trazi-zbog-ratnih-zlocina-a-u-srbiji-je-ugledni-lijecnik-pogledajte-kako-je-nasrnuo-na-novinare\/#primaryimage"},"thumbnailUrl":"https:\/\/radioljubuski.ba\/wp-content\/uploads\/2021\/08\/dusko_kornjaca.jpg","articleSection":["BIH i regija"],"inLanguage":"hr"},{"@type":"WebPage","@id":"https:\/\/radioljubuski.ba\/index.php\/2021\/08\/19\/bih-ga-trazi-zbog-ratnih-zlocina-a-u-srbiji-je-ugledni-lijecnik-pogledajte-kako-je-nasrnuo-na-novinare\/","url":"https:\/\/radioljubuski.ba\/index.php\/2021\/08\/19\/bih-ga-trazi-zbog-ratnih-zlocina-a-u-srbiji-je-ugledni-lijecnik-pogledajte-kako-je-nasrnuo-na-novinare\/","name":"BiH ga tra\u017ei zbog ratnih zlo\u010dina, a u Srbiji je ugledni lije\u010dnik: Pogledajte kako je nasrnuo na novinare - RADIO LJUBU\u0160KI","isPartOf":{"@id":"https:\/\/radioljubuski.ba\/#website"},"primaryImageOfPage":{"@id":"https:\/\/radioljubuski.ba\/index.php\/2021\/08\/19\/bih-ga-trazi-zbog-ratnih-zlocina-a-u-srbiji-je-ugledni-lijecnik-pogledajte-kako-je-nasrnuo-na-novinare\/#primaryimage"},"image":{"@id":"https:\/\/radioljubuski.ba\/index.php\/2021\/08\/19\/bih-ga-trazi-zbog-ratnih-zlocina-a-u-srbiji-je-ugledni-lijecnik-pogledajte-kako-je-nasrnuo-na-novinare\/#primaryimage"},"thumbnailUrl":"https:\/\/radioljubuski.ba\/wp-content\/uploads\/2021\/08\/dusko_kornjaca.jpg","datePublished":"2021-08-19T20:39:23+00:00","dateModified":"2021-08-19T20:39:25+00:00","breadcrumb":{"@id":"https:\/\/radioljubuski.ba\/index.php\/2021\/08\/19\/bih-ga-trazi-zbog-ratnih-zlocina-a-u-srbiji-je-ugledni-lijecnik-pogledajte-kako-je-nasrnuo-na-novinare\/#breadcrumb"},"inLanguage":"hr","potentialAction":[{"@type":"ReadAction","target":["https:\/\/radioljubuski.ba\/index.php\/2021\/08\/19\/bih-ga-trazi-zbog-ratnih-zlocina-a-u-srbiji-je-ugledni-lijecnik-pogledajte-kako-je-nasrnuo-na-novinare\/"]}]},{"@type":"ImageObject","inLanguage":"hr","@id":"https:\/\/radioljubuski.ba\/index.php\/2021\/08\/19\/bih-ga-trazi-zbog-ratnih-zlocina-a-u-srbiji-je-ugledni-lijecnik-pogledajte-kako-je-nasrnuo-na-novinare\/#primaryimage","url":"https:\/\/radioljubuski.ba\/wp-content\/uploads\/2021\/08\/dusko_kornjaca.jpg","contentUrl":"https:\/\/radioljubuski.ba\/wp-content\/uploads\/2021\/08\/dusko_kornjaca.jpg","width":840,"height":470},{"@type":"BreadcrumbList","@id":"https:\/\/radioljubuski.ba\/index.php\/2021\/08\/19\/bih-ga-trazi-zbog-ratnih-zlocina-a-u-srbiji-je-ugledni-lijecnik-pogledajte-kako-je-nasrnuo-na-novinare\/#breadcrumb","itemListElement":[{"@type":"ListItem","position":1,"name":"Po\u010detna stranica","item":"https:\/\/radioljubuski.ba\/"},{"@type":"ListItem","position":2,"name":"BiH ga tra\u017ei zbog ratnih zlo\u010dina, a u Srbiji je ugledni lije\u010dnik: Pogledajte kako je nasrnuo na novinare"}]},{"@type":"WebSite","@id":"https:\/\/radioljubuski.ba\/#website","url":"https:\/\/radioljubuski.ba\/","name":"Radio Ljubu\u0161ki","description":"Sun\u010dana frekvencija Hercegovine","publisher":{"@id":"https:\/\/radioljubuski.ba\/#organization"},"potentialAction":[{"@type":"SearchAction","target":{"@type":"EntryPoint","urlTemplate":"https:\/\/radioljubuski.ba\/?s={search_term_string}"},"query-input":{"@type":"PropertyValueSpecification","valueRequired":true,"valueName":"search_term_string"}}],"inLanguage":"hr"},{"@type":"Organization","@id":"https:\/\/radioljubuski.ba\/#organization","name":"Radio Ljubu\u0161ki","url":"https:\/\/radioljubuski.ba\/","logo":{"@type":"ImageObject","inLanguage":"hr","@id":"https:\/\/radioljubuski.ba\/#\/schema\/logo\/image\/","url":"https:\/\/radioljubuski.ba\/wp-content\/uploads\/2021\/02\/cropped-Radio_Ljubuski_logo1.jpg","contentUrl":"https:\/\/radioljubuski.ba\/wp-content\/uploads\/2021\/02\/cropped-Radio_Ljubuski_logo1.jpg","width":512,"height":512,"caption":"Radio Ljubu\u0161ki"},"image":{"@id":"https:\/\/radioljubuski.ba\/#\/schema\/logo\/image\/"},"sameAs":["https:\/\/www.facebook.com\/Radiio-Ljubuski-1490835324566332","https:\/\/x.com\/radioljubuski","https:\/\/hr.linkedin.com\/company\/radio-ljubuski","https:\/\/www.youtube.com\/channel\/UCHYaeO_n0Db3tjNGudGpXyw"]},{"@type":"Person","@id":"https:\/\/radioljubuski.ba\/#\/schema\/person\/19fc700381a780f69665d7956c469e3b","name":"Radio Ljubu\u0161ki"}]}},"_links":{"self":[{"href":"https:\/\/radioljubuski.ba\/index.php\/wp-json\/wp\/v2\/posts\/55169","targetHints":{"allow":["GET"]}}],"collection":[{"href":"https:\/\/radioljubuski.ba\/index.php\/wp-json\/wp\/v2\/posts"}],"about":[{"href":"https:\/\/radioljubuski.ba\/index.php\/wp-json\/wp\/v2\/types\/post"}],"author":[{"embeddable":true,"href":"https:\/\/radioljubuski.ba\/index.php\/wp-json\/wp\/v2\/users\/2"}],"replies":[{"embeddable":true,"href":"https:\/\/radioljubuski.ba\/index.php\/wp-json\/wp\/v2\/comments?post=55169"}],"version-history":[{"count":1,"href":"https:\/\/radioljubuski.ba\/index.php\/wp-json\/wp\/v2\/posts\/55169\/revisions"}],"predecessor-version":[{"id":55171,"href":"https:\/\/radioljubuski.ba\/index.php\/wp-json\/wp\/v2\/posts\/55169\/revisions\/55171"}],"wp:featuredmedia":[{"embeddable":true,"href":"https:\/\/radioljubuski.ba\/index.php\/wp-json\/wp\/v2\/media\/55170"}],"wp:attachment":[{"href":"https:\/\/radioljubuski.ba\/index.php\/wp-json\/wp\/v2\/media?parent=55169"}],"wp:term":[{"taxonomy":"category","embeddable":true,"href":"https:\/\/radioljubuski.ba\/index.php\/wp-json\/wp\/v2\/categories?post=55169"},{"taxonomy":"post_tag","embeddable":true,"href":"https:\/\/radioljubuski.ba\/index.php\/wp-json\/wp\/v2\/tags?post=55169"}],"curies":[{"name":"wp","href":"https:\/\/api.w.org\/{rel}","templated":true}]}}