{"id":55217,"date":"2021-08-19T22:21:28","date_gmt":"2021-08-19T21:21:28","guid":{"rendered":"https:\/\/radioljubuski.ba\/?p=55217"},"modified":"2021-08-19T22:21:29","modified_gmt":"2021-08-19T21:21:29","slug":"talibani-proglasili-islamski-emirat-afganistan-predstavili-zastavu-i-grb","status":"publish","type":"post","link":"https:\/\/radioljubuski.ba\/index.php\/2021\/08\/19\/talibani-proglasili-islamski-emirat-afganistan-predstavili-zastavu-i-grb\/","title":{"rendered":"Talibani proglasili \u201cIslamski Emirat Afganistan\u201d, predstavili zastavu i grb"},"content":{"rendered":"\n<p><strong>Talibani su danas slu\u017ebeno promijenili naziv Afganistana u \u201cIslamski Emirat Afganistan\u201d. Rije\u010d je o nazivu koji je nastao u vrijeme njihove vladavine od 1996. do 2001. godine.<\/strong><\/p>\n\n\n\n<p>Talibani su ovaj potez napravili na Dan neovisnosti Afganistana 19. kolovoza, a promjenu imena je potvrdio na Twitteru glasnogovornik talibana Zabihullah Mujahid i uz to prilo\u017eio fotografiju s novim izgledom grba i zastave.<\/p>\n\n\n\n<p>\u201cDeklaracija Islamskog Emirata Afganistan povodom 102. godi\u0161njice oslobo\u0111enja ove zemlje od britanske vladavine\u201d, napisao je Mujahid na Twitteru.<\/p>\n\n\n\n<p>Podsjetimo, talibani su u nedjelju preuzeli kontrolu nad Kabulom, glavnim gradom Afganistana. To se dogodilo odmah nakon \u0161to je sada ve\u0107 biv\u0161i predsjednik te zemlje Ashraf Ghani napustio Afganistan.<\/p>\n\n\n\n<blockquote class=\"twitter-tweet\"><p lang=\"ps\" dir=\"rtl\">\u0644\u0647 \u0627\u0646\u06ab\u0631\u06cc\u0632\u064a \u069a\u06a9\u06cc\u0644\u0627\u06a9 \u0646\u0647 \u062f \u0647\u06cc\u0648\u0627\u062f \u062f \u062e\u067e\u0644\u0648\u0627\u06a9\u064a \u062f \u06cc\u0648\u0633\u0644 \u0627\u0648 \u062f\u0648\u06cc\u0645\u06d0 \u06a9\u0644\u06cc\u0632\u06d0 \u067e\u0647 \u0645\u0646\u0627\u0633\u0628\u062a \u062f \u0627\u0641\u063a\u0627\u0646\u0633\u062a\u0627\u0646 \u0625\u0633\u0644\u0627\u0645\u064a \u0627\u0645\u0627\u0631\u062a \u0627\u0639\u0644\u0627\u0645\u06cc\u0647<a href=\"https:\/\/t.co\/HfZUIHnCJp\">https:\/\/t.co\/HfZUIHnCJp<\/a> <a href=\"https:\/\/t.co\/jQViMYERpW\">pic.twitter.com\/jQViMYERpW<\/a><\/p>&mdash; Zabihullah (..\u0630\u0628\u0640\u0640\u0640\u0640\u0640\u06cc\u062d \u0627\u0644\u0644\u0647 \u0645 ) (@Zabehulah_M33) <a href=\"https:\/\/twitter.com\/Zabehulah_M33\/status\/1428236041039880193?ref_src=twsrc%5Etfw\">August 19, 2021<\/a><\/blockquote> <script async src=\"https:\/\/platform.twitter.com\/widgets.js\" charset=\"utf-8\"><\/script>\n\n\n\n<p>\/HMS\/<\/p>\n","protected":false},"excerpt":{"rendered":"<p>Talibani su danas slu\u017ebeno promijenili naziv Afganistana u \u201cIslamski Emirat Afganistan\u201d. Rije\u010d je o nazivu koji je nastao u vrijeme njihove vladavine od 1996. do 2001. godine. Talibani su ovaj potez napravili na Dan neovisnosti Afganistana 19. kolovoza, a promjenu imena je potvrdio na Twitteru glasnogovornik talibana Zabihullah Mujahid i uz to prilo\u017eio fotografiju s [&hellip;]<\/p>\n","protected":false},"author":2,"featured_media":55218,"comment_status":"closed","ping_status":"closed","sticky":false,"template":"","format":"standard","meta":{"h5ap_radio_sources":[],"footnotes":""},"categories":[1],"tags":[],"class_list":["post-55217","post","type-post","status-publish","format-standard","has-post-thumbnail","hentry","category-bihiregija"],"yoast_head":"<!-- This site is optimized with the Yoast SEO plugin v27.5 - https:\/\/yoast.com\/product\/yoast-seo-wordpress\/ -->\n<title>Talibani proglasili \u201cIslamski Emirat Afganistan\u201d, predstavili zastavu i grb - RADIO LJUBU\u0160KI<\/title>\n<meta name=\"robots\" content=\"index, follow, max-snippet:-1, max-image-preview:large, max-video-preview:-1\" \/>\n<link rel=\"canonical\" href=\"https:\/\/radioljubuski.ba\/index.php\/2021\/08\/19\/talibani-proglasili-islamski-emirat-afganistan-predstavili-zastavu-i-grb\/\" \/>\n<meta property=\"og:locale\" content=\"hr_HR\" \/>\n<meta property=\"og:type\" content=\"article\" \/>\n<meta property=\"og:title\" content=\"Talibani proglasili \u201cIslamski Emirat Afganistan\u201d, predstavili zastavu i grb - RADIO LJUBU\u0160KI\" \/>\n<meta property=\"og:description\" content=\"Talibani su danas slu\u017ebeno promijenili naziv Afganistana u \u201cIslamski Emirat Afganistan\u201d. Rije\u010d je o nazivu koji je nastao u vrijeme njihove vladavine od 1996. do 2001. godine. Talibani su ovaj potez napravili na Dan neovisnosti Afganistana 19. kolovoza, a promjenu imena je potvrdio na Twitteru glasnogovornik talibana Zabihullah Mujahid i uz to prilo\u017eio fotografiju s [&hellip;]\" \/>\n<meta property=\"og:url\" content=\"https:\/\/radioljubuski.ba\/index.php\/2021\/08\/19\/talibani-proglasili-islamski-emirat-afganistan-predstavili-zastavu-i-grb\/\" \/>\n<meta property=\"og:site_name\" content=\"RADIO LJUBU\u0160KI\" \/>\n<meta property=\"article:publisher\" content=\"https:\/\/www.facebook.com\/Radiio-Ljubuski-1490835324566332\" \/>\n<meta property=\"article:published_time\" content=\"2021-08-19T21:21:28+00:00\" \/>\n<meta property=\"article:modified_time\" content=\"2021-08-19T21:21:29+00:00\" \/>\n<meta property=\"og:image\" content=\"https:\/\/radioljubuski.ba\/wp-content\/uploads\/2021\/08\/1629377388-2021-08-17T131435Z_119242782_RC217P9Z9FSS_RTRMADP_3_AFGHANISTAN-CONFLICT-DEFEAT-750x500-1.jpg\" \/>\n\t<meta property=\"og:image:width\" content=\"750\" \/>\n\t<meta property=\"og:image:height\" content=\"500\" \/>\n\t<meta property=\"og:image:type\" content=\"image\/jpeg\" \/>\n<meta name=\"author\" content=\"Radio Ljubu\u0161ki\" \/>\n<meta name=\"twitter:card\" content=\"summary_large_image\" \/>\n<meta name=\"twitter:creator\" content=\"@radioljubuski\" \/>\n<meta name=\"twitter:site\" content=\"@radioljubuski\" \/>\n<meta name=\"twitter:label1\" content=\"Napisao\/la\" \/>\n\t<meta name=\"twitter:data1\" content=\"Radio Ljubu\u0161ki\" \/>\n\t<meta name=\"twitter:label2\" content=\"Procijenjeno vrijeme \u010ditanja\" \/>\n\t<meta name=\"twitter:data2\" content=\"1 minuta\" \/>\n<script type=\"application\/ld+json\" class=\"yoast-schema-graph\">{\"@context\":\"https:\\\/\\\/schema.org\",\"@graph\":[{\"@type\":\"Article\",\"@id\":\"https:\\\/\\\/radioljubuski.ba\\\/index.php\\\/2021\\\/08\\\/19\\\/talibani-proglasili-islamski-emirat-afganistan-predstavili-zastavu-i-grb\\\/#article\",\"isPartOf\":{\"@id\":\"https:\\\/\\\/radioljubuski.ba\\\/index.php\\\/2021\\\/08\\\/19\\\/talibani-proglasili-islamski-emirat-afganistan-predstavili-zastavu-i-grb\\\/\"},\"author\":{\"name\":\"Radio Ljubu\u0161ki\",\"@id\":\"https:\\\/\\\/radioljubuski.ba\\\/#\\\/schema\\\/person\\\/19fc700381a780f69665d7956c469e3b\"},\"headline\":\"Talibani proglasili \u201cIslamski Emirat Afganistan\u201d, predstavili zastavu i grb\",\"datePublished\":\"2021-08-19T21:21:28+00:00\",\"dateModified\":\"2021-08-19T21:21:29+00:00\",\"mainEntityOfPage\":{\"@id\":\"https:\\\/\\\/radioljubuski.ba\\\/index.php\\\/2021\\\/08\\\/19\\\/talibani-proglasili-islamski-emirat-afganistan-predstavili-zastavu-i-grb\\\/\"},\"wordCount\":131,\"publisher\":{\"@id\":\"https:\\\/\\\/radioljubuski.ba\\\/#organization\"},\"image\":{\"@id\":\"https:\\\/\\\/radioljubuski.ba\\\/index.php\\\/2021\\\/08\\\/19\\\/talibani-proglasili-islamski-emirat-afganistan-predstavili-zastavu-i-grb\\\/#primaryimage\"},\"thumbnailUrl\":\"https:\\\/\\\/radioljubuski.ba\\\/wp-content\\\/uploads\\\/2021\\\/08\\\/1629377388-2021-08-17T131435Z_119242782_RC217P9Z9FSS_RTRMADP_3_AFGHANISTAN-CONFLICT-DEFEAT-750x500-1.jpg\",\"articleSection\":[\"BIH i regija\"],\"inLanguage\":\"hr\"},{\"@type\":\"WebPage\",\"@id\":\"https:\\\/\\\/radioljubuski.ba\\\/index.php\\\/2021\\\/08\\\/19\\\/talibani-proglasili-islamski-emirat-afganistan-predstavili-zastavu-i-grb\\\/\",\"url\":\"https:\\\/\\\/radioljubuski.ba\\\/index.php\\\/2021\\\/08\\\/19\\\/talibani-proglasili-islamski-emirat-afganistan-predstavili-zastavu-i-grb\\\/\",\"name\":\"Talibani proglasili \u201cIslamski Emirat Afganistan\u201d, predstavili zastavu i grb - RADIO LJUBU\u0160KI\",\"isPartOf\":{\"@id\":\"https:\\\/\\\/radioljubuski.ba\\\/#website\"},\"primaryImageOfPage\":{\"@id\":\"https:\\\/\\\/radioljubuski.ba\\\/index.php\\\/2021\\\/08\\\/19\\\/talibani-proglasili-islamski-emirat-afganistan-predstavili-zastavu-i-grb\\\/#primaryimage\"},\"image\":{\"@id\":\"https:\\\/\\\/radioljubuski.ba\\\/index.php\\\/2021\\\/08\\\/19\\\/talibani-proglasili-islamski-emirat-afganistan-predstavili-zastavu-i-grb\\\/#primaryimage\"},\"thumbnailUrl\":\"https:\\\/\\\/radioljubuski.ba\\\/wp-content\\\/uploads\\\/2021\\\/08\\\/1629377388-2021-08-17T131435Z_119242782_RC217P9Z9FSS_RTRMADP_3_AFGHANISTAN-CONFLICT-DEFEAT-750x500-1.jpg\",\"datePublished\":\"2021-08-19T21:21:28+00:00\",\"dateModified\":\"2021-08-19T21:21:29+00:00\",\"breadcrumb\":{\"@id\":\"https:\\\/\\\/radioljubuski.ba\\\/index.php\\\/2021\\\/08\\\/19\\\/talibani-proglasili-islamski-emirat-afganistan-predstavili-zastavu-i-grb\\\/#breadcrumb\"},\"inLanguage\":\"hr\",\"potentialAction\":[{\"@type\":\"ReadAction\",\"target\":[\"https:\\\/\\\/radioljubuski.ba\\\/index.php\\\/2021\\\/08\\\/19\\\/talibani-proglasili-islamski-emirat-afganistan-predstavili-zastavu-i-grb\\\/\"]}]},{\"@type\":\"ImageObject\",\"inLanguage\":\"hr\",\"@id\":\"https:\\\/\\\/radioljubuski.ba\\\/index.php\\\/2021\\\/08\\\/19\\\/talibani-proglasili-islamski-emirat-afganistan-predstavili-zastavu-i-grb\\\/#primaryimage\",\"url\":\"https:\\\/\\\/radioljubuski.ba\\\/wp-content\\\/uploads\\\/2021\\\/08\\\/1629377388-2021-08-17T131435Z_119242782_RC217P9Z9FSS_RTRMADP_3_AFGHANISTAN-CONFLICT-DEFEAT-750x500-1.jpg\",\"contentUrl\":\"https:\\\/\\\/radioljubuski.ba\\\/wp-content\\\/uploads\\\/2021\\\/08\\\/1629377388-2021-08-17T131435Z_119242782_RC217P9Z9FSS_RTRMADP_3_AFGHANISTAN-CONFLICT-DEFEAT-750x500-1.jpg\",\"width\":750,\"height\":500},{\"@type\":\"BreadcrumbList\",\"@id\":\"https:\\\/\\\/radioljubuski.ba\\\/index.php\\\/2021\\\/08\\\/19\\\/talibani-proglasili-islamski-emirat-afganistan-predstavili-zastavu-i-grb\\\/#breadcrumb\",\"itemListElement\":[{\"@type\":\"ListItem\",\"position\":1,\"name\":\"Po\u010detna stranica\",\"item\":\"https:\\\/\\\/radioljubuski.ba\\\/\"},{\"@type\":\"ListItem\",\"position\":2,\"name\":\"Talibani proglasili \u201cIslamski Emirat Afganistan\u201d, predstavili zastavu i grb\"}]},{\"@type\":\"WebSite\",\"@id\":\"https:\\\/\\\/radioljubuski.ba\\\/#website\",\"url\":\"https:\\\/\\\/radioljubuski.ba\\\/\",\"name\":\"Radio Ljubu\u0161ki\",\"description\":\"Sun\u010dana frekvencija Hercegovine\",\"publisher\":{\"@id\":\"https:\\\/\\\/radioljubuski.ba\\\/#organization\"},\"potentialAction\":[{\"@type\":\"SearchAction\",\"target\":{\"@type\":\"EntryPoint\",\"urlTemplate\":\"https:\\\/\\\/radioljubuski.ba\\\/?s={search_term_string}\"},\"query-input\":{\"@type\":\"PropertyValueSpecification\",\"valueRequired\":true,\"valueName\":\"search_term_string\"}}],\"inLanguage\":\"hr\"},{\"@type\":\"Organization\",\"@id\":\"https:\\\/\\\/radioljubuski.ba\\\/#organization\",\"name\":\"Radio Ljubu\u0161ki\",\"url\":\"https:\\\/\\\/radioljubuski.ba\\\/\",\"logo\":{\"@type\":\"ImageObject\",\"inLanguage\":\"hr\",\"@id\":\"https:\\\/\\\/radioljubuski.ba\\\/#\\\/schema\\\/logo\\\/image\\\/\",\"url\":\"https:\\\/\\\/radioljubuski.ba\\\/wp-content\\\/uploads\\\/2021\\\/02\\\/cropped-Radio_Ljubuski_logo1.jpg\",\"contentUrl\":\"https:\\\/\\\/radioljubuski.ba\\\/wp-content\\\/uploads\\\/2021\\\/02\\\/cropped-Radio_Ljubuski_logo1.jpg\",\"width\":512,\"height\":512,\"caption\":\"Radio Ljubu\u0161ki\"},\"image\":{\"@id\":\"https:\\\/\\\/radioljubuski.ba\\\/#\\\/schema\\\/logo\\\/image\\\/\"},\"sameAs\":[\"https:\\\/\\\/www.facebook.com\\\/Radiio-Ljubuski-1490835324566332\",\"https:\\\/\\\/x.com\\\/radioljubuski\",\"https:\\\/\\\/hr.linkedin.com\\\/company\\\/radio-ljubuski\",\"https:\\\/\\\/www.youtube.com\\\/channel\\\/UCHYaeO_n0Db3tjNGudGpXyw\"]},{\"@type\":\"Person\",\"@id\":\"https:\\\/\\\/radioljubuski.ba\\\/#\\\/schema\\\/person\\\/19fc700381a780f69665d7956c469e3b\",\"name\":\"Radio Ljubu\u0161ki\"}]}<\/script>\n<!-- \/ Yoast SEO plugin. -->","yoast_head_json":{"title":"Talibani proglasili \u201cIslamski Emirat Afganistan\u201d, predstavili zastavu i grb - RADIO LJUBU\u0160KI","robots":{"index":"index","follow":"follow","max-snippet":"max-snippet:-1","max-image-preview":"max-image-preview:large","max-video-preview":"max-video-preview:-1"},"canonical":"https:\/\/radioljubuski.ba\/index.php\/2021\/08\/19\/talibani-proglasili-islamski-emirat-afganistan-predstavili-zastavu-i-grb\/","og_locale":"hr_HR","og_type":"article","og_title":"Talibani proglasili \u201cIslamski Emirat Afganistan\u201d, predstavili zastavu i grb - RADIO LJUBU\u0160KI","og_description":"Talibani su danas slu\u017ebeno promijenili naziv Afganistana u \u201cIslamski Emirat Afganistan\u201d. Rije\u010d je o nazivu koji je nastao u vrijeme njihove vladavine od 1996. do 2001. godine. Talibani su ovaj potez napravili na Dan neovisnosti Afganistana 19. kolovoza, a promjenu imena je potvrdio na Twitteru glasnogovornik talibana Zabihullah Mujahid i uz to prilo\u017eio fotografiju s [&hellip;]","og_url":"https:\/\/radioljubuski.ba\/index.php\/2021\/08\/19\/talibani-proglasili-islamski-emirat-afganistan-predstavili-zastavu-i-grb\/","og_site_name":"RADIO LJUBU\u0160KI","article_publisher":"https:\/\/www.facebook.com\/Radiio-Ljubuski-1490835324566332","article_published_time":"2021-08-19T21:21:28+00:00","article_modified_time":"2021-08-19T21:21:29+00:00","og_image":[{"width":750,"height":500,"url":"https:\/\/radioljubuski.ba\/wp-content\/uploads\/2021\/08\/1629377388-2021-08-17T131435Z_119242782_RC217P9Z9FSS_RTRMADP_3_AFGHANISTAN-CONFLICT-DEFEAT-750x500-1.jpg","type":"image\/jpeg"}],"author":"Radio Ljubu\u0161ki","twitter_card":"summary_large_image","twitter_creator":"@radioljubuski","twitter_site":"@radioljubuski","twitter_misc":{"Napisao\/la":"Radio Ljubu\u0161ki","Procijenjeno vrijeme \u010ditanja":"1 minuta"},"schema":{"@context":"https:\/\/schema.org","@graph":[{"@type":"Article","@id":"https:\/\/radioljubuski.ba\/index.php\/2021\/08\/19\/talibani-proglasili-islamski-emirat-afganistan-predstavili-zastavu-i-grb\/#article","isPartOf":{"@id":"https:\/\/radioljubuski.ba\/index.php\/2021\/08\/19\/talibani-proglasili-islamski-emirat-afganistan-predstavili-zastavu-i-grb\/"},"author":{"name":"Radio Ljubu\u0161ki","@id":"https:\/\/radioljubuski.ba\/#\/schema\/person\/19fc700381a780f69665d7956c469e3b"},"headline":"Talibani proglasili \u201cIslamski Emirat Afganistan\u201d, predstavili zastavu i grb","datePublished":"2021-08-19T21:21:28+00:00","dateModified":"2021-08-19T21:21:29+00:00","mainEntityOfPage":{"@id":"https:\/\/radioljubuski.ba\/index.php\/2021\/08\/19\/talibani-proglasili-islamski-emirat-afganistan-predstavili-zastavu-i-grb\/"},"wordCount":131,"publisher":{"@id":"https:\/\/radioljubuski.ba\/#organization"},"image":{"@id":"https:\/\/radioljubuski.ba\/index.php\/2021\/08\/19\/talibani-proglasili-islamski-emirat-afganistan-predstavili-zastavu-i-grb\/#primaryimage"},"thumbnailUrl":"https:\/\/radioljubuski.ba\/wp-content\/uploads\/2021\/08\/1629377388-2021-08-17T131435Z_119242782_RC217P9Z9FSS_RTRMADP_3_AFGHANISTAN-CONFLICT-DEFEAT-750x500-1.jpg","articleSection":["BIH i regija"],"inLanguage":"hr"},{"@type":"WebPage","@id":"https:\/\/radioljubuski.ba\/index.php\/2021\/08\/19\/talibani-proglasili-islamski-emirat-afganistan-predstavili-zastavu-i-grb\/","url":"https:\/\/radioljubuski.ba\/index.php\/2021\/08\/19\/talibani-proglasili-islamski-emirat-afganistan-predstavili-zastavu-i-grb\/","name":"Talibani proglasili \u201cIslamski Emirat Afganistan\u201d, predstavili zastavu i grb - RADIO LJUBU\u0160KI","isPartOf":{"@id":"https:\/\/radioljubuski.ba\/#website"},"primaryImageOfPage":{"@id":"https:\/\/radioljubuski.ba\/index.php\/2021\/08\/19\/talibani-proglasili-islamski-emirat-afganistan-predstavili-zastavu-i-grb\/#primaryimage"},"image":{"@id":"https:\/\/radioljubuski.ba\/index.php\/2021\/08\/19\/talibani-proglasili-islamski-emirat-afganistan-predstavili-zastavu-i-grb\/#primaryimage"},"thumbnailUrl":"https:\/\/radioljubuski.ba\/wp-content\/uploads\/2021\/08\/1629377388-2021-08-17T131435Z_119242782_RC217P9Z9FSS_RTRMADP_3_AFGHANISTAN-CONFLICT-DEFEAT-750x500-1.jpg","datePublished":"2021-08-19T21:21:28+00:00","dateModified":"2021-08-19T21:21:29+00:00","breadcrumb":{"@id":"https:\/\/radioljubuski.ba\/index.php\/2021\/08\/19\/talibani-proglasili-islamski-emirat-afganistan-predstavili-zastavu-i-grb\/#breadcrumb"},"inLanguage":"hr","potentialAction":[{"@type":"ReadAction","target":["https:\/\/radioljubuski.ba\/index.php\/2021\/08\/19\/talibani-proglasili-islamski-emirat-afganistan-predstavili-zastavu-i-grb\/"]}]},{"@type":"ImageObject","inLanguage":"hr","@id":"https:\/\/radioljubuski.ba\/index.php\/2021\/08\/19\/talibani-proglasili-islamski-emirat-afganistan-predstavili-zastavu-i-grb\/#primaryimage","url":"https:\/\/radioljubuski.ba\/wp-content\/uploads\/2021\/08\/1629377388-2021-08-17T131435Z_119242782_RC217P9Z9FSS_RTRMADP_3_AFGHANISTAN-CONFLICT-DEFEAT-750x500-1.jpg","contentUrl":"https:\/\/radioljubuski.ba\/wp-content\/uploads\/2021\/08\/1629377388-2021-08-17T131435Z_119242782_RC217P9Z9FSS_RTRMADP_3_AFGHANISTAN-CONFLICT-DEFEAT-750x500-1.jpg","width":750,"height":500},{"@type":"BreadcrumbList","@id":"https:\/\/radioljubuski.ba\/index.php\/2021\/08\/19\/talibani-proglasili-islamski-emirat-afganistan-predstavili-zastavu-i-grb\/#breadcrumb","itemListElement":[{"@type":"ListItem","position":1,"name":"Po\u010detna stranica","item":"https:\/\/radioljubuski.ba\/"},{"@type":"ListItem","position":2,"name":"Talibani proglasili \u201cIslamski Emirat Afganistan\u201d, predstavili zastavu i grb"}]},{"@type":"WebSite","@id":"https:\/\/radioljubuski.ba\/#website","url":"https:\/\/radioljubuski.ba\/","name":"Radio Ljubu\u0161ki","description":"Sun\u010dana frekvencija Hercegovine","publisher":{"@id":"https:\/\/radioljubuski.ba\/#organization"},"potentialAction":[{"@type":"SearchAction","target":{"@type":"EntryPoint","urlTemplate":"https:\/\/radioljubuski.ba\/?s={search_term_string}"},"query-input":{"@type":"PropertyValueSpecification","valueRequired":true,"valueName":"search_term_string"}}],"inLanguage":"hr"},{"@type":"Organization","@id":"https:\/\/radioljubuski.ba\/#organization","name":"Radio Ljubu\u0161ki","url":"https:\/\/radioljubuski.ba\/","logo":{"@type":"ImageObject","inLanguage":"hr","@id":"https:\/\/radioljubuski.ba\/#\/schema\/logo\/image\/","url":"https:\/\/radioljubuski.ba\/wp-content\/uploads\/2021\/02\/cropped-Radio_Ljubuski_logo1.jpg","contentUrl":"https:\/\/radioljubuski.ba\/wp-content\/uploads\/2021\/02\/cropped-Radio_Ljubuski_logo1.jpg","width":512,"height":512,"caption":"Radio Ljubu\u0161ki"},"image":{"@id":"https:\/\/radioljubuski.ba\/#\/schema\/logo\/image\/"},"sameAs":["https:\/\/www.facebook.com\/Radiio-Ljubuski-1490835324566332","https:\/\/x.com\/radioljubuski","https:\/\/hr.linkedin.com\/company\/radio-ljubuski","https:\/\/www.youtube.com\/channel\/UCHYaeO_n0Db3tjNGudGpXyw"]},{"@type":"Person","@id":"https:\/\/radioljubuski.ba\/#\/schema\/person\/19fc700381a780f69665d7956c469e3b","name":"Radio Ljubu\u0161ki"}]}},"_links":{"self":[{"href":"https:\/\/radioljubuski.ba\/index.php\/wp-json\/wp\/v2\/posts\/55217","targetHints":{"allow":["GET"]}}],"collection":[{"href":"https:\/\/radioljubuski.ba\/index.php\/wp-json\/wp\/v2\/posts"}],"about":[{"href":"https:\/\/radioljubuski.ba\/index.php\/wp-json\/wp\/v2\/types\/post"}],"author":[{"embeddable":true,"href":"https:\/\/radioljubuski.ba\/index.php\/wp-json\/wp\/v2\/users\/2"}],"replies":[{"embeddable":true,"href":"https:\/\/radioljubuski.ba\/index.php\/wp-json\/wp\/v2\/comments?post=55217"}],"version-history":[{"count":1,"href":"https:\/\/radioljubuski.ba\/index.php\/wp-json\/wp\/v2\/posts\/55217\/revisions"}],"predecessor-version":[{"id":55219,"href":"https:\/\/radioljubuski.ba\/index.php\/wp-json\/wp\/v2\/posts\/55217\/revisions\/55219"}],"wp:featuredmedia":[{"embeddable":true,"href":"https:\/\/radioljubuski.ba\/index.php\/wp-json\/wp\/v2\/media\/55218"}],"wp:attachment":[{"href":"https:\/\/radioljubuski.ba\/index.php\/wp-json\/wp\/v2\/media?parent=55217"}],"wp:term":[{"taxonomy":"category","embeddable":true,"href":"https:\/\/radioljubuski.ba\/index.php\/wp-json\/wp\/v2\/categories?post=55217"},{"taxonomy":"post_tag","embeddable":true,"href":"https:\/\/radioljubuski.ba\/index.php\/wp-json\/wp\/v2\/tags?post=55217"}],"curies":[{"name":"wp","href":"https:\/\/api.w.org\/{rel}","templated":true}]}}