{"id":55243,"date":"2021-08-19T22:31:51","date_gmt":"2021-08-19T21:31:51","guid":{"rendered":"https:\/\/radioljubuski.ba\/?p=55243"},"modified":"2021-08-19T22:31:52","modified_gmt":"2021-08-19T21:31:52","slug":"pomoc-za-vise-od-220-obitelji-lijekovi-ogrjev-neki-dobili-i-krov-nad-glavom","status":"publish","type":"post","link":"https:\/\/radioljubuski.ba\/index.php\/2021\/08\/19\/pomoc-za-vise-od-220-obitelji-lijekovi-ogrjev-neki-dobili-i-krov-nad-glavom\/","title":{"rendered":"Pomo\u0107 za vi\u0161e od 220 obitelji: lijekovi, ogrjev, neki dobili i krov nad glavom"},"content":{"rendered":"\n<p>Mjesto doga\u0111aja &#8211; novoizgra\u0111eni most na rijeci La\u0161vi u sredi\u0161tu Viteza. A na mostu \u0161arenilo ljudi, ponajvi\u0161e mladih odjevenih u dresove lokalnih sportskih i plesnih klubova, udruga, ali i narodne no\u0161nje vite\u0161kog kraja uz goste iz Hercegovine i Hrvatske. Upravo je most, kao simbol spajanja, odabran za snimanje zavr\u0161nog kadra spota za pjesmu \u201cNe brini, nisi sam\u201d, pi\u0161e&nbsp;<a href=\"https:\/\/www.vecernji.ba\/vijesti\/pomoc-za-vise-od-220-obitelji-lijekovi-ogrjev-neki-dobili-i-krov-nad-glavom-1516706\" target=\"_blank\" rel=\"noreferrer noopener\">Ve\u010dernji list BiH.<\/a><\/p>\n\n\n\n<p><strong>Premijerno izvedena<\/strong><\/p>\n\n\n\n<p>Spot, koji \u0107e se mo\u0107i pogledati po\u010detkom rujna, sniman je na vi\u0161e lokacija u sredi\u0161njoj Bosni, od sveti\u0161ta Kalvarija u Vitezu, stara\u010dkog doma, sportskog centra Romari te drugih lokacija, otkrili su nam \u010dlanovi Hrvatske udruge mladih u sredi\u0161njoj Bosni. Uz prigodan program i dru\u017eenje, nakon snimanja zavr\u0161ne scene, pjesma, \u010diji se spot u sredi\u0161njoj Bosni s nestrpljenjem o\u010dekuje, premijerno je izvedena.<\/p>\n\n\n\n<p>&#8211; Sura\u0111uju\u0107i s Mateom Mari\u0107em, predsjednikom Udruge mladih u sredi\u0161njoj Bosni, najprije smo htjeli snimiti nekoliko taktova, a onda je iz tih po\u010detnih takova nastala cijela pjesma za koju je matricu osmislio Josip Vukoja. Njezina glavna poruka je da nikad niste sami, uvijek ima dobrih ljudi, spremnih pru\u017eiti vam ruku, osmijeh, financijsku pomo\u0107, sve \u0161to vam zatreba &#8211; kazala je autorica i izvo\u0111a\u010dica Ivana Janko Stupar.<\/p>\n\n\n\n<p>U nepune tri godine \u010dlanovi HUM-a obi\u0161li su vi\u0161e od 220 obitelji na podru\u010dju Srednjobosanske \u017eupanije, poma\u017eu im na razli\u010dite na\u010dine, u pokrivanju tro\u0161kova lije\u010denja, nabave ogrjeva. Nekima su pomogli i dobiti krov nad glavom te uvjete dostojne \u010dovjeka, animiraju\u0107i svojim objavama dobre ljude da im pomognu. HUM je najvi\u0161e prepoznatljiv po svome humanitarnom radu iako je bio anga\u017eiran i na infrastrukturnim te edukacijskim projektima.<\/p>\n\n\n\n<p>&#8211; HUM \u0107e ove godine proslaviti tri godine postojanja te smo tra\u017eili na\u010din kako poslati poruku, prije svih, svojim sugra\u0111anima, ali i cijelom svijetu. Odlu\u010dili smo to u\u010diniti pjesmom, \u0161alju\u0107i poruku, prije svih, starima i nemo\u0107nima, depresivnima, svima koji se osje\u0107aju usamljenima, kako nisu sami i da smo mi, \u010dlanovi HUM-a, uz njih. Posebice je to va\u017eno u ovom vremenu depresije i korone &#8211; kazao nam je Mari\u0107, predsjednik Udruge.<\/p>\n\n\n\n<p><strong>Ponos Viteza<\/strong><\/p>\n\n\n\n<p>HUM je ponos Viteza, ali i sredi\u0161nje Bosne, ka\u017ee Boris Marjanovi\u0107, na\u010delnik Viteza. &#8211; Rad HUM-a prepoznat je i \u010destitam im na svemu \u0161to su dosad uradili, a projekt snimanja spota jedinstven je i dodatno je prepoznata njegova vrijednost. Podr\u017eali smo ga kao \u0161to podr\u017eavamo i druge udruge koje djeluju na podru\u010dju op\u0107ine, \u010dije aktivnosti podr\u017eavamo sukladno prora\u010dunskim mogu\u0107nostima &#8211; kazao nam je na\u010delnik.<\/p>\n\n\n\n<p>Izvor:vecernji.ba<\/p>\n","protected":false},"excerpt":{"rendered":"<p>Mjesto doga\u0111aja &#8211; novoizgra\u0111eni most na rijeci La\u0161vi u sredi\u0161tu Viteza. A na mostu \u0161arenilo ljudi, ponajvi\u0161e mladih odjevenih u dresove lokalnih sportskih i plesnih klubova, udruga, ali i narodne no\u0161nje vite\u0161kog kraja uz goste iz Hercegovine i Hrvatske. Upravo je most, kao simbol spajanja, odabran za snimanje zavr\u0161nog kadra spota za pjesmu \u201cNe brini, [&hellip;]<\/p>\n","protected":false},"author":2,"featured_media":55244,"comment_status":"closed","ping_status":"closed","sticky":false,"template":"","format":"standard","meta":{"h5ap_radio_sources":[],"footnotes":""},"categories":[1],"tags":[],"class_list":["post-55243","post","type-post","status-publish","format-standard","has-post-thumbnail","hentry","category-bihiregija"],"yoast_head":"<!-- This site is optimized with the Yoast SEO plugin v27.5 - https:\/\/yoast.com\/product\/yoast-seo-wordpress\/ -->\n<title>Pomo\u0107 za vi\u0161e od 220 obitelji: lijekovi, ogrjev, neki dobili i krov nad glavom - RADIO LJUBU\u0160KI<\/title>\n<meta name=\"robots\" content=\"index, follow, max-snippet:-1, max-image-preview:large, max-video-preview:-1\" \/>\n<link rel=\"canonical\" href=\"https:\/\/radioljubuski.ba\/index.php\/2021\/08\/19\/pomoc-za-vise-od-220-obitelji-lijekovi-ogrjev-neki-dobili-i-krov-nad-glavom\/\" \/>\n<meta property=\"og:locale\" content=\"hr_HR\" \/>\n<meta property=\"og:type\" content=\"article\" \/>\n<meta property=\"og:title\" content=\"Pomo\u0107 za vi\u0161e od 220 obitelji: lijekovi, ogrjev, neki dobili i krov nad glavom - RADIO LJUBU\u0160KI\" \/>\n<meta property=\"og:description\" content=\"Mjesto doga\u0111aja &#8211; novoizgra\u0111eni most na rijeci La\u0161vi u sredi\u0161tu Viteza. A na mostu \u0161arenilo ljudi, ponajvi\u0161e mladih odjevenih u dresove lokalnih sportskih i plesnih klubova, udruga, ali i narodne no\u0161nje vite\u0161kog kraja uz goste iz Hercegovine i Hrvatske. Upravo je most, kao simbol spajanja, odabran za snimanje zavr\u0161nog kadra spota za pjesmu \u201cNe brini, [&hellip;]\" \/>\n<meta property=\"og:url\" content=\"https:\/\/radioljubuski.ba\/index.php\/2021\/08\/19\/pomoc-za-vise-od-220-obitelji-lijekovi-ogrjev-neki-dobili-i-krov-nad-glavom\/\" \/>\n<meta property=\"og:site_name\" content=\"RADIO LJUBU\u0160KI\" \/>\n<meta property=\"article:publisher\" content=\"https:\/\/www.facebook.com\/Radiio-Ljubuski-1490835324566332\" \/>\n<meta property=\"article:published_time\" content=\"2021-08-19T21:31:51+00:00\" \/>\n<meta property=\"article:modified_time\" content=\"2021-08-19T21:31:52+00:00\" \/>\n<meta property=\"og:image\" content=\"https:\/\/radioljubuski.ba\/wp-content\/uploads\/2021\/08\/z4ypNeS5_vitez_panorama_595x340.jpg\" \/>\n\t<meta property=\"og:image:width\" content=\"1000\" \/>\n\t<meta property=\"og:image:height\" content=\"625\" \/>\n\t<meta property=\"og:image:type\" content=\"image\/jpeg\" \/>\n<meta name=\"author\" content=\"Radio Ljubu\u0161ki\" \/>\n<meta name=\"twitter:card\" content=\"summary_large_image\" \/>\n<meta name=\"twitter:creator\" content=\"@radioljubuski\" \/>\n<meta name=\"twitter:site\" content=\"@radioljubuski\" \/>\n<meta name=\"twitter:label1\" content=\"Napisao\/la\" \/>\n\t<meta name=\"twitter:data1\" content=\"Radio Ljubu\u0161ki\" \/>\n\t<meta name=\"twitter:label2\" content=\"Procijenjeno vrijeme \u010ditanja\" \/>\n\t<meta name=\"twitter:data2\" content=\"2 minute\" \/>\n<script type=\"application\/ld+json\" class=\"yoast-schema-graph\">{\"@context\":\"https:\\\/\\\/schema.org\",\"@graph\":[{\"@type\":\"Article\",\"@id\":\"https:\\\/\\\/radioljubuski.ba\\\/index.php\\\/2021\\\/08\\\/19\\\/pomoc-za-vise-od-220-obitelji-lijekovi-ogrjev-neki-dobili-i-krov-nad-glavom\\\/#article\",\"isPartOf\":{\"@id\":\"https:\\\/\\\/radioljubuski.ba\\\/index.php\\\/2021\\\/08\\\/19\\\/pomoc-za-vise-od-220-obitelji-lijekovi-ogrjev-neki-dobili-i-krov-nad-glavom\\\/\"},\"author\":{\"name\":\"Radio Ljubu\u0161ki\",\"@id\":\"https:\\\/\\\/radioljubuski.ba\\\/#\\\/schema\\\/person\\\/19fc700381a780f69665d7956c469e3b\"},\"headline\":\"Pomo\u0107 za vi\u0161e od 220 obitelji: lijekovi, ogrjev, neki dobili i krov nad glavom\",\"datePublished\":\"2021-08-19T21:31:51+00:00\",\"dateModified\":\"2021-08-19T21:31:52+00:00\",\"mainEntityOfPage\":{\"@id\":\"https:\\\/\\\/radioljubuski.ba\\\/index.php\\\/2021\\\/08\\\/19\\\/pomoc-za-vise-od-220-obitelji-lijekovi-ogrjev-neki-dobili-i-krov-nad-glavom\\\/\"},\"wordCount\":468,\"publisher\":{\"@id\":\"https:\\\/\\\/radioljubuski.ba\\\/#organization\"},\"image\":{\"@id\":\"https:\\\/\\\/radioljubuski.ba\\\/index.php\\\/2021\\\/08\\\/19\\\/pomoc-za-vise-od-220-obitelji-lijekovi-ogrjev-neki-dobili-i-krov-nad-glavom\\\/#primaryimage\"},\"thumbnailUrl\":\"https:\\\/\\\/radioljubuski.ba\\\/wp-content\\\/uploads\\\/2021\\\/08\\\/z4ypNeS5_vitez_panorama_595x340.jpg\",\"articleSection\":[\"BIH i regija\"],\"inLanguage\":\"hr\"},{\"@type\":\"WebPage\",\"@id\":\"https:\\\/\\\/radioljubuski.ba\\\/index.php\\\/2021\\\/08\\\/19\\\/pomoc-za-vise-od-220-obitelji-lijekovi-ogrjev-neki-dobili-i-krov-nad-glavom\\\/\",\"url\":\"https:\\\/\\\/radioljubuski.ba\\\/index.php\\\/2021\\\/08\\\/19\\\/pomoc-za-vise-od-220-obitelji-lijekovi-ogrjev-neki-dobili-i-krov-nad-glavom\\\/\",\"name\":\"Pomo\u0107 za vi\u0161e od 220 obitelji: lijekovi, ogrjev, neki dobili i krov nad glavom - RADIO LJUBU\u0160KI\",\"isPartOf\":{\"@id\":\"https:\\\/\\\/radioljubuski.ba\\\/#website\"},\"primaryImageOfPage\":{\"@id\":\"https:\\\/\\\/radioljubuski.ba\\\/index.php\\\/2021\\\/08\\\/19\\\/pomoc-za-vise-od-220-obitelji-lijekovi-ogrjev-neki-dobili-i-krov-nad-glavom\\\/#primaryimage\"},\"image\":{\"@id\":\"https:\\\/\\\/radioljubuski.ba\\\/index.php\\\/2021\\\/08\\\/19\\\/pomoc-za-vise-od-220-obitelji-lijekovi-ogrjev-neki-dobili-i-krov-nad-glavom\\\/#primaryimage\"},\"thumbnailUrl\":\"https:\\\/\\\/radioljubuski.ba\\\/wp-content\\\/uploads\\\/2021\\\/08\\\/z4ypNeS5_vitez_panorama_595x340.jpg\",\"datePublished\":\"2021-08-19T21:31:51+00:00\",\"dateModified\":\"2021-08-19T21:31:52+00:00\",\"breadcrumb\":{\"@id\":\"https:\\\/\\\/radioljubuski.ba\\\/index.php\\\/2021\\\/08\\\/19\\\/pomoc-za-vise-od-220-obitelji-lijekovi-ogrjev-neki-dobili-i-krov-nad-glavom\\\/#breadcrumb\"},\"inLanguage\":\"hr\",\"potentialAction\":[{\"@type\":\"ReadAction\",\"target\":[\"https:\\\/\\\/radioljubuski.ba\\\/index.php\\\/2021\\\/08\\\/19\\\/pomoc-za-vise-od-220-obitelji-lijekovi-ogrjev-neki-dobili-i-krov-nad-glavom\\\/\"]}]},{\"@type\":\"ImageObject\",\"inLanguage\":\"hr\",\"@id\":\"https:\\\/\\\/radioljubuski.ba\\\/index.php\\\/2021\\\/08\\\/19\\\/pomoc-za-vise-od-220-obitelji-lijekovi-ogrjev-neki-dobili-i-krov-nad-glavom\\\/#primaryimage\",\"url\":\"https:\\\/\\\/radioljubuski.ba\\\/wp-content\\\/uploads\\\/2021\\\/08\\\/z4ypNeS5_vitez_panorama_595x340.jpg\",\"contentUrl\":\"https:\\\/\\\/radioljubuski.ba\\\/wp-content\\\/uploads\\\/2021\\\/08\\\/z4ypNeS5_vitez_panorama_595x340.jpg\",\"width\":1000,\"height\":625},{\"@type\":\"BreadcrumbList\",\"@id\":\"https:\\\/\\\/radioljubuski.ba\\\/index.php\\\/2021\\\/08\\\/19\\\/pomoc-za-vise-od-220-obitelji-lijekovi-ogrjev-neki-dobili-i-krov-nad-glavom\\\/#breadcrumb\",\"itemListElement\":[{\"@type\":\"ListItem\",\"position\":1,\"name\":\"Po\u010detna stranica\",\"item\":\"https:\\\/\\\/radioljubuski.ba\\\/\"},{\"@type\":\"ListItem\",\"position\":2,\"name\":\"Pomo\u0107 za vi\u0161e od 220 obitelji: lijekovi, ogrjev, neki dobili i krov nad glavom\"}]},{\"@type\":\"WebSite\",\"@id\":\"https:\\\/\\\/radioljubuski.ba\\\/#website\",\"url\":\"https:\\\/\\\/radioljubuski.ba\\\/\",\"name\":\"Radio Ljubu\u0161ki\",\"description\":\"Sun\u010dana frekvencija Hercegovine\",\"publisher\":{\"@id\":\"https:\\\/\\\/radioljubuski.ba\\\/#organization\"},\"potentialAction\":[{\"@type\":\"SearchAction\",\"target\":{\"@type\":\"EntryPoint\",\"urlTemplate\":\"https:\\\/\\\/radioljubuski.ba\\\/?s={search_term_string}\"},\"query-input\":{\"@type\":\"PropertyValueSpecification\",\"valueRequired\":true,\"valueName\":\"search_term_string\"}}],\"inLanguage\":\"hr\"},{\"@type\":\"Organization\",\"@id\":\"https:\\\/\\\/radioljubuski.ba\\\/#organization\",\"name\":\"Radio Ljubu\u0161ki\",\"url\":\"https:\\\/\\\/radioljubuski.ba\\\/\",\"logo\":{\"@type\":\"ImageObject\",\"inLanguage\":\"hr\",\"@id\":\"https:\\\/\\\/radioljubuski.ba\\\/#\\\/schema\\\/logo\\\/image\\\/\",\"url\":\"https:\\\/\\\/radioljubuski.ba\\\/wp-content\\\/uploads\\\/2021\\\/02\\\/cropped-Radio_Ljubuski_logo1.jpg\",\"contentUrl\":\"https:\\\/\\\/radioljubuski.ba\\\/wp-content\\\/uploads\\\/2021\\\/02\\\/cropped-Radio_Ljubuski_logo1.jpg\",\"width\":512,\"height\":512,\"caption\":\"Radio Ljubu\u0161ki\"},\"image\":{\"@id\":\"https:\\\/\\\/radioljubuski.ba\\\/#\\\/schema\\\/logo\\\/image\\\/\"},\"sameAs\":[\"https:\\\/\\\/www.facebook.com\\\/Radiio-Ljubuski-1490835324566332\",\"https:\\\/\\\/x.com\\\/radioljubuski\",\"https:\\\/\\\/hr.linkedin.com\\\/company\\\/radio-ljubuski\",\"https:\\\/\\\/www.youtube.com\\\/channel\\\/UCHYaeO_n0Db3tjNGudGpXyw\"]},{\"@type\":\"Person\",\"@id\":\"https:\\\/\\\/radioljubuski.ba\\\/#\\\/schema\\\/person\\\/19fc700381a780f69665d7956c469e3b\",\"name\":\"Radio Ljubu\u0161ki\"}]}<\/script>\n<!-- \/ Yoast SEO plugin. -->","yoast_head_json":{"title":"Pomo\u0107 za vi\u0161e od 220 obitelji: lijekovi, ogrjev, neki dobili i krov nad glavom - RADIO LJUBU\u0160KI","robots":{"index":"index","follow":"follow","max-snippet":"max-snippet:-1","max-image-preview":"max-image-preview:large","max-video-preview":"max-video-preview:-1"},"canonical":"https:\/\/radioljubuski.ba\/index.php\/2021\/08\/19\/pomoc-za-vise-od-220-obitelji-lijekovi-ogrjev-neki-dobili-i-krov-nad-glavom\/","og_locale":"hr_HR","og_type":"article","og_title":"Pomo\u0107 za vi\u0161e od 220 obitelji: lijekovi, ogrjev, neki dobili i krov nad glavom - RADIO LJUBU\u0160KI","og_description":"Mjesto doga\u0111aja &#8211; novoizgra\u0111eni most na rijeci La\u0161vi u sredi\u0161tu Viteza. A na mostu \u0161arenilo ljudi, ponajvi\u0161e mladih odjevenih u dresove lokalnih sportskih i plesnih klubova, udruga, ali i narodne no\u0161nje vite\u0161kog kraja uz goste iz Hercegovine i Hrvatske. Upravo je most, kao simbol spajanja, odabran za snimanje zavr\u0161nog kadra spota za pjesmu \u201cNe brini, [&hellip;]","og_url":"https:\/\/radioljubuski.ba\/index.php\/2021\/08\/19\/pomoc-za-vise-od-220-obitelji-lijekovi-ogrjev-neki-dobili-i-krov-nad-glavom\/","og_site_name":"RADIO LJUBU\u0160KI","article_publisher":"https:\/\/www.facebook.com\/Radiio-Ljubuski-1490835324566332","article_published_time":"2021-08-19T21:31:51+00:00","article_modified_time":"2021-08-19T21:31:52+00:00","og_image":[{"width":1000,"height":625,"url":"https:\/\/radioljubuski.ba\/wp-content\/uploads\/2021\/08\/z4ypNeS5_vitez_panorama_595x340.jpg","type":"image\/jpeg"}],"author":"Radio Ljubu\u0161ki","twitter_card":"summary_large_image","twitter_creator":"@radioljubuski","twitter_site":"@radioljubuski","twitter_misc":{"Napisao\/la":"Radio Ljubu\u0161ki","Procijenjeno vrijeme \u010ditanja":"2 minute"},"schema":{"@context":"https:\/\/schema.org","@graph":[{"@type":"Article","@id":"https:\/\/radioljubuski.ba\/index.php\/2021\/08\/19\/pomoc-za-vise-od-220-obitelji-lijekovi-ogrjev-neki-dobili-i-krov-nad-glavom\/#article","isPartOf":{"@id":"https:\/\/radioljubuski.ba\/index.php\/2021\/08\/19\/pomoc-za-vise-od-220-obitelji-lijekovi-ogrjev-neki-dobili-i-krov-nad-glavom\/"},"author":{"name":"Radio Ljubu\u0161ki","@id":"https:\/\/radioljubuski.ba\/#\/schema\/person\/19fc700381a780f69665d7956c469e3b"},"headline":"Pomo\u0107 za vi\u0161e od 220 obitelji: lijekovi, ogrjev, neki dobili i krov nad glavom","datePublished":"2021-08-19T21:31:51+00:00","dateModified":"2021-08-19T21:31:52+00:00","mainEntityOfPage":{"@id":"https:\/\/radioljubuski.ba\/index.php\/2021\/08\/19\/pomoc-za-vise-od-220-obitelji-lijekovi-ogrjev-neki-dobili-i-krov-nad-glavom\/"},"wordCount":468,"publisher":{"@id":"https:\/\/radioljubuski.ba\/#organization"},"image":{"@id":"https:\/\/radioljubuski.ba\/index.php\/2021\/08\/19\/pomoc-za-vise-od-220-obitelji-lijekovi-ogrjev-neki-dobili-i-krov-nad-glavom\/#primaryimage"},"thumbnailUrl":"https:\/\/radioljubuski.ba\/wp-content\/uploads\/2021\/08\/z4ypNeS5_vitez_panorama_595x340.jpg","articleSection":["BIH i regija"],"inLanguage":"hr"},{"@type":"WebPage","@id":"https:\/\/radioljubuski.ba\/index.php\/2021\/08\/19\/pomoc-za-vise-od-220-obitelji-lijekovi-ogrjev-neki-dobili-i-krov-nad-glavom\/","url":"https:\/\/radioljubuski.ba\/index.php\/2021\/08\/19\/pomoc-za-vise-od-220-obitelji-lijekovi-ogrjev-neki-dobili-i-krov-nad-glavom\/","name":"Pomo\u0107 za vi\u0161e od 220 obitelji: lijekovi, ogrjev, neki dobili i krov nad glavom - RADIO LJUBU\u0160KI","isPartOf":{"@id":"https:\/\/radioljubuski.ba\/#website"},"primaryImageOfPage":{"@id":"https:\/\/radioljubuski.ba\/index.php\/2021\/08\/19\/pomoc-za-vise-od-220-obitelji-lijekovi-ogrjev-neki-dobili-i-krov-nad-glavom\/#primaryimage"},"image":{"@id":"https:\/\/radioljubuski.ba\/index.php\/2021\/08\/19\/pomoc-za-vise-od-220-obitelji-lijekovi-ogrjev-neki-dobili-i-krov-nad-glavom\/#primaryimage"},"thumbnailUrl":"https:\/\/radioljubuski.ba\/wp-content\/uploads\/2021\/08\/z4ypNeS5_vitez_panorama_595x340.jpg","datePublished":"2021-08-19T21:31:51+00:00","dateModified":"2021-08-19T21:31:52+00:00","breadcrumb":{"@id":"https:\/\/radioljubuski.ba\/index.php\/2021\/08\/19\/pomoc-za-vise-od-220-obitelji-lijekovi-ogrjev-neki-dobili-i-krov-nad-glavom\/#breadcrumb"},"inLanguage":"hr","potentialAction":[{"@type":"ReadAction","target":["https:\/\/radioljubuski.ba\/index.php\/2021\/08\/19\/pomoc-za-vise-od-220-obitelji-lijekovi-ogrjev-neki-dobili-i-krov-nad-glavom\/"]}]},{"@type":"ImageObject","inLanguage":"hr","@id":"https:\/\/radioljubuski.ba\/index.php\/2021\/08\/19\/pomoc-za-vise-od-220-obitelji-lijekovi-ogrjev-neki-dobili-i-krov-nad-glavom\/#primaryimage","url":"https:\/\/radioljubuski.ba\/wp-content\/uploads\/2021\/08\/z4ypNeS5_vitez_panorama_595x340.jpg","contentUrl":"https:\/\/radioljubuski.ba\/wp-content\/uploads\/2021\/08\/z4ypNeS5_vitez_panorama_595x340.jpg","width":1000,"height":625},{"@type":"BreadcrumbList","@id":"https:\/\/radioljubuski.ba\/index.php\/2021\/08\/19\/pomoc-za-vise-od-220-obitelji-lijekovi-ogrjev-neki-dobili-i-krov-nad-glavom\/#breadcrumb","itemListElement":[{"@type":"ListItem","position":1,"name":"Po\u010detna stranica","item":"https:\/\/radioljubuski.ba\/"},{"@type":"ListItem","position":2,"name":"Pomo\u0107 za vi\u0161e od 220 obitelji: lijekovi, ogrjev, neki dobili i krov nad glavom"}]},{"@type":"WebSite","@id":"https:\/\/radioljubuski.ba\/#website","url":"https:\/\/radioljubuski.ba\/","name":"Radio Ljubu\u0161ki","description":"Sun\u010dana frekvencija Hercegovine","publisher":{"@id":"https:\/\/radioljubuski.ba\/#organization"},"potentialAction":[{"@type":"SearchAction","target":{"@type":"EntryPoint","urlTemplate":"https:\/\/radioljubuski.ba\/?s={search_term_string}"},"query-input":{"@type":"PropertyValueSpecification","valueRequired":true,"valueName":"search_term_string"}}],"inLanguage":"hr"},{"@type":"Organization","@id":"https:\/\/radioljubuski.ba\/#organization","name":"Radio Ljubu\u0161ki","url":"https:\/\/radioljubuski.ba\/","logo":{"@type":"ImageObject","inLanguage":"hr","@id":"https:\/\/radioljubuski.ba\/#\/schema\/logo\/image\/","url":"https:\/\/radioljubuski.ba\/wp-content\/uploads\/2021\/02\/cropped-Radio_Ljubuski_logo1.jpg","contentUrl":"https:\/\/radioljubuski.ba\/wp-content\/uploads\/2021\/02\/cropped-Radio_Ljubuski_logo1.jpg","width":512,"height":512,"caption":"Radio Ljubu\u0161ki"},"image":{"@id":"https:\/\/radioljubuski.ba\/#\/schema\/logo\/image\/"},"sameAs":["https:\/\/www.facebook.com\/Radiio-Ljubuski-1490835324566332","https:\/\/x.com\/radioljubuski","https:\/\/hr.linkedin.com\/company\/radio-ljubuski","https:\/\/www.youtube.com\/channel\/UCHYaeO_n0Db3tjNGudGpXyw"]},{"@type":"Person","@id":"https:\/\/radioljubuski.ba\/#\/schema\/person\/19fc700381a780f69665d7956c469e3b","name":"Radio Ljubu\u0161ki"}]}},"_links":{"self":[{"href":"https:\/\/radioljubuski.ba\/index.php\/wp-json\/wp\/v2\/posts\/55243","targetHints":{"allow":["GET"]}}],"collection":[{"href":"https:\/\/radioljubuski.ba\/index.php\/wp-json\/wp\/v2\/posts"}],"about":[{"href":"https:\/\/radioljubuski.ba\/index.php\/wp-json\/wp\/v2\/types\/post"}],"author":[{"embeddable":true,"href":"https:\/\/radioljubuski.ba\/index.php\/wp-json\/wp\/v2\/users\/2"}],"replies":[{"embeddable":true,"href":"https:\/\/radioljubuski.ba\/index.php\/wp-json\/wp\/v2\/comments?post=55243"}],"version-history":[{"count":1,"href":"https:\/\/radioljubuski.ba\/index.php\/wp-json\/wp\/v2\/posts\/55243\/revisions"}],"predecessor-version":[{"id":55245,"href":"https:\/\/radioljubuski.ba\/index.php\/wp-json\/wp\/v2\/posts\/55243\/revisions\/55245"}],"wp:featuredmedia":[{"embeddable":true,"href":"https:\/\/radioljubuski.ba\/index.php\/wp-json\/wp\/v2\/media\/55244"}],"wp:attachment":[{"href":"https:\/\/radioljubuski.ba\/index.php\/wp-json\/wp\/v2\/media?parent=55243"}],"wp:term":[{"taxonomy":"category","embeddable":true,"href":"https:\/\/radioljubuski.ba\/index.php\/wp-json\/wp\/v2\/categories?post=55243"},{"taxonomy":"post_tag","embeddable":true,"href":"https:\/\/radioljubuski.ba\/index.php\/wp-json\/wp\/v2\/tags?post=55243"}],"curies":[{"name":"wp","href":"https:\/\/api.w.org\/{rel}","templated":true}]}}