{"id":55252,"date":"2021-08-19T22:36:33","date_gmt":"2021-08-19T21:36:33","guid":{"rendered":"https:\/\/radioljubuski.ba\/?p=55252"},"modified":"2021-08-19T22:36:34","modified_gmt":"2021-08-19T21:36:34","slug":"skandal-u-bolnici-u-australiji-bez-diplome-lijecila-ljude-od-korone-punih-osam-mjeseci","status":"publish","type":"post","link":"https:\/\/radioljubuski.ba\/index.php\/2021\/08\/19\/skandal-u-bolnici-u-australiji-bez-diplome-lijecila-ljude-od-korone-punih-osam-mjeseci\/","title":{"rendered":"Skandal u bolnici u Australiji: Bez diplome &#8220;lije\u010dila&#8221; ljude od korone punih osam mjeseci"},"content":{"rendered":"\n<p>Neimenovana \u017eena (27) iz Sydneya u Australiji, pretvarala se da je registrirani lije\u010dnik i punih osam meseci &#8220;brinula&#8221; o pacijentima oboljelim od covida 19, tijekom svog anga\u017emana u gradskoj bolnici.<\/p>\n\n\n\n<p>Trenutno je u tijeku policijska istraga, a glasnogovornik bolnice je izjavio za medije da su u ponedeljak otkrili da \u017eena koja se predstavljala kao lije\u010dnica, zapravo nije registrirana u Australijskoj zdravstvenoj agenciji, prenosi &#8220;<a href=\"https:\/\/www.independent.co.uk\/news\/world\/australasia\/sydney-hospital-fake-doctor-pandemic-b1900523.html\" target=\"_blank\" rel=\"noreferrer noopener\">Independent<\/a>&#8220;.<\/p>\n\n\n\n<p>&#8220;Odmah je uklonjena sa svojih du\u017enosti&#8221;, ka\u017ee on, nakon \u010dega je bolnica proslijedila slu\u010daj policiji Novog Ju\u017enog Welsa radi istrage.<\/p>\n\n\n\n<p>\u017dena je, navodno, tvrdila da je lije\u010dnica, te je u bolnici radila od sije\u010dnja do kolovoza, tako \u0161to je la\u017eirala dokumenta da bi dobila posao.<\/p>\n\n\n\n<p>U ponedjeljak, bolnica je tra\u017eila od nje papire, koje nije mogla osigurati, pa su njeni nadre\u0111eni odmah pozvali policiju. Osumnji\u010dena bi mogla biti progla\u0161ena krivom za nekoliko krivi\u010dnih djela, uklju\u010duju\u0107i i prevaru, ukoliko se njena krivica doka\u017ee na sudu.<\/p>\n\n\n\n<p>Ostali lije\u010dnici zaposleni u bolnici, \u0161okirani su potezom svoje &#8220;kolegice&#8221;, a mje\u0161tani su zabrinuti zbog propusta, koji kako ka\u017eu, &#8220;nisu o\u010dekivali na njihovim prostorima&#8221;.<\/p>\n\n\n\n<p>&#8220;Ne mo\u017ee da vas lije\u010di netko tko nije kvalificiran za to, tako sebe dovodite u opasnost&#8221;, izjavio je jedan mje\u0161tanin.<\/p>\n\n\n\n<p>Izvor:pogled.ba<\/p>\n","protected":false},"excerpt":{"rendered":"<p>Neimenovana \u017eena (27) iz Sydneya u Australiji, pretvarala se da je registrirani lije\u010dnik i punih osam meseci &#8220;brinula&#8221; o pacijentima oboljelim od covida 19, tijekom svog anga\u017emana u gradskoj bolnici. Trenutno je u tijeku policijska istraga, a glasnogovornik bolnice je izjavio za medije da su u ponedeljak otkrili da \u017eena koja se predstavljala kao lije\u010dnica, [&hellip;]<\/p>\n","protected":false},"author":2,"featured_media":28066,"comment_status":"closed","ping_status":"closed","sticky":false,"template":"","format":"standard","meta":{"h5ap_radio_sources":[],"footnotes":""},"categories":[1],"tags":[],"class_list":["post-55252","post","type-post","status-publish","format-standard","has-post-thumbnail","hentry","category-bihiregija"],"yoast_head":"<!-- This site is optimized with the Yoast SEO plugin v27.5 - https:\/\/yoast.com\/product\/yoast-seo-wordpress\/ -->\n<title>Skandal u bolnici u Australiji: Bez diplome &quot;lije\u010dila&quot; ljude od korone punih osam mjeseci - RADIO LJUBU\u0160KI<\/title>\n<meta name=\"robots\" content=\"index, follow, max-snippet:-1, max-image-preview:large, max-video-preview:-1\" \/>\n<link rel=\"canonical\" href=\"https:\/\/radioljubuski.ba\/index.php\/2021\/08\/19\/skandal-u-bolnici-u-australiji-bez-diplome-lijecila-ljude-od-korone-punih-osam-mjeseci\/\" \/>\n<meta property=\"og:locale\" content=\"hr_HR\" \/>\n<meta property=\"og:type\" content=\"article\" \/>\n<meta property=\"og:title\" content=\"Skandal u bolnici u Australiji: Bez diplome &quot;lije\u010dila&quot; ljude od korone punih osam mjeseci - RADIO LJUBU\u0160KI\" \/>\n<meta property=\"og:description\" content=\"Neimenovana \u017eena (27) iz Sydneya u Australiji, pretvarala se da je registrirani lije\u010dnik i punih osam meseci &#8220;brinula&#8221; o pacijentima oboljelim od covida 19, tijekom svog anga\u017emana u gradskoj bolnici. Trenutno je u tijeku policijska istraga, a glasnogovornik bolnice je izjavio za medije da su u ponedeljak otkrili da \u017eena koja se predstavljala kao lije\u010dnica, [&hellip;]\" \/>\n<meta property=\"og:url\" content=\"https:\/\/radioljubuski.ba\/index.php\/2021\/08\/19\/skandal-u-bolnici-u-australiji-bez-diplome-lijecila-ljude-od-korone-punih-osam-mjeseci\/\" \/>\n<meta property=\"og:site_name\" content=\"RADIO LJUBU\u0160KI\" \/>\n<meta property=\"article:publisher\" content=\"https:\/\/www.facebook.com\/Radiio-Ljubuski-1490835324566332\" \/>\n<meta property=\"article:published_time\" content=\"2021-08-19T21:36:33+00:00\" \/>\n<meta property=\"article:modified_time\" content=\"2021-08-19T21:36:34+00:00\" \/>\n<meta property=\"og:image\" content=\"https:\/\/radioljubuski.ba\/wp-content\/uploads\/2021\/06\/doktor.jpg\" \/>\n\t<meta property=\"og:image:width\" content=\"1000\" \/>\n\t<meta property=\"og:image:height\" content=\"625\" \/>\n\t<meta property=\"og:image:type\" content=\"image\/jpeg\" \/>\n<meta name=\"author\" content=\"Radio Ljubu\u0161ki\" \/>\n<meta name=\"twitter:card\" content=\"summary_large_image\" \/>\n<meta name=\"twitter:creator\" content=\"@radioljubuski\" \/>\n<meta name=\"twitter:site\" content=\"@radioljubuski\" \/>\n<meta name=\"twitter:label1\" content=\"Napisao\/la\" \/>\n\t<meta name=\"twitter:data1\" content=\"Radio Ljubu\u0161ki\" \/>\n\t<meta name=\"twitter:label2\" content=\"Procijenjeno vrijeme \u010ditanja\" \/>\n\t<meta name=\"twitter:data2\" content=\"1 minuta\" \/>\n<script type=\"application\/ld+json\" class=\"yoast-schema-graph\">{\"@context\":\"https:\\\/\\\/schema.org\",\"@graph\":[{\"@type\":\"Article\",\"@id\":\"https:\\\/\\\/radioljubuski.ba\\\/index.php\\\/2021\\\/08\\\/19\\\/skandal-u-bolnici-u-australiji-bez-diplome-lijecila-ljude-od-korone-punih-osam-mjeseci\\\/#article\",\"isPartOf\":{\"@id\":\"https:\\\/\\\/radioljubuski.ba\\\/index.php\\\/2021\\\/08\\\/19\\\/skandal-u-bolnici-u-australiji-bez-diplome-lijecila-ljude-od-korone-punih-osam-mjeseci\\\/\"},\"author\":{\"name\":\"Radio Ljubu\u0161ki\",\"@id\":\"https:\\\/\\\/radioljubuski.ba\\\/#\\\/schema\\\/person\\\/19fc700381a780f69665d7956c469e3b\"},\"headline\":\"Skandal u bolnici u Australiji: Bez diplome &#8220;lije\u010dila&#8221; ljude od korone punih osam mjeseci\",\"datePublished\":\"2021-08-19T21:36:33+00:00\",\"dateModified\":\"2021-08-19T21:36:34+00:00\",\"mainEntityOfPage\":{\"@id\":\"https:\\\/\\\/radioljubuski.ba\\\/index.php\\\/2021\\\/08\\\/19\\\/skandal-u-bolnici-u-australiji-bez-diplome-lijecila-ljude-od-korone-punih-osam-mjeseci\\\/\"},\"wordCount\":233,\"publisher\":{\"@id\":\"https:\\\/\\\/radioljubuski.ba\\\/#organization\"},\"image\":{\"@id\":\"https:\\\/\\\/radioljubuski.ba\\\/index.php\\\/2021\\\/08\\\/19\\\/skandal-u-bolnici-u-australiji-bez-diplome-lijecila-ljude-od-korone-punih-osam-mjeseci\\\/#primaryimage\"},\"thumbnailUrl\":\"https:\\\/\\\/radioljubuski.ba\\\/wp-content\\\/uploads\\\/2021\\\/06\\\/doktor.jpg\",\"articleSection\":[\"BIH i regija\"],\"inLanguage\":\"hr\"},{\"@type\":\"WebPage\",\"@id\":\"https:\\\/\\\/radioljubuski.ba\\\/index.php\\\/2021\\\/08\\\/19\\\/skandal-u-bolnici-u-australiji-bez-diplome-lijecila-ljude-od-korone-punih-osam-mjeseci\\\/\",\"url\":\"https:\\\/\\\/radioljubuski.ba\\\/index.php\\\/2021\\\/08\\\/19\\\/skandal-u-bolnici-u-australiji-bez-diplome-lijecila-ljude-od-korone-punih-osam-mjeseci\\\/\",\"name\":\"Skandal u bolnici u Australiji: Bez diplome \\\"lije\u010dila\\\" ljude od korone punih osam mjeseci - RADIO LJUBU\u0160KI\",\"isPartOf\":{\"@id\":\"https:\\\/\\\/radioljubuski.ba\\\/#website\"},\"primaryImageOfPage\":{\"@id\":\"https:\\\/\\\/radioljubuski.ba\\\/index.php\\\/2021\\\/08\\\/19\\\/skandal-u-bolnici-u-australiji-bez-diplome-lijecila-ljude-od-korone-punih-osam-mjeseci\\\/#primaryimage\"},\"image\":{\"@id\":\"https:\\\/\\\/radioljubuski.ba\\\/index.php\\\/2021\\\/08\\\/19\\\/skandal-u-bolnici-u-australiji-bez-diplome-lijecila-ljude-od-korone-punih-osam-mjeseci\\\/#primaryimage\"},\"thumbnailUrl\":\"https:\\\/\\\/radioljubuski.ba\\\/wp-content\\\/uploads\\\/2021\\\/06\\\/doktor.jpg\",\"datePublished\":\"2021-08-19T21:36:33+00:00\",\"dateModified\":\"2021-08-19T21:36:34+00:00\",\"breadcrumb\":{\"@id\":\"https:\\\/\\\/radioljubuski.ba\\\/index.php\\\/2021\\\/08\\\/19\\\/skandal-u-bolnici-u-australiji-bez-diplome-lijecila-ljude-od-korone-punih-osam-mjeseci\\\/#breadcrumb\"},\"inLanguage\":\"hr\",\"potentialAction\":[{\"@type\":\"ReadAction\",\"target\":[\"https:\\\/\\\/radioljubuski.ba\\\/index.php\\\/2021\\\/08\\\/19\\\/skandal-u-bolnici-u-australiji-bez-diplome-lijecila-ljude-od-korone-punih-osam-mjeseci\\\/\"]}]},{\"@type\":\"ImageObject\",\"inLanguage\":\"hr\",\"@id\":\"https:\\\/\\\/radioljubuski.ba\\\/index.php\\\/2021\\\/08\\\/19\\\/skandal-u-bolnici-u-australiji-bez-diplome-lijecila-ljude-od-korone-punih-osam-mjeseci\\\/#primaryimage\",\"url\":\"https:\\\/\\\/radioljubuski.ba\\\/wp-content\\\/uploads\\\/2021\\\/06\\\/doktor.jpg\",\"contentUrl\":\"https:\\\/\\\/radioljubuski.ba\\\/wp-content\\\/uploads\\\/2021\\\/06\\\/doktor.jpg\",\"width\":1000,\"height\":625},{\"@type\":\"BreadcrumbList\",\"@id\":\"https:\\\/\\\/radioljubuski.ba\\\/index.php\\\/2021\\\/08\\\/19\\\/skandal-u-bolnici-u-australiji-bez-diplome-lijecila-ljude-od-korone-punih-osam-mjeseci\\\/#breadcrumb\",\"itemListElement\":[{\"@type\":\"ListItem\",\"position\":1,\"name\":\"Po\u010detna stranica\",\"item\":\"https:\\\/\\\/radioljubuski.ba\\\/\"},{\"@type\":\"ListItem\",\"position\":2,\"name\":\"Skandal u bolnici u Australiji: Bez diplome &#8220;lije\u010dila&#8221; ljude od korone punih osam mjeseci\"}]},{\"@type\":\"WebSite\",\"@id\":\"https:\\\/\\\/radioljubuski.ba\\\/#website\",\"url\":\"https:\\\/\\\/radioljubuski.ba\\\/\",\"name\":\"Radio Ljubu\u0161ki\",\"description\":\"Sun\u010dana frekvencija Hercegovine\",\"publisher\":{\"@id\":\"https:\\\/\\\/radioljubuski.ba\\\/#organization\"},\"potentialAction\":[{\"@type\":\"SearchAction\",\"target\":{\"@type\":\"EntryPoint\",\"urlTemplate\":\"https:\\\/\\\/radioljubuski.ba\\\/?s={search_term_string}\"},\"query-input\":{\"@type\":\"PropertyValueSpecification\",\"valueRequired\":true,\"valueName\":\"search_term_string\"}}],\"inLanguage\":\"hr\"},{\"@type\":\"Organization\",\"@id\":\"https:\\\/\\\/radioljubuski.ba\\\/#organization\",\"name\":\"Radio Ljubu\u0161ki\",\"url\":\"https:\\\/\\\/radioljubuski.ba\\\/\",\"logo\":{\"@type\":\"ImageObject\",\"inLanguage\":\"hr\",\"@id\":\"https:\\\/\\\/radioljubuski.ba\\\/#\\\/schema\\\/logo\\\/image\\\/\",\"url\":\"https:\\\/\\\/radioljubuski.ba\\\/wp-content\\\/uploads\\\/2021\\\/02\\\/cropped-Radio_Ljubuski_logo1.jpg\",\"contentUrl\":\"https:\\\/\\\/radioljubuski.ba\\\/wp-content\\\/uploads\\\/2021\\\/02\\\/cropped-Radio_Ljubuski_logo1.jpg\",\"width\":512,\"height\":512,\"caption\":\"Radio Ljubu\u0161ki\"},\"image\":{\"@id\":\"https:\\\/\\\/radioljubuski.ba\\\/#\\\/schema\\\/logo\\\/image\\\/\"},\"sameAs\":[\"https:\\\/\\\/www.facebook.com\\\/Radiio-Ljubuski-1490835324566332\",\"https:\\\/\\\/x.com\\\/radioljubuski\",\"https:\\\/\\\/hr.linkedin.com\\\/company\\\/radio-ljubuski\",\"https:\\\/\\\/www.youtube.com\\\/channel\\\/UCHYaeO_n0Db3tjNGudGpXyw\"]},{\"@type\":\"Person\",\"@id\":\"https:\\\/\\\/radioljubuski.ba\\\/#\\\/schema\\\/person\\\/19fc700381a780f69665d7956c469e3b\",\"name\":\"Radio Ljubu\u0161ki\"}]}<\/script>\n<!-- \/ Yoast SEO plugin. -->","yoast_head_json":{"title":"Skandal u bolnici u Australiji: Bez diplome \"lije\u010dila\" ljude od korone punih osam mjeseci - RADIO LJUBU\u0160KI","robots":{"index":"index","follow":"follow","max-snippet":"max-snippet:-1","max-image-preview":"max-image-preview:large","max-video-preview":"max-video-preview:-1"},"canonical":"https:\/\/radioljubuski.ba\/index.php\/2021\/08\/19\/skandal-u-bolnici-u-australiji-bez-diplome-lijecila-ljude-od-korone-punih-osam-mjeseci\/","og_locale":"hr_HR","og_type":"article","og_title":"Skandal u bolnici u Australiji: Bez diplome \"lije\u010dila\" ljude od korone punih osam mjeseci - RADIO LJUBU\u0160KI","og_description":"Neimenovana \u017eena (27) iz Sydneya u Australiji, pretvarala se da je registrirani lije\u010dnik i punih osam meseci &#8220;brinula&#8221; o pacijentima oboljelim od covida 19, tijekom svog anga\u017emana u gradskoj bolnici. Trenutno je u tijeku policijska istraga, a glasnogovornik bolnice je izjavio za medije da su u ponedeljak otkrili da \u017eena koja se predstavljala kao lije\u010dnica, [&hellip;]","og_url":"https:\/\/radioljubuski.ba\/index.php\/2021\/08\/19\/skandal-u-bolnici-u-australiji-bez-diplome-lijecila-ljude-od-korone-punih-osam-mjeseci\/","og_site_name":"RADIO LJUBU\u0160KI","article_publisher":"https:\/\/www.facebook.com\/Radiio-Ljubuski-1490835324566332","article_published_time":"2021-08-19T21:36:33+00:00","article_modified_time":"2021-08-19T21:36:34+00:00","og_image":[{"width":1000,"height":625,"url":"https:\/\/radioljubuski.ba\/wp-content\/uploads\/2021\/06\/doktor.jpg","type":"image\/jpeg"}],"author":"Radio Ljubu\u0161ki","twitter_card":"summary_large_image","twitter_creator":"@radioljubuski","twitter_site":"@radioljubuski","twitter_misc":{"Napisao\/la":"Radio Ljubu\u0161ki","Procijenjeno vrijeme \u010ditanja":"1 minuta"},"schema":{"@context":"https:\/\/schema.org","@graph":[{"@type":"Article","@id":"https:\/\/radioljubuski.ba\/index.php\/2021\/08\/19\/skandal-u-bolnici-u-australiji-bez-diplome-lijecila-ljude-od-korone-punih-osam-mjeseci\/#article","isPartOf":{"@id":"https:\/\/radioljubuski.ba\/index.php\/2021\/08\/19\/skandal-u-bolnici-u-australiji-bez-diplome-lijecila-ljude-od-korone-punih-osam-mjeseci\/"},"author":{"name":"Radio Ljubu\u0161ki","@id":"https:\/\/radioljubuski.ba\/#\/schema\/person\/19fc700381a780f69665d7956c469e3b"},"headline":"Skandal u bolnici u Australiji: Bez diplome &#8220;lije\u010dila&#8221; ljude od korone punih osam mjeseci","datePublished":"2021-08-19T21:36:33+00:00","dateModified":"2021-08-19T21:36:34+00:00","mainEntityOfPage":{"@id":"https:\/\/radioljubuski.ba\/index.php\/2021\/08\/19\/skandal-u-bolnici-u-australiji-bez-diplome-lijecila-ljude-od-korone-punih-osam-mjeseci\/"},"wordCount":233,"publisher":{"@id":"https:\/\/radioljubuski.ba\/#organization"},"image":{"@id":"https:\/\/radioljubuski.ba\/index.php\/2021\/08\/19\/skandal-u-bolnici-u-australiji-bez-diplome-lijecila-ljude-od-korone-punih-osam-mjeseci\/#primaryimage"},"thumbnailUrl":"https:\/\/radioljubuski.ba\/wp-content\/uploads\/2021\/06\/doktor.jpg","articleSection":["BIH i regija"],"inLanguage":"hr"},{"@type":"WebPage","@id":"https:\/\/radioljubuski.ba\/index.php\/2021\/08\/19\/skandal-u-bolnici-u-australiji-bez-diplome-lijecila-ljude-od-korone-punih-osam-mjeseci\/","url":"https:\/\/radioljubuski.ba\/index.php\/2021\/08\/19\/skandal-u-bolnici-u-australiji-bez-diplome-lijecila-ljude-od-korone-punih-osam-mjeseci\/","name":"Skandal u bolnici u Australiji: Bez diplome \"lije\u010dila\" ljude od korone punih osam mjeseci - RADIO LJUBU\u0160KI","isPartOf":{"@id":"https:\/\/radioljubuski.ba\/#website"},"primaryImageOfPage":{"@id":"https:\/\/radioljubuski.ba\/index.php\/2021\/08\/19\/skandal-u-bolnici-u-australiji-bez-diplome-lijecila-ljude-od-korone-punih-osam-mjeseci\/#primaryimage"},"image":{"@id":"https:\/\/radioljubuski.ba\/index.php\/2021\/08\/19\/skandal-u-bolnici-u-australiji-bez-diplome-lijecila-ljude-od-korone-punih-osam-mjeseci\/#primaryimage"},"thumbnailUrl":"https:\/\/radioljubuski.ba\/wp-content\/uploads\/2021\/06\/doktor.jpg","datePublished":"2021-08-19T21:36:33+00:00","dateModified":"2021-08-19T21:36:34+00:00","breadcrumb":{"@id":"https:\/\/radioljubuski.ba\/index.php\/2021\/08\/19\/skandal-u-bolnici-u-australiji-bez-diplome-lijecila-ljude-od-korone-punih-osam-mjeseci\/#breadcrumb"},"inLanguage":"hr","potentialAction":[{"@type":"ReadAction","target":["https:\/\/radioljubuski.ba\/index.php\/2021\/08\/19\/skandal-u-bolnici-u-australiji-bez-diplome-lijecila-ljude-od-korone-punih-osam-mjeseci\/"]}]},{"@type":"ImageObject","inLanguage":"hr","@id":"https:\/\/radioljubuski.ba\/index.php\/2021\/08\/19\/skandal-u-bolnici-u-australiji-bez-diplome-lijecila-ljude-od-korone-punih-osam-mjeseci\/#primaryimage","url":"https:\/\/radioljubuski.ba\/wp-content\/uploads\/2021\/06\/doktor.jpg","contentUrl":"https:\/\/radioljubuski.ba\/wp-content\/uploads\/2021\/06\/doktor.jpg","width":1000,"height":625},{"@type":"BreadcrumbList","@id":"https:\/\/radioljubuski.ba\/index.php\/2021\/08\/19\/skandal-u-bolnici-u-australiji-bez-diplome-lijecila-ljude-od-korone-punih-osam-mjeseci\/#breadcrumb","itemListElement":[{"@type":"ListItem","position":1,"name":"Po\u010detna stranica","item":"https:\/\/radioljubuski.ba\/"},{"@type":"ListItem","position":2,"name":"Skandal u bolnici u Australiji: Bez diplome &#8220;lije\u010dila&#8221; ljude od korone punih osam mjeseci"}]},{"@type":"WebSite","@id":"https:\/\/radioljubuski.ba\/#website","url":"https:\/\/radioljubuski.ba\/","name":"Radio Ljubu\u0161ki","description":"Sun\u010dana frekvencija Hercegovine","publisher":{"@id":"https:\/\/radioljubuski.ba\/#organization"},"potentialAction":[{"@type":"SearchAction","target":{"@type":"EntryPoint","urlTemplate":"https:\/\/radioljubuski.ba\/?s={search_term_string}"},"query-input":{"@type":"PropertyValueSpecification","valueRequired":true,"valueName":"search_term_string"}}],"inLanguage":"hr"},{"@type":"Organization","@id":"https:\/\/radioljubuski.ba\/#organization","name":"Radio Ljubu\u0161ki","url":"https:\/\/radioljubuski.ba\/","logo":{"@type":"ImageObject","inLanguage":"hr","@id":"https:\/\/radioljubuski.ba\/#\/schema\/logo\/image\/","url":"https:\/\/radioljubuski.ba\/wp-content\/uploads\/2021\/02\/cropped-Radio_Ljubuski_logo1.jpg","contentUrl":"https:\/\/radioljubuski.ba\/wp-content\/uploads\/2021\/02\/cropped-Radio_Ljubuski_logo1.jpg","width":512,"height":512,"caption":"Radio Ljubu\u0161ki"},"image":{"@id":"https:\/\/radioljubuski.ba\/#\/schema\/logo\/image\/"},"sameAs":["https:\/\/www.facebook.com\/Radiio-Ljubuski-1490835324566332","https:\/\/x.com\/radioljubuski","https:\/\/hr.linkedin.com\/company\/radio-ljubuski","https:\/\/www.youtube.com\/channel\/UCHYaeO_n0Db3tjNGudGpXyw"]},{"@type":"Person","@id":"https:\/\/radioljubuski.ba\/#\/schema\/person\/19fc700381a780f69665d7956c469e3b","name":"Radio Ljubu\u0161ki"}]}},"_links":{"self":[{"href":"https:\/\/radioljubuski.ba\/index.php\/wp-json\/wp\/v2\/posts\/55252","targetHints":{"allow":["GET"]}}],"collection":[{"href":"https:\/\/radioljubuski.ba\/index.php\/wp-json\/wp\/v2\/posts"}],"about":[{"href":"https:\/\/radioljubuski.ba\/index.php\/wp-json\/wp\/v2\/types\/post"}],"author":[{"embeddable":true,"href":"https:\/\/radioljubuski.ba\/index.php\/wp-json\/wp\/v2\/users\/2"}],"replies":[{"embeddable":true,"href":"https:\/\/radioljubuski.ba\/index.php\/wp-json\/wp\/v2\/comments?post=55252"}],"version-history":[{"count":1,"href":"https:\/\/radioljubuski.ba\/index.php\/wp-json\/wp\/v2\/posts\/55252\/revisions"}],"predecessor-version":[{"id":55253,"href":"https:\/\/radioljubuski.ba\/index.php\/wp-json\/wp\/v2\/posts\/55252\/revisions\/55253"}],"wp:featuredmedia":[{"embeddable":true,"href":"https:\/\/radioljubuski.ba\/index.php\/wp-json\/wp\/v2\/media\/28066"}],"wp:attachment":[{"href":"https:\/\/radioljubuski.ba\/index.php\/wp-json\/wp\/v2\/media?parent=55252"}],"wp:term":[{"taxonomy":"category","embeddable":true,"href":"https:\/\/radioljubuski.ba\/index.php\/wp-json\/wp\/v2\/categories?post=55252"},{"taxonomy":"post_tag","embeddable":true,"href":"https:\/\/radioljubuski.ba\/index.php\/wp-json\/wp\/v2\/tags?post=55252"}],"curies":[{"name":"wp","href":"https:\/\/api.w.org\/{rel}","templated":true}]}}