{"id":55266,"date":"2021-08-19T22:46:05","date_gmt":"2021-08-19T21:46:05","guid":{"rendered":"https:\/\/radioljubuski.ba\/?p=55266"},"modified":"2021-08-19T22:46:06","modified_gmt":"2021-08-19T21:46:06","slug":"dinamo-nekoliko-tjedana-bez-perica","status":"publish","type":"post","link":"https:\/\/radioljubuski.ba\/index.php\/2021\/08\/19\/dinamo-nekoliko-tjedana-bez-perica\/","title":{"rendered":"Dinamo nekoliko tjedana bez Peri\u0107a"},"content":{"rendered":"\n<p><strong>Dinamov brani\u010d Dino Peri\u0107 izostat \u0107e s nogometnih terena nekoliko tjedana, objavio je Dinamo nekon lije\u010dni\u010dkog pregleda. To zna\u010di da Krznar sigurno ne mo\u017ee ra\u010dunati na njega za uzvratni dvoboj doigravanja Lige prvaka protiv \u0160erifa.<\/strong><\/p>\n\n\n\n<p>Peri\u0107 se ozlijedio i morao je biti zamijenjen u 21. minuti dvoboja Dinama u Tiraspolu. Izgledalo je lo\u0161e, no pregled je otkrio da ozljeda nije prete\u0161ka, rije\u010d je o mi\u0161i\u0107u, a za mjesec dana bi dvadesetsedmogodi\u0161njak mogao opet biti u kadru.<\/p>\n\n\n\n<p>Strah je bio velik jer Peri\u0107u je u velja\u010di 2020. puknuo kri\u017eni ligament i nije ga bilo sedam mjeseci. Prije te ozljede bio je u sjajnoj formi i postao je ozbiljan kandidat za reprezentaciju, a onda ga je tako duga\u010dak izostanak unazadio.<\/p>\n\n\n\n<p>Kako Dinamu nedostaje i&nbsp;<strong>Lauritsen<\/strong>, Damir Krznar za uzvrat sa \u0160erifom ima na raspolaganju&nbsp; samo jednog iskusnog stopera,&nbsp;<strong>Kevina Theophilea-Catherine<\/strong>a. Od ostalih izostanaka gotovo sigurno ne\u0107e biti kapetana<strong>&nbsp;Arijana Ademija<\/strong>, \u0161to \u0107e zna\u010dajno ote\u017eati posao Modrima u poku\u0161aju nadokna\u0111ivanja zaostatka 3:0 iz prve utakmice.<\/p>\n\n\n\n<p>Izvor:hrt.hr<\/p>\n","protected":false},"excerpt":{"rendered":"<p>Dinamov brani\u010d Dino Peri\u0107 izostat \u0107e s nogometnih terena nekoliko tjedana, objavio je Dinamo nekon lije\u010dni\u010dkog pregleda. To zna\u010di da Krznar sigurno ne mo\u017ee ra\u010dunati na njega za uzvratni dvoboj doigravanja Lige prvaka protiv \u0160erifa. Peri\u0107 se ozlijedio i morao je biti zamijenjen u 21. minuti dvoboja Dinama u Tiraspolu. Izgledalo je lo\u0161e, no pregled [&hellip;]<\/p>\n","protected":false},"author":2,"featured_media":55267,"comment_status":"closed","ping_status":"closed","sticky":false,"template":"","format":"standard","meta":{"h5ap_radio_sources":[],"footnotes":""},"categories":[7],"tags":[],"class_list":["post-55266","post","type-post","status-publish","format-standard","has-post-thumbnail","hentry","category-sport"],"yoast_head":"<!-- This site is optimized with the Yoast SEO plugin v27.5 - https:\/\/yoast.com\/product\/yoast-seo-wordpress\/ -->\n<title>Dinamo nekoliko tjedana bez Peri\u0107a - RADIO LJUBU\u0160KI<\/title>\n<meta name=\"robots\" content=\"index, follow, max-snippet:-1, max-image-preview:large, max-video-preview:-1\" \/>\n<link rel=\"canonical\" href=\"https:\/\/radioljubuski.ba\/index.php\/2021\/08\/19\/dinamo-nekoliko-tjedana-bez-perica\/\" \/>\n<meta property=\"og:locale\" content=\"hr_HR\" \/>\n<meta property=\"og:type\" content=\"article\" \/>\n<meta property=\"og:title\" content=\"Dinamo nekoliko tjedana bez Peri\u0107a - RADIO LJUBU\u0160KI\" \/>\n<meta property=\"og:description\" content=\"Dinamov brani\u010d Dino Peri\u0107 izostat \u0107e s nogometnih terena nekoliko tjedana, objavio je Dinamo nekon lije\u010dni\u010dkog pregleda. To zna\u010di da Krznar sigurno ne mo\u017ee ra\u010dunati na njega za uzvratni dvoboj doigravanja Lige prvaka protiv \u0160erifa. Peri\u0107 se ozlijedio i morao je biti zamijenjen u 21. minuti dvoboja Dinama u Tiraspolu. Izgledalo je lo\u0161e, no pregled [&hellip;]\" \/>\n<meta property=\"og:url\" content=\"https:\/\/radioljubuski.ba\/index.php\/2021\/08\/19\/dinamo-nekoliko-tjedana-bez-perica\/\" \/>\n<meta property=\"og:site_name\" content=\"RADIO LJUBU\u0160KI\" \/>\n<meta property=\"article:publisher\" content=\"https:\/\/www.facebook.com\/Radiio-Ljubuski-1490835324566332\" \/>\n<meta property=\"article:published_time\" content=\"2021-08-19T21:46:05+00:00\" \/>\n<meta property=\"article:modified_time\" content=\"2021-08-19T21:46:06+00:00\" \/>\n<meta property=\"og:image\" content=\"https:\/\/radioljubuski.ba\/wp-content\/uploads\/2021\/08\/peric-dino1908-20210819160256.jpg\" \/>\n\t<meta property=\"og:image:width\" content=\"2248\" \/>\n\t<meta property=\"og:image:height\" content=\"1452\" \/>\n\t<meta property=\"og:image:type\" content=\"image\/jpeg\" \/>\n<meta name=\"author\" content=\"Radio Ljubu\u0161ki\" \/>\n<meta name=\"twitter:card\" content=\"summary_large_image\" \/>\n<meta name=\"twitter:creator\" content=\"@radioljubuski\" \/>\n<meta name=\"twitter:site\" content=\"@radioljubuski\" \/>\n<meta name=\"twitter:label1\" content=\"Napisao\/la\" \/>\n\t<meta name=\"twitter:data1\" content=\"Radio Ljubu\u0161ki\" \/>\n\t<meta name=\"twitter:label2\" content=\"Procijenjeno vrijeme \u010ditanja\" \/>\n\t<meta name=\"twitter:data2\" content=\"1 minuta\" \/>\n<script type=\"application\/ld+json\" class=\"yoast-schema-graph\">{\"@context\":\"https:\\\/\\\/schema.org\",\"@graph\":[{\"@type\":\"Article\",\"@id\":\"https:\\\/\\\/radioljubuski.ba\\\/index.php\\\/2021\\\/08\\\/19\\\/dinamo-nekoliko-tjedana-bez-perica\\\/#article\",\"isPartOf\":{\"@id\":\"https:\\\/\\\/radioljubuski.ba\\\/index.php\\\/2021\\\/08\\\/19\\\/dinamo-nekoliko-tjedana-bez-perica\\\/\"},\"author\":{\"name\":\"Radio Ljubu\u0161ki\",\"@id\":\"https:\\\/\\\/radioljubuski.ba\\\/#\\\/schema\\\/person\\\/19fc700381a780f69665d7956c469e3b\"},\"headline\":\"Dinamo nekoliko tjedana bez Peri\u0107a\",\"datePublished\":\"2021-08-19T21:46:05+00:00\",\"dateModified\":\"2021-08-19T21:46:06+00:00\",\"mainEntityOfPage\":{\"@id\":\"https:\\\/\\\/radioljubuski.ba\\\/index.php\\\/2021\\\/08\\\/19\\\/dinamo-nekoliko-tjedana-bez-perica\\\/\"},\"wordCount\":191,\"publisher\":{\"@id\":\"https:\\\/\\\/radioljubuski.ba\\\/#organization\"},\"image\":{\"@id\":\"https:\\\/\\\/radioljubuski.ba\\\/index.php\\\/2021\\\/08\\\/19\\\/dinamo-nekoliko-tjedana-bez-perica\\\/#primaryimage\"},\"thumbnailUrl\":\"https:\\\/\\\/radioljubuski.ba\\\/wp-content\\\/uploads\\\/2021\\\/08\\\/peric-dino1908-20210819160256.jpg\",\"articleSection\":[\"\u0160port\"],\"inLanguage\":\"hr\"},{\"@type\":\"WebPage\",\"@id\":\"https:\\\/\\\/radioljubuski.ba\\\/index.php\\\/2021\\\/08\\\/19\\\/dinamo-nekoliko-tjedana-bez-perica\\\/\",\"url\":\"https:\\\/\\\/radioljubuski.ba\\\/index.php\\\/2021\\\/08\\\/19\\\/dinamo-nekoliko-tjedana-bez-perica\\\/\",\"name\":\"Dinamo nekoliko tjedana bez Peri\u0107a - RADIO LJUBU\u0160KI\",\"isPartOf\":{\"@id\":\"https:\\\/\\\/radioljubuski.ba\\\/#website\"},\"primaryImageOfPage\":{\"@id\":\"https:\\\/\\\/radioljubuski.ba\\\/index.php\\\/2021\\\/08\\\/19\\\/dinamo-nekoliko-tjedana-bez-perica\\\/#primaryimage\"},\"image\":{\"@id\":\"https:\\\/\\\/radioljubuski.ba\\\/index.php\\\/2021\\\/08\\\/19\\\/dinamo-nekoliko-tjedana-bez-perica\\\/#primaryimage\"},\"thumbnailUrl\":\"https:\\\/\\\/radioljubuski.ba\\\/wp-content\\\/uploads\\\/2021\\\/08\\\/peric-dino1908-20210819160256.jpg\",\"datePublished\":\"2021-08-19T21:46:05+00:00\",\"dateModified\":\"2021-08-19T21:46:06+00:00\",\"breadcrumb\":{\"@id\":\"https:\\\/\\\/radioljubuski.ba\\\/index.php\\\/2021\\\/08\\\/19\\\/dinamo-nekoliko-tjedana-bez-perica\\\/#breadcrumb\"},\"inLanguage\":\"hr\",\"potentialAction\":[{\"@type\":\"ReadAction\",\"target\":[\"https:\\\/\\\/radioljubuski.ba\\\/index.php\\\/2021\\\/08\\\/19\\\/dinamo-nekoliko-tjedana-bez-perica\\\/\"]}]},{\"@type\":\"ImageObject\",\"inLanguage\":\"hr\",\"@id\":\"https:\\\/\\\/radioljubuski.ba\\\/index.php\\\/2021\\\/08\\\/19\\\/dinamo-nekoliko-tjedana-bez-perica\\\/#primaryimage\",\"url\":\"https:\\\/\\\/radioljubuski.ba\\\/wp-content\\\/uploads\\\/2021\\\/08\\\/peric-dino1908-20210819160256.jpg\",\"contentUrl\":\"https:\\\/\\\/radioljubuski.ba\\\/wp-content\\\/uploads\\\/2021\\\/08\\\/peric-dino1908-20210819160256.jpg\",\"width\":2248,\"height\":1452},{\"@type\":\"BreadcrumbList\",\"@id\":\"https:\\\/\\\/radioljubuski.ba\\\/index.php\\\/2021\\\/08\\\/19\\\/dinamo-nekoliko-tjedana-bez-perica\\\/#breadcrumb\",\"itemListElement\":[{\"@type\":\"ListItem\",\"position\":1,\"name\":\"Po\u010detna stranica\",\"item\":\"https:\\\/\\\/radioljubuski.ba\\\/\"},{\"@type\":\"ListItem\",\"position\":2,\"name\":\"Dinamo nekoliko tjedana bez Peri\u0107a\"}]},{\"@type\":\"WebSite\",\"@id\":\"https:\\\/\\\/radioljubuski.ba\\\/#website\",\"url\":\"https:\\\/\\\/radioljubuski.ba\\\/\",\"name\":\"Radio Ljubu\u0161ki\",\"description\":\"Sun\u010dana frekvencija Hercegovine\",\"publisher\":{\"@id\":\"https:\\\/\\\/radioljubuski.ba\\\/#organization\"},\"potentialAction\":[{\"@type\":\"SearchAction\",\"target\":{\"@type\":\"EntryPoint\",\"urlTemplate\":\"https:\\\/\\\/radioljubuski.ba\\\/?s={search_term_string}\"},\"query-input\":{\"@type\":\"PropertyValueSpecification\",\"valueRequired\":true,\"valueName\":\"search_term_string\"}}],\"inLanguage\":\"hr\"},{\"@type\":\"Organization\",\"@id\":\"https:\\\/\\\/radioljubuski.ba\\\/#organization\",\"name\":\"Radio Ljubu\u0161ki\",\"url\":\"https:\\\/\\\/radioljubuski.ba\\\/\",\"logo\":{\"@type\":\"ImageObject\",\"inLanguage\":\"hr\",\"@id\":\"https:\\\/\\\/radioljubuski.ba\\\/#\\\/schema\\\/logo\\\/image\\\/\",\"url\":\"https:\\\/\\\/radioljubuski.ba\\\/wp-content\\\/uploads\\\/2021\\\/02\\\/cropped-Radio_Ljubuski_logo1.jpg\",\"contentUrl\":\"https:\\\/\\\/radioljubuski.ba\\\/wp-content\\\/uploads\\\/2021\\\/02\\\/cropped-Radio_Ljubuski_logo1.jpg\",\"width\":512,\"height\":512,\"caption\":\"Radio Ljubu\u0161ki\"},\"image\":{\"@id\":\"https:\\\/\\\/radioljubuski.ba\\\/#\\\/schema\\\/logo\\\/image\\\/\"},\"sameAs\":[\"https:\\\/\\\/www.facebook.com\\\/Radiio-Ljubuski-1490835324566332\",\"https:\\\/\\\/x.com\\\/radioljubuski\",\"https:\\\/\\\/hr.linkedin.com\\\/company\\\/radio-ljubuski\",\"https:\\\/\\\/www.youtube.com\\\/channel\\\/UCHYaeO_n0Db3tjNGudGpXyw\"]},{\"@type\":\"Person\",\"@id\":\"https:\\\/\\\/radioljubuski.ba\\\/#\\\/schema\\\/person\\\/19fc700381a780f69665d7956c469e3b\",\"name\":\"Radio Ljubu\u0161ki\"}]}<\/script>\n<!-- \/ Yoast SEO plugin. -->","yoast_head_json":{"title":"Dinamo nekoliko tjedana bez Peri\u0107a - RADIO LJUBU\u0160KI","robots":{"index":"index","follow":"follow","max-snippet":"max-snippet:-1","max-image-preview":"max-image-preview:large","max-video-preview":"max-video-preview:-1"},"canonical":"https:\/\/radioljubuski.ba\/index.php\/2021\/08\/19\/dinamo-nekoliko-tjedana-bez-perica\/","og_locale":"hr_HR","og_type":"article","og_title":"Dinamo nekoliko tjedana bez Peri\u0107a - RADIO LJUBU\u0160KI","og_description":"Dinamov brani\u010d Dino Peri\u0107 izostat \u0107e s nogometnih terena nekoliko tjedana, objavio je Dinamo nekon lije\u010dni\u010dkog pregleda. To zna\u010di da Krznar sigurno ne mo\u017ee ra\u010dunati na njega za uzvratni dvoboj doigravanja Lige prvaka protiv \u0160erifa. Peri\u0107 se ozlijedio i morao je biti zamijenjen u 21. minuti dvoboja Dinama u Tiraspolu. Izgledalo je lo\u0161e, no pregled [&hellip;]","og_url":"https:\/\/radioljubuski.ba\/index.php\/2021\/08\/19\/dinamo-nekoliko-tjedana-bez-perica\/","og_site_name":"RADIO LJUBU\u0160KI","article_publisher":"https:\/\/www.facebook.com\/Radiio-Ljubuski-1490835324566332","article_published_time":"2021-08-19T21:46:05+00:00","article_modified_time":"2021-08-19T21:46:06+00:00","og_image":[{"width":2248,"height":1452,"url":"https:\/\/radioljubuski.ba\/wp-content\/uploads\/2021\/08\/peric-dino1908-20210819160256.jpg","type":"image\/jpeg"}],"author":"Radio Ljubu\u0161ki","twitter_card":"summary_large_image","twitter_creator":"@radioljubuski","twitter_site":"@radioljubuski","twitter_misc":{"Napisao\/la":"Radio Ljubu\u0161ki","Procijenjeno vrijeme \u010ditanja":"1 minuta"},"schema":{"@context":"https:\/\/schema.org","@graph":[{"@type":"Article","@id":"https:\/\/radioljubuski.ba\/index.php\/2021\/08\/19\/dinamo-nekoliko-tjedana-bez-perica\/#article","isPartOf":{"@id":"https:\/\/radioljubuski.ba\/index.php\/2021\/08\/19\/dinamo-nekoliko-tjedana-bez-perica\/"},"author":{"name":"Radio Ljubu\u0161ki","@id":"https:\/\/radioljubuski.ba\/#\/schema\/person\/19fc700381a780f69665d7956c469e3b"},"headline":"Dinamo nekoliko tjedana bez Peri\u0107a","datePublished":"2021-08-19T21:46:05+00:00","dateModified":"2021-08-19T21:46:06+00:00","mainEntityOfPage":{"@id":"https:\/\/radioljubuski.ba\/index.php\/2021\/08\/19\/dinamo-nekoliko-tjedana-bez-perica\/"},"wordCount":191,"publisher":{"@id":"https:\/\/radioljubuski.ba\/#organization"},"image":{"@id":"https:\/\/radioljubuski.ba\/index.php\/2021\/08\/19\/dinamo-nekoliko-tjedana-bez-perica\/#primaryimage"},"thumbnailUrl":"https:\/\/radioljubuski.ba\/wp-content\/uploads\/2021\/08\/peric-dino1908-20210819160256.jpg","articleSection":["\u0160port"],"inLanguage":"hr"},{"@type":"WebPage","@id":"https:\/\/radioljubuski.ba\/index.php\/2021\/08\/19\/dinamo-nekoliko-tjedana-bez-perica\/","url":"https:\/\/radioljubuski.ba\/index.php\/2021\/08\/19\/dinamo-nekoliko-tjedana-bez-perica\/","name":"Dinamo nekoliko tjedana bez Peri\u0107a - RADIO LJUBU\u0160KI","isPartOf":{"@id":"https:\/\/radioljubuski.ba\/#website"},"primaryImageOfPage":{"@id":"https:\/\/radioljubuski.ba\/index.php\/2021\/08\/19\/dinamo-nekoliko-tjedana-bez-perica\/#primaryimage"},"image":{"@id":"https:\/\/radioljubuski.ba\/index.php\/2021\/08\/19\/dinamo-nekoliko-tjedana-bez-perica\/#primaryimage"},"thumbnailUrl":"https:\/\/radioljubuski.ba\/wp-content\/uploads\/2021\/08\/peric-dino1908-20210819160256.jpg","datePublished":"2021-08-19T21:46:05+00:00","dateModified":"2021-08-19T21:46:06+00:00","breadcrumb":{"@id":"https:\/\/radioljubuski.ba\/index.php\/2021\/08\/19\/dinamo-nekoliko-tjedana-bez-perica\/#breadcrumb"},"inLanguage":"hr","potentialAction":[{"@type":"ReadAction","target":["https:\/\/radioljubuski.ba\/index.php\/2021\/08\/19\/dinamo-nekoliko-tjedana-bez-perica\/"]}]},{"@type":"ImageObject","inLanguage":"hr","@id":"https:\/\/radioljubuski.ba\/index.php\/2021\/08\/19\/dinamo-nekoliko-tjedana-bez-perica\/#primaryimage","url":"https:\/\/radioljubuski.ba\/wp-content\/uploads\/2021\/08\/peric-dino1908-20210819160256.jpg","contentUrl":"https:\/\/radioljubuski.ba\/wp-content\/uploads\/2021\/08\/peric-dino1908-20210819160256.jpg","width":2248,"height":1452},{"@type":"BreadcrumbList","@id":"https:\/\/radioljubuski.ba\/index.php\/2021\/08\/19\/dinamo-nekoliko-tjedana-bez-perica\/#breadcrumb","itemListElement":[{"@type":"ListItem","position":1,"name":"Po\u010detna stranica","item":"https:\/\/radioljubuski.ba\/"},{"@type":"ListItem","position":2,"name":"Dinamo nekoliko tjedana bez Peri\u0107a"}]},{"@type":"WebSite","@id":"https:\/\/radioljubuski.ba\/#website","url":"https:\/\/radioljubuski.ba\/","name":"Radio Ljubu\u0161ki","description":"Sun\u010dana frekvencija Hercegovine","publisher":{"@id":"https:\/\/radioljubuski.ba\/#organization"},"potentialAction":[{"@type":"SearchAction","target":{"@type":"EntryPoint","urlTemplate":"https:\/\/radioljubuski.ba\/?s={search_term_string}"},"query-input":{"@type":"PropertyValueSpecification","valueRequired":true,"valueName":"search_term_string"}}],"inLanguage":"hr"},{"@type":"Organization","@id":"https:\/\/radioljubuski.ba\/#organization","name":"Radio Ljubu\u0161ki","url":"https:\/\/radioljubuski.ba\/","logo":{"@type":"ImageObject","inLanguage":"hr","@id":"https:\/\/radioljubuski.ba\/#\/schema\/logo\/image\/","url":"https:\/\/radioljubuski.ba\/wp-content\/uploads\/2021\/02\/cropped-Radio_Ljubuski_logo1.jpg","contentUrl":"https:\/\/radioljubuski.ba\/wp-content\/uploads\/2021\/02\/cropped-Radio_Ljubuski_logo1.jpg","width":512,"height":512,"caption":"Radio Ljubu\u0161ki"},"image":{"@id":"https:\/\/radioljubuski.ba\/#\/schema\/logo\/image\/"},"sameAs":["https:\/\/www.facebook.com\/Radiio-Ljubuski-1490835324566332","https:\/\/x.com\/radioljubuski","https:\/\/hr.linkedin.com\/company\/radio-ljubuski","https:\/\/www.youtube.com\/channel\/UCHYaeO_n0Db3tjNGudGpXyw"]},{"@type":"Person","@id":"https:\/\/radioljubuski.ba\/#\/schema\/person\/19fc700381a780f69665d7956c469e3b","name":"Radio Ljubu\u0161ki"}]}},"_links":{"self":[{"href":"https:\/\/radioljubuski.ba\/index.php\/wp-json\/wp\/v2\/posts\/55266","targetHints":{"allow":["GET"]}}],"collection":[{"href":"https:\/\/radioljubuski.ba\/index.php\/wp-json\/wp\/v2\/posts"}],"about":[{"href":"https:\/\/radioljubuski.ba\/index.php\/wp-json\/wp\/v2\/types\/post"}],"author":[{"embeddable":true,"href":"https:\/\/radioljubuski.ba\/index.php\/wp-json\/wp\/v2\/users\/2"}],"replies":[{"embeddable":true,"href":"https:\/\/radioljubuski.ba\/index.php\/wp-json\/wp\/v2\/comments?post=55266"}],"version-history":[{"count":1,"href":"https:\/\/radioljubuski.ba\/index.php\/wp-json\/wp\/v2\/posts\/55266\/revisions"}],"predecessor-version":[{"id":55268,"href":"https:\/\/radioljubuski.ba\/index.php\/wp-json\/wp\/v2\/posts\/55266\/revisions\/55268"}],"wp:featuredmedia":[{"embeddable":true,"href":"https:\/\/radioljubuski.ba\/index.php\/wp-json\/wp\/v2\/media\/55267"}],"wp:attachment":[{"href":"https:\/\/radioljubuski.ba\/index.php\/wp-json\/wp\/v2\/media?parent=55266"}],"wp:term":[{"taxonomy":"category","embeddable":true,"href":"https:\/\/radioljubuski.ba\/index.php\/wp-json\/wp\/v2\/categories?post=55266"},{"taxonomy":"post_tag","embeddable":true,"href":"https:\/\/radioljubuski.ba\/index.php\/wp-json\/wp\/v2\/tags?post=55266"}],"curies":[{"name":"wp","href":"https:\/\/api.w.org\/{rel}","templated":true}]}}