{"id":55269,"date":"2021-08-19T22:48:03","date_gmt":"2021-08-19T21:48:03","guid":{"rendered":"https:\/\/radioljubuski.ba\/?p=55269"},"modified":"2021-08-19T22:48:04","modified_gmt":"2021-08-19T21:48:04","slug":"rijeka-u-sudackoj-nadoknadi-ostala-bez-pobjede-u-solunu","status":"publish","type":"post","link":"https:\/\/radioljubuski.ba\/index.php\/2021\/08\/19\/rijeka-u-sudackoj-nadoknadi-ostala-bez-pobjede-u-solunu\/","title":{"rendered":"Rijeka u suda\u010dkoj nadoknadi ostala bez pobjede u Solunu"},"content":{"rendered":"\n<p><strong>Nogometa\u0161i Rijeke&nbsp; odigrali su 1:1 s PAOK-om na stadionu Tuomba u Solunu u prvom susretu doigravanja Konferencijske lige. Gosti su poveli golom Lepinjice u 33. minuti, a potom su izdr\u017eali stra\u0161an pritisak doma\u0107ina u drugom poluvremenu, da bi nakon svega ispustili pobjedu nesretnim autogolom Gale\u0161i\u0107a u \u010detvrtoj minuti suda\u010dke nadoknade.&nbsp;<\/strong><\/p>\n\n\n\n<p>Rijeku su sekunde dijelile od pobjede nad PAOK-om, ali je prva utakmica ipak zavr\u0161ila 1:1 te \u0107e joj za plasman u grupnu fazu ovog natjecanja biti potrebna pobjeda za tjedan dana u uzvratu na Rujevici.&nbsp;<\/p>\n\n\n\n<p>Rijeka je do vode\u0107eg pogotka do\u0161la u 33. minuti, kad je preciznim i sna\u017enim udarcem s vi\u0161e od 20 metara mre\u017eu pogodio&nbsp;<strong>Ivan Lepinjica<\/strong>. Sve do posljednje minute su\u010devog dodatka u drugom dijelu Rije\u010dani su dr\u017eali prednost, a tada je nakon uba\u010daja iz kuta lopta pogodila brani\u010da Rijeke&nbsp;<strong>Niku Gale\u0161i\u0107a<\/strong>&nbsp;i od njega se odbila u mre\u017eu za kona\u010dnih 1:1.<br><br>Nogometa\u0161i Rijeke nisu se upla\u0161ili vatrenog do\u010deka u Solunu ni po\u010detne inicijative doma\u0107e mom\u010dadi. Dobro postavljena rije\u010dka obrana, s trojicom igra\u010da u zadnjoj liniji i zgusnutim veznim redom, otupila je o\u0161tricu napada PAOK-a, \u010diji su igra\u010di rijetko dolazili do prilike za udarce iz kaznenog prostora.<\/p>\n\n\n\n<p>Rije\u010dani su svaku priliku za polukontre i kontre poku\u0161ali iskoristiti. Iz jedne takve akcije se u 17. minuti umalo zatresla mre\u017ea doma\u0107e mom\u010dadi. Nakon&nbsp;<strong>Vuk\u010devi\u0107evog&nbsp;<\/strong>uba\u010daja lopta je do\u0161la do&nbsp;<strong>Tome\u010daka<\/strong>&nbsp;koji je pucao s 20-ak metara, a na putu prema golu loptu je skrenuo doma\u0107i brani\u010d&nbsp;<strong>Crespo<\/strong>. Vratar&nbsp;<strong>Paschalakis<\/strong>, koji je ve\u0107 bio krenuo u svoju lijevu stranu, uspio se na vrijeme zaustaviti, baciti u desno i odbiti loptu izvan granica igrali\u0161ta.<br><br>No, u 33. minuti ni Paschalakis nije uspio sprije\u010diti Rije\u010dane da do\u0111u do vodstva na Toumbi. Nakon jedne izgubljene lopte doma\u0107ih oko sredine terena Gnezda&nbsp;<strong>\u010cerin&nbsp;<\/strong>je povukao prema kaznenom prostoru PAOK-a i predao loptu za 22-godi\u0161njeg Ivana Lepinjicu.<br><br>Defenzivni veznjak Rijeke je s loptom napravio nekoliko koraka i uputio udarac s vi\u0161e od 20 metara. Lopta je pro\u0161la ispod noge jednog doma\u0107eg obrambenog igra\u010da i zavr\u0161ila u desnom donjem kutu. Paschalakis se ispru\u017eio koliko je mogao, ali udarac Lepinjice bio je precizan i sna\u017ean.<br><br>Lepinjici je ovo \u010detvrti pogodak u rije\u010dkom dresu, a prvi u europskim natjecanjima.<\/p>\n\n\n\n<p>PAOK je poku\u0161ao do kraja poluvremena popraviti stanje na semaforu, a najaktivniji u tim poku\u0161ajima bio je poljski napada\u010d&nbsp;<strong>Karol \u0160viderski<\/strong>. U 39. minuti je njegov udarac iz kaznenog prostora od bloka oti\u0161ao u korner, a u 44. minuti je&nbsp;<strong>Prskalo&nbsp;<\/strong>zaustavio poku\u0161aj Poljaka glavom.<br><br>Ni Rijeka nije ostala zadovoljna samo jednim pogotkom. U drugoj minuti su\u010devog dodatka u prvom dijelu udarcima iz daljine poku\u0161ali su Lepinjica i Tome\u010dak, ali su oba udarca zavr\u0161ila u doma\u0107em bloku.<br><br>Gr\u010dka mom\u010dad je na po\u010detku drugog poluvremena svom snagom krenula po izjedna\u010denje. U prvih 15 minuta Rijeka gotovo da nije iza\u0161la iz svoje polovice, a gosti su uputili \u0161est udaraca prema Andreju Prskalu, koji je u dva navrata morao intervenirati.<br><br>Za razliku od prvog poluvremena, rije\u010dki kontranapadi u drugom dijelu nisu bili dovoljno precizni, niti ih je bilo toliko. Nedostajalo je odlu\u010dnosti kod dodavanja u zadnjoj tre\u0107ini pa je mom\u010dad&nbsp;<strong>Gorana Tomi\u0107a<\/strong>&nbsp;ostala bez ijednog udarca na gol.<\/p>\n\n\n\n<p>Prijetnje pred Andrejom Prskalom nizale su se u valovima. Sre\u0107om po Rije\u010dane, obrambeni igra\u010di, ba\u0161 kao i iskusni vratar, bili su na visini zadatka sve do posljednjeg napada na utakmici. Ni tada mre\u017eu nisu zatresli igra\u010di PAOK-a.<br><br>Nakon udarca iz kuta u \u010detvrtoj minuti su\u010devog dodatka, u gu\u017evi pred rije\u010dkim vratima loptu je glavom zahvatio 20-godi\u0161nji Niko Gale\u0161i\u0107 i svladao Prskala za kona\u010dnih 1:1.<br><br>Rijeka ima aktivan rezultat za uzvrat na Rujevici koji je na rasporedu 26. kolovoza, ali ostat \u0107e \u017eal za nesretno primljenim pogotkom, ako Rije\u010dani pred svojim navija\u010dima ne uspiju pobijediti Grke i plasirati se u grupnu fazu Konferencijske lige.<\/p>\n\n\n\n<p><strong>PAOK &#8211; RIJEKA 1-1 (0-1)<\/strong><strong><br><br><\/strong>Solun. Stadion Toumba. Sudac: Jerome Brisard (Francuska)<\/p>\n\n\n\n<p>Strijelci: 0-1 Ivan Lepinjica (33), 1-1 Niko Gale\u0161i\u0107 (90+4, ag)<br>\u017duti kartoni: Kurti\u0107 \/ Gnezda \u010cerin, Galovi\u0107<br>Crveni kartoni: &#8211; \/ &#8211;<\/p>\n\n\n\n<p>PAOK: Paschalakis &#8211; Soares (od 31. Taylor), Varela, Crespo, Vieirinha &#8211; Kurti\u0107 (od 90. Kagawa), Schwab &#8211; \u017divkovi\u0107 (od 72. Murg), Biseswar (od 72. Koutsias), El Kaddouri (od 90. Esiti), \u0160widerski<br><br>RIJEKA: Prskalo &#8211; Escoval, Kre\u0161i\u0107, Galovi\u0107 &#8211; Tome\u010dak (od 72. Bu\u0161nja), Vuk\u010devi\u0107 (od 76. Gale\u0161i\u0107), Lepinjica, Gnezda \u010cerin (od 76. Liber), Pavi\u010di\u0107 &#8211; Abass (od 90. Obregon), Ampem<\/p>\n\n\n\n<p>Izvor:hrt.hr<\/p>\n","protected":false},"excerpt":{"rendered":"<p>Nogometa\u0161i Rijeke&nbsp; odigrali su 1:1 s PAOK-om na stadionu Tuomba u Solunu u prvom susretu doigravanja Konferencijske lige. Gosti su poveli golom Lepinjice u 33. minuti, a potom su izdr\u017eali stra\u0161an pritisak doma\u0107ina u drugom poluvremenu, da bi nakon svega ispustili pobjedu nesretnim autogolom Gale\u0161i\u0107a u \u010detvrtoj minuti suda\u010dke nadoknade.&nbsp; Rijeku su sekunde dijelile od [&hellip;]<\/p>\n","protected":false},"author":2,"featured_media":55270,"comment_status":"closed","ping_status":"closed","sticky":false,"template":"","format":"standard","meta":{"h5ap_radio_sources":[],"footnotes":""},"categories":[7],"tags":[],"class_list":["post-55269","post","type-post","status-publish","format-standard","has-post-thumbnail","hentry","category-sport"],"yoast_head":"<!-- This site is optimized with the Yoast SEO plugin v27.5 - https:\/\/yoast.com\/product\/yoast-seo-wordpress\/ -->\n<title>Rijeka u suda\u010dkoj nadoknadi ostala bez pobjede u Solunu - RADIO LJUBU\u0160KI<\/title>\n<meta name=\"robots\" content=\"index, follow, max-snippet:-1, max-image-preview:large, max-video-preview:-1\" \/>\n<link rel=\"canonical\" href=\"https:\/\/radioljubuski.ba\/index.php\/2021\/08\/19\/rijeka-u-sudackoj-nadoknadi-ostala-bez-pobjede-u-solunu\/\" \/>\n<meta property=\"og:locale\" content=\"hr_HR\" \/>\n<meta property=\"og:type\" content=\"article\" \/>\n<meta property=\"og:title\" content=\"Rijeka u suda\u010dkoj nadoknadi ostala bez pobjede u Solunu - RADIO LJUBU\u0160KI\" \/>\n<meta property=\"og:description\" content=\"Nogometa\u0161i Rijeke&nbsp; odigrali su 1:1 s PAOK-om na stadionu Tuomba u Solunu u prvom susretu doigravanja Konferencijske lige. Gosti su poveli golom Lepinjice u 33. minuti, a potom su izdr\u017eali stra\u0161an pritisak doma\u0107ina u drugom poluvremenu, da bi nakon svega ispustili pobjedu nesretnim autogolom Gale\u0161i\u0107a u \u010detvrtoj minuti suda\u010dke nadoknade.&nbsp; Rijeku su sekunde dijelile od [&hellip;]\" \/>\n<meta property=\"og:url\" content=\"https:\/\/radioljubuski.ba\/index.php\/2021\/08\/19\/rijeka-u-sudackoj-nadoknadi-ostala-bez-pobjede-u-solunu\/\" \/>\n<meta property=\"og:site_name\" content=\"RADIO LJUBU\u0160KI\" \/>\n<meta property=\"article:publisher\" content=\"https:\/\/www.facebook.com\/Radiio-Ljubuski-1490835324566332\" \/>\n<meta property=\"article:published_time\" content=\"2021-08-19T21:48:03+00:00\" \/>\n<meta property=\"article:modified_time\" content=\"2021-08-19T21:48:04+00:00\" \/>\n<meta property=\"og:image\" content=\"https:\/\/radioljubuski.ba\/wp-content\/uploads\/2021\/08\/7e85798c6e6bc046b6d3.jpeg\" \/>\n\t<meta property=\"og:image:width\" content=\"612\" \/>\n\t<meta property=\"og:image:height\" content=\"408\" \/>\n\t<meta property=\"og:image:type\" content=\"image\/jpeg\" \/>\n<meta name=\"author\" content=\"Radio Ljubu\u0161ki\" \/>\n<meta name=\"twitter:card\" content=\"summary_large_image\" \/>\n<meta name=\"twitter:creator\" content=\"@radioljubuski\" \/>\n<meta name=\"twitter:site\" content=\"@radioljubuski\" \/>\n<meta name=\"twitter:label1\" content=\"Napisao\/la\" \/>\n\t<meta name=\"twitter:data1\" content=\"Radio Ljubu\u0161ki\" \/>\n\t<meta name=\"twitter:label2\" content=\"Procijenjeno vrijeme \u010ditanja\" \/>\n\t<meta name=\"twitter:data2\" content=\"4 minute\" \/>\n<script type=\"application\/ld+json\" class=\"yoast-schema-graph\">{\"@context\":\"https:\\\/\\\/schema.org\",\"@graph\":[{\"@type\":\"Article\",\"@id\":\"https:\\\/\\\/radioljubuski.ba\\\/index.php\\\/2021\\\/08\\\/19\\\/rijeka-u-sudackoj-nadoknadi-ostala-bez-pobjede-u-solunu\\\/#article\",\"isPartOf\":{\"@id\":\"https:\\\/\\\/radioljubuski.ba\\\/index.php\\\/2021\\\/08\\\/19\\\/rijeka-u-sudackoj-nadoknadi-ostala-bez-pobjede-u-solunu\\\/\"},\"author\":{\"name\":\"Radio Ljubu\u0161ki\",\"@id\":\"https:\\\/\\\/radioljubuski.ba\\\/#\\\/schema\\\/person\\\/19fc700381a780f69665d7956c469e3b\"},\"headline\":\"Rijeka u suda\u010dkoj nadoknadi ostala bez pobjede u Solunu\",\"datePublished\":\"2021-08-19T21:48:03+00:00\",\"dateModified\":\"2021-08-19T21:48:04+00:00\",\"mainEntityOfPage\":{\"@id\":\"https:\\\/\\\/radioljubuski.ba\\\/index.php\\\/2021\\\/08\\\/19\\\/rijeka-u-sudackoj-nadoknadi-ostala-bez-pobjede-u-solunu\\\/\"},\"wordCount\":813,\"publisher\":{\"@id\":\"https:\\\/\\\/radioljubuski.ba\\\/#organization\"},\"image\":{\"@id\":\"https:\\\/\\\/radioljubuski.ba\\\/index.php\\\/2021\\\/08\\\/19\\\/rijeka-u-sudackoj-nadoknadi-ostala-bez-pobjede-u-solunu\\\/#primaryimage\"},\"thumbnailUrl\":\"https:\\\/\\\/radioljubuski.ba\\\/wp-content\\\/uploads\\\/2021\\\/08\\\/7e85798c6e6bc046b6d3.jpeg\",\"articleSection\":[\"\u0160port\"],\"inLanguage\":\"hr\"},{\"@type\":\"WebPage\",\"@id\":\"https:\\\/\\\/radioljubuski.ba\\\/index.php\\\/2021\\\/08\\\/19\\\/rijeka-u-sudackoj-nadoknadi-ostala-bez-pobjede-u-solunu\\\/\",\"url\":\"https:\\\/\\\/radioljubuski.ba\\\/index.php\\\/2021\\\/08\\\/19\\\/rijeka-u-sudackoj-nadoknadi-ostala-bez-pobjede-u-solunu\\\/\",\"name\":\"Rijeka u suda\u010dkoj nadoknadi ostala bez pobjede u Solunu - RADIO LJUBU\u0160KI\",\"isPartOf\":{\"@id\":\"https:\\\/\\\/radioljubuski.ba\\\/#website\"},\"primaryImageOfPage\":{\"@id\":\"https:\\\/\\\/radioljubuski.ba\\\/index.php\\\/2021\\\/08\\\/19\\\/rijeka-u-sudackoj-nadoknadi-ostala-bez-pobjede-u-solunu\\\/#primaryimage\"},\"image\":{\"@id\":\"https:\\\/\\\/radioljubuski.ba\\\/index.php\\\/2021\\\/08\\\/19\\\/rijeka-u-sudackoj-nadoknadi-ostala-bez-pobjede-u-solunu\\\/#primaryimage\"},\"thumbnailUrl\":\"https:\\\/\\\/radioljubuski.ba\\\/wp-content\\\/uploads\\\/2021\\\/08\\\/7e85798c6e6bc046b6d3.jpeg\",\"datePublished\":\"2021-08-19T21:48:03+00:00\",\"dateModified\":\"2021-08-19T21:48:04+00:00\",\"breadcrumb\":{\"@id\":\"https:\\\/\\\/radioljubuski.ba\\\/index.php\\\/2021\\\/08\\\/19\\\/rijeka-u-sudackoj-nadoknadi-ostala-bez-pobjede-u-solunu\\\/#breadcrumb\"},\"inLanguage\":\"hr\",\"potentialAction\":[{\"@type\":\"ReadAction\",\"target\":[\"https:\\\/\\\/radioljubuski.ba\\\/index.php\\\/2021\\\/08\\\/19\\\/rijeka-u-sudackoj-nadoknadi-ostala-bez-pobjede-u-solunu\\\/\"]}]},{\"@type\":\"ImageObject\",\"inLanguage\":\"hr\",\"@id\":\"https:\\\/\\\/radioljubuski.ba\\\/index.php\\\/2021\\\/08\\\/19\\\/rijeka-u-sudackoj-nadoknadi-ostala-bez-pobjede-u-solunu\\\/#primaryimage\",\"url\":\"https:\\\/\\\/radioljubuski.ba\\\/wp-content\\\/uploads\\\/2021\\\/08\\\/7e85798c6e6bc046b6d3.jpeg\",\"contentUrl\":\"https:\\\/\\\/radioljubuski.ba\\\/wp-content\\\/uploads\\\/2021\\\/08\\\/7e85798c6e6bc046b6d3.jpeg\",\"width\":612,\"height\":408},{\"@type\":\"BreadcrumbList\",\"@id\":\"https:\\\/\\\/radioljubuski.ba\\\/index.php\\\/2021\\\/08\\\/19\\\/rijeka-u-sudackoj-nadoknadi-ostala-bez-pobjede-u-solunu\\\/#breadcrumb\",\"itemListElement\":[{\"@type\":\"ListItem\",\"position\":1,\"name\":\"Po\u010detna stranica\",\"item\":\"https:\\\/\\\/radioljubuski.ba\\\/\"},{\"@type\":\"ListItem\",\"position\":2,\"name\":\"Rijeka u suda\u010dkoj nadoknadi ostala bez pobjede u Solunu\"}]},{\"@type\":\"WebSite\",\"@id\":\"https:\\\/\\\/radioljubuski.ba\\\/#website\",\"url\":\"https:\\\/\\\/radioljubuski.ba\\\/\",\"name\":\"Radio Ljubu\u0161ki\",\"description\":\"Sun\u010dana frekvencija Hercegovine\",\"publisher\":{\"@id\":\"https:\\\/\\\/radioljubuski.ba\\\/#organization\"},\"potentialAction\":[{\"@type\":\"SearchAction\",\"target\":{\"@type\":\"EntryPoint\",\"urlTemplate\":\"https:\\\/\\\/radioljubuski.ba\\\/?s={search_term_string}\"},\"query-input\":{\"@type\":\"PropertyValueSpecification\",\"valueRequired\":true,\"valueName\":\"search_term_string\"}}],\"inLanguage\":\"hr\"},{\"@type\":\"Organization\",\"@id\":\"https:\\\/\\\/radioljubuski.ba\\\/#organization\",\"name\":\"Radio Ljubu\u0161ki\",\"url\":\"https:\\\/\\\/radioljubuski.ba\\\/\",\"logo\":{\"@type\":\"ImageObject\",\"inLanguage\":\"hr\",\"@id\":\"https:\\\/\\\/radioljubuski.ba\\\/#\\\/schema\\\/logo\\\/image\\\/\",\"url\":\"https:\\\/\\\/radioljubuski.ba\\\/wp-content\\\/uploads\\\/2021\\\/02\\\/cropped-Radio_Ljubuski_logo1.jpg\",\"contentUrl\":\"https:\\\/\\\/radioljubuski.ba\\\/wp-content\\\/uploads\\\/2021\\\/02\\\/cropped-Radio_Ljubuski_logo1.jpg\",\"width\":512,\"height\":512,\"caption\":\"Radio Ljubu\u0161ki\"},\"image\":{\"@id\":\"https:\\\/\\\/radioljubuski.ba\\\/#\\\/schema\\\/logo\\\/image\\\/\"},\"sameAs\":[\"https:\\\/\\\/www.facebook.com\\\/Radiio-Ljubuski-1490835324566332\",\"https:\\\/\\\/x.com\\\/radioljubuski\",\"https:\\\/\\\/hr.linkedin.com\\\/company\\\/radio-ljubuski\",\"https:\\\/\\\/www.youtube.com\\\/channel\\\/UCHYaeO_n0Db3tjNGudGpXyw\"]},{\"@type\":\"Person\",\"@id\":\"https:\\\/\\\/radioljubuski.ba\\\/#\\\/schema\\\/person\\\/19fc700381a780f69665d7956c469e3b\",\"name\":\"Radio Ljubu\u0161ki\"}]}<\/script>\n<!-- \/ Yoast SEO plugin. -->","yoast_head_json":{"title":"Rijeka u suda\u010dkoj nadoknadi ostala bez pobjede u Solunu - RADIO LJUBU\u0160KI","robots":{"index":"index","follow":"follow","max-snippet":"max-snippet:-1","max-image-preview":"max-image-preview:large","max-video-preview":"max-video-preview:-1"},"canonical":"https:\/\/radioljubuski.ba\/index.php\/2021\/08\/19\/rijeka-u-sudackoj-nadoknadi-ostala-bez-pobjede-u-solunu\/","og_locale":"hr_HR","og_type":"article","og_title":"Rijeka u suda\u010dkoj nadoknadi ostala bez pobjede u Solunu - RADIO LJUBU\u0160KI","og_description":"Nogometa\u0161i Rijeke&nbsp; odigrali su 1:1 s PAOK-om na stadionu Tuomba u Solunu u prvom susretu doigravanja Konferencijske lige. Gosti su poveli golom Lepinjice u 33. minuti, a potom su izdr\u017eali stra\u0161an pritisak doma\u0107ina u drugom poluvremenu, da bi nakon svega ispustili pobjedu nesretnim autogolom Gale\u0161i\u0107a u \u010detvrtoj minuti suda\u010dke nadoknade.&nbsp; Rijeku su sekunde dijelile od [&hellip;]","og_url":"https:\/\/radioljubuski.ba\/index.php\/2021\/08\/19\/rijeka-u-sudackoj-nadoknadi-ostala-bez-pobjede-u-solunu\/","og_site_name":"RADIO LJUBU\u0160KI","article_publisher":"https:\/\/www.facebook.com\/Radiio-Ljubuski-1490835324566332","article_published_time":"2021-08-19T21:48:03+00:00","article_modified_time":"2021-08-19T21:48:04+00:00","og_image":[{"width":612,"height":408,"url":"https:\/\/radioljubuski.ba\/wp-content\/uploads\/2021\/08\/7e85798c6e6bc046b6d3.jpeg","type":"image\/jpeg"}],"author":"Radio Ljubu\u0161ki","twitter_card":"summary_large_image","twitter_creator":"@radioljubuski","twitter_site":"@radioljubuski","twitter_misc":{"Napisao\/la":"Radio Ljubu\u0161ki","Procijenjeno vrijeme \u010ditanja":"4 minute"},"schema":{"@context":"https:\/\/schema.org","@graph":[{"@type":"Article","@id":"https:\/\/radioljubuski.ba\/index.php\/2021\/08\/19\/rijeka-u-sudackoj-nadoknadi-ostala-bez-pobjede-u-solunu\/#article","isPartOf":{"@id":"https:\/\/radioljubuski.ba\/index.php\/2021\/08\/19\/rijeka-u-sudackoj-nadoknadi-ostala-bez-pobjede-u-solunu\/"},"author":{"name":"Radio Ljubu\u0161ki","@id":"https:\/\/radioljubuski.ba\/#\/schema\/person\/19fc700381a780f69665d7956c469e3b"},"headline":"Rijeka u suda\u010dkoj nadoknadi ostala bez pobjede u Solunu","datePublished":"2021-08-19T21:48:03+00:00","dateModified":"2021-08-19T21:48:04+00:00","mainEntityOfPage":{"@id":"https:\/\/radioljubuski.ba\/index.php\/2021\/08\/19\/rijeka-u-sudackoj-nadoknadi-ostala-bez-pobjede-u-solunu\/"},"wordCount":813,"publisher":{"@id":"https:\/\/radioljubuski.ba\/#organization"},"image":{"@id":"https:\/\/radioljubuski.ba\/index.php\/2021\/08\/19\/rijeka-u-sudackoj-nadoknadi-ostala-bez-pobjede-u-solunu\/#primaryimage"},"thumbnailUrl":"https:\/\/radioljubuski.ba\/wp-content\/uploads\/2021\/08\/7e85798c6e6bc046b6d3.jpeg","articleSection":["\u0160port"],"inLanguage":"hr"},{"@type":"WebPage","@id":"https:\/\/radioljubuski.ba\/index.php\/2021\/08\/19\/rijeka-u-sudackoj-nadoknadi-ostala-bez-pobjede-u-solunu\/","url":"https:\/\/radioljubuski.ba\/index.php\/2021\/08\/19\/rijeka-u-sudackoj-nadoknadi-ostala-bez-pobjede-u-solunu\/","name":"Rijeka u suda\u010dkoj nadoknadi ostala bez pobjede u Solunu - RADIO LJUBU\u0160KI","isPartOf":{"@id":"https:\/\/radioljubuski.ba\/#website"},"primaryImageOfPage":{"@id":"https:\/\/radioljubuski.ba\/index.php\/2021\/08\/19\/rijeka-u-sudackoj-nadoknadi-ostala-bez-pobjede-u-solunu\/#primaryimage"},"image":{"@id":"https:\/\/radioljubuski.ba\/index.php\/2021\/08\/19\/rijeka-u-sudackoj-nadoknadi-ostala-bez-pobjede-u-solunu\/#primaryimage"},"thumbnailUrl":"https:\/\/radioljubuski.ba\/wp-content\/uploads\/2021\/08\/7e85798c6e6bc046b6d3.jpeg","datePublished":"2021-08-19T21:48:03+00:00","dateModified":"2021-08-19T21:48:04+00:00","breadcrumb":{"@id":"https:\/\/radioljubuski.ba\/index.php\/2021\/08\/19\/rijeka-u-sudackoj-nadoknadi-ostala-bez-pobjede-u-solunu\/#breadcrumb"},"inLanguage":"hr","potentialAction":[{"@type":"ReadAction","target":["https:\/\/radioljubuski.ba\/index.php\/2021\/08\/19\/rijeka-u-sudackoj-nadoknadi-ostala-bez-pobjede-u-solunu\/"]}]},{"@type":"ImageObject","inLanguage":"hr","@id":"https:\/\/radioljubuski.ba\/index.php\/2021\/08\/19\/rijeka-u-sudackoj-nadoknadi-ostala-bez-pobjede-u-solunu\/#primaryimage","url":"https:\/\/radioljubuski.ba\/wp-content\/uploads\/2021\/08\/7e85798c6e6bc046b6d3.jpeg","contentUrl":"https:\/\/radioljubuski.ba\/wp-content\/uploads\/2021\/08\/7e85798c6e6bc046b6d3.jpeg","width":612,"height":408},{"@type":"BreadcrumbList","@id":"https:\/\/radioljubuski.ba\/index.php\/2021\/08\/19\/rijeka-u-sudackoj-nadoknadi-ostala-bez-pobjede-u-solunu\/#breadcrumb","itemListElement":[{"@type":"ListItem","position":1,"name":"Po\u010detna stranica","item":"https:\/\/radioljubuski.ba\/"},{"@type":"ListItem","position":2,"name":"Rijeka u suda\u010dkoj nadoknadi ostala bez pobjede u Solunu"}]},{"@type":"WebSite","@id":"https:\/\/radioljubuski.ba\/#website","url":"https:\/\/radioljubuski.ba\/","name":"Radio Ljubu\u0161ki","description":"Sun\u010dana frekvencija Hercegovine","publisher":{"@id":"https:\/\/radioljubuski.ba\/#organization"},"potentialAction":[{"@type":"SearchAction","target":{"@type":"EntryPoint","urlTemplate":"https:\/\/radioljubuski.ba\/?s={search_term_string}"},"query-input":{"@type":"PropertyValueSpecification","valueRequired":true,"valueName":"search_term_string"}}],"inLanguage":"hr"},{"@type":"Organization","@id":"https:\/\/radioljubuski.ba\/#organization","name":"Radio Ljubu\u0161ki","url":"https:\/\/radioljubuski.ba\/","logo":{"@type":"ImageObject","inLanguage":"hr","@id":"https:\/\/radioljubuski.ba\/#\/schema\/logo\/image\/","url":"https:\/\/radioljubuski.ba\/wp-content\/uploads\/2021\/02\/cropped-Radio_Ljubuski_logo1.jpg","contentUrl":"https:\/\/radioljubuski.ba\/wp-content\/uploads\/2021\/02\/cropped-Radio_Ljubuski_logo1.jpg","width":512,"height":512,"caption":"Radio Ljubu\u0161ki"},"image":{"@id":"https:\/\/radioljubuski.ba\/#\/schema\/logo\/image\/"},"sameAs":["https:\/\/www.facebook.com\/Radiio-Ljubuski-1490835324566332","https:\/\/x.com\/radioljubuski","https:\/\/hr.linkedin.com\/company\/radio-ljubuski","https:\/\/www.youtube.com\/channel\/UCHYaeO_n0Db3tjNGudGpXyw"]},{"@type":"Person","@id":"https:\/\/radioljubuski.ba\/#\/schema\/person\/19fc700381a780f69665d7956c469e3b","name":"Radio Ljubu\u0161ki"}]}},"_links":{"self":[{"href":"https:\/\/radioljubuski.ba\/index.php\/wp-json\/wp\/v2\/posts\/55269","targetHints":{"allow":["GET"]}}],"collection":[{"href":"https:\/\/radioljubuski.ba\/index.php\/wp-json\/wp\/v2\/posts"}],"about":[{"href":"https:\/\/radioljubuski.ba\/index.php\/wp-json\/wp\/v2\/types\/post"}],"author":[{"embeddable":true,"href":"https:\/\/radioljubuski.ba\/index.php\/wp-json\/wp\/v2\/users\/2"}],"replies":[{"embeddable":true,"href":"https:\/\/radioljubuski.ba\/index.php\/wp-json\/wp\/v2\/comments?post=55269"}],"version-history":[{"count":1,"href":"https:\/\/radioljubuski.ba\/index.php\/wp-json\/wp\/v2\/posts\/55269\/revisions"}],"predecessor-version":[{"id":55271,"href":"https:\/\/radioljubuski.ba\/index.php\/wp-json\/wp\/v2\/posts\/55269\/revisions\/55271"}],"wp:featuredmedia":[{"embeddable":true,"href":"https:\/\/radioljubuski.ba\/index.php\/wp-json\/wp\/v2\/media\/55270"}],"wp:attachment":[{"href":"https:\/\/radioljubuski.ba\/index.php\/wp-json\/wp\/v2\/media?parent=55269"}],"wp:term":[{"taxonomy":"category","embeddable":true,"href":"https:\/\/radioljubuski.ba\/index.php\/wp-json\/wp\/v2\/categories?post=55269"},{"taxonomy":"post_tag","embeddable":true,"href":"https:\/\/radioljubuski.ba\/index.php\/wp-json\/wp\/v2\/tags?post=55269"}],"curies":[{"name":"wp","href":"https:\/\/api.w.org\/{rel}","templated":true}]}}