{"id":5527,"date":"2021-03-21T12:46:24","date_gmt":"2021-03-21T11:46:24","guid":{"rendered":"https:\/\/radioljubuski.ba\/?p=5527"},"modified":"2021-03-22T01:16:13","modified_gmt":"2021-03-22T00:16:13","slug":"svjetski-dan-osoba-s-downovim-sindromom-obujte-sarene-carape-i-podrzite-ih","status":"publish","type":"post","link":"https:\/\/radioljubuski.ba\/index.php\/2021\/03\/21\/svjetski-dan-osoba-s-downovim-sindromom-obujte-sarene-carape-i-podrzite-ih\/","title":{"rendered":"Svjetski dan osoba s Downovim sindromom: Obujte \u0161arene \u010darape i podr\u017eite ih"},"content":{"rendered":"\n<p><strong>Simbol Dana sindroma Down \u0161arene su \u010darape.&nbsp;\u0160arene i rasparene \u010darape simboliziraju razli\u010ditost, da svi mo\u017eemo i \u017eelimo \u017eivjeti zajedno unato\u010d razli\u010ditostima.<\/strong><\/p>\n\n\n\n<p>Down Syndrome International&nbsp;(DSI) slu\u017ebeno je odredio 21. o\u017eujak kao Svjetski dan osoba s Downovim sindromom (WDSD). Navedeni datum je izabran kako bi ozna\u010dio jedinstvenost Downova sindroma u potrostru\u010denju (trisomiji) 21. kromosoma. Dan je prvi put obilje\u017een u Singapuru 2006. godine, a mnoge organizacije \u0161irom svijeta pridru\u017eile su se ovoj proslavi kroz razne doga\u0111aje i aktivnosti, tako da se dana\u0161nji datum obilje\u017eava u cijelom svijetu.<\/p>\n\n\n\n<p>Va\u017eno je obilje\u017eiti ovaj dan kako bi potaknuli ljude za ve\u0107e po\u0161tivanje prava osoba s Downovim sindromom. Ve\u0107im razumijevanjem i pobolj\u0161anjem njihovog polo\u017eaja u dru\u0161tvu mo\u017eemo pobolj\u0161ati i kvalitetu njihovog \u017eivota.<\/p>\n\n\n\n<p>Unato\u010d njihovoj sve ve\u0107oj prihva\u0107enosti u dru\u0161tvu u zadnjih \u010detrdesetak godina, osobe s Down sindromom jo\u0161 uvijek bivaju diskriminirane i suo\u010dene s predrasudama kad je rije\u010d o obrazovanju i samostalnom \u017eivotu te su \u010desto prisiljene \u017eivjeti u institucijama u neadekvatnim uvjetima. \u0160tovi\u0161e, u nekim se zemljama pokre\u0107u ili su ve\u0107 pokrenute inicijative kojima se \u017eeli ozakoniti automatski prekid trudno\u0107e ako se u prenatalnim ispitivanjima poka\u017ee da je rije\u010d o djetetu s Downovim sindromom. Ovo je zabrinjavaju\u0107i trend koji roditeljima oduzima pravo da sami donose odluke.<\/p>\n\n\n\n<p>Prijedlog UN-a da se 21. o\u017eujka proglasi Me\u0111unarodnim danom osoba s Downovim sindromom rezultat je vi\u0161egodi\u0161njeg lobiranja razli\u010ditih udruga u svijetu koje okupljaju gra\u0111ane s Downovim sindromom, \u010dlanove njihovih obitelji i stru\u010dnjake, a u kojima je sudjelovala i Hrvatska zajednica za Downov sindrom. Republika Hrvatska, kao \u010dlanica Una, bila je sponzor rezolucije i vrlo aktivno je podupirala izglasavanje rezolucije.<\/p>\n\n\n\n<p>Simbol Dana sindroma Down \u0161arene su \u010darape.&nbsp;\u0160arene i rasparene \u010darape simboliziraju razli\u010ditost, da svi mo\u017eemo i \u017eelimo \u017eivjeti zajedno unato\u010d razli\u010ditostima.<\/p>\n\n\n\n<p>Hrvatska zajednica za Downov sindrom (HZDS) djeluje na podru\u010dju Republike Hrvatske kao krovna organizacija udruga (Zagreb, Split, \u010cakovec, Rijeka, Karlovac, Zadar, Osijek, Dubrovnik). Jedan od ciljeva Zajednice je unaprje\u0111enje kvalitete \u017eivljenja djece i mladih s Down sindromom (DS), posebno kroz njihovo edukacijsko uklju\u010divanje u dru\u0161tvenu zajednicu od najranije dobi.<\/p>\n\n\n\n<p><em>Izvor: narod.hr<\/em><\/p>\n","protected":false},"excerpt":{"rendered":"<p>Simbol Dana sindroma Down \u0161arene su \u010darape.&nbsp;\u0160arene i rasparene \u010darape simboliziraju razli\u010ditost, da svi mo\u017eemo i \u017eelimo \u017eivjeti zajedno unato\u010d razli\u010ditostima. Down Syndrome International&nbsp;(DSI) slu\u017ebeno je odredio 21. o\u017eujak kao Svjetski dan osoba s Downovim sindromom (WDSD). Navedeni datum je izabran kako bi ozna\u010dio jedinstvenost Downova sindroma u potrostru\u010denju (trisomiji) 21. kromosoma. Dan je prvi [&hellip;]<\/p>\n","protected":false},"author":2,"featured_media":5528,"comment_status":"closed","ping_status":"closed","sticky":false,"template":"","format":"standard","meta":{"h5ap_radio_sources":[],"footnotes":""},"categories":[1],"tags":[],"class_list":["post-5527","post","type-post","status-publish","format-standard","has-post-thumbnail","hentry","category-bihiregija"],"yoast_head":"<!-- This site is optimized with the Yoast SEO plugin v27.5 - https:\/\/yoast.com\/product\/yoast-seo-wordpress\/ -->\n<title>Svjetski dan osoba s Downovim sindromom: Obujte \u0161arene \u010darape i podr\u017eite ih - RADIO LJUBU\u0160KI<\/title>\n<meta name=\"robots\" content=\"index, follow, max-snippet:-1, max-image-preview:large, max-video-preview:-1\" \/>\n<link rel=\"canonical\" href=\"https:\/\/radioljubuski.ba\/index.php\/2021\/03\/21\/svjetski-dan-osoba-s-downovim-sindromom-obujte-sarene-carape-i-podrzite-ih\/\" \/>\n<meta property=\"og:locale\" content=\"hr_HR\" \/>\n<meta property=\"og:type\" content=\"article\" \/>\n<meta property=\"og:title\" content=\"Svjetski dan osoba s Downovim sindromom: Obujte \u0161arene \u010darape i podr\u017eite ih - RADIO LJUBU\u0160KI\" \/>\n<meta property=\"og:description\" content=\"Simbol Dana sindroma Down \u0161arene su \u010darape.&nbsp;\u0160arene i rasparene \u010darape simboliziraju razli\u010ditost, da svi mo\u017eemo i \u017eelimo \u017eivjeti zajedno unato\u010d razli\u010ditostima. Down Syndrome International&nbsp;(DSI) slu\u017ebeno je odredio 21. o\u017eujak kao Svjetski dan osoba s Downovim sindromom (WDSD). Navedeni datum je izabran kako bi ozna\u010dio jedinstvenost Downova sindroma u potrostru\u010denju (trisomiji) 21. kromosoma. Dan je prvi [&hellip;]\" \/>\n<meta property=\"og:url\" content=\"https:\/\/radioljubuski.ba\/index.php\/2021\/03\/21\/svjetski-dan-osoba-s-downovim-sindromom-obujte-sarene-carape-i-podrzite-ih\/\" \/>\n<meta property=\"og:site_name\" content=\"RADIO LJUBU\u0160KI\" \/>\n<meta property=\"article:publisher\" content=\"https:\/\/www.facebook.com\/Radiio-Ljubuski-1490835324566332\" \/>\n<meta property=\"article:published_time\" content=\"2021-03-21T11:46:24+00:00\" \/>\n<meta property=\"article:modified_time\" content=\"2021-03-22T00:16:13+00:00\" \/>\n<meta property=\"og:image\" content=\"https:\/\/radioljubuski.ba\/wp-content\/uploads\/2021\/03\/ThinkstockPhotos-181400466-696x464-1.jpg\" \/>\n\t<meta property=\"og:image:width\" content=\"696\" \/>\n\t<meta property=\"og:image:height\" content=\"464\" \/>\n\t<meta property=\"og:image:type\" content=\"image\/jpeg\" \/>\n<meta name=\"author\" content=\"Radio Ljubu\u0161ki\" \/>\n<meta name=\"twitter:card\" content=\"summary_large_image\" \/>\n<meta name=\"twitter:creator\" content=\"@radioljubuski\" \/>\n<meta name=\"twitter:site\" content=\"@radioljubuski\" \/>\n<meta name=\"twitter:label1\" content=\"Napisao\/la\" \/>\n\t<meta name=\"twitter:data1\" content=\"Radio Ljubu\u0161ki\" \/>\n\t<meta name=\"twitter:label2\" content=\"Procijenjeno vrijeme \u010ditanja\" \/>\n\t<meta name=\"twitter:data2\" content=\"2 minute\" \/>\n<script type=\"application\/ld+json\" class=\"yoast-schema-graph\">{\"@context\":\"https:\\\/\\\/schema.org\",\"@graph\":[{\"@type\":\"Article\",\"@id\":\"https:\\\/\\\/radioljubuski.ba\\\/index.php\\\/2021\\\/03\\\/21\\\/svjetski-dan-osoba-s-downovim-sindromom-obujte-sarene-carape-i-podrzite-ih\\\/#article\",\"isPartOf\":{\"@id\":\"https:\\\/\\\/radioljubuski.ba\\\/index.php\\\/2021\\\/03\\\/21\\\/svjetski-dan-osoba-s-downovim-sindromom-obujte-sarene-carape-i-podrzite-ih\\\/\"},\"author\":{\"name\":\"Radio Ljubu\u0161ki\",\"@id\":\"https:\\\/\\\/radioljubuski.ba\\\/#\\\/schema\\\/person\\\/19fc700381a780f69665d7956c469e3b\"},\"headline\":\"Svjetski dan osoba s Downovim sindromom: Obujte \u0161arene \u010darape i podr\u017eite ih\",\"datePublished\":\"2021-03-21T11:46:24+00:00\",\"dateModified\":\"2021-03-22T00:16:13+00:00\",\"mainEntityOfPage\":{\"@id\":\"https:\\\/\\\/radioljubuski.ba\\\/index.php\\\/2021\\\/03\\\/21\\\/svjetski-dan-osoba-s-downovim-sindromom-obujte-sarene-carape-i-podrzite-ih\\\/\"},\"wordCount\":393,\"publisher\":{\"@id\":\"https:\\\/\\\/radioljubuski.ba\\\/#organization\"},\"image\":{\"@id\":\"https:\\\/\\\/radioljubuski.ba\\\/index.php\\\/2021\\\/03\\\/21\\\/svjetski-dan-osoba-s-downovim-sindromom-obujte-sarene-carape-i-podrzite-ih\\\/#primaryimage\"},\"thumbnailUrl\":\"https:\\\/\\\/radioljubuski.ba\\\/wp-content\\\/uploads\\\/2021\\\/03\\\/ThinkstockPhotos-181400466-696x464-1.jpg\",\"articleSection\":[\"BIH i regija\"],\"inLanguage\":\"hr\"},{\"@type\":\"WebPage\",\"@id\":\"https:\\\/\\\/radioljubuski.ba\\\/index.php\\\/2021\\\/03\\\/21\\\/svjetski-dan-osoba-s-downovim-sindromom-obujte-sarene-carape-i-podrzite-ih\\\/\",\"url\":\"https:\\\/\\\/radioljubuski.ba\\\/index.php\\\/2021\\\/03\\\/21\\\/svjetski-dan-osoba-s-downovim-sindromom-obujte-sarene-carape-i-podrzite-ih\\\/\",\"name\":\"Svjetski dan osoba s Downovim sindromom: Obujte \u0161arene \u010darape i podr\u017eite ih - RADIO LJUBU\u0160KI\",\"isPartOf\":{\"@id\":\"https:\\\/\\\/radioljubuski.ba\\\/#website\"},\"primaryImageOfPage\":{\"@id\":\"https:\\\/\\\/radioljubuski.ba\\\/index.php\\\/2021\\\/03\\\/21\\\/svjetski-dan-osoba-s-downovim-sindromom-obujte-sarene-carape-i-podrzite-ih\\\/#primaryimage\"},\"image\":{\"@id\":\"https:\\\/\\\/radioljubuski.ba\\\/index.php\\\/2021\\\/03\\\/21\\\/svjetski-dan-osoba-s-downovim-sindromom-obujte-sarene-carape-i-podrzite-ih\\\/#primaryimage\"},\"thumbnailUrl\":\"https:\\\/\\\/radioljubuski.ba\\\/wp-content\\\/uploads\\\/2021\\\/03\\\/ThinkstockPhotos-181400466-696x464-1.jpg\",\"datePublished\":\"2021-03-21T11:46:24+00:00\",\"dateModified\":\"2021-03-22T00:16:13+00:00\",\"breadcrumb\":{\"@id\":\"https:\\\/\\\/radioljubuski.ba\\\/index.php\\\/2021\\\/03\\\/21\\\/svjetski-dan-osoba-s-downovim-sindromom-obujte-sarene-carape-i-podrzite-ih\\\/#breadcrumb\"},\"inLanguage\":\"hr\",\"potentialAction\":[{\"@type\":\"ReadAction\",\"target\":[\"https:\\\/\\\/radioljubuski.ba\\\/index.php\\\/2021\\\/03\\\/21\\\/svjetski-dan-osoba-s-downovim-sindromom-obujte-sarene-carape-i-podrzite-ih\\\/\"]}]},{\"@type\":\"ImageObject\",\"inLanguage\":\"hr\",\"@id\":\"https:\\\/\\\/radioljubuski.ba\\\/index.php\\\/2021\\\/03\\\/21\\\/svjetski-dan-osoba-s-downovim-sindromom-obujte-sarene-carape-i-podrzite-ih\\\/#primaryimage\",\"url\":\"https:\\\/\\\/radioljubuski.ba\\\/wp-content\\\/uploads\\\/2021\\\/03\\\/ThinkstockPhotos-181400466-696x464-1.jpg\",\"contentUrl\":\"https:\\\/\\\/radioljubuski.ba\\\/wp-content\\\/uploads\\\/2021\\\/03\\\/ThinkstockPhotos-181400466-696x464-1.jpg\",\"width\":696,\"height\":464,\"caption\":\"Portrait of beautiful young girl with flowers in the park\"},{\"@type\":\"BreadcrumbList\",\"@id\":\"https:\\\/\\\/radioljubuski.ba\\\/index.php\\\/2021\\\/03\\\/21\\\/svjetski-dan-osoba-s-downovim-sindromom-obujte-sarene-carape-i-podrzite-ih\\\/#breadcrumb\",\"itemListElement\":[{\"@type\":\"ListItem\",\"position\":1,\"name\":\"Po\u010detna stranica\",\"item\":\"https:\\\/\\\/radioljubuski.ba\\\/\"},{\"@type\":\"ListItem\",\"position\":2,\"name\":\"Svjetski dan osoba s Downovim sindromom: Obujte \u0161arene \u010darape i podr\u017eite ih\"}]},{\"@type\":\"WebSite\",\"@id\":\"https:\\\/\\\/radioljubuski.ba\\\/#website\",\"url\":\"https:\\\/\\\/radioljubuski.ba\\\/\",\"name\":\"Radio Ljubu\u0161ki\",\"description\":\"Sun\u010dana frekvencija Hercegovine\",\"publisher\":{\"@id\":\"https:\\\/\\\/radioljubuski.ba\\\/#organization\"},\"potentialAction\":[{\"@type\":\"SearchAction\",\"target\":{\"@type\":\"EntryPoint\",\"urlTemplate\":\"https:\\\/\\\/radioljubuski.ba\\\/?s={search_term_string}\"},\"query-input\":{\"@type\":\"PropertyValueSpecification\",\"valueRequired\":true,\"valueName\":\"search_term_string\"}}],\"inLanguage\":\"hr\"},{\"@type\":\"Organization\",\"@id\":\"https:\\\/\\\/radioljubuski.ba\\\/#organization\",\"name\":\"Radio Ljubu\u0161ki\",\"url\":\"https:\\\/\\\/radioljubuski.ba\\\/\",\"logo\":{\"@type\":\"ImageObject\",\"inLanguage\":\"hr\",\"@id\":\"https:\\\/\\\/radioljubuski.ba\\\/#\\\/schema\\\/logo\\\/image\\\/\",\"url\":\"https:\\\/\\\/radioljubuski.ba\\\/wp-content\\\/uploads\\\/2021\\\/02\\\/cropped-Radio_Ljubuski_logo1.jpg\",\"contentUrl\":\"https:\\\/\\\/radioljubuski.ba\\\/wp-content\\\/uploads\\\/2021\\\/02\\\/cropped-Radio_Ljubuski_logo1.jpg\",\"width\":512,\"height\":512,\"caption\":\"Radio Ljubu\u0161ki\"},\"image\":{\"@id\":\"https:\\\/\\\/radioljubuski.ba\\\/#\\\/schema\\\/logo\\\/image\\\/\"},\"sameAs\":[\"https:\\\/\\\/www.facebook.com\\\/Radiio-Ljubuski-1490835324566332\",\"https:\\\/\\\/x.com\\\/radioljubuski\",\"https:\\\/\\\/hr.linkedin.com\\\/company\\\/radio-ljubuski\",\"https:\\\/\\\/www.youtube.com\\\/channel\\\/UCHYaeO_n0Db3tjNGudGpXyw\"]},{\"@type\":\"Person\",\"@id\":\"https:\\\/\\\/radioljubuski.ba\\\/#\\\/schema\\\/person\\\/19fc700381a780f69665d7956c469e3b\",\"name\":\"Radio Ljubu\u0161ki\"}]}<\/script>\n<!-- \/ Yoast SEO plugin. -->","yoast_head_json":{"title":"Svjetski dan osoba s Downovim sindromom: Obujte \u0161arene \u010darape i podr\u017eite ih - RADIO LJUBU\u0160KI","robots":{"index":"index","follow":"follow","max-snippet":"max-snippet:-1","max-image-preview":"max-image-preview:large","max-video-preview":"max-video-preview:-1"},"canonical":"https:\/\/radioljubuski.ba\/index.php\/2021\/03\/21\/svjetski-dan-osoba-s-downovim-sindromom-obujte-sarene-carape-i-podrzite-ih\/","og_locale":"hr_HR","og_type":"article","og_title":"Svjetski dan osoba s Downovim sindromom: Obujte \u0161arene \u010darape i podr\u017eite ih - RADIO LJUBU\u0160KI","og_description":"Simbol Dana sindroma Down \u0161arene su \u010darape.&nbsp;\u0160arene i rasparene \u010darape simboliziraju razli\u010ditost, da svi mo\u017eemo i \u017eelimo \u017eivjeti zajedno unato\u010d razli\u010ditostima. Down Syndrome International&nbsp;(DSI) slu\u017ebeno je odredio 21. o\u017eujak kao Svjetski dan osoba s Downovim sindromom (WDSD). Navedeni datum je izabran kako bi ozna\u010dio jedinstvenost Downova sindroma u potrostru\u010denju (trisomiji) 21. kromosoma. Dan je prvi [&hellip;]","og_url":"https:\/\/radioljubuski.ba\/index.php\/2021\/03\/21\/svjetski-dan-osoba-s-downovim-sindromom-obujte-sarene-carape-i-podrzite-ih\/","og_site_name":"RADIO LJUBU\u0160KI","article_publisher":"https:\/\/www.facebook.com\/Radiio-Ljubuski-1490835324566332","article_published_time":"2021-03-21T11:46:24+00:00","article_modified_time":"2021-03-22T00:16:13+00:00","og_image":[{"width":696,"height":464,"url":"https:\/\/radioljubuski.ba\/wp-content\/uploads\/2021\/03\/ThinkstockPhotos-181400466-696x464-1.jpg","type":"image\/jpeg"}],"author":"Radio Ljubu\u0161ki","twitter_card":"summary_large_image","twitter_creator":"@radioljubuski","twitter_site":"@radioljubuski","twitter_misc":{"Napisao\/la":"Radio Ljubu\u0161ki","Procijenjeno vrijeme \u010ditanja":"2 minute"},"schema":{"@context":"https:\/\/schema.org","@graph":[{"@type":"Article","@id":"https:\/\/radioljubuski.ba\/index.php\/2021\/03\/21\/svjetski-dan-osoba-s-downovim-sindromom-obujte-sarene-carape-i-podrzite-ih\/#article","isPartOf":{"@id":"https:\/\/radioljubuski.ba\/index.php\/2021\/03\/21\/svjetski-dan-osoba-s-downovim-sindromom-obujte-sarene-carape-i-podrzite-ih\/"},"author":{"name":"Radio Ljubu\u0161ki","@id":"https:\/\/radioljubuski.ba\/#\/schema\/person\/19fc700381a780f69665d7956c469e3b"},"headline":"Svjetski dan osoba s Downovim sindromom: Obujte \u0161arene \u010darape i podr\u017eite ih","datePublished":"2021-03-21T11:46:24+00:00","dateModified":"2021-03-22T00:16:13+00:00","mainEntityOfPage":{"@id":"https:\/\/radioljubuski.ba\/index.php\/2021\/03\/21\/svjetski-dan-osoba-s-downovim-sindromom-obujte-sarene-carape-i-podrzite-ih\/"},"wordCount":393,"publisher":{"@id":"https:\/\/radioljubuski.ba\/#organization"},"image":{"@id":"https:\/\/radioljubuski.ba\/index.php\/2021\/03\/21\/svjetski-dan-osoba-s-downovim-sindromom-obujte-sarene-carape-i-podrzite-ih\/#primaryimage"},"thumbnailUrl":"https:\/\/radioljubuski.ba\/wp-content\/uploads\/2021\/03\/ThinkstockPhotos-181400466-696x464-1.jpg","articleSection":["BIH i regija"],"inLanguage":"hr"},{"@type":"WebPage","@id":"https:\/\/radioljubuski.ba\/index.php\/2021\/03\/21\/svjetski-dan-osoba-s-downovim-sindromom-obujte-sarene-carape-i-podrzite-ih\/","url":"https:\/\/radioljubuski.ba\/index.php\/2021\/03\/21\/svjetski-dan-osoba-s-downovim-sindromom-obujte-sarene-carape-i-podrzite-ih\/","name":"Svjetski dan osoba s Downovim sindromom: Obujte \u0161arene \u010darape i podr\u017eite ih - RADIO LJUBU\u0160KI","isPartOf":{"@id":"https:\/\/radioljubuski.ba\/#website"},"primaryImageOfPage":{"@id":"https:\/\/radioljubuski.ba\/index.php\/2021\/03\/21\/svjetski-dan-osoba-s-downovim-sindromom-obujte-sarene-carape-i-podrzite-ih\/#primaryimage"},"image":{"@id":"https:\/\/radioljubuski.ba\/index.php\/2021\/03\/21\/svjetski-dan-osoba-s-downovim-sindromom-obujte-sarene-carape-i-podrzite-ih\/#primaryimage"},"thumbnailUrl":"https:\/\/radioljubuski.ba\/wp-content\/uploads\/2021\/03\/ThinkstockPhotos-181400466-696x464-1.jpg","datePublished":"2021-03-21T11:46:24+00:00","dateModified":"2021-03-22T00:16:13+00:00","breadcrumb":{"@id":"https:\/\/radioljubuski.ba\/index.php\/2021\/03\/21\/svjetski-dan-osoba-s-downovim-sindromom-obujte-sarene-carape-i-podrzite-ih\/#breadcrumb"},"inLanguage":"hr","potentialAction":[{"@type":"ReadAction","target":["https:\/\/radioljubuski.ba\/index.php\/2021\/03\/21\/svjetski-dan-osoba-s-downovim-sindromom-obujte-sarene-carape-i-podrzite-ih\/"]}]},{"@type":"ImageObject","inLanguage":"hr","@id":"https:\/\/radioljubuski.ba\/index.php\/2021\/03\/21\/svjetski-dan-osoba-s-downovim-sindromom-obujte-sarene-carape-i-podrzite-ih\/#primaryimage","url":"https:\/\/radioljubuski.ba\/wp-content\/uploads\/2021\/03\/ThinkstockPhotos-181400466-696x464-1.jpg","contentUrl":"https:\/\/radioljubuski.ba\/wp-content\/uploads\/2021\/03\/ThinkstockPhotos-181400466-696x464-1.jpg","width":696,"height":464,"caption":"Portrait of beautiful young girl with flowers in the park"},{"@type":"BreadcrumbList","@id":"https:\/\/radioljubuski.ba\/index.php\/2021\/03\/21\/svjetski-dan-osoba-s-downovim-sindromom-obujte-sarene-carape-i-podrzite-ih\/#breadcrumb","itemListElement":[{"@type":"ListItem","position":1,"name":"Po\u010detna stranica","item":"https:\/\/radioljubuski.ba\/"},{"@type":"ListItem","position":2,"name":"Svjetski dan osoba s Downovim sindromom: Obujte \u0161arene \u010darape i podr\u017eite ih"}]},{"@type":"WebSite","@id":"https:\/\/radioljubuski.ba\/#website","url":"https:\/\/radioljubuski.ba\/","name":"Radio Ljubu\u0161ki","description":"Sun\u010dana frekvencija Hercegovine","publisher":{"@id":"https:\/\/radioljubuski.ba\/#organization"},"potentialAction":[{"@type":"SearchAction","target":{"@type":"EntryPoint","urlTemplate":"https:\/\/radioljubuski.ba\/?s={search_term_string}"},"query-input":{"@type":"PropertyValueSpecification","valueRequired":true,"valueName":"search_term_string"}}],"inLanguage":"hr"},{"@type":"Organization","@id":"https:\/\/radioljubuski.ba\/#organization","name":"Radio Ljubu\u0161ki","url":"https:\/\/radioljubuski.ba\/","logo":{"@type":"ImageObject","inLanguage":"hr","@id":"https:\/\/radioljubuski.ba\/#\/schema\/logo\/image\/","url":"https:\/\/radioljubuski.ba\/wp-content\/uploads\/2021\/02\/cropped-Radio_Ljubuski_logo1.jpg","contentUrl":"https:\/\/radioljubuski.ba\/wp-content\/uploads\/2021\/02\/cropped-Radio_Ljubuski_logo1.jpg","width":512,"height":512,"caption":"Radio Ljubu\u0161ki"},"image":{"@id":"https:\/\/radioljubuski.ba\/#\/schema\/logo\/image\/"},"sameAs":["https:\/\/www.facebook.com\/Radiio-Ljubuski-1490835324566332","https:\/\/x.com\/radioljubuski","https:\/\/hr.linkedin.com\/company\/radio-ljubuski","https:\/\/www.youtube.com\/channel\/UCHYaeO_n0Db3tjNGudGpXyw"]},{"@type":"Person","@id":"https:\/\/radioljubuski.ba\/#\/schema\/person\/19fc700381a780f69665d7956c469e3b","name":"Radio Ljubu\u0161ki"}]}},"_links":{"self":[{"href":"https:\/\/radioljubuski.ba\/index.php\/wp-json\/wp\/v2\/posts\/5527","targetHints":{"allow":["GET"]}}],"collection":[{"href":"https:\/\/radioljubuski.ba\/index.php\/wp-json\/wp\/v2\/posts"}],"about":[{"href":"https:\/\/radioljubuski.ba\/index.php\/wp-json\/wp\/v2\/types\/post"}],"author":[{"embeddable":true,"href":"https:\/\/radioljubuski.ba\/index.php\/wp-json\/wp\/v2\/users\/2"}],"replies":[{"embeddable":true,"href":"https:\/\/radioljubuski.ba\/index.php\/wp-json\/wp\/v2\/comments?post=5527"}],"version-history":[{"count":1,"href":"https:\/\/radioljubuski.ba\/index.php\/wp-json\/wp\/v2\/posts\/5527\/revisions"}],"predecessor-version":[{"id":5529,"href":"https:\/\/radioljubuski.ba\/index.php\/wp-json\/wp\/v2\/posts\/5527\/revisions\/5529"}],"wp:featuredmedia":[{"embeddable":true,"href":"https:\/\/radioljubuski.ba\/index.php\/wp-json\/wp\/v2\/media\/5528"}],"wp:attachment":[{"href":"https:\/\/radioljubuski.ba\/index.php\/wp-json\/wp\/v2\/media?parent=5527"}],"wp:term":[{"taxonomy":"category","embeddable":true,"href":"https:\/\/radioljubuski.ba\/index.php\/wp-json\/wp\/v2\/categories?post=5527"},{"taxonomy":"post_tag","embeddable":true,"href":"https:\/\/radioljubuski.ba\/index.php\/wp-json\/wp\/v2\/tags?post=5527"}],"curies":[{"name":"wp","href":"https:\/\/api.w.org\/{rel}","templated":true}]}}