{"id":55325,"date":"2021-08-19T23:45:17","date_gmt":"2021-08-19T22:45:17","guid":{"rendered":"https:\/\/radioljubuski.ba\/?p=55325"},"modified":"2021-08-19T23:45:18","modified_gmt":"2021-08-19T22:45:18","slug":"najbolji-igrani-film-27-sarajevo-film-festivala-je-konacna-sloboda","status":"publish","type":"post","link":"https:\/\/radioljubuski.ba\/index.php\/2021\/08\/19\/najbolji-igrani-film-27-sarajevo-film-festivala-je-konacna-sloboda\/","title":{"rendered":"Najbolji igrani film 27.Sarajevo Film Festivala je &#8216;Kona\u010dna sloboda&#8217;"},"content":{"rendered":"\n<p>Dodjelom nagrada &#8220;Srce Sarajeva&#8221; u nekoliko kategorija, ve\u010deras je zavr\u0161en natjecateljski dio ovogodi\u0161njeg 27. Sarajevo Film Festivala (SFF), Festivala koji je pru\u017eio nadu mnogim mladim glumcima, redateljima, produkcijskim ku\u0107ama.<\/p>\n\n\n\n<p>Presti\u017enom nagradom Srce Sarajeva nagra\u0111eni su filmovi iz natjecateljskog programa i to za najbolji igrani film, dokumentarni film, kratki i studentski film.<\/p>\n\n\n\n<p>Nagrada Srce Sarajeva za najbolji igrani film pripala je filmu &#8220;Kona\u010dna sloboda&#8221; (Njema\u010dka, Austrija), re\u017eiser je Sebastian Meise, a producenti Sabine Moser, Oliver Neumann, Benny Drechsel.<\/p>\n\n\n\n<p>Srce Sarajeva za najboljeg redatelja dobila je Milica Tomovi\u0107 za film &#8220;Kelti&#8221;.<\/p>\n\n\n\n<p>Srce Sarajeva podijelile su tri najbolje glumice a to su: Flaka Latifi, Era Balaj i Urate Shabani za uloge u filmu &#8220;Brdo na kojem ri\u010du lavice&#8221; (Francuska).<\/p>\n\n\n\n<p>Srce Sarajeva oti\u0161lo je i najboljem glumcu a to je Georg Friedrich, za ulogu u filmu &#8220;Kona\u010dna sloboda&#8221; (Njema\u010dka, Austrija).<\/p>\n\n\n\n<p>Za najbolji dokumentarni film Srce Sarajeva je pripalo filmu &#8220;Pejza\u017ei otpora&#8221; autorice Marte Popivode (Srbija, Njema\u010dka, Francuska).<\/p>\n\n\n\n<p>Specijalnu nagradu \u017eirija odnio je dokumentarni film &#8220;Looking for Horces&#8221; autora Stefana Pavlovi\u0107a (Nizozemska, Francuska, Bosna i Hercegovina).<\/p>\n\n\n\n<p>Tako\u0111er je Specijalno priznanje \u017eirija oti\u0161lo filmu &#8220;Isti san&#8221; redatelj Vlad Petri (Rumunjska).<\/p>\n\n\n\n<p>Nagrada za ljudska prava pripala je filmu &#8220;Les enfant terribles&#8221; (Turska, Njema\u010dka, Francuska), redatelja Ahmeta Necdeta \u00c7upua.<\/p>\n\n\n\n<p>Srce Sarajeva za najbolji kratki film \u2013 kvalifikacijski film za nominaciju za nagradu Oscar\u00ae pripala je filmu &#8220;Sve \u0161to dolazi&#8221; (Francuska, Hrvatska), redatelj Mate Ugrin.<\/p>\n\n\n\n<p>Specijalno priznanje \u017eirija dodijeljeno je filmu &#8220;Raseljeni&#8221; u re\u017eiji Samira Karahoda (Albanija) .<\/p>\n\n\n\n<p>Srce Sarajeva za najbolji studentski film pripalo je filmu &#8220;Ljetni planovi&#8221; , re\u017eiser Alexandru Mironescu (Rumunjska).<\/p>\n\n\n\n<p>Po\u010dasno Srce Sarajeva dodijeljeno je njema\u010dkom redatelju Wim Wandersu, a ta nagrada se dodjeljuje u znak priznanja za izuzetan doprinos filmskoj umjetnosti.<\/p>\n\n\n\n<p>Posebna nagrada za promicanje rodne ravnopravosti dodijeljena je Noriki Sefa za film &#8220;Looking for Venera&#8221; (Albanija).<\/p>\n\n\n\n<p>Specijalno priznanje \u017eirija dobio je i film &#8220;Igrali\u0161te&#8221; Laure Wande (Belgija).<\/p>\n\n\n\n<p>Podsje\u0107anja radi, Srce Sarajeva za najbolju dramsku seriju pripalo je najboljoj komediji &#8220;Dnevnik velikog Perice&#8221;. Srce Sarajeva dobio je najbolji kreator serije Bojan Vuleti\u0107 (Porodica).<\/p>\n\n\n\n<p>Srce Sarajeva pripalo je najboljem glumcu u TV seriji Borisu Isakovi\u0107u (Porodica), a najbolja glumica u TV seriji je Jasna \u0110uri\u010di\u0107 (Grupa). Srce Sarajeva dobila je i zvijezda u usponu Ivana Ze\u010devi\u0107 (Grupa).<\/p>\n\n\n\n<p>Ovogodi\u0161nji 27. Sarajevo Film Festival po\u010deo je 13. kolovaza, a zavr\u0161ava 20. kolovoza i to projekcijama nagra\u0111enih filmova i svjetskom premijerom filma &#8220;Toma&#8221; Dragana Bjelogrli\u0107a.<\/p>\n\n\n\n<p>Izvor:pogled.ba<\/p>\n","protected":false},"excerpt":{"rendered":"<p>Dodjelom nagrada &#8220;Srce Sarajeva&#8221; u nekoliko kategorija, ve\u010deras je zavr\u0161en natjecateljski dio ovogodi\u0161njeg 27. Sarajevo Film Festivala (SFF), Festivala koji je pru\u017eio nadu mnogim mladim glumcima, redateljima, produkcijskim ku\u0107ama. Presti\u017enom nagradom Srce Sarajeva nagra\u0111eni su filmovi iz natjecateljskog programa i to za najbolji igrani film, dokumentarni film, kratki i studentski film. Nagrada Srce Sarajeva za [&hellip;]<\/p>\n","protected":false},"author":2,"featured_media":55326,"comment_status":"closed","ping_status":"closed","sticky":false,"template":"","format":"standard","meta":{"h5ap_radio_sources":[],"footnotes":""},"categories":[1],"tags":[],"class_list":["post-55325","post","type-post","status-publish","format-standard","has-post-thumbnail","hentry","category-bihiregija"],"yoast_head":"<!-- This site is optimized with the Yoast SEO plugin v27.5 - https:\/\/yoast.com\/product\/yoast-seo-wordpress\/ -->\n<title>Najbolji igrani film 27.Sarajevo Film Festivala je &#039;Kona\u010dna sloboda&#039; - RADIO LJUBU\u0160KI<\/title>\n<meta name=\"robots\" content=\"index, follow, max-snippet:-1, max-image-preview:large, max-video-preview:-1\" \/>\n<link rel=\"canonical\" href=\"https:\/\/radioljubuski.ba\/index.php\/2021\/08\/19\/najbolji-igrani-film-27-sarajevo-film-festivala-je-konacna-sloboda\/\" \/>\n<meta property=\"og:locale\" content=\"hr_HR\" \/>\n<meta property=\"og:type\" content=\"article\" \/>\n<meta property=\"og:title\" content=\"Najbolji igrani film 27.Sarajevo Film Festivala je &#039;Kona\u010dna sloboda&#039; - RADIO LJUBU\u0160KI\" \/>\n<meta property=\"og:description\" content=\"Dodjelom nagrada &#8220;Srce Sarajeva&#8221; u nekoliko kategorija, ve\u010deras je zavr\u0161en natjecateljski dio ovogodi\u0161njeg 27. Sarajevo Film Festivala (SFF), Festivala koji je pru\u017eio nadu mnogim mladim glumcima, redateljima, produkcijskim ku\u0107ama. Presti\u017enom nagradom Srce Sarajeva nagra\u0111eni su filmovi iz natjecateljskog programa i to za najbolji igrani film, dokumentarni film, kratki i studentski film. Nagrada Srce Sarajeva za [&hellip;]\" \/>\n<meta property=\"og:url\" content=\"https:\/\/radioljubuski.ba\/index.php\/2021\/08\/19\/najbolji-igrani-film-27-sarajevo-film-festivala-je-konacna-sloboda\/\" \/>\n<meta property=\"og:site_name\" content=\"RADIO LJUBU\u0160KI\" \/>\n<meta property=\"article:publisher\" content=\"https:\/\/www.facebook.com\/Radiio-Ljubuski-1490835324566332\" \/>\n<meta property=\"article:published_time\" content=\"2021-08-19T22:45:17+00:00\" \/>\n<meta property=\"article:modified_time\" content=\"2021-08-19T22:45:18+00:00\" \/>\n<meta property=\"og:image\" content=\"https:\/\/radioljubuski.ba\/wp-content\/uploads\/2021\/08\/8-2021-08-19-22-03-07-SFF.jpg\" \/>\n\t<meta property=\"og:image:width\" content=\"1000\" \/>\n\t<meta property=\"og:image:height\" content=\"625\" \/>\n\t<meta property=\"og:image:type\" content=\"image\/jpeg\" \/>\n<meta name=\"author\" content=\"Radio Ljubu\u0161ki\" \/>\n<meta name=\"twitter:card\" content=\"summary_large_image\" \/>\n<meta name=\"twitter:creator\" content=\"@radioljubuski\" \/>\n<meta name=\"twitter:site\" content=\"@radioljubuski\" \/>\n<meta name=\"twitter:label1\" content=\"Napisao\/la\" \/>\n\t<meta name=\"twitter:data1\" content=\"Radio Ljubu\u0161ki\" \/>\n\t<meta name=\"twitter:label2\" content=\"Procijenjeno vrijeme \u010ditanja\" \/>\n\t<meta name=\"twitter:data2\" content=\"2 minute\" \/>\n<script type=\"application\/ld+json\" class=\"yoast-schema-graph\">{\"@context\":\"https:\\\/\\\/schema.org\",\"@graph\":[{\"@type\":\"Article\",\"@id\":\"https:\\\/\\\/radioljubuski.ba\\\/index.php\\\/2021\\\/08\\\/19\\\/najbolji-igrani-film-27-sarajevo-film-festivala-je-konacna-sloboda\\\/#article\",\"isPartOf\":{\"@id\":\"https:\\\/\\\/radioljubuski.ba\\\/index.php\\\/2021\\\/08\\\/19\\\/najbolji-igrani-film-27-sarajevo-film-festivala-je-konacna-sloboda\\\/\"},\"author\":{\"name\":\"Radio Ljubu\u0161ki\",\"@id\":\"https:\\\/\\\/radioljubuski.ba\\\/#\\\/schema\\\/person\\\/19fc700381a780f69665d7956c469e3b\"},\"headline\":\"Najbolji igrani film 27.Sarajevo Film Festivala je &#8216;Kona\u010dna sloboda&#8217;\",\"datePublished\":\"2021-08-19T22:45:17+00:00\",\"dateModified\":\"2021-08-19T22:45:18+00:00\",\"mainEntityOfPage\":{\"@id\":\"https:\\\/\\\/radioljubuski.ba\\\/index.php\\\/2021\\\/08\\\/19\\\/najbolji-igrani-film-27-sarajevo-film-festivala-je-konacna-sloboda\\\/\"},\"wordCount\":427,\"publisher\":{\"@id\":\"https:\\\/\\\/radioljubuski.ba\\\/#organization\"},\"image\":{\"@id\":\"https:\\\/\\\/radioljubuski.ba\\\/index.php\\\/2021\\\/08\\\/19\\\/najbolji-igrani-film-27-sarajevo-film-festivala-je-konacna-sloboda\\\/#primaryimage\"},\"thumbnailUrl\":\"https:\\\/\\\/radioljubuski.ba\\\/wp-content\\\/uploads\\\/2021\\\/08\\\/8-2021-08-19-22-03-07-SFF.jpg\",\"articleSection\":[\"BIH i regija\"],\"inLanguage\":\"hr\"},{\"@type\":\"WebPage\",\"@id\":\"https:\\\/\\\/radioljubuski.ba\\\/index.php\\\/2021\\\/08\\\/19\\\/najbolji-igrani-film-27-sarajevo-film-festivala-je-konacna-sloboda\\\/\",\"url\":\"https:\\\/\\\/radioljubuski.ba\\\/index.php\\\/2021\\\/08\\\/19\\\/najbolji-igrani-film-27-sarajevo-film-festivala-je-konacna-sloboda\\\/\",\"name\":\"Najbolji igrani film 27.Sarajevo Film Festivala je 'Kona\u010dna sloboda' - RADIO LJUBU\u0160KI\",\"isPartOf\":{\"@id\":\"https:\\\/\\\/radioljubuski.ba\\\/#website\"},\"primaryImageOfPage\":{\"@id\":\"https:\\\/\\\/radioljubuski.ba\\\/index.php\\\/2021\\\/08\\\/19\\\/najbolji-igrani-film-27-sarajevo-film-festivala-je-konacna-sloboda\\\/#primaryimage\"},\"image\":{\"@id\":\"https:\\\/\\\/radioljubuski.ba\\\/index.php\\\/2021\\\/08\\\/19\\\/najbolji-igrani-film-27-sarajevo-film-festivala-je-konacna-sloboda\\\/#primaryimage\"},\"thumbnailUrl\":\"https:\\\/\\\/radioljubuski.ba\\\/wp-content\\\/uploads\\\/2021\\\/08\\\/8-2021-08-19-22-03-07-SFF.jpg\",\"datePublished\":\"2021-08-19T22:45:17+00:00\",\"dateModified\":\"2021-08-19T22:45:18+00:00\",\"breadcrumb\":{\"@id\":\"https:\\\/\\\/radioljubuski.ba\\\/index.php\\\/2021\\\/08\\\/19\\\/najbolji-igrani-film-27-sarajevo-film-festivala-je-konacna-sloboda\\\/#breadcrumb\"},\"inLanguage\":\"hr\",\"potentialAction\":[{\"@type\":\"ReadAction\",\"target\":[\"https:\\\/\\\/radioljubuski.ba\\\/index.php\\\/2021\\\/08\\\/19\\\/najbolji-igrani-film-27-sarajevo-film-festivala-je-konacna-sloboda\\\/\"]}]},{\"@type\":\"ImageObject\",\"inLanguage\":\"hr\",\"@id\":\"https:\\\/\\\/radioljubuski.ba\\\/index.php\\\/2021\\\/08\\\/19\\\/najbolji-igrani-film-27-sarajevo-film-festivala-je-konacna-sloboda\\\/#primaryimage\",\"url\":\"https:\\\/\\\/radioljubuski.ba\\\/wp-content\\\/uploads\\\/2021\\\/08\\\/8-2021-08-19-22-03-07-SFF.jpg\",\"contentUrl\":\"https:\\\/\\\/radioljubuski.ba\\\/wp-content\\\/uploads\\\/2021\\\/08\\\/8-2021-08-19-22-03-07-SFF.jpg\",\"width\":1000,\"height\":625},{\"@type\":\"BreadcrumbList\",\"@id\":\"https:\\\/\\\/radioljubuski.ba\\\/index.php\\\/2021\\\/08\\\/19\\\/najbolji-igrani-film-27-sarajevo-film-festivala-je-konacna-sloboda\\\/#breadcrumb\",\"itemListElement\":[{\"@type\":\"ListItem\",\"position\":1,\"name\":\"Po\u010detna stranica\",\"item\":\"https:\\\/\\\/radioljubuski.ba\\\/\"},{\"@type\":\"ListItem\",\"position\":2,\"name\":\"Najbolji igrani film 27.Sarajevo Film Festivala je &#8216;Kona\u010dna sloboda&#8217;\"}]},{\"@type\":\"WebSite\",\"@id\":\"https:\\\/\\\/radioljubuski.ba\\\/#website\",\"url\":\"https:\\\/\\\/radioljubuski.ba\\\/\",\"name\":\"Radio Ljubu\u0161ki\",\"description\":\"Sun\u010dana frekvencija Hercegovine\",\"publisher\":{\"@id\":\"https:\\\/\\\/radioljubuski.ba\\\/#organization\"},\"potentialAction\":[{\"@type\":\"SearchAction\",\"target\":{\"@type\":\"EntryPoint\",\"urlTemplate\":\"https:\\\/\\\/radioljubuski.ba\\\/?s={search_term_string}\"},\"query-input\":{\"@type\":\"PropertyValueSpecification\",\"valueRequired\":true,\"valueName\":\"search_term_string\"}}],\"inLanguage\":\"hr\"},{\"@type\":\"Organization\",\"@id\":\"https:\\\/\\\/radioljubuski.ba\\\/#organization\",\"name\":\"Radio Ljubu\u0161ki\",\"url\":\"https:\\\/\\\/radioljubuski.ba\\\/\",\"logo\":{\"@type\":\"ImageObject\",\"inLanguage\":\"hr\",\"@id\":\"https:\\\/\\\/radioljubuski.ba\\\/#\\\/schema\\\/logo\\\/image\\\/\",\"url\":\"https:\\\/\\\/radioljubuski.ba\\\/wp-content\\\/uploads\\\/2021\\\/02\\\/cropped-Radio_Ljubuski_logo1.jpg\",\"contentUrl\":\"https:\\\/\\\/radioljubuski.ba\\\/wp-content\\\/uploads\\\/2021\\\/02\\\/cropped-Radio_Ljubuski_logo1.jpg\",\"width\":512,\"height\":512,\"caption\":\"Radio Ljubu\u0161ki\"},\"image\":{\"@id\":\"https:\\\/\\\/radioljubuski.ba\\\/#\\\/schema\\\/logo\\\/image\\\/\"},\"sameAs\":[\"https:\\\/\\\/www.facebook.com\\\/Radiio-Ljubuski-1490835324566332\",\"https:\\\/\\\/x.com\\\/radioljubuski\",\"https:\\\/\\\/hr.linkedin.com\\\/company\\\/radio-ljubuski\",\"https:\\\/\\\/www.youtube.com\\\/channel\\\/UCHYaeO_n0Db3tjNGudGpXyw\"]},{\"@type\":\"Person\",\"@id\":\"https:\\\/\\\/radioljubuski.ba\\\/#\\\/schema\\\/person\\\/19fc700381a780f69665d7956c469e3b\",\"name\":\"Radio Ljubu\u0161ki\"}]}<\/script>\n<!-- \/ Yoast SEO plugin. -->","yoast_head_json":{"title":"Najbolji igrani film 27.Sarajevo Film Festivala je 'Kona\u010dna sloboda' - RADIO LJUBU\u0160KI","robots":{"index":"index","follow":"follow","max-snippet":"max-snippet:-1","max-image-preview":"max-image-preview:large","max-video-preview":"max-video-preview:-1"},"canonical":"https:\/\/radioljubuski.ba\/index.php\/2021\/08\/19\/najbolji-igrani-film-27-sarajevo-film-festivala-je-konacna-sloboda\/","og_locale":"hr_HR","og_type":"article","og_title":"Najbolji igrani film 27.Sarajevo Film Festivala je 'Kona\u010dna sloboda' - RADIO LJUBU\u0160KI","og_description":"Dodjelom nagrada &#8220;Srce Sarajeva&#8221; u nekoliko kategorija, ve\u010deras je zavr\u0161en natjecateljski dio ovogodi\u0161njeg 27. Sarajevo Film Festivala (SFF), Festivala koji je pru\u017eio nadu mnogim mladim glumcima, redateljima, produkcijskim ku\u0107ama. Presti\u017enom nagradom Srce Sarajeva nagra\u0111eni su filmovi iz natjecateljskog programa i to za najbolji igrani film, dokumentarni film, kratki i studentski film. Nagrada Srce Sarajeva za [&hellip;]","og_url":"https:\/\/radioljubuski.ba\/index.php\/2021\/08\/19\/najbolji-igrani-film-27-sarajevo-film-festivala-je-konacna-sloboda\/","og_site_name":"RADIO LJUBU\u0160KI","article_publisher":"https:\/\/www.facebook.com\/Radiio-Ljubuski-1490835324566332","article_published_time":"2021-08-19T22:45:17+00:00","article_modified_time":"2021-08-19T22:45:18+00:00","og_image":[{"width":1000,"height":625,"url":"https:\/\/radioljubuski.ba\/wp-content\/uploads\/2021\/08\/8-2021-08-19-22-03-07-SFF.jpg","type":"image\/jpeg"}],"author":"Radio Ljubu\u0161ki","twitter_card":"summary_large_image","twitter_creator":"@radioljubuski","twitter_site":"@radioljubuski","twitter_misc":{"Napisao\/la":"Radio Ljubu\u0161ki","Procijenjeno vrijeme \u010ditanja":"2 minute"},"schema":{"@context":"https:\/\/schema.org","@graph":[{"@type":"Article","@id":"https:\/\/radioljubuski.ba\/index.php\/2021\/08\/19\/najbolji-igrani-film-27-sarajevo-film-festivala-je-konacna-sloboda\/#article","isPartOf":{"@id":"https:\/\/radioljubuski.ba\/index.php\/2021\/08\/19\/najbolji-igrani-film-27-sarajevo-film-festivala-je-konacna-sloboda\/"},"author":{"name":"Radio Ljubu\u0161ki","@id":"https:\/\/radioljubuski.ba\/#\/schema\/person\/19fc700381a780f69665d7956c469e3b"},"headline":"Najbolji igrani film 27.Sarajevo Film Festivala je &#8216;Kona\u010dna sloboda&#8217;","datePublished":"2021-08-19T22:45:17+00:00","dateModified":"2021-08-19T22:45:18+00:00","mainEntityOfPage":{"@id":"https:\/\/radioljubuski.ba\/index.php\/2021\/08\/19\/najbolji-igrani-film-27-sarajevo-film-festivala-je-konacna-sloboda\/"},"wordCount":427,"publisher":{"@id":"https:\/\/radioljubuski.ba\/#organization"},"image":{"@id":"https:\/\/radioljubuski.ba\/index.php\/2021\/08\/19\/najbolji-igrani-film-27-sarajevo-film-festivala-je-konacna-sloboda\/#primaryimage"},"thumbnailUrl":"https:\/\/radioljubuski.ba\/wp-content\/uploads\/2021\/08\/8-2021-08-19-22-03-07-SFF.jpg","articleSection":["BIH i regija"],"inLanguage":"hr"},{"@type":"WebPage","@id":"https:\/\/radioljubuski.ba\/index.php\/2021\/08\/19\/najbolji-igrani-film-27-sarajevo-film-festivala-je-konacna-sloboda\/","url":"https:\/\/radioljubuski.ba\/index.php\/2021\/08\/19\/najbolji-igrani-film-27-sarajevo-film-festivala-je-konacna-sloboda\/","name":"Najbolji igrani film 27.Sarajevo Film Festivala je 'Kona\u010dna sloboda' - RADIO LJUBU\u0160KI","isPartOf":{"@id":"https:\/\/radioljubuski.ba\/#website"},"primaryImageOfPage":{"@id":"https:\/\/radioljubuski.ba\/index.php\/2021\/08\/19\/najbolji-igrani-film-27-sarajevo-film-festivala-je-konacna-sloboda\/#primaryimage"},"image":{"@id":"https:\/\/radioljubuski.ba\/index.php\/2021\/08\/19\/najbolji-igrani-film-27-sarajevo-film-festivala-je-konacna-sloboda\/#primaryimage"},"thumbnailUrl":"https:\/\/radioljubuski.ba\/wp-content\/uploads\/2021\/08\/8-2021-08-19-22-03-07-SFF.jpg","datePublished":"2021-08-19T22:45:17+00:00","dateModified":"2021-08-19T22:45:18+00:00","breadcrumb":{"@id":"https:\/\/radioljubuski.ba\/index.php\/2021\/08\/19\/najbolji-igrani-film-27-sarajevo-film-festivala-je-konacna-sloboda\/#breadcrumb"},"inLanguage":"hr","potentialAction":[{"@type":"ReadAction","target":["https:\/\/radioljubuski.ba\/index.php\/2021\/08\/19\/najbolji-igrani-film-27-sarajevo-film-festivala-je-konacna-sloboda\/"]}]},{"@type":"ImageObject","inLanguage":"hr","@id":"https:\/\/radioljubuski.ba\/index.php\/2021\/08\/19\/najbolji-igrani-film-27-sarajevo-film-festivala-je-konacna-sloboda\/#primaryimage","url":"https:\/\/radioljubuski.ba\/wp-content\/uploads\/2021\/08\/8-2021-08-19-22-03-07-SFF.jpg","contentUrl":"https:\/\/radioljubuski.ba\/wp-content\/uploads\/2021\/08\/8-2021-08-19-22-03-07-SFF.jpg","width":1000,"height":625},{"@type":"BreadcrumbList","@id":"https:\/\/radioljubuski.ba\/index.php\/2021\/08\/19\/najbolji-igrani-film-27-sarajevo-film-festivala-je-konacna-sloboda\/#breadcrumb","itemListElement":[{"@type":"ListItem","position":1,"name":"Po\u010detna stranica","item":"https:\/\/radioljubuski.ba\/"},{"@type":"ListItem","position":2,"name":"Najbolji igrani film 27.Sarajevo Film Festivala je &#8216;Kona\u010dna sloboda&#8217;"}]},{"@type":"WebSite","@id":"https:\/\/radioljubuski.ba\/#website","url":"https:\/\/radioljubuski.ba\/","name":"Radio Ljubu\u0161ki","description":"Sun\u010dana frekvencija Hercegovine","publisher":{"@id":"https:\/\/radioljubuski.ba\/#organization"},"potentialAction":[{"@type":"SearchAction","target":{"@type":"EntryPoint","urlTemplate":"https:\/\/radioljubuski.ba\/?s={search_term_string}"},"query-input":{"@type":"PropertyValueSpecification","valueRequired":true,"valueName":"search_term_string"}}],"inLanguage":"hr"},{"@type":"Organization","@id":"https:\/\/radioljubuski.ba\/#organization","name":"Radio Ljubu\u0161ki","url":"https:\/\/radioljubuski.ba\/","logo":{"@type":"ImageObject","inLanguage":"hr","@id":"https:\/\/radioljubuski.ba\/#\/schema\/logo\/image\/","url":"https:\/\/radioljubuski.ba\/wp-content\/uploads\/2021\/02\/cropped-Radio_Ljubuski_logo1.jpg","contentUrl":"https:\/\/radioljubuski.ba\/wp-content\/uploads\/2021\/02\/cropped-Radio_Ljubuski_logo1.jpg","width":512,"height":512,"caption":"Radio Ljubu\u0161ki"},"image":{"@id":"https:\/\/radioljubuski.ba\/#\/schema\/logo\/image\/"},"sameAs":["https:\/\/www.facebook.com\/Radiio-Ljubuski-1490835324566332","https:\/\/x.com\/radioljubuski","https:\/\/hr.linkedin.com\/company\/radio-ljubuski","https:\/\/www.youtube.com\/channel\/UCHYaeO_n0Db3tjNGudGpXyw"]},{"@type":"Person","@id":"https:\/\/radioljubuski.ba\/#\/schema\/person\/19fc700381a780f69665d7956c469e3b","name":"Radio Ljubu\u0161ki"}]}},"_links":{"self":[{"href":"https:\/\/radioljubuski.ba\/index.php\/wp-json\/wp\/v2\/posts\/55325","targetHints":{"allow":["GET"]}}],"collection":[{"href":"https:\/\/radioljubuski.ba\/index.php\/wp-json\/wp\/v2\/posts"}],"about":[{"href":"https:\/\/radioljubuski.ba\/index.php\/wp-json\/wp\/v2\/types\/post"}],"author":[{"embeddable":true,"href":"https:\/\/radioljubuski.ba\/index.php\/wp-json\/wp\/v2\/users\/2"}],"replies":[{"embeddable":true,"href":"https:\/\/radioljubuski.ba\/index.php\/wp-json\/wp\/v2\/comments?post=55325"}],"version-history":[{"count":1,"href":"https:\/\/radioljubuski.ba\/index.php\/wp-json\/wp\/v2\/posts\/55325\/revisions"}],"predecessor-version":[{"id":55327,"href":"https:\/\/radioljubuski.ba\/index.php\/wp-json\/wp\/v2\/posts\/55325\/revisions\/55327"}],"wp:featuredmedia":[{"embeddable":true,"href":"https:\/\/radioljubuski.ba\/index.php\/wp-json\/wp\/v2\/media\/55326"}],"wp:attachment":[{"href":"https:\/\/radioljubuski.ba\/index.php\/wp-json\/wp\/v2\/media?parent=55325"}],"wp:term":[{"taxonomy":"category","embeddable":true,"href":"https:\/\/radioljubuski.ba\/index.php\/wp-json\/wp\/v2\/categories?post=55325"},{"taxonomy":"post_tag","embeddable":true,"href":"https:\/\/radioljubuski.ba\/index.php\/wp-json\/wp\/v2\/tags?post=55325"}],"curies":[{"name":"wp","href":"https:\/\/api.w.org\/{rel}","templated":true}]}}