{"id":55333,"date":"2021-08-19T23:49:56","date_gmt":"2021-08-19T22:49:56","guid":{"rendered":"https:\/\/radioljubuski.ba\/?p=55333"},"modified":"2021-08-19T23:49:57","modified_gmt":"2021-08-19T22:49:57","slug":"pavlicek-utociste-za-afganistance-koji-su-pomagali-hrvatskim-vojnicima","status":"publish","type":"post","link":"https:\/\/radioljubuski.ba\/index.php\/2021\/08\/19\/pavlicek-utociste-za-afganistance-koji-su-pomagali-hrvatskim-vojnicima\/","title":{"rendered":"Pavli\u010dek: Uto\u010di\u0161te za Afganistance koji su pomagali hrvatskim vojnicima"},"content":{"rendered":"\n<p>Saborski zastupnik Hrvatskih suverenista&nbsp;Marijan Pavli\u010dek priop\u0107io je u \u010detvrtak kako&nbsp;treba pru\u017eiti uto\u010di\u0161te Afganistancima koji su pomagali hrvatskim vojnicima u vojnim&nbsp;misijama, a ostale treba zbrinuti u sigurne zone blizu Afganistana.<\/p>\n\n\n\n<p>&#8220;Talibansko preuzimanje vlasti u Afganistanu o\u010digledno bi moglo dovesti do novoga izbjegli\u010dkog vala, stoga Hrvatski suverenisti pozivaju Vladu da ve\u0107 sad zauzme jasno slu\u017ebeno stajali\u0161te. Ne \u017eelimo reprizu migracijske stihije ni kolone civila koji ugro\u017eavaju vlastitu sigurnost da bi, potpomognuti od globalisti\u010dkih nevladinih organizacija, stigli do na\u0161ih granica, ve\u0107 pozivamo na me\u0111udr\u017eavni dogovor unutar NATO-a&#8221;, navodi se u priop\u0107enju, prenosi Hina.<\/p>\n\n\n\n<p>Smatra kako Hrvatska treba na vlastitu inicijativu pru\u017eiti uto\u010di\u0161te svim Afganistancima koji su pomagali hrvatskim vojnicima u misijama u toj zemlji te njihovim obiteljima.<\/p>\n\n\n\n<p>&#8220;Iako je danas jasnije nego ikad da je intervencija u Afganistanu bila pogrje\u0161na ili barem potpuno pogrje\u0161no provedena, svatko tko je hrvatskim vojnicima olak\u0161avao boravak u tu\u0111ini te svojim znanjem i uslugama doveo do toga da se oni osje\u0107aju sigurnije u misiji zaslu\u017euje da se na\u0161a dr\u017eava danas pobrine za njegovu sigurnost i sigurnost njegovih najbli\u017eih&#8221;, navodi Pavli\u010dek.<\/p>\n\n\n\n<p>Za ostale dr\u017eavljane Afganistana, osobito one koji se opravdano boje talibanske odmazde, predla\u017ee otvaranje sigurnih zona u susjednim dr\u017eavama koje bi bile pod za\u0161titom NATO-a i partnera.&nbsp;&#8220;Hrvatska, u dogovoru s ostalim dr\u017eavama, preuzela bi svoj dio odgovornosti, osiguravaju\u0107i pritom boravak afganistanskih izbjeglica u njima kulturolo\u0161ki bli\u017eim dr\u017eavama i stvaraju\u0107i pretpostavke za njihov lak\u0161i povratak u mati\u010dnu zemlju kad se za to steknu uvjeti&#8221;, stoji u priop\u0107enju.<\/p>\n\n\n\n<p>Dnevnik.ba<\/p>\n","protected":false},"excerpt":{"rendered":"<p>Saborski zastupnik Hrvatskih suverenista&nbsp;Marijan Pavli\u010dek priop\u0107io je u \u010detvrtak kako&nbsp;treba pru\u017eiti uto\u010di\u0161te Afganistancima koji su pomagali hrvatskim vojnicima u vojnim&nbsp;misijama, a ostale treba zbrinuti u sigurne zone blizu Afganistana. &#8220;Talibansko preuzimanje vlasti u Afganistanu o\u010digledno bi moglo dovesti do novoga izbjegli\u010dkog vala, stoga Hrvatski suverenisti pozivaju Vladu da ve\u0107 sad zauzme jasno slu\u017ebeno stajali\u0161te. Ne [&hellip;]<\/p>\n","protected":false},"author":2,"featured_media":55334,"comment_status":"closed","ping_status":"closed","sticky":false,"template":"","format":"standard","meta":{"h5ap_radio_sources":[],"footnotes":""},"categories":[1],"tags":[],"class_list":["post-55333","post","type-post","status-publish","format-standard","has-post-thumbnail","hentry","category-bihiregija"],"yoast_head":"<!-- This site is optimized with the Yoast SEO plugin v27.5 - https:\/\/yoast.com\/product\/yoast-seo-wordpress\/ -->\n<title>Pavli\u010dek: Uto\u010di\u0161te za Afganistance koji su pomagali hrvatskim vojnicima - RADIO LJUBU\u0160KI<\/title>\n<meta name=\"robots\" content=\"index, follow, max-snippet:-1, max-image-preview:large, max-video-preview:-1\" \/>\n<link rel=\"canonical\" href=\"https:\/\/radioljubuski.ba\/index.php\/2021\/08\/19\/pavlicek-utociste-za-afganistance-koji-su-pomagali-hrvatskim-vojnicima\/\" \/>\n<meta property=\"og:locale\" content=\"hr_HR\" \/>\n<meta property=\"og:type\" content=\"article\" \/>\n<meta property=\"og:title\" content=\"Pavli\u010dek: Uto\u010di\u0161te za Afganistance koji su pomagali hrvatskim vojnicima - RADIO LJUBU\u0160KI\" \/>\n<meta property=\"og:description\" content=\"Saborski zastupnik Hrvatskih suverenista&nbsp;Marijan Pavli\u010dek priop\u0107io je u \u010detvrtak kako&nbsp;treba pru\u017eiti uto\u010di\u0161te Afganistancima koji su pomagali hrvatskim vojnicima u vojnim&nbsp;misijama, a ostale treba zbrinuti u sigurne zone blizu Afganistana. &#8220;Talibansko preuzimanje vlasti u Afganistanu o\u010digledno bi moglo dovesti do novoga izbjegli\u010dkog vala, stoga Hrvatski suverenisti pozivaju Vladu da ve\u0107 sad zauzme jasno slu\u017ebeno stajali\u0161te. Ne [&hellip;]\" \/>\n<meta property=\"og:url\" content=\"https:\/\/radioljubuski.ba\/index.php\/2021\/08\/19\/pavlicek-utociste-za-afganistance-koji-su-pomagali-hrvatskim-vojnicima\/\" \/>\n<meta property=\"og:site_name\" content=\"RADIO LJUBU\u0160KI\" \/>\n<meta property=\"article:publisher\" content=\"https:\/\/www.facebook.com\/Radiio-Ljubuski-1490835324566332\" \/>\n<meta property=\"article:published_time\" content=\"2021-08-19T22:49:56+00:00\" \/>\n<meta property=\"article:modified_time\" content=\"2021-08-19T22:49:57+00:00\" \/>\n<meta property=\"og:image\" content=\"https:\/\/radioljubuski.ba\/wp-content\/uploads\/2021\/08\/279478.jpg\" \/>\n\t<meta property=\"og:image:width\" content=\"730\" \/>\n\t<meta property=\"og:image:height\" content=\"487\" \/>\n\t<meta property=\"og:image:type\" content=\"image\/jpeg\" \/>\n<meta name=\"author\" content=\"Radio Ljubu\u0161ki\" \/>\n<meta name=\"twitter:card\" content=\"summary_large_image\" \/>\n<meta name=\"twitter:creator\" content=\"@radioljubuski\" \/>\n<meta name=\"twitter:site\" content=\"@radioljubuski\" \/>\n<meta name=\"twitter:label1\" content=\"Napisao\/la\" \/>\n\t<meta name=\"twitter:data1\" content=\"Radio Ljubu\u0161ki\" \/>\n\t<meta name=\"twitter:label2\" content=\"Procijenjeno vrijeme \u010ditanja\" \/>\n\t<meta name=\"twitter:data2\" content=\"2 minute\" \/>\n<script type=\"application\/ld+json\" class=\"yoast-schema-graph\">{\"@context\":\"https:\\\/\\\/schema.org\",\"@graph\":[{\"@type\":\"Article\",\"@id\":\"https:\\\/\\\/radioljubuski.ba\\\/index.php\\\/2021\\\/08\\\/19\\\/pavlicek-utociste-za-afganistance-koji-su-pomagali-hrvatskim-vojnicima\\\/#article\",\"isPartOf\":{\"@id\":\"https:\\\/\\\/radioljubuski.ba\\\/index.php\\\/2021\\\/08\\\/19\\\/pavlicek-utociste-za-afganistance-koji-su-pomagali-hrvatskim-vojnicima\\\/\"},\"author\":{\"name\":\"Radio Ljubu\u0161ki\",\"@id\":\"https:\\\/\\\/radioljubuski.ba\\\/#\\\/schema\\\/person\\\/19fc700381a780f69665d7956c469e3b\"},\"headline\":\"Pavli\u010dek: Uto\u010di\u0161te za Afganistance koji su pomagali hrvatskim vojnicima\",\"datePublished\":\"2021-08-19T22:49:56+00:00\",\"dateModified\":\"2021-08-19T22:49:57+00:00\",\"mainEntityOfPage\":{\"@id\":\"https:\\\/\\\/radioljubuski.ba\\\/index.php\\\/2021\\\/08\\\/19\\\/pavlicek-utociste-za-afganistance-koji-su-pomagali-hrvatskim-vojnicima\\\/\"},\"wordCount\":301,\"publisher\":{\"@id\":\"https:\\\/\\\/radioljubuski.ba\\\/#organization\"},\"image\":{\"@id\":\"https:\\\/\\\/radioljubuski.ba\\\/index.php\\\/2021\\\/08\\\/19\\\/pavlicek-utociste-za-afganistance-koji-su-pomagali-hrvatskim-vojnicima\\\/#primaryimage\"},\"thumbnailUrl\":\"https:\\\/\\\/radioljubuski.ba\\\/wp-content\\\/uploads\\\/2021\\\/08\\\/279478.jpg\",\"articleSection\":[\"BIH i regija\"],\"inLanguage\":\"hr\"},{\"@type\":\"WebPage\",\"@id\":\"https:\\\/\\\/radioljubuski.ba\\\/index.php\\\/2021\\\/08\\\/19\\\/pavlicek-utociste-za-afganistance-koji-su-pomagali-hrvatskim-vojnicima\\\/\",\"url\":\"https:\\\/\\\/radioljubuski.ba\\\/index.php\\\/2021\\\/08\\\/19\\\/pavlicek-utociste-za-afganistance-koji-su-pomagali-hrvatskim-vojnicima\\\/\",\"name\":\"Pavli\u010dek: Uto\u010di\u0161te za Afganistance koji su pomagali hrvatskim vojnicima - RADIO LJUBU\u0160KI\",\"isPartOf\":{\"@id\":\"https:\\\/\\\/radioljubuski.ba\\\/#website\"},\"primaryImageOfPage\":{\"@id\":\"https:\\\/\\\/radioljubuski.ba\\\/index.php\\\/2021\\\/08\\\/19\\\/pavlicek-utociste-za-afganistance-koji-su-pomagali-hrvatskim-vojnicima\\\/#primaryimage\"},\"image\":{\"@id\":\"https:\\\/\\\/radioljubuski.ba\\\/index.php\\\/2021\\\/08\\\/19\\\/pavlicek-utociste-za-afganistance-koji-su-pomagali-hrvatskim-vojnicima\\\/#primaryimage\"},\"thumbnailUrl\":\"https:\\\/\\\/radioljubuski.ba\\\/wp-content\\\/uploads\\\/2021\\\/08\\\/279478.jpg\",\"datePublished\":\"2021-08-19T22:49:56+00:00\",\"dateModified\":\"2021-08-19T22:49:57+00:00\",\"breadcrumb\":{\"@id\":\"https:\\\/\\\/radioljubuski.ba\\\/index.php\\\/2021\\\/08\\\/19\\\/pavlicek-utociste-za-afganistance-koji-su-pomagali-hrvatskim-vojnicima\\\/#breadcrumb\"},\"inLanguage\":\"hr\",\"potentialAction\":[{\"@type\":\"ReadAction\",\"target\":[\"https:\\\/\\\/radioljubuski.ba\\\/index.php\\\/2021\\\/08\\\/19\\\/pavlicek-utociste-za-afganistance-koji-su-pomagali-hrvatskim-vojnicima\\\/\"]}]},{\"@type\":\"ImageObject\",\"inLanguage\":\"hr\",\"@id\":\"https:\\\/\\\/radioljubuski.ba\\\/index.php\\\/2021\\\/08\\\/19\\\/pavlicek-utociste-za-afganistance-koji-su-pomagali-hrvatskim-vojnicima\\\/#primaryimage\",\"url\":\"https:\\\/\\\/radioljubuski.ba\\\/wp-content\\\/uploads\\\/2021\\\/08\\\/279478.jpg\",\"contentUrl\":\"https:\\\/\\\/radioljubuski.ba\\\/wp-content\\\/uploads\\\/2021\\\/08\\\/279478.jpg\",\"width\":730,\"height\":487},{\"@type\":\"BreadcrumbList\",\"@id\":\"https:\\\/\\\/radioljubuski.ba\\\/index.php\\\/2021\\\/08\\\/19\\\/pavlicek-utociste-za-afganistance-koji-su-pomagali-hrvatskim-vojnicima\\\/#breadcrumb\",\"itemListElement\":[{\"@type\":\"ListItem\",\"position\":1,\"name\":\"Po\u010detna stranica\",\"item\":\"https:\\\/\\\/radioljubuski.ba\\\/\"},{\"@type\":\"ListItem\",\"position\":2,\"name\":\"Pavli\u010dek: Uto\u010di\u0161te za Afganistance koji su pomagali hrvatskim vojnicima\"}]},{\"@type\":\"WebSite\",\"@id\":\"https:\\\/\\\/radioljubuski.ba\\\/#website\",\"url\":\"https:\\\/\\\/radioljubuski.ba\\\/\",\"name\":\"Radio Ljubu\u0161ki\",\"description\":\"Sun\u010dana frekvencija Hercegovine\",\"publisher\":{\"@id\":\"https:\\\/\\\/radioljubuski.ba\\\/#organization\"},\"potentialAction\":[{\"@type\":\"SearchAction\",\"target\":{\"@type\":\"EntryPoint\",\"urlTemplate\":\"https:\\\/\\\/radioljubuski.ba\\\/?s={search_term_string}\"},\"query-input\":{\"@type\":\"PropertyValueSpecification\",\"valueRequired\":true,\"valueName\":\"search_term_string\"}}],\"inLanguage\":\"hr\"},{\"@type\":\"Organization\",\"@id\":\"https:\\\/\\\/radioljubuski.ba\\\/#organization\",\"name\":\"Radio Ljubu\u0161ki\",\"url\":\"https:\\\/\\\/radioljubuski.ba\\\/\",\"logo\":{\"@type\":\"ImageObject\",\"inLanguage\":\"hr\",\"@id\":\"https:\\\/\\\/radioljubuski.ba\\\/#\\\/schema\\\/logo\\\/image\\\/\",\"url\":\"https:\\\/\\\/radioljubuski.ba\\\/wp-content\\\/uploads\\\/2021\\\/02\\\/cropped-Radio_Ljubuski_logo1.jpg\",\"contentUrl\":\"https:\\\/\\\/radioljubuski.ba\\\/wp-content\\\/uploads\\\/2021\\\/02\\\/cropped-Radio_Ljubuski_logo1.jpg\",\"width\":512,\"height\":512,\"caption\":\"Radio Ljubu\u0161ki\"},\"image\":{\"@id\":\"https:\\\/\\\/radioljubuski.ba\\\/#\\\/schema\\\/logo\\\/image\\\/\"},\"sameAs\":[\"https:\\\/\\\/www.facebook.com\\\/Radiio-Ljubuski-1490835324566332\",\"https:\\\/\\\/x.com\\\/radioljubuski\",\"https:\\\/\\\/hr.linkedin.com\\\/company\\\/radio-ljubuski\",\"https:\\\/\\\/www.youtube.com\\\/channel\\\/UCHYaeO_n0Db3tjNGudGpXyw\"]},{\"@type\":\"Person\",\"@id\":\"https:\\\/\\\/radioljubuski.ba\\\/#\\\/schema\\\/person\\\/19fc700381a780f69665d7956c469e3b\",\"name\":\"Radio Ljubu\u0161ki\"}]}<\/script>\n<!-- \/ Yoast SEO plugin. -->","yoast_head_json":{"title":"Pavli\u010dek: Uto\u010di\u0161te za Afganistance koji su pomagali hrvatskim vojnicima - RADIO LJUBU\u0160KI","robots":{"index":"index","follow":"follow","max-snippet":"max-snippet:-1","max-image-preview":"max-image-preview:large","max-video-preview":"max-video-preview:-1"},"canonical":"https:\/\/radioljubuski.ba\/index.php\/2021\/08\/19\/pavlicek-utociste-za-afganistance-koji-su-pomagali-hrvatskim-vojnicima\/","og_locale":"hr_HR","og_type":"article","og_title":"Pavli\u010dek: Uto\u010di\u0161te za Afganistance koji su pomagali hrvatskim vojnicima - RADIO LJUBU\u0160KI","og_description":"Saborski zastupnik Hrvatskih suverenista&nbsp;Marijan Pavli\u010dek priop\u0107io je u \u010detvrtak kako&nbsp;treba pru\u017eiti uto\u010di\u0161te Afganistancima koji su pomagali hrvatskim vojnicima u vojnim&nbsp;misijama, a ostale treba zbrinuti u sigurne zone blizu Afganistana. &#8220;Talibansko preuzimanje vlasti u Afganistanu o\u010digledno bi moglo dovesti do novoga izbjegli\u010dkog vala, stoga Hrvatski suverenisti pozivaju Vladu da ve\u0107 sad zauzme jasno slu\u017ebeno stajali\u0161te. Ne [&hellip;]","og_url":"https:\/\/radioljubuski.ba\/index.php\/2021\/08\/19\/pavlicek-utociste-za-afganistance-koji-su-pomagali-hrvatskim-vojnicima\/","og_site_name":"RADIO LJUBU\u0160KI","article_publisher":"https:\/\/www.facebook.com\/Radiio-Ljubuski-1490835324566332","article_published_time":"2021-08-19T22:49:56+00:00","article_modified_time":"2021-08-19T22:49:57+00:00","og_image":[{"width":730,"height":487,"url":"https:\/\/radioljubuski.ba\/wp-content\/uploads\/2021\/08\/279478.jpg","type":"image\/jpeg"}],"author":"Radio Ljubu\u0161ki","twitter_card":"summary_large_image","twitter_creator":"@radioljubuski","twitter_site":"@radioljubuski","twitter_misc":{"Napisao\/la":"Radio Ljubu\u0161ki","Procijenjeno vrijeme \u010ditanja":"2 minute"},"schema":{"@context":"https:\/\/schema.org","@graph":[{"@type":"Article","@id":"https:\/\/radioljubuski.ba\/index.php\/2021\/08\/19\/pavlicek-utociste-za-afganistance-koji-su-pomagali-hrvatskim-vojnicima\/#article","isPartOf":{"@id":"https:\/\/radioljubuski.ba\/index.php\/2021\/08\/19\/pavlicek-utociste-za-afganistance-koji-su-pomagali-hrvatskim-vojnicima\/"},"author":{"name":"Radio Ljubu\u0161ki","@id":"https:\/\/radioljubuski.ba\/#\/schema\/person\/19fc700381a780f69665d7956c469e3b"},"headline":"Pavli\u010dek: Uto\u010di\u0161te za Afganistance koji su pomagali hrvatskim vojnicima","datePublished":"2021-08-19T22:49:56+00:00","dateModified":"2021-08-19T22:49:57+00:00","mainEntityOfPage":{"@id":"https:\/\/radioljubuski.ba\/index.php\/2021\/08\/19\/pavlicek-utociste-za-afganistance-koji-su-pomagali-hrvatskim-vojnicima\/"},"wordCount":301,"publisher":{"@id":"https:\/\/radioljubuski.ba\/#organization"},"image":{"@id":"https:\/\/radioljubuski.ba\/index.php\/2021\/08\/19\/pavlicek-utociste-za-afganistance-koji-su-pomagali-hrvatskim-vojnicima\/#primaryimage"},"thumbnailUrl":"https:\/\/radioljubuski.ba\/wp-content\/uploads\/2021\/08\/279478.jpg","articleSection":["BIH i regija"],"inLanguage":"hr"},{"@type":"WebPage","@id":"https:\/\/radioljubuski.ba\/index.php\/2021\/08\/19\/pavlicek-utociste-za-afganistance-koji-su-pomagali-hrvatskim-vojnicima\/","url":"https:\/\/radioljubuski.ba\/index.php\/2021\/08\/19\/pavlicek-utociste-za-afganistance-koji-su-pomagali-hrvatskim-vojnicima\/","name":"Pavli\u010dek: Uto\u010di\u0161te za Afganistance koji su pomagali hrvatskim vojnicima - RADIO LJUBU\u0160KI","isPartOf":{"@id":"https:\/\/radioljubuski.ba\/#website"},"primaryImageOfPage":{"@id":"https:\/\/radioljubuski.ba\/index.php\/2021\/08\/19\/pavlicek-utociste-za-afganistance-koji-su-pomagali-hrvatskim-vojnicima\/#primaryimage"},"image":{"@id":"https:\/\/radioljubuski.ba\/index.php\/2021\/08\/19\/pavlicek-utociste-za-afganistance-koji-su-pomagali-hrvatskim-vojnicima\/#primaryimage"},"thumbnailUrl":"https:\/\/radioljubuski.ba\/wp-content\/uploads\/2021\/08\/279478.jpg","datePublished":"2021-08-19T22:49:56+00:00","dateModified":"2021-08-19T22:49:57+00:00","breadcrumb":{"@id":"https:\/\/radioljubuski.ba\/index.php\/2021\/08\/19\/pavlicek-utociste-za-afganistance-koji-su-pomagali-hrvatskim-vojnicima\/#breadcrumb"},"inLanguage":"hr","potentialAction":[{"@type":"ReadAction","target":["https:\/\/radioljubuski.ba\/index.php\/2021\/08\/19\/pavlicek-utociste-za-afganistance-koji-su-pomagali-hrvatskim-vojnicima\/"]}]},{"@type":"ImageObject","inLanguage":"hr","@id":"https:\/\/radioljubuski.ba\/index.php\/2021\/08\/19\/pavlicek-utociste-za-afganistance-koji-su-pomagali-hrvatskim-vojnicima\/#primaryimage","url":"https:\/\/radioljubuski.ba\/wp-content\/uploads\/2021\/08\/279478.jpg","contentUrl":"https:\/\/radioljubuski.ba\/wp-content\/uploads\/2021\/08\/279478.jpg","width":730,"height":487},{"@type":"BreadcrumbList","@id":"https:\/\/radioljubuski.ba\/index.php\/2021\/08\/19\/pavlicek-utociste-za-afganistance-koji-su-pomagali-hrvatskim-vojnicima\/#breadcrumb","itemListElement":[{"@type":"ListItem","position":1,"name":"Po\u010detna stranica","item":"https:\/\/radioljubuski.ba\/"},{"@type":"ListItem","position":2,"name":"Pavli\u010dek: Uto\u010di\u0161te za Afganistance koji su pomagali hrvatskim vojnicima"}]},{"@type":"WebSite","@id":"https:\/\/radioljubuski.ba\/#website","url":"https:\/\/radioljubuski.ba\/","name":"Radio Ljubu\u0161ki","description":"Sun\u010dana frekvencija Hercegovine","publisher":{"@id":"https:\/\/radioljubuski.ba\/#organization"},"potentialAction":[{"@type":"SearchAction","target":{"@type":"EntryPoint","urlTemplate":"https:\/\/radioljubuski.ba\/?s={search_term_string}"},"query-input":{"@type":"PropertyValueSpecification","valueRequired":true,"valueName":"search_term_string"}}],"inLanguage":"hr"},{"@type":"Organization","@id":"https:\/\/radioljubuski.ba\/#organization","name":"Radio Ljubu\u0161ki","url":"https:\/\/radioljubuski.ba\/","logo":{"@type":"ImageObject","inLanguage":"hr","@id":"https:\/\/radioljubuski.ba\/#\/schema\/logo\/image\/","url":"https:\/\/radioljubuski.ba\/wp-content\/uploads\/2021\/02\/cropped-Radio_Ljubuski_logo1.jpg","contentUrl":"https:\/\/radioljubuski.ba\/wp-content\/uploads\/2021\/02\/cropped-Radio_Ljubuski_logo1.jpg","width":512,"height":512,"caption":"Radio Ljubu\u0161ki"},"image":{"@id":"https:\/\/radioljubuski.ba\/#\/schema\/logo\/image\/"},"sameAs":["https:\/\/www.facebook.com\/Radiio-Ljubuski-1490835324566332","https:\/\/x.com\/radioljubuski","https:\/\/hr.linkedin.com\/company\/radio-ljubuski","https:\/\/www.youtube.com\/channel\/UCHYaeO_n0Db3tjNGudGpXyw"]},{"@type":"Person","@id":"https:\/\/radioljubuski.ba\/#\/schema\/person\/19fc700381a780f69665d7956c469e3b","name":"Radio Ljubu\u0161ki"}]}},"_links":{"self":[{"href":"https:\/\/radioljubuski.ba\/index.php\/wp-json\/wp\/v2\/posts\/55333","targetHints":{"allow":["GET"]}}],"collection":[{"href":"https:\/\/radioljubuski.ba\/index.php\/wp-json\/wp\/v2\/posts"}],"about":[{"href":"https:\/\/radioljubuski.ba\/index.php\/wp-json\/wp\/v2\/types\/post"}],"author":[{"embeddable":true,"href":"https:\/\/radioljubuski.ba\/index.php\/wp-json\/wp\/v2\/users\/2"}],"replies":[{"embeddable":true,"href":"https:\/\/radioljubuski.ba\/index.php\/wp-json\/wp\/v2\/comments?post=55333"}],"version-history":[{"count":1,"href":"https:\/\/radioljubuski.ba\/index.php\/wp-json\/wp\/v2\/posts\/55333\/revisions"}],"predecessor-version":[{"id":55335,"href":"https:\/\/radioljubuski.ba\/index.php\/wp-json\/wp\/v2\/posts\/55333\/revisions\/55335"}],"wp:featuredmedia":[{"embeddable":true,"href":"https:\/\/radioljubuski.ba\/index.php\/wp-json\/wp\/v2\/media\/55334"}],"wp:attachment":[{"href":"https:\/\/radioljubuski.ba\/index.php\/wp-json\/wp\/v2\/media?parent=55333"}],"wp:term":[{"taxonomy":"category","embeddable":true,"href":"https:\/\/radioljubuski.ba\/index.php\/wp-json\/wp\/v2\/categories?post=55333"},{"taxonomy":"post_tag","embeddable":true,"href":"https:\/\/radioljubuski.ba\/index.php\/wp-json\/wp\/v2\/tags?post=55333"}],"curies":[{"name":"wp","href":"https:\/\/api.w.org\/{rel}","templated":true}]}}