{"id":55339,"date":"2021-08-19T23:54:29","date_gmt":"2021-08-19T22:54:29","guid":{"rendered":"https:\/\/radioljubuski.ba\/?p=55339"},"modified":"2021-08-19T23:54:30","modified_gmt":"2021-08-19T22:54:30","slug":"pavle-kalinic-monica-lewinsky-je-jedan-od-najbolje-odradenih-poslova-izraelske-obavjestajne-sluzbe","status":"publish","type":"post","link":"https:\/\/radioljubuski.ba\/index.php\/2021\/08\/19\/pavle-kalinic-monica-lewinsky-je-jedan-od-najbolje-odradenih-poslova-izraelske-obavjestajne-sluzbe\/","title":{"rendered":"Pavle Kalini\u0107: &#8220;Monica Lewinsky je jedan od najbolje odra\u0111enih poslova izraelske obavje\u0161tajne slu\u017ebe&#8221;"},"content":{"rendered":"\n<p>Pavle Kalini\u0107, biv\u0161i zagreba\u010dki pro\u010delnik ureda za upravljanje u hitnim situacijama u studiju Ve\u010dernjeg lista otkrio je odakle tolika zainteresiranost za doga\u0111aje na Bliskom istoku.<\/p>\n\n\n\n<p>Naime, doktorirao je na temu politike Georgea Busha prema islamisti\u010dkim zemljama, a otkriva kako je taj interes zapravo po\u010deo puno ranije.<\/p>\n\n\n\n<p>&#8211;&nbsp; Ja sam maturirao, diplomirao, magistrirao i doktorirao na temu o terorizmu. Ina\u010de sam bio vi\u0161e za kemiju i fiziku nego za dru\u0161tvene predmete, me\u0111utim kad su Crvene brigade otele Alda Mora onda mi je to postalo jako interesantno. Do\u0161ao sam u Zagreb, upisao sam faks i ostao tu. Sad isto predajem na faksu, ali vi\u0161e sportski, core business mi je ono odakle mi dolazi glavnina financijskih sredstava. Smatram da ovo \u0161to optu\u017euju muslimane da je to sve iz Kurana, to su pri\u010de za malu djecu. Imali ste tu sovjetske intervencije u Afganistanu, nerije\u0161ene odnose Izrael Palestina, imate Afganistan, to su sve sekularni korijeni islamskog terorizma. Muslimansko bratstvo su osnivali komunisti jer nisu&nbsp; vidjeli kako da rije\u0161e svoje probleme pa su rekli &#8216;ajmo se vratiti svojim korijenima&#8217; &#8211; rekao je i dodao:<\/p>\n\n\n\n<p>&#8211; Hamas nastaje tek 1987., to je sunitski radikalni pokret, oni dr\u017ee kontrolu nad Gazom iz koje se povukao Ariel Sharon. On je imao svoju viziju kako rije\u0161iti taj problem, no on je njegovom smr\u0107u ostao zabetoniran. Nemate rje\u0161enja. Zadnji poku\u0161aji rje\u0161enja problema su bili poku\u0161aji Billa Clintona, no oni su stali s aferom Monice Lewinsky. Ta Monica Lewinsky je jedan od najbolje odra\u0111enih obavje\u0161tajnih poslova izraelske obavje\u0161tajne slu\u017ebe. Ja im tu skidam kapu. Na taj na\u010din oni su zaustavili sve mirovne pregovore jer smatraju da dobitkom vremena mogu to rije\u0161iti na na\u010din kako to njima odgovara. Ono \u0161to na\u0161i pri\u010daju i pi\u0161u gluposti o Monici Lewinsky, ona je odradila veliki posao.<\/p>\n\n\n\n<p>Dnevnik.ba<\/p>\n","protected":false},"excerpt":{"rendered":"<p>Pavle Kalini\u0107, biv\u0161i zagreba\u010dki pro\u010delnik ureda za upravljanje u hitnim situacijama u studiju Ve\u010dernjeg lista otkrio je odakle tolika zainteresiranost za doga\u0111aje na Bliskom istoku. Naime, doktorirao je na temu politike Georgea Busha prema islamisti\u010dkim zemljama, a otkriva kako je taj interes zapravo po\u010deo puno ranije. &#8211;&nbsp; Ja sam maturirao, diplomirao, magistrirao i doktorirao na [&hellip;]<\/p>\n","protected":false},"author":2,"featured_media":55340,"comment_status":"closed","ping_status":"closed","sticky":false,"template":"","format":"standard","meta":{"h5ap_radio_sources":[],"footnotes":""},"categories":[1],"tags":[],"class_list":["post-55339","post","type-post","status-publish","format-standard","has-post-thumbnail","hentry","category-bihiregija"],"yoast_head":"<!-- This site is optimized with the Yoast SEO plugin v27.5 - https:\/\/yoast.com\/product\/yoast-seo-wordpress\/ -->\n<title>Pavle Kalini\u0107: &quot;Monica Lewinsky je jedan od najbolje odra\u0111enih poslova izraelske obavje\u0161tajne slu\u017ebe&quot; - RADIO LJUBU\u0160KI<\/title>\n<meta name=\"robots\" content=\"index, follow, max-snippet:-1, max-image-preview:large, max-video-preview:-1\" \/>\n<link rel=\"canonical\" href=\"https:\/\/radioljubuski.ba\/index.php\/2021\/08\/19\/pavle-kalinic-monica-lewinsky-je-jedan-od-najbolje-odradenih-poslova-izraelske-obavjestajne-sluzbe\/\" \/>\n<meta property=\"og:locale\" content=\"hr_HR\" \/>\n<meta property=\"og:type\" content=\"article\" \/>\n<meta property=\"og:title\" content=\"Pavle Kalini\u0107: &quot;Monica Lewinsky je jedan od najbolje odra\u0111enih poslova izraelske obavje\u0161tajne slu\u017ebe&quot; - RADIO LJUBU\u0160KI\" \/>\n<meta property=\"og:description\" content=\"Pavle Kalini\u0107, biv\u0161i zagreba\u010dki pro\u010delnik ureda za upravljanje u hitnim situacijama u studiju Ve\u010dernjeg lista otkrio je odakle tolika zainteresiranost za doga\u0111aje na Bliskom istoku. Naime, doktorirao je na temu politike Georgea Busha prema islamisti\u010dkim zemljama, a otkriva kako je taj interes zapravo po\u010deo puno ranije. &#8211;&nbsp; Ja sam maturirao, diplomirao, magistrirao i doktorirao na [&hellip;]\" \/>\n<meta property=\"og:url\" content=\"https:\/\/radioljubuski.ba\/index.php\/2021\/08\/19\/pavle-kalinic-monica-lewinsky-je-jedan-od-najbolje-odradenih-poslova-izraelske-obavjestajne-sluzbe\/\" \/>\n<meta property=\"og:site_name\" content=\"RADIO LJUBU\u0160KI\" \/>\n<meta property=\"article:publisher\" content=\"https:\/\/www.facebook.com\/Radiio-Ljubuski-1490835324566332\" \/>\n<meta property=\"article:published_time\" content=\"2021-08-19T22:54:29+00:00\" \/>\n<meta property=\"article:modified_time\" content=\"2021-08-19T22:54:30+00:00\" \/>\n<meta property=\"og:image\" content=\"https:\/\/radioljubuski.ba\/wp-content\/uploads\/2021\/08\/iiiii_6.png\" \/>\n\t<meta property=\"og:image:width\" content=\"840\" \/>\n\t<meta property=\"og:image:height\" content=\"470\" \/>\n\t<meta property=\"og:image:type\" content=\"image\/png\" \/>\n<meta name=\"author\" content=\"Radio Ljubu\u0161ki\" \/>\n<meta name=\"twitter:card\" content=\"summary_large_image\" \/>\n<meta name=\"twitter:creator\" content=\"@radioljubuski\" \/>\n<meta name=\"twitter:site\" content=\"@radioljubuski\" \/>\n<meta name=\"twitter:label1\" content=\"Napisao\/la\" \/>\n\t<meta name=\"twitter:data1\" content=\"Radio Ljubu\u0161ki\" \/>\n\t<meta name=\"twitter:label2\" content=\"Procijenjeno vrijeme \u010ditanja\" \/>\n\t<meta name=\"twitter:data2\" content=\"2 minute\" \/>\n<script type=\"application\/ld+json\" class=\"yoast-schema-graph\">{\"@context\":\"https:\\\/\\\/schema.org\",\"@graph\":[{\"@type\":\"Article\",\"@id\":\"https:\\\/\\\/radioljubuski.ba\\\/index.php\\\/2021\\\/08\\\/19\\\/pavle-kalinic-monica-lewinsky-je-jedan-od-najbolje-odradenih-poslova-izraelske-obavjestajne-sluzbe\\\/#article\",\"isPartOf\":{\"@id\":\"https:\\\/\\\/radioljubuski.ba\\\/index.php\\\/2021\\\/08\\\/19\\\/pavle-kalinic-monica-lewinsky-je-jedan-od-najbolje-odradenih-poslova-izraelske-obavjestajne-sluzbe\\\/\"},\"author\":{\"name\":\"Radio Ljubu\u0161ki\",\"@id\":\"https:\\\/\\\/radioljubuski.ba\\\/#\\\/schema\\\/person\\\/19fc700381a780f69665d7956c469e3b\"},\"headline\":\"Pavle Kalini\u0107: &#8220;Monica Lewinsky je jedan od najbolje odra\u0111enih poslova izraelske obavje\u0161tajne slu\u017ebe&#8221;\",\"datePublished\":\"2021-08-19T22:54:29+00:00\",\"dateModified\":\"2021-08-19T22:54:30+00:00\",\"mainEntityOfPage\":{\"@id\":\"https:\\\/\\\/radioljubuski.ba\\\/index.php\\\/2021\\\/08\\\/19\\\/pavle-kalinic-monica-lewinsky-je-jedan-od-najbolje-odradenih-poslova-izraelske-obavjestajne-sluzbe\\\/\"},\"wordCount\":343,\"publisher\":{\"@id\":\"https:\\\/\\\/radioljubuski.ba\\\/#organization\"},\"image\":{\"@id\":\"https:\\\/\\\/radioljubuski.ba\\\/index.php\\\/2021\\\/08\\\/19\\\/pavle-kalinic-monica-lewinsky-je-jedan-od-najbolje-odradenih-poslova-izraelske-obavjestajne-sluzbe\\\/#primaryimage\"},\"thumbnailUrl\":\"https:\\\/\\\/radioljubuski.ba\\\/wp-content\\\/uploads\\\/2021\\\/08\\\/iiiii_6.png\",\"articleSection\":[\"BIH i regija\"],\"inLanguage\":\"hr\"},{\"@type\":\"WebPage\",\"@id\":\"https:\\\/\\\/radioljubuski.ba\\\/index.php\\\/2021\\\/08\\\/19\\\/pavle-kalinic-monica-lewinsky-je-jedan-od-najbolje-odradenih-poslova-izraelske-obavjestajne-sluzbe\\\/\",\"url\":\"https:\\\/\\\/radioljubuski.ba\\\/index.php\\\/2021\\\/08\\\/19\\\/pavle-kalinic-monica-lewinsky-je-jedan-od-najbolje-odradenih-poslova-izraelske-obavjestajne-sluzbe\\\/\",\"name\":\"Pavle Kalini\u0107: \\\"Monica Lewinsky je jedan od najbolje odra\u0111enih poslova izraelske obavje\u0161tajne slu\u017ebe\\\" - RADIO LJUBU\u0160KI\",\"isPartOf\":{\"@id\":\"https:\\\/\\\/radioljubuski.ba\\\/#website\"},\"primaryImageOfPage\":{\"@id\":\"https:\\\/\\\/radioljubuski.ba\\\/index.php\\\/2021\\\/08\\\/19\\\/pavle-kalinic-monica-lewinsky-je-jedan-od-najbolje-odradenih-poslova-izraelske-obavjestajne-sluzbe\\\/#primaryimage\"},\"image\":{\"@id\":\"https:\\\/\\\/radioljubuski.ba\\\/index.php\\\/2021\\\/08\\\/19\\\/pavle-kalinic-monica-lewinsky-je-jedan-od-najbolje-odradenih-poslova-izraelske-obavjestajne-sluzbe\\\/#primaryimage\"},\"thumbnailUrl\":\"https:\\\/\\\/radioljubuski.ba\\\/wp-content\\\/uploads\\\/2021\\\/08\\\/iiiii_6.png\",\"datePublished\":\"2021-08-19T22:54:29+00:00\",\"dateModified\":\"2021-08-19T22:54:30+00:00\",\"breadcrumb\":{\"@id\":\"https:\\\/\\\/radioljubuski.ba\\\/index.php\\\/2021\\\/08\\\/19\\\/pavle-kalinic-monica-lewinsky-je-jedan-od-najbolje-odradenih-poslova-izraelske-obavjestajne-sluzbe\\\/#breadcrumb\"},\"inLanguage\":\"hr\",\"potentialAction\":[{\"@type\":\"ReadAction\",\"target\":[\"https:\\\/\\\/radioljubuski.ba\\\/index.php\\\/2021\\\/08\\\/19\\\/pavle-kalinic-monica-lewinsky-je-jedan-od-najbolje-odradenih-poslova-izraelske-obavjestajne-sluzbe\\\/\"]}]},{\"@type\":\"ImageObject\",\"inLanguage\":\"hr\",\"@id\":\"https:\\\/\\\/radioljubuski.ba\\\/index.php\\\/2021\\\/08\\\/19\\\/pavle-kalinic-monica-lewinsky-je-jedan-od-najbolje-odradenih-poslova-izraelske-obavjestajne-sluzbe\\\/#primaryimage\",\"url\":\"https:\\\/\\\/radioljubuski.ba\\\/wp-content\\\/uploads\\\/2021\\\/08\\\/iiiii_6.png\",\"contentUrl\":\"https:\\\/\\\/radioljubuski.ba\\\/wp-content\\\/uploads\\\/2021\\\/08\\\/iiiii_6.png\",\"width\":840,\"height\":470},{\"@type\":\"BreadcrumbList\",\"@id\":\"https:\\\/\\\/radioljubuski.ba\\\/index.php\\\/2021\\\/08\\\/19\\\/pavle-kalinic-monica-lewinsky-je-jedan-od-najbolje-odradenih-poslova-izraelske-obavjestajne-sluzbe\\\/#breadcrumb\",\"itemListElement\":[{\"@type\":\"ListItem\",\"position\":1,\"name\":\"Po\u010detna stranica\",\"item\":\"https:\\\/\\\/radioljubuski.ba\\\/\"},{\"@type\":\"ListItem\",\"position\":2,\"name\":\"Pavle Kalini\u0107: &#8220;Monica Lewinsky je jedan od najbolje odra\u0111enih poslova izraelske obavje\u0161tajne slu\u017ebe&#8221;\"}]},{\"@type\":\"WebSite\",\"@id\":\"https:\\\/\\\/radioljubuski.ba\\\/#website\",\"url\":\"https:\\\/\\\/radioljubuski.ba\\\/\",\"name\":\"Radio Ljubu\u0161ki\",\"description\":\"Sun\u010dana frekvencija Hercegovine\",\"publisher\":{\"@id\":\"https:\\\/\\\/radioljubuski.ba\\\/#organization\"},\"potentialAction\":[{\"@type\":\"SearchAction\",\"target\":{\"@type\":\"EntryPoint\",\"urlTemplate\":\"https:\\\/\\\/radioljubuski.ba\\\/?s={search_term_string}\"},\"query-input\":{\"@type\":\"PropertyValueSpecification\",\"valueRequired\":true,\"valueName\":\"search_term_string\"}}],\"inLanguage\":\"hr\"},{\"@type\":\"Organization\",\"@id\":\"https:\\\/\\\/radioljubuski.ba\\\/#organization\",\"name\":\"Radio Ljubu\u0161ki\",\"url\":\"https:\\\/\\\/radioljubuski.ba\\\/\",\"logo\":{\"@type\":\"ImageObject\",\"inLanguage\":\"hr\",\"@id\":\"https:\\\/\\\/radioljubuski.ba\\\/#\\\/schema\\\/logo\\\/image\\\/\",\"url\":\"https:\\\/\\\/radioljubuski.ba\\\/wp-content\\\/uploads\\\/2021\\\/02\\\/cropped-Radio_Ljubuski_logo1.jpg\",\"contentUrl\":\"https:\\\/\\\/radioljubuski.ba\\\/wp-content\\\/uploads\\\/2021\\\/02\\\/cropped-Radio_Ljubuski_logo1.jpg\",\"width\":512,\"height\":512,\"caption\":\"Radio Ljubu\u0161ki\"},\"image\":{\"@id\":\"https:\\\/\\\/radioljubuski.ba\\\/#\\\/schema\\\/logo\\\/image\\\/\"},\"sameAs\":[\"https:\\\/\\\/www.facebook.com\\\/Radiio-Ljubuski-1490835324566332\",\"https:\\\/\\\/x.com\\\/radioljubuski\",\"https:\\\/\\\/hr.linkedin.com\\\/company\\\/radio-ljubuski\",\"https:\\\/\\\/www.youtube.com\\\/channel\\\/UCHYaeO_n0Db3tjNGudGpXyw\"]},{\"@type\":\"Person\",\"@id\":\"https:\\\/\\\/radioljubuski.ba\\\/#\\\/schema\\\/person\\\/19fc700381a780f69665d7956c469e3b\",\"name\":\"Radio Ljubu\u0161ki\"}]}<\/script>\n<!-- \/ Yoast SEO plugin. -->","yoast_head_json":{"title":"Pavle Kalini\u0107: \"Monica Lewinsky je jedan od najbolje odra\u0111enih poslova izraelske obavje\u0161tajne slu\u017ebe\" - RADIO LJUBU\u0160KI","robots":{"index":"index","follow":"follow","max-snippet":"max-snippet:-1","max-image-preview":"max-image-preview:large","max-video-preview":"max-video-preview:-1"},"canonical":"https:\/\/radioljubuski.ba\/index.php\/2021\/08\/19\/pavle-kalinic-monica-lewinsky-je-jedan-od-najbolje-odradenih-poslova-izraelske-obavjestajne-sluzbe\/","og_locale":"hr_HR","og_type":"article","og_title":"Pavle Kalini\u0107: \"Monica Lewinsky je jedan od najbolje odra\u0111enih poslova izraelske obavje\u0161tajne slu\u017ebe\" - RADIO LJUBU\u0160KI","og_description":"Pavle Kalini\u0107, biv\u0161i zagreba\u010dki pro\u010delnik ureda za upravljanje u hitnim situacijama u studiju Ve\u010dernjeg lista otkrio je odakle tolika zainteresiranost za doga\u0111aje na Bliskom istoku. Naime, doktorirao je na temu politike Georgea Busha prema islamisti\u010dkim zemljama, a otkriva kako je taj interes zapravo po\u010deo puno ranije. &#8211;&nbsp; Ja sam maturirao, diplomirao, magistrirao i doktorirao na [&hellip;]","og_url":"https:\/\/radioljubuski.ba\/index.php\/2021\/08\/19\/pavle-kalinic-monica-lewinsky-je-jedan-od-najbolje-odradenih-poslova-izraelske-obavjestajne-sluzbe\/","og_site_name":"RADIO LJUBU\u0160KI","article_publisher":"https:\/\/www.facebook.com\/Radiio-Ljubuski-1490835324566332","article_published_time":"2021-08-19T22:54:29+00:00","article_modified_time":"2021-08-19T22:54:30+00:00","og_image":[{"width":840,"height":470,"url":"https:\/\/radioljubuski.ba\/wp-content\/uploads\/2021\/08\/iiiii_6.png","type":"image\/png"}],"author":"Radio Ljubu\u0161ki","twitter_card":"summary_large_image","twitter_creator":"@radioljubuski","twitter_site":"@radioljubuski","twitter_misc":{"Napisao\/la":"Radio Ljubu\u0161ki","Procijenjeno vrijeme \u010ditanja":"2 minute"},"schema":{"@context":"https:\/\/schema.org","@graph":[{"@type":"Article","@id":"https:\/\/radioljubuski.ba\/index.php\/2021\/08\/19\/pavle-kalinic-monica-lewinsky-je-jedan-od-najbolje-odradenih-poslova-izraelske-obavjestajne-sluzbe\/#article","isPartOf":{"@id":"https:\/\/radioljubuski.ba\/index.php\/2021\/08\/19\/pavle-kalinic-monica-lewinsky-je-jedan-od-najbolje-odradenih-poslova-izraelske-obavjestajne-sluzbe\/"},"author":{"name":"Radio Ljubu\u0161ki","@id":"https:\/\/radioljubuski.ba\/#\/schema\/person\/19fc700381a780f69665d7956c469e3b"},"headline":"Pavle Kalini\u0107: &#8220;Monica Lewinsky je jedan od najbolje odra\u0111enih poslova izraelske obavje\u0161tajne slu\u017ebe&#8221;","datePublished":"2021-08-19T22:54:29+00:00","dateModified":"2021-08-19T22:54:30+00:00","mainEntityOfPage":{"@id":"https:\/\/radioljubuski.ba\/index.php\/2021\/08\/19\/pavle-kalinic-monica-lewinsky-je-jedan-od-najbolje-odradenih-poslova-izraelske-obavjestajne-sluzbe\/"},"wordCount":343,"publisher":{"@id":"https:\/\/radioljubuski.ba\/#organization"},"image":{"@id":"https:\/\/radioljubuski.ba\/index.php\/2021\/08\/19\/pavle-kalinic-monica-lewinsky-je-jedan-od-najbolje-odradenih-poslova-izraelske-obavjestajne-sluzbe\/#primaryimage"},"thumbnailUrl":"https:\/\/radioljubuski.ba\/wp-content\/uploads\/2021\/08\/iiiii_6.png","articleSection":["BIH i regija"],"inLanguage":"hr"},{"@type":"WebPage","@id":"https:\/\/radioljubuski.ba\/index.php\/2021\/08\/19\/pavle-kalinic-monica-lewinsky-je-jedan-od-najbolje-odradenih-poslova-izraelske-obavjestajne-sluzbe\/","url":"https:\/\/radioljubuski.ba\/index.php\/2021\/08\/19\/pavle-kalinic-monica-lewinsky-je-jedan-od-najbolje-odradenih-poslova-izraelske-obavjestajne-sluzbe\/","name":"Pavle Kalini\u0107: \"Monica Lewinsky je jedan od najbolje odra\u0111enih poslova izraelske obavje\u0161tajne slu\u017ebe\" - RADIO LJUBU\u0160KI","isPartOf":{"@id":"https:\/\/radioljubuski.ba\/#website"},"primaryImageOfPage":{"@id":"https:\/\/radioljubuski.ba\/index.php\/2021\/08\/19\/pavle-kalinic-monica-lewinsky-je-jedan-od-najbolje-odradenih-poslova-izraelske-obavjestajne-sluzbe\/#primaryimage"},"image":{"@id":"https:\/\/radioljubuski.ba\/index.php\/2021\/08\/19\/pavle-kalinic-monica-lewinsky-je-jedan-od-najbolje-odradenih-poslova-izraelske-obavjestajne-sluzbe\/#primaryimage"},"thumbnailUrl":"https:\/\/radioljubuski.ba\/wp-content\/uploads\/2021\/08\/iiiii_6.png","datePublished":"2021-08-19T22:54:29+00:00","dateModified":"2021-08-19T22:54:30+00:00","breadcrumb":{"@id":"https:\/\/radioljubuski.ba\/index.php\/2021\/08\/19\/pavle-kalinic-monica-lewinsky-je-jedan-od-najbolje-odradenih-poslova-izraelske-obavjestajne-sluzbe\/#breadcrumb"},"inLanguage":"hr","potentialAction":[{"@type":"ReadAction","target":["https:\/\/radioljubuski.ba\/index.php\/2021\/08\/19\/pavle-kalinic-monica-lewinsky-je-jedan-od-najbolje-odradenih-poslova-izraelske-obavjestajne-sluzbe\/"]}]},{"@type":"ImageObject","inLanguage":"hr","@id":"https:\/\/radioljubuski.ba\/index.php\/2021\/08\/19\/pavle-kalinic-monica-lewinsky-je-jedan-od-najbolje-odradenih-poslova-izraelske-obavjestajne-sluzbe\/#primaryimage","url":"https:\/\/radioljubuski.ba\/wp-content\/uploads\/2021\/08\/iiiii_6.png","contentUrl":"https:\/\/radioljubuski.ba\/wp-content\/uploads\/2021\/08\/iiiii_6.png","width":840,"height":470},{"@type":"BreadcrumbList","@id":"https:\/\/radioljubuski.ba\/index.php\/2021\/08\/19\/pavle-kalinic-monica-lewinsky-je-jedan-od-najbolje-odradenih-poslova-izraelske-obavjestajne-sluzbe\/#breadcrumb","itemListElement":[{"@type":"ListItem","position":1,"name":"Po\u010detna stranica","item":"https:\/\/radioljubuski.ba\/"},{"@type":"ListItem","position":2,"name":"Pavle Kalini\u0107: &#8220;Monica Lewinsky je jedan od najbolje odra\u0111enih poslova izraelske obavje\u0161tajne slu\u017ebe&#8221;"}]},{"@type":"WebSite","@id":"https:\/\/radioljubuski.ba\/#website","url":"https:\/\/radioljubuski.ba\/","name":"Radio Ljubu\u0161ki","description":"Sun\u010dana frekvencija Hercegovine","publisher":{"@id":"https:\/\/radioljubuski.ba\/#organization"},"potentialAction":[{"@type":"SearchAction","target":{"@type":"EntryPoint","urlTemplate":"https:\/\/radioljubuski.ba\/?s={search_term_string}"},"query-input":{"@type":"PropertyValueSpecification","valueRequired":true,"valueName":"search_term_string"}}],"inLanguage":"hr"},{"@type":"Organization","@id":"https:\/\/radioljubuski.ba\/#organization","name":"Radio Ljubu\u0161ki","url":"https:\/\/radioljubuski.ba\/","logo":{"@type":"ImageObject","inLanguage":"hr","@id":"https:\/\/radioljubuski.ba\/#\/schema\/logo\/image\/","url":"https:\/\/radioljubuski.ba\/wp-content\/uploads\/2021\/02\/cropped-Radio_Ljubuski_logo1.jpg","contentUrl":"https:\/\/radioljubuski.ba\/wp-content\/uploads\/2021\/02\/cropped-Radio_Ljubuski_logo1.jpg","width":512,"height":512,"caption":"Radio Ljubu\u0161ki"},"image":{"@id":"https:\/\/radioljubuski.ba\/#\/schema\/logo\/image\/"},"sameAs":["https:\/\/www.facebook.com\/Radiio-Ljubuski-1490835324566332","https:\/\/x.com\/radioljubuski","https:\/\/hr.linkedin.com\/company\/radio-ljubuski","https:\/\/www.youtube.com\/channel\/UCHYaeO_n0Db3tjNGudGpXyw"]},{"@type":"Person","@id":"https:\/\/radioljubuski.ba\/#\/schema\/person\/19fc700381a780f69665d7956c469e3b","name":"Radio Ljubu\u0161ki"}]}},"_links":{"self":[{"href":"https:\/\/radioljubuski.ba\/index.php\/wp-json\/wp\/v2\/posts\/55339","targetHints":{"allow":["GET"]}}],"collection":[{"href":"https:\/\/radioljubuski.ba\/index.php\/wp-json\/wp\/v2\/posts"}],"about":[{"href":"https:\/\/radioljubuski.ba\/index.php\/wp-json\/wp\/v2\/types\/post"}],"author":[{"embeddable":true,"href":"https:\/\/radioljubuski.ba\/index.php\/wp-json\/wp\/v2\/users\/2"}],"replies":[{"embeddable":true,"href":"https:\/\/radioljubuski.ba\/index.php\/wp-json\/wp\/v2\/comments?post=55339"}],"version-history":[{"count":1,"href":"https:\/\/radioljubuski.ba\/index.php\/wp-json\/wp\/v2\/posts\/55339\/revisions"}],"predecessor-version":[{"id":55341,"href":"https:\/\/radioljubuski.ba\/index.php\/wp-json\/wp\/v2\/posts\/55339\/revisions\/55341"}],"wp:featuredmedia":[{"embeddable":true,"href":"https:\/\/radioljubuski.ba\/index.php\/wp-json\/wp\/v2\/media\/55340"}],"wp:attachment":[{"href":"https:\/\/radioljubuski.ba\/index.php\/wp-json\/wp\/v2\/media?parent=55339"}],"wp:term":[{"taxonomy":"category","embeddable":true,"href":"https:\/\/radioljubuski.ba\/index.php\/wp-json\/wp\/v2\/categories?post=55339"},{"taxonomy":"post_tag","embeddable":true,"href":"https:\/\/radioljubuski.ba\/index.php\/wp-json\/wp\/v2\/tags?post=55339"}],"curies":[{"name":"wp","href":"https:\/\/api.w.org\/{rel}","templated":true}]}}