{"id":55351,"date":"2021-08-20T00:02:06","date_gmt":"2021-08-19T23:02:06","guid":{"rendered":"https:\/\/radioljubuski.ba\/?p=55351"},"modified":"2021-08-20T00:02:07","modified_gmt":"2021-08-19T23:02:07","slug":"ovo-je-pet-lidera-talibana-koji-ce-voditi-afganistan","status":"publish","type":"post","link":"https:\/\/radioljubuski.ba\/index.php\/2021\/08\/20\/ovo-je-pet-lidera-talibana-koji-ce-voditi-afganistan\/","title":{"rendered":"Ovo je pet lidera talibana koji \u0107e voditi Afganistan"},"content":{"rendered":"\n<p>I dok je cijeli svijet u \u0161oku pratio munjevitu ofenzivu talibana koja je dovela do pada Kabula i novog preuzimanja vlasti u Afganistanu, mnogi su se zapitali tko su uop\u0107e ti ljudi te tko je tko unutar njihove hijararhije.<\/p>\n\n\n\n<p>Talibani, \u0161to na pa\u0161tunskom zna\u010di u\u010denici, dio su sunitskog plemena koje je osnovano 1994. nakon \u0161to je dobar dio pripadnika pokreta sudjelovao u obrani zemlje od sovjetske invazije. Potom su se talibani, na \u010delu sa svojim prvim vrhovnim vo\u0111om Mohammedom Omarom, uklju\u010dili u me\u0111ufrakcijski gra\u0111anski rat u zemlji i iznena\u0111uju\u0107e brzo do\u0161li na vlast 1996. godine, implementiraju\u0107i u dr\u017eavi ekstremisti\u010dku interpretaciju \u0161erijatskog zakona pritom gase\u0107i gotovo sve gra\u0111anske slobode (glazbu, televiziju, kina, \u0161minku&#8230;), poglavito za \u017eene koje su prakti\u010dki postale vlasni\u0161tvo svojih mu\u017eeva, bez \u010dije dozvole ne bi smjele iza\u0107i iz ku\u0107e, navodi&nbsp;<a href=\"https:\/\/www.jutarnji.hr\/vijesti\/svijet\/tko-je-tko-kod-talibana-u-samom-vrhu-pokreta-koji-je-zavladao-afganistanom-pet-je-kljucnih-ljudi-15095875\" target=\"_blank\" rel=\"noreferrer noopener\">Jutarnji<\/a>.<\/p>\n\n\n\n<p>Brutalna opresija i \u010dinjenica da pru\u017eaju uto\u010di\u0161te Osami bin Ladenu i njegovoj Al-Qaidi dovele su im na vrata Amerikance i njihove saveznike koji su ih nakon invazije otjerali s vlasti te instalirali prozapadnu vladu, koja je koncem pro\u0161log tjedna, slijedom ameri\u010dkog povla\u010denja, do\u017eivjela te\u017eak krah.<\/p>\n\n\n\n<p>BBC je predo\u010dio \u010delne ljude i okvirna zadu\u017eenja me\u0111u novim-starim afganistanskim vlastodr\u0161cima istaknuv\u0161i pritom pet najutjecajnijih vo\u0111a.<\/p>\n\n\n\n<p><strong>1. Mawlawi Hibatullah Akhundzada<\/strong><\/p>\n\n\n\n<p>Na \u010delo talibanskog pokreta do\u0161ao je u svibnju 2016. godine, a osvajanjem Kabula, a time i samog Afganistana, postao je vrhovnim vo\u0111om Islamskog Emirata Afganistana, \u0161to je novi naziv dr\u017eave. Prije njega, &#8220;emiri&#8221; su bili Akhtar Mansour te mula Mohammed Omar.<\/p>\n\n\n\n<p>Rije\u010d je o \u010dovjeku u 60-im godinama koji je sada glavni u Afganistanu na svim poljima. U po\u010decima svog mud\u017eahedinskog sta\u017ea ratovao je i protiv Sovjeta, ali danas ga se ipak ponajprije smatra religijskim vo\u0111om talibana.<\/p>\n\n\n\n<p>Za vrijeme vladavine mule Omara, on je kao \u0161ef sudstva 90-ih bio zadu\u017een za striktno provo\u0111enje \u0161erijatskog zakona. Mnogi vjeruju kako on odr\u017eava postojane kontakte s utjecajnom talibanskom frakcijom Quetta Shura koja djeluje u Pakistanu.<\/p>\n\n\n\n<p><strong>2. Abdul Ghani Baradar<\/strong><\/p>\n\n\n\n<p>On je 1994. bio suosniva\u010d talibanskog pokreta nakon \u0161to je sudjelovao u istjerivanju Sovjeta.<\/p>\n\n\n\n<p>Danas je politi\u010dki ideolog, strateg te glavni diplomatski predstavnik talibana i \u010dovjek koji se susretao s biv\u0161im ameri\u010dkim dr\u017eavnim tajnikom Mikeom Pompeom, kineskim \u0161efom diplomacije Wang Yijem te je telefonski razgovarao s Donaldom Trumpom.<\/p>\n\n\n\n<p>Mnogi ga smatraju budu\u0107im predsjednikom Afganistana, dok je u prvom talibanskom mandatu na vlasti obna\u0161ao du\u017enost zamjenika ministra obrane. Na nalog Amerikanaca bio je 2010. godine uhi\u0107en u Pakistanu od onda\u0161nje tajne slu\u017ebe ISI, ali je za potrebe mirovnog sporazuma, tako\u0111er po ameri\u010dkom nalogu, pu\u0161ten 2018. godine.<\/p>\n\n\n\n<p><strong>3. Mohammad Yaqoob<\/strong><\/p>\n\n\n\n<p>Yaqoob je sin osniva\u010da pokreta, mule Mohammeda Omara, za kojeg mnogi vjeruju da ima ne\u0161to malo vi\u0161e od 30 godina. Kada je 2016. u napadu dronom ubijen drugi po redu talibanski lider Akhtar Mansour, pojedinci su htjeli Yaqooba za novog vrhovnog zapovjednika, no neiskustvo je presudilo u izboru Akhundzade.<\/p>\n\n\n\n<p>Trenutno se nalazi u Afganistanu, ako je vjerovati lokalnim medijima, te je \u0161ef talibanskih vojnih operacija.<\/p>\n\n\n\n<p><strong>4. Sirajuddin Haqqani<\/strong><\/p>\n\n\n\n<p>Nasljednik pokojnog oca Jalaluddina Haqqanija na \u010delu tzv. Haqqani \u0107elije, odgovorne za neke od najsmjelijih i najbrutalnijih napada koje su talibani izveli protiv zapadnih sila. Vjeruje se da ima oko 45 godina i operira na granici s Pakistanom gdje kontrolira talibanske izvore novca.<\/p>\n\n\n\n<p>Brojni njegovu grupu smatraju najja\u010dom i najokrutnijom frakcijom talibana, a pojedinci smatraju kako su utjecajniji od afganistanske podru\u017enice Islamske dr\u017eave, dok su je u SAD-u svrstali me\u0111u teroristi\u010dke organizacije. \u0106elija Haqqani posebno je aktivna i u Pakistanu gdje je, izme\u0111u ostalog, povezuju i s atentatom na tamo\u0161nju nekada\u0161nju premijerku Benazir Bhutto.<\/p>\n\n\n\n<p><strong>5. Mula Abdul Hakeem<\/strong><\/p>\n\n\n\n<p>Jedan od najbli\u017eih suradnika vrhovnog vo\u0111e Akhundzade je \u010dovjek od nekih 60 godina, koji je svojevremeno vodio islamsku religioznu \u0161kolu (medresu) u pakistanskog Quetti, odakle potje\u010de jedna od ja\u010dih talibanskih frakcija.<\/p>\n\n\n\n<p>U rujnu 2020. godine, talibansko vije\u0107e imenovalo ga je glavnim talibanskim pregovara\u010dem u Dohi, a trenutno dr\u017ei funkciju nadglednika pravosudnog sustava.<\/p>\n\n\n\n<p>Vrijedi jo\u0161 istaknuti talibanskog glasnogovornika i na dru\u0161tvenoj mre\u017ei Twitter najpra\u0107enijeg me\u0111u talibanima, Zabihullaha Mujahida, koji je nakon press konferencije talibana postao predmet brojnih \u0161pekulacija.<\/p>\n\n\n\n<p><strong>PI\u0160E&nbsp;<\/strong>PSD<\/p>\n","protected":false},"excerpt":{"rendered":"<p>I dok je cijeli svijet u \u0161oku pratio munjevitu ofenzivu talibana koja je dovela do pada Kabula i novog preuzimanja vlasti u Afganistanu, mnogi su se zapitali tko su uop\u0107e ti ljudi te tko je tko unutar njihove hijararhije. Talibani, \u0161to na pa\u0161tunskom zna\u010di u\u010denici, dio su sunitskog plemena koje je osnovano 1994. nakon \u0161to [&hellip;]<\/p>\n","protected":false},"author":2,"featured_media":55352,"comment_status":"closed","ping_status":"closed","sticky":false,"template":"","format":"standard","meta":{"h5ap_radio_sources":[],"footnotes":""},"categories":[1],"tags":[],"class_list":["post-55351","post","type-post","status-publish","format-standard","has-post-thumbnail","hentry","category-bihiregija"],"yoast_head":"<!-- This site is optimized with the Yoast SEO plugin v27.5 - https:\/\/yoast.com\/product\/yoast-seo-wordpress\/ -->\n<title>Ovo je pet lidera talibana koji \u0107e voditi Afganistan - RADIO LJUBU\u0160KI<\/title>\n<meta name=\"robots\" content=\"index, follow, max-snippet:-1, max-image-preview:large, max-video-preview:-1\" \/>\n<link rel=\"canonical\" href=\"https:\/\/radioljubuski.ba\/index.php\/2021\/08\/20\/ovo-je-pet-lidera-talibana-koji-ce-voditi-afganistan\/\" \/>\n<meta property=\"og:locale\" content=\"hr_HR\" \/>\n<meta property=\"og:type\" content=\"article\" \/>\n<meta property=\"og:title\" content=\"Ovo je pet lidera talibana koji \u0107e voditi Afganistan - RADIO LJUBU\u0160KI\" \/>\n<meta property=\"og:description\" content=\"I dok je cijeli svijet u \u0161oku pratio munjevitu ofenzivu talibana koja je dovela do pada Kabula i novog preuzimanja vlasti u Afganistanu, mnogi su se zapitali tko su uop\u0107e ti ljudi te tko je tko unutar njihove hijararhije. Talibani, \u0161to na pa\u0161tunskom zna\u010di u\u010denici, dio su sunitskog plemena koje je osnovano 1994. nakon \u0161to [&hellip;]\" \/>\n<meta property=\"og:url\" content=\"https:\/\/radioljubuski.ba\/index.php\/2021\/08\/20\/ovo-je-pet-lidera-talibana-koji-ce-voditi-afganistan\/\" \/>\n<meta property=\"og:site_name\" content=\"RADIO LJUBU\u0160KI\" \/>\n<meta property=\"article:publisher\" content=\"https:\/\/www.facebook.com\/Radiio-Ljubuski-1490835324566332\" \/>\n<meta property=\"article:published_time\" content=\"2021-08-19T23:02:06+00:00\" \/>\n<meta property=\"article:modified_time\" content=\"2021-08-19T23:02:07+00:00\" \/>\n<meta property=\"og:image\" content=\"https:\/\/radioljubuski.ba\/wp-content\/uploads\/2021\/08\/o_19051624_1024.jpg\" \/>\n\t<meta property=\"og:image:width\" content=\"1024\" \/>\n\t<meta property=\"og:image:height\" content=\"695\" \/>\n\t<meta property=\"og:image:type\" content=\"image\/jpeg\" \/>\n<meta name=\"author\" content=\"Radio Ljubu\u0161ki\" \/>\n<meta name=\"twitter:card\" content=\"summary_large_image\" \/>\n<meta name=\"twitter:creator\" content=\"@radioljubuski\" \/>\n<meta name=\"twitter:site\" content=\"@radioljubuski\" \/>\n<meta name=\"twitter:label1\" content=\"Napisao\/la\" \/>\n\t<meta name=\"twitter:data1\" content=\"Radio Ljubu\u0161ki\" \/>\n\t<meta name=\"twitter:label2\" content=\"Procijenjeno vrijeme \u010ditanja\" \/>\n\t<meta name=\"twitter:data2\" content=\"3 minute\" \/>\n<script type=\"application\/ld+json\" class=\"yoast-schema-graph\">{\"@context\":\"https:\\\/\\\/schema.org\",\"@graph\":[{\"@type\":\"Article\",\"@id\":\"https:\\\/\\\/radioljubuski.ba\\\/index.php\\\/2021\\\/08\\\/20\\\/ovo-je-pet-lidera-talibana-koji-ce-voditi-afganistan\\\/#article\",\"isPartOf\":{\"@id\":\"https:\\\/\\\/radioljubuski.ba\\\/index.php\\\/2021\\\/08\\\/20\\\/ovo-je-pet-lidera-talibana-koji-ce-voditi-afganistan\\\/\"},\"author\":{\"name\":\"Radio Ljubu\u0161ki\",\"@id\":\"https:\\\/\\\/radioljubuski.ba\\\/#\\\/schema\\\/person\\\/19fc700381a780f69665d7956c469e3b\"},\"headline\":\"Ovo je pet lidera talibana koji \u0107e voditi Afganistan\",\"datePublished\":\"2021-08-19T23:02:06+00:00\",\"dateModified\":\"2021-08-19T23:02:07+00:00\",\"mainEntityOfPage\":{\"@id\":\"https:\\\/\\\/radioljubuski.ba\\\/index.php\\\/2021\\\/08\\\/20\\\/ovo-je-pet-lidera-talibana-koji-ce-voditi-afganistan\\\/\"},\"wordCount\":734,\"publisher\":{\"@id\":\"https:\\\/\\\/radioljubuski.ba\\\/#organization\"},\"image\":{\"@id\":\"https:\\\/\\\/radioljubuski.ba\\\/index.php\\\/2021\\\/08\\\/20\\\/ovo-je-pet-lidera-talibana-koji-ce-voditi-afganistan\\\/#primaryimage\"},\"thumbnailUrl\":\"https:\\\/\\\/radioljubuski.ba\\\/wp-content\\\/uploads\\\/2021\\\/08\\\/o_19051624_1024.jpg\",\"articleSection\":[\"BIH i regija\"],\"inLanguage\":\"hr\"},{\"@type\":\"WebPage\",\"@id\":\"https:\\\/\\\/radioljubuski.ba\\\/index.php\\\/2021\\\/08\\\/20\\\/ovo-je-pet-lidera-talibana-koji-ce-voditi-afganistan\\\/\",\"url\":\"https:\\\/\\\/radioljubuski.ba\\\/index.php\\\/2021\\\/08\\\/20\\\/ovo-je-pet-lidera-talibana-koji-ce-voditi-afganistan\\\/\",\"name\":\"Ovo je pet lidera talibana koji \u0107e voditi Afganistan - RADIO LJUBU\u0160KI\",\"isPartOf\":{\"@id\":\"https:\\\/\\\/radioljubuski.ba\\\/#website\"},\"primaryImageOfPage\":{\"@id\":\"https:\\\/\\\/radioljubuski.ba\\\/index.php\\\/2021\\\/08\\\/20\\\/ovo-je-pet-lidera-talibana-koji-ce-voditi-afganistan\\\/#primaryimage\"},\"image\":{\"@id\":\"https:\\\/\\\/radioljubuski.ba\\\/index.php\\\/2021\\\/08\\\/20\\\/ovo-je-pet-lidera-talibana-koji-ce-voditi-afganistan\\\/#primaryimage\"},\"thumbnailUrl\":\"https:\\\/\\\/radioljubuski.ba\\\/wp-content\\\/uploads\\\/2021\\\/08\\\/o_19051624_1024.jpg\",\"datePublished\":\"2021-08-19T23:02:06+00:00\",\"dateModified\":\"2021-08-19T23:02:07+00:00\",\"breadcrumb\":{\"@id\":\"https:\\\/\\\/radioljubuski.ba\\\/index.php\\\/2021\\\/08\\\/20\\\/ovo-je-pet-lidera-talibana-koji-ce-voditi-afganistan\\\/#breadcrumb\"},\"inLanguage\":\"hr\",\"potentialAction\":[{\"@type\":\"ReadAction\",\"target\":[\"https:\\\/\\\/radioljubuski.ba\\\/index.php\\\/2021\\\/08\\\/20\\\/ovo-je-pet-lidera-talibana-koji-ce-voditi-afganistan\\\/\"]}]},{\"@type\":\"ImageObject\",\"inLanguage\":\"hr\",\"@id\":\"https:\\\/\\\/radioljubuski.ba\\\/index.php\\\/2021\\\/08\\\/20\\\/ovo-je-pet-lidera-talibana-koji-ce-voditi-afganistan\\\/#primaryimage\",\"url\":\"https:\\\/\\\/radioljubuski.ba\\\/wp-content\\\/uploads\\\/2021\\\/08\\\/o_19051624_1024.jpg\",\"contentUrl\":\"https:\\\/\\\/radioljubuski.ba\\\/wp-content\\\/uploads\\\/2021\\\/08\\\/o_19051624_1024.jpg\",\"width\":1024,\"height\":695},{\"@type\":\"BreadcrumbList\",\"@id\":\"https:\\\/\\\/radioljubuski.ba\\\/index.php\\\/2021\\\/08\\\/20\\\/ovo-je-pet-lidera-talibana-koji-ce-voditi-afganistan\\\/#breadcrumb\",\"itemListElement\":[{\"@type\":\"ListItem\",\"position\":1,\"name\":\"Po\u010detna stranica\",\"item\":\"https:\\\/\\\/radioljubuski.ba\\\/\"},{\"@type\":\"ListItem\",\"position\":2,\"name\":\"Ovo je pet lidera talibana koji \u0107e voditi Afganistan\"}]},{\"@type\":\"WebSite\",\"@id\":\"https:\\\/\\\/radioljubuski.ba\\\/#website\",\"url\":\"https:\\\/\\\/radioljubuski.ba\\\/\",\"name\":\"Radio Ljubu\u0161ki\",\"description\":\"Sun\u010dana frekvencija Hercegovine\",\"publisher\":{\"@id\":\"https:\\\/\\\/radioljubuski.ba\\\/#organization\"},\"potentialAction\":[{\"@type\":\"SearchAction\",\"target\":{\"@type\":\"EntryPoint\",\"urlTemplate\":\"https:\\\/\\\/radioljubuski.ba\\\/?s={search_term_string}\"},\"query-input\":{\"@type\":\"PropertyValueSpecification\",\"valueRequired\":true,\"valueName\":\"search_term_string\"}}],\"inLanguage\":\"hr\"},{\"@type\":\"Organization\",\"@id\":\"https:\\\/\\\/radioljubuski.ba\\\/#organization\",\"name\":\"Radio Ljubu\u0161ki\",\"url\":\"https:\\\/\\\/radioljubuski.ba\\\/\",\"logo\":{\"@type\":\"ImageObject\",\"inLanguage\":\"hr\",\"@id\":\"https:\\\/\\\/radioljubuski.ba\\\/#\\\/schema\\\/logo\\\/image\\\/\",\"url\":\"https:\\\/\\\/radioljubuski.ba\\\/wp-content\\\/uploads\\\/2021\\\/02\\\/cropped-Radio_Ljubuski_logo1.jpg\",\"contentUrl\":\"https:\\\/\\\/radioljubuski.ba\\\/wp-content\\\/uploads\\\/2021\\\/02\\\/cropped-Radio_Ljubuski_logo1.jpg\",\"width\":512,\"height\":512,\"caption\":\"Radio Ljubu\u0161ki\"},\"image\":{\"@id\":\"https:\\\/\\\/radioljubuski.ba\\\/#\\\/schema\\\/logo\\\/image\\\/\"},\"sameAs\":[\"https:\\\/\\\/www.facebook.com\\\/Radiio-Ljubuski-1490835324566332\",\"https:\\\/\\\/x.com\\\/radioljubuski\",\"https:\\\/\\\/hr.linkedin.com\\\/company\\\/radio-ljubuski\",\"https:\\\/\\\/www.youtube.com\\\/channel\\\/UCHYaeO_n0Db3tjNGudGpXyw\"]},{\"@type\":\"Person\",\"@id\":\"https:\\\/\\\/radioljubuski.ba\\\/#\\\/schema\\\/person\\\/19fc700381a780f69665d7956c469e3b\",\"name\":\"Radio Ljubu\u0161ki\"}]}<\/script>\n<!-- \/ Yoast SEO plugin. -->","yoast_head_json":{"title":"Ovo je pet lidera talibana koji \u0107e voditi Afganistan - RADIO LJUBU\u0160KI","robots":{"index":"index","follow":"follow","max-snippet":"max-snippet:-1","max-image-preview":"max-image-preview:large","max-video-preview":"max-video-preview:-1"},"canonical":"https:\/\/radioljubuski.ba\/index.php\/2021\/08\/20\/ovo-je-pet-lidera-talibana-koji-ce-voditi-afganistan\/","og_locale":"hr_HR","og_type":"article","og_title":"Ovo je pet lidera talibana koji \u0107e voditi Afganistan - RADIO LJUBU\u0160KI","og_description":"I dok je cijeli svijet u \u0161oku pratio munjevitu ofenzivu talibana koja je dovela do pada Kabula i novog preuzimanja vlasti u Afganistanu, mnogi su se zapitali tko su uop\u0107e ti ljudi te tko je tko unutar njihove hijararhije. Talibani, \u0161to na pa\u0161tunskom zna\u010di u\u010denici, dio su sunitskog plemena koje je osnovano 1994. nakon \u0161to [&hellip;]","og_url":"https:\/\/radioljubuski.ba\/index.php\/2021\/08\/20\/ovo-je-pet-lidera-talibana-koji-ce-voditi-afganistan\/","og_site_name":"RADIO LJUBU\u0160KI","article_publisher":"https:\/\/www.facebook.com\/Radiio-Ljubuski-1490835324566332","article_published_time":"2021-08-19T23:02:06+00:00","article_modified_time":"2021-08-19T23:02:07+00:00","og_image":[{"width":1024,"height":695,"url":"https:\/\/radioljubuski.ba\/wp-content\/uploads\/2021\/08\/o_19051624_1024.jpg","type":"image\/jpeg"}],"author":"Radio Ljubu\u0161ki","twitter_card":"summary_large_image","twitter_creator":"@radioljubuski","twitter_site":"@radioljubuski","twitter_misc":{"Napisao\/la":"Radio Ljubu\u0161ki","Procijenjeno vrijeme \u010ditanja":"3 minute"},"schema":{"@context":"https:\/\/schema.org","@graph":[{"@type":"Article","@id":"https:\/\/radioljubuski.ba\/index.php\/2021\/08\/20\/ovo-je-pet-lidera-talibana-koji-ce-voditi-afganistan\/#article","isPartOf":{"@id":"https:\/\/radioljubuski.ba\/index.php\/2021\/08\/20\/ovo-je-pet-lidera-talibana-koji-ce-voditi-afganistan\/"},"author":{"name":"Radio Ljubu\u0161ki","@id":"https:\/\/radioljubuski.ba\/#\/schema\/person\/19fc700381a780f69665d7956c469e3b"},"headline":"Ovo je pet lidera talibana koji \u0107e voditi Afganistan","datePublished":"2021-08-19T23:02:06+00:00","dateModified":"2021-08-19T23:02:07+00:00","mainEntityOfPage":{"@id":"https:\/\/radioljubuski.ba\/index.php\/2021\/08\/20\/ovo-je-pet-lidera-talibana-koji-ce-voditi-afganistan\/"},"wordCount":734,"publisher":{"@id":"https:\/\/radioljubuski.ba\/#organization"},"image":{"@id":"https:\/\/radioljubuski.ba\/index.php\/2021\/08\/20\/ovo-je-pet-lidera-talibana-koji-ce-voditi-afganistan\/#primaryimage"},"thumbnailUrl":"https:\/\/radioljubuski.ba\/wp-content\/uploads\/2021\/08\/o_19051624_1024.jpg","articleSection":["BIH i regija"],"inLanguage":"hr"},{"@type":"WebPage","@id":"https:\/\/radioljubuski.ba\/index.php\/2021\/08\/20\/ovo-je-pet-lidera-talibana-koji-ce-voditi-afganistan\/","url":"https:\/\/radioljubuski.ba\/index.php\/2021\/08\/20\/ovo-je-pet-lidera-talibana-koji-ce-voditi-afganistan\/","name":"Ovo je pet lidera talibana koji \u0107e voditi Afganistan - RADIO LJUBU\u0160KI","isPartOf":{"@id":"https:\/\/radioljubuski.ba\/#website"},"primaryImageOfPage":{"@id":"https:\/\/radioljubuski.ba\/index.php\/2021\/08\/20\/ovo-je-pet-lidera-talibana-koji-ce-voditi-afganistan\/#primaryimage"},"image":{"@id":"https:\/\/radioljubuski.ba\/index.php\/2021\/08\/20\/ovo-je-pet-lidera-talibana-koji-ce-voditi-afganistan\/#primaryimage"},"thumbnailUrl":"https:\/\/radioljubuski.ba\/wp-content\/uploads\/2021\/08\/o_19051624_1024.jpg","datePublished":"2021-08-19T23:02:06+00:00","dateModified":"2021-08-19T23:02:07+00:00","breadcrumb":{"@id":"https:\/\/radioljubuski.ba\/index.php\/2021\/08\/20\/ovo-je-pet-lidera-talibana-koji-ce-voditi-afganistan\/#breadcrumb"},"inLanguage":"hr","potentialAction":[{"@type":"ReadAction","target":["https:\/\/radioljubuski.ba\/index.php\/2021\/08\/20\/ovo-je-pet-lidera-talibana-koji-ce-voditi-afganistan\/"]}]},{"@type":"ImageObject","inLanguage":"hr","@id":"https:\/\/radioljubuski.ba\/index.php\/2021\/08\/20\/ovo-je-pet-lidera-talibana-koji-ce-voditi-afganistan\/#primaryimage","url":"https:\/\/radioljubuski.ba\/wp-content\/uploads\/2021\/08\/o_19051624_1024.jpg","contentUrl":"https:\/\/radioljubuski.ba\/wp-content\/uploads\/2021\/08\/o_19051624_1024.jpg","width":1024,"height":695},{"@type":"BreadcrumbList","@id":"https:\/\/radioljubuski.ba\/index.php\/2021\/08\/20\/ovo-je-pet-lidera-talibana-koji-ce-voditi-afganistan\/#breadcrumb","itemListElement":[{"@type":"ListItem","position":1,"name":"Po\u010detna stranica","item":"https:\/\/radioljubuski.ba\/"},{"@type":"ListItem","position":2,"name":"Ovo je pet lidera talibana koji \u0107e voditi Afganistan"}]},{"@type":"WebSite","@id":"https:\/\/radioljubuski.ba\/#website","url":"https:\/\/radioljubuski.ba\/","name":"Radio Ljubu\u0161ki","description":"Sun\u010dana frekvencija Hercegovine","publisher":{"@id":"https:\/\/radioljubuski.ba\/#organization"},"potentialAction":[{"@type":"SearchAction","target":{"@type":"EntryPoint","urlTemplate":"https:\/\/radioljubuski.ba\/?s={search_term_string}"},"query-input":{"@type":"PropertyValueSpecification","valueRequired":true,"valueName":"search_term_string"}}],"inLanguage":"hr"},{"@type":"Organization","@id":"https:\/\/radioljubuski.ba\/#organization","name":"Radio Ljubu\u0161ki","url":"https:\/\/radioljubuski.ba\/","logo":{"@type":"ImageObject","inLanguage":"hr","@id":"https:\/\/radioljubuski.ba\/#\/schema\/logo\/image\/","url":"https:\/\/radioljubuski.ba\/wp-content\/uploads\/2021\/02\/cropped-Radio_Ljubuski_logo1.jpg","contentUrl":"https:\/\/radioljubuski.ba\/wp-content\/uploads\/2021\/02\/cropped-Radio_Ljubuski_logo1.jpg","width":512,"height":512,"caption":"Radio Ljubu\u0161ki"},"image":{"@id":"https:\/\/radioljubuski.ba\/#\/schema\/logo\/image\/"},"sameAs":["https:\/\/www.facebook.com\/Radiio-Ljubuski-1490835324566332","https:\/\/x.com\/radioljubuski","https:\/\/hr.linkedin.com\/company\/radio-ljubuski","https:\/\/www.youtube.com\/channel\/UCHYaeO_n0Db3tjNGudGpXyw"]},{"@type":"Person","@id":"https:\/\/radioljubuski.ba\/#\/schema\/person\/19fc700381a780f69665d7956c469e3b","name":"Radio Ljubu\u0161ki"}]}},"_links":{"self":[{"href":"https:\/\/radioljubuski.ba\/index.php\/wp-json\/wp\/v2\/posts\/55351","targetHints":{"allow":["GET"]}}],"collection":[{"href":"https:\/\/radioljubuski.ba\/index.php\/wp-json\/wp\/v2\/posts"}],"about":[{"href":"https:\/\/radioljubuski.ba\/index.php\/wp-json\/wp\/v2\/types\/post"}],"author":[{"embeddable":true,"href":"https:\/\/radioljubuski.ba\/index.php\/wp-json\/wp\/v2\/users\/2"}],"replies":[{"embeddable":true,"href":"https:\/\/radioljubuski.ba\/index.php\/wp-json\/wp\/v2\/comments?post=55351"}],"version-history":[{"count":1,"href":"https:\/\/radioljubuski.ba\/index.php\/wp-json\/wp\/v2\/posts\/55351\/revisions"}],"predecessor-version":[{"id":55353,"href":"https:\/\/radioljubuski.ba\/index.php\/wp-json\/wp\/v2\/posts\/55351\/revisions\/55353"}],"wp:featuredmedia":[{"embeddable":true,"href":"https:\/\/radioljubuski.ba\/index.php\/wp-json\/wp\/v2\/media\/55352"}],"wp:attachment":[{"href":"https:\/\/radioljubuski.ba\/index.php\/wp-json\/wp\/v2\/media?parent=55351"}],"wp:term":[{"taxonomy":"category","embeddable":true,"href":"https:\/\/radioljubuski.ba\/index.php\/wp-json\/wp\/v2\/categories?post=55351"},{"taxonomy":"post_tag","embeddable":true,"href":"https:\/\/radioljubuski.ba\/index.php\/wp-json\/wp\/v2\/tags?post=55351"}],"curies":[{"name":"wp","href":"https:\/\/api.w.org\/{rel}","templated":true}]}}