{"id":55370,"date":"2021-08-20T00:13:38","date_gmt":"2021-08-19T23:13:38","guid":{"rendered":"https:\/\/radioljubuski.ba\/?p=55370"},"modified":"2021-08-20T00:13:39","modified_gmt":"2021-08-19T23:13:39","slug":"od-smanjenog-nastajanja-bora-i-glavobolja-do-zdravlja-kraljeznice-ovo-je-osam-razloga-zasto-biste-veceras-mogli-probati-zaspati-na-ledima","status":"publish","type":"post","link":"https:\/\/radioljubuski.ba\/index.php\/2021\/08\/20\/od-smanjenog-nastajanja-bora-i-glavobolja-do-zdravlja-kraljeznice-ovo-je-osam-razloga-zasto-biste-veceras-mogli-probati-zaspati-na-ledima\/","title":{"rendered":"Od smanjenog nastajanja bora i glavobolja do zdravlja kralje\u017enice, ovo je osam razloga za\u0161to biste ve\u010deras mogli probati zaspati na le\u0111ima"},"content":{"rendered":"\n<p>Ve\u0107ina ljudi spava na boku ili na prsima \u0161to, priznajemo, jest najudobnije, ali spavanje na le\u0111ima, koje nam se \u010dini kao da je rezervirano za vampire, nudi niz zdravstvenih prednosti o kojima mo\u017eda niste ni razmi\u0161ljali. Le\u017eanje u tom polo\u017eaju&nbsp;&nbsp;dr\u017ei&nbsp;kralje\u017enicu poravnatom,&nbsp;smanjenje tenzijske glavobolje, smanjuje&nbsp;pritisak&nbsp;i kompresiju&nbsp;na prsima, ubla\u017eava&nbsp;nakupljanje&nbsp;u sinusima, \u010dak sprje\u010dava&nbsp;nastanak bora i iritacija na licu.<\/p>\n\n\n\n<p>Osim odraslima, ovakvo spavanje se sna\u017eno preporu\u010duje za dojen\u010dad, a svaki drugi oblik mo\u017ee biti \u010dak i opasan po njih.<\/p>\n\n\n\n<p>Iako spavanje na le\u0111ima mo\u017ee imati koristi za va\u0161e zdravlje, to definitivno nije najpopularniji polo\u017eaj i mnogi ga izbjegavaju. Istra\u017eivanja su pokazala da Europljani uglavnom spavaju na boku, a sli\u010dna je situacija i u SAD-u. Bez obzira na va\u0161e navike, postoji velik broj razloga da razmislite o njihovoj promjeni.<\/p>\n\n\n\n<p><strong>Mo\u017ee smanjiti bol u le\u0111ima i vratu<\/strong><\/p>\n\n\n\n<p>Spavanje na le\u0111ima poma\u017ee smanjiti pritisak na kralje\u017enicu jer ovaj polo\u017eaj opona\u0161a uspravno stajanje. Spavanje na trbuhu s glavom na jednu stranu sli\u010dno je okretanju glave u jednom smjeru satima dok sjedite ili stojite, \u0161to zna uzrokovati uko\u010denost i&nbsp;bol. Ono tako\u0111er komprimira kralje\u017enicu jer vam je vrat zaba\u010den unatrag.<\/p>\n\n\n\n<p>Puno je lak\u0161e odmoriti kralje\u017enicu le\u017ee\u0107i na le\u0111ima, koriste\u0107i jastuke za udobnost i odr\u017eavaju\u0107i prirodnu zakrivljenost kralje\u017enice. Istra\u017eivanje je pokazalo&nbsp;da je spavanje na le\u0111ima s obje ruke sa strane ili na prsima najbolji na\u010din za sprje\u010davanje boli.<\/p>\n\n\n\n<p><strong>Mo\u017ee pobolj\u0161ati disanje<\/strong><\/p>\n\n\n\n<p>Ako le\u017eite na trbuhu ili boku, mo\u017eda \u0107ete zatvoriti&nbsp;prostor za disanje. Dijafragma je mi\u0161i\u0107 odgovoran za disanje, a njegovo stiskanje&nbsp;\u010dini va\u0161e disanje pli\u0107im. Vi\u0161e studija povezalo je duboko dijafragmalno disanje tijekom bu\u0111enja sa: smanjenim stresom, pobolj\u0161anim&nbsp;raspolo\u017eenjem, pobolj\u0161anom koncentracijom. Sporo, duboko disanje isto tako rezultira proizvodnjom melatonina, hormona koji poti\u010de opu\u0161tanje, izaziva san i pove\u0107ava aktivnost parasimpati\u010dkog \u017eiv\u010danog sustava, dakle pobolj\u0161ava san.<\/p>\n\n\n\n<p><strong>Mo\u017ee smanjiti izbijanje pri\u0161ti\u0107a<\/strong><\/p>\n\n\n\n<p>Pranje lica, dr\u017eanje ruku podalje od lica i smanjenje konzumacije \u0161e\u0107era \u010desto su rje\u0161enja za \u010distu ko\u017eu, ali \u0161to je s onim \u0161to se doga\u0111a dok spavate?<\/p>\n\n\n\n<p>Jastu\u010dnice upijaju sebum iz ko\u017ee i kose, kao i ostatke kozmeti\u010dkih proizvoda, a oni se onda lako prenose na lice tijekom spavanja. To mo\u017ee pridonijeti stvaranju pri\u0161ti\u0107a, mitesera, nastanku crvenila i iritacijama ko\u017ee. Spavaju\u0107i na le\u0111ima izbje\u0107i \u0107ete dodirivanje ko\u017ee i jastuka pa tako i ove probleme.<\/p>\n\n\n\n<p><strong>Mo\u017ee sprije\u010diti nastanak bora<\/strong><\/p>\n\n\n\n<p>Spavanje na trbuhu stvara trenje na&nbsp;licu i mo\u017ee&nbsp;u\u0161tipnuti, zgnje\u010diti&nbsp;i iritirati va\u0161u ko\u017eu&nbsp;\u0161to rezultira stvaranjem bora, a isto se odnosi i na vrat. Spavanje na le\u0111ima tako\u0111er poma\u017ee zadr\u017eati proizvode za njegu ko\u017ee na licu jer se ne\u0107e obrisati od posteljinu. Spavaju\u0107i na le\u0111ima, izbjegavate kontakt licem u jastuk, a vrat dr\u017eite ravno, sprje\u010davaju\u0107i prijevremeni razvoj ili produbljivanje bora i linija.<\/p>\n\n\n\n<p><strong>Mo\u017ee smanjiti nate\u010denost<\/strong><\/p>\n\n\n\n<p>Kada le\u017eite na bilo kojem dijelu lica, u tom se podru\u010dju nakuplja teku\u0107ina. Nakupljanje teku\u0107ine uzrokuje nate\u010denost oko o\u010diju kao i cijelog lica. Le\u017eanjem na le\u0111ima onemogu\u0107avate&nbsp;ovo okupljanje i smanjujete nate\u010denost. Podignite glavu malo kako biste lak\u0161e kontrolirali kamo teku\u0107ina odlazi. To vam mo\u017ee pomo\u0107i da izbjegnete vre\u0107ice i nate\u010denost, pa se mo\u017eete probuditi u potpunosti odmorni.<\/p>\n\n\n\n<p><strong>Mo\u017ee ubla\u017eiti nakupljanje u sinusima<\/strong><\/p>\n\n\n\n<p>Spavanje s podignutom glavom iznad srca poma\u017ee u ubla\u017eavanju za\u010depljenja i sprje\u010davanju novog za\u010depljenja nosnih prolaza. Kad je glava spu\u0161tena, sluz se nakuplja u sinusima. Ako poduprete glavu, gravitacija \u0107e u\u010diniti svoje kako bi pomogla isu\u0161iti sluz i odr\u017eala&nbsp;di\u0161ne \u200b\u200bputeve \u010distima.<\/p>\n\n\n\n<p>Ova pozicija poma\u017ee i kod refluksa kiseline, tako da se preporu\u010duje i onima koji pate od \u017egaravice.<\/p>\n\n\n\n<p><strong>Mo\u017ee sprije\u010diti tenzijske glavobolje<\/strong><\/p>\n\n\n\n<p>Sli\u010dno kao \u0161to je slu\u010daj s vratom&nbsp;i kralje\u017enicom, spavanje na le\u0111ima vam skida pritisak s glave. Cervikogene glavobolje, ili glavobolje ukorijenjene u vratnoj kralje\u017enici, po\u010dinju u vratu i \u010desto se zamjenjuju za migrene. Njihovi simptomi mogu uklju\u010divati: pulsiraju\u0107a bol s jedne strane glave ili lica, uko\u010deni vrat, bol u blizini o\u010diju, bol pri ka\u0161ljanju ili kihanju, osjetljivost na svjetlost i buku, zamagljen vid, mu\u010dninu.&nbsp;&nbsp;Dr\u017ee\u0107i glavu, vrat i kralje\u017enicu u neutralnom polo\u017eaju, umanjujete pritisak i izbjegavate bol.<\/p>\n\n\n\n<p><strong>Olak\u0161ava bu\u0111enje<\/strong><\/p>\n\n\n\n<p>Kad ste okrenuti licem prema gore, lak\u0161e \u0107ete primijetiti promjene u svjetlu. Dok sun\u010deva svjetlost struji u va\u0161u spava\u0107u sobu, mo\u017eete bolje primiti signal od sunca da je vrijeme za bu\u0111enje. Mo\u017eda \u0107e vam ovaj na\u010din bu\u0111enja biti ugodniji od zvuka budilice. Osim toga, svjetlo poma\u017ee u regulaciji va\u0161eg cirkadijalnog ritma, tako da mo\u017eete spavati i buditi se u optimalno vrijeme.<\/p>\n\n\n\n<p><strong>PI\u0160E&nbsp;<\/strong>PSD<\/p>\n","protected":false},"excerpt":{"rendered":"<p>Ve\u0107ina ljudi spava na boku ili na prsima \u0161to, priznajemo, jest najudobnije, ali spavanje na le\u0111ima, koje nam se \u010dini kao da je rezervirano za vampire, nudi niz zdravstvenih prednosti o kojima mo\u017eda niste ni razmi\u0161ljali. Le\u017eanje u tom polo\u017eaju&nbsp;&nbsp;dr\u017ei&nbsp;kralje\u017enicu poravnatom,&nbsp;smanjenje tenzijske glavobolje, smanjuje&nbsp;pritisak&nbsp;i kompresiju&nbsp;na prsima, ubla\u017eava&nbsp;nakupljanje&nbsp;u sinusima, \u010dak sprje\u010dava&nbsp;nastanak bora i iritacija na licu. [&hellip;]<\/p>\n","protected":false},"author":2,"featured_media":55371,"comment_status":"closed","ping_status":"closed","sticky":false,"template":"","format":"standard","meta":{"h5ap_radio_sources":[],"footnotes":""},"categories":[1],"tags":[],"class_list":["post-55370","post","type-post","status-publish","format-standard","has-post-thumbnail","hentry","category-bihiregija"],"yoast_head":"<!-- This site is optimized with the Yoast SEO plugin v27.5 - https:\/\/yoast.com\/product\/yoast-seo-wordpress\/ -->\n<title>Od smanjenog nastajanja bora i glavobolja do zdravlja kralje\u017enice, ovo je osam razloga za\u0161to biste ve\u010deras mogli probati zaspati na le\u0111ima - RADIO LJUBU\u0160KI<\/title>\n<meta name=\"robots\" content=\"index, follow, max-snippet:-1, max-image-preview:large, max-video-preview:-1\" \/>\n<link rel=\"canonical\" href=\"https:\/\/radioljubuski.ba\/index.php\/2021\/08\/20\/od-smanjenog-nastajanja-bora-i-glavobolja-do-zdravlja-kraljeznice-ovo-je-osam-razloga-zasto-biste-veceras-mogli-probati-zaspati-na-ledima\/\" \/>\n<meta property=\"og:locale\" content=\"hr_HR\" \/>\n<meta property=\"og:type\" content=\"article\" \/>\n<meta property=\"og:title\" content=\"Od smanjenog nastajanja bora i glavobolja do zdravlja kralje\u017enice, ovo je osam razloga za\u0161to biste ve\u010deras mogli probati zaspati na le\u0111ima - RADIO LJUBU\u0160KI\" \/>\n<meta property=\"og:description\" content=\"Ve\u0107ina ljudi spava na boku ili na prsima \u0161to, priznajemo, jest najudobnije, ali spavanje na le\u0111ima, koje nam se \u010dini kao da je rezervirano za vampire, nudi niz zdravstvenih prednosti o kojima mo\u017eda niste ni razmi\u0161ljali. Le\u017eanje u tom polo\u017eaju&nbsp;&nbsp;dr\u017ei&nbsp;kralje\u017enicu poravnatom,&nbsp;smanjenje tenzijske glavobolje, smanjuje&nbsp;pritisak&nbsp;i kompresiju&nbsp;na prsima, ubla\u017eava&nbsp;nakupljanje&nbsp;u sinusima, \u010dak sprje\u010dava&nbsp;nastanak bora i iritacija na licu. [&hellip;]\" \/>\n<meta property=\"og:url\" content=\"https:\/\/radioljubuski.ba\/index.php\/2021\/08\/20\/od-smanjenog-nastajanja-bora-i-glavobolja-do-zdravlja-kraljeznice-ovo-je-osam-razloga-zasto-biste-veceras-mogli-probati-zaspati-na-ledima\/\" \/>\n<meta property=\"og:site_name\" content=\"RADIO LJUBU\u0160KI\" \/>\n<meta property=\"article:publisher\" content=\"https:\/\/www.facebook.com\/Radiio-Ljubuski-1490835324566332\" \/>\n<meta property=\"article:published_time\" content=\"2021-08-19T23:13:38+00:00\" \/>\n<meta property=\"article:modified_time\" content=\"2021-08-19T23:13:39+00:00\" \/>\n<meta property=\"og:image\" content=\"https:\/\/radioljubuski.ba\/wp-content\/uploads\/2021\/08\/o_19050432_1024.jpg\" \/>\n\t<meta property=\"og:image:width\" content=\"1024\" \/>\n\t<meta property=\"og:image:height\" content=\"683\" \/>\n\t<meta property=\"og:image:type\" content=\"image\/jpeg\" \/>\n<meta name=\"author\" content=\"Radio Ljubu\u0161ki\" \/>\n<meta name=\"twitter:card\" content=\"summary_large_image\" \/>\n<meta name=\"twitter:creator\" content=\"@radioljubuski\" \/>\n<meta name=\"twitter:site\" content=\"@radioljubuski\" \/>\n<meta name=\"twitter:label1\" content=\"Napisao\/la\" \/>\n\t<meta name=\"twitter:data1\" content=\"Radio Ljubu\u0161ki\" \/>\n\t<meta name=\"twitter:label2\" content=\"Procijenjeno vrijeme \u010ditanja\" \/>\n\t<meta name=\"twitter:data2\" content=\"4 minute\" \/>\n<script type=\"application\/ld+json\" class=\"yoast-schema-graph\">{\"@context\":\"https:\\\/\\\/schema.org\",\"@graph\":[{\"@type\":\"Article\",\"@id\":\"https:\\\/\\\/radioljubuski.ba\\\/index.php\\\/2021\\\/08\\\/20\\\/od-smanjenog-nastajanja-bora-i-glavobolja-do-zdravlja-kraljeznice-ovo-je-osam-razloga-zasto-biste-veceras-mogli-probati-zaspati-na-ledima\\\/#article\",\"isPartOf\":{\"@id\":\"https:\\\/\\\/radioljubuski.ba\\\/index.php\\\/2021\\\/08\\\/20\\\/od-smanjenog-nastajanja-bora-i-glavobolja-do-zdravlja-kraljeznice-ovo-je-osam-razloga-zasto-biste-veceras-mogli-probati-zaspati-na-ledima\\\/\"},\"author\":{\"name\":\"Radio Ljubu\u0161ki\",\"@id\":\"https:\\\/\\\/radioljubuski.ba\\\/#\\\/schema\\\/person\\\/19fc700381a780f69665d7956c469e3b\"},\"headline\":\"Od smanjenog nastajanja bora i glavobolja do zdravlja kralje\u017enice, ovo je osam razloga za\u0161to biste ve\u010deras mogli probati zaspati na le\u0111ima\",\"datePublished\":\"2021-08-19T23:13:38+00:00\",\"dateModified\":\"2021-08-19T23:13:39+00:00\",\"mainEntityOfPage\":{\"@id\":\"https:\\\/\\\/radioljubuski.ba\\\/index.php\\\/2021\\\/08\\\/20\\\/od-smanjenog-nastajanja-bora-i-glavobolja-do-zdravlja-kraljeznice-ovo-je-osam-razloga-zasto-biste-veceras-mogli-probati-zaspati-na-ledima\\\/\"},\"wordCount\":930,\"publisher\":{\"@id\":\"https:\\\/\\\/radioljubuski.ba\\\/#organization\"},\"image\":{\"@id\":\"https:\\\/\\\/radioljubuski.ba\\\/index.php\\\/2021\\\/08\\\/20\\\/od-smanjenog-nastajanja-bora-i-glavobolja-do-zdravlja-kraljeznice-ovo-je-osam-razloga-zasto-biste-veceras-mogli-probati-zaspati-na-ledima\\\/#primaryimage\"},\"thumbnailUrl\":\"https:\\\/\\\/radioljubuski.ba\\\/wp-content\\\/uploads\\\/2021\\\/08\\\/o_19050432_1024.jpg\",\"articleSection\":[\"BIH i regija\"],\"inLanguage\":\"hr\"},{\"@type\":\"WebPage\",\"@id\":\"https:\\\/\\\/radioljubuski.ba\\\/index.php\\\/2021\\\/08\\\/20\\\/od-smanjenog-nastajanja-bora-i-glavobolja-do-zdravlja-kraljeznice-ovo-je-osam-razloga-zasto-biste-veceras-mogli-probati-zaspati-na-ledima\\\/\",\"url\":\"https:\\\/\\\/radioljubuski.ba\\\/index.php\\\/2021\\\/08\\\/20\\\/od-smanjenog-nastajanja-bora-i-glavobolja-do-zdravlja-kraljeznice-ovo-je-osam-razloga-zasto-biste-veceras-mogli-probati-zaspati-na-ledima\\\/\",\"name\":\"Od smanjenog nastajanja bora i glavobolja do zdravlja kralje\u017enice, ovo je osam razloga za\u0161to biste ve\u010deras mogli probati zaspati na le\u0111ima - RADIO LJUBU\u0160KI\",\"isPartOf\":{\"@id\":\"https:\\\/\\\/radioljubuski.ba\\\/#website\"},\"primaryImageOfPage\":{\"@id\":\"https:\\\/\\\/radioljubuski.ba\\\/index.php\\\/2021\\\/08\\\/20\\\/od-smanjenog-nastajanja-bora-i-glavobolja-do-zdravlja-kraljeznice-ovo-je-osam-razloga-zasto-biste-veceras-mogli-probati-zaspati-na-ledima\\\/#primaryimage\"},\"image\":{\"@id\":\"https:\\\/\\\/radioljubuski.ba\\\/index.php\\\/2021\\\/08\\\/20\\\/od-smanjenog-nastajanja-bora-i-glavobolja-do-zdravlja-kraljeznice-ovo-je-osam-razloga-zasto-biste-veceras-mogli-probati-zaspati-na-ledima\\\/#primaryimage\"},\"thumbnailUrl\":\"https:\\\/\\\/radioljubuski.ba\\\/wp-content\\\/uploads\\\/2021\\\/08\\\/o_19050432_1024.jpg\",\"datePublished\":\"2021-08-19T23:13:38+00:00\",\"dateModified\":\"2021-08-19T23:13:39+00:00\",\"breadcrumb\":{\"@id\":\"https:\\\/\\\/radioljubuski.ba\\\/index.php\\\/2021\\\/08\\\/20\\\/od-smanjenog-nastajanja-bora-i-glavobolja-do-zdravlja-kraljeznice-ovo-je-osam-razloga-zasto-biste-veceras-mogli-probati-zaspati-na-ledima\\\/#breadcrumb\"},\"inLanguage\":\"hr\",\"potentialAction\":[{\"@type\":\"ReadAction\",\"target\":[\"https:\\\/\\\/radioljubuski.ba\\\/index.php\\\/2021\\\/08\\\/20\\\/od-smanjenog-nastajanja-bora-i-glavobolja-do-zdravlja-kraljeznice-ovo-je-osam-razloga-zasto-biste-veceras-mogli-probati-zaspati-na-ledima\\\/\"]}]},{\"@type\":\"ImageObject\",\"inLanguage\":\"hr\",\"@id\":\"https:\\\/\\\/radioljubuski.ba\\\/index.php\\\/2021\\\/08\\\/20\\\/od-smanjenog-nastajanja-bora-i-glavobolja-do-zdravlja-kraljeznice-ovo-je-osam-razloga-zasto-biste-veceras-mogli-probati-zaspati-na-ledima\\\/#primaryimage\",\"url\":\"https:\\\/\\\/radioljubuski.ba\\\/wp-content\\\/uploads\\\/2021\\\/08\\\/o_19050432_1024.jpg\",\"contentUrl\":\"https:\\\/\\\/radioljubuski.ba\\\/wp-content\\\/uploads\\\/2021\\\/08\\\/o_19050432_1024.jpg\",\"width\":1024,\"height\":683},{\"@type\":\"BreadcrumbList\",\"@id\":\"https:\\\/\\\/radioljubuski.ba\\\/index.php\\\/2021\\\/08\\\/20\\\/od-smanjenog-nastajanja-bora-i-glavobolja-do-zdravlja-kraljeznice-ovo-je-osam-razloga-zasto-biste-veceras-mogli-probati-zaspati-na-ledima\\\/#breadcrumb\",\"itemListElement\":[{\"@type\":\"ListItem\",\"position\":1,\"name\":\"Po\u010detna stranica\",\"item\":\"https:\\\/\\\/radioljubuski.ba\\\/\"},{\"@type\":\"ListItem\",\"position\":2,\"name\":\"Od smanjenog nastajanja bora i glavobolja do zdravlja kralje\u017enice, ovo je osam razloga za\u0161to biste ve\u010deras mogli probati zaspati na le\u0111ima\"}]},{\"@type\":\"WebSite\",\"@id\":\"https:\\\/\\\/radioljubuski.ba\\\/#website\",\"url\":\"https:\\\/\\\/radioljubuski.ba\\\/\",\"name\":\"Radio Ljubu\u0161ki\",\"description\":\"Sun\u010dana frekvencija Hercegovine\",\"publisher\":{\"@id\":\"https:\\\/\\\/radioljubuski.ba\\\/#organization\"},\"potentialAction\":[{\"@type\":\"SearchAction\",\"target\":{\"@type\":\"EntryPoint\",\"urlTemplate\":\"https:\\\/\\\/radioljubuski.ba\\\/?s={search_term_string}\"},\"query-input\":{\"@type\":\"PropertyValueSpecification\",\"valueRequired\":true,\"valueName\":\"search_term_string\"}}],\"inLanguage\":\"hr\"},{\"@type\":\"Organization\",\"@id\":\"https:\\\/\\\/radioljubuski.ba\\\/#organization\",\"name\":\"Radio Ljubu\u0161ki\",\"url\":\"https:\\\/\\\/radioljubuski.ba\\\/\",\"logo\":{\"@type\":\"ImageObject\",\"inLanguage\":\"hr\",\"@id\":\"https:\\\/\\\/radioljubuski.ba\\\/#\\\/schema\\\/logo\\\/image\\\/\",\"url\":\"https:\\\/\\\/radioljubuski.ba\\\/wp-content\\\/uploads\\\/2021\\\/02\\\/cropped-Radio_Ljubuski_logo1.jpg\",\"contentUrl\":\"https:\\\/\\\/radioljubuski.ba\\\/wp-content\\\/uploads\\\/2021\\\/02\\\/cropped-Radio_Ljubuski_logo1.jpg\",\"width\":512,\"height\":512,\"caption\":\"Radio Ljubu\u0161ki\"},\"image\":{\"@id\":\"https:\\\/\\\/radioljubuski.ba\\\/#\\\/schema\\\/logo\\\/image\\\/\"},\"sameAs\":[\"https:\\\/\\\/www.facebook.com\\\/Radiio-Ljubuski-1490835324566332\",\"https:\\\/\\\/x.com\\\/radioljubuski\",\"https:\\\/\\\/hr.linkedin.com\\\/company\\\/radio-ljubuski\",\"https:\\\/\\\/www.youtube.com\\\/channel\\\/UCHYaeO_n0Db3tjNGudGpXyw\"]},{\"@type\":\"Person\",\"@id\":\"https:\\\/\\\/radioljubuski.ba\\\/#\\\/schema\\\/person\\\/19fc700381a780f69665d7956c469e3b\",\"name\":\"Radio Ljubu\u0161ki\"}]}<\/script>\n<!-- \/ Yoast SEO plugin. -->","yoast_head_json":{"title":"Od smanjenog nastajanja bora i glavobolja do zdravlja kralje\u017enice, ovo je osam razloga za\u0161to biste ve\u010deras mogli probati zaspati na le\u0111ima - RADIO LJUBU\u0160KI","robots":{"index":"index","follow":"follow","max-snippet":"max-snippet:-1","max-image-preview":"max-image-preview:large","max-video-preview":"max-video-preview:-1"},"canonical":"https:\/\/radioljubuski.ba\/index.php\/2021\/08\/20\/od-smanjenog-nastajanja-bora-i-glavobolja-do-zdravlja-kraljeznice-ovo-je-osam-razloga-zasto-biste-veceras-mogli-probati-zaspati-na-ledima\/","og_locale":"hr_HR","og_type":"article","og_title":"Od smanjenog nastajanja bora i glavobolja do zdravlja kralje\u017enice, ovo je osam razloga za\u0161to biste ve\u010deras mogli probati zaspati na le\u0111ima - RADIO LJUBU\u0160KI","og_description":"Ve\u0107ina ljudi spava na boku ili na prsima \u0161to, priznajemo, jest najudobnije, ali spavanje na le\u0111ima, koje nam se \u010dini kao da je rezervirano za vampire, nudi niz zdravstvenih prednosti o kojima mo\u017eda niste ni razmi\u0161ljali. Le\u017eanje u tom polo\u017eaju&nbsp;&nbsp;dr\u017ei&nbsp;kralje\u017enicu poravnatom,&nbsp;smanjenje tenzijske glavobolje, smanjuje&nbsp;pritisak&nbsp;i kompresiju&nbsp;na prsima, ubla\u017eava&nbsp;nakupljanje&nbsp;u sinusima, \u010dak sprje\u010dava&nbsp;nastanak bora i iritacija na licu. [&hellip;]","og_url":"https:\/\/radioljubuski.ba\/index.php\/2021\/08\/20\/od-smanjenog-nastajanja-bora-i-glavobolja-do-zdravlja-kraljeznice-ovo-je-osam-razloga-zasto-biste-veceras-mogli-probati-zaspati-na-ledima\/","og_site_name":"RADIO LJUBU\u0160KI","article_publisher":"https:\/\/www.facebook.com\/Radiio-Ljubuski-1490835324566332","article_published_time":"2021-08-19T23:13:38+00:00","article_modified_time":"2021-08-19T23:13:39+00:00","og_image":[{"width":1024,"height":683,"url":"https:\/\/radioljubuski.ba\/wp-content\/uploads\/2021\/08\/o_19050432_1024.jpg","type":"image\/jpeg"}],"author":"Radio Ljubu\u0161ki","twitter_card":"summary_large_image","twitter_creator":"@radioljubuski","twitter_site":"@radioljubuski","twitter_misc":{"Napisao\/la":"Radio Ljubu\u0161ki","Procijenjeno vrijeme \u010ditanja":"4 minute"},"schema":{"@context":"https:\/\/schema.org","@graph":[{"@type":"Article","@id":"https:\/\/radioljubuski.ba\/index.php\/2021\/08\/20\/od-smanjenog-nastajanja-bora-i-glavobolja-do-zdravlja-kraljeznice-ovo-je-osam-razloga-zasto-biste-veceras-mogli-probati-zaspati-na-ledima\/#article","isPartOf":{"@id":"https:\/\/radioljubuski.ba\/index.php\/2021\/08\/20\/od-smanjenog-nastajanja-bora-i-glavobolja-do-zdravlja-kraljeznice-ovo-je-osam-razloga-zasto-biste-veceras-mogli-probati-zaspati-na-ledima\/"},"author":{"name":"Radio Ljubu\u0161ki","@id":"https:\/\/radioljubuski.ba\/#\/schema\/person\/19fc700381a780f69665d7956c469e3b"},"headline":"Od smanjenog nastajanja bora i glavobolja do zdravlja kralje\u017enice, ovo je osam razloga za\u0161to biste ve\u010deras mogli probati zaspati na le\u0111ima","datePublished":"2021-08-19T23:13:38+00:00","dateModified":"2021-08-19T23:13:39+00:00","mainEntityOfPage":{"@id":"https:\/\/radioljubuski.ba\/index.php\/2021\/08\/20\/od-smanjenog-nastajanja-bora-i-glavobolja-do-zdravlja-kraljeznice-ovo-je-osam-razloga-zasto-biste-veceras-mogli-probati-zaspati-na-ledima\/"},"wordCount":930,"publisher":{"@id":"https:\/\/radioljubuski.ba\/#organization"},"image":{"@id":"https:\/\/radioljubuski.ba\/index.php\/2021\/08\/20\/od-smanjenog-nastajanja-bora-i-glavobolja-do-zdravlja-kraljeznice-ovo-je-osam-razloga-zasto-biste-veceras-mogli-probati-zaspati-na-ledima\/#primaryimage"},"thumbnailUrl":"https:\/\/radioljubuski.ba\/wp-content\/uploads\/2021\/08\/o_19050432_1024.jpg","articleSection":["BIH i regija"],"inLanguage":"hr"},{"@type":"WebPage","@id":"https:\/\/radioljubuski.ba\/index.php\/2021\/08\/20\/od-smanjenog-nastajanja-bora-i-glavobolja-do-zdravlja-kraljeznice-ovo-je-osam-razloga-zasto-biste-veceras-mogli-probati-zaspati-na-ledima\/","url":"https:\/\/radioljubuski.ba\/index.php\/2021\/08\/20\/od-smanjenog-nastajanja-bora-i-glavobolja-do-zdravlja-kraljeznice-ovo-je-osam-razloga-zasto-biste-veceras-mogli-probati-zaspati-na-ledima\/","name":"Od smanjenog nastajanja bora i glavobolja do zdravlja kralje\u017enice, ovo je osam razloga za\u0161to biste ve\u010deras mogli probati zaspati na le\u0111ima - RADIO LJUBU\u0160KI","isPartOf":{"@id":"https:\/\/radioljubuski.ba\/#website"},"primaryImageOfPage":{"@id":"https:\/\/radioljubuski.ba\/index.php\/2021\/08\/20\/od-smanjenog-nastajanja-bora-i-glavobolja-do-zdravlja-kraljeznice-ovo-je-osam-razloga-zasto-biste-veceras-mogli-probati-zaspati-na-ledima\/#primaryimage"},"image":{"@id":"https:\/\/radioljubuski.ba\/index.php\/2021\/08\/20\/od-smanjenog-nastajanja-bora-i-glavobolja-do-zdravlja-kraljeznice-ovo-je-osam-razloga-zasto-biste-veceras-mogli-probati-zaspati-na-ledima\/#primaryimage"},"thumbnailUrl":"https:\/\/radioljubuski.ba\/wp-content\/uploads\/2021\/08\/o_19050432_1024.jpg","datePublished":"2021-08-19T23:13:38+00:00","dateModified":"2021-08-19T23:13:39+00:00","breadcrumb":{"@id":"https:\/\/radioljubuski.ba\/index.php\/2021\/08\/20\/od-smanjenog-nastajanja-bora-i-glavobolja-do-zdravlja-kraljeznice-ovo-je-osam-razloga-zasto-biste-veceras-mogli-probati-zaspati-na-ledima\/#breadcrumb"},"inLanguage":"hr","potentialAction":[{"@type":"ReadAction","target":["https:\/\/radioljubuski.ba\/index.php\/2021\/08\/20\/od-smanjenog-nastajanja-bora-i-glavobolja-do-zdravlja-kraljeznice-ovo-je-osam-razloga-zasto-biste-veceras-mogli-probati-zaspati-na-ledima\/"]}]},{"@type":"ImageObject","inLanguage":"hr","@id":"https:\/\/radioljubuski.ba\/index.php\/2021\/08\/20\/od-smanjenog-nastajanja-bora-i-glavobolja-do-zdravlja-kraljeznice-ovo-je-osam-razloga-zasto-biste-veceras-mogli-probati-zaspati-na-ledima\/#primaryimage","url":"https:\/\/radioljubuski.ba\/wp-content\/uploads\/2021\/08\/o_19050432_1024.jpg","contentUrl":"https:\/\/radioljubuski.ba\/wp-content\/uploads\/2021\/08\/o_19050432_1024.jpg","width":1024,"height":683},{"@type":"BreadcrumbList","@id":"https:\/\/radioljubuski.ba\/index.php\/2021\/08\/20\/od-smanjenog-nastajanja-bora-i-glavobolja-do-zdravlja-kraljeznice-ovo-je-osam-razloga-zasto-biste-veceras-mogli-probati-zaspati-na-ledima\/#breadcrumb","itemListElement":[{"@type":"ListItem","position":1,"name":"Po\u010detna stranica","item":"https:\/\/radioljubuski.ba\/"},{"@type":"ListItem","position":2,"name":"Od smanjenog nastajanja bora i glavobolja do zdravlja kralje\u017enice, ovo je osam razloga za\u0161to biste ve\u010deras mogli probati zaspati na le\u0111ima"}]},{"@type":"WebSite","@id":"https:\/\/radioljubuski.ba\/#website","url":"https:\/\/radioljubuski.ba\/","name":"Radio Ljubu\u0161ki","description":"Sun\u010dana frekvencija Hercegovine","publisher":{"@id":"https:\/\/radioljubuski.ba\/#organization"},"potentialAction":[{"@type":"SearchAction","target":{"@type":"EntryPoint","urlTemplate":"https:\/\/radioljubuski.ba\/?s={search_term_string}"},"query-input":{"@type":"PropertyValueSpecification","valueRequired":true,"valueName":"search_term_string"}}],"inLanguage":"hr"},{"@type":"Organization","@id":"https:\/\/radioljubuski.ba\/#organization","name":"Radio Ljubu\u0161ki","url":"https:\/\/radioljubuski.ba\/","logo":{"@type":"ImageObject","inLanguage":"hr","@id":"https:\/\/radioljubuski.ba\/#\/schema\/logo\/image\/","url":"https:\/\/radioljubuski.ba\/wp-content\/uploads\/2021\/02\/cropped-Radio_Ljubuski_logo1.jpg","contentUrl":"https:\/\/radioljubuski.ba\/wp-content\/uploads\/2021\/02\/cropped-Radio_Ljubuski_logo1.jpg","width":512,"height":512,"caption":"Radio Ljubu\u0161ki"},"image":{"@id":"https:\/\/radioljubuski.ba\/#\/schema\/logo\/image\/"},"sameAs":["https:\/\/www.facebook.com\/Radiio-Ljubuski-1490835324566332","https:\/\/x.com\/radioljubuski","https:\/\/hr.linkedin.com\/company\/radio-ljubuski","https:\/\/www.youtube.com\/channel\/UCHYaeO_n0Db3tjNGudGpXyw"]},{"@type":"Person","@id":"https:\/\/radioljubuski.ba\/#\/schema\/person\/19fc700381a780f69665d7956c469e3b","name":"Radio Ljubu\u0161ki"}]}},"_links":{"self":[{"href":"https:\/\/radioljubuski.ba\/index.php\/wp-json\/wp\/v2\/posts\/55370","targetHints":{"allow":["GET"]}}],"collection":[{"href":"https:\/\/radioljubuski.ba\/index.php\/wp-json\/wp\/v2\/posts"}],"about":[{"href":"https:\/\/radioljubuski.ba\/index.php\/wp-json\/wp\/v2\/types\/post"}],"author":[{"embeddable":true,"href":"https:\/\/radioljubuski.ba\/index.php\/wp-json\/wp\/v2\/users\/2"}],"replies":[{"embeddable":true,"href":"https:\/\/radioljubuski.ba\/index.php\/wp-json\/wp\/v2\/comments?post=55370"}],"version-history":[{"count":1,"href":"https:\/\/radioljubuski.ba\/index.php\/wp-json\/wp\/v2\/posts\/55370\/revisions"}],"predecessor-version":[{"id":55372,"href":"https:\/\/radioljubuski.ba\/index.php\/wp-json\/wp\/v2\/posts\/55370\/revisions\/55372"}],"wp:featuredmedia":[{"embeddable":true,"href":"https:\/\/radioljubuski.ba\/index.php\/wp-json\/wp\/v2\/media\/55371"}],"wp:attachment":[{"href":"https:\/\/radioljubuski.ba\/index.php\/wp-json\/wp\/v2\/media?parent=55370"}],"wp:term":[{"taxonomy":"category","embeddable":true,"href":"https:\/\/radioljubuski.ba\/index.php\/wp-json\/wp\/v2\/categories?post=55370"},{"taxonomy":"post_tag","embeddable":true,"href":"https:\/\/radioljubuski.ba\/index.php\/wp-json\/wp\/v2\/tags?post=55370"}],"curies":[{"name":"wp","href":"https:\/\/api.w.org\/{rel}","templated":true}]}}