{"id":55376,"date":"2021-08-20T00:18:10","date_gmt":"2021-08-19T23:18:10","guid":{"rendered":"https:\/\/radioljubuski.ba\/?p=55376"},"modified":"2021-08-20T00:18:11","modified_gmt":"2021-08-19T23:18:11","slug":"znate-li-sto-je-long-covid-milijuni-pacijenata-mjesecima-nakon-zaraze-imali-su-jake-simptome-osjecam-bijes","status":"publish","type":"post","link":"https:\/\/radioljubuski.ba\/index.php\/2021\/08\/20\/znate-li-sto-je-long-covid-milijuni-pacijenata-mjesecima-nakon-zaraze-imali-su-jake-simptome-osjecam-bijes\/","title":{"rendered":"Znate li \u0161to je Long COVID? Milijuni pacijenata mjesecima nakon zaraze imali su jake simptome: \u2018Osje\u0107am bijes\u2018"},"content":{"rendered":"\n<p>U posljednjih 18 mjeseci odgovor koji je Marta Esperti naj\u010de\u0161\u0107e \u010dula od lije\u010dnika glasio je: &#8220;Morate biti strpljivi!\u201c No, ona je osje\u0107ala da \u010dekanje nije opcija jer je vi\u0161e od godinu dana nakon infekcije koronavirusom imala temperaturu, koja se stalno vra\u0107ala, umor, lupanje srca, gubitak pam\u0107enja i nedostatak kisika u krvi. Ova doktorandica, koja je prije u\u017eivala u putovanjima i sportu, sada ponekad ostane bez daha tijekom kuhanja, donosi&nbsp;<a href=\"https:\/\/www.dw.com\/hr\/long-covid-pacijenti-kojima-se-nije-vjerovalo\/a-58883517\">Deutsche Welle<\/a>.&nbsp;<\/p>\n\n\n\n<p>Nakon \u0161to je posjetila bezbroj stru\u010dnjaka u Francuskoj i njezinoj rodnoj Italiji te iz svog d\u017eepa platila mnoge medicinske tro\u0161kove, napokon je dobila dijagnozu: Long-COVID. A rezultati ispitivanja pokazuju zna\u010dajno o\u0161te\u0107enje srca i plu\u0107a.<\/p>\n\n\n\n<p>&#8220;Osje\u0107am bijes. Godinu dana me nisu shva\u0107ali ozbiljno&#8221;, rekla je za&nbsp;<a href=\"https:\/\/www.dw.com\/hr\/long-covid-pacijenti-kojima-se-nije-vjerovalo\/a-58883517\">DW<\/a>. &#8220;Mo\u017eda bih, da je netko slu\u0161ao, imala priliku ozdraviti.&#8221;<\/p>\n\n\n\n<h2 class=\"wp-block-heading\">\u0160TO JE LONG-COVID?<\/h2>\n\n\n\n<p>Esperti je me\u0111u milijunima pacijenata koji osje\u0107aju u\u010dinke infekcije tjednima ili \u010dak mjesecima nakon \u0161to su preboljeli COVID. Ovi simptomi mogu biti u rasponu od umora, preko tzv. \u201ebrain foga&#8221; do nedostatka zraka.<\/p>\n\n\n\n<p>Oko 15% pacijenata s COVID-19 i dalje ima nekoliko simptoma nakon 12 sedmica od infekcije, navodi se u studiji koju su proveli istra\u017eiva\u010di s Imperial Collegea u Londonu u Velikoj Britaniji. Vjerojatnije je da \u0107e oboljeti \u017eene i stariji pacijenti, ali ta sudbina poga\u0111a i mu\u0161karce i djecu.<\/p>\n\n\n\n<p>Znanstvenici jo\u0161 uvijek istra\u017euju mogu\u0107e uzroke, \u0161to ote\u017eava dijagnosticiranje i lije\u010denje. Za mnoge pacijente koji pate od dugotrajnih problema, odlazak u lije\u010dni\u010dku ordinaciju postaje bitka za to da im se povjeruje.<\/p>\n\n\n\n<h2 class=\"wp-block-heading\">&#8216;OSJE\u0106AM SE PORA\u017dAVAJU\u0106E&#8217;<\/h2>\n\n\n\n<p>To je slu\u010daj i s Alexandrom Farrington, kojoj je re\u010deno da su simptomi samo u njezinoj glavi, odnosno da si ne\u0161to umi\u0161lja.<\/p>\n\n\n\n<p>Ova Amerikanka koja radi s bazama podataka i dalje osje\u0107a bolove u grudima, ote\u017eano disanje i umor dugo nakon infekcije virusom koja se dogodila u o\u017eujku 2020.<\/p>\n\n\n\n<p>Medicinsko osoblje nastoji pru\u017eiti podr\u0161ku sve dok ne \u201ezapne\u201d jer ne mogu prona\u0107i dijagnozu, ka\u017ee ona za DW. Jedan kardiolog joj je rekao da nikad vi\u0161e ne dolazi na njegov odjel.<\/p>\n\n\n\n<p>&#8220;Osje\u0107am se pora\u017eavaju\u0107e. Ponekad se osje\u0107am kao da sam naoru\u017eana s vi\u0161e informacija od lije\u010dnika&#8221;, ka\u017ee Farrington, koja poku\u0161ava pratiti najnovija otkri\u0107a o \u201edugom COVIDU\u201d.<\/p>\n\n\n\n<p>Ameri\u010dka umjetnica Tiffany McGinnis, koja \u017eivi u Engleskoj, ka\u017ee da tako\u0111er nije osje\u0107ala podr\u0161ku kada je nakon infekcije do\u017eivjela u\u010destale napade upale plu\u0107a i bolove u grudima. Njezini su se simptomi na koncu povukli tek nakon 14 mjeseci.<\/p>\n\n\n\n<p>&#8220;Ve\u0107ina lije\u010dnika je nas rano oboljele tretirala kao da smo histeri\u010dni hipohondri&#8221;, ka\u017ee McGinnis.<\/p>\n\n\n\n<h2 class=\"wp-block-heading\">SIMPTOMI ODBA\u010cENI<\/h2>\n\n\n\n<p>Akiko Iwasaki, imunologinja sa Sveu\u010dili\u0161ta Yale, jedna je od istra\u017eiva\u010da koji prou\u010davaju otkriti \u0161to uzrokuje dugi COVID, kao i druge postinfekcijske sindrome, tako da lije\u010dnici mogu bolje lije\u010diti pacijente.<\/p>\n\n\n\n<p>Neki simptomi, poput ekstremnog umora, boli, problema s koncentracijom, koje sada osje\u0107aju ljudi koji pate od COVIDA, tako\u0111er su otkriveni nakon drugih bolesti. &#8220;Ovi se simptomi dugo nisu uzimali ozbiljno&#8221;, rekao je Iwasaki. &#8220;Oni su jedva istra\u017eeni, iako imaju ozbiljne u\u010dinke.&#8221;<\/p>\n\n\n\n<p>Od po\u010detka pandemije milijuni ljudi do\u017eivjeli su razli\u010dite simptome &#8211; od neurolo\u0161kih do sr\u010danih problema. Lije\u010dnici su zapanjeni. &#8220;Kad je toliko sustava o\u0161te\u0107eno odjednom, stru\u010dnjak ne zna kako se nositi s tim&#8221;, obja\u0161njava Iwasaki.<\/p>\n\n\n\n<p>Neke zemlje sada ula\u017eu velika sredstva u istra\u017eivanje. U SAD-u su nacionalni zdravstveni zavodi primili vi\u0161e od milijardu ameri\u010dkih dolara (850 milijuna eura) za istra\u017eivanje dugoro\u010dnih u\u010dinaka bolesti COVID19. Velika Britanija je u nekoliko studija ulo\u017eila gotovo 20 milijuna funti (23,5 milijuna eura).<\/p>\n\n\n\n<p>U cijelom svijetu klinike za COVID pru\u017eaju specijaliziranu skrb pacijentima koji imaju dugotrajne simptome.<\/p>\n\n\n\n<p>No, mnogi pacijenti s dugotrajnim posljedicama jo\u0161 uvijek nemaju pristup (n)ovoj vrsti lije\u010denja. A sretnici koji to u\u010dine i dalje mogu nai\u0107i na nevjericu.<\/p>\n\n\n\n<h2 class=\"wp-block-heading\">SKEPTI\u010cNA RODBINA<\/h2>\n\n\n\n<p>Za Amy Pelicano, direktoricu razvoja u ameri\u010dkom Cincinnatiju, ve\u0107ina skepticizma dolazi iz redova njezine vlastite obitelji. Prije nego \u0161to se u prvim danima pandemije zarazila koronom, voljela se igrati s unucima.<\/p>\n\n\n\n<p>Vi\u0161e od godinu dana kasnije, jo\u0161 uvijek ima mu\u010dan ka\u0161alj koji je mo\u017ee sprije\u010diti i \u010dak da govori. Tako\u0111er ima tzv. \u201ebrain fog&#8221; i pove\u0107an broj otkucaja srca \u2013 \u0161to je jasan slu\u010daj dugog COVIDA, tvrde stru\u010dnjaci. Ti su joj stru\u010dnjaci uvelike pru\u017eili podr\u0161ku, ka\u017ee ona.<\/p>\n\n\n\n<p>No, mnogi su \u010dlanovi njezine obitelji implicirali da je samo lijena, pa je i sama sebi postavila to pitanje.<\/p>\n\n\n\n<p>&#8220;Osim \u0161to se fizi\u010dki osje\u0107am lo\u0161e, osje\u0107am se i emocionalno lo\u0161ije jer zapravo nemam \u010dvrstu podr\u0161ku obitelji, osim supruga&#8221;, ka\u017ee Pelicano koja je u me\u0111uvremenu potra\u017eila pomo\u0107 terapeuta.<\/p>\n\n\n\n<p>Yas iz Londona je morala uvjeravati druge prije nego \u0161to su je tako\u0111er shvatili ozbiljno. Ova studentica sada koristi \u0161take ili kolica za kretanje zbog ozbiljnog umora nakon COVIDA.<\/p>\n\n\n\n<p>U po\u010detku su ljudi mislili da Yas, koji se \u017eeli predstaviti samo imenom, pretjeruje, posebno zato \u0161to je njezin otac imao bla\u017ei oblik dugotrajnog COVIDA i u stanju je izdr\u017eati i ve\u0107i napor. No, obitelj i lije\u010dnik su joj po\u010deli pru\u017eati podr\u0161ku.<\/p>\n\n\n\n<p>&#8220;Bilo je jako frustriraju\u0107e jer sam se uvijek trudila najbolje \u0161to mogu, pa mi se nikada nije \u010dinilo dovoljno. Otkad su mi ljudi po\u010deli vjerovati, moje mentalno zdravlje se osjetno pobolj\u0161alo&#8221;, ka\u017ee Yas za&nbsp;<a href=\"https:\/\/www.dw.com\/hr\/long-covid-pacijenti-kojima-se-nije-vjerovalo\/a-58883517\">DW<\/a>.<\/p>\n\n\n\n<h2 class=\"wp-block-heading\">BORBA ZA VE\u0106U SVIJEST<\/h2>\n\n\n\n<p>Nakon \u0161to su se mjesecima opravdavali lije\u010dnicima i bliskim osobama, mnogi su pacijenti na\u0161li utjehu jedni u drugima.<\/p>\n\n\n\n<p>U grupama za podr\u0161ku na internetu, gdje razmjenjuju iskustva i resurse, pacijentima se ne samo vjeruje, ve\u0107 ih se i razumije.<\/p>\n\n\n\n<p>A u Rimu, Esperti se i sama po\u010dela boriti. Osnovala je Long COVID Italija, skupinu koja ujedinjuje pacijente, istra\u017eiva\u010de i lije\u010dnike koji se bore za ve\u0107u svijest o ovoj bolesti.<\/p>\n\n\n\n<p>Jer sve dok dugi COVID nije javnozdravstveni prioritet, ka\u017ee ona, previ\u0161e \u0107e ljudi morati ulo\u017eiti svoje vrijeme, novac i energiju u to da im se jednostavno vjeruje.<\/p>\n\n\n\n<p>&#8220;Potrebno je da vlade poja\u010daju i pru\u017ee skrb, rehabilitaciju i financijsku podr\u0161ku&#8221;, ka\u017ee Esperti i zaklju\u010duje: &#8220;Zato \u0161to sam i sama zbog toga izgubila 18 mjeseci \u017eivota.&#8221;<\/p>\n\n\n\n<p><strong>PI\u0160E&nbsp;<\/strong>PSD<\/p>\n","protected":false},"excerpt":{"rendered":"<p>U posljednjih 18 mjeseci odgovor koji je Marta Esperti naj\u010de\u0161\u0107e \u010dula od lije\u010dnika glasio je: &#8220;Morate biti strpljivi!\u201c No, ona je osje\u0107ala da \u010dekanje nije opcija jer je vi\u0161e od godinu dana nakon infekcije koronavirusom imala temperaturu, koja se stalno vra\u0107ala, umor, lupanje srca, gubitak pam\u0107enja i nedostatak kisika u krvi. Ova doktorandica, koja je [&hellip;]<\/p>\n","protected":false},"author":2,"featured_media":55377,"comment_status":"closed","ping_status":"closed","sticky":false,"template":"","format":"standard","meta":{"h5ap_radio_sources":[],"footnotes":""},"categories":[1],"tags":[],"class_list":["post-55376","post","type-post","status-publish","format-standard","has-post-thumbnail","hentry","category-bihiregija"],"yoast_head":"<!-- This site is optimized with the Yoast SEO plugin v27.5 - https:\/\/yoast.com\/product\/yoast-seo-wordpress\/ -->\n<title>Znate li \u0161to je Long COVID? Milijuni pacijenata mjesecima nakon zaraze imali su jake simptome: \u2018Osje\u0107am bijes\u2018 - RADIO LJUBU\u0160KI<\/title>\n<meta name=\"robots\" content=\"index, follow, max-snippet:-1, max-image-preview:large, max-video-preview:-1\" \/>\n<link rel=\"canonical\" href=\"https:\/\/radioljubuski.ba\/index.php\/2021\/08\/20\/znate-li-sto-je-long-covid-milijuni-pacijenata-mjesecima-nakon-zaraze-imali-su-jake-simptome-osjecam-bijes\/\" \/>\n<meta property=\"og:locale\" content=\"hr_HR\" \/>\n<meta property=\"og:type\" content=\"article\" \/>\n<meta property=\"og:title\" content=\"Znate li \u0161to je Long COVID? Milijuni pacijenata mjesecima nakon zaraze imali su jake simptome: \u2018Osje\u0107am bijes\u2018 - RADIO LJUBU\u0160KI\" \/>\n<meta property=\"og:description\" content=\"U posljednjih 18 mjeseci odgovor koji je Marta Esperti naj\u010de\u0161\u0107e \u010dula od lije\u010dnika glasio je: &#8220;Morate biti strpljivi!\u201c No, ona je osje\u0107ala da \u010dekanje nije opcija jer je vi\u0161e od godinu dana nakon infekcije koronavirusom imala temperaturu, koja se stalno vra\u0107ala, umor, lupanje srca, gubitak pam\u0107enja i nedostatak kisika u krvi. Ova doktorandica, koja je [&hellip;]\" \/>\n<meta property=\"og:url\" content=\"https:\/\/radioljubuski.ba\/index.php\/2021\/08\/20\/znate-li-sto-je-long-covid-milijuni-pacijenata-mjesecima-nakon-zaraze-imali-su-jake-simptome-osjecam-bijes\/\" \/>\n<meta property=\"og:site_name\" content=\"RADIO LJUBU\u0160KI\" \/>\n<meta property=\"article:publisher\" content=\"https:\/\/www.facebook.com\/Radiio-Ljubuski-1490835324566332\" \/>\n<meta property=\"article:published_time\" content=\"2021-08-19T23:18:10+00:00\" \/>\n<meta property=\"article:modified_time\" content=\"2021-08-19T23:18:11+00:00\" \/>\n<meta property=\"og:image\" content=\"https:\/\/radioljubuski.ba\/wp-content\/uploads\/2021\/08\/o_19034956_1024.jpg\" \/>\n\t<meta property=\"og:image:width\" content=\"1024\" \/>\n\t<meta property=\"og:image:height\" content=\"681\" \/>\n\t<meta property=\"og:image:type\" content=\"image\/jpeg\" \/>\n<meta name=\"author\" content=\"Radio Ljubu\u0161ki\" \/>\n<meta name=\"twitter:card\" content=\"summary_large_image\" \/>\n<meta name=\"twitter:creator\" content=\"@radioljubuski\" \/>\n<meta name=\"twitter:site\" content=\"@radioljubuski\" \/>\n<meta name=\"twitter:label1\" content=\"Napisao\/la\" \/>\n\t<meta name=\"twitter:data1\" content=\"Radio Ljubu\u0161ki\" \/>\n\t<meta name=\"twitter:label2\" content=\"Procijenjeno vrijeme \u010ditanja\" \/>\n\t<meta name=\"twitter:data2\" content=\"5 minuta\" \/>\n<script type=\"application\/ld+json\" class=\"yoast-schema-graph\">{\"@context\":\"https:\\\/\\\/schema.org\",\"@graph\":[{\"@type\":\"Article\",\"@id\":\"https:\\\/\\\/radioljubuski.ba\\\/index.php\\\/2021\\\/08\\\/20\\\/znate-li-sto-je-long-covid-milijuni-pacijenata-mjesecima-nakon-zaraze-imali-su-jake-simptome-osjecam-bijes\\\/#article\",\"isPartOf\":{\"@id\":\"https:\\\/\\\/radioljubuski.ba\\\/index.php\\\/2021\\\/08\\\/20\\\/znate-li-sto-je-long-covid-milijuni-pacijenata-mjesecima-nakon-zaraze-imali-su-jake-simptome-osjecam-bijes\\\/\"},\"author\":{\"name\":\"Radio Ljubu\u0161ki\",\"@id\":\"https:\\\/\\\/radioljubuski.ba\\\/#\\\/schema\\\/person\\\/19fc700381a780f69665d7956c469e3b\"},\"headline\":\"Znate li \u0161to je Long COVID? Milijuni pacijenata mjesecima nakon zaraze imali su jake simptome: \u2018Osje\u0107am bijes\u2018\",\"datePublished\":\"2021-08-19T23:18:10+00:00\",\"dateModified\":\"2021-08-19T23:18:11+00:00\",\"mainEntityOfPage\":{\"@id\":\"https:\\\/\\\/radioljubuski.ba\\\/index.php\\\/2021\\\/08\\\/20\\\/znate-li-sto-je-long-covid-milijuni-pacijenata-mjesecima-nakon-zaraze-imali-su-jake-simptome-osjecam-bijes\\\/\"},\"wordCount\":1122,\"publisher\":{\"@id\":\"https:\\\/\\\/radioljubuski.ba\\\/#organization\"},\"image\":{\"@id\":\"https:\\\/\\\/radioljubuski.ba\\\/index.php\\\/2021\\\/08\\\/20\\\/znate-li-sto-je-long-covid-milijuni-pacijenata-mjesecima-nakon-zaraze-imali-su-jake-simptome-osjecam-bijes\\\/#primaryimage\"},\"thumbnailUrl\":\"https:\\\/\\\/radioljubuski.ba\\\/wp-content\\\/uploads\\\/2021\\\/08\\\/o_19034956_1024.jpg\",\"articleSection\":[\"BIH i regija\"],\"inLanguage\":\"hr\"},{\"@type\":\"WebPage\",\"@id\":\"https:\\\/\\\/radioljubuski.ba\\\/index.php\\\/2021\\\/08\\\/20\\\/znate-li-sto-je-long-covid-milijuni-pacijenata-mjesecima-nakon-zaraze-imali-su-jake-simptome-osjecam-bijes\\\/\",\"url\":\"https:\\\/\\\/radioljubuski.ba\\\/index.php\\\/2021\\\/08\\\/20\\\/znate-li-sto-je-long-covid-milijuni-pacijenata-mjesecima-nakon-zaraze-imali-su-jake-simptome-osjecam-bijes\\\/\",\"name\":\"Znate li \u0161to je Long COVID? Milijuni pacijenata mjesecima nakon zaraze imali su jake simptome: \u2018Osje\u0107am bijes\u2018 - RADIO LJUBU\u0160KI\",\"isPartOf\":{\"@id\":\"https:\\\/\\\/radioljubuski.ba\\\/#website\"},\"primaryImageOfPage\":{\"@id\":\"https:\\\/\\\/radioljubuski.ba\\\/index.php\\\/2021\\\/08\\\/20\\\/znate-li-sto-je-long-covid-milijuni-pacijenata-mjesecima-nakon-zaraze-imali-su-jake-simptome-osjecam-bijes\\\/#primaryimage\"},\"image\":{\"@id\":\"https:\\\/\\\/radioljubuski.ba\\\/index.php\\\/2021\\\/08\\\/20\\\/znate-li-sto-je-long-covid-milijuni-pacijenata-mjesecima-nakon-zaraze-imali-su-jake-simptome-osjecam-bijes\\\/#primaryimage\"},\"thumbnailUrl\":\"https:\\\/\\\/radioljubuski.ba\\\/wp-content\\\/uploads\\\/2021\\\/08\\\/o_19034956_1024.jpg\",\"datePublished\":\"2021-08-19T23:18:10+00:00\",\"dateModified\":\"2021-08-19T23:18:11+00:00\",\"breadcrumb\":{\"@id\":\"https:\\\/\\\/radioljubuski.ba\\\/index.php\\\/2021\\\/08\\\/20\\\/znate-li-sto-je-long-covid-milijuni-pacijenata-mjesecima-nakon-zaraze-imali-su-jake-simptome-osjecam-bijes\\\/#breadcrumb\"},\"inLanguage\":\"hr\",\"potentialAction\":[{\"@type\":\"ReadAction\",\"target\":[\"https:\\\/\\\/radioljubuski.ba\\\/index.php\\\/2021\\\/08\\\/20\\\/znate-li-sto-je-long-covid-milijuni-pacijenata-mjesecima-nakon-zaraze-imali-su-jake-simptome-osjecam-bijes\\\/\"]}]},{\"@type\":\"ImageObject\",\"inLanguage\":\"hr\",\"@id\":\"https:\\\/\\\/radioljubuski.ba\\\/index.php\\\/2021\\\/08\\\/20\\\/znate-li-sto-je-long-covid-milijuni-pacijenata-mjesecima-nakon-zaraze-imali-su-jake-simptome-osjecam-bijes\\\/#primaryimage\",\"url\":\"https:\\\/\\\/radioljubuski.ba\\\/wp-content\\\/uploads\\\/2021\\\/08\\\/o_19034956_1024.jpg\",\"contentUrl\":\"https:\\\/\\\/radioljubuski.ba\\\/wp-content\\\/uploads\\\/2021\\\/08\\\/o_19034956_1024.jpg\",\"width\":1024,\"height\":681},{\"@type\":\"BreadcrumbList\",\"@id\":\"https:\\\/\\\/radioljubuski.ba\\\/index.php\\\/2021\\\/08\\\/20\\\/znate-li-sto-je-long-covid-milijuni-pacijenata-mjesecima-nakon-zaraze-imali-su-jake-simptome-osjecam-bijes\\\/#breadcrumb\",\"itemListElement\":[{\"@type\":\"ListItem\",\"position\":1,\"name\":\"Po\u010detna stranica\",\"item\":\"https:\\\/\\\/radioljubuski.ba\\\/\"},{\"@type\":\"ListItem\",\"position\":2,\"name\":\"Znate li \u0161to je Long COVID? Milijuni pacijenata mjesecima nakon zaraze imali su jake simptome: \u2018Osje\u0107am bijes\u2018\"}]},{\"@type\":\"WebSite\",\"@id\":\"https:\\\/\\\/radioljubuski.ba\\\/#website\",\"url\":\"https:\\\/\\\/radioljubuski.ba\\\/\",\"name\":\"Radio Ljubu\u0161ki\",\"description\":\"Sun\u010dana frekvencija Hercegovine\",\"publisher\":{\"@id\":\"https:\\\/\\\/radioljubuski.ba\\\/#organization\"},\"potentialAction\":[{\"@type\":\"SearchAction\",\"target\":{\"@type\":\"EntryPoint\",\"urlTemplate\":\"https:\\\/\\\/radioljubuski.ba\\\/?s={search_term_string}\"},\"query-input\":{\"@type\":\"PropertyValueSpecification\",\"valueRequired\":true,\"valueName\":\"search_term_string\"}}],\"inLanguage\":\"hr\"},{\"@type\":\"Organization\",\"@id\":\"https:\\\/\\\/radioljubuski.ba\\\/#organization\",\"name\":\"Radio Ljubu\u0161ki\",\"url\":\"https:\\\/\\\/radioljubuski.ba\\\/\",\"logo\":{\"@type\":\"ImageObject\",\"inLanguage\":\"hr\",\"@id\":\"https:\\\/\\\/radioljubuski.ba\\\/#\\\/schema\\\/logo\\\/image\\\/\",\"url\":\"https:\\\/\\\/radioljubuski.ba\\\/wp-content\\\/uploads\\\/2021\\\/02\\\/cropped-Radio_Ljubuski_logo1.jpg\",\"contentUrl\":\"https:\\\/\\\/radioljubuski.ba\\\/wp-content\\\/uploads\\\/2021\\\/02\\\/cropped-Radio_Ljubuski_logo1.jpg\",\"width\":512,\"height\":512,\"caption\":\"Radio Ljubu\u0161ki\"},\"image\":{\"@id\":\"https:\\\/\\\/radioljubuski.ba\\\/#\\\/schema\\\/logo\\\/image\\\/\"},\"sameAs\":[\"https:\\\/\\\/www.facebook.com\\\/Radiio-Ljubuski-1490835324566332\",\"https:\\\/\\\/x.com\\\/radioljubuski\",\"https:\\\/\\\/hr.linkedin.com\\\/company\\\/radio-ljubuski\",\"https:\\\/\\\/www.youtube.com\\\/channel\\\/UCHYaeO_n0Db3tjNGudGpXyw\"]},{\"@type\":\"Person\",\"@id\":\"https:\\\/\\\/radioljubuski.ba\\\/#\\\/schema\\\/person\\\/19fc700381a780f69665d7956c469e3b\",\"name\":\"Radio Ljubu\u0161ki\"}]}<\/script>\n<!-- \/ Yoast SEO plugin. -->","yoast_head_json":{"title":"Znate li \u0161to je Long COVID? Milijuni pacijenata mjesecima nakon zaraze imali su jake simptome: \u2018Osje\u0107am bijes\u2018 - RADIO LJUBU\u0160KI","robots":{"index":"index","follow":"follow","max-snippet":"max-snippet:-1","max-image-preview":"max-image-preview:large","max-video-preview":"max-video-preview:-1"},"canonical":"https:\/\/radioljubuski.ba\/index.php\/2021\/08\/20\/znate-li-sto-je-long-covid-milijuni-pacijenata-mjesecima-nakon-zaraze-imali-su-jake-simptome-osjecam-bijes\/","og_locale":"hr_HR","og_type":"article","og_title":"Znate li \u0161to je Long COVID? Milijuni pacijenata mjesecima nakon zaraze imali su jake simptome: \u2018Osje\u0107am bijes\u2018 - RADIO LJUBU\u0160KI","og_description":"U posljednjih 18 mjeseci odgovor koji je Marta Esperti naj\u010de\u0161\u0107e \u010dula od lije\u010dnika glasio je: &#8220;Morate biti strpljivi!\u201c No, ona je osje\u0107ala da \u010dekanje nije opcija jer je vi\u0161e od godinu dana nakon infekcije koronavirusom imala temperaturu, koja se stalno vra\u0107ala, umor, lupanje srca, gubitak pam\u0107enja i nedostatak kisika u krvi. Ova doktorandica, koja je [&hellip;]","og_url":"https:\/\/radioljubuski.ba\/index.php\/2021\/08\/20\/znate-li-sto-je-long-covid-milijuni-pacijenata-mjesecima-nakon-zaraze-imali-su-jake-simptome-osjecam-bijes\/","og_site_name":"RADIO LJUBU\u0160KI","article_publisher":"https:\/\/www.facebook.com\/Radiio-Ljubuski-1490835324566332","article_published_time":"2021-08-19T23:18:10+00:00","article_modified_time":"2021-08-19T23:18:11+00:00","og_image":[{"width":1024,"height":681,"url":"https:\/\/radioljubuski.ba\/wp-content\/uploads\/2021\/08\/o_19034956_1024.jpg","type":"image\/jpeg"}],"author":"Radio Ljubu\u0161ki","twitter_card":"summary_large_image","twitter_creator":"@radioljubuski","twitter_site":"@radioljubuski","twitter_misc":{"Napisao\/la":"Radio Ljubu\u0161ki","Procijenjeno vrijeme \u010ditanja":"5 minuta"},"schema":{"@context":"https:\/\/schema.org","@graph":[{"@type":"Article","@id":"https:\/\/radioljubuski.ba\/index.php\/2021\/08\/20\/znate-li-sto-je-long-covid-milijuni-pacijenata-mjesecima-nakon-zaraze-imali-su-jake-simptome-osjecam-bijes\/#article","isPartOf":{"@id":"https:\/\/radioljubuski.ba\/index.php\/2021\/08\/20\/znate-li-sto-je-long-covid-milijuni-pacijenata-mjesecima-nakon-zaraze-imali-su-jake-simptome-osjecam-bijes\/"},"author":{"name":"Radio Ljubu\u0161ki","@id":"https:\/\/radioljubuski.ba\/#\/schema\/person\/19fc700381a780f69665d7956c469e3b"},"headline":"Znate li \u0161to je Long COVID? Milijuni pacijenata mjesecima nakon zaraze imali su jake simptome: \u2018Osje\u0107am bijes\u2018","datePublished":"2021-08-19T23:18:10+00:00","dateModified":"2021-08-19T23:18:11+00:00","mainEntityOfPage":{"@id":"https:\/\/radioljubuski.ba\/index.php\/2021\/08\/20\/znate-li-sto-je-long-covid-milijuni-pacijenata-mjesecima-nakon-zaraze-imali-su-jake-simptome-osjecam-bijes\/"},"wordCount":1122,"publisher":{"@id":"https:\/\/radioljubuski.ba\/#organization"},"image":{"@id":"https:\/\/radioljubuski.ba\/index.php\/2021\/08\/20\/znate-li-sto-je-long-covid-milijuni-pacijenata-mjesecima-nakon-zaraze-imali-su-jake-simptome-osjecam-bijes\/#primaryimage"},"thumbnailUrl":"https:\/\/radioljubuski.ba\/wp-content\/uploads\/2021\/08\/o_19034956_1024.jpg","articleSection":["BIH i regija"],"inLanguage":"hr"},{"@type":"WebPage","@id":"https:\/\/radioljubuski.ba\/index.php\/2021\/08\/20\/znate-li-sto-je-long-covid-milijuni-pacijenata-mjesecima-nakon-zaraze-imali-su-jake-simptome-osjecam-bijes\/","url":"https:\/\/radioljubuski.ba\/index.php\/2021\/08\/20\/znate-li-sto-je-long-covid-milijuni-pacijenata-mjesecima-nakon-zaraze-imali-su-jake-simptome-osjecam-bijes\/","name":"Znate li \u0161to je Long COVID? Milijuni pacijenata mjesecima nakon zaraze imali su jake simptome: \u2018Osje\u0107am bijes\u2018 - RADIO LJUBU\u0160KI","isPartOf":{"@id":"https:\/\/radioljubuski.ba\/#website"},"primaryImageOfPage":{"@id":"https:\/\/radioljubuski.ba\/index.php\/2021\/08\/20\/znate-li-sto-je-long-covid-milijuni-pacijenata-mjesecima-nakon-zaraze-imali-su-jake-simptome-osjecam-bijes\/#primaryimage"},"image":{"@id":"https:\/\/radioljubuski.ba\/index.php\/2021\/08\/20\/znate-li-sto-je-long-covid-milijuni-pacijenata-mjesecima-nakon-zaraze-imali-su-jake-simptome-osjecam-bijes\/#primaryimage"},"thumbnailUrl":"https:\/\/radioljubuski.ba\/wp-content\/uploads\/2021\/08\/o_19034956_1024.jpg","datePublished":"2021-08-19T23:18:10+00:00","dateModified":"2021-08-19T23:18:11+00:00","breadcrumb":{"@id":"https:\/\/radioljubuski.ba\/index.php\/2021\/08\/20\/znate-li-sto-je-long-covid-milijuni-pacijenata-mjesecima-nakon-zaraze-imali-su-jake-simptome-osjecam-bijes\/#breadcrumb"},"inLanguage":"hr","potentialAction":[{"@type":"ReadAction","target":["https:\/\/radioljubuski.ba\/index.php\/2021\/08\/20\/znate-li-sto-je-long-covid-milijuni-pacijenata-mjesecima-nakon-zaraze-imali-su-jake-simptome-osjecam-bijes\/"]}]},{"@type":"ImageObject","inLanguage":"hr","@id":"https:\/\/radioljubuski.ba\/index.php\/2021\/08\/20\/znate-li-sto-je-long-covid-milijuni-pacijenata-mjesecima-nakon-zaraze-imali-su-jake-simptome-osjecam-bijes\/#primaryimage","url":"https:\/\/radioljubuski.ba\/wp-content\/uploads\/2021\/08\/o_19034956_1024.jpg","contentUrl":"https:\/\/radioljubuski.ba\/wp-content\/uploads\/2021\/08\/o_19034956_1024.jpg","width":1024,"height":681},{"@type":"BreadcrumbList","@id":"https:\/\/radioljubuski.ba\/index.php\/2021\/08\/20\/znate-li-sto-je-long-covid-milijuni-pacijenata-mjesecima-nakon-zaraze-imali-su-jake-simptome-osjecam-bijes\/#breadcrumb","itemListElement":[{"@type":"ListItem","position":1,"name":"Po\u010detna stranica","item":"https:\/\/radioljubuski.ba\/"},{"@type":"ListItem","position":2,"name":"Znate li \u0161to je Long COVID? Milijuni pacijenata mjesecima nakon zaraze imali su jake simptome: \u2018Osje\u0107am bijes\u2018"}]},{"@type":"WebSite","@id":"https:\/\/radioljubuski.ba\/#website","url":"https:\/\/radioljubuski.ba\/","name":"Radio Ljubu\u0161ki","description":"Sun\u010dana frekvencija Hercegovine","publisher":{"@id":"https:\/\/radioljubuski.ba\/#organization"},"potentialAction":[{"@type":"SearchAction","target":{"@type":"EntryPoint","urlTemplate":"https:\/\/radioljubuski.ba\/?s={search_term_string}"},"query-input":{"@type":"PropertyValueSpecification","valueRequired":true,"valueName":"search_term_string"}}],"inLanguage":"hr"},{"@type":"Organization","@id":"https:\/\/radioljubuski.ba\/#organization","name":"Radio Ljubu\u0161ki","url":"https:\/\/radioljubuski.ba\/","logo":{"@type":"ImageObject","inLanguage":"hr","@id":"https:\/\/radioljubuski.ba\/#\/schema\/logo\/image\/","url":"https:\/\/radioljubuski.ba\/wp-content\/uploads\/2021\/02\/cropped-Radio_Ljubuski_logo1.jpg","contentUrl":"https:\/\/radioljubuski.ba\/wp-content\/uploads\/2021\/02\/cropped-Radio_Ljubuski_logo1.jpg","width":512,"height":512,"caption":"Radio Ljubu\u0161ki"},"image":{"@id":"https:\/\/radioljubuski.ba\/#\/schema\/logo\/image\/"},"sameAs":["https:\/\/www.facebook.com\/Radiio-Ljubuski-1490835324566332","https:\/\/x.com\/radioljubuski","https:\/\/hr.linkedin.com\/company\/radio-ljubuski","https:\/\/www.youtube.com\/channel\/UCHYaeO_n0Db3tjNGudGpXyw"]},{"@type":"Person","@id":"https:\/\/radioljubuski.ba\/#\/schema\/person\/19fc700381a780f69665d7956c469e3b","name":"Radio Ljubu\u0161ki"}]}},"_links":{"self":[{"href":"https:\/\/radioljubuski.ba\/index.php\/wp-json\/wp\/v2\/posts\/55376","targetHints":{"allow":["GET"]}}],"collection":[{"href":"https:\/\/radioljubuski.ba\/index.php\/wp-json\/wp\/v2\/posts"}],"about":[{"href":"https:\/\/radioljubuski.ba\/index.php\/wp-json\/wp\/v2\/types\/post"}],"author":[{"embeddable":true,"href":"https:\/\/radioljubuski.ba\/index.php\/wp-json\/wp\/v2\/users\/2"}],"replies":[{"embeddable":true,"href":"https:\/\/radioljubuski.ba\/index.php\/wp-json\/wp\/v2\/comments?post=55376"}],"version-history":[{"count":1,"href":"https:\/\/radioljubuski.ba\/index.php\/wp-json\/wp\/v2\/posts\/55376\/revisions"}],"predecessor-version":[{"id":55378,"href":"https:\/\/radioljubuski.ba\/index.php\/wp-json\/wp\/v2\/posts\/55376\/revisions\/55378"}],"wp:featuredmedia":[{"embeddable":true,"href":"https:\/\/radioljubuski.ba\/index.php\/wp-json\/wp\/v2\/media\/55377"}],"wp:attachment":[{"href":"https:\/\/radioljubuski.ba\/index.php\/wp-json\/wp\/v2\/media?parent=55376"}],"wp:term":[{"taxonomy":"category","embeddable":true,"href":"https:\/\/radioljubuski.ba\/index.php\/wp-json\/wp\/v2\/categories?post=55376"},{"taxonomy":"post_tag","embeddable":true,"href":"https:\/\/radioljubuski.ba\/index.php\/wp-json\/wp\/v2\/tags?post=55376"}],"curies":[{"name":"wp","href":"https:\/\/api.w.org\/{rel}","templated":true}]}}