{"id":55393,"date":"2021-08-20T08:08:42","date_gmt":"2021-08-20T07:08:42","guid":{"rendered":"https:\/\/radioljubuski.ba\/?p=55393"},"modified":"2021-08-20T08:08:44","modified_gmt":"2021-08-20T07:08:44","slug":"stigao-nam-je-cetvrti-val-hoce-li-bolnice-to-izdrzati-video","status":"publish","type":"post","link":"https:\/\/radioljubuski.ba\/index.php\/2021\/08\/20\/stigao-nam-je-cetvrti-val-hoce-li-bolnice-to-izdrzati-video\/","title":{"rendered":"Stigao nam je \u010detvrti val, ho\u0107e li bolnice to izdr\u017eati? &#8211; video"},"content":{"rendered":"\n<p>U Bosnu i Hercegovinu je stigao \u010detvrti val epidemije koronavirusa, \u0161to potvr\u0111uje svakodnevno pove\u0107anje broja oboljelih, ocjenjuju zdravstveni stru\u010dnjaci.<\/p>\n\n\n\n<p>U bolnicama je sve vi\u0161e pacijenata s te\u017eom klini\u010dkom slikom.<\/p>\n\n\n\n<p>U banjalu\u010dkoj Klinici za infektivne bolesti pove\u0107ava se broj hospitaliziranih pacijenata s te\u0161kom klini\u010dkom slikom.<\/p>\n\n\n\n<p>Danas je taj broj pove\u0107an na 70. Najvi\u0161e je osoba srednje i mla\u0111e \u017eivotne dobi. Hospitalizirano je i nekoliko pacijenata koji su cijepljeni.<\/p>\n\n\n\n<iframe loading=\"lazy\" title=\"Stigao \u010detvrti talas epidemije koronavirusa u BiH\" width=\"640\" height=\"360\" src=\"https:\/\/www.youtube.com\/embed\/Jna4vM2QBv0?feature=oembed\" frameborder=\"0\" allow=\"accelerometer; autoplay; clipboard-write; encrypted-media; gyroscope; picture-in-picture; web-share\" referrerpolicy=\"strict-origin-when-cross-origin\" allowfullscreen><\/iframe>\n\n\n\n<p>\u201cU ovom trenutku ve\u0107ina pacijenata je onih koji nisu cijepljeni, ali moram priznati da imamo i pacijenata koji su primili obje doze cjepiva, nalaze se ovdje, ali nemaju najte\u017eu klini\u010dku sliku i nije im potrebna podr\u0161ka kisikom u ovom trenutku\u201d, ka\u017ee &nbsp;Antonija Verhaz, na\u010delnica Klinike za infektivne bolesti UKC-a RS.<\/p>\n\n\n\n<p>Da prevencija, poput cijepljenja djeluje, tvrde i u mostarskoj bolnici, gdje se kapaciteti u covid centru tako\u0111er pune, a novi soj ne razlikuje se mnogo po simptomima od prethodnog. Primjetno je da se br\u017ee razvija te\u017ea klini\u010dka slika.<\/p>\n\n\n\n<p>\u201cNa po\u010detku pandemije pacijenti su kod nas zavr\u0161avali izme\u0111u desetog i 14. dana, drugi vrhunac kad je bio izme\u0111u sedmog i osmog dana, sada je to ve\u0107 izme\u0111u \u010detvrtog i petog dana, tako da pacijent s dvije litre kisika u jednom danu do\u0111e do 16 litara, tako da su klini\u010dka uru\u0161avanja vrlo \u010desta kod novog soja\u201d, ka\u017ee nam Manja Spahali\u0107 iz SKB Mostar.<\/p>\n\n\n\n<p>Kako bi se ubla\u017eio novi val, Krizni sto\u017eer Sarajevske \u017eupanije predlo\u017eio je Vladi te \u017eupanije uvo\u0111enje represivnijih mjera o kojima \u0107e Vlada raspravljati idu\u0107eg tjedna.<\/p>\n\n\n\n<p>\u201cKrizni sto\u017eer je nama predlo\u017eio da nitko u S\u017d ne mo\u017ee do\u0107i u ustanove, u\u0107i u ministarstva, institute, raditi a da nije cijepljen, ili da nema PCR test star tri dana ili potvrdu da je prebolio koronu u proteklih \u0161est mjeseci\u201d, rekao je premijer S\u017d Edin Forto.<\/p>\n\n\n\n<p>Uputio je i poruku mladima.<\/p>\n\n\n\n<p>\u201cNama je cilj do kraja jeseni cijepiti 50 posto stanovni\u0161tva, imamo dovoljno cjepiva, imamo kapacitete, zainteresiranost je velika, ali moram napomenuti da se skrene pa\u017enja na mla\u0111e, mladi izme\u0111u 18 i 25 godina najte\u017ee pristupaju procesu cijepljenja\u201d, dodao je Forto.<\/p>\n\n\n\n<p>Izvor:BHRT<\/p>\n","protected":false},"excerpt":{"rendered":"<p>U Bosnu i Hercegovinu je stigao \u010detvrti val epidemije koronavirusa, \u0161to potvr\u0111uje svakodnevno pove\u0107anje broja oboljelih, ocjenjuju zdravstveni stru\u010dnjaci. U bolnicama je sve vi\u0161e pacijenata s te\u017eom klini\u010dkom slikom. U banjalu\u010dkoj Klinici za infektivne bolesti pove\u0107ava se broj hospitaliziranih pacijenata s te\u0161kom klini\u010dkom slikom. Danas je taj broj pove\u0107an na 70. Najvi\u0161e je osoba srednje [&hellip;]<\/p>\n","protected":false},"author":2,"featured_media":55394,"comment_status":"closed","ping_status":"closed","sticky":false,"template":"","format":"standard","meta":{"h5ap_radio_sources":[],"footnotes":""},"categories":[1],"tags":[],"class_list":["post-55393","post","type-post","status-publish","format-standard","has-post-thumbnail","hentry","category-bihiregija"],"yoast_head":"<!-- This site is optimized with the Yoast SEO plugin v27.5 - https:\/\/yoast.com\/product\/yoast-seo-wordpress\/ -->\n<title>Stigao nam je \u010detvrti val, ho\u0107e li bolnice to izdr\u017eati? - video - RADIO LJUBU\u0160KI<\/title>\n<meta name=\"robots\" content=\"index, follow, max-snippet:-1, max-image-preview:large, max-video-preview:-1\" \/>\n<link rel=\"canonical\" href=\"https:\/\/radioljubuski.ba\/index.php\/2021\/08\/20\/stigao-nam-je-cetvrti-val-hoce-li-bolnice-to-izdrzati-video\/\" \/>\n<meta property=\"og:locale\" content=\"hr_HR\" \/>\n<meta property=\"og:type\" content=\"article\" \/>\n<meta property=\"og:title\" content=\"Stigao nam je \u010detvrti val, ho\u0107e li bolnice to izdr\u017eati? - video - RADIO LJUBU\u0160KI\" \/>\n<meta property=\"og:description\" content=\"U Bosnu i Hercegovinu je stigao \u010detvrti val epidemije koronavirusa, \u0161to potvr\u0111uje svakodnevno pove\u0107anje broja oboljelih, ocjenjuju zdravstveni stru\u010dnjaci. U bolnicama je sve vi\u0161e pacijenata s te\u017eom klini\u010dkom slikom. U banjalu\u010dkoj Klinici za infektivne bolesti pove\u0107ava se broj hospitaliziranih pacijenata s te\u0161kom klini\u010dkom slikom. Danas je taj broj pove\u0107an na 70. Najvi\u0161e je osoba srednje [&hellip;]\" \/>\n<meta property=\"og:url\" content=\"https:\/\/radioljubuski.ba\/index.php\/2021\/08\/20\/stigao-nam-je-cetvrti-val-hoce-li-bolnice-to-izdrzati-video\/\" \/>\n<meta property=\"og:site_name\" content=\"RADIO LJUBU\u0160KI\" \/>\n<meta property=\"article:publisher\" content=\"https:\/\/www.facebook.com\/Radiio-Ljubuski-1490835324566332\" \/>\n<meta property=\"article:published_time\" content=\"2021-08-20T07:08:42+00:00\" \/>\n<meta property=\"article:modified_time\" content=\"2021-08-20T07:08:44+00:00\" \/>\n<meta property=\"og:image\" content=\"https:\/\/radioljubuski.ba\/wp-content\/uploads\/2021\/08\/2-2021-08-20-07-56-21-manja.png\" \/>\n\t<meta property=\"og:image:width\" content=\"1000\" \/>\n\t<meta property=\"og:image:height\" content=\"625\" \/>\n\t<meta property=\"og:image:type\" content=\"image\/png\" \/>\n<meta name=\"author\" content=\"Radio Ljubu\u0161ki\" \/>\n<meta name=\"twitter:card\" content=\"summary_large_image\" \/>\n<meta name=\"twitter:creator\" content=\"@radioljubuski\" \/>\n<meta name=\"twitter:site\" content=\"@radioljubuski\" \/>\n<meta name=\"twitter:label1\" content=\"Napisao\/la\" \/>\n\t<meta name=\"twitter:data1\" content=\"Radio Ljubu\u0161ki\" \/>\n\t<meta name=\"twitter:label2\" content=\"Procijenjeno vrijeme \u010ditanja\" \/>\n\t<meta name=\"twitter:data2\" content=\"2 minute\" \/>\n<script type=\"application\/ld+json\" class=\"yoast-schema-graph\">{\"@context\":\"https:\\\/\\\/schema.org\",\"@graph\":[{\"@type\":\"Article\",\"@id\":\"https:\\\/\\\/radioljubuski.ba\\\/index.php\\\/2021\\\/08\\\/20\\\/stigao-nam-je-cetvrti-val-hoce-li-bolnice-to-izdrzati-video\\\/#article\",\"isPartOf\":{\"@id\":\"https:\\\/\\\/radioljubuski.ba\\\/index.php\\\/2021\\\/08\\\/20\\\/stigao-nam-je-cetvrti-val-hoce-li-bolnice-to-izdrzati-video\\\/\"},\"author\":{\"name\":\"Radio Ljubu\u0161ki\",\"@id\":\"https:\\\/\\\/radioljubuski.ba\\\/#\\\/schema\\\/person\\\/19fc700381a780f69665d7956c469e3b\"},\"headline\":\"Stigao nam je \u010detvrti val, ho\u0107e li bolnice to izdr\u017eati? &#8211; video\",\"datePublished\":\"2021-08-20T07:08:42+00:00\",\"dateModified\":\"2021-08-20T07:08:44+00:00\",\"mainEntityOfPage\":{\"@id\":\"https:\\\/\\\/radioljubuski.ba\\\/index.php\\\/2021\\\/08\\\/20\\\/stigao-nam-je-cetvrti-val-hoce-li-bolnice-to-izdrzati-video\\\/\"},\"wordCount\":402,\"publisher\":{\"@id\":\"https:\\\/\\\/radioljubuski.ba\\\/#organization\"},\"image\":{\"@id\":\"https:\\\/\\\/radioljubuski.ba\\\/index.php\\\/2021\\\/08\\\/20\\\/stigao-nam-je-cetvrti-val-hoce-li-bolnice-to-izdrzati-video\\\/#primaryimage\"},\"thumbnailUrl\":\"https:\\\/\\\/radioljubuski.ba\\\/wp-content\\\/uploads\\\/2021\\\/08\\\/2-2021-08-20-07-56-21-manja.png\",\"articleSection\":[\"BIH i regija\"],\"inLanguage\":\"hr\"},{\"@type\":\"WebPage\",\"@id\":\"https:\\\/\\\/radioljubuski.ba\\\/index.php\\\/2021\\\/08\\\/20\\\/stigao-nam-je-cetvrti-val-hoce-li-bolnice-to-izdrzati-video\\\/\",\"url\":\"https:\\\/\\\/radioljubuski.ba\\\/index.php\\\/2021\\\/08\\\/20\\\/stigao-nam-je-cetvrti-val-hoce-li-bolnice-to-izdrzati-video\\\/\",\"name\":\"Stigao nam je \u010detvrti val, ho\u0107e li bolnice to izdr\u017eati? - video - RADIO LJUBU\u0160KI\",\"isPartOf\":{\"@id\":\"https:\\\/\\\/radioljubuski.ba\\\/#website\"},\"primaryImageOfPage\":{\"@id\":\"https:\\\/\\\/radioljubuski.ba\\\/index.php\\\/2021\\\/08\\\/20\\\/stigao-nam-je-cetvrti-val-hoce-li-bolnice-to-izdrzati-video\\\/#primaryimage\"},\"image\":{\"@id\":\"https:\\\/\\\/radioljubuski.ba\\\/index.php\\\/2021\\\/08\\\/20\\\/stigao-nam-je-cetvrti-val-hoce-li-bolnice-to-izdrzati-video\\\/#primaryimage\"},\"thumbnailUrl\":\"https:\\\/\\\/radioljubuski.ba\\\/wp-content\\\/uploads\\\/2021\\\/08\\\/2-2021-08-20-07-56-21-manja.png\",\"datePublished\":\"2021-08-20T07:08:42+00:00\",\"dateModified\":\"2021-08-20T07:08:44+00:00\",\"breadcrumb\":{\"@id\":\"https:\\\/\\\/radioljubuski.ba\\\/index.php\\\/2021\\\/08\\\/20\\\/stigao-nam-je-cetvrti-val-hoce-li-bolnice-to-izdrzati-video\\\/#breadcrumb\"},\"inLanguage\":\"hr\",\"potentialAction\":[{\"@type\":\"ReadAction\",\"target\":[\"https:\\\/\\\/radioljubuski.ba\\\/index.php\\\/2021\\\/08\\\/20\\\/stigao-nam-je-cetvrti-val-hoce-li-bolnice-to-izdrzati-video\\\/\"]}]},{\"@type\":\"ImageObject\",\"inLanguage\":\"hr\",\"@id\":\"https:\\\/\\\/radioljubuski.ba\\\/index.php\\\/2021\\\/08\\\/20\\\/stigao-nam-je-cetvrti-val-hoce-li-bolnice-to-izdrzati-video\\\/#primaryimage\",\"url\":\"https:\\\/\\\/radioljubuski.ba\\\/wp-content\\\/uploads\\\/2021\\\/08\\\/2-2021-08-20-07-56-21-manja.png\",\"contentUrl\":\"https:\\\/\\\/radioljubuski.ba\\\/wp-content\\\/uploads\\\/2021\\\/08\\\/2-2021-08-20-07-56-21-manja.png\",\"width\":1000,\"height\":625},{\"@type\":\"BreadcrumbList\",\"@id\":\"https:\\\/\\\/radioljubuski.ba\\\/index.php\\\/2021\\\/08\\\/20\\\/stigao-nam-je-cetvrti-val-hoce-li-bolnice-to-izdrzati-video\\\/#breadcrumb\",\"itemListElement\":[{\"@type\":\"ListItem\",\"position\":1,\"name\":\"Po\u010detna stranica\",\"item\":\"https:\\\/\\\/radioljubuski.ba\\\/\"},{\"@type\":\"ListItem\",\"position\":2,\"name\":\"Stigao nam je \u010detvrti val, ho\u0107e li bolnice to izdr\u017eati? &#8211; video\"}]},{\"@type\":\"WebSite\",\"@id\":\"https:\\\/\\\/radioljubuski.ba\\\/#website\",\"url\":\"https:\\\/\\\/radioljubuski.ba\\\/\",\"name\":\"Radio Ljubu\u0161ki\",\"description\":\"Sun\u010dana frekvencija Hercegovine\",\"publisher\":{\"@id\":\"https:\\\/\\\/radioljubuski.ba\\\/#organization\"},\"potentialAction\":[{\"@type\":\"SearchAction\",\"target\":{\"@type\":\"EntryPoint\",\"urlTemplate\":\"https:\\\/\\\/radioljubuski.ba\\\/?s={search_term_string}\"},\"query-input\":{\"@type\":\"PropertyValueSpecification\",\"valueRequired\":true,\"valueName\":\"search_term_string\"}}],\"inLanguage\":\"hr\"},{\"@type\":\"Organization\",\"@id\":\"https:\\\/\\\/radioljubuski.ba\\\/#organization\",\"name\":\"Radio Ljubu\u0161ki\",\"url\":\"https:\\\/\\\/radioljubuski.ba\\\/\",\"logo\":{\"@type\":\"ImageObject\",\"inLanguage\":\"hr\",\"@id\":\"https:\\\/\\\/radioljubuski.ba\\\/#\\\/schema\\\/logo\\\/image\\\/\",\"url\":\"https:\\\/\\\/radioljubuski.ba\\\/wp-content\\\/uploads\\\/2021\\\/02\\\/cropped-Radio_Ljubuski_logo1.jpg\",\"contentUrl\":\"https:\\\/\\\/radioljubuski.ba\\\/wp-content\\\/uploads\\\/2021\\\/02\\\/cropped-Radio_Ljubuski_logo1.jpg\",\"width\":512,\"height\":512,\"caption\":\"Radio Ljubu\u0161ki\"},\"image\":{\"@id\":\"https:\\\/\\\/radioljubuski.ba\\\/#\\\/schema\\\/logo\\\/image\\\/\"},\"sameAs\":[\"https:\\\/\\\/www.facebook.com\\\/Radiio-Ljubuski-1490835324566332\",\"https:\\\/\\\/x.com\\\/radioljubuski\",\"https:\\\/\\\/hr.linkedin.com\\\/company\\\/radio-ljubuski\",\"https:\\\/\\\/www.youtube.com\\\/channel\\\/UCHYaeO_n0Db3tjNGudGpXyw\"]},{\"@type\":\"Person\",\"@id\":\"https:\\\/\\\/radioljubuski.ba\\\/#\\\/schema\\\/person\\\/19fc700381a780f69665d7956c469e3b\",\"name\":\"Radio Ljubu\u0161ki\"}]}<\/script>\n<!-- \/ Yoast SEO plugin. -->","yoast_head_json":{"title":"Stigao nam je \u010detvrti val, ho\u0107e li bolnice to izdr\u017eati? - video - RADIO LJUBU\u0160KI","robots":{"index":"index","follow":"follow","max-snippet":"max-snippet:-1","max-image-preview":"max-image-preview:large","max-video-preview":"max-video-preview:-1"},"canonical":"https:\/\/radioljubuski.ba\/index.php\/2021\/08\/20\/stigao-nam-je-cetvrti-val-hoce-li-bolnice-to-izdrzati-video\/","og_locale":"hr_HR","og_type":"article","og_title":"Stigao nam je \u010detvrti val, ho\u0107e li bolnice to izdr\u017eati? - video - RADIO LJUBU\u0160KI","og_description":"U Bosnu i Hercegovinu je stigao \u010detvrti val epidemije koronavirusa, \u0161to potvr\u0111uje svakodnevno pove\u0107anje broja oboljelih, ocjenjuju zdravstveni stru\u010dnjaci. U bolnicama je sve vi\u0161e pacijenata s te\u017eom klini\u010dkom slikom. U banjalu\u010dkoj Klinici za infektivne bolesti pove\u0107ava se broj hospitaliziranih pacijenata s te\u0161kom klini\u010dkom slikom. Danas je taj broj pove\u0107an na 70. Najvi\u0161e je osoba srednje [&hellip;]","og_url":"https:\/\/radioljubuski.ba\/index.php\/2021\/08\/20\/stigao-nam-je-cetvrti-val-hoce-li-bolnice-to-izdrzati-video\/","og_site_name":"RADIO LJUBU\u0160KI","article_publisher":"https:\/\/www.facebook.com\/Radiio-Ljubuski-1490835324566332","article_published_time":"2021-08-20T07:08:42+00:00","article_modified_time":"2021-08-20T07:08:44+00:00","og_image":[{"width":1000,"height":625,"url":"https:\/\/radioljubuski.ba\/wp-content\/uploads\/2021\/08\/2-2021-08-20-07-56-21-manja.png","type":"image\/png"}],"author":"Radio Ljubu\u0161ki","twitter_card":"summary_large_image","twitter_creator":"@radioljubuski","twitter_site":"@radioljubuski","twitter_misc":{"Napisao\/la":"Radio Ljubu\u0161ki","Procijenjeno vrijeme \u010ditanja":"2 minute"},"schema":{"@context":"https:\/\/schema.org","@graph":[{"@type":"Article","@id":"https:\/\/radioljubuski.ba\/index.php\/2021\/08\/20\/stigao-nam-je-cetvrti-val-hoce-li-bolnice-to-izdrzati-video\/#article","isPartOf":{"@id":"https:\/\/radioljubuski.ba\/index.php\/2021\/08\/20\/stigao-nam-je-cetvrti-val-hoce-li-bolnice-to-izdrzati-video\/"},"author":{"name":"Radio Ljubu\u0161ki","@id":"https:\/\/radioljubuski.ba\/#\/schema\/person\/19fc700381a780f69665d7956c469e3b"},"headline":"Stigao nam je \u010detvrti val, ho\u0107e li bolnice to izdr\u017eati? &#8211; video","datePublished":"2021-08-20T07:08:42+00:00","dateModified":"2021-08-20T07:08:44+00:00","mainEntityOfPage":{"@id":"https:\/\/radioljubuski.ba\/index.php\/2021\/08\/20\/stigao-nam-je-cetvrti-val-hoce-li-bolnice-to-izdrzati-video\/"},"wordCount":402,"publisher":{"@id":"https:\/\/radioljubuski.ba\/#organization"},"image":{"@id":"https:\/\/radioljubuski.ba\/index.php\/2021\/08\/20\/stigao-nam-je-cetvrti-val-hoce-li-bolnice-to-izdrzati-video\/#primaryimage"},"thumbnailUrl":"https:\/\/radioljubuski.ba\/wp-content\/uploads\/2021\/08\/2-2021-08-20-07-56-21-manja.png","articleSection":["BIH i regija"],"inLanguage":"hr"},{"@type":"WebPage","@id":"https:\/\/radioljubuski.ba\/index.php\/2021\/08\/20\/stigao-nam-je-cetvrti-val-hoce-li-bolnice-to-izdrzati-video\/","url":"https:\/\/radioljubuski.ba\/index.php\/2021\/08\/20\/stigao-nam-je-cetvrti-val-hoce-li-bolnice-to-izdrzati-video\/","name":"Stigao nam je \u010detvrti val, ho\u0107e li bolnice to izdr\u017eati? - video - RADIO LJUBU\u0160KI","isPartOf":{"@id":"https:\/\/radioljubuski.ba\/#website"},"primaryImageOfPage":{"@id":"https:\/\/radioljubuski.ba\/index.php\/2021\/08\/20\/stigao-nam-je-cetvrti-val-hoce-li-bolnice-to-izdrzati-video\/#primaryimage"},"image":{"@id":"https:\/\/radioljubuski.ba\/index.php\/2021\/08\/20\/stigao-nam-je-cetvrti-val-hoce-li-bolnice-to-izdrzati-video\/#primaryimage"},"thumbnailUrl":"https:\/\/radioljubuski.ba\/wp-content\/uploads\/2021\/08\/2-2021-08-20-07-56-21-manja.png","datePublished":"2021-08-20T07:08:42+00:00","dateModified":"2021-08-20T07:08:44+00:00","breadcrumb":{"@id":"https:\/\/radioljubuski.ba\/index.php\/2021\/08\/20\/stigao-nam-je-cetvrti-val-hoce-li-bolnice-to-izdrzati-video\/#breadcrumb"},"inLanguage":"hr","potentialAction":[{"@type":"ReadAction","target":["https:\/\/radioljubuski.ba\/index.php\/2021\/08\/20\/stigao-nam-je-cetvrti-val-hoce-li-bolnice-to-izdrzati-video\/"]}]},{"@type":"ImageObject","inLanguage":"hr","@id":"https:\/\/radioljubuski.ba\/index.php\/2021\/08\/20\/stigao-nam-je-cetvrti-val-hoce-li-bolnice-to-izdrzati-video\/#primaryimage","url":"https:\/\/radioljubuski.ba\/wp-content\/uploads\/2021\/08\/2-2021-08-20-07-56-21-manja.png","contentUrl":"https:\/\/radioljubuski.ba\/wp-content\/uploads\/2021\/08\/2-2021-08-20-07-56-21-manja.png","width":1000,"height":625},{"@type":"BreadcrumbList","@id":"https:\/\/radioljubuski.ba\/index.php\/2021\/08\/20\/stigao-nam-je-cetvrti-val-hoce-li-bolnice-to-izdrzati-video\/#breadcrumb","itemListElement":[{"@type":"ListItem","position":1,"name":"Po\u010detna stranica","item":"https:\/\/radioljubuski.ba\/"},{"@type":"ListItem","position":2,"name":"Stigao nam je \u010detvrti val, ho\u0107e li bolnice to izdr\u017eati? &#8211; video"}]},{"@type":"WebSite","@id":"https:\/\/radioljubuski.ba\/#website","url":"https:\/\/radioljubuski.ba\/","name":"Radio Ljubu\u0161ki","description":"Sun\u010dana frekvencija Hercegovine","publisher":{"@id":"https:\/\/radioljubuski.ba\/#organization"},"potentialAction":[{"@type":"SearchAction","target":{"@type":"EntryPoint","urlTemplate":"https:\/\/radioljubuski.ba\/?s={search_term_string}"},"query-input":{"@type":"PropertyValueSpecification","valueRequired":true,"valueName":"search_term_string"}}],"inLanguage":"hr"},{"@type":"Organization","@id":"https:\/\/radioljubuski.ba\/#organization","name":"Radio Ljubu\u0161ki","url":"https:\/\/radioljubuski.ba\/","logo":{"@type":"ImageObject","inLanguage":"hr","@id":"https:\/\/radioljubuski.ba\/#\/schema\/logo\/image\/","url":"https:\/\/radioljubuski.ba\/wp-content\/uploads\/2021\/02\/cropped-Radio_Ljubuski_logo1.jpg","contentUrl":"https:\/\/radioljubuski.ba\/wp-content\/uploads\/2021\/02\/cropped-Radio_Ljubuski_logo1.jpg","width":512,"height":512,"caption":"Radio Ljubu\u0161ki"},"image":{"@id":"https:\/\/radioljubuski.ba\/#\/schema\/logo\/image\/"},"sameAs":["https:\/\/www.facebook.com\/Radiio-Ljubuski-1490835324566332","https:\/\/x.com\/radioljubuski","https:\/\/hr.linkedin.com\/company\/radio-ljubuski","https:\/\/www.youtube.com\/channel\/UCHYaeO_n0Db3tjNGudGpXyw"]},{"@type":"Person","@id":"https:\/\/radioljubuski.ba\/#\/schema\/person\/19fc700381a780f69665d7956c469e3b","name":"Radio Ljubu\u0161ki"}]}},"_links":{"self":[{"href":"https:\/\/radioljubuski.ba\/index.php\/wp-json\/wp\/v2\/posts\/55393","targetHints":{"allow":["GET"]}}],"collection":[{"href":"https:\/\/radioljubuski.ba\/index.php\/wp-json\/wp\/v2\/posts"}],"about":[{"href":"https:\/\/radioljubuski.ba\/index.php\/wp-json\/wp\/v2\/types\/post"}],"author":[{"embeddable":true,"href":"https:\/\/radioljubuski.ba\/index.php\/wp-json\/wp\/v2\/users\/2"}],"replies":[{"embeddable":true,"href":"https:\/\/radioljubuski.ba\/index.php\/wp-json\/wp\/v2\/comments?post=55393"}],"version-history":[{"count":1,"href":"https:\/\/radioljubuski.ba\/index.php\/wp-json\/wp\/v2\/posts\/55393\/revisions"}],"predecessor-version":[{"id":55395,"href":"https:\/\/radioljubuski.ba\/index.php\/wp-json\/wp\/v2\/posts\/55393\/revisions\/55395"}],"wp:featuredmedia":[{"embeddable":true,"href":"https:\/\/radioljubuski.ba\/index.php\/wp-json\/wp\/v2\/media\/55394"}],"wp:attachment":[{"href":"https:\/\/radioljubuski.ba\/index.php\/wp-json\/wp\/v2\/media?parent=55393"}],"wp:term":[{"taxonomy":"category","embeddable":true,"href":"https:\/\/radioljubuski.ba\/index.php\/wp-json\/wp\/v2\/categories?post=55393"},{"taxonomy":"post_tag","embeddable":true,"href":"https:\/\/radioljubuski.ba\/index.php\/wp-json\/wp\/v2\/tags?post=55393"}],"curies":[{"name":"wp","href":"https:\/\/api.w.org\/{rel}","templated":true}]}}