{"id":55412,"date":"2021-08-20T09:06:09","date_gmt":"2021-08-20T08:06:09","guid":{"rendered":"https:\/\/radioljubuski.ba\/?p=55412"},"modified":"2021-08-20T09:06:10","modified_gmt":"2021-08-20T08:06:10","slug":"veliki-pozar-u-buca-potoku-gori-vise-stambenih-objekata","status":"publish","type":"post","link":"https:\/\/radioljubuski.ba\/index.php\/2021\/08\/20\/veliki-pozar-u-buca-potoku-gori-vise-stambenih-objekata\/","title":{"rendered":"Veliki po\u017ear u Bu\u0107a Potoku, gori vi\u0161e stambenih objekata"},"content":{"rendered":"\n<p><strong>Rano jutros izbio je po\u017ear u sarajevskom naselju Bu\u0107a Potok, a gust oblak dima uzdi\u017ee se iznad naselja.<\/strong><\/p>\n\n\n\n<p>Prema prvim informacijama iz Profesionalne vatrogasne brigade Kantona Sarajevo, gori vi\u0161e objekata na tom podru\u010dju.<\/p>\n\n\n\n<p>Reporter portala Klix.ba javlja da je po\u017ear zahvatio \u010detiri objekta u naselju. Vatra je zahvatila veliki prostor i na\u010dinila ogromnu \u0161tetu. Prema prvim informacijama nema ozlije\u0111enih.<\/p>\n\n\n\n<iframe loading=\"lazy\" title=\"Veliki po\u017ear u Bu\u0107a Potoku, gori vi\u0161e stambenih objekata\" width=\"640\" height=\"360\" src=\"https:\/\/www.youtube.com\/embed\/X8o-uj0_rlo?feature=oembed\" frameborder=\"0\" allow=\"accelerometer; autoplay; clipboard-write; encrypted-media; gyroscope; picture-in-picture; web-share\" referrerpolicy=\"strict-origin-when-cross-origin\" allowfullscreen><\/iframe>\n\n\n\n<p>\u201cZaprimili smo dojavu da je u ulici Nusreta Prohi\u0107a izbio po\u017ear. Odmah smo poslali tri ekipe na teren, jo\u0161 uvijek traje ga\u0161enje. Zasad znamo da gori vi\u0161e baraka\u201d, rekli su Klixu iz PVB KS.<\/p>\n\n\n\n<p>Veliki broj vatrogasaca je na terenu koji su uspjeli sprije\u010diti \u0161irenje vatre. U naselju je nestalo struje, a kako se neslu\u017ebeno doznaje struja je isklju\u010dena preventivno zbog po\u017eara kako bi se sprije\u010dila ve\u0107a \u0161teta.<\/p>\n\n\n\n<p>Informacije o uzroku po\u017eara bit \u0107e poznate nakon \u0161to vatrogasci stave po\u017ear pod kontrolu.<\/p>\n\n\n\n<p>\/HMS\/<\/p>\n","protected":false},"excerpt":{"rendered":"<p>Rano jutros izbio je po\u017ear u sarajevskom naselju Bu\u0107a Potok, a gust oblak dima uzdi\u017ee se iznad naselja. Prema prvim informacijama iz Profesionalne vatrogasne brigade Kantona Sarajevo, gori vi\u0161e objekata na tom podru\u010dju. Reporter portala Klix.ba javlja da je po\u017ear zahvatio \u010detiri objekta u naselju. Vatra je zahvatila veliki prostor i na\u010dinila ogromnu \u0161tetu. Prema [&hellip;]<\/p>\n","protected":false},"author":2,"featured_media":55413,"comment_status":"closed","ping_status":"closed","sticky":false,"template":"","format":"standard","meta":{"h5ap_radio_sources":[],"footnotes":""},"categories":[1],"tags":[],"class_list":["post-55412","post","type-post","status-publish","format-standard","has-post-thumbnail","hentry","category-bihiregija"],"yoast_head":"<!-- This site is optimized with the Yoast SEO plugin v27.5 - https:\/\/yoast.com\/product\/yoast-seo-wordpress\/ -->\n<title>Veliki po\u017ear u Bu\u0107a Potoku, gori vi\u0161e stambenih objekata - RADIO LJUBU\u0160KI<\/title>\n<meta name=\"robots\" content=\"index, follow, max-snippet:-1, max-image-preview:large, max-video-preview:-1\" \/>\n<link rel=\"canonical\" href=\"https:\/\/radioljubuski.ba\/index.php\/2021\/08\/20\/veliki-pozar-u-buca-potoku-gori-vise-stambenih-objekata\/\" \/>\n<meta property=\"og:locale\" content=\"hr_HR\" \/>\n<meta property=\"og:type\" content=\"article\" \/>\n<meta property=\"og:title\" content=\"Veliki po\u017ear u Bu\u0107a Potoku, gori vi\u0161e stambenih objekata - RADIO LJUBU\u0160KI\" \/>\n<meta property=\"og:description\" content=\"Rano jutros izbio je po\u017ear u sarajevskom naselju Bu\u0107a Potok, a gust oblak dima uzdi\u017ee se iznad naselja. Prema prvim informacijama iz Profesionalne vatrogasne brigade Kantona Sarajevo, gori vi\u0161e objekata na tom podru\u010dju. Reporter portala Klix.ba javlja da je po\u017ear zahvatio \u010detiri objekta u naselju. Vatra je zahvatila veliki prostor i na\u010dinila ogromnu \u0161tetu. Prema [&hellip;]\" \/>\n<meta property=\"og:url\" content=\"https:\/\/radioljubuski.ba\/index.php\/2021\/08\/20\/veliki-pozar-u-buca-potoku-gori-vise-stambenih-objekata\/\" \/>\n<meta property=\"og:site_name\" content=\"RADIO LJUBU\u0160KI\" \/>\n<meta property=\"article:publisher\" content=\"https:\/\/www.facebook.com\/Radiio-Ljubuski-1490835324566332\" \/>\n<meta property=\"article:published_time\" content=\"2021-08-20T08:06:09+00:00\" \/>\n<meta property=\"article:modified_time\" content=\"2021-08-20T08:06:10+00:00\" \/>\n<meta property=\"og:image\" content=\"https:\/\/radioljubuski.ba\/wp-content\/uploads\/2021\/08\/pozar.jpg\" \/>\n\t<meta property=\"og:image:width\" content=\"723\" \/>\n\t<meta property=\"og:image:height\" content=\"361\" \/>\n\t<meta property=\"og:image:type\" content=\"image\/jpeg\" \/>\n<meta name=\"author\" content=\"Radio Ljubu\u0161ki\" \/>\n<meta name=\"twitter:card\" content=\"summary_large_image\" \/>\n<meta name=\"twitter:creator\" content=\"@radioljubuski\" \/>\n<meta name=\"twitter:site\" content=\"@radioljubuski\" \/>\n<meta name=\"twitter:label1\" content=\"Napisao\/la\" \/>\n\t<meta name=\"twitter:data1\" content=\"Radio Ljubu\u0161ki\" \/>\n\t<meta name=\"twitter:label2\" content=\"Procijenjeno vrijeme \u010ditanja\" \/>\n\t<meta name=\"twitter:data2\" content=\"1 minuta\" \/>\n<script type=\"application\/ld+json\" class=\"yoast-schema-graph\">{\"@context\":\"https:\\\/\\\/schema.org\",\"@graph\":[{\"@type\":\"Article\",\"@id\":\"https:\\\/\\\/radioljubuski.ba\\\/index.php\\\/2021\\\/08\\\/20\\\/veliki-pozar-u-buca-potoku-gori-vise-stambenih-objekata\\\/#article\",\"isPartOf\":{\"@id\":\"https:\\\/\\\/radioljubuski.ba\\\/index.php\\\/2021\\\/08\\\/20\\\/veliki-pozar-u-buca-potoku-gori-vise-stambenih-objekata\\\/\"},\"author\":{\"name\":\"Radio Ljubu\u0161ki\",\"@id\":\"https:\\\/\\\/radioljubuski.ba\\\/#\\\/schema\\\/person\\\/19fc700381a780f69665d7956c469e3b\"},\"headline\":\"Veliki po\u017ear u Bu\u0107a Potoku, gori vi\u0161e stambenih objekata\",\"datePublished\":\"2021-08-20T08:06:09+00:00\",\"dateModified\":\"2021-08-20T08:06:10+00:00\",\"mainEntityOfPage\":{\"@id\":\"https:\\\/\\\/radioljubuski.ba\\\/index.php\\\/2021\\\/08\\\/20\\\/veliki-pozar-u-buca-potoku-gori-vise-stambenih-objekata\\\/\"},\"wordCount\":184,\"publisher\":{\"@id\":\"https:\\\/\\\/radioljubuski.ba\\\/#organization\"},\"image\":{\"@id\":\"https:\\\/\\\/radioljubuski.ba\\\/index.php\\\/2021\\\/08\\\/20\\\/veliki-pozar-u-buca-potoku-gori-vise-stambenih-objekata\\\/#primaryimage\"},\"thumbnailUrl\":\"https:\\\/\\\/radioljubuski.ba\\\/wp-content\\\/uploads\\\/2021\\\/08\\\/pozar.jpg\",\"articleSection\":[\"BIH i regija\"],\"inLanguage\":\"hr\"},{\"@type\":\"WebPage\",\"@id\":\"https:\\\/\\\/radioljubuski.ba\\\/index.php\\\/2021\\\/08\\\/20\\\/veliki-pozar-u-buca-potoku-gori-vise-stambenih-objekata\\\/\",\"url\":\"https:\\\/\\\/radioljubuski.ba\\\/index.php\\\/2021\\\/08\\\/20\\\/veliki-pozar-u-buca-potoku-gori-vise-stambenih-objekata\\\/\",\"name\":\"Veliki po\u017ear u Bu\u0107a Potoku, gori vi\u0161e stambenih objekata - RADIO LJUBU\u0160KI\",\"isPartOf\":{\"@id\":\"https:\\\/\\\/radioljubuski.ba\\\/#website\"},\"primaryImageOfPage\":{\"@id\":\"https:\\\/\\\/radioljubuski.ba\\\/index.php\\\/2021\\\/08\\\/20\\\/veliki-pozar-u-buca-potoku-gori-vise-stambenih-objekata\\\/#primaryimage\"},\"image\":{\"@id\":\"https:\\\/\\\/radioljubuski.ba\\\/index.php\\\/2021\\\/08\\\/20\\\/veliki-pozar-u-buca-potoku-gori-vise-stambenih-objekata\\\/#primaryimage\"},\"thumbnailUrl\":\"https:\\\/\\\/radioljubuski.ba\\\/wp-content\\\/uploads\\\/2021\\\/08\\\/pozar.jpg\",\"datePublished\":\"2021-08-20T08:06:09+00:00\",\"dateModified\":\"2021-08-20T08:06:10+00:00\",\"breadcrumb\":{\"@id\":\"https:\\\/\\\/radioljubuski.ba\\\/index.php\\\/2021\\\/08\\\/20\\\/veliki-pozar-u-buca-potoku-gori-vise-stambenih-objekata\\\/#breadcrumb\"},\"inLanguage\":\"hr\",\"potentialAction\":[{\"@type\":\"ReadAction\",\"target\":[\"https:\\\/\\\/radioljubuski.ba\\\/index.php\\\/2021\\\/08\\\/20\\\/veliki-pozar-u-buca-potoku-gori-vise-stambenih-objekata\\\/\"]}]},{\"@type\":\"ImageObject\",\"inLanguage\":\"hr\",\"@id\":\"https:\\\/\\\/radioljubuski.ba\\\/index.php\\\/2021\\\/08\\\/20\\\/veliki-pozar-u-buca-potoku-gori-vise-stambenih-objekata\\\/#primaryimage\",\"url\":\"https:\\\/\\\/radioljubuski.ba\\\/wp-content\\\/uploads\\\/2021\\\/08\\\/pozar.jpg\",\"contentUrl\":\"https:\\\/\\\/radioljubuski.ba\\\/wp-content\\\/uploads\\\/2021\\\/08\\\/pozar.jpg\",\"width\":723,\"height\":361},{\"@type\":\"BreadcrumbList\",\"@id\":\"https:\\\/\\\/radioljubuski.ba\\\/index.php\\\/2021\\\/08\\\/20\\\/veliki-pozar-u-buca-potoku-gori-vise-stambenih-objekata\\\/#breadcrumb\",\"itemListElement\":[{\"@type\":\"ListItem\",\"position\":1,\"name\":\"Po\u010detna stranica\",\"item\":\"https:\\\/\\\/radioljubuski.ba\\\/\"},{\"@type\":\"ListItem\",\"position\":2,\"name\":\"Veliki po\u017ear u Bu\u0107a Potoku, gori vi\u0161e stambenih objekata\"}]},{\"@type\":\"WebSite\",\"@id\":\"https:\\\/\\\/radioljubuski.ba\\\/#website\",\"url\":\"https:\\\/\\\/radioljubuski.ba\\\/\",\"name\":\"Radio Ljubu\u0161ki\",\"description\":\"Sun\u010dana frekvencija Hercegovine\",\"publisher\":{\"@id\":\"https:\\\/\\\/radioljubuski.ba\\\/#organization\"},\"potentialAction\":[{\"@type\":\"SearchAction\",\"target\":{\"@type\":\"EntryPoint\",\"urlTemplate\":\"https:\\\/\\\/radioljubuski.ba\\\/?s={search_term_string}\"},\"query-input\":{\"@type\":\"PropertyValueSpecification\",\"valueRequired\":true,\"valueName\":\"search_term_string\"}}],\"inLanguage\":\"hr\"},{\"@type\":\"Organization\",\"@id\":\"https:\\\/\\\/radioljubuski.ba\\\/#organization\",\"name\":\"Radio Ljubu\u0161ki\",\"url\":\"https:\\\/\\\/radioljubuski.ba\\\/\",\"logo\":{\"@type\":\"ImageObject\",\"inLanguage\":\"hr\",\"@id\":\"https:\\\/\\\/radioljubuski.ba\\\/#\\\/schema\\\/logo\\\/image\\\/\",\"url\":\"https:\\\/\\\/radioljubuski.ba\\\/wp-content\\\/uploads\\\/2021\\\/02\\\/cropped-Radio_Ljubuski_logo1.jpg\",\"contentUrl\":\"https:\\\/\\\/radioljubuski.ba\\\/wp-content\\\/uploads\\\/2021\\\/02\\\/cropped-Radio_Ljubuski_logo1.jpg\",\"width\":512,\"height\":512,\"caption\":\"Radio Ljubu\u0161ki\"},\"image\":{\"@id\":\"https:\\\/\\\/radioljubuski.ba\\\/#\\\/schema\\\/logo\\\/image\\\/\"},\"sameAs\":[\"https:\\\/\\\/www.facebook.com\\\/Radiio-Ljubuski-1490835324566332\",\"https:\\\/\\\/x.com\\\/radioljubuski\",\"https:\\\/\\\/hr.linkedin.com\\\/company\\\/radio-ljubuski\",\"https:\\\/\\\/www.youtube.com\\\/channel\\\/UCHYaeO_n0Db3tjNGudGpXyw\"]},{\"@type\":\"Person\",\"@id\":\"https:\\\/\\\/radioljubuski.ba\\\/#\\\/schema\\\/person\\\/19fc700381a780f69665d7956c469e3b\",\"name\":\"Radio Ljubu\u0161ki\"}]}<\/script>\n<!-- \/ Yoast SEO plugin. -->","yoast_head_json":{"title":"Veliki po\u017ear u Bu\u0107a Potoku, gori vi\u0161e stambenih objekata - RADIO LJUBU\u0160KI","robots":{"index":"index","follow":"follow","max-snippet":"max-snippet:-1","max-image-preview":"max-image-preview:large","max-video-preview":"max-video-preview:-1"},"canonical":"https:\/\/radioljubuski.ba\/index.php\/2021\/08\/20\/veliki-pozar-u-buca-potoku-gori-vise-stambenih-objekata\/","og_locale":"hr_HR","og_type":"article","og_title":"Veliki po\u017ear u Bu\u0107a Potoku, gori vi\u0161e stambenih objekata - RADIO LJUBU\u0160KI","og_description":"Rano jutros izbio je po\u017ear u sarajevskom naselju Bu\u0107a Potok, a gust oblak dima uzdi\u017ee se iznad naselja. Prema prvim informacijama iz Profesionalne vatrogasne brigade Kantona Sarajevo, gori vi\u0161e objekata na tom podru\u010dju. Reporter portala Klix.ba javlja da je po\u017ear zahvatio \u010detiri objekta u naselju. Vatra je zahvatila veliki prostor i na\u010dinila ogromnu \u0161tetu. Prema [&hellip;]","og_url":"https:\/\/radioljubuski.ba\/index.php\/2021\/08\/20\/veliki-pozar-u-buca-potoku-gori-vise-stambenih-objekata\/","og_site_name":"RADIO LJUBU\u0160KI","article_publisher":"https:\/\/www.facebook.com\/Radiio-Ljubuski-1490835324566332","article_published_time":"2021-08-20T08:06:09+00:00","article_modified_time":"2021-08-20T08:06:10+00:00","og_image":[{"width":723,"height":361,"url":"https:\/\/radioljubuski.ba\/wp-content\/uploads\/2021\/08\/pozar.jpg","type":"image\/jpeg"}],"author":"Radio Ljubu\u0161ki","twitter_card":"summary_large_image","twitter_creator":"@radioljubuski","twitter_site":"@radioljubuski","twitter_misc":{"Napisao\/la":"Radio Ljubu\u0161ki","Procijenjeno vrijeme \u010ditanja":"1 minuta"},"schema":{"@context":"https:\/\/schema.org","@graph":[{"@type":"Article","@id":"https:\/\/radioljubuski.ba\/index.php\/2021\/08\/20\/veliki-pozar-u-buca-potoku-gori-vise-stambenih-objekata\/#article","isPartOf":{"@id":"https:\/\/radioljubuski.ba\/index.php\/2021\/08\/20\/veliki-pozar-u-buca-potoku-gori-vise-stambenih-objekata\/"},"author":{"name":"Radio Ljubu\u0161ki","@id":"https:\/\/radioljubuski.ba\/#\/schema\/person\/19fc700381a780f69665d7956c469e3b"},"headline":"Veliki po\u017ear u Bu\u0107a Potoku, gori vi\u0161e stambenih objekata","datePublished":"2021-08-20T08:06:09+00:00","dateModified":"2021-08-20T08:06:10+00:00","mainEntityOfPage":{"@id":"https:\/\/radioljubuski.ba\/index.php\/2021\/08\/20\/veliki-pozar-u-buca-potoku-gori-vise-stambenih-objekata\/"},"wordCount":184,"publisher":{"@id":"https:\/\/radioljubuski.ba\/#organization"},"image":{"@id":"https:\/\/radioljubuski.ba\/index.php\/2021\/08\/20\/veliki-pozar-u-buca-potoku-gori-vise-stambenih-objekata\/#primaryimage"},"thumbnailUrl":"https:\/\/radioljubuski.ba\/wp-content\/uploads\/2021\/08\/pozar.jpg","articleSection":["BIH i regija"],"inLanguage":"hr"},{"@type":"WebPage","@id":"https:\/\/radioljubuski.ba\/index.php\/2021\/08\/20\/veliki-pozar-u-buca-potoku-gori-vise-stambenih-objekata\/","url":"https:\/\/radioljubuski.ba\/index.php\/2021\/08\/20\/veliki-pozar-u-buca-potoku-gori-vise-stambenih-objekata\/","name":"Veliki po\u017ear u Bu\u0107a Potoku, gori vi\u0161e stambenih objekata - RADIO LJUBU\u0160KI","isPartOf":{"@id":"https:\/\/radioljubuski.ba\/#website"},"primaryImageOfPage":{"@id":"https:\/\/radioljubuski.ba\/index.php\/2021\/08\/20\/veliki-pozar-u-buca-potoku-gori-vise-stambenih-objekata\/#primaryimage"},"image":{"@id":"https:\/\/radioljubuski.ba\/index.php\/2021\/08\/20\/veliki-pozar-u-buca-potoku-gori-vise-stambenih-objekata\/#primaryimage"},"thumbnailUrl":"https:\/\/radioljubuski.ba\/wp-content\/uploads\/2021\/08\/pozar.jpg","datePublished":"2021-08-20T08:06:09+00:00","dateModified":"2021-08-20T08:06:10+00:00","breadcrumb":{"@id":"https:\/\/radioljubuski.ba\/index.php\/2021\/08\/20\/veliki-pozar-u-buca-potoku-gori-vise-stambenih-objekata\/#breadcrumb"},"inLanguage":"hr","potentialAction":[{"@type":"ReadAction","target":["https:\/\/radioljubuski.ba\/index.php\/2021\/08\/20\/veliki-pozar-u-buca-potoku-gori-vise-stambenih-objekata\/"]}]},{"@type":"ImageObject","inLanguage":"hr","@id":"https:\/\/radioljubuski.ba\/index.php\/2021\/08\/20\/veliki-pozar-u-buca-potoku-gori-vise-stambenih-objekata\/#primaryimage","url":"https:\/\/radioljubuski.ba\/wp-content\/uploads\/2021\/08\/pozar.jpg","contentUrl":"https:\/\/radioljubuski.ba\/wp-content\/uploads\/2021\/08\/pozar.jpg","width":723,"height":361},{"@type":"BreadcrumbList","@id":"https:\/\/radioljubuski.ba\/index.php\/2021\/08\/20\/veliki-pozar-u-buca-potoku-gori-vise-stambenih-objekata\/#breadcrumb","itemListElement":[{"@type":"ListItem","position":1,"name":"Po\u010detna stranica","item":"https:\/\/radioljubuski.ba\/"},{"@type":"ListItem","position":2,"name":"Veliki po\u017ear u Bu\u0107a Potoku, gori vi\u0161e stambenih objekata"}]},{"@type":"WebSite","@id":"https:\/\/radioljubuski.ba\/#website","url":"https:\/\/radioljubuski.ba\/","name":"Radio Ljubu\u0161ki","description":"Sun\u010dana frekvencija Hercegovine","publisher":{"@id":"https:\/\/radioljubuski.ba\/#organization"},"potentialAction":[{"@type":"SearchAction","target":{"@type":"EntryPoint","urlTemplate":"https:\/\/radioljubuski.ba\/?s={search_term_string}"},"query-input":{"@type":"PropertyValueSpecification","valueRequired":true,"valueName":"search_term_string"}}],"inLanguage":"hr"},{"@type":"Organization","@id":"https:\/\/radioljubuski.ba\/#organization","name":"Radio Ljubu\u0161ki","url":"https:\/\/radioljubuski.ba\/","logo":{"@type":"ImageObject","inLanguage":"hr","@id":"https:\/\/radioljubuski.ba\/#\/schema\/logo\/image\/","url":"https:\/\/radioljubuski.ba\/wp-content\/uploads\/2021\/02\/cropped-Radio_Ljubuski_logo1.jpg","contentUrl":"https:\/\/radioljubuski.ba\/wp-content\/uploads\/2021\/02\/cropped-Radio_Ljubuski_logo1.jpg","width":512,"height":512,"caption":"Radio Ljubu\u0161ki"},"image":{"@id":"https:\/\/radioljubuski.ba\/#\/schema\/logo\/image\/"},"sameAs":["https:\/\/www.facebook.com\/Radiio-Ljubuski-1490835324566332","https:\/\/x.com\/radioljubuski","https:\/\/hr.linkedin.com\/company\/radio-ljubuski","https:\/\/www.youtube.com\/channel\/UCHYaeO_n0Db3tjNGudGpXyw"]},{"@type":"Person","@id":"https:\/\/radioljubuski.ba\/#\/schema\/person\/19fc700381a780f69665d7956c469e3b","name":"Radio Ljubu\u0161ki"}]}},"_links":{"self":[{"href":"https:\/\/radioljubuski.ba\/index.php\/wp-json\/wp\/v2\/posts\/55412","targetHints":{"allow":["GET"]}}],"collection":[{"href":"https:\/\/radioljubuski.ba\/index.php\/wp-json\/wp\/v2\/posts"}],"about":[{"href":"https:\/\/radioljubuski.ba\/index.php\/wp-json\/wp\/v2\/types\/post"}],"author":[{"embeddable":true,"href":"https:\/\/radioljubuski.ba\/index.php\/wp-json\/wp\/v2\/users\/2"}],"replies":[{"embeddable":true,"href":"https:\/\/radioljubuski.ba\/index.php\/wp-json\/wp\/v2\/comments?post=55412"}],"version-history":[{"count":1,"href":"https:\/\/radioljubuski.ba\/index.php\/wp-json\/wp\/v2\/posts\/55412\/revisions"}],"predecessor-version":[{"id":55414,"href":"https:\/\/radioljubuski.ba\/index.php\/wp-json\/wp\/v2\/posts\/55412\/revisions\/55414"}],"wp:featuredmedia":[{"embeddable":true,"href":"https:\/\/radioljubuski.ba\/index.php\/wp-json\/wp\/v2\/media\/55413"}],"wp:attachment":[{"href":"https:\/\/radioljubuski.ba\/index.php\/wp-json\/wp\/v2\/media?parent=55412"}],"wp:term":[{"taxonomy":"category","embeddable":true,"href":"https:\/\/radioljubuski.ba\/index.php\/wp-json\/wp\/v2\/categories?post=55412"},{"taxonomy":"post_tag","embeddable":true,"href":"https:\/\/radioljubuski.ba\/index.php\/wp-json\/wp\/v2\/tags?post=55412"}],"curies":[{"name":"wp","href":"https:\/\/api.w.org\/{rel}","templated":true}]}}