{"id":55418,"date":"2021-08-20T09:10:18","date_gmt":"2021-08-20T08:10:18","guid":{"rendered":"https:\/\/radioljubuski.ba\/?p=55418"},"modified":"2021-08-20T09:10:19","modified_gmt":"2021-08-20T08:10:19","slug":"hrvatska-cijepljeno-vise-od-50-odraslih-pogledajte-stanje-po-zupanijama","status":"publish","type":"post","link":"https:\/\/radioljubuski.ba\/index.php\/2021\/08\/20\/hrvatska-cijepljeno-vise-od-50-odraslih-pogledajte-stanje-po-zupanijama\/","title":{"rendered":"Hrvatska: Cijepljeno vi\u0161e od 50% odraslih, pogledajte stanje po \u017eupanijama"},"content":{"rendered":"\n<p><strong>Ju\u010der je broj ukupno utro\u0161enih doza cje\u0161iva protiv koronavirusa u Hrvatskoj dosegao je 3.200.638, objavio je HZJZ.<\/strong><\/p>\n\n\n\n<p>1.691.778 osoba cijepljeno je prvom dozom (uklju\u010duju\u0107i doze sa statusom nepoznato), a od njih je 1.508.860 cijepljeno s dvije doze. Cijepljeno je 41,69% ukupnog stanovni\u0161tva, odnosno 50,10% odraslog stanovni\u0161tva u RH, navodi se u priop\u0107enju.<\/p>\n\n\n\n<p><strong>Capak: Svaka druga odrasla osoba u Hrvatskoj je u\u010dinila pozitivan iskorak<\/strong><\/p>\n\n\n\n<p>\u201eSvaka druga odrasla osoba u Hrvatskoj u\u010dinila je pozitivan iskorak te se cijepila. Za o\u010duvanje svog osobnog zdravlja i \u017eivota kao i zdravlja i \u017eivota svojih sugra\u0111ana, svaki drugi gra\u0111anin Hrvatske primio je najmanje jednu dozu cjepiva. Svatko tko je cijepljen, tom nesebi\u010dnom gestom pridonio je zdravlju, sigurnosti, o\u010duvanja \u017eivota, o\u010duvanju bolni\u010dkog sustava, o\u010duvanju radnih mjesta kao i turisti\u010dkoj sezoni. Zahvaljujem gra\u0111anima koji su se odazvali na cijepljenje kao i zdravstvenim djelatnicima koji su odradili veliki posao. Nastavljamo dalje.\u201c Izjavio je ravnatelj Hrvatskog zavoda za javno zdravstvo epidemiolog izv.prof.dr.sc. Krunoslav Capak.<\/p>\n\n\n\n<p>Najve\u0107i obuhvat cijepljenih prvom dozom postignut je u Gradu Zagrebu (48,0% ukupnog stanovni\u0161tva, odnosno 58,0% odraslog stanovni\u0161tva), a zavr\u0161eno cijepljenje u najve\u0107em je obuhvatu ostvareno tako\u0111er u Gradu Zagrebu (44,2% ukupnog, odnosno 53,5% odraslog stanovni\u0161tva), navodi HZJZ.<\/p>\n\n\n\n<p>Pogledajte stanje po \u017eupanijama.<\/p>\n\n\n\n<figure class=\"wp-block-image\"><img decoding=\"async\" src=\"https:\/\/hms.ba\/wp-content\/uploads\/2021\/08\/5ea2c66b-adb1-4291-ad1a-f9ffb9150a7a.jpg\" alt=\"\" class=\"wp-image-423932\"\/><\/figure>\n\n\n\n<p>\/HMS\/<\/p>\n","protected":false},"excerpt":{"rendered":"<p>Ju\u010der je broj ukupno utro\u0161enih doza cje\u0161iva protiv koronavirusa u Hrvatskoj dosegao je 3.200.638, objavio je HZJZ. 1.691.778 osoba cijepljeno je prvom dozom (uklju\u010duju\u0107i doze sa statusom nepoznato), a od njih je 1.508.860 cijepljeno s dvije doze. Cijepljeno je 41,69% ukupnog stanovni\u0161tva, odnosno 50,10% odraslog stanovni\u0161tva u RH, navodi se u priop\u0107enju. Capak: Svaka druga [&hellip;]<\/p>\n","protected":false},"author":2,"featured_media":21770,"comment_status":"closed","ping_status":"closed","sticky":false,"template":"","format":"standard","meta":{"h5ap_radio_sources":[],"footnotes":""},"categories":[1],"tags":[],"class_list":["post-55418","post","type-post","status-publish","format-standard","has-post-thumbnail","hentry","category-bihiregija"],"yoast_head":"<!-- This site is optimized with the Yoast SEO plugin v27.5 - https:\/\/yoast.com\/product\/yoast-seo-wordpress\/ -->\n<title>Hrvatska: Cijepljeno vi\u0161e od 50% odraslih, pogledajte stanje po \u017eupanijama - RADIO LJUBU\u0160KI<\/title>\n<meta name=\"robots\" content=\"index, follow, max-snippet:-1, max-image-preview:large, max-video-preview:-1\" \/>\n<link rel=\"canonical\" href=\"https:\/\/radioljubuski.ba\/index.php\/2021\/08\/20\/hrvatska-cijepljeno-vise-od-50-odraslih-pogledajte-stanje-po-zupanijama\/\" \/>\n<meta property=\"og:locale\" content=\"hr_HR\" \/>\n<meta property=\"og:type\" content=\"article\" \/>\n<meta property=\"og:title\" content=\"Hrvatska: Cijepljeno vi\u0161e od 50% odraslih, pogledajte stanje po \u017eupanijama - RADIO LJUBU\u0160KI\" \/>\n<meta property=\"og:description\" content=\"Ju\u010der je broj ukupno utro\u0161enih doza cje\u0161iva protiv koronavirusa u Hrvatskoj dosegao je 3.200.638, objavio je HZJZ. 1.691.778 osoba cijepljeno je prvom dozom (uklju\u010duju\u0107i doze sa statusom nepoznato), a od njih je 1.508.860 cijepljeno s dvije doze. Cijepljeno je 41,69% ukupnog stanovni\u0161tva, odnosno 50,10% odraslog stanovni\u0161tva u RH, navodi se u priop\u0107enju. Capak: Svaka druga [&hellip;]\" \/>\n<meta property=\"og:url\" content=\"https:\/\/radioljubuski.ba\/index.php\/2021\/08\/20\/hrvatska-cijepljeno-vise-od-50-odraslih-pogledajte-stanje-po-zupanijama\/\" \/>\n<meta property=\"og:site_name\" content=\"RADIO LJUBU\u0160KI\" \/>\n<meta property=\"article:publisher\" content=\"https:\/\/www.facebook.com\/Radiio-Ljubuski-1490835324566332\" \/>\n<meta property=\"article:published_time\" content=\"2021-08-20T08:10:18+00:00\" \/>\n<meta property=\"article:modified_time\" content=\"2021-08-20T08:10:19+00:00\" \/>\n<meta property=\"og:image\" content=\"https:\/\/radioljubuski.ba\/wp-content\/uploads\/2021\/05\/uGkWeOrm_cijepljenje.jpg\" \/>\n\t<meta property=\"og:image:width\" content=\"1000\" \/>\n\t<meta property=\"og:image:height\" content=\"625\" \/>\n\t<meta property=\"og:image:type\" content=\"image\/jpeg\" \/>\n<meta name=\"author\" content=\"Radio Ljubu\u0161ki\" \/>\n<meta name=\"twitter:card\" content=\"summary_large_image\" \/>\n<meta name=\"twitter:creator\" content=\"@radioljubuski\" \/>\n<meta name=\"twitter:site\" content=\"@radioljubuski\" \/>\n<meta name=\"twitter:label1\" content=\"Napisao\/la\" \/>\n\t<meta name=\"twitter:data1\" content=\"Radio Ljubu\u0161ki\" \/>\n\t<meta name=\"twitter:label2\" content=\"Procijenjeno vrijeme \u010ditanja\" \/>\n\t<meta name=\"twitter:data2\" content=\"2 minute\" \/>\n<script type=\"application\/ld+json\" class=\"yoast-schema-graph\">{\"@context\":\"https:\\\/\\\/schema.org\",\"@graph\":[{\"@type\":\"Article\",\"@id\":\"https:\\\/\\\/radioljubuski.ba\\\/index.php\\\/2021\\\/08\\\/20\\\/hrvatska-cijepljeno-vise-od-50-odraslih-pogledajte-stanje-po-zupanijama\\\/#article\",\"isPartOf\":{\"@id\":\"https:\\\/\\\/radioljubuski.ba\\\/index.php\\\/2021\\\/08\\\/20\\\/hrvatska-cijepljeno-vise-od-50-odraslih-pogledajte-stanje-po-zupanijama\\\/\"},\"author\":{\"name\":\"Radio Ljubu\u0161ki\",\"@id\":\"https:\\\/\\\/radioljubuski.ba\\\/#\\\/schema\\\/person\\\/19fc700381a780f69665d7956c469e3b\"},\"headline\":\"Hrvatska: Cijepljeno vi\u0161e od 50% odraslih, pogledajte stanje po \u017eupanijama\",\"datePublished\":\"2021-08-20T08:10:18+00:00\",\"dateModified\":\"2021-08-20T08:10:19+00:00\",\"mainEntityOfPage\":{\"@id\":\"https:\\\/\\\/radioljubuski.ba\\\/index.php\\\/2021\\\/08\\\/20\\\/hrvatska-cijepljeno-vise-od-50-odraslih-pogledajte-stanje-po-zupanijama\\\/\"},\"wordCount\":227,\"publisher\":{\"@id\":\"https:\\\/\\\/radioljubuski.ba\\\/#organization\"},\"image\":{\"@id\":\"https:\\\/\\\/radioljubuski.ba\\\/index.php\\\/2021\\\/08\\\/20\\\/hrvatska-cijepljeno-vise-od-50-odraslih-pogledajte-stanje-po-zupanijama\\\/#primaryimage\"},\"thumbnailUrl\":\"https:\\\/\\\/radioljubuski.ba\\\/wp-content\\\/uploads\\\/2021\\\/05\\\/uGkWeOrm_cijepljenje.jpg\",\"articleSection\":[\"BIH i regija\"],\"inLanguage\":\"hr\"},{\"@type\":\"WebPage\",\"@id\":\"https:\\\/\\\/radioljubuski.ba\\\/index.php\\\/2021\\\/08\\\/20\\\/hrvatska-cijepljeno-vise-od-50-odraslih-pogledajte-stanje-po-zupanijama\\\/\",\"url\":\"https:\\\/\\\/radioljubuski.ba\\\/index.php\\\/2021\\\/08\\\/20\\\/hrvatska-cijepljeno-vise-od-50-odraslih-pogledajte-stanje-po-zupanijama\\\/\",\"name\":\"Hrvatska: Cijepljeno vi\u0161e od 50% odraslih, pogledajte stanje po \u017eupanijama - RADIO LJUBU\u0160KI\",\"isPartOf\":{\"@id\":\"https:\\\/\\\/radioljubuski.ba\\\/#website\"},\"primaryImageOfPage\":{\"@id\":\"https:\\\/\\\/radioljubuski.ba\\\/index.php\\\/2021\\\/08\\\/20\\\/hrvatska-cijepljeno-vise-od-50-odraslih-pogledajte-stanje-po-zupanijama\\\/#primaryimage\"},\"image\":{\"@id\":\"https:\\\/\\\/radioljubuski.ba\\\/index.php\\\/2021\\\/08\\\/20\\\/hrvatska-cijepljeno-vise-od-50-odraslih-pogledajte-stanje-po-zupanijama\\\/#primaryimage\"},\"thumbnailUrl\":\"https:\\\/\\\/radioljubuski.ba\\\/wp-content\\\/uploads\\\/2021\\\/05\\\/uGkWeOrm_cijepljenje.jpg\",\"datePublished\":\"2021-08-20T08:10:18+00:00\",\"dateModified\":\"2021-08-20T08:10:19+00:00\",\"breadcrumb\":{\"@id\":\"https:\\\/\\\/radioljubuski.ba\\\/index.php\\\/2021\\\/08\\\/20\\\/hrvatska-cijepljeno-vise-od-50-odraslih-pogledajte-stanje-po-zupanijama\\\/#breadcrumb\"},\"inLanguage\":\"hr\",\"potentialAction\":[{\"@type\":\"ReadAction\",\"target\":[\"https:\\\/\\\/radioljubuski.ba\\\/index.php\\\/2021\\\/08\\\/20\\\/hrvatska-cijepljeno-vise-od-50-odraslih-pogledajte-stanje-po-zupanijama\\\/\"]}]},{\"@type\":\"ImageObject\",\"inLanguage\":\"hr\",\"@id\":\"https:\\\/\\\/radioljubuski.ba\\\/index.php\\\/2021\\\/08\\\/20\\\/hrvatska-cijepljeno-vise-od-50-odraslih-pogledajte-stanje-po-zupanijama\\\/#primaryimage\",\"url\":\"https:\\\/\\\/radioljubuski.ba\\\/wp-content\\\/uploads\\\/2021\\\/05\\\/uGkWeOrm_cijepljenje.jpg\",\"contentUrl\":\"https:\\\/\\\/radioljubuski.ba\\\/wp-content\\\/uploads\\\/2021\\\/05\\\/uGkWeOrm_cijepljenje.jpg\",\"width\":1000,\"height\":625},{\"@type\":\"BreadcrumbList\",\"@id\":\"https:\\\/\\\/radioljubuski.ba\\\/index.php\\\/2021\\\/08\\\/20\\\/hrvatska-cijepljeno-vise-od-50-odraslih-pogledajte-stanje-po-zupanijama\\\/#breadcrumb\",\"itemListElement\":[{\"@type\":\"ListItem\",\"position\":1,\"name\":\"Po\u010detna stranica\",\"item\":\"https:\\\/\\\/radioljubuski.ba\\\/\"},{\"@type\":\"ListItem\",\"position\":2,\"name\":\"Hrvatska: Cijepljeno vi\u0161e od 50% odraslih, pogledajte stanje po \u017eupanijama\"}]},{\"@type\":\"WebSite\",\"@id\":\"https:\\\/\\\/radioljubuski.ba\\\/#website\",\"url\":\"https:\\\/\\\/radioljubuski.ba\\\/\",\"name\":\"Radio Ljubu\u0161ki\",\"description\":\"Sun\u010dana frekvencija Hercegovine\",\"publisher\":{\"@id\":\"https:\\\/\\\/radioljubuski.ba\\\/#organization\"},\"potentialAction\":[{\"@type\":\"SearchAction\",\"target\":{\"@type\":\"EntryPoint\",\"urlTemplate\":\"https:\\\/\\\/radioljubuski.ba\\\/?s={search_term_string}\"},\"query-input\":{\"@type\":\"PropertyValueSpecification\",\"valueRequired\":true,\"valueName\":\"search_term_string\"}}],\"inLanguage\":\"hr\"},{\"@type\":\"Organization\",\"@id\":\"https:\\\/\\\/radioljubuski.ba\\\/#organization\",\"name\":\"Radio Ljubu\u0161ki\",\"url\":\"https:\\\/\\\/radioljubuski.ba\\\/\",\"logo\":{\"@type\":\"ImageObject\",\"inLanguage\":\"hr\",\"@id\":\"https:\\\/\\\/radioljubuski.ba\\\/#\\\/schema\\\/logo\\\/image\\\/\",\"url\":\"https:\\\/\\\/radioljubuski.ba\\\/wp-content\\\/uploads\\\/2021\\\/02\\\/cropped-Radio_Ljubuski_logo1.jpg\",\"contentUrl\":\"https:\\\/\\\/radioljubuski.ba\\\/wp-content\\\/uploads\\\/2021\\\/02\\\/cropped-Radio_Ljubuski_logo1.jpg\",\"width\":512,\"height\":512,\"caption\":\"Radio Ljubu\u0161ki\"},\"image\":{\"@id\":\"https:\\\/\\\/radioljubuski.ba\\\/#\\\/schema\\\/logo\\\/image\\\/\"},\"sameAs\":[\"https:\\\/\\\/www.facebook.com\\\/Radiio-Ljubuski-1490835324566332\",\"https:\\\/\\\/x.com\\\/radioljubuski\",\"https:\\\/\\\/hr.linkedin.com\\\/company\\\/radio-ljubuski\",\"https:\\\/\\\/www.youtube.com\\\/channel\\\/UCHYaeO_n0Db3tjNGudGpXyw\"]},{\"@type\":\"Person\",\"@id\":\"https:\\\/\\\/radioljubuski.ba\\\/#\\\/schema\\\/person\\\/19fc700381a780f69665d7956c469e3b\",\"name\":\"Radio Ljubu\u0161ki\"}]}<\/script>\n<!-- \/ Yoast SEO plugin. -->","yoast_head_json":{"title":"Hrvatska: Cijepljeno vi\u0161e od 50% odraslih, pogledajte stanje po \u017eupanijama - RADIO LJUBU\u0160KI","robots":{"index":"index","follow":"follow","max-snippet":"max-snippet:-1","max-image-preview":"max-image-preview:large","max-video-preview":"max-video-preview:-1"},"canonical":"https:\/\/radioljubuski.ba\/index.php\/2021\/08\/20\/hrvatska-cijepljeno-vise-od-50-odraslih-pogledajte-stanje-po-zupanijama\/","og_locale":"hr_HR","og_type":"article","og_title":"Hrvatska: Cijepljeno vi\u0161e od 50% odraslih, pogledajte stanje po \u017eupanijama - RADIO LJUBU\u0160KI","og_description":"Ju\u010der je broj ukupno utro\u0161enih doza cje\u0161iva protiv koronavirusa u Hrvatskoj dosegao je 3.200.638, objavio je HZJZ. 1.691.778 osoba cijepljeno je prvom dozom (uklju\u010duju\u0107i doze sa statusom nepoznato), a od njih je 1.508.860 cijepljeno s dvije doze. Cijepljeno je 41,69% ukupnog stanovni\u0161tva, odnosno 50,10% odraslog stanovni\u0161tva u RH, navodi se u priop\u0107enju. Capak: Svaka druga [&hellip;]","og_url":"https:\/\/radioljubuski.ba\/index.php\/2021\/08\/20\/hrvatska-cijepljeno-vise-od-50-odraslih-pogledajte-stanje-po-zupanijama\/","og_site_name":"RADIO LJUBU\u0160KI","article_publisher":"https:\/\/www.facebook.com\/Radiio-Ljubuski-1490835324566332","article_published_time":"2021-08-20T08:10:18+00:00","article_modified_time":"2021-08-20T08:10:19+00:00","og_image":[{"width":1000,"height":625,"url":"https:\/\/radioljubuski.ba\/wp-content\/uploads\/2021\/05\/uGkWeOrm_cijepljenje.jpg","type":"image\/jpeg"}],"author":"Radio Ljubu\u0161ki","twitter_card":"summary_large_image","twitter_creator":"@radioljubuski","twitter_site":"@radioljubuski","twitter_misc":{"Napisao\/la":"Radio Ljubu\u0161ki","Procijenjeno vrijeme \u010ditanja":"2 minute"},"schema":{"@context":"https:\/\/schema.org","@graph":[{"@type":"Article","@id":"https:\/\/radioljubuski.ba\/index.php\/2021\/08\/20\/hrvatska-cijepljeno-vise-od-50-odraslih-pogledajte-stanje-po-zupanijama\/#article","isPartOf":{"@id":"https:\/\/radioljubuski.ba\/index.php\/2021\/08\/20\/hrvatska-cijepljeno-vise-od-50-odraslih-pogledajte-stanje-po-zupanijama\/"},"author":{"name":"Radio Ljubu\u0161ki","@id":"https:\/\/radioljubuski.ba\/#\/schema\/person\/19fc700381a780f69665d7956c469e3b"},"headline":"Hrvatska: Cijepljeno vi\u0161e od 50% odraslih, pogledajte stanje po \u017eupanijama","datePublished":"2021-08-20T08:10:18+00:00","dateModified":"2021-08-20T08:10:19+00:00","mainEntityOfPage":{"@id":"https:\/\/radioljubuski.ba\/index.php\/2021\/08\/20\/hrvatska-cijepljeno-vise-od-50-odraslih-pogledajte-stanje-po-zupanijama\/"},"wordCount":227,"publisher":{"@id":"https:\/\/radioljubuski.ba\/#organization"},"image":{"@id":"https:\/\/radioljubuski.ba\/index.php\/2021\/08\/20\/hrvatska-cijepljeno-vise-od-50-odraslih-pogledajte-stanje-po-zupanijama\/#primaryimage"},"thumbnailUrl":"https:\/\/radioljubuski.ba\/wp-content\/uploads\/2021\/05\/uGkWeOrm_cijepljenje.jpg","articleSection":["BIH i regija"],"inLanguage":"hr"},{"@type":"WebPage","@id":"https:\/\/radioljubuski.ba\/index.php\/2021\/08\/20\/hrvatska-cijepljeno-vise-od-50-odraslih-pogledajte-stanje-po-zupanijama\/","url":"https:\/\/radioljubuski.ba\/index.php\/2021\/08\/20\/hrvatska-cijepljeno-vise-od-50-odraslih-pogledajte-stanje-po-zupanijama\/","name":"Hrvatska: Cijepljeno vi\u0161e od 50% odraslih, pogledajte stanje po \u017eupanijama - RADIO LJUBU\u0160KI","isPartOf":{"@id":"https:\/\/radioljubuski.ba\/#website"},"primaryImageOfPage":{"@id":"https:\/\/radioljubuski.ba\/index.php\/2021\/08\/20\/hrvatska-cijepljeno-vise-od-50-odraslih-pogledajte-stanje-po-zupanijama\/#primaryimage"},"image":{"@id":"https:\/\/radioljubuski.ba\/index.php\/2021\/08\/20\/hrvatska-cijepljeno-vise-od-50-odraslih-pogledajte-stanje-po-zupanijama\/#primaryimage"},"thumbnailUrl":"https:\/\/radioljubuski.ba\/wp-content\/uploads\/2021\/05\/uGkWeOrm_cijepljenje.jpg","datePublished":"2021-08-20T08:10:18+00:00","dateModified":"2021-08-20T08:10:19+00:00","breadcrumb":{"@id":"https:\/\/radioljubuski.ba\/index.php\/2021\/08\/20\/hrvatska-cijepljeno-vise-od-50-odraslih-pogledajte-stanje-po-zupanijama\/#breadcrumb"},"inLanguage":"hr","potentialAction":[{"@type":"ReadAction","target":["https:\/\/radioljubuski.ba\/index.php\/2021\/08\/20\/hrvatska-cijepljeno-vise-od-50-odraslih-pogledajte-stanje-po-zupanijama\/"]}]},{"@type":"ImageObject","inLanguage":"hr","@id":"https:\/\/radioljubuski.ba\/index.php\/2021\/08\/20\/hrvatska-cijepljeno-vise-od-50-odraslih-pogledajte-stanje-po-zupanijama\/#primaryimage","url":"https:\/\/radioljubuski.ba\/wp-content\/uploads\/2021\/05\/uGkWeOrm_cijepljenje.jpg","contentUrl":"https:\/\/radioljubuski.ba\/wp-content\/uploads\/2021\/05\/uGkWeOrm_cijepljenje.jpg","width":1000,"height":625},{"@type":"BreadcrumbList","@id":"https:\/\/radioljubuski.ba\/index.php\/2021\/08\/20\/hrvatska-cijepljeno-vise-od-50-odraslih-pogledajte-stanje-po-zupanijama\/#breadcrumb","itemListElement":[{"@type":"ListItem","position":1,"name":"Po\u010detna stranica","item":"https:\/\/radioljubuski.ba\/"},{"@type":"ListItem","position":2,"name":"Hrvatska: Cijepljeno vi\u0161e od 50% odraslih, pogledajte stanje po \u017eupanijama"}]},{"@type":"WebSite","@id":"https:\/\/radioljubuski.ba\/#website","url":"https:\/\/radioljubuski.ba\/","name":"Radio Ljubu\u0161ki","description":"Sun\u010dana frekvencija Hercegovine","publisher":{"@id":"https:\/\/radioljubuski.ba\/#organization"},"potentialAction":[{"@type":"SearchAction","target":{"@type":"EntryPoint","urlTemplate":"https:\/\/radioljubuski.ba\/?s={search_term_string}"},"query-input":{"@type":"PropertyValueSpecification","valueRequired":true,"valueName":"search_term_string"}}],"inLanguage":"hr"},{"@type":"Organization","@id":"https:\/\/radioljubuski.ba\/#organization","name":"Radio Ljubu\u0161ki","url":"https:\/\/radioljubuski.ba\/","logo":{"@type":"ImageObject","inLanguage":"hr","@id":"https:\/\/radioljubuski.ba\/#\/schema\/logo\/image\/","url":"https:\/\/radioljubuski.ba\/wp-content\/uploads\/2021\/02\/cropped-Radio_Ljubuski_logo1.jpg","contentUrl":"https:\/\/radioljubuski.ba\/wp-content\/uploads\/2021\/02\/cropped-Radio_Ljubuski_logo1.jpg","width":512,"height":512,"caption":"Radio Ljubu\u0161ki"},"image":{"@id":"https:\/\/radioljubuski.ba\/#\/schema\/logo\/image\/"},"sameAs":["https:\/\/www.facebook.com\/Radiio-Ljubuski-1490835324566332","https:\/\/x.com\/radioljubuski","https:\/\/hr.linkedin.com\/company\/radio-ljubuski","https:\/\/www.youtube.com\/channel\/UCHYaeO_n0Db3tjNGudGpXyw"]},{"@type":"Person","@id":"https:\/\/radioljubuski.ba\/#\/schema\/person\/19fc700381a780f69665d7956c469e3b","name":"Radio Ljubu\u0161ki"}]}},"_links":{"self":[{"href":"https:\/\/radioljubuski.ba\/index.php\/wp-json\/wp\/v2\/posts\/55418","targetHints":{"allow":["GET"]}}],"collection":[{"href":"https:\/\/radioljubuski.ba\/index.php\/wp-json\/wp\/v2\/posts"}],"about":[{"href":"https:\/\/radioljubuski.ba\/index.php\/wp-json\/wp\/v2\/types\/post"}],"author":[{"embeddable":true,"href":"https:\/\/radioljubuski.ba\/index.php\/wp-json\/wp\/v2\/users\/2"}],"replies":[{"embeddable":true,"href":"https:\/\/radioljubuski.ba\/index.php\/wp-json\/wp\/v2\/comments?post=55418"}],"version-history":[{"count":1,"href":"https:\/\/radioljubuski.ba\/index.php\/wp-json\/wp\/v2\/posts\/55418\/revisions"}],"predecessor-version":[{"id":55419,"href":"https:\/\/radioljubuski.ba\/index.php\/wp-json\/wp\/v2\/posts\/55418\/revisions\/55419"}],"wp:featuredmedia":[{"embeddable":true,"href":"https:\/\/radioljubuski.ba\/index.php\/wp-json\/wp\/v2\/media\/21770"}],"wp:attachment":[{"href":"https:\/\/radioljubuski.ba\/index.php\/wp-json\/wp\/v2\/media?parent=55418"}],"wp:term":[{"taxonomy":"category","embeddable":true,"href":"https:\/\/radioljubuski.ba\/index.php\/wp-json\/wp\/v2\/categories?post=55418"},{"taxonomy":"post_tag","embeddable":true,"href":"https:\/\/radioljubuski.ba\/index.php\/wp-json\/wp\/v2\/tags?post=55418"}],"curies":[{"name":"wp","href":"https:\/\/api.w.org\/{rel}","templated":true}]}}