{"id":55427,"date":"2021-08-20T09:28:40","date_gmt":"2021-08-20T08:28:40","guid":{"rendered":"https:\/\/radioljubuski.ba\/?p=55427"},"modified":"2021-08-20T09:28:40","modified_gmt":"2021-08-20T08:28:40","slug":"jos-se-ne-zna-kako-ce-izgledati-nova-skolska-godina-u-rh-hoce-li-cijepljenje-ucitelja-biti-obvezno","status":"publish","type":"post","link":"https:\/\/radioljubuski.ba\/index.php\/2021\/08\/20\/jos-se-ne-zna-kako-ce-izgledati-nova-skolska-godina-u-rh-hoce-li-cijepljenje-ucitelja-biti-obvezno\/","title":{"rendered":"Jo\u0161 se ne zna kako \u0107e izgledati nova \u0161kolska godina u RH: Ho\u0107e li cijepljenje u\u010ditelja biti obvezno?"},"content":{"rendered":"\n<p><strong>Jo\u0161 uvijek se ne zna kako \u0107e izgledati nova \u0161kolska godina. Razmatraju se razli\u010diti modeli, a sve \u0107e ovisiti o brojevima oboljelih i procjeni epidemiologa<\/strong>, javlja <a href=\"https:\/\/hr.n1info.com\/vijesti\/nova-skolska-godina-je-pred-vratima-a-nitko-jos-ne-zna-kako-ce-ona-izgledati\/\">N1<\/a>.<\/p>\n\n\n\n<p>U\u010ditelji su na ljetni godi\u0161nji odmor oti\u0161li s nepoznanicom \u2013 ho\u0107e li im cijepljenje postati obveza ili ne. Sada ih je procijepljeno oko polovinu, iako obveze nema.<\/p>\n\n\n\n<p>\u201cU rasponu je izme\u0111u 50 i 55 posto. Je li to puno ili malo, sigurno bi bilo bolje da je vi\u0161e, ali tako je kako je\u201d, ka\u017ee <strong>\u017deljko Stipi\u0107<\/strong> iz sindikata Preporod.<\/p>\n\n\n\n<p>Na posao se uskoro vra\u0107aju, ali niti roditelji niti nastavnici jo\u0161 nemaju nikakvih informacija pod kojim Covid okolnostima i mjerama. Ministar zdravstva daje odgovor u kojemu ne otkriva puno.<\/p>\n\n\n\n<p>\u201cKakvi \u0107e biti podaci, stvarno ne znam, ali ono \u0161to znam je da Ministarstvo obrazovanja ve\u0107 sada razgovara s epidemiolozima. Oni imaju elemente i oni \u0107e odlu\u010diti o elementima za po\u010detak \u0161kolske godine\u201d, rekao je Vili Bero\u0161.<\/p>\n\n\n\n<p>Ministarstvo obrazovanja \u0161uti, o svemu \u0107e se oglasiti tjedan dana prije po\u010detka \u0161kolske godine, a epidemiolozi su mi\u0161ljenja da \u0107e sve biti isto kao i lani.<\/p>\n\n\n\n<p>\u201cTo su maske za starije u\u010denike od 5. razreda pa nadalje, a u\u010denici ni\u017ee dobi ne nose maske\u201d, rekla je Ivana Pavi\u0107 \u0160imetin, zamjenica ravnatelja HZJZ-a.<\/p>\n\n\n\n<p>Ako izbije \u017eari\u0161te, ne\u0107e cijela \u017eupanija i\u0107i na online nastavu.<\/p>\n\n\n\n<p>\u201cPrincip je da ne mora u cijeloj \u017eupaniji biti isto u svim \u0161kolama, nego da se svaka \u0161kola pojedina\u010dno gleda\u201d, ka\u017ee Pavi\u0107 \u0160imetin.<\/p>\n\n\n\n<p>Kvaliteta obrazovanja pala nam je na niske grane.<\/p>\n\n\n\n<p>\u201cJasno je da zaostatci postoje. Ja kao profesor hrvatskog u gimnaziji u razredu imam 140 sati godi\u0161nje, a sa skra\u0107ivanjem nastavnog sata s 45 na 40 minuta to je 15 sati. To je 15 sati godi\u0161nje i to ima <strong>posljedice na znanje na\u0161ih u\u010denika<\/strong>\u201d, rekao je Stipi\u0107.<\/p>\n\n\n\n<p>Neznanje u\u010denika je jedna strana problema, ali trenutni fokus je na neznanju o organizaciji rada jer niti sindikati niti u\u010ditelji niti roditelji jo\u0161 ne znaju plan Ministarstva kako i pod kojim mjerama kre\u0107e nova nastavna godina.<\/p>\n\n\n\n<p><em>Izvor: narod.hr\/hr.n1info.com<\/em><\/p>\n","protected":false},"excerpt":{"rendered":"<p>Jo\u0161 uvijek se ne zna kako \u0107e izgledati nova \u0161kolska godina. Razmatraju se razli\u010diti modeli, a sve \u0107e ovisiti o brojevima oboljelih i procjeni epidemiologa, javlja N1. U\u010ditelji su na ljetni godi\u0161nji odmor oti\u0161li s nepoznanicom \u2013 ho\u0107e li im cijepljenje postati obveza ili ne. Sada ih je procijepljeno oko polovinu, iako obveze nema. \u201cU [&hellip;]<\/p>\n","protected":false},"author":2,"featured_media":55428,"comment_status":"closed","ping_status":"closed","sticky":false,"template":"","format":"standard","meta":{"h5ap_radio_sources":[],"footnotes":""},"categories":[1],"tags":[],"class_list":["post-55427","post","type-post","status-publish","format-standard","has-post-thumbnail","hentry","category-bihiregija"],"yoast_head":"<!-- This site is optimized with the Yoast SEO plugin v27.5 - https:\/\/yoast.com\/product\/yoast-seo-wordpress\/ -->\n<title>Jo\u0161 se ne zna kako \u0107e izgledati nova \u0161kolska godina u RH: Ho\u0107e li cijepljenje u\u010ditelja biti obvezno? - RADIO LJUBU\u0160KI<\/title>\n<meta name=\"robots\" content=\"index, follow, max-snippet:-1, max-image-preview:large, max-video-preview:-1\" \/>\n<link rel=\"canonical\" href=\"https:\/\/radioljubuski.ba\/index.php\/2021\/08\/20\/jos-se-ne-zna-kako-ce-izgledati-nova-skolska-godina-u-rh-hoce-li-cijepljenje-ucitelja-biti-obvezno\/\" \/>\n<meta property=\"og:locale\" content=\"hr_HR\" \/>\n<meta property=\"og:type\" content=\"article\" \/>\n<meta property=\"og:title\" content=\"Jo\u0161 se ne zna kako \u0107e izgledati nova \u0161kolska godina u RH: Ho\u0107e li cijepljenje u\u010ditelja biti obvezno? - RADIO LJUBU\u0160KI\" \/>\n<meta property=\"og:description\" content=\"Jo\u0161 uvijek se ne zna kako \u0107e izgledati nova \u0161kolska godina. Razmatraju se razli\u010diti modeli, a sve \u0107e ovisiti o brojevima oboljelih i procjeni epidemiologa, javlja N1. U\u010ditelji su na ljetni godi\u0161nji odmor oti\u0161li s nepoznanicom \u2013 ho\u0107e li im cijepljenje postati obveza ili ne. Sada ih je procijepljeno oko polovinu, iako obveze nema. \u201cU [&hellip;]\" \/>\n<meta property=\"og:url\" content=\"https:\/\/radioljubuski.ba\/index.php\/2021\/08\/20\/jos-se-ne-zna-kako-ce-izgledati-nova-skolska-godina-u-rh-hoce-li-cijepljenje-ucitelja-biti-obvezno\/\" \/>\n<meta property=\"og:site_name\" content=\"RADIO LJUBU\u0160KI\" \/>\n<meta property=\"article:publisher\" content=\"https:\/\/www.facebook.com\/Radiio-Ljubuski-1490835324566332\" \/>\n<meta property=\"article:published_time\" content=\"2021-08-20T08:28:40+00:00\" \/>\n<meta property=\"og:image\" content=\"https:\/\/radioljubuski.ba\/wp-content\/uploads\/2021\/08\/HN20200907712775-1-696x455-1.jpg\" \/>\n\t<meta property=\"og:image:width\" content=\"696\" \/>\n\t<meta property=\"og:image:height\" content=\"455\" \/>\n\t<meta property=\"og:image:type\" content=\"image\/jpeg\" \/>\n<meta name=\"author\" content=\"Radio Ljubu\u0161ki\" \/>\n<meta name=\"twitter:card\" content=\"summary_large_image\" \/>\n<meta name=\"twitter:creator\" content=\"@radioljubuski\" \/>\n<meta name=\"twitter:site\" content=\"@radioljubuski\" \/>\n<meta name=\"twitter:label1\" content=\"Napisao\/la\" \/>\n\t<meta name=\"twitter:data1\" content=\"Radio Ljubu\u0161ki\" \/>\n\t<meta name=\"twitter:label2\" content=\"Procijenjeno vrijeme \u010ditanja\" \/>\n\t<meta name=\"twitter:data2\" content=\"2 minute\" \/>\n<script type=\"application\/ld+json\" class=\"yoast-schema-graph\">{\"@context\":\"https:\\\/\\\/schema.org\",\"@graph\":[{\"@type\":\"Article\",\"@id\":\"https:\\\/\\\/radioljubuski.ba\\\/index.php\\\/2021\\\/08\\\/20\\\/jos-se-ne-zna-kako-ce-izgledati-nova-skolska-godina-u-rh-hoce-li-cijepljenje-ucitelja-biti-obvezno\\\/#article\",\"isPartOf\":{\"@id\":\"https:\\\/\\\/radioljubuski.ba\\\/index.php\\\/2021\\\/08\\\/20\\\/jos-se-ne-zna-kako-ce-izgledati-nova-skolska-godina-u-rh-hoce-li-cijepljenje-ucitelja-biti-obvezno\\\/\"},\"author\":{\"name\":\"Radio Ljubu\u0161ki\",\"@id\":\"https:\\\/\\\/radioljubuski.ba\\\/#\\\/schema\\\/person\\\/19fc700381a780f69665d7956c469e3b\"},\"headline\":\"Jo\u0161 se ne zna kako \u0107e izgledati nova \u0161kolska godina u RH: Ho\u0107e li cijepljenje u\u010ditelja biti obvezno?\",\"datePublished\":\"2021-08-20T08:28:40+00:00\",\"mainEntityOfPage\":{\"@id\":\"https:\\\/\\\/radioljubuski.ba\\\/index.php\\\/2021\\\/08\\\/20\\\/jos-se-ne-zna-kako-ce-izgledati-nova-skolska-godina-u-rh-hoce-li-cijepljenje-ucitelja-biti-obvezno\\\/\"},\"wordCount\":375,\"publisher\":{\"@id\":\"https:\\\/\\\/radioljubuski.ba\\\/#organization\"},\"image\":{\"@id\":\"https:\\\/\\\/radioljubuski.ba\\\/index.php\\\/2021\\\/08\\\/20\\\/jos-se-ne-zna-kako-ce-izgledati-nova-skolska-godina-u-rh-hoce-li-cijepljenje-ucitelja-biti-obvezno\\\/#primaryimage\"},\"thumbnailUrl\":\"https:\\\/\\\/radioljubuski.ba\\\/wp-content\\\/uploads\\\/2021\\\/08\\\/HN20200907712775-1-696x455-1.jpg\",\"articleSection\":[\"BIH i regija\"],\"inLanguage\":\"hr\"},{\"@type\":\"WebPage\",\"@id\":\"https:\\\/\\\/radioljubuski.ba\\\/index.php\\\/2021\\\/08\\\/20\\\/jos-se-ne-zna-kako-ce-izgledati-nova-skolska-godina-u-rh-hoce-li-cijepljenje-ucitelja-biti-obvezno\\\/\",\"url\":\"https:\\\/\\\/radioljubuski.ba\\\/index.php\\\/2021\\\/08\\\/20\\\/jos-se-ne-zna-kako-ce-izgledati-nova-skolska-godina-u-rh-hoce-li-cijepljenje-ucitelja-biti-obvezno\\\/\",\"name\":\"Jo\u0161 se ne zna kako \u0107e izgledati nova \u0161kolska godina u RH: Ho\u0107e li cijepljenje u\u010ditelja biti obvezno? - RADIO LJUBU\u0160KI\",\"isPartOf\":{\"@id\":\"https:\\\/\\\/radioljubuski.ba\\\/#website\"},\"primaryImageOfPage\":{\"@id\":\"https:\\\/\\\/radioljubuski.ba\\\/index.php\\\/2021\\\/08\\\/20\\\/jos-se-ne-zna-kako-ce-izgledati-nova-skolska-godina-u-rh-hoce-li-cijepljenje-ucitelja-biti-obvezno\\\/#primaryimage\"},\"image\":{\"@id\":\"https:\\\/\\\/radioljubuski.ba\\\/index.php\\\/2021\\\/08\\\/20\\\/jos-se-ne-zna-kako-ce-izgledati-nova-skolska-godina-u-rh-hoce-li-cijepljenje-ucitelja-biti-obvezno\\\/#primaryimage\"},\"thumbnailUrl\":\"https:\\\/\\\/radioljubuski.ba\\\/wp-content\\\/uploads\\\/2021\\\/08\\\/HN20200907712775-1-696x455-1.jpg\",\"datePublished\":\"2021-08-20T08:28:40+00:00\",\"breadcrumb\":{\"@id\":\"https:\\\/\\\/radioljubuski.ba\\\/index.php\\\/2021\\\/08\\\/20\\\/jos-se-ne-zna-kako-ce-izgledati-nova-skolska-godina-u-rh-hoce-li-cijepljenje-ucitelja-biti-obvezno\\\/#breadcrumb\"},\"inLanguage\":\"hr\",\"potentialAction\":[{\"@type\":\"ReadAction\",\"target\":[\"https:\\\/\\\/radioljubuski.ba\\\/index.php\\\/2021\\\/08\\\/20\\\/jos-se-ne-zna-kako-ce-izgledati-nova-skolska-godina-u-rh-hoce-li-cijepljenje-ucitelja-biti-obvezno\\\/\"]}]},{\"@type\":\"ImageObject\",\"inLanguage\":\"hr\",\"@id\":\"https:\\\/\\\/radioljubuski.ba\\\/index.php\\\/2021\\\/08\\\/20\\\/jos-se-ne-zna-kako-ce-izgledati-nova-skolska-godina-u-rh-hoce-li-cijepljenje-ucitelja-biti-obvezno\\\/#primaryimage\",\"url\":\"https:\\\/\\\/radioljubuski.ba\\\/wp-content\\\/uploads\\\/2021\\\/08\\\/HN20200907712775-1-696x455-1.jpg\",\"contentUrl\":\"https:\\\/\\\/radioljubuski.ba\\\/wp-content\\\/uploads\\\/2021\\\/08\\\/HN20200907712775-1-696x455-1.jpg\",\"width\":696,\"height\":455},{\"@type\":\"BreadcrumbList\",\"@id\":\"https:\\\/\\\/radioljubuski.ba\\\/index.php\\\/2021\\\/08\\\/20\\\/jos-se-ne-zna-kako-ce-izgledati-nova-skolska-godina-u-rh-hoce-li-cijepljenje-ucitelja-biti-obvezno\\\/#breadcrumb\",\"itemListElement\":[{\"@type\":\"ListItem\",\"position\":1,\"name\":\"Po\u010detna stranica\",\"item\":\"https:\\\/\\\/radioljubuski.ba\\\/\"},{\"@type\":\"ListItem\",\"position\":2,\"name\":\"Jo\u0161 se ne zna kako \u0107e izgledati nova \u0161kolska godina u RH: Ho\u0107e li cijepljenje u\u010ditelja biti obvezno?\"}]},{\"@type\":\"WebSite\",\"@id\":\"https:\\\/\\\/radioljubuski.ba\\\/#website\",\"url\":\"https:\\\/\\\/radioljubuski.ba\\\/\",\"name\":\"Radio Ljubu\u0161ki\",\"description\":\"Sun\u010dana frekvencija Hercegovine\",\"publisher\":{\"@id\":\"https:\\\/\\\/radioljubuski.ba\\\/#organization\"},\"potentialAction\":[{\"@type\":\"SearchAction\",\"target\":{\"@type\":\"EntryPoint\",\"urlTemplate\":\"https:\\\/\\\/radioljubuski.ba\\\/?s={search_term_string}\"},\"query-input\":{\"@type\":\"PropertyValueSpecification\",\"valueRequired\":true,\"valueName\":\"search_term_string\"}}],\"inLanguage\":\"hr\"},{\"@type\":\"Organization\",\"@id\":\"https:\\\/\\\/radioljubuski.ba\\\/#organization\",\"name\":\"Radio Ljubu\u0161ki\",\"url\":\"https:\\\/\\\/radioljubuski.ba\\\/\",\"logo\":{\"@type\":\"ImageObject\",\"inLanguage\":\"hr\",\"@id\":\"https:\\\/\\\/radioljubuski.ba\\\/#\\\/schema\\\/logo\\\/image\\\/\",\"url\":\"https:\\\/\\\/radioljubuski.ba\\\/wp-content\\\/uploads\\\/2021\\\/02\\\/cropped-Radio_Ljubuski_logo1.jpg\",\"contentUrl\":\"https:\\\/\\\/radioljubuski.ba\\\/wp-content\\\/uploads\\\/2021\\\/02\\\/cropped-Radio_Ljubuski_logo1.jpg\",\"width\":512,\"height\":512,\"caption\":\"Radio Ljubu\u0161ki\"},\"image\":{\"@id\":\"https:\\\/\\\/radioljubuski.ba\\\/#\\\/schema\\\/logo\\\/image\\\/\"},\"sameAs\":[\"https:\\\/\\\/www.facebook.com\\\/Radiio-Ljubuski-1490835324566332\",\"https:\\\/\\\/x.com\\\/radioljubuski\",\"https:\\\/\\\/hr.linkedin.com\\\/company\\\/radio-ljubuski\",\"https:\\\/\\\/www.youtube.com\\\/channel\\\/UCHYaeO_n0Db3tjNGudGpXyw\"]},{\"@type\":\"Person\",\"@id\":\"https:\\\/\\\/radioljubuski.ba\\\/#\\\/schema\\\/person\\\/19fc700381a780f69665d7956c469e3b\",\"name\":\"Radio Ljubu\u0161ki\"}]}<\/script>\n<!-- \/ Yoast SEO plugin. -->","yoast_head_json":{"title":"Jo\u0161 se ne zna kako \u0107e izgledati nova \u0161kolska godina u RH: Ho\u0107e li cijepljenje u\u010ditelja biti obvezno? - RADIO LJUBU\u0160KI","robots":{"index":"index","follow":"follow","max-snippet":"max-snippet:-1","max-image-preview":"max-image-preview:large","max-video-preview":"max-video-preview:-1"},"canonical":"https:\/\/radioljubuski.ba\/index.php\/2021\/08\/20\/jos-se-ne-zna-kako-ce-izgledati-nova-skolska-godina-u-rh-hoce-li-cijepljenje-ucitelja-biti-obvezno\/","og_locale":"hr_HR","og_type":"article","og_title":"Jo\u0161 se ne zna kako \u0107e izgledati nova \u0161kolska godina u RH: Ho\u0107e li cijepljenje u\u010ditelja biti obvezno? - RADIO LJUBU\u0160KI","og_description":"Jo\u0161 uvijek se ne zna kako \u0107e izgledati nova \u0161kolska godina. Razmatraju se razli\u010diti modeli, a sve \u0107e ovisiti o brojevima oboljelih i procjeni epidemiologa, javlja N1. U\u010ditelji su na ljetni godi\u0161nji odmor oti\u0161li s nepoznanicom \u2013 ho\u0107e li im cijepljenje postati obveza ili ne. Sada ih je procijepljeno oko polovinu, iako obveze nema. \u201cU [&hellip;]","og_url":"https:\/\/radioljubuski.ba\/index.php\/2021\/08\/20\/jos-se-ne-zna-kako-ce-izgledati-nova-skolska-godina-u-rh-hoce-li-cijepljenje-ucitelja-biti-obvezno\/","og_site_name":"RADIO LJUBU\u0160KI","article_publisher":"https:\/\/www.facebook.com\/Radiio-Ljubuski-1490835324566332","article_published_time":"2021-08-20T08:28:40+00:00","og_image":[{"width":696,"height":455,"url":"https:\/\/radioljubuski.ba\/wp-content\/uploads\/2021\/08\/HN20200907712775-1-696x455-1.jpg","type":"image\/jpeg"}],"author":"Radio Ljubu\u0161ki","twitter_card":"summary_large_image","twitter_creator":"@radioljubuski","twitter_site":"@radioljubuski","twitter_misc":{"Napisao\/la":"Radio Ljubu\u0161ki","Procijenjeno vrijeme \u010ditanja":"2 minute"},"schema":{"@context":"https:\/\/schema.org","@graph":[{"@type":"Article","@id":"https:\/\/radioljubuski.ba\/index.php\/2021\/08\/20\/jos-se-ne-zna-kako-ce-izgledati-nova-skolska-godina-u-rh-hoce-li-cijepljenje-ucitelja-biti-obvezno\/#article","isPartOf":{"@id":"https:\/\/radioljubuski.ba\/index.php\/2021\/08\/20\/jos-se-ne-zna-kako-ce-izgledati-nova-skolska-godina-u-rh-hoce-li-cijepljenje-ucitelja-biti-obvezno\/"},"author":{"name":"Radio Ljubu\u0161ki","@id":"https:\/\/radioljubuski.ba\/#\/schema\/person\/19fc700381a780f69665d7956c469e3b"},"headline":"Jo\u0161 se ne zna kako \u0107e izgledati nova \u0161kolska godina u RH: Ho\u0107e li cijepljenje u\u010ditelja biti obvezno?","datePublished":"2021-08-20T08:28:40+00:00","mainEntityOfPage":{"@id":"https:\/\/radioljubuski.ba\/index.php\/2021\/08\/20\/jos-se-ne-zna-kako-ce-izgledati-nova-skolska-godina-u-rh-hoce-li-cijepljenje-ucitelja-biti-obvezno\/"},"wordCount":375,"publisher":{"@id":"https:\/\/radioljubuski.ba\/#organization"},"image":{"@id":"https:\/\/radioljubuski.ba\/index.php\/2021\/08\/20\/jos-se-ne-zna-kako-ce-izgledati-nova-skolska-godina-u-rh-hoce-li-cijepljenje-ucitelja-biti-obvezno\/#primaryimage"},"thumbnailUrl":"https:\/\/radioljubuski.ba\/wp-content\/uploads\/2021\/08\/HN20200907712775-1-696x455-1.jpg","articleSection":["BIH i regija"],"inLanguage":"hr"},{"@type":"WebPage","@id":"https:\/\/radioljubuski.ba\/index.php\/2021\/08\/20\/jos-se-ne-zna-kako-ce-izgledati-nova-skolska-godina-u-rh-hoce-li-cijepljenje-ucitelja-biti-obvezno\/","url":"https:\/\/radioljubuski.ba\/index.php\/2021\/08\/20\/jos-se-ne-zna-kako-ce-izgledati-nova-skolska-godina-u-rh-hoce-li-cijepljenje-ucitelja-biti-obvezno\/","name":"Jo\u0161 se ne zna kako \u0107e izgledati nova \u0161kolska godina u RH: Ho\u0107e li cijepljenje u\u010ditelja biti obvezno? - RADIO LJUBU\u0160KI","isPartOf":{"@id":"https:\/\/radioljubuski.ba\/#website"},"primaryImageOfPage":{"@id":"https:\/\/radioljubuski.ba\/index.php\/2021\/08\/20\/jos-se-ne-zna-kako-ce-izgledati-nova-skolska-godina-u-rh-hoce-li-cijepljenje-ucitelja-biti-obvezno\/#primaryimage"},"image":{"@id":"https:\/\/radioljubuski.ba\/index.php\/2021\/08\/20\/jos-se-ne-zna-kako-ce-izgledati-nova-skolska-godina-u-rh-hoce-li-cijepljenje-ucitelja-biti-obvezno\/#primaryimage"},"thumbnailUrl":"https:\/\/radioljubuski.ba\/wp-content\/uploads\/2021\/08\/HN20200907712775-1-696x455-1.jpg","datePublished":"2021-08-20T08:28:40+00:00","breadcrumb":{"@id":"https:\/\/radioljubuski.ba\/index.php\/2021\/08\/20\/jos-se-ne-zna-kako-ce-izgledati-nova-skolska-godina-u-rh-hoce-li-cijepljenje-ucitelja-biti-obvezno\/#breadcrumb"},"inLanguage":"hr","potentialAction":[{"@type":"ReadAction","target":["https:\/\/radioljubuski.ba\/index.php\/2021\/08\/20\/jos-se-ne-zna-kako-ce-izgledati-nova-skolska-godina-u-rh-hoce-li-cijepljenje-ucitelja-biti-obvezno\/"]}]},{"@type":"ImageObject","inLanguage":"hr","@id":"https:\/\/radioljubuski.ba\/index.php\/2021\/08\/20\/jos-se-ne-zna-kako-ce-izgledati-nova-skolska-godina-u-rh-hoce-li-cijepljenje-ucitelja-biti-obvezno\/#primaryimage","url":"https:\/\/radioljubuski.ba\/wp-content\/uploads\/2021\/08\/HN20200907712775-1-696x455-1.jpg","contentUrl":"https:\/\/radioljubuski.ba\/wp-content\/uploads\/2021\/08\/HN20200907712775-1-696x455-1.jpg","width":696,"height":455},{"@type":"BreadcrumbList","@id":"https:\/\/radioljubuski.ba\/index.php\/2021\/08\/20\/jos-se-ne-zna-kako-ce-izgledati-nova-skolska-godina-u-rh-hoce-li-cijepljenje-ucitelja-biti-obvezno\/#breadcrumb","itemListElement":[{"@type":"ListItem","position":1,"name":"Po\u010detna stranica","item":"https:\/\/radioljubuski.ba\/"},{"@type":"ListItem","position":2,"name":"Jo\u0161 se ne zna kako \u0107e izgledati nova \u0161kolska godina u RH: Ho\u0107e li cijepljenje u\u010ditelja biti obvezno?"}]},{"@type":"WebSite","@id":"https:\/\/radioljubuski.ba\/#website","url":"https:\/\/radioljubuski.ba\/","name":"Radio Ljubu\u0161ki","description":"Sun\u010dana frekvencija Hercegovine","publisher":{"@id":"https:\/\/radioljubuski.ba\/#organization"},"potentialAction":[{"@type":"SearchAction","target":{"@type":"EntryPoint","urlTemplate":"https:\/\/radioljubuski.ba\/?s={search_term_string}"},"query-input":{"@type":"PropertyValueSpecification","valueRequired":true,"valueName":"search_term_string"}}],"inLanguage":"hr"},{"@type":"Organization","@id":"https:\/\/radioljubuski.ba\/#organization","name":"Radio Ljubu\u0161ki","url":"https:\/\/radioljubuski.ba\/","logo":{"@type":"ImageObject","inLanguage":"hr","@id":"https:\/\/radioljubuski.ba\/#\/schema\/logo\/image\/","url":"https:\/\/radioljubuski.ba\/wp-content\/uploads\/2021\/02\/cropped-Radio_Ljubuski_logo1.jpg","contentUrl":"https:\/\/radioljubuski.ba\/wp-content\/uploads\/2021\/02\/cropped-Radio_Ljubuski_logo1.jpg","width":512,"height":512,"caption":"Radio Ljubu\u0161ki"},"image":{"@id":"https:\/\/radioljubuski.ba\/#\/schema\/logo\/image\/"},"sameAs":["https:\/\/www.facebook.com\/Radiio-Ljubuski-1490835324566332","https:\/\/x.com\/radioljubuski","https:\/\/hr.linkedin.com\/company\/radio-ljubuski","https:\/\/www.youtube.com\/channel\/UCHYaeO_n0Db3tjNGudGpXyw"]},{"@type":"Person","@id":"https:\/\/radioljubuski.ba\/#\/schema\/person\/19fc700381a780f69665d7956c469e3b","name":"Radio Ljubu\u0161ki"}]}},"_links":{"self":[{"href":"https:\/\/radioljubuski.ba\/index.php\/wp-json\/wp\/v2\/posts\/55427","targetHints":{"allow":["GET"]}}],"collection":[{"href":"https:\/\/radioljubuski.ba\/index.php\/wp-json\/wp\/v2\/posts"}],"about":[{"href":"https:\/\/radioljubuski.ba\/index.php\/wp-json\/wp\/v2\/types\/post"}],"author":[{"embeddable":true,"href":"https:\/\/radioljubuski.ba\/index.php\/wp-json\/wp\/v2\/users\/2"}],"replies":[{"embeddable":true,"href":"https:\/\/radioljubuski.ba\/index.php\/wp-json\/wp\/v2\/comments?post=55427"}],"version-history":[{"count":1,"href":"https:\/\/radioljubuski.ba\/index.php\/wp-json\/wp\/v2\/posts\/55427\/revisions"}],"predecessor-version":[{"id":55429,"href":"https:\/\/radioljubuski.ba\/index.php\/wp-json\/wp\/v2\/posts\/55427\/revisions\/55429"}],"wp:featuredmedia":[{"embeddable":true,"href":"https:\/\/radioljubuski.ba\/index.php\/wp-json\/wp\/v2\/media\/55428"}],"wp:attachment":[{"href":"https:\/\/radioljubuski.ba\/index.php\/wp-json\/wp\/v2\/media?parent=55427"}],"wp:term":[{"taxonomy":"category","embeddable":true,"href":"https:\/\/radioljubuski.ba\/index.php\/wp-json\/wp\/v2\/categories?post=55427"},{"taxonomy":"post_tag","embeddable":true,"href":"https:\/\/radioljubuski.ba\/index.php\/wp-json\/wp\/v2\/tags?post=55427"}],"curies":[{"name":"wp","href":"https:\/\/api.w.org\/{rel}","templated":true}]}}