{"id":55430,"date":"2021-08-20T09:30:23","date_gmt":"2021-08-20T08:30:23","guid":{"rendered":"https:\/\/radioljubuski.ba\/?p=55430"},"modified":"2021-08-20T09:30:23","modified_gmt":"2021-08-20T08:30:23","slug":"poi-kralj-od-emocija-sam-puknuo-u-sebi","status":"publish","type":"post","link":"https:\/\/radioljubuski.ba\/index.php\/2021\/08\/20\/poi-kralj-od-emocija-sam-puknuo-u-sebi\/","title":{"rendered":"POI &#8211; Kralj: Od emocija sam puknuo u sebi"},"content":{"rendered":"\n<p>Od 24. kolovoza do 5. rujna u Tokiju \u0107e se odr\u017eati 16. izdanje ljetnih Paraolimpijskih igara na kojima se o\u010dekuje nastup oko 4.400 parasporta\u0161a iz vi\u0161e od 140 zemalja, me\u0111u kojima i 22 hrvatska predstavnika koji \u0107e nastupiti u osam sportova.<\/p>\n\n\n\n<p>Hrvatska je do sada na ljetnim POI osvojila 19 medalja pri \u010demu pet zlata, pet srebra i devet bronci.<br><br>Prvu medalju pod hrvatskom zastavom osvojila je<strong> Milka Milinkovi\u0107<\/strong> koja je u Barceloni 1992. bila tre\u0107a u bacanju koplja, dok je prvo zlato dohvatio <strong>Darko Kralj <\/strong>u Pekingu 2008. u bacanju kugle. Najvi\u0161e medalja, i to \u010detiri bronce ima pliva\u010d <strong>Mihovil \u0160panja<\/strong>.<br><br>Kralj je zlato osvojio 10. rujna 2008. pred vi\u0161e od 80.000 gledatelja u &#8220;Pti\u010djem gnijezdu&#8221; nakon \u0161to je u pet od \u0161est hitaca prebacio svjetski rekord. Od tada je pro\u0161lo vi\u0161e od 12 godina, no sje\u0107anja na najve\u0107i trenutak sportske karijere jo\u0161 uvijek su svje\u017ea.<br><br>&#8211; Izlazak na stadion je bio poseban, moj bo\u017ee koliki je bio velik, a meni se \u010dini da nema praznog mjesta u gledali\u0161tu. Pomislio sam tada nemoj sada od sramote podbaciti, kazao je za Hinu.<br><br>Ne samo da nije podbacio, ve\u0107 je u pet od \u0161est hitaca prebacio svjetski rekord. Kralj je i u Peking stigao kao vlasnik svjetskog rekorda (14.04), me\u0111utim ve\u0107 u prvoj seriji je nadma\u0161io taj rezultat baciv\u0161i kuglu na 14.10 metara. Jo\u0161 \u010detiri puta je ru\u0161io rekord (14.12, 14.23, 14,32, 14.43) i na koncu slavio s rezultatom 14.43, ostaviv\u0161i najve\u0107eg konkurenta Rusa <strong>Maksima Naro\u017enija <\/strong>za 51 centimetara.<br><br>Posebno pamti trenutak kada se na stadionu zavijorila hrvatska zastava i krenuli taktovi &#8220;Lijepe na\u0161e&#8221;.<br><br>&#8211; Od emocija sam puknuo u sebi i da nisam imao ko\u010dnicu na koljenu poteze ja mislim da bi se sru\u0161io. Trenutak kada slu\u0161a\u0161 svoju himnu na stadionu je ne\u0161to najljep\u0161e \u0161to jedan sporta\u0161 mo\u017ee posti\u0107i, u tom trenutku sve muke i svi bolovi se zaborave. I danas mi se suze zarose kada gledam na\u0161e sporta\u0161e i kada krene himna, kao da sve ponovo prolazim, dodao je.<\/p>\n\n\n\n<p>Kralj je ro\u0111en u Gare\u0161nici, a djetinjstvo je proveo u Grubi\u0161nom Polju gdje i danas \u017eivi. U mladosti se bavio rukometom i sportskim ribolovom, a strastveni je lovac. U Domovinskom ratu djelovao je kao pripadnik pri\u010duvnog sastava MUP-a te postrojbe za posebne namjene, no te\u0161ka ozljeda preokrenula je njegov \u017eivot.<br><br>U granatiranju Dalja momak od 20 godina ostao je bez dijela noge i nagledao se patnji i stradavanja svojih prijatelja i suboraca. Bio je 14 dana u komi s malim izgledima za pre\u017eivljavanje. Ve\u0107 su ga planirali isklju\u010diti s aparata.<br><br>Priznao je kako su ga spasili obitelj, sport i vjera. Sportu se odlu\u010dio vratiti 2004. godine, a potom ga je pod svoje uzeo trener <strong>Ivan Ivan\u010di\u0107<\/strong>. Od po\u010detnika koji je vje\u017ebao ispred ku\u0107e stigao je do &#8220;sportskog olimpa&#8221;.<\/p>\n\n\n\n<p>Na jednom od posljednjih natjecanja prije POI u svibnju 2016. u Rijeci je prvi put bacio svjetski rekord 14.04.<br><br>Posebna su pri\u010da treninzi uo\u010di samog natjecanja u Pekingu kada je &#8220;Tren\u0111o&#8221; Ivan\u010di\u0107 igrao psiholo\u0161ke igrice sa najve\u0107im suparnicima kako bi &#8220;sakrio&#8221; koliko Kralj mo\u017ee baciti kuglu. Ubrzo su doznali. U pet od \u0161est hitaca prebacio je svjetski rekord i osvojio zlato.<br><br>Pobjedu je poklonio svojoj supruzi <strong>Terezi <\/strong>i sinovima <strong>Marku, Ivanu<\/strong> i <strong>Josipu<\/strong>, te stanovnicima Grubi\u0161nog Polja. Supruga je njegov nastup pratila na stadionu, dok su sinovi de\u017eurali uz mobitele kod ku\u0107e.<br><br>\u010cetiri godine kasnije uo\u010di nastupa na POI u Londonu imao je velikih problema sa zdravljem. Lije\u010dio je ozljedu za ozljedom. Imao je rupturu jedinog cijelog mi\u0161i\u0107a na desnoj potkoljenicu, pa upalu \u017eivca ispod lijeve lopatice, da bi mu se u petom mjestu pomaknuo jedan od gelera u koljenu.<br><br>&#8211; Sve smo bazirali na prvom hicu. I koljeno je izdr\u017ealo taj jedan poku\u0161aj. Moram napomenuti da nisu spajali kategorije, opet bi bio prvi u kategoriji natkoljenih amputiraca, ali da mi je netko prije polaska u London rekao da \u0107u osvojiti bilo koju medalju, odmah bi potpisao.<br><br>London \u0107e pamtiti i po tome \u0161to je na sve\u010danosti otvaranja nosio hrvatsku zastavu.<br><br>&#8211; Bila je to velika \u010dast. Morao sam biti u kolicima jer tada nisam mogao prehodati 300 metara, a \u010dekao me nastup.<br><br>Gurala ga je atleti\u010darka <strong>Marija Ivekovi\u0107<\/strong>.<br><br>&#8211; Marija je prije Londona rodila, pa me kada god smo stali, ljuljala u kolicima kao da gura svoju bebu. Morao sam je zamoliti da to ne radi jer bi mogao dobit morsku bolest, prisjetio se sa smije\u0161kom.<br><br>U karijeri je osvojio i srebro, te broncu na svjetskim prvenstvima. Danas je predsjednik atletskog kluba osoba s invaliditetom Otos &#8211; Grubi\u0161no Polje, \u010dlan je Nadzornog odbora HASOSI. te \u010dlan zaklade paraolimpijaca.<\/p>\n\n\n\n<p>Izvor:hrt.hr<\/p>\n","protected":false},"excerpt":{"rendered":"<p>Od 24. kolovoza do 5. rujna u Tokiju \u0107e se odr\u017eati 16. izdanje ljetnih Paraolimpijskih igara na kojima se o\u010dekuje nastup oko 4.400 parasporta\u0161a iz vi\u0161e od 140 zemalja, me\u0111u kojima i 22 hrvatska predstavnika koji \u0107e nastupiti u osam sportova. Hrvatska je do sada na ljetnim POI osvojila 19 medalja pri \u010demu pet zlata, [&hellip;]<\/p>\n","protected":false},"author":2,"featured_media":55431,"comment_status":"closed","ping_status":"closed","sticky":false,"template":"","format":"standard","meta":{"h5ap_radio_sources":[],"footnotes":""},"categories":[7],"tags":[],"class_list":["post-55430","post","type-post","status-publish","format-standard","has-post-thumbnail","hentry","category-sport"],"yoast_head":"<!-- This site is optimized with the Yoast SEO plugin v27.5 - https:\/\/yoast.com\/product\/yoast-seo-wordpress\/ -->\n<title>POI - Kralj: Od emocija sam puknuo u sebi - RADIO LJUBU\u0160KI<\/title>\n<meta name=\"robots\" content=\"index, follow, max-snippet:-1, max-image-preview:large, max-video-preview:-1\" \/>\n<link rel=\"canonical\" href=\"https:\/\/radioljubuski.ba\/index.php\/2021\/08\/20\/poi-kralj-od-emocija-sam-puknuo-u-sebi\/\" \/>\n<meta property=\"og:locale\" content=\"hr_HR\" \/>\n<meta property=\"og:type\" content=\"article\" \/>\n<meta property=\"og:title\" content=\"POI - Kralj: Od emocija sam puknuo u sebi - RADIO LJUBU\u0160KI\" \/>\n<meta property=\"og:description\" content=\"Od 24. kolovoza do 5. rujna u Tokiju \u0107e se odr\u017eati 16. izdanje ljetnih Paraolimpijskih igara na kojima se o\u010dekuje nastup oko 4.400 parasporta\u0161a iz vi\u0161e od 140 zemalja, me\u0111u kojima i 22 hrvatska predstavnika koji \u0107e nastupiti u osam sportova. Hrvatska je do sada na ljetnim POI osvojila 19 medalja pri \u010demu pet zlata, [&hellip;]\" \/>\n<meta property=\"og:url\" content=\"https:\/\/radioljubuski.ba\/index.php\/2021\/08\/20\/poi-kralj-od-emocija-sam-puknuo-u-sebi\/\" \/>\n<meta property=\"og:site_name\" content=\"RADIO LJUBU\u0160KI\" \/>\n<meta property=\"article:publisher\" content=\"https:\/\/www.facebook.com\/Radiio-Ljubuski-1490835324566332\" \/>\n<meta property=\"article:published_time\" content=\"2021-08-20T08:30:23+00:00\" \/>\n<meta property=\"og:image\" content=\"https:\/\/radioljubuski.ba\/wp-content\/uploads\/2021\/08\/279532.jpg\" \/>\n\t<meta property=\"og:image:width\" content=\"730\" \/>\n\t<meta property=\"og:image:height\" content=\"487\" \/>\n\t<meta property=\"og:image:type\" content=\"image\/jpeg\" \/>\n<meta name=\"author\" content=\"Radio Ljubu\u0161ki\" \/>\n<meta name=\"twitter:card\" content=\"summary_large_image\" \/>\n<meta name=\"twitter:creator\" content=\"@radioljubuski\" \/>\n<meta name=\"twitter:site\" content=\"@radioljubuski\" \/>\n<meta name=\"twitter:label1\" content=\"Napisao\/la\" \/>\n\t<meta name=\"twitter:data1\" content=\"Radio Ljubu\u0161ki\" \/>\n\t<meta name=\"twitter:label2\" content=\"Procijenjeno vrijeme \u010ditanja\" \/>\n\t<meta name=\"twitter:data2\" content=\"4 minute\" \/>\n<script type=\"application\/ld+json\" class=\"yoast-schema-graph\">{\"@context\":\"https:\\\/\\\/schema.org\",\"@graph\":[{\"@type\":\"Article\",\"@id\":\"https:\\\/\\\/radioljubuski.ba\\\/index.php\\\/2021\\\/08\\\/20\\\/poi-kralj-od-emocija-sam-puknuo-u-sebi\\\/#article\",\"isPartOf\":{\"@id\":\"https:\\\/\\\/radioljubuski.ba\\\/index.php\\\/2021\\\/08\\\/20\\\/poi-kralj-od-emocija-sam-puknuo-u-sebi\\\/\"},\"author\":{\"name\":\"Radio Ljubu\u0161ki\",\"@id\":\"https:\\\/\\\/radioljubuski.ba\\\/#\\\/schema\\\/person\\\/19fc700381a780f69665d7956c469e3b\"},\"headline\":\"POI &#8211; Kralj: Od emocija sam puknuo u sebi\",\"datePublished\":\"2021-08-20T08:30:23+00:00\",\"mainEntityOfPage\":{\"@id\":\"https:\\\/\\\/radioljubuski.ba\\\/index.php\\\/2021\\\/08\\\/20\\\/poi-kralj-od-emocija-sam-puknuo-u-sebi\\\/\"},\"wordCount\":807,\"publisher\":{\"@id\":\"https:\\\/\\\/radioljubuski.ba\\\/#organization\"},\"image\":{\"@id\":\"https:\\\/\\\/radioljubuski.ba\\\/index.php\\\/2021\\\/08\\\/20\\\/poi-kralj-od-emocija-sam-puknuo-u-sebi\\\/#primaryimage\"},\"thumbnailUrl\":\"https:\\\/\\\/radioljubuski.ba\\\/wp-content\\\/uploads\\\/2021\\\/08\\\/279532.jpg\",\"articleSection\":[\"\u0160port\"],\"inLanguage\":\"hr\"},{\"@type\":\"WebPage\",\"@id\":\"https:\\\/\\\/radioljubuski.ba\\\/index.php\\\/2021\\\/08\\\/20\\\/poi-kralj-od-emocija-sam-puknuo-u-sebi\\\/\",\"url\":\"https:\\\/\\\/radioljubuski.ba\\\/index.php\\\/2021\\\/08\\\/20\\\/poi-kralj-od-emocija-sam-puknuo-u-sebi\\\/\",\"name\":\"POI - Kralj: Od emocija sam puknuo u sebi - RADIO LJUBU\u0160KI\",\"isPartOf\":{\"@id\":\"https:\\\/\\\/radioljubuski.ba\\\/#website\"},\"primaryImageOfPage\":{\"@id\":\"https:\\\/\\\/radioljubuski.ba\\\/index.php\\\/2021\\\/08\\\/20\\\/poi-kralj-od-emocija-sam-puknuo-u-sebi\\\/#primaryimage\"},\"image\":{\"@id\":\"https:\\\/\\\/radioljubuski.ba\\\/index.php\\\/2021\\\/08\\\/20\\\/poi-kralj-od-emocija-sam-puknuo-u-sebi\\\/#primaryimage\"},\"thumbnailUrl\":\"https:\\\/\\\/radioljubuski.ba\\\/wp-content\\\/uploads\\\/2021\\\/08\\\/279532.jpg\",\"datePublished\":\"2021-08-20T08:30:23+00:00\",\"breadcrumb\":{\"@id\":\"https:\\\/\\\/radioljubuski.ba\\\/index.php\\\/2021\\\/08\\\/20\\\/poi-kralj-od-emocija-sam-puknuo-u-sebi\\\/#breadcrumb\"},\"inLanguage\":\"hr\",\"potentialAction\":[{\"@type\":\"ReadAction\",\"target\":[\"https:\\\/\\\/radioljubuski.ba\\\/index.php\\\/2021\\\/08\\\/20\\\/poi-kralj-od-emocija-sam-puknuo-u-sebi\\\/\"]}]},{\"@type\":\"ImageObject\",\"inLanguage\":\"hr\",\"@id\":\"https:\\\/\\\/radioljubuski.ba\\\/index.php\\\/2021\\\/08\\\/20\\\/poi-kralj-od-emocija-sam-puknuo-u-sebi\\\/#primaryimage\",\"url\":\"https:\\\/\\\/radioljubuski.ba\\\/wp-content\\\/uploads\\\/2021\\\/08\\\/279532.jpg\",\"contentUrl\":\"https:\\\/\\\/radioljubuski.ba\\\/wp-content\\\/uploads\\\/2021\\\/08\\\/279532.jpg\",\"width\":730,\"height\":487},{\"@type\":\"BreadcrumbList\",\"@id\":\"https:\\\/\\\/radioljubuski.ba\\\/index.php\\\/2021\\\/08\\\/20\\\/poi-kralj-od-emocija-sam-puknuo-u-sebi\\\/#breadcrumb\",\"itemListElement\":[{\"@type\":\"ListItem\",\"position\":1,\"name\":\"Po\u010detna stranica\",\"item\":\"https:\\\/\\\/radioljubuski.ba\\\/\"},{\"@type\":\"ListItem\",\"position\":2,\"name\":\"POI &#8211; Kralj: Od emocija sam puknuo u sebi\"}]},{\"@type\":\"WebSite\",\"@id\":\"https:\\\/\\\/radioljubuski.ba\\\/#website\",\"url\":\"https:\\\/\\\/radioljubuski.ba\\\/\",\"name\":\"Radio Ljubu\u0161ki\",\"description\":\"Sun\u010dana frekvencija Hercegovine\",\"publisher\":{\"@id\":\"https:\\\/\\\/radioljubuski.ba\\\/#organization\"},\"potentialAction\":[{\"@type\":\"SearchAction\",\"target\":{\"@type\":\"EntryPoint\",\"urlTemplate\":\"https:\\\/\\\/radioljubuski.ba\\\/?s={search_term_string}\"},\"query-input\":{\"@type\":\"PropertyValueSpecification\",\"valueRequired\":true,\"valueName\":\"search_term_string\"}}],\"inLanguage\":\"hr\"},{\"@type\":\"Organization\",\"@id\":\"https:\\\/\\\/radioljubuski.ba\\\/#organization\",\"name\":\"Radio Ljubu\u0161ki\",\"url\":\"https:\\\/\\\/radioljubuski.ba\\\/\",\"logo\":{\"@type\":\"ImageObject\",\"inLanguage\":\"hr\",\"@id\":\"https:\\\/\\\/radioljubuski.ba\\\/#\\\/schema\\\/logo\\\/image\\\/\",\"url\":\"https:\\\/\\\/radioljubuski.ba\\\/wp-content\\\/uploads\\\/2021\\\/02\\\/cropped-Radio_Ljubuski_logo1.jpg\",\"contentUrl\":\"https:\\\/\\\/radioljubuski.ba\\\/wp-content\\\/uploads\\\/2021\\\/02\\\/cropped-Radio_Ljubuski_logo1.jpg\",\"width\":512,\"height\":512,\"caption\":\"Radio Ljubu\u0161ki\"},\"image\":{\"@id\":\"https:\\\/\\\/radioljubuski.ba\\\/#\\\/schema\\\/logo\\\/image\\\/\"},\"sameAs\":[\"https:\\\/\\\/www.facebook.com\\\/Radiio-Ljubuski-1490835324566332\",\"https:\\\/\\\/x.com\\\/radioljubuski\",\"https:\\\/\\\/hr.linkedin.com\\\/company\\\/radio-ljubuski\",\"https:\\\/\\\/www.youtube.com\\\/channel\\\/UCHYaeO_n0Db3tjNGudGpXyw\"]},{\"@type\":\"Person\",\"@id\":\"https:\\\/\\\/radioljubuski.ba\\\/#\\\/schema\\\/person\\\/19fc700381a780f69665d7956c469e3b\",\"name\":\"Radio Ljubu\u0161ki\"}]}<\/script>\n<!-- \/ Yoast SEO plugin. -->","yoast_head_json":{"title":"POI - Kralj: Od emocija sam puknuo u sebi - RADIO LJUBU\u0160KI","robots":{"index":"index","follow":"follow","max-snippet":"max-snippet:-1","max-image-preview":"max-image-preview:large","max-video-preview":"max-video-preview:-1"},"canonical":"https:\/\/radioljubuski.ba\/index.php\/2021\/08\/20\/poi-kralj-od-emocija-sam-puknuo-u-sebi\/","og_locale":"hr_HR","og_type":"article","og_title":"POI - Kralj: Od emocija sam puknuo u sebi - RADIO LJUBU\u0160KI","og_description":"Od 24. kolovoza do 5. rujna u Tokiju \u0107e se odr\u017eati 16. izdanje ljetnih Paraolimpijskih igara na kojima se o\u010dekuje nastup oko 4.400 parasporta\u0161a iz vi\u0161e od 140 zemalja, me\u0111u kojima i 22 hrvatska predstavnika koji \u0107e nastupiti u osam sportova. Hrvatska je do sada na ljetnim POI osvojila 19 medalja pri \u010demu pet zlata, [&hellip;]","og_url":"https:\/\/radioljubuski.ba\/index.php\/2021\/08\/20\/poi-kralj-od-emocija-sam-puknuo-u-sebi\/","og_site_name":"RADIO LJUBU\u0160KI","article_publisher":"https:\/\/www.facebook.com\/Radiio-Ljubuski-1490835324566332","article_published_time":"2021-08-20T08:30:23+00:00","og_image":[{"width":730,"height":487,"url":"https:\/\/radioljubuski.ba\/wp-content\/uploads\/2021\/08\/279532.jpg","type":"image\/jpeg"}],"author":"Radio Ljubu\u0161ki","twitter_card":"summary_large_image","twitter_creator":"@radioljubuski","twitter_site":"@radioljubuski","twitter_misc":{"Napisao\/la":"Radio Ljubu\u0161ki","Procijenjeno vrijeme \u010ditanja":"4 minute"},"schema":{"@context":"https:\/\/schema.org","@graph":[{"@type":"Article","@id":"https:\/\/radioljubuski.ba\/index.php\/2021\/08\/20\/poi-kralj-od-emocija-sam-puknuo-u-sebi\/#article","isPartOf":{"@id":"https:\/\/radioljubuski.ba\/index.php\/2021\/08\/20\/poi-kralj-od-emocija-sam-puknuo-u-sebi\/"},"author":{"name":"Radio Ljubu\u0161ki","@id":"https:\/\/radioljubuski.ba\/#\/schema\/person\/19fc700381a780f69665d7956c469e3b"},"headline":"POI &#8211; Kralj: Od emocija sam puknuo u sebi","datePublished":"2021-08-20T08:30:23+00:00","mainEntityOfPage":{"@id":"https:\/\/radioljubuski.ba\/index.php\/2021\/08\/20\/poi-kralj-od-emocija-sam-puknuo-u-sebi\/"},"wordCount":807,"publisher":{"@id":"https:\/\/radioljubuski.ba\/#organization"},"image":{"@id":"https:\/\/radioljubuski.ba\/index.php\/2021\/08\/20\/poi-kralj-od-emocija-sam-puknuo-u-sebi\/#primaryimage"},"thumbnailUrl":"https:\/\/radioljubuski.ba\/wp-content\/uploads\/2021\/08\/279532.jpg","articleSection":["\u0160port"],"inLanguage":"hr"},{"@type":"WebPage","@id":"https:\/\/radioljubuski.ba\/index.php\/2021\/08\/20\/poi-kralj-od-emocija-sam-puknuo-u-sebi\/","url":"https:\/\/radioljubuski.ba\/index.php\/2021\/08\/20\/poi-kralj-od-emocija-sam-puknuo-u-sebi\/","name":"POI - Kralj: Od emocija sam puknuo u sebi - RADIO LJUBU\u0160KI","isPartOf":{"@id":"https:\/\/radioljubuski.ba\/#website"},"primaryImageOfPage":{"@id":"https:\/\/radioljubuski.ba\/index.php\/2021\/08\/20\/poi-kralj-od-emocija-sam-puknuo-u-sebi\/#primaryimage"},"image":{"@id":"https:\/\/radioljubuski.ba\/index.php\/2021\/08\/20\/poi-kralj-od-emocija-sam-puknuo-u-sebi\/#primaryimage"},"thumbnailUrl":"https:\/\/radioljubuski.ba\/wp-content\/uploads\/2021\/08\/279532.jpg","datePublished":"2021-08-20T08:30:23+00:00","breadcrumb":{"@id":"https:\/\/radioljubuski.ba\/index.php\/2021\/08\/20\/poi-kralj-od-emocija-sam-puknuo-u-sebi\/#breadcrumb"},"inLanguage":"hr","potentialAction":[{"@type":"ReadAction","target":["https:\/\/radioljubuski.ba\/index.php\/2021\/08\/20\/poi-kralj-od-emocija-sam-puknuo-u-sebi\/"]}]},{"@type":"ImageObject","inLanguage":"hr","@id":"https:\/\/radioljubuski.ba\/index.php\/2021\/08\/20\/poi-kralj-od-emocija-sam-puknuo-u-sebi\/#primaryimage","url":"https:\/\/radioljubuski.ba\/wp-content\/uploads\/2021\/08\/279532.jpg","contentUrl":"https:\/\/radioljubuski.ba\/wp-content\/uploads\/2021\/08\/279532.jpg","width":730,"height":487},{"@type":"BreadcrumbList","@id":"https:\/\/radioljubuski.ba\/index.php\/2021\/08\/20\/poi-kralj-od-emocija-sam-puknuo-u-sebi\/#breadcrumb","itemListElement":[{"@type":"ListItem","position":1,"name":"Po\u010detna stranica","item":"https:\/\/radioljubuski.ba\/"},{"@type":"ListItem","position":2,"name":"POI &#8211; Kralj: Od emocija sam puknuo u sebi"}]},{"@type":"WebSite","@id":"https:\/\/radioljubuski.ba\/#website","url":"https:\/\/radioljubuski.ba\/","name":"Radio Ljubu\u0161ki","description":"Sun\u010dana frekvencija Hercegovine","publisher":{"@id":"https:\/\/radioljubuski.ba\/#organization"},"potentialAction":[{"@type":"SearchAction","target":{"@type":"EntryPoint","urlTemplate":"https:\/\/radioljubuski.ba\/?s={search_term_string}"},"query-input":{"@type":"PropertyValueSpecification","valueRequired":true,"valueName":"search_term_string"}}],"inLanguage":"hr"},{"@type":"Organization","@id":"https:\/\/radioljubuski.ba\/#organization","name":"Radio Ljubu\u0161ki","url":"https:\/\/radioljubuski.ba\/","logo":{"@type":"ImageObject","inLanguage":"hr","@id":"https:\/\/radioljubuski.ba\/#\/schema\/logo\/image\/","url":"https:\/\/radioljubuski.ba\/wp-content\/uploads\/2021\/02\/cropped-Radio_Ljubuski_logo1.jpg","contentUrl":"https:\/\/radioljubuski.ba\/wp-content\/uploads\/2021\/02\/cropped-Radio_Ljubuski_logo1.jpg","width":512,"height":512,"caption":"Radio Ljubu\u0161ki"},"image":{"@id":"https:\/\/radioljubuski.ba\/#\/schema\/logo\/image\/"},"sameAs":["https:\/\/www.facebook.com\/Radiio-Ljubuski-1490835324566332","https:\/\/x.com\/radioljubuski","https:\/\/hr.linkedin.com\/company\/radio-ljubuski","https:\/\/www.youtube.com\/channel\/UCHYaeO_n0Db3tjNGudGpXyw"]},{"@type":"Person","@id":"https:\/\/radioljubuski.ba\/#\/schema\/person\/19fc700381a780f69665d7956c469e3b","name":"Radio Ljubu\u0161ki"}]}},"_links":{"self":[{"href":"https:\/\/radioljubuski.ba\/index.php\/wp-json\/wp\/v2\/posts\/55430","targetHints":{"allow":["GET"]}}],"collection":[{"href":"https:\/\/radioljubuski.ba\/index.php\/wp-json\/wp\/v2\/posts"}],"about":[{"href":"https:\/\/radioljubuski.ba\/index.php\/wp-json\/wp\/v2\/types\/post"}],"author":[{"embeddable":true,"href":"https:\/\/radioljubuski.ba\/index.php\/wp-json\/wp\/v2\/users\/2"}],"replies":[{"embeddable":true,"href":"https:\/\/radioljubuski.ba\/index.php\/wp-json\/wp\/v2\/comments?post=55430"}],"version-history":[{"count":1,"href":"https:\/\/radioljubuski.ba\/index.php\/wp-json\/wp\/v2\/posts\/55430\/revisions"}],"predecessor-version":[{"id":55432,"href":"https:\/\/radioljubuski.ba\/index.php\/wp-json\/wp\/v2\/posts\/55430\/revisions\/55432"}],"wp:featuredmedia":[{"embeddable":true,"href":"https:\/\/radioljubuski.ba\/index.php\/wp-json\/wp\/v2\/media\/55431"}],"wp:attachment":[{"href":"https:\/\/radioljubuski.ba\/index.php\/wp-json\/wp\/v2\/media?parent=55430"}],"wp:term":[{"taxonomy":"category","embeddable":true,"href":"https:\/\/radioljubuski.ba\/index.php\/wp-json\/wp\/v2\/categories?post=55430"},{"taxonomy":"post_tag","embeddable":true,"href":"https:\/\/radioljubuski.ba\/index.php\/wp-json\/wp\/v2\/tags?post=55430"}],"curies":[{"name":"wp","href":"https:\/\/api.w.org\/{rel}","templated":true}]}}