{"id":55504,"date":"2021-08-20T11:44:47","date_gmt":"2021-08-20T10:44:47","guid":{"rendered":"https:\/\/radioljubuski.ba\/?p=55504"},"modified":"2021-08-20T11:44:48","modified_gmt":"2021-08-20T10:44:48","slug":"pocela-registracija-za-utrku-za-ozdravljenje-race-for-the-cure","status":"publish","type":"post","link":"https:\/\/radioljubuski.ba\/index.php\/2021\/08\/20\/pocela-registracija-za-utrku-za-ozdravljenje-race-for-the-cure\/","title":{"rendered":"Po\u010dela registracija za utrku za ozdravljenje &#8216;Race For the Cure&#8217;"},"content":{"rendered":"\n<p>U okviru programa &#8220;Osna\u017eivanje \u017eena&#8221; Udruga &#8220;Novi pogled&#8221; u petak je na platou ispred Mepas Malla u Mostaru po\u010dela s registracijom za najve\u0107i dru\u0161tveni doga\u0111aj u BiH &#8220;Race for the cure&#8221; u svrhu podizanja svijesti o va\u017enosti borbe protiv raka dojke.<\/p>\n\n\n\n<p>Sudjelovanjem u utrci za ozdravljenje, koja \u0107e biti odr\u017eana 3. listopada ove godine, gra\u0111ani \u0107e dati svoj doprinos u borbi protiv karcinoma.<\/p>\n\n\n\n<p>&#8211; Putem donacije ili uplate simboli\u010dne registracije od 10 maraka na platformi www.raceforthecure.eu na\u0161i sugra\u0111ani doprinose da se u ovim te\u0161kim vremenima nastavi s brojnim aktivnostima prevencije bolesti i potpore oboljelim \u017eenama &#8211; kazala je predsjednica Udruge &#8220;Novi pogled&#8221; Maja Memi\u0107.<\/p>\n\n\n\n<p>Po njezinim rije\u010dima, kompletan iznos od registracije bit \u0107e usmjeren za financiranje mamografskih pregleda u ruralnim podru\u010djima BiH, kao i za pakete za svaku operiranu \u017eenu.<\/p>\n\n\n\n<p>Memi\u0107 je napomenula kako je razdoblje epidemije koronavirusa izrazito te\u0161ko za sve, a posebice za novooperirane \u017eene koje su se tek suo\u010dile s karcinomom.<\/p>\n\n\n\n<p>&#8211; Po na\u0161im saznanjima, ni jedna \u017eena nije zanemarila kontrolni pregled, niti su onkolo\u0161ki pacijenti presko\u010dili terapiju, no problem je u odlascima na preventivne preglede &#8211; kazala je.<\/p>\n\n\n\n<p>Upozorila je kako od po\u010detka epidemije koronavirusa ne rade programi skrininga.<\/p>\n\n\n\n<p>&#8211; Skrining predstavlja prepoznavanje do tada neotkrivene bolesti, kori\u0161tenjem skrining testa u prividno zdravoj, tj. asimptomatskoj ciljnoj populaciji, i njime se ne smanjuje samo mortalitet nego i umanjuje broj novih slu\u010dajevi &#8211; dodala je Memi\u0107.<\/p>\n\n\n\n<p>Izvor:pogled.ba<\/p>\n","protected":false},"excerpt":{"rendered":"<p>U okviru programa &#8220;Osna\u017eivanje \u017eena&#8221; Udruga &#8220;Novi pogled&#8221; u petak je na platou ispred Mepas Malla u Mostaru po\u010dela s registracijom za najve\u0107i dru\u0161tveni doga\u0111aj u BiH &#8220;Race for the cure&#8221; u svrhu podizanja svijesti o va\u017enosti borbe protiv raka dojke. Sudjelovanjem u utrci za ozdravljenje, koja \u0107e biti odr\u017eana 3. listopada ove godine, gra\u0111ani [&hellip;]<\/p>\n","protected":false},"author":2,"featured_media":55505,"comment_status":"closed","ping_status":"closed","sticky":false,"template":"","format":"standard","meta":{"h5ap_radio_sources":[],"footnotes":""},"categories":[1],"tags":[],"class_list":["post-55504","post","type-post","status-publish","format-standard","has-post-thumbnail","hentry","category-bihiregija"],"yoast_head":"<!-- This site is optimized with the Yoast SEO plugin v27.5 - https:\/\/yoast.com\/product\/yoast-seo-wordpress\/ -->\n<title>Po\u010dela registracija za utrku za ozdravljenje &#039;Race For the Cure&#039; - RADIO LJUBU\u0160KI<\/title>\n<meta name=\"robots\" content=\"index, follow, max-snippet:-1, max-image-preview:large, max-video-preview:-1\" \/>\n<link rel=\"canonical\" href=\"https:\/\/radioljubuski.ba\/index.php\/2021\/08\/20\/pocela-registracija-za-utrku-za-ozdravljenje-race-for-the-cure\/\" \/>\n<meta property=\"og:locale\" content=\"hr_HR\" \/>\n<meta property=\"og:type\" content=\"article\" \/>\n<meta property=\"og:title\" content=\"Po\u010dela registracija za utrku za ozdravljenje &#039;Race For the Cure&#039; - RADIO LJUBU\u0160KI\" \/>\n<meta property=\"og:description\" content=\"U okviru programa &#8220;Osna\u017eivanje \u017eena&#8221; Udruga &#8220;Novi pogled&#8221; u petak je na platou ispred Mepas Malla u Mostaru po\u010dela s registracijom za najve\u0107i dru\u0161tveni doga\u0111aj u BiH &#8220;Race for the cure&#8221; u svrhu podizanja svijesti o va\u017enosti borbe protiv raka dojke. Sudjelovanjem u utrci za ozdravljenje, koja \u0107e biti odr\u017eana 3. listopada ove godine, gra\u0111ani [&hellip;]\" \/>\n<meta property=\"og:url\" content=\"https:\/\/radioljubuski.ba\/index.php\/2021\/08\/20\/pocela-registracija-za-utrku-za-ozdravljenje-race-for-the-cure\/\" \/>\n<meta property=\"og:site_name\" content=\"RADIO LJUBU\u0160KI\" \/>\n<meta property=\"article:publisher\" content=\"https:\/\/www.facebook.com\/Radiio-Ljubuski-1490835324566332\" \/>\n<meta property=\"article:published_time\" content=\"2021-08-20T10:44:47+00:00\" \/>\n<meta property=\"article:modified_time\" content=\"2021-08-20T10:44:48+00:00\" \/>\n<meta property=\"og:image\" content=\"https:\/\/radioljubuski.ba\/wp-content\/uploads\/2021\/08\/2-2021-08-20-12-07-58-FNA_146302.jpg\" \/>\n\t<meta property=\"og:image:width\" content=\"1000\" \/>\n\t<meta property=\"og:image:height\" content=\"625\" \/>\n\t<meta property=\"og:image:type\" content=\"image\/jpeg\" \/>\n<meta name=\"author\" content=\"Radio Ljubu\u0161ki\" \/>\n<meta name=\"twitter:card\" content=\"summary_large_image\" \/>\n<meta name=\"twitter:creator\" content=\"@radioljubuski\" \/>\n<meta name=\"twitter:site\" content=\"@radioljubuski\" \/>\n<meta name=\"twitter:label1\" content=\"Napisao\/la\" \/>\n\t<meta name=\"twitter:data1\" content=\"Radio Ljubu\u0161ki\" \/>\n\t<meta name=\"twitter:label2\" content=\"Procijenjeno vrijeme \u010ditanja\" \/>\n\t<meta name=\"twitter:data2\" content=\"1 minuta\" \/>\n<script type=\"application\/ld+json\" class=\"yoast-schema-graph\">{\"@context\":\"https:\\\/\\\/schema.org\",\"@graph\":[{\"@type\":\"Article\",\"@id\":\"https:\\\/\\\/radioljubuski.ba\\\/index.php\\\/2021\\\/08\\\/20\\\/pocela-registracija-za-utrku-za-ozdravljenje-race-for-the-cure\\\/#article\",\"isPartOf\":{\"@id\":\"https:\\\/\\\/radioljubuski.ba\\\/index.php\\\/2021\\\/08\\\/20\\\/pocela-registracija-za-utrku-za-ozdravljenje-race-for-the-cure\\\/\"},\"author\":{\"name\":\"Radio Ljubu\u0161ki\",\"@id\":\"https:\\\/\\\/radioljubuski.ba\\\/#\\\/schema\\\/person\\\/19fc700381a780f69665d7956c469e3b\"},\"headline\":\"Po\u010dela registracija za utrku za ozdravljenje &#8216;Race For the Cure&#8217;\",\"datePublished\":\"2021-08-20T10:44:47+00:00\",\"dateModified\":\"2021-08-20T10:44:48+00:00\",\"mainEntityOfPage\":{\"@id\":\"https:\\\/\\\/radioljubuski.ba\\\/index.php\\\/2021\\\/08\\\/20\\\/pocela-registracija-za-utrku-za-ozdravljenje-race-for-the-cure\\\/\"},\"wordCount\":264,\"publisher\":{\"@id\":\"https:\\\/\\\/radioljubuski.ba\\\/#organization\"},\"image\":{\"@id\":\"https:\\\/\\\/radioljubuski.ba\\\/index.php\\\/2021\\\/08\\\/20\\\/pocela-registracija-za-utrku-za-ozdravljenje-race-for-the-cure\\\/#primaryimage\"},\"thumbnailUrl\":\"https:\\\/\\\/radioljubuski.ba\\\/wp-content\\\/uploads\\\/2021\\\/08\\\/2-2021-08-20-12-07-58-FNA_146302.jpg\",\"articleSection\":[\"BIH i regija\"],\"inLanguage\":\"hr\"},{\"@type\":\"WebPage\",\"@id\":\"https:\\\/\\\/radioljubuski.ba\\\/index.php\\\/2021\\\/08\\\/20\\\/pocela-registracija-za-utrku-za-ozdravljenje-race-for-the-cure\\\/\",\"url\":\"https:\\\/\\\/radioljubuski.ba\\\/index.php\\\/2021\\\/08\\\/20\\\/pocela-registracija-za-utrku-za-ozdravljenje-race-for-the-cure\\\/\",\"name\":\"Po\u010dela registracija za utrku za ozdravljenje 'Race For the Cure' - RADIO LJUBU\u0160KI\",\"isPartOf\":{\"@id\":\"https:\\\/\\\/radioljubuski.ba\\\/#website\"},\"primaryImageOfPage\":{\"@id\":\"https:\\\/\\\/radioljubuski.ba\\\/index.php\\\/2021\\\/08\\\/20\\\/pocela-registracija-za-utrku-za-ozdravljenje-race-for-the-cure\\\/#primaryimage\"},\"image\":{\"@id\":\"https:\\\/\\\/radioljubuski.ba\\\/index.php\\\/2021\\\/08\\\/20\\\/pocela-registracija-za-utrku-za-ozdravljenje-race-for-the-cure\\\/#primaryimage\"},\"thumbnailUrl\":\"https:\\\/\\\/radioljubuski.ba\\\/wp-content\\\/uploads\\\/2021\\\/08\\\/2-2021-08-20-12-07-58-FNA_146302.jpg\",\"datePublished\":\"2021-08-20T10:44:47+00:00\",\"dateModified\":\"2021-08-20T10:44:48+00:00\",\"breadcrumb\":{\"@id\":\"https:\\\/\\\/radioljubuski.ba\\\/index.php\\\/2021\\\/08\\\/20\\\/pocela-registracija-za-utrku-za-ozdravljenje-race-for-the-cure\\\/#breadcrumb\"},\"inLanguage\":\"hr\",\"potentialAction\":[{\"@type\":\"ReadAction\",\"target\":[\"https:\\\/\\\/radioljubuski.ba\\\/index.php\\\/2021\\\/08\\\/20\\\/pocela-registracija-za-utrku-za-ozdravljenje-race-for-the-cure\\\/\"]}]},{\"@type\":\"ImageObject\",\"inLanguage\":\"hr\",\"@id\":\"https:\\\/\\\/radioljubuski.ba\\\/index.php\\\/2021\\\/08\\\/20\\\/pocela-registracija-za-utrku-za-ozdravljenje-race-for-the-cure\\\/#primaryimage\",\"url\":\"https:\\\/\\\/radioljubuski.ba\\\/wp-content\\\/uploads\\\/2021\\\/08\\\/2-2021-08-20-12-07-58-FNA_146302.jpg\",\"contentUrl\":\"https:\\\/\\\/radioljubuski.ba\\\/wp-content\\\/uploads\\\/2021\\\/08\\\/2-2021-08-20-12-07-58-FNA_146302.jpg\",\"width\":1000,\"height\":625},{\"@type\":\"BreadcrumbList\",\"@id\":\"https:\\\/\\\/radioljubuski.ba\\\/index.php\\\/2021\\\/08\\\/20\\\/pocela-registracija-za-utrku-za-ozdravljenje-race-for-the-cure\\\/#breadcrumb\",\"itemListElement\":[{\"@type\":\"ListItem\",\"position\":1,\"name\":\"Po\u010detna stranica\",\"item\":\"https:\\\/\\\/radioljubuski.ba\\\/\"},{\"@type\":\"ListItem\",\"position\":2,\"name\":\"Po\u010dela registracija za utrku za ozdravljenje &#8216;Race For the Cure&#8217;\"}]},{\"@type\":\"WebSite\",\"@id\":\"https:\\\/\\\/radioljubuski.ba\\\/#website\",\"url\":\"https:\\\/\\\/radioljubuski.ba\\\/\",\"name\":\"Radio Ljubu\u0161ki\",\"description\":\"Sun\u010dana frekvencija Hercegovine\",\"publisher\":{\"@id\":\"https:\\\/\\\/radioljubuski.ba\\\/#organization\"},\"potentialAction\":[{\"@type\":\"SearchAction\",\"target\":{\"@type\":\"EntryPoint\",\"urlTemplate\":\"https:\\\/\\\/radioljubuski.ba\\\/?s={search_term_string}\"},\"query-input\":{\"@type\":\"PropertyValueSpecification\",\"valueRequired\":true,\"valueName\":\"search_term_string\"}}],\"inLanguage\":\"hr\"},{\"@type\":\"Organization\",\"@id\":\"https:\\\/\\\/radioljubuski.ba\\\/#organization\",\"name\":\"Radio Ljubu\u0161ki\",\"url\":\"https:\\\/\\\/radioljubuski.ba\\\/\",\"logo\":{\"@type\":\"ImageObject\",\"inLanguage\":\"hr\",\"@id\":\"https:\\\/\\\/radioljubuski.ba\\\/#\\\/schema\\\/logo\\\/image\\\/\",\"url\":\"https:\\\/\\\/radioljubuski.ba\\\/wp-content\\\/uploads\\\/2021\\\/02\\\/cropped-Radio_Ljubuski_logo1.jpg\",\"contentUrl\":\"https:\\\/\\\/radioljubuski.ba\\\/wp-content\\\/uploads\\\/2021\\\/02\\\/cropped-Radio_Ljubuski_logo1.jpg\",\"width\":512,\"height\":512,\"caption\":\"Radio Ljubu\u0161ki\"},\"image\":{\"@id\":\"https:\\\/\\\/radioljubuski.ba\\\/#\\\/schema\\\/logo\\\/image\\\/\"},\"sameAs\":[\"https:\\\/\\\/www.facebook.com\\\/Radiio-Ljubuski-1490835324566332\",\"https:\\\/\\\/x.com\\\/radioljubuski\",\"https:\\\/\\\/hr.linkedin.com\\\/company\\\/radio-ljubuski\",\"https:\\\/\\\/www.youtube.com\\\/channel\\\/UCHYaeO_n0Db3tjNGudGpXyw\"]},{\"@type\":\"Person\",\"@id\":\"https:\\\/\\\/radioljubuski.ba\\\/#\\\/schema\\\/person\\\/19fc700381a780f69665d7956c469e3b\",\"name\":\"Radio Ljubu\u0161ki\"}]}<\/script>\n<!-- \/ Yoast SEO plugin. -->","yoast_head_json":{"title":"Po\u010dela registracija za utrku za ozdravljenje 'Race For the Cure' - RADIO LJUBU\u0160KI","robots":{"index":"index","follow":"follow","max-snippet":"max-snippet:-1","max-image-preview":"max-image-preview:large","max-video-preview":"max-video-preview:-1"},"canonical":"https:\/\/radioljubuski.ba\/index.php\/2021\/08\/20\/pocela-registracija-za-utrku-za-ozdravljenje-race-for-the-cure\/","og_locale":"hr_HR","og_type":"article","og_title":"Po\u010dela registracija za utrku za ozdravljenje 'Race For the Cure' - RADIO LJUBU\u0160KI","og_description":"U okviru programa &#8220;Osna\u017eivanje \u017eena&#8221; Udruga &#8220;Novi pogled&#8221; u petak je na platou ispred Mepas Malla u Mostaru po\u010dela s registracijom za najve\u0107i dru\u0161tveni doga\u0111aj u BiH &#8220;Race for the cure&#8221; u svrhu podizanja svijesti o va\u017enosti borbe protiv raka dojke. Sudjelovanjem u utrci za ozdravljenje, koja \u0107e biti odr\u017eana 3. listopada ove godine, gra\u0111ani [&hellip;]","og_url":"https:\/\/radioljubuski.ba\/index.php\/2021\/08\/20\/pocela-registracija-za-utrku-za-ozdravljenje-race-for-the-cure\/","og_site_name":"RADIO LJUBU\u0160KI","article_publisher":"https:\/\/www.facebook.com\/Radiio-Ljubuski-1490835324566332","article_published_time":"2021-08-20T10:44:47+00:00","article_modified_time":"2021-08-20T10:44:48+00:00","og_image":[{"width":1000,"height":625,"url":"https:\/\/radioljubuski.ba\/wp-content\/uploads\/2021\/08\/2-2021-08-20-12-07-58-FNA_146302.jpg","type":"image\/jpeg"}],"author":"Radio Ljubu\u0161ki","twitter_card":"summary_large_image","twitter_creator":"@radioljubuski","twitter_site":"@radioljubuski","twitter_misc":{"Napisao\/la":"Radio Ljubu\u0161ki","Procijenjeno vrijeme \u010ditanja":"1 minuta"},"schema":{"@context":"https:\/\/schema.org","@graph":[{"@type":"Article","@id":"https:\/\/radioljubuski.ba\/index.php\/2021\/08\/20\/pocela-registracija-za-utrku-za-ozdravljenje-race-for-the-cure\/#article","isPartOf":{"@id":"https:\/\/radioljubuski.ba\/index.php\/2021\/08\/20\/pocela-registracija-za-utrku-za-ozdravljenje-race-for-the-cure\/"},"author":{"name":"Radio Ljubu\u0161ki","@id":"https:\/\/radioljubuski.ba\/#\/schema\/person\/19fc700381a780f69665d7956c469e3b"},"headline":"Po\u010dela registracija za utrku za ozdravljenje &#8216;Race For the Cure&#8217;","datePublished":"2021-08-20T10:44:47+00:00","dateModified":"2021-08-20T10:44:48+00:00","mainEntityOfPage":{"@id":"https:\/\/radioljubuski.ba\/index.php\/2021\/08\/20\/pocela-registracija-za-utrku-za-ozdravljenje-race-for-the-cure\/"},"wordCount":264,"publisher":{"@id":"https:\/\/radioljubuski.ba\/#organization"},"image":{"@id":"https:\/\/radioljubuski.ba\/index.php\/2021\/08\/20\/pocela-registracija-za-utrku-za-ozdravljenje-race-for-the-cure\/#primaryimage"},"thumbnailUrl":"https:\/\/radioljubuski.ba\/wp-content\/uploads\/2021\/08\/2-2021-08-20-12-07-58-FNA_146302.jpg","articleSection":["BIH i regija"],"inLanguage":"hr"},{"@type":"WebPage","@id":"https:\/\/radioljubuski.ba\/index.php\/2021\/08\/20\/pocela-registracija-za-utrku-za-ozdravljenje-race-for-the-cure\/","url":"https:\/\/radioljubuski.ba\/index.php\/2021\/08\/20\/pocela-registracija-za-utrku-za-ozdravljenje-race-for-the-cure\/","name":"Po\u010dela registracija za utrku za ozdravljenje 'Race For the Cure' - RADIO LJUBU\u0160KI","isPartOf":{"@id":"https:\/\/radioljubuski.ba\/#website"},"primaryImageOfPage":{"@id":"https:\/\/radioljubuski.ba\/index.php\/2021\/08\/20\/pocela-registracija-za-utrku-za-ozdravljenje-race-for-the-cure\/#primaryimage"},"image":{"@id":"https:\/\/radioljubuski.ba\/index.php\/2021\/08\/20\/pocela-registracija-za-utrku-za-ozdravljenje-race-for-the-cure\/#primaryimage"},"thumbnailUrl":"https:\/\/radioljubuski.ba\/wp-content\/uploads\/2021\/08\/2-2021-08-20-12-07-58-FNA_146302.jpg","datePublished":"2021-08-20T10:44:47+00:00","dateModified":"2021-08-20T10:44:48+00:00","breadcrumb":{"@id":"https:\/\/radioljubuski.ba\/index.php\/2021\/08\/20\/pocela-registracija-za-utrku-za-ozdravljenje-race-for-the-cure\/#breadcrumb"},"inLanguage":"hr","potentialAction":[{"@type":"ReadAction","target":["https:\/\/radioljubuski.ba\/index.php\/2021\/08\/20\/pocela-registracija-za-utrku-za-ozdravljenje-race-for-the-cure\/"]}]},{"@type":"ImageObject","inLanguage":"hr","@id":"https:\/\/radioljubuski.ba\/index.php\/2021\/08\/20\/pocela-registracija-za-utrku-za-ozdravljenje-race-for-the-cure\/#primaryimage","url":"https:\/\/radioljubuski.ba\/wp-content\/uploads\/2021\/08\/2-2021-08-20-12-07-58-FNA_146302.jpg","contentUrl":"https:\/\/radioljubuski.ba\/wp-content\/uploads\/2021\/08\/2-2021-08-20-12-07-58-FNA_146302.jpg","width":1000,"height":625},{"@type":"BreadcrumbList","@id":"https:\/\/radioljubuski.ba\/index.php\/2021\/08\/20\/pocela-registracija-za-utrku-za-ozdravljenje-race-for-the-cure\/#breadcrumb","itemListElement":[{"@type":"ListItem","position":1,"name":"Po\u010detna stranica","item":"https:\/\/radioljubuski.ba\/"},{"@type":"ListItem","position":2,"name":"Po\u010dela registracija za utrku za ozdravljenje &#8216;Race For the Cure&#8217;"}]},{"@type":"WebSite","@id":"https:\/\/radioljubuski.ba\/#website","url":"https:\/\/radioljubuski.ba\/","name":"Radio Ljubu\u0161ki","description":"Sun\u010dana frekvencija Hercegovine","publisher":{"@id":"https:\/\/radioljubuski.ba\/#organization"},"potentialAction":[{"@type":"SearchAction","target":{"@type":"EntryPoint","urlTemplate":"https:\/\/radioljubuski.ba\/?s={search_term_string}"},"query-input":{"@type":"PropertyValueSpecification","valueRequired":true,"valueName":"search_term_string"}}],"inLanguage":"hr"},{"@type":"Organization","@id":"https:\/\/radioljubuski.ba\/#organization","name":"Radio Ljubu\u0161ki","url":"https:\/\/radioljubuski.ba\/","logo":{"@type":"ImageObject","inLanguage":"hr","@id":"https:\/\/radioljubuski.ba\/#\/schema\/logo\/image\/","url":"https:\/\/radioljubuski.ba\/wp-content\/uploads\/2021\/02\/cropped-Radio_Ljubuski_logo1.jpg","contentUrl":"https:\/\/radioljubuski.ba\/wp-content\/uploads\/2021\/02\/cropped-Radio_Ljubuski_logo1.jpg","width":512,"height":512,"caption":"Radio Ljubu\u0161ki"},"image":{"@id":"https:\/\/radioljubuski.ba\/#\/schema\/logo\/image\/"},"sameAs":["https:\/\/www.facebook.com\/Radiio-Ljubuski-1490835324566332","https:\/\/x.com\/radioljubuski","https:\/\/hr.linkedin.com\/company\/radio-ljubuski","https:\/\/www.youtube.com\/channel\/UCHYaeO_n0Db3tjNGudGpXyw"]},{"@type":"Person","@id":"https:\/\/radioljubuski.ba\/#\/schema\/person\/19fc700381a780f69665d7956c469e3b","name":"Radio Ljubu\u0161ki"}]}},"_links":{"self":[{"href":"https:\/\/radioljubuski.ba\/index.php\/wp-json\/wp\/v2\/posts\/55504","targetHints":{"allow":["GET"]}}],"collection":[{"href":"https:\/\/radioljubuski.ba\/index.php\/wp-json\/wp\/v2\/posts"}],"about":[{"href":"https:\/\/radioljubuski.ba\/index.php\/wp-json\/wp\/v2\/types\/post"}],"author":[{"embeddable":true,"href":"https:\/\/radioljubuski.ba\/index.php\/wp-json\/wp\/v2\/users\/2"}],"replies":[{"embeddable":true,"href":"https:\/\/radioljubuski.ba\/index.php\/wp-json\/wp\/v2\/comments?post=55504"}],"version-history":[{"count":1,"href":"https:\/\/radioljubuski.ba\/index.php\/wp-json\/wp\/v2\/posts\/55504\/revisions"}],"predecessor-version":[{"id":55506,"href":"https:\/\/radioljubuski.ba\/index.php\/wp-json\/wp\/v2\/posts\/55504\/revisions\/55506"}],"wp:featuredmedia":[{"embeddable":true,"href":"https:\/\/radioljubuski.ba\/index.php\/wp-json\/wp\/v2\/media\/55505"}],"wp:attachment":[{"href":"https:\/\/radioljubuski.ba\/index.php\/wp-json\/wp\/v2\/media?parent=55504"}],"wp:term":[{"taxonomy":"category","embeddable":true,"href":"https:\/\/radioljubuski.ba\/index.php\/wp-json\/wp\/v2\/categories?post=55504"},{"taxonomy":"post_tag","embeddable":true,"href":"https:\/\/radioljubuski.ba\/index.php\/wp-json\/wp\/v2\/tags?post=55504"}],"curies":[{"name":"wp","href":"https:\/\/api.w.org\/{rel}","templated":true}]}}