{"id":55512,"date":"2021-08-20T11:48:34","date_gmt":"2021-08-20T10:48:34","guid":{"rendered":"https:\/\/radioljubuski.ba\/?p=55512"},"modified":"2021-08-20T11:48:34","modified_gmt":"2021-08-20T10:48:34","slug":"cvitanovic-ivo-komsic-treba-prestati-soliti-ranu-hrvatima-koji-su-prezivjeli-zlocine-i-bore-za-svoj-bioloski-opstanak","status":"publish","type":"post","link":"https:\/\/radioljubuski.ba\/index.php\/2021\/08\/20\/cvitanovic-ivo-komsic-treba-prestati-soliti-ranu-hrvatima-koji-su-prezivjeli-zlocine-i-bore-za-svoj-bioloski-opstanak\/","title":{"rendered":"Cvitanovi\u0107: Ivo Kom\u0161i\u0107 treba prestati \u201csoliti ranu\u201d Hrvatima koji su pre\u017eivjeli zlo\u010dine i bore za svoj biolo\u0161ki opstanak"},"content":{"rendered":"\n<p><strong>Bilo bi dobro kada bi svi akteri na politi\u010dkoj sceni u BiH imali dovoljno mudrosti da neke stvari koje su dio na\u0161e pro\u0161losti poku\u0161amo staviti po strani, a ne stalnim perpetuiranjem u javnom prostoru \u201cnekima gurati prst u oko, i jo\u0161 im soliti rane\u201c, izjavio je predsjednik HDZ 1990 Ilija Cvitanovi\u0107 komentiraju\u0107i medijske istupe Ive Kom\u0161i\u0107a koji ovih dana promovira svoju knjigu \u201cTu\u0111manov ha\u0161ki profil\u201c.<\/strong><\/p>\n\n\n\n<p>-Bez obzira na naslje\u0111e koje je ostavio Tribunal u Haggu svojim radom u posljednjih 20 godina \u010dak i u pogledu pravomo\u0107nih sudskih preuda i zavr\u0161enih postupaka, smatram da nije niti ostvario svoje temeljno poslanje, niti zadovoljio standarde u pogledu utvr\u0111ivanja istine i pravde u proteklom ratu na prostorima biv\u0161e Jugoslavije, osobito u pogledu zbivanja koja su se doga\u0111ala na prostorima na\u0161e dr\u017eave. U tom pogledu komentirao bih i ova nastojanja gospodina Ive Kom\u0161i\u0107a koja \u017eeli posti\u0107i autorstvom nad knjigom \u201cTu\u0111manov ha\u0161ki profil\u201c, kazao je Cvitanovi\u0107 za portal <a href=\"https:\/\/centralna.ba\/ilija-cvitanovica-ivo-komsic-treba-prestati-soliti-ranu-hrvatima-koji-su-prezivjeli-zlocine-i-bore-za-svoj-bioloski-opstanak\/\" target=\"_blank\" rel=\"noreferrer noopener\">Centralna.ba<\/a>.<\/p>\n\n\n\n<p>Cvitanovi\u0107 isti\u010de kako u Bosni i Hercegovini, u na\u0161oj dr\u017eavi i dru\u0161tvu, postoje ona pitanja oko kojih se vjerojatno nikada ne\u0107emo slo\u017eiti niti mo\u0107i usuglasiti.<\/p>\n\n\n\n<p>-Odr\u017eavati dru\u0161tvo u pro\u0161losti ne mo\u017ee napraviti \u017eeljene iskorake. Posebno kada to rade ljudi \u010diji je moralni kredo u pogledu onoga o \u010demu moraliziraju u velikoj mjeri upitan. Vidjeli smo da je gospodin Kom\u0161i\u0107 svojevremeno potpisivao Zajedni\u010dke deklaracije o organiziranju BiH kao Unije tri Republike, da je zajedni\u010dkim istupom pozivao i molio predsjednika Tu\u0111mana da ne dopusti nestanak dr\u017eave BiH, da je nekada sasvim druga\u010dije govorio o ulozi RH i vodstva HR-HB u ratnom i poratnom vremenu u BiH. Tu neke stvari nisu ni logi\u010dne ni dosljedne u pona\u0161anju gospodina Kom\u0161i\u0107a. Nekada ranije je sasvim druga\u010dije razmi\u0161ljao i djelovao. Danas govori da je Hrvatska agresor na BiH te da je imala genocidnu politiku prema jednom narodu u BiH. Gospodine Kom\u0161i\u0107 jeste li vi dijelili BiH potpisuju\u0107i ove deklaracije, te za\u0161to se molili agresora da sprije\u010di nestanak dr\u017eave. Zar se agresor uop\u0107e moli za takve stvari, upitao je Cvitanovi\u0107, te dodao:<\/p>\n\n\n\n<p>U tom pogledu smatram da ovom knjigom, koja je evidentno propagandni materijal i koja za cilj ima nastavak rata politi\u010dkim sredstvima, se \u017eeli stavljati etikete mom narodu koji nije do\u017eivio zadovoljenje pravde ni utvr\u0111enje istine ni pred Tribunalom u Haggu ni pred doma\u0107im sudovima. Narod koji je do\u017eivio Trusinu, Uzdol, Doljane, Kri\u017ean\u010devo Selo, Buhine Ku\u0107e, Travnik, Bugojno, Konjic, Jablanicu, Prijedor-Bri\u0161evo \u2026, narod koji se borio za svoj biolo\u0161ki ostanak i koji je u odnosu na popis iz 1991 prepolovljen, a \u017ertve nikada nisu na pravi na\u010din zadovoljene, ne mo\u017ee biti genocidan i ne mo\u017ee rasturati dr\u017eavu kako to Kom\u0161i\u0107 govori. Na ciljeve i ideje koje se navedenom knjigom \u017eele posti\u0107i, mogu samo re\u0107i da borba Hrvata za ustavno-pravnu i politi\u010dku jednakopravnost, ne\u0107e biti zaustavljena.<\/p>\n\n\n\n<p>\/HMS\/<\/p>\n","protected":false},"excerpt":{"rendered":"<p>Bilo bi dobro kada bi svi akteri na politi\u010dkoj sceni u BiH imali dovoljno mudrosti da neke stvari koje su dio na\u0161e pro\u0161losti poku\u0161amo staviti po strani, a ne stalnim perpetuiranjem u javnom prostoru \u201cnekima gurati prst u oko, i jo\u0161 im soliti rane\u201c, izjavio je predsjednik HDZ 1990 Ilija Cvitanovi\u0107 komentiraju\u0107i medijske istupe Ive [&hellip;]<\/p>\n","protected":false},"author":2,"featured_media":55513,"comment_status":"closed","ping_status":"closed","sticky":false,"template":"","format":"standard","meta":{"h5ap_radio_sources":[],"footnotes":""},"categories":[1],"tags":[],"class_list":["post-55512","post","type-post","status-publish","format-standard","has-post-thumbnail","hentry","category-bihiregija"],"yoast_head":"<!-- This site is optimized with the Yoast SEO plugin v27.5 - https:\/\/yoast.com\/product\/yoast-seo-wordpress\/ -->\n<title>Cvitanovi\u0107: Ivo Kom\u0161i\u0107 treba prestati \u201csoliti ranu\u201d Hrvatima koji su pre\u017eivjeli zlo\u010dine i bore za svoj biolo\u0161ki opstanak - RADIO LJUBU\u0160KI<\/title>\n<meta name=\"robots\" content=\"index, follow, max-snippet:-1, max-image-preview:large, max-video-preview:-1\" \/>\n<link rel=\"canonical\" href=\"https:\/\/radioljubuski.ba\/index.php\/2021\/08\/20\/cvitanovic-ivo-komsic-treba-prestati-soliti-ranu-hrvatima-koji-su-prezivjeli-zlocine-i-bore-za-svoj-bioloski-opstanak\/\" \/>\n<meta property=\"og:locale\" content=\"hr_HR\" \/>\n<meta property=\"og:type\" content=\"article\" \/>\n<meta property=\"og:title\" content=\"Cvitanovi\u0107: Ivo Kom\u0161i\u0107 treba prestati \u201csoliti ranu\u201d Hrvatima koji su pre\u017eivjeli zlo\u010dine i bore za svoj biolo\u0161ki opstanak - RADIO LJUBU\u0160KI\" \/>\n<meta property=\"og:description\" content=\"Bilo bi dobro kada bi svi akteri na politi\u010dkoj sceni u BiH imali dovoljno mudrosti da neke stvari koje su dio na\u0161e pro\u0161losti poku\u0161amo staviti po strani, a ne stalnim perpetuiranjem u javnom prostoru \u201cnekima gurati prst u oko, i jo\u0161 im soliti rane\u201c, izjavio je predsjednik HDZ 1990 Ilija Cvitanovi\u0107 komentiraju\u0107i medijske istupe Ive [&hellip;]\" \/>\n<meta property=\"og:url\" content=\"https:\/\/radioljubuski.ba\/index.php\/2021\/08\/20\/cvitanovic-ivo-komsic-treba-prestati-soliti-ranu-hrvatima-koji-su-prezivjeli-zlocine-i-bore-za-svoj-bioloski-opstanak\/\" \/>\n<meta property=\"og:site_name\" content=\"RADIO LJUBU\u0160KI\" \/>\n<meta property=\"article:publisher\" content=\"https:\/\/www.facebook.com\/Radiio-Ljubuski-1490835324566332\" \/>\n<meta property=\"article:published_time\" content=\"2021-08-20T10:48:34+00:00\" \/>\n<meta property=\"og:image\" content=\"https:\/\/radioljubuski.ba\/wp-content\/uploads\/2021\/08\/cvitanovic-n1.jpg\" \/>\n\t<meta property=\"og:image:width\" content=\"939\" \/>\n\t<meta property=\"og:image:height\" content=\"529\" \/>\n\t<meta property=\"og:image:type\" content=\"image\/jpeg\" \/>\n<meta name=\"author\" content=\"Radio Ljubu\u0161ki\" \/>\n<meta name=\"twitter:card\" content=\"summary_large_image\" \/>\n<meta name=\"twitter:creator\" content=\"@radioljubuski\" \/>\n<meta name=\"twitter:site\" content=\"@radioljubuski\" \/>\n<meta name=\"twitter:label1\" content=\"Napisao\/la\" \/>\n\t<meta name=\"twitter:data1\" content=\"Radio Ljubu\u0161ki\" \/>\n\t<meta name=\"twitter:label2\" content=\"Procijenjeno vrijeme \u010ditanja\" \/>\n\t<meta name=\"twitter:data2\" content=\"3 minute\" \/>\n<script type=\"application\/ld+json\" class=\"yoast-schema-graph\">{\"@context\":\"https:\\\/\\\/schema.org\",\"@graph\":[{\"@type\":\"Article\",\"@id\":\"https:\\\/\\\/radioljubuski.ba\\\/index.php\\\/2021\\\/08\\\/20\\\/cvitanovic-ivo-komsic-treba-prestati-soliti-ranu-hrvatima-koji-su-prezivjeli-zlocine-i-bore-za-svoj-bioloski-opstanak\\\/#article\",\"isPartOf\":{\"@id\":\"https:\\\/\\\/radioljubuski.ba\\\/index.php\\\/2021\\\/08\\\/20\\\/cvitanovic-ivo-komsic-treba-prestati-soliti-ranu-hrvatima-koji-su-prezivjeli-zlocine-i-bore-za-svoj-bioloski-opstanak\\\/\"},\"author\":{\"name\":\"Radio Ljubu\u0161ki\",\"@id\":\"https:\\\/\\\/radioljubuski.ba\\\/#\\\/schema\\\/person\\\/19fc700381a780f69665d7956c469e3b\"},\"headline\":\"Cvitanovi\u0107: Ivo Kom\u0161i\u0107 treba prestati \u201csoliti ranu\u201d Hrvatima koji su pre\u017eivjeli zlo\u010dine i bore za svoj biolo\u0161ki opstanak\",\"datePublished\":\"2021-08-20T10:48:34+00:00\",\"mainEntityOfPage\":{\"@id\":\"https:\\\/\\\/radioljubuski.ba\\\/index.php\\\/2021\\\/08\\\/20\\\/cvitanovic-ivo-komsic-treba-prestati-soliti-ranu-hrvatima-koji-su-prezivjeli-zlocine-i-bore-za-svoj-bioloski-opstanak\\\/\"},\"wordCount\":542,\"publisher\":{\"@id\":\"https:\\\/\\\/radioljubuski.ba\\\/#organization\"},\"image\":{\"@id\":\"https:\\\/\\\/radioljubuski.ba\\\/index.php\\\/2021\\\/08\\\/20\\\/cvitanovic-ivo-komsic-treba-prestati-soliti-ranu-hrvatima-koji-su-prezivjeli-zlocine-i-bore-za-svoj-bioloski-opstanak\\\/#primaryimage\"},\"thumbnailUrl\":\"https:\\\/\\\/radioljubuski.ba\\\/wp-content\\\/uploads\\\/2021\\\/08\\\/cvitanovic-n1.jpg\",\"articleSection\":[\"BIH i regija\"],\"inLanguage\":\"hr\"},{\"@type\":\"WebPage\",\"@id\":\"https:\\\/\\\/radioljubuski.ba\\\/index.php\\\/2021\\\/08\\\/20\\\/cvitanovic-ivo-komsic-treba-prestati-soliti-ranu-hrvatima-koji-su-prezivjeli-zlocine-i-bore-za-svoj-bioloski-opstanak\\\/\",\"url\":\"https:\\\/\\\/radioljubuski.ba\\\/index.php\\\/2021\\\/08\\\/20\\\/cvitanovic-ivo-komsic-treba-prestati-soliti-ranu-hrvatima-koji-su-prezivjeli-zlocine-i-bore-za-svoj-bioloski-opstanak\\\/\",\"name\":\"Cvitanovi\u0107: Ivo Kom\u0161i\u0107 treba prestati \u201csoliti ranu\u201d Hrvatima koji su pre\u017eivjeli zlo\u010dine i bore za svoj biolo\u0161ki opstanak - RADIO LJUBU\u0160KI\",\"isPartOf\":{\"@id\":\"https:\\\/\\\/radioljubuski.ba\\\/#website\"},\"primaryImageOfPage\":{\"@id\":\"https:\\\/\\\/radioljubuski.ba\\\/index.php\\\/2021\\\/08\\\/20\\\/cvitanovic-ivo-komsic-treba-prestati-soliti-ranu-hrvatima-koji-su-prezivjeli-zlocine-i-bore-za-svoj-bioloski-opstanak\\\/#primaryimage\"},\"image\":{\"@id\":\"https:\\\/\\\/radioljubuski.ba\\\/index.php\\\/2021\\\/08\\\/20\\\/cvitanovic-ivo-komsic-treba-prestati-soliti-ranu-hrvatima-koji-su-prezivjeli-zlocine-i-bore-za-svoj-bioloski-opstanak\\\/#primaryimage\"},\"thumbnailUrl\":\"https:\\\/\\\/radioljubuski.ba\\\/wp-content\\\/uploads\\\/2021\\\/08\\\/cvitanovic-n1.jpg\",\"datePublished\":\"2021-08-20T10:48:34+00:00\",\"breadcrumb\":{\"@id\":\"https:\\\/\\\/radioljubuski.ba\\\/index.php\\\/2021\\\/08\\\/20\\\/cvitanovic-ivo-komsic-treba-prestati-soliti-ranu-hrvatima-koji-su-prezivjeli-zlocine-i-bore-za-svoj-bioloski-opstanak\\\/#breadcrumb\"},\"inLanguage\":\"hr\",\"potentialAction\":[{\"@type\":\"ReadAction\",\"target\":[\"https:\\\/\\\/radioljubuski.ba\\\/index.php\\\/2021\\\/08\\\/20\\\/cvitanovic-ivo-komsic-treba-prestati-soliti-ranu-hrvatima-koji-su-prezivjeli-zlocine-i-bore-za-svoj-bioloski-opstanak\\\/\"]}]},{\"@type\":\"ImageObject\",\"inLanguage\":\"hr\",\"@id\":\"https:\\\/\\\/radioljubuski.ba\\\/index.php\\\/2021\\\/08\\\/20\\\/cvitanovic-ivo-komsic-treba-prestati-soliti-ranu-hrvatima-koji-su-prezivjeli-zlocine-i-bore-za-svoj-bioloski-opstanak\\\/#primaryimage\",\"url\":\"https:\\\/\\\/radioljubuski.ba\\\/wp-content\\\/uploads\\\/2021\\\/08\\\/cvitanovic-n1.jpg\",\"contentUrl\":\"https:\\\/\\\/radioljubuski.ba\\\/wp-content\\\/uploads\\\/2021\\\/08\\\/cvitanovic-n1.jpg\",\"width\":939,\"height\":529},{\"@type\":\"BreadcrumbList\",\"@id\":\"https:\\\/\\\/radioljubuski.ba\\\/index.php\\\/2021\\\/08\\\/20\\\/cvitanovic-ivo-komsic-treba-prestati-soliti-ranu-hrvatima-koji-su-prezivjeli-zlocine-i-bore-za-svoj-bioloski-opstanak\\\/#breadcrumb\",\"itemListElement\":[{\"@type\":\"ListItem\",\"position\":1,\"name\":\"Po\u010detna stranica\",\"item\":\"https:\\\/\\\/radioljubuski.ba\\\/\"},{\"@type\":\"ListItem\",\"position\":2,\"name\":\"Cvitanovi\u0107: Ivo Kom\u0161i\u0107 treba prestati \u201csoliti ranu\u201d Hrvatima koji su pre\u017eivjeli zlo\u010dine i bore za svoj biolo\u0161ki opstanak\"}]},{\"@type\":\"WebSite\",\"@id\":\"https:\\\/\\\/radioljubuski.ba\\\/#website\",\"url\":\"https:\\\/\\\/radioljubuski.ba\\\/\",\"name\":\"Radio Ljubu\u0161ki\",\"description\":\"Sun\u010dana frekvencija Hercegovine\",\"publisher\":{\"@id\":\"https:\\\/\\\/radioljubuski.ba\\\/#organization\"},\"potentialAction\":[{\"@type\":\"SearchAction\",\"target\":{\"@type\":\"EntryPoint\",\"urlTemplate\":\"https:\\\/\\\/radioljubuski.ba\\\/?s={search_term_string}\"},\"query-input\":{\"@type\":\"PropertyValueSpecification\",\"valueRequired\":true,\"valueName\":\"search_term_string\"}}],\"inLanguage\":\"hr\"},{\"@type\":\"Organization\",\"@id\":\"https:\\\/\\\/radioljubuski.ba\\\/#organization\",\"name\":\"Radio Ljubu\u0161ki\",\"url\":\"https:\\\/\\\/radioljubuski.ba\\\/\",\"logo\":{\"@type\":\"ImageObject\",\"inLanguage\":\"hr\",\"@id\":\"https:\\\/\\\/radioljubuski.ba\\\/#\\\/schema\\\/logo\\\/image\\\/\",\"url\":\"https:\\\/\\\/radioljubuski.ba\\\/wp-content\\\/uploads\\\/2021\\\/02\\\/cropped-Radio_Ljubuski_logo1.jpg\",\"contentUrl\":\"https:\\\/\\\/radioljubuski.ba\\\/wp-content\\\/uploads\\\/2021\\\/02\\\/cropped-Radio_Ljubuski_logo1.jpg\",\"width\":512,\"height\":512,\"caption\":\"Radio Ljubu\u0161ki\"},\"image\":{\"@id\":\"https:\\\/\\\/radioljubuski.ba\\\/#\\\/schema\\\/logo\\\/image\\\/\"},\"sameAs\":[\"https:\\\/\\\/www.facebook.com\\\/Radiio-Ljubuski-1490835324566332\",\"https:\\\/\\\/x.com\\\/radioljubuski\",\"https:\\\/\\\/hr.linkedin.com\\\/company\\\/radio-ljubuski\",\"https:\\\/\\\/www.youtube.com\\\/channel\\\/UCHYaeO_n0Db3tjNGudGpXyw\"]},{\"@type\":\"Person\",\"@id\":\"https:\\\/\\\/radioljubuski.ba\\\/#\\\/schema\\\/person\\\/19fc700381a780f69665d7956c469e3b\",\"name\":\"Radio Ljubu\u0161ki\"}]}<\/script>\n<!-- \/ Yoast SEO plugin. -->","yoast_head_json":{"title":"Cvitanovi\u0107: Ivo Kom\u0161i\u0107 treba prestati \u201csoliti ranu\u201d Hrvatima koji su pre\u017eivjeli zlo\u010dine i bore za svoj biolo\u0161ki opstanak - RADIO LJUBU\u0160KI","robots":{"index":"index","follow":"follow","max-snippet":"max-snippet:-1","max-image-preview":"max-image-preview:large","max-video-preview":"max-video-preview:-1"},"canonical":"https:\/\/radioljubuski.ba\/index.php\/2021\/08\/20\/cvitanovic-ivo-komsic-treba-prestati-soliti-ranu-hrvatima-koji-su-prezivjeli-zlocine-i-bore-za-svoj-bioloski-opstanak\/","og_locale":"hr_HR","og_type":"article","og_title":"Cvitanovi\u0107: Ivo Kom\u0161i\u0107 treba prestati \u201csoliti ranu\u201d Hrvatima koji su pre\u017eivjeli zlo\u010dine i bore za svoj biolo\u0161ki opstanak - RADIO LJUBU\u0160KI","og_description":"Bilo bi dobro kada bi svi akteri na politi\u010dkoj sceni u BiH imali dovoljno mudrosti da neke stvari koje su dio na\u0161e pro\u0161losti poku\u0161amo staviti po strani, a ne stalnim perpetuiranjem u javnom prostoru \u201cnekima gurati prst u oko, i jo\u0161 im soliti rane\u201c, izjavio je predsjednik HDZ 1990 Ilija Cvitanovi\u0107 komentiraju\u0107i medijske istupe Ive [&hellip;]","og_url":"https:\/\/radioljubuski.ba\/index.php\/2021\/08\/20\/cvitanovic-ivo-komsic-treba-prestati-soliti-ranu-hrvatima-koji-su-prezivjeli-zlocine-i-bore-za-svoj-bioloski-opstanak\/","og_site_name":"RADIO LJUBU\u0160KI","article_publisher":"https:\/\/www.facebook.com\/Radiio-Ljubuski-1490835324566332","article_published_time":"2021-08-20T10:48:34+00:00","og_image":[{"width":939,"height":529,"url":"https:\/\/radioljubuski.ba\/wp-content\/uploads\/2021\/08\/cvitanovic-n1.jpg","type":"image\/jpeg"}],"author":"Radio Ljubu\u0161ki","twitter_card":"summary_large_image","twitter_creator":"@radioljubuski","twitter_site":"@radioljubuski","twitter_misc":{"Napisao\/la":"Radio Ljubu\u0161ki","Procijenjeno vrijeme \u010ditanja":"3 minute"},"schema":{"@context":"https:\/\/schema.org","@graph":[{"@type":"Article","@id":"https:\/\/radioljubuski.ba\/index.php\/2021\/08\/20\/cvitanovic-ivo-komsic-treba-prestati-soliti-ranu-hrvatima-koji-su-prezivjeli-zlocine-i-bore-za-svoj-bioloski-opstanak\/#article","isPartOf":{"@id":"https:\/\/radioljubuski.ba\/index.php\/2021\/08\/20\/cvitanovic-ivo-komsic-treba-prestati-soliti-ranu-hrvatima-koji-su-prezivjeli-zlocine-i-bore-za-svoj-bioloski-opstanak\/"},"author":{"name":"Radio Ljubu\u0161ki","@id":"https:\/\/radioljubuski.ba\/#\/schema\/person\/19fc700381a780f69665d7956c469e3b"},"headline":"Cvitanovi\u0107: Ivo Kom\u0161i\u0107 treba prestati \u201csoliti ranu\u201d Hrvatima koji su pre\u017eivjeli zlo\u010dine i bore za svoj biolo\u0161ki opstanak","datePublished":"2021-08-20T10:48:34+00:00","mainEntityOfPage":{"@id":"https:\/\/radioljubuski.ba\/index.php\/2021\/08\/20\/cvitanovic-ivo-komsic-treba-prestati-soliti-ranu-hrvatima-koji-su-prezivjeli-zlocine-i-bore-za-svoj-bioloski-opstanak\/"},"wordCount":542,"publisher":{"@id":"https:\/\/radioljubuski.ba\/#organization"},"image":{"@id":"https:\/\/radioljubuski.ba\/index.php\/2021\/08\/20\/cvitanovic-ivo-komsic-treba-prestati-soliti-ranu-hrvatima-koji-su-prezivjeli-zlocine-i-bore-za-svoj-bioloski-opstanak\/#primaryimage"},"thumbnailUrl":"https:\/\/radioljubuski.ba\/wp-content\/uploads\/2021\/08\/cvitanovic-n1.jpg","articleSection":["BIH i regija"],"inLanguage":"hr"},{"@type":"WebPage","@id":"https:\/\/radioljubuski.ba\/index.php\/2021\/08\/20\/cvitanovic-ivo-komsic-treba-prestati-soliti-ranu-hrvatima-koji-su-prezivjeli-zlocine-i-bore-za-svoj-bioloski-opstanak\/","url":"https:\/\/radioljubuski.ba\/index.php\/2021\/08\/20\/cvitanovic-ivo-komsic-treba-prestati-soliti-ranu-hrvatima-koji-su-prezivjeli-zlocine-i-bore-za-svoj-bioloski-opstanak\/","name":"Cvitanovi\u0107: Ivo Kom\u0161i\u0107 treba prestati \u201csoliti ranu\u201d Hrvatima koji su pre\u017eivjeli zlo\u010dine i bore za svoj biolo\u0161ki opstanak - RADIO LJUBU\u0160KI","isPartOf":{"@id":"https:\/\/radioljubuski.ba\/#website"},"primaryImageOfPage":{"@id":"https:\/\/radioljubuski.ba\/index.php\/2021\/08\/20\/cvitanovic-ivo-komsic-treba-prestati-soliti-ranu-hrvatima-koji-su-prezivjeli-zlocine-i-bore-za-svoj-bioloski-opstanak\/#primaryimage"},"image":{"@id":"https:\/\/radioljubuski.ba\/index.php\/2021\/08\/20\/cvitanovic-ivo-komsic-treba-prestati-soliti-ranu-hrvatima-koji-su-prezivjeli-zlocine-i-bore-za-svoj-bioloski-opstanak\/#primaryimage"},"thumbnailUrl":"https:\/\/radioljubuski.ba\/wp-content\/uploads\/2021\/08\/cvitanovic-n1.jpg","datePublished":"2021-08-20T10:48:34+00:00","breadcrumb":{"@id":"https:\/\/radioljubuski.ba\/index.php\/2021\/08\/20\/cvitanovic-ivo-komsic-treba-prestati-soliti-ranu-hrvatima-koji-su-prezivjeli-zlocine-i-bore-za-svoj-bioloski-opstanak\/#breadcrumb"},"inLanguage":"hr","potentialAction":[{"@type":"ReadAction","target":["https:\/\/radioljubuski.ba\/index.php\/2021\/08\/20\/cvitanovic-ivo-komsic-treba-prestati-soliti-ranu-hrvatima-koji-su-prezivjeli-zlocine-i-bore-za-svoj-bioloski-opstanak\/"]}]},{"@type":"ImageObject","inLanguage":"hr","@id":"https:\/\/radioljubuski.ba\/index.php\/2021\/08\/20\/cvitanovic-ivo-komsic-treba-prestati-soliti-ranu-hrvatima-koji-su-prezivjeli-zlocine-i-bore-za-svoj-bioloski-opstanak\/#primaryimage","url":"https:\/\/radioljubuski.ba\/wp-content\/uploads\/2021\/08\/cvitanovic-n1.jpg","contentUrl":"https:\/\/radioljubuski.ba\/wp-content\/uploads\/2021\/08\/cvitanovic-n1.jpg","width":939,"height":529},{"@type":"BreadcrumbList","@id":"https:\/\/radioljubuski.ba\/index.php\/2021\/08\/20\/cvitanovic-ivo-komsic-treba-prestati-soliti-ranu-hrvatima-koji-su-prezivjeli-zlocine-i-bore-za-svoj-bioloski-opstanak\/#breadcrumb","itemListElement":[{"@type":"ListItem","position":1,"name":"Po\u010detna stranica","item":"https:\/\/radioljubuski.ba\/"},{"@type":"ListItem","position":2,"name":"Cvitanovi\u0107: Ivo Kom\u0161i\u0107 treba prestati \u201csoliti ranu\u201d Hrvatima koji su pre\u017eivjeli zlo\u010dine i bore za svoj biolo\u0161ki opstanak"}]},{"@type":"WebSite","@id":"https:\/\/radioljubuski.ba\/#website","url":"https:\/\/radioljubuski.ba\/","name":"Radio Ljubu\u0161ki","description":"Sun\u010dana frekvencija Hercegovine","publisher":{"@id":"https:\/\/radioljubuski.ba\/#organization"},"potentialAction":[{"@type":"SearchAction","target":{"@type":"EntryPoint","urlTemplate":"https:\/\/radioljubuski.ba\/?s={search_term_string}"},"query-input":{"@type":"PropertyValueSpecification","valueRequired":true,"valueName":"search_term_string"}}],"inLanguage":"hr"},{"@type":"Organization","@id":"https:\/\/radioljubuski.ba\/#organization","name":"Radio Ljubu\u0161ki","url":"https:\/\/radioljubuski.ba\/","logo":{"@type":"ImageObject","inLanguage":"hr","@id":"https:\/\/radioljubuski.ba\/#\/schema\/logo\/image\/","url":"https:\/\/radioljubuski.ba\/wp-content\/uploads\/2021\/02\/cropped-Radio_Ljubuski_logo1.jpg","contentUrl":"https:\/\/radioljubuski.ba\/wp-content\/uploads\/2021\/02\/cropped-Radio_Ljubuski_logo1.jpg","width":512,"height":512,"caption":"Radio Ljubu\u0161ki"},"image":{"@id":"https:\/\/radioljubuski.ba\/#\/schema\/logo\/image\/"},"sameAs":["https:\/\/www.facebook.com\/Radiio-Ljubuski-1490835324566332","https:\/\/x.com\/radioljubuski","https:\/\/hr.linkedin.com\/company\/radio-ljubuski","https:\/\/www.youtube.com\/channel\/UCHYaeO_n0Db3tjNGudGpXyw"]},{"@type":"Person","@id":"https:\/\/radioljubuski.ba\/#\/schema\/person\/19fc700381a780f69665d7956c469e3b","name":"Radio Ljubu\u0161ki"}]}},"_links":{"self":[{"href":"https:\/\/radioljubuski.ba\/index.php\/wp-json\/wp\/v2\/posts\/55512","targetHints":{"allow":["GET"]}}],"collection":[{"href":"https:\/\/radioljubuski.ba\/index.php\/wp-json\/wp\/v2\/posts"}],"about":[{"href":"https:\/\/radioljubuski.ba\/index.php\/wp-json\/wp\/v2\/types\/post"}],"author":[{"embeddable":true,"href":"https:\/\/radioljubuski.ba\/index.php\/wp-json\/wp\/v2\/users\/2"}],"replies":[{"embeddable":true,"href":"https:\/\/radioljubuski.ba\/index.php\/wp-json\/wp\/v2\/comments?post=55512"}],"version-history":[{"count":1,"href":"https:\/\/radioljubuski.ba\/index.php\/wp-json\/wp\/v2\/posts\/55512\/revisions"}],"predecessor-version":[{"id":55514,"href":"https:\/\/radioljubuski.ba\/index.php\/wp-json\/wp\/v2\/posts\/55512\/revisions\/55514"}],"wp:featuredmedia":[{"embeddable":true,"href":"https:\/\/radioljubuski.ba\/index.php\/wp-json\/wp\/v2\/media\/55513"}],"wp:attachment":[{"href":"https:\/\/radioljubuski.ba\/index.php\/wp-json\/wp\/v2\/media?parent=55512"}],"wp:term":[{"taxonomy":"category","embeddable":true,"href":"https:\/\/radioljubuski.ba\/index.php\/wp-json\/wp\/v2\/categories?post=55512"},{"taxonomy":"post_tag","embeddable":true,"href":"https:\/\/radioljubuski.ba\/index.php\/wp-json\/wp\/v2\/tags?post=55512"}],"curies":[{"name":"wp","href":"https:\/\/api.w.org\/{rel}","templated":true}]}}