{"id":55523,"date":"2021-08-20T12:19:52","date_gmt":"2021-08-20T11:19:52","guid":{"rendered":"https:\/\/radioljubuski.ba\/?p=55523"},"modified":"2021-08-20T12:19:54","modified_gmt":"2021-08-20T11:19:54","slug":"ostre-reakcije-u-kotoru-bazen-nosi-ime-po-cuvaru-logora-u-kojem-su-pocinjeni-najgnjusniji-zlocini-prema-hrvatima-u-novijoj-povijesti","status":"publish","type":"post","link":"https:\/\/radioljubuski.ba\/index.php\/2021\/08\/20\/ostre-reakcije-u-kotoru-bazen-nosi-ime-po-cuvaru-logora-u-kojem-su-pocinjeni-najgnjusniji-zlocini-prema-hrvatima-u-novijoj-povijesti\/","title":{"rendered":"O\u0161tre reakcije u Kotoru: \u2018Bazen nosi ime po \u010duvaru logora u kojem su po\u010dinjeni najgnjusniji zlo\u010dini prema Hrvatima u novijoj povijesti\u2019"},"content":{"rendered":"\n<p><strong>Zajednica bokeljskih Hrvata<\/strong> ovim otvorenim pismom iskazuje duboku zabrinutost i razo\u010darenje da se Kotorski gradski bazen imenuje po Zoranu Gop\u010devi\u0107u komandiru stra\u017ee Ratnog logora Morinj, u kojem su po\u010dinjeni najgnjusniji zlo\u010dini protiv \u010dovje\u010dnosti prema Hrvatima u novijoj povijesti, prenosi <a href=\"https:\/\/zbh.hr\/ostar-prosvjed-zbh-zbog-preimenovanja-bazena-u-kotoru\/\">zbh.hr<\/a><\/p>\n\n\n\n<p><strong>Ratni Logor u Morinju<\/strong>, u istoimenom mjestu u bokokotorskom zaljevu, bio je u Domovinskom ratu popri\u0161te najte\u017eih i najgnjusnijih zlo\u010dina protiv \u010dovje\u010dnosti. Na tom mjestu su <strong>zato\u010deni Hrvati<\/strong> koje su Srpsko-crnogorska \u010detni\u010dka okupatorska vojska zato\u010dili okupacijom Ju\u017ene Hrvatske. Zato\u010denici su na tom mjestu prolazili te\u0161ka mu\u010denja, i\u017eivljavanja, torture, a od posljedica batina u logoru su preminuli J<strong>ako Obrad i Mihailo Brailo<\/strong>. Kroz logor je pro\u0161lo<strong> 292 zato\u010denika<\/strong> i to od dje\u010da\u010dkog uzrasta do staraca.<\/p>\n\n\n\n<p>Na\u017ealost \u017eitelji Konavala, Dubrova\u010dkog primorja i Dubrovnika su na pragu&nbsp; 21. stolje\u0107a i to 1991.g.&nbsp; do\u017eivjeli te\u0161ko stradanje, plja\u010dku i pale\u017e od \u010detnika i drugih zlo\u010dina\u010dkih postrojbi pod kapom JNA iz susjedne Crne Gore i Hercegovine. Pomahnitala <strong>banda zlo\u010dinaca<\/strong> je pod geslom tada\u0161nje politike u \u201cRatu za mir\u201d zapravo u plja\u010dka\u0161kom bestijalnom pohodu ubijala, silovala, plja\u010dkala, te kona\u010dno spalila Konavle, Zra\u010dnu luku, \u017dupu dubrova\u010dku i Dubrova\u010dko primorje, a te\u0161kim bombardiranjem o\u0161tetila Dubrovnik, grad&nbsp; pod za\u017etitom Unesco-a.&nbsp; Podsjetnika radi, ovo nije bio jedini takav pohod iz <strong>Crne Gore<\/strong>, treba se podsjetiti da je isti takav bio i 1806., pa su taj i doga\u0111aj iz&nbsp; 1991.g., ostali zabilje\u017eeni kao datumi kada su Crnogorci i Srbi izvr\u0161ili pogrom nad Hrvatima. Primjer iz nastavka \u0107e na\u017ealost potvrditi da nisu u svojoj memoriji proveli nacionalnu katarzu i pokazali kajanje za u\u010dinjeno.<\/p>\n\n\n\n<p>Radio televizija <strong>Crne Gore<\/strong> je objavom <strong>serijala \u201cRat za mir\u201d<\/strong> dala najbolje svjedo\u010danstvo ovog ne\u010dasnog, zlo\u010dina\u010dkog pothvata potaknutog od tada\u0161nje politi\u010dke vlasti u Crnoj Gori, a potpomognutog tada\u0161njom RTCG medijskom dalekovidnicom u slu\u017ebi zlo\u010dina. Na\u017ealost niti jedan od politi\u010dkih i medijskih vinovnika i ratnih izvjestitelja hu\u0161ka\u010da nikad nije osu\u0111en ili uop\u0107e\u00a0 pozvan na odgovornost.<\/p>\n\n\n\n<iframe loading=\"lazy\" title=\"NTV Montena: Logor Morinj u Boki Kotorskoj\" width=\"640\" height=\"480\" src=\"https:\/\/www.youtube.com\/embed\/vdgyIVSvvMI?feature=oembed\" frameborder=\"0\" allow=\"accelerometer; autoplay; clipboard-write; encrypted-media; gyroscope; picture-in-picture; web-share\" referrerpolicy=\"strict-origin-when-cross-origin\" allowfullscreen><\/iframe>\n\n\n\n<p>Skup\u0161tina Op\u0161tine Kotor je ipak&nbsp;tridesetogi\u0161njicu ovih te\u0161kih zlo\u010dina, ovog sramotnog, <strong>ne\u010dovje\u010dnog i ne\u010dasnog \u010dina<\/strong>, odlu\u010dila obilje\u017eiti imenovanjem, dugo o\u010dekivanog Gradskog bazena u Kotoru imenom Zorana Gop\u010devi\u0107a, komandira stra\u017ee Ratnog logora Morinj.<\/p>\n\n\n\n<p>Zgro\u017eeni smo ovakvom politi\u010dkom odlukom koja predstavlja politiku veli\u010danja i slavljenja najte\u017eih zlo\u010dina protiv \u010dovje\u010dnosti na ovim prostorima. Tim vi\u0161e jer je Gradski bazen Kotor do sad ponosno nosio ime Nik\u0161e Bu\u0107ina, heroja Narodno oslobodila\u010dke borbe.<\/p>\n\n\n\n<p>Podsjetimo ju\u010der smo na portalu <a href=\"https:\/\/narod.hr\/hrvatska\/mvep-osudio-odluku-kotora-neprihvatljivo-je-da-bazen-imenuju-po-cuvaru-zloglasnog-zatvora\">Narod.hr<\/a> pisali o tome kako <strong>MVEP<\/strong> u priop\u0107enju navodi:<\/p>\n\n\n\n<p>\u2018Krajnje je <strong>neprihvatljivo<\/strong> da se javni objekt naziva po imenu \u010duvara zloglasnog logora Morinj 1991. godine. Takva odluka nije u duhu dobrosusjedskih odnosa koje gradimo s Crnom Gorom te \u0107e zasigurno imati posljedice na na\u0161e budu\u0107e odnose.\u2019<\/p>\n\n\n\n<p><strong>Grob narodnog heroja Nik\u0161e Bu\u0107ina u Kotoru<\/strong><\/p>\n\n\n\n<p>Nik\u0161a Bu\u0107in je, radi sje\u0107anja na njegov lik i dijelo, ro\u0111en u trgova\u010dkoj obitelji 1924. godine u Kotoru. Gimnaziju je zavr\u0161io u Kotoru i bio aktivni sporta\u0161 Nakon sloma biv\u0161e Jugoslavije, po\u010detkom 1941. g. kao i mnogi mladi ljudi tog vremena aktivno sudjeluje u pripremi ustanka. Kao mladi \u010dovjek, stupa u Bataljon NOV za Boku i postaje komesar \u010dete u Bataljonu. Poginuo je krajem 1944. godine u \u0160i\u0161i\u0107ima, op\u0107ina Kotor \u2013 u borbi protiv \u010detnika.<\/p>\n\n\n\n<p>Sramotan je ovo \u010din koji iskazuje netrpeljivost prema susjednim Konvalima, Dubrovniku i Hrvatskoj i istima umjesto poruke su\u0107uti \u0161alje poruku mr\u017enje. Bazen imena komandira stra\u017ee Ratnog logora Morinj, Zorana Gop\u010devi\u0107a, u kojem trebaju nastupati vaterpolisti Primorca iz Kotora (kojeg su ve\u0107inski Hrvati utemeljili 30. srpnja 1922. kao \u0160portsko dru\u0161tvo Primorac), prvaka Europe 2009.g, predstavlja sramotan i nezabilje\u017een nesportski \u010din, odnosno jasnu politi\u010dku odluku \u0161to slijedi preostalim Hrvatima, koji nisu u valovima progona tijekom 20. stolje\u0107a napustili svoja ognji\u0161ta, koje nastanjuju od doseljenja Hrvata u sedmom stolje\u0107u.<\/p>\n\n\n\n<p>Ovim otvorenim pismom pridru\u017eujemo se ranije iznesenim prijedlozima da se <strong>PONI\u0160TI Odluka Skup\u0161tine Op\u0161tine Kotor o imenovanju Gradskog bazena u Kotoru imenom Zorana Gop\u010devi\u0107a<\/strong>. Kod razmatranja ovog prijedloga predla\u017eemo da gradska vlast grada Kotora pregleda elektroni\u010dke stranice koje svjedo\u010de o zlo\u010dinima svojih sugra\u0111ana nad Hrvatima tijekom Domovinskog rata, te da se suo\u010di s istinom i o svome tro\u0161ku podigne spomen plo\u010du o stradanju Hrvata:<\/p>\n\n\n\n<p><strong>Zarobljeni Hrvati u logoru Morinj<\/strong><\/p>\n\n\n\n<p>U&nbsp;logoru&nbsp;<strong>Morinj<\/strong>&nbsp;u<strong>&nbsp;Crnoj Gori&nbsp;<\/strong>od posljedica zlostavljanja preminuo je pripadnik Hrvatske vojske&nbsp;<strong>Jako Obrad<\/strong>. Kroz logor u Morinju pro\u0161la su 292 zarobljenika, a osim Obada ondje je u studenom 1991. stradao i<strong>&nbsp;Mihailo Brailo<\/strong>. Za zlo\u010dine u Morinju osu\u0111eno je nekoliko pripadnika rezervnog sastava JNA, a Crna Gora isplatila je pre\u017eivjelim logora\u0161ima civilima po 200, odnosno logora\u0161ima braniteljima po 100 eura za svaki dan koji su proveli u logoru.<\/p>\n\n\n\n<p>Logor Morinj, za kojeg se tvrdi kako je bio jedan od najzloglasnijih, hrvatskoj je javnosti relativno nepoznat. Pakao ovog logora upoznala su 292 Hrvata, mahom <strong>civila iz dubrova\u010dkog podru\u010dja<\/strong>. Svakodnevna, vi\u0161emjese\u010dna maltretiranja logora\u0161i su opisivala jednako.<\/p>\n\n\n\n<p><em>Izvor: narod.hr\/zbh.hr<\/em><\/p>\n","protected":false},"excerpt":{"rendered":"<p>Zajednica bokeljskih Hrvata ovim otvorenim pismom iskazuje duboku zabrinutost i razo\u010darenje da se Kotorski gradski bazen imenuje po Zoranu Gop\u010devi\u0107u komandiru stra\u017ee Ratnog logora Morinj, u kojem su po\u010dinjeni najgnjusniji zlo\u010dini protiv \u010dovje\u010dnosti prema Hrvatima u novijoj povijesti, prenosi zbh.hr Ratni Logor u Morinju, u istoimenom mjestu u bokokotorskom zaljevu, bio je u Domovinskom ratu [&hellip;]<\/p>\n","protected":false},"author":2,"featured_media":55524,"comment_status":"closed","ping_status":"closed","sticky":false,"template":"","format":"standard","meta":{"h5ap_radio_sources":[],"footnotes":""},"categories":[1],"tags":[],"class_list":["post-55523","post","type-post","status-publish","format-standard","has-post-thumbnail","hentry","category-bihiregija"],"yoast_head":"<!-- This site is optimized with the Yoast SEO plugin v27.5 - https:\/\/yoast.com\/product\/yoast-seo-wordpress\/ -->\n<title>O\u0161tre reakcije u Kotoru: \u2018Bazen nosi ime po \u010duvaru logora u kojem su po\u010dinjeni najgnjusniji zlo\u010dini prema Hrvatima u novijoj povijesti\u2019 - RADIO LJUBU\u0160KI<\/title>\n<meta name=\"robots\" content=\"index, follow, max-snippet:-1, max-image-preview:large, max-video-preview:-1\" \/>\n<link rel=\"canonical\" href=\"https:\/\/radioljubuski.ba\/index.php\/2021\/08\/20\/ostre-reakcije-u-kotoru-bazen-nosi-ime-po-cuvaru-logora-u-kojem-su-pocinjeni-najgnjusniji-zlocini-prema-hrvatima-u-novijoj-povijesti\/\" \/>\n<meta property=\"og:locale\" content=\"hr_HR\" \/>\n<meta property=\"og:type\" content=\"article\" \/>\n<meta property=\"og:title\" content=\"O\u0161tre reakcije u Kotoru: \u2018Bazen nosi ime po \u010duvaru logora u kojem su po\u010dinjeni najgnjusniji zlo\u010dini prema Hrvatima u novijoj povijesti\u2019 - RADIO LJUBU\u0160KI\" \/>\n<meta property=\"og:description\" content=\"Zajednica bokeljskih Hrvata ovim otvorenim pismom iskazuje duboku zabrinutost i razo\u010darenje da se Kotorski gradski bazen imenuje po Zoranu Gop\u010devi\u0107u komandiru stra\u017ee Ratnog logora Morinj, u kojem su po\u010dinjeni najgnjusniji zlo\u010dini protiv \u010dovje\u010dnosti prema Hrvatima u novijoj povijesti, prenosi zbh.hr Ratni Logor u Morinju, u istoimenom mjestu u bokokotorskom zaljevu, bio je u Domovinskom ratu [&hellip;]\" \/>\n<meta property=\"og:url\" content=\"https:\/\/radioljubuski.ba\/index.php\/2021\/08\/20\/ostre-reakcije-u-kotoru-bazen-nosi-ime-po-cuvaru-logora-u-kojem-su-pocinjeni-najgnjusniji-zlocini-prema-hrvatima-u-novijoj-povijesti\/\" \/>\n<meta property=\"og:site_name\" content=\"RADIO LJUBU\u0160KI\" \/>\n<meta property=\"article:publisher\" content=\"https:\/\/www.facebook.com\/Radiio-Ljubuski-1490835324566332\" \/>\n<meta property=\"article:published_time\" content=\"2021-08-20T11:19:52+00:00\" \/>\n<meta property=\"article:modified_time\" content=\"2021-08-20T11:19:54+00:00\" \/>\n<meta property=\"og:image\" content=\"https:\/\/radioljubuski.ba\/wp-content\/uploads\/2021\/08\/morinj-696x464-1.jpg\" \/>\n\t<meta property=\"og:image:width\" content=\"696\" \/>\n\t<meta property=\"og:image:height\" content=\"464\" \/>\n\t<meta property=\"og:image:type\" content=\"image\/jpeg\" \/>\n<meta name=\"author\" content=\"Radio Ljubu\u0161ki\" \/>\n<meta name=\"twitter:card\" content=\"summary_large_image\" \/>\n<meta name=\"twitter:creator\" content=\"@radioljubuski\" \/>\n<meta name=\"twitter:site\" content=\"@radioljubuski\" \/>\n<meta name=\"twitter:label1\" content=\"Napisao\/la\" \/>\n\t<meta name=\"twitter:data1\" content=\"Radio Ljubu\u0161ki\" \/>\n\t<meta name=\"twitter:label2\" content=\"Procijenjeno vrijeme \u010ditanja\" \/>\n\t<meta name=\"twitter:data2\" content=\"4 minute\" \/>\n<script type=\"application\/ld+json\" class=\"yoast-schema-graph\">{\"@context\":\"https:\\\/\\\/schema.org\",\"@graph\":[{\"@type\":\"Article\",\"@id\":\"https:\\\/\\\/radioljubuski.ba\\\/index.php\\\/2021\\\/08\\\/20\\\/ostre-reakcije-u-kotoru-bazen-nosi-ime-po-cuvaru-logora-u-kojem-su-pocinjeni-najgnjusniji-zlocini-prema-hrvatima-u-novijoj-povijesti\\\/#article\",\"isPartOf\":{\"@id\":\"https:\\\/\\\/radioljubuski.ba\\\/index.php\\\/2021\\\/08\\\/20\\\/ostre-reakcije-u-kotoru-bazen-nosi-ime-po-cuvaru-logora-u-kojem-su-pocinjeni-najgnjusniji-zlocini-prema-hrvatima-u-novijoj-povijesti\\\/\"},\"author\":{\"name\":\"Radio Ljubu\u0161ki\",\"@id\":\"https:\\\/\\\/radioljubuski.ba\\\/#\\\/schema\\\/person\\\/19fc700381a780f69665d7956c469e3b\"},\"headline\":\"O\u0161tre reakcije u Kotoru: \u2018Bazen nosi ime po \u010duvaru logora u kojem su po\u010dinjeni najgnjusniji zlo\u010dini prema Hrvatima u novijoj povijesti\u2019\",\"datePublished\":\"2021-08-20T11:19:52+00:00\",\"dateModified\":\"2021-08-20T11:19:54+00:00\",\"mainEntityOfPage\":{\"@id\":\"https:\\\/\\\/radioljubuski.ba\\\/index.php\\\/2021\\\/08\\\/20\\\/ostre-reakcije-u-kotoru-bazen-nosi-ime-po-cuvaru-logora-u-kojem-su-pocinjeni-najgnjusniji-zlocini-prema-hrvatima-u-novijoj-povijesti\\\/\"},\"wordCount\":943,\"publisher\":{\"@id\":\"https:\\\/\\\/radioljubuski.ba\\\/#organization\"},\"image\":{\"@id\":\"https:\\\/\\\/radioljubuski.ba\\\/index.php\\\/2021\\\/08\\\/20\\\/ostre-reakcije-u-kotoru-bazen-nosi-ime-po-cuvaru-logora-u-kojem-su-pocinjeni-najgnjusniji-zlocini-prema-hrvatima-u-novijoj-povijesti\\\/#primaryimage\"},\"thumbnailUrl\":\"https:\\\/\\\/radioljubuski.ba\\\/wp-content\\\/uploads\\\/2021\\\/08\\\/morinj-696x464-1.jpg\",\"articleSection\":[\"BIH i regija\"],\"inLanguage\":\"hr\"},{\"@type\":\"WebPage\",\"@id\":\"https:\\\/\\\/radioljubuski.ba\\\/index.php\\\/2021\\\/08\\\/20\\\/ostre-reakcije-u-kotoru-bazen-nosi-ime-po-cuvaru-logora-u-kojem-su-pocinjeni-najgnjusniji-zlocini-prema-hrvatima-u-novijoj-povijesti\\\/\",\"url\":\"https:\\\/\\\/radioljubuski.ba\\\/index.php\\\/2021\\\/08\\\/20\\\/ostre-reakcije-u-kotoru-bazen-nosi-ime-po-cuvaru-logora-u-kojem-su-pocinjeni-najgnjusniji-zlocini-prema-hrvatima-u-novijoj-povijesti\\\/\",\"name\":\"O\u0161tre reakcije u Kotoru: \u2018Bazen nosi ime po \u010duvaru logora u kojem su po\u010dinjeni najgnjusniji zlo\u010dini prema Hrvatima u novijoj povijesti\u2019 - RADIO LJUBU\u0160KI\",\"isPartOf\":{\"@id\":\"https:\\\/\\\/radioljubuski.ba\\\/#website\"},\"primaryImageOfPage\":{\"@id\":\"https:\\\/\\\/radioljubuski.ba\\\/index.php\\\/2021\\\/08\\\/20\\\/ostre-reakcije-u-kotoru-bazen-nosi-ime-po-cuvaru-logora-u-kojem-su-pocinjeni-najgnjusniji-zlocini-prema-hrvatima-u-novijoj-povijesti\\\/#primaryimage\"},\"image\":{\"@id\":\"https:\\\/\\\/radioljubuski.ba\\\/index.php\\\/2021\\\/08\\\/20\\\/ostre-reakcije-u-kotoru-bazen-nosi-ime-po-cuvaru-logora-u-kojem-su-pocinjeni-najgnjusniji-zlocini-prema-hrvatima-u-novijoj-povijesti\\\/#primaryimage\"},\"thumbnailUrl\":\"https:\\\/\\\/radioljubuski.ba\\\/wp-content\\\/uploads\\\/2021\\\/08\\\/morinj-696x464-1.jpg\",\"datePublished\":\"2021-08-20T11:19:52+00:00\",\"dateModified\":\"2021-08-20T11:19:54+00:00\",\"breadcrumb\":{\"@id\":\"https:\\\/\\\/radioljubuski.ba\\\/index.php\\\/2021\\\/08\\\/20\\\/ostre-reakcije-u-kotoru-bazen-nosi-ime-po-cuvaru-logora-u-kojem-su-pocinjeni-najgnjusniji-zlocini-prema-hrvatima-u-novijoj-povijesti\\\/#breadcrumb\"},\"inLanguage\":\"hr\",\"potentialAction\":[{\"@type\":\"ReadAction\",\"target\":[\"https:\\\/\\\/radioljubuski.ba\\\/index.php\\\/2021\\\/08\\\/20\\\/ostre-reakcije-u-kotoru-bazen-nosi-ime-po-cuvaru-logora-u-kojem-su-pocinjeni-najgnjusniji-zlocini-prema-hrvatima-u-novijoj-povijesti\\\/\"]}]},{\"@type\":\"ImageObject\",\"inLanguage\":\"hr\",\"@id\":\"https:\\\/\\\/radioljubuski.ba\\\/index.php\\\/2021\\\/08\\\/20\\\/ostre-reakcije-u-kotoru-bazen-nosi-ime-po-cuvaru-logora-u-kojem-su-pocinjeni-najgnjusniji-zlocini-prema-hrvatima-u-novijoj-povijesti\\\/#primaryimage\",\"url\":\"https:\\\/\\\/radioljubuski.ba\\\/wp-content\\\/uploads\\\/2021\\\/08\\\/morinj-696x464-1.jpg\",\"contentUrl\":\"https:\\\/\\\/radioljubuski.ba\\\/wp-content\\\/uploads\\\/2021\\\/08\\\/morinj-696x464-1.jpg\",\"width\":696,\"height\":464},{\"@type\":\"BreadcrumbList\",\"@id\":\"https:\\\/\\\/radioljubuski.ba\\\/index.php\\\/2021\\\/08\\\/20\\\/ostre-reakcije-u-kotoru-bazen-nosi-ime-po-cuvaru-logora-u-kojem-su-pocinjeni-najgnjusniji-zlocini-prema-hrvatima-u-novijoj-povijesti\\\/#breadcrumb\",\"itemListElement\":[{\"@type\":\"ListItem\",\"position\":1,\"name\":\"Po\u010detna stranica\",\"item\":\"https:\\\/\\\/radioljubuski.ba\\\/\"},{\"@type\":\"ListItem\",\"position\":2,\"name\":\"O\u0161tre reakcije u Kotoru: \u2018Bazen nosi ime po \u010duvaru logora u kojem su po\u010dinjeni najgnjusniji zlo\u010dini prema Hrvatima u novijoj povijesti\u2019\"}]},{\"@type\":\"WebSite\",\"@id\":\"https:\\\/\\\/radioljubuski.ba\\\/#website\",\"url\":\"https:\\\/\\\/radioljubuski.ba\\\/\",\"name\":\"Radio Ljubu\u0161ki\",\"description\":\"Sun\u010dana frekvencija Hercegovine\",\"publisher\":{\"@id\":\"https:\\\/\\\/radioljubuski.ba\\\/#organization\"},\"potentialAction\":[{\"@type\":\"SearchAction\",\"target\":{\"@type\":\"EntryPoint\",\"urlTemplate\":\"https:\\\/\\\/radioljubuski.ba\\\/?s={search_term_string}\"},\"query-input\":{\"@type\":\"PropertyValueSpecification\",\"valueRequired\":true,\"valueName\":\"search_term_string\"}}],\"inLanguage\":\"hr\"},{\"@type\":\"Organization\",\"@id\":\"https:\\\/\\\/radioljubuski.ba\\\/#organization\",\"name\":\"Radio Ljubu\u0161ki\",\"url\":\"https:\\\/\\\/radioljubuski.ba\\\/\",\"logo\":{\"@type\":\"ImageObject\",\"inLanguage\":\"hr\",\"@id\":\"https:\\\/\\\/radioljubuski.ba\\\/#\\\/schema\\\/logo\\\/image\\\/\",\"url\":\"https:\\\/\\\/radioljubuski.ba\\\/wp-content\\\/uploads\\\/2021\\\/02\\\/cropped-Radio_Ljubuski_logo1.jpg\",\"contentUrl\":\"https:\\\/\\\/radioljubuski.ba\\\/wp-content\\\/uploads\\\/2021\\\/02\\\/cropped-Radio_Ljubuski_logo1.jpg\",\"width\":512,\"height\":512,\"caption\":\"Radio Ljubu\u0161ki\"},\"image\":{\"@id\":\"https:\\\/\\\/radioljubuski.ba\\\/#\\\/schema\\\/logo\\\/image\\\/\"},\"sameAs\":[\"https:\\\/\\\/www.facebook.com\\\/Radiio-Ljubuski-1490835324566332\",\"https:\\\/\\\/x.com\\\/radioljubuski\",\"https:\\\/\\\/hr.linkedin.com\\\/company\\\/radio-ljubuski\",\"https:\\\/\\\/www.youtube.com\\\/channel\\\/UCHYaeO_n0Db3tjNGudGpXyw\"]},{\"@type\":\"Person\",\"@id\":\"https:\\\/\\\/radioljubuski.ba\\\/#\\\/schema\\\/person\\\/19fc700381a780f69665d7956c469e3b\",\"name\":\"Radio Ljubu\u0161ki\"}]}<\/script>\n<!-- \/ Yoast SEO plugin. -->","yoast_head_json":{"title":"O\u0161tre reakcije u Kotoru: \u2018Bazen nosi ime po \u010duvaru logora u kojem su po\u010dinjeni najgnjusniji zlo\u010dini prema Hrvatima u novijoj povijesti\u2019 - RADIO LJUBU\u0160KI","robots":{"index":"index","follow":"follow","max-snippet":"max-snippet:-1","max-image-preview":"max-image-preview:large","max-video-preview":"max-video-preview:-1"},"canonical":"https:\/\/radioljubuski.ba\/index.php\/2021\/08\/20\/ostre-reakcije-u-kotoru-bazen-nosi-ime-po-cuvaru-logora-u-kojem-su-pocinjeni-najgnjusniji-zlocini-prema-hrvatima-u-novijoj-povijesti\/","og_locale":"hr_HR","og_type":"article","og_title":"O\u0161tre reakcije u Kotoru: \u2018Bazen nosi ime po \u010duvaru logora u kojem su po\u010dinjeni najgnjusniji zlo\u010dini prema Hrvatima u novijoj povijesti\u2019 - RADIO LJUBU\u0160KI","og_description":"Zajednica bokeljskih Hrvata ovim otvorenim pismom iskazuje duboku zabrinutost i razo\u010darenje da se Kotorski gradski bazen imenuje po Zoranu Gop\u010devi\u0107u komandiru stra\u017ee Ratnog logora Morinj, u kojem su po\u010dinjeni najgnjusniji zlo\u010dini protiv \u010dovje\u010dnosti prema Hrvatima u novijoj povijesti, prenosi zbh.hr Ratni Logor u Morinju, u istoimenom mjestu u bokokotorskom zaljevu, bio je u Domovinskom ratu [&hellip;]","og_url":"https:\/\/radioljubuski.ba\/index.php\/2021\/08\/20\/ostre-reakcije-u-kotoru-bazen-nosi-ime-po-cuvaru-logora-u-kojem-su-pocinjeni-najgnjusniji-zlocini-prema-hrvatima-u-novijoj-povijesti\/","og_site_name":"RADIO LJUBU\u0160KI","article_publisher":"https:\/\/www.facebook.com\/Radiio-Ljubuski-1490835324566332","article_published_time":"2021-08-20T11:19:52+00:00","article_modified_time":"2021-08-20T11:19:54+00:00","og_image":[{"width":696,"height":464,"url":"https:\/\/radioljubuski.ba\/wp-content\/uploads\/2021\/08\/morinj-696x464-1.jpg","type":"image\/jpeg"}],"author":"Radio Ljubu\u0161ki","twitter_card":"summary_large_image","twitter_creator":"@radioljubuski","twitter_site":"@radioljubuski","twitter_misc":{"Napisao\/la":"Radio Ljubu\u0161ki","Procijenjeno vrijeme \u010ditanja":"4 minute"},"schema":{"@context":"https:\/\/schema.org","@graph":[{"@type":"Article","@id":"https:\/\/radioljubuski.ba\/index.php\/2021\/08\/20\/ostre-reakcije-u-kotoru-bazen-nosi-ime-po-cuvaru-logora-u-kojem-su-pocinjeni-najgnjusniji-zlocini-prema-hrvatima-u-novijoj-povijesti\/#article","isPartOf":{"@id":"https:\/\/radioljubuski.ba\/index.php\/2021\/08\/20\/ostre-reakcije-u-kotoru-bazen-nosi-ime-po-cuvaru-logora-u-kojem-su-pocinjeni-najgnjusniji-zlocini-prema-hrvatima-u-novijoj-povijesti\/"},"author":{"name":"Radio Ljubu\u0161ki","@id":"https:\/\/radioljubuski.ba\/#\/schema\/person\/19fc700381a780f69665d7956c469e3b"},"headline":"O\u0161tre reakcije u Kotoru: \u2018Bazen nosi ime po \u010duvaru logora u kojem su po\u010dinjeni najgnjusniji zlo\u010dini prema Hrvatima u novijoj povijesti\u2019","datePublished":"2021-08-20T11:19:52+00:00","dateModified":"2021-08-20T11:19:54+00:00","mainEntityOfPage":{"@id":"https:\/\/radioljubuski.ba\/index.php\/2021\/08\/20\/ostre-reakcije-u-kotoru-bazen-nosi-ime-po-cuvaru-logora-u-kojem-su-pocinjeni-najgnjusniji-zlocini-prema-hrvatima-u-novijoj-povijesti\/"},"wordCount":943,"publisher":{"@id":"https:\/\/radioljubuski.ba\/#organization"},"image":{"@id":"https:\/\/radioljubuski.ba\/index.php\/2021\/08\/20\/ostre-reakcije-u-kotoru-bazen-nosi-ime-po-cuvaru-logora-u-kojem-su-pocinjeni-najgnjusniji-zlocini-prema-hrvatima-u-novijoj-povijesti\/#primaryimage"},"thumbnailUrl":"https:\/\/radioljubuski.ba\/wp-content\/uploads\/2021\/08\/morinj-696x464-1.jpg","articleSection":["BIH i regija"],"inLanguage":"hr"},{"@type":"WebPage","@id":"https:\/\/radioljubuski.ba\/index.php\/2021\/08\/20\/ostre-reakcije-u-kotoru-bazen-nosi-ime-po-cuvaru-logora-u-kojem-su-pocinjeni-najgnjusniji-zlocini-prema-hrvatima-u-novijoj-povijesti\/","url":"https:\/\/radioljubuski.ba\/index.php\/2021\/08\/20\/ostre-reakcije-u-kotoru-bazen-nosi-ime-po-cuvaru-logora-u-kojem-su-pocinjeni-najgnjusniji-zlocini-prema-hrvatima-u-novijoj-povijesti\/","name":"O\u0161tre reakcije u Kotoru: \u2018Bazen nosi ime po \u010duvaru logora u kojem su po\u010dinjeni najgnjusniji zlo\u010dini prema Hrvatima u novijoj povijesti\u2019 - RADIO LJUBU\u0160KI","isPartOf":{"@id":"https:\/\/radioljubuski.ba\/#website"},"primaryImageOfPage":{"@id":"https:\/\/radioljubuski.ba\/index.php\/2021\/08\/20\/ostre-reakcije-u-kotoru-bazen-nosi-ime-po-cuvaru-logora-u-kojem-su-pocinjeni-najgnjusniji-zlocini-prema-hrvatima-u-novijoj-povijesti\/#primaryimage"},"image":{"@id":"https:\/\/radioljubuski.ba\/index.php\/2021\/08\/20\/ostre-reakcije-u-kotoru-bazen-nosi-ime-po-cuvaru-logora-u-kojem-su-pocinjeni-najgnjusniji-zlocini-prema-hrvatima-u-novijoj-povijesti\/#primaryimage"},"thumbnailUrl":"https:\/\/radioljubuski.ba\/wp-content\/uploads\/2021\/08\/morinj-696x464-1.jpg","datePublished":"2021-08-20T11:19:52+00:00","dateModified":"2021-08-20T11:19:54+00:00","breadcrumb":{"@id":"https:\/\/radioljubuski.ba\/index.php\/2021\/08\/20\/ostre-reakcije-u-kotoru-bazen-nosi-ime-po-cuvaru-logora-u-kojem-su-pocinjeni-najgnjusniji-zlocini-prema-hrvatima-u-novijoj-povijesti\/#breadcrumb"},"inLanguage":"hr","potentialAction":[{"@type":"ReadAction","target":["https:\/\/radioljubuski.ba\/index.php\/2021\/08\/20\/ostre-reakcije-u-kotoru-bazen-nosi-ime-po-cuvaru-logora-u-kojem-su-pocinjeni-najgnjusniji-zlocini-prema-hrvatima-u-novijoj-povijesti\/"]}]},{"@type":"ImageObject","inLanguage":"hr","@id":"https:\/\/radioljubuski.ba\/index.php\/2021\/08\/20\/ostre-reakcije-u-kotoru-bazen-nosi-ime-po-cuvaru-logora-u-kojem-su-pocinjeni-najgnjusniji-zlocini-prema-hrvatima-u-novijoj-povijesti\/#primaryimage","url":"https:\/\/radioljubuski.ba\/wp-content\/uploads\/2021\/08\/morinj-696x464-1.jpg","contentUrl":"https:\/\/radioljubuski.ba\/wp-content\/uploads\/2021\/08\/morinj-696x464-1.jpg","width":696,"height":464},{"@type":"BreadcrumbList","@id":"https:\/\/radioljubuski.ba\/index.php\/2021\/08\/20\/ostre-reakcije-u-kotoru-bazen-nosi-ime-po-cuvaru-logora-u-kojem-su-pocinjeni-najgnjusniji-zlocini-prema-hrvatima-u-novijoj-povijesti\/#breadcrumb","itemListElement":[{"@type":"ListItem","position":1,"name":"Po\u010detna stranica","item":"https:\/\/radioljubuski.ba\/"},{"@type":"ListItem","position":2,"name":"O\u0161tre reakcije u Kotoru: \u2018Bazen nosi ime po \u010duvaru logora u kojem su po\u010dinjeni najgnjusniji zlo\u010dini prema Hrvatima u novijoj povijesti\u2019"}]},{"@type":"WebSite","@id":"https:\/\/radioljubuski.ba\/#website","url":"https:\/\/radioljubuski.ba\/","name":"Radio Ljubu\u0161ki","description":"Sun\u010dana frekvencija Hercegovine","publisher":{"@id":"https:\/\/radioljubuski.ba\/#organization"},"potentialAction":[{"@type":"SearchAction","target":{"@type":"EntryPoint","urlTemplate":"https:\/\/radioljubuski.ba\/?s={search_term_string}"},"query-input":{"@type":"PropertyValueSpecification","valueRequired":true,"valueName":"search_term_string"}}],"inLanguage":"hr"},{"@type":"Organization","@id":"https:\/\/radioljubuski.ba\/#organization","name":"Radio Ljubu\u0161ki","url":"https:\/\/radioljubuski.ba\/","logo":{"@type":"ImageObject","inLanguage":"hr","@id":"https:\/\/radioljubuski.ba\/#\/schema\/logo\/image\/","url":"https:\/\/radioljubuski.ba\/wp-content\/uploads\/2021\/02\/cropped-Radio_Ljubuski_logo1.jpg","contentUrl":"https:\/\/radioljubuski.ba\/wp-content\/uploads\/2021\/02\/cropped-Radio_Ljubuski_logo1.jpg","width":512,"height":512,"caption":"Radio Ljubu\u0161ki"},"image":{"@id":"https:\/\/radioljubuski.ba\/#\/schema\/logo\/image\/"},"sameAs":["https:\/\/www.facebook.com\/Radiio-Ljubuski-1490835324566332","https:\/\/x.com\/radioljubuski","https:\/\/hr.linkedin.com\/company\/radio-ljubuski","https:\/\/www.youtube.com\/channel\/UCHYaeO_n0Db3tjNGudGpXyw"]},{"@type":"Person","@id":"https:\/\/radioljubuski.ba\/#\/schema\/person\/19fc700381a780f69665d7956c469e3b","name":"Radio Ljubu\u0161ki"}]}},"_links":{"self":[{"href":"https:\/\/radioljubuski.ba\/index.php\/wp-json\/wp\/v2\/posts\/55523","targetHints":{"allow":["GET"]}}],"collection":[{"href":"https:\/\/radioljubuski.ba\/index.php\/wp-json\/wp\/v2\/posts"}],"about":[{"href":"https:\/\/radioljubuski.ba\/index.php\/wp-json\/wp\/v2\/types\/post"}],"author":[{"embeddable":true,"href":"https:\/\/radioljubuski.ba\/index.php\/wp-json\/wp\/v2\/users\/2"}],"replies":[{"embeddable":true,"href":"https:\/\/radioljubuski.ba\/index.php\/wp-json\/wp\/v2\/comments?post=55523"}],"version-history":[{"count":1,"href":"https:\/\/radioljubuski.ba\/index.php\/wp-json\/wp\/v2\/posts\/55523\/revisions"}],"predecessor-version":[{"id":55525,"href":"https:\/\/radioljubuski.ba\/index.php\/wp-json\/wp\/v2\/posts\/55523\/revisions\/55525"}],"wp:featuredmedia":[{"embeddable":true,"href":"https:\/\/radioljubuski.ba\/index.php\/wp-json\/wp\/v2\/media\/55524"}],"wp:attachment":[{"href":"https:\/\/radioljubuski.ba\/index.php\/wp-json\/wp\/v2\/media?parent=55523"}],"wp:term":[{"taxonomy":"category","embeddable":true,"href":"https:\/\/radioljubuski.ba\/index.php\/wp-json\/wp\/v2\/categories?post=55523"},{"taxonomy":"post_tag","embeddable":true,"href":"https:\/\/radioljubuski.ba\/index.php\/wp-json\/wp\/v2\/tags?post=55523"}],"curies":[{"name":"wp","href":"https:\/\/api.w.org\/{rel}","templated":true}]}}