{"id":55546,"date":"2021-08-20T12:39:43","date_gmt":"2021-08-20T11:39:43","guid":{"rendered":"https:\/\/radioljubuski.ba\/?p=55546"},"modified":"2021-08-20T12:39:43","modified_gmt":"2021-08-20T11:39:43","slug":"santarelli-popodne-cemo-provesti-u-proucavanju-videa-i-taktike-bjelorusije","status":"publish","type":"post","link":"https:\/\/radioljubuski.ba\/index.php\/2021\/08\/20\/santarelli-popodne-cemo-provesti-u-proucavanju-videa-i-taktike-bjelorusije\/","title":{"rendered":"Santarelli: Popodne \u0107emo provesti u prou\u010davanju videa i taktike Bjelorusije"},"content":{"rendered":"\n<p>Hrvatske odbojka\u0161ke reprezentativke pobjedom nad \u0160vicarskom otvorile su EuroVolley 2021. Na\u0161e reprezentativke Laura Milo\u0161, Matea Iki\u0107 te izbornik Daniele Santarelli otkrili su dojmove nakon prospavane no\u0107i te najavili daljne aktivnosti.<\/p>\n\n\n\n<p>&#8211; Sretni smo ostvarenom pobjedom protiv \u0160vicarske. Sada nam je najbitniji odmor. Ujutro smo odradili jutarnji trening te \u0107emo popodne provesti u prou\u010davanju videa i taktike Bjelorusije. Ovo natjecanje je dosta dugo s puno me\u010deva te nemamo puno vremena za odmor, no bitno je da se igra\u010dice svojom igrom prilagode suparni\u010dkom timu. Ju\u010der protiv \u0160vicarske igrali smo jednu vrstu igre, a ve\u0107 sutra protiv Bjelorusije na\u0161u igru moramo prilagoditi njima. Nakon dana\u0161nje pripreme za Bjelorusiju, imat \u0107emo vremena tako\u0111er prou\u010diti i Italiju, otkrio je <strong>Daniele Santarelli<\/strong>, izbornik \u017eenske hrvatske odbojka\u0161ke reprezentacije.<br><br>U skupini C Hrvatska idu\u0107u utakmicu igra protiv Bjelorusije sutra, 21. kolovoz u 17 sati, Slova\u010dke 22. kolovoza u 17 sati, Ma\u0111arske 24. kolovoza u 17 sati te Italije 25. kolovoz u 21 sat.&nbsp;<br><br>&#8211; Nakon zavr\u0161ene prve utakmice koju smo svi \u017eeljno pri\u017eeljkivali, iza\u0161le smo s najboljim mogu\u0107im rezultatom. Svi smo jako sretni. Emocije od ju\u010der malo su se slegle. Danas nam dan prolazi u pripremi za sljede\u0107u utakmicu. Opustit \u0107emo se uz na\u0161e predivno more koje \u0107e nam dati jo\u0161 vi\u0161e snage za naredne dane. Ve\u0107 sutra kre\u0107emo u nove pobjede i nadam se da \u0107emo se pokazati u najboljem mogu\u0107em svjetlu kao \u0161to smo to napravile protiv \u0160vicarske, izjavila je igra\u010dica Laura Milo\u0161, koja igra na poziciji prima\u010da \u2013 puca\u010da.<br><br>Matea Iki\u0107, prima\u010dica \u2013 puca\u010dica je dodala:<br><br>&#8211; Nakon ju\u010dera\u0161nje utakmice bilo je potrebno vremena da nam se slegnu utisci i dojmovi. Ve\u0107 sutra igramo protiv Bjelorusije za koju se moramo dobro pripremiti te moramo biti koncentrirane i fokusirane. Bjelorusija je dobra ekipa s kojom smo ve\u0107 par puta igrale te smo ih pobje\u0111ivale. No, sada su se ekipi priklju\u010dile nove igra\u010dice stoga ih trebamo dobro izanalizirati. Dana\u0161nji dan \u0107emo provesti u odmoru. Svakako \u0107u oti\u0107i do pla\u017ee i mora na relaksaciju mi\u0161i\u0107a, no sva koncentracija nam je na sutra\u0161nji me\u010d.<br><br>Za Hrvatsku \u0107e na EuroVolley 2021 igrati Rene Sain, Ema Strunjak, Bo\u017eana Butigan, Nikolina Bo\u017ei\u010devi\u0107, Laura Milo\u0161, Lucija Mlinar, Matea Iki\u0107, Beta Duman\u010di\u0107, Samanta Fabris, Martina \u0160amadan, Klara Peri\u0107, Lea Deak, Dinka Kuli\u0107 i Karla Klari\u0107. Stru\u010dni sto\u017eer \u010dine izbornik reprezentacije Daniele Santarelli, prvi pomo\u0107ni trener Diego Flisi, drugi pomo\u0107ni trener Simone Truzzi, kondicijski trener Daniele Alpi, fizioterapeut Francesco Zucca, menad\u017eer tima Frane \u017dani\u0107, analiti\u010dar ekipe Marko Greco te pomo\u0107na trenerica Mirela Deli\u0107.<\/p>\n\n\n\n<p>Izvor:hrt.hr<\/p>\n","protected":false},"excerpt":{"rendered":"<p>Hrvatske odbojka\u0161ke reprezentativke pobjedom nad \u0160vicarskom otvorile su EuroVolley 2021. Na\u0161e reprezentativke Laura Milo\u0161, Matea Iki\u0107 te izbornik Daniele Santarelli otkrili su dojmove nakon prospavane no\u0107i te najavili daljne aktivnosti. &#8211; Sretni smo ostvarenom pobjedom protiv \u0160vicarske. Sada nam je najbitniji odmor. Ujutro smo odradili jutarnji trening te \u0107emo popodne provesti u prou\u010davanju videa i [&hellip;]<\/p>\n","protected":false},"author":2,"featured_media":55164,"comment_status":"closed","ping_status":"closed","sticky":false,"template":"","format":"standard","meta":{"h5ap_radio_sources":[],"footnotes":""},"categories":[7],"tags":[],"class_list":["post-55546","post","type-post","status-publish","format-standard","has-post-thumbnail","hentry","category-sport"],"yoast_head":"<!-- This site is optimized with the Yoast SEO plugin v27.5 - https:\/\/yoast.com\/product\/yoast-seo-wordpress\/ -->\n<title>Santarelli: Popodne \u0107emo provesti u prou\u010davanju videa i taktike Bjelorusije - RADIO LJUBU\u0160KI<\/title>\n<meta name=\"robots\" content=\"index, follow, max-snippet:-1, max-image-preview:large, max-video-preview:-1\" \/>\n<link rel=\"canonical\" href=\"https:\/\/radioljubuski.ba\/index.php\/2021\/08\/20\/santarelli-popodne-cemo-provesti-u-proucavanju-videa-i-taktike-bjelorusije\/\" \/>\n<meta property=\"og:locale\" content=\"hr_HR\" \/>\n<meta property=\"og:type\" content=\"article\" \/>\n<meta property=\"og:title\" content=\"Santarelli: Popodne \u0107emo provesti u prou\u010davanju videa i taktike Bjelorusije - RADIO LJUBU\u0160KI\" \/>\n<meta property=\"og:description\" content=\"Hrvatske odbojka\u0161ke reprezentativke pobjedom nad \u0160vicarskom otvorile su EuroVolley 2021. Na\u0161e reprezentativke Laura Milo\u0161, Matea Iki\u0107 te izbornik Daniele Santarelli otkrili su dojmove nakon prospavane no\u0107i te najavili daljne aktivnosti. &#8211; Sretni smo ostvarenom pobjedom protiv \u0160vicarske. Sada nam je najbitniji odmor. Ujutro smo odradili jutarnji trening te \u0107emo popodne provesti u prou\u010davanju videa i [&hellip;]\" \/>\n<meta property=\"og:url\" content=\"https:\/\/radioljubuski.ba\/index.php\/2021\/08\/20\/santarelli-popodne-cemo-provesti-u-proucavanju-videa-i-taktike-bjelorusije\/\" \/>\n<meta property=\"og:site_name\" content=\"RADIO LJUBU\u0160KI\" \/>\n<meta property=\"article:publisher\" content=\"https:\/\/www.facebook.com\/Radiio-Ljubuski-1490835324566332\" \/>\n<meta property=\"article:published_time\" content=\"2021-08-20T11:39:43+00:00\" \/>\n<meta property=\"og:image\" content=\"https:\/\/radioljubuski.ba\/wp-content\/uploads\/2021\/08\/odbojkasice-1908-20210819160625.jpg\" \/>\n\t<meta property=\"og:image:width\" content=\"2500\" \/>\n\t<meta property=\"og:image:height\" content=\"1666\" \/>\n\t<meta property=\"og:image:type\" content=\"image\/jpeg\" \/>\n<meta name=\"author\" content=\"Radio Ljubu\u0161ki\" \/>\n<meta name=\"twitter:card\" content=\"summary_large_image\" \/>\n<meta name=\"twitter:creator\" content=\"@radioljubuski\" \/>\n<meta name=\"twitter:site\" content=\"@radioljubuski\" \/>\n<meta name=\"twitter:label1\" content=\"Napisao\/la\" \/>\n\t<meta name=\"twitter:data1\" content=\"Radio Ljubu\u0161ki\" \/>\n\t<meta name=\"twitter:label2\" content=\"Procijenjeno vrijeme \u010ditanja\" \/>\n\t<meta name=\"twitter:data2\" content=\"2 minute\" \/>\n<script type=\"application\/ld+json\" class=\"yoast-schema-graph\">{\"@context\":\"https:\\\/\\\/schema.org\",\"@graph\":[{\"@type\":\"Article\",\"@id\":\"https:\\\/\\\/radioljubuski.ba\\\/index.php\\\/2021\\\/08\\\/20\\\/santarelli-popodne-cemo-provesti-u-proucavanju-videa-i-taktike-bjelorusije\\\/#article\",\"isPartOf\":{\"@id\":\"https:\\\/\\\/radioljubuski.ba\\\/index.php\\\/2021\\\/08\\\/20\\\/santarelli-popodne-cemo-provesti-u-proucavanju-videa-i-taktike-bjelorusije\\\/\"},\"author\":{\"name\":\"Radio Ljubu\u0161ki\",\"@id\":\"https:\\\/\\\/radioljubuski.ba\\\/#\\\/schema\\\/person\\\/19fc700381a780f69665d7956c469e3b\"},\"headline\":\"Santarelli: Popodne \u0107emo provesti u prou\u010davanju videa i taktike Bjelorusije\",\"datePublished\":\"2021-08-20T11:39:43+00:00\",\"mainEntityOfPage\":{\"@id\":\"https:\\\/\\\/radioljubuski.ba\\\/index.php\\\/2021\\\/08\\\/20\\\/santarelli-popodne-cemo-provesti-u-proucavanju-videa-i-taktike-bjelorusije\\\/\"},\"wordCount\":464,\"publisher\":{\"@id\":\"https:\\\/\\\/radioljubuski.ba\\\/#organization\"},\"image\":{\"@id\":\"https:\\\/\\\/radioljubuski.ba\\\/index.php\\\/2021\\\/08\\\/20\\\/santarelli-popodne-cemo-provesti-u-proucavanju-videa-i-taktike-bjelorusije\\\/#primaryimage\"},\"thumbnailUrl\":\"https:\\\/\\\/radioljubuski.ba\\\/wp-content\\\/uploads\\\/2021\\\/08\\\/odbojkasice-1908-20210819160625.jpg\",\"articleSection\":[\"\u0160port\"],\"inLanguage\":\"hr\"},{\"@type\":\"WebPage\",\"@id\":\"https:\\\/\\\/radioljubuski.ba\\\/index.php\\\/2021\\\/08\\\/20\\\/santarelli-popodne-cemo-provesti-u-proucavanju-videa-i-taktike-bjelorusije\\\/\",\"url\":\"https:\\\/\\\/radioljubuski.ba\\\/index.php\\\/2021\\\/08\\\/20\\\/santarelli-popodne-cemo-provesti-u-proucavanju-videa-i-taktike-bjelorusije\\\/\",\"name\":\"Santarelli: Popodne \u0107emo provesti u prou\u010davanju videa i taktike Bjelorusije - RADIO LJUBU\u0160KI\",\"isPartOf\":{\"@id\":\"https:\\\/\\\/radioljubuski.ba\\\/#website\"},\"primaryImageOfPage\":{\"@id\":\"https:\\\/\\\/radioljubuski.ba\\\/index.php\\\/2021\\\/08\\\/20\\\/santarelli-popodne-cemo-provesti-u-proucavanju-videa-i-taktike-bjelorusije\\\/#primaryimage\"},\"image\":{\"@id\":\"https:\\\/\\\/radioljubuski.ba\\\/index.php\\\/2021\\\/08\\\/20\\\/santarelli-popodne-cemo-provesti-u-proucavanju-videa-i-taktike-bjelorusije\\\/#primaryimage\"},\"thumbnailUrl\":\"https:\\\/\\\/radioljubuski.ba\\\/wp-content\\\/uploads\\\/2021\\\/08\\\/odbojkasice-1908-20210819160625.jpg\",\"datePublished\":\"2021-08-20T11:39:43+00:00\",\"breadcrumb\":{\"@id\":\"https:\\\/\\\/radioljubuski.ba\\\/index.php\\\/2021\\\/08\\\/20\\\/santarelli-popodne-cemo-provesti-u-proucavanju-videa-i-taktike-bjelorusije\\\/#breadcrumb\"},\"inLanguage\":\"hr\",\"potentialAction\":[{\"@type\":\"ReadAction\",\"target\":[\"https:\\\/\\\/radioljubuski.ba\\\/index.php\\\/2021\\\/08\\\/20\\\/santarelli-popodne-cemo-provesti-u-proucavanju-videa-i-taktike-bjelorusije\\\/\"]}]},{\"@type\":\"ImageObject\",\"inLanguage\":\"hr\",\"@id\":\"https:\\\/\\\/radioljubuski.ba\\\/index.php\\\/2021\\\/08\\\/20\\\/santarelli-popodne-cemo-provesti-u-proucavanju-videa-i-taktike-bjelorusije\\\/#primaryimage\",\"url\":\"https:\\\/\\\/radioljubuski.ba\\\/wp-content\\\/uploads\\\/2021\\\/08\\\/odbojkasice-1908-20210819160625.jpg\",\"contentUrl\":\"https:\\\/\\\/radioljubuski.ba\\\/wp-content\\\/uploads\\\/2021\\\/08\\\/odbojkasice-1908-20210819160625.jpg\",\"width\":2500,\"height\":1666},{\"@type\":\"BreadcrumbList\",\"@id\":\"https:\\\/\\\/radioljubuski.ba\\\/index.php\\\/2021\\\/08\\\/20\\\/santarelli-popodne-cemo-provesti-u-proucavanju-videa-i-taktike-bjelorusije\\\/#breadcrumb\",\"itemListElement\":[{\"@type\":\"ListItem\",\"position\":1,\"name\":\"Po\u010detna stranica\",\"item\":\"https:\\\/\\\/radioljubuski.ba\\\/\"},{\"@type\":\"ListItem\",\"position\":2,\"name\":\"Santarelli: Popodne \u0107emo provesti u prou\u010davanju videa i taktike Bjelorusije\"}]},{\"@type\":\"WebSite\",\"@id\":\"https:\\\/\\\/radioljubuski.ba\\\/#website\",\"url\":\"https:\\\/\\\/radioljubuski.ba\\\/\",\"name\":\"Radio Ljubu\u0161ki\",\"description\":\"Sun\u010dana frekvencija Hercegovine\",\"publisher\":{\"@id\":\"https:\\\/\\\/radioljubuski.ba\\\/#organization\"},\"potentialAction\":[{\"@type\":\"SearchAction\",\"target\":{\"@type\":\"EntryPoint\",\"urlTemplate\":\"https:\\\/\\\/radioljubuski.ba\\\/?s={search_term_string}\"},\"query-input\":{\"@type\":\"PropertyValueSpecification\",\"valueRequired\":true,\"valueName\":\"search_term_string\"}}],\"inLanguage\":\"hr\"},{\"@type\":\"Organization\",\"@id\":\"https:\\\/\\\/radioljubuski.ba\\\/#organization\",\"name\":\"Radio Ljubu\u0161ki\",\"url\":\"https:\\\/\\\/radioljubuski.ba\\\/\",\"logo\":{\"@type\":\"ImageObject\",\"inLanguage\":\"hr\",\"@id\":\"https:\\\/\\\/radioljubuski.ba\\\/#\\\/schema\\\/logo\\\/image\\\/\",\"url\":\"https:\\\/\\\/radioljubuski.ba\\\/wp-content\\\/uploads\\\/2021\\\/02\\\/cropped-Radio_Ljubuski_logo1.jpg\",\"contentUrl\":\"https:\\\/\\\/radioljubuski.ba\\\/wp-content\\\/uploads\\\/2021\\\/02\\\/cropped-Radio_Ljubuski_logo1.jpg\",\"width\":512,\"height\":512,\"caption\":\"Radio Ljubu\u0161ki\"},\"image\":{\"@id\":\"https:\\\/\\\/radioljubuski.ba\\\/#\\\/schema\\\/logo\\\/image\\\/\"},\"sameAs\":[\"https:\\\/\\\/www.facebook.com\\\/Radiio-Ljubuski-1490835324566332\",\"https:\\\/\\\/x.com\\\/radioljubuski\",\"https:\\\/\\\/hr.linkedin.com\\\/company\\\/radio-ljubuski\",\"https:\\\/\\\/www.youtube.com\\\/channel\\\/UCHYaeO_n0Db3tjNGudGpXyw\"]},{\"@type\":\"Person\",\"@id\":\"https:\\\/\\\/radioljubuski.ba\\\/#\\\/schema\\\/person\\\/19fc700381a780f69665d7956c469e3b\",\"name\":\"Radio Ljubu\u0161ki\"}]}<\/script>\n<!-- \/ Yoast SEO plugin. -->","yoast_head_json":{"title":"Santarelli: Popodne \u0107emo provesti u prou\u010davanju videa i taktike Bjelorusije - RADIO LJUBU\u0160KI","robots":{"index":"index","follow":"follow","max-snippet":"max-snippet:-1","max-image-preview":"max-image-preview:large","max-video-preview":"max-video-preview:-1"},"canonical":"https:\/\/radioljubuski.ba\/index.php\/2021\/08\/20\/santarelli-popodne-cemo-provesti-u-proucavanju-videa-i-taktike-bjelorusije\/","og_locale":"hr_HR","og_type":"article","og_title":"Santarelli: Popodne \u0107emo provesti u prou\u010davanju videa i taktike Bjelorusije - RADIO LJUBU\u0160KI","og_description":"Hrvatske odbojka\u0161ke reprezentativke pobjedom nad \u0160vicarskom otvorile su EuroVolley 2021. Na\u0161e reprezentativke Laura Milo\u0161, Matea Iki\u0107 te izbornik Daniele Santarelli otkrili su dojmove nakon prospavane no\u0107i te najavili daljne aktivnosti. &#8211; Sretni smo ostvarenom pobjedom protiv \u0160vicarske. Sada nam je najbitniji odmor. Ujutro smo odradili jutarnji trening te \u0107emo popodne provesti u prou\u010davanju videa i [&hellip;]","og_url":"https:\/\/radioljubuski.ba\/index.php\/2021\/08\/20\/santarelli-popodne-cemo-provesti-u-proucavanju-videa-i-taktike-bjelorusije\/","og_site_name":"RADIO LJUBU\u0160KI","article_publisher":"https:\/\/www.facebook.com\/Radiio-Ljubuski-1490835324566332","article_published_time":"2021-08-20T11:39:43+00:00","og_image":[{"width":2500,"height":1666,"url":"https:\/\/radioljubuski.ba\/wp-content\/uploads\/2021\/08\/odbojkasice-1908-20210819160625.jpg","type":"image\/jpeg"}],"author":"Radio Ljubu\u0161ki","twitter_card":"summary_large_image","twitter_creator":"@radioljubuski","twitter_site":"@radioljubuski","twitter_misc":{"Napisao\/la":"Radio Ljubu\u0161ki","Procijenjeno vrijeme \u010ditanja":"2 minute"},"schema":{"@context":"https:\/\/schema.org","@graph":[{"@type":"Article","@id":"https:\/\/radioljubuski.ba\/index.php\/2021\/08\/20\/santarelli-popodne-cemo-provesti-u-proucavanju-videa-i-taktike-bjelorusije\/#article","isPartOf":{"@id":"https:\/\/radioljubuski.ba\/index.php\/2021\/08\/20\/santarelli-popodne-cemo-provesti-u-proucavanju-videa-i-taktike-bjelorusije\/"},"author":{"name":"Radio Ljubu\u0161ki","@id":"https:\/\/radioljubuski.ba\/#\/schema\/person\/19fc700381a780f69665d7956c469e3b"},"headline":"Santarelli: Popodne \u0107emo provesti u prou\u010davanju videa i taktike Bjelorusije","datePublished":"2021-08-20T11:39:43+00:00","mainEntityOfPage":{"@id":"https:\/\/radioljubuski.ba\/index.php\/2021\/08\/20\/santarelli-popodne-cemo-provesti-u-proucavanju-videa-i-taktike-bjelorusije\/"},"wordCount":464,"publisher":{"@id":"https:\/\/radioljubuski.ba\/#organization"},"image":{"@id":"https:\/\/radioljubuski.ba\/index.php\/2021\/08\/20\/santarelli-popodne-cemo-provesti-u-proucavanju-videa-i-taktike-bjelorusije\/#primaryimage"},"thumbnailUrl":"https:\/\/radioljubuski.ba\/wp-content\/uploads\/2021\/08\/odbojkasice-1908-20210819160625.jpg","articleSection":["\u0160port"],"inLanguage":"hr"},{"@type":"WebPage","@id":"https:\/\/radioljubuski.ba\/index.php\/2021\/08\/20\/santarelli-popodne-cemo-provesti-u-proucavanju-videa-i-taktike-bjelorusije\/","url":"https:\/\/radioljubuski.ba\/index.php\/2021\/08\/20\/santarelli-popodne-cemo-provesti-u-proucavanju-videa-i-taktike-bjelorusije\/","name":"Santarelli: Popodne \u0107emo provesti u prou\u010davanju videa i taktike Bjelorusije - RADIO LJUBU\u0160KI","isPartOf":{"@id":"https:\/\/radioljubuski.ba\/#website"},"primaryImageOfPage":{"@id":"https:\/\/radioljubuski.ba\/index.php\/2021\/08\/20\/santarelli-popodne-cemo-provesti-u-proucavanju-videa-i-taktike-bjelorusije\/#primaryimage"},"image":{"@id":"https:\/\/radioljubuski.ba\/index.php\/2021\/08\/20\/santarelli-popodne-cemo-provesti-u-proucavanju-videa-i-taktike-bjelorusije\/#primaryimage"},"thumbnailUrl":"https:\/\/radioljubuski.ba\/wp-content\/uploads\/2021\/08\/odbojkasice-1908-20210819160625.jpg","datePublished":"2021-08-20T11:39:43+00:00","breadcrumb":{"@id":"https:\/\/radioljubuski.ba\/index.php\/2021\/08\/20\/santarelli-popodne-cemo-provesti-u-proucavanju-videa-i-taktike-bjelorusije\/#breadcrumb"},"inLanguage":"hr","potentialAction":[{"@type":"ReadAction","target":["https:\/\/radioljubuski.ba\/index.php\/2021\/08\/20\/santarelli-popodne-cemo-provesti-u-proucavanju-videa-i-taktike-bjelorusije\/"]}]},{"@type":"ImageObject","inLanguage":"hr","@id":"https:\/\/radioljubuski.ba\/index.php\/2021\/08\/20\/santarelli-popodne-cemo-provesti-u-proucavanju-videa-i-taktike-bjelorusije\/#primaryimage","url":"https:\/\/radioljubuski.ba\/wp-content\/uploads\/2021\/08\/odbojkasice-1908-20210819160625.jpg","contentUrl":"https:\/\/radioljubuski.ba\/wp-content\/uploads\/2021\/08\/odbojkasice-1908-20210819160625.jpg","width":2500,"height":1666},{"@type":"BreadcrumbList","@id":"https:\/\/radioljubuski.ba\/index.php\/2021\/08\/20\/santarelli-popodne-cemo-provesti-u-proucavanju-videa-i-taktike-bjelorusije\/#breadcrumb","itemListElement":[{"@type":"ListItem","position":1,"name":"Po\u010detna stranica","item":"https:\/\/radioljubuski.ba\/"},{"@type":"ListItem","position":2,"name":"Santarelli: Popodne \u0107emo provesti u prou\u010davanju videa i taktike Bjelorusije"}]},{"@type":"WebSite","@id":"https:\/\/radioljubuski.ba\/#website","url":"https:\/\/radioljubuski.ba\/","name":"Radio Ljubu\u0161ki","description":"Sun\u010dana frekvencija Hercegovine","publisher":{"@id":"https:\/\/radioljubuski.ba\/#organization"},"potentialAction":[{"@type":"SearchAction","target":{"@type":"EntryPoint","urlTemplate":"https:\/\/radioljubuski.ba\/?s={search_term_string}"},"query-input":{"@type":"PropertyValueSpecification","valueRequired":true,"valueName":"search_term_string"}}],"inLanguage":"hr"},{"@type":"Organization","@id":"https:\/\/radioljubuski.ba\/#organization","name":"Radio Ljubu\u0161ki","url":"https:\/\/radioljubuski.ba\/","logo":{"@type":"ImageObject","inLanguage":"hr","@id":"https:\/\/radioljubuski.ba\/#\/schema\/logo\/image\/","url":"https:\/\/radioljubuski.ba\/wp-content\/uploads\/2021\/02\/cropped-Radio_Ljubuski_logo1.jpg","contentUrl":"https:\/\/radioljubuski.ba\/wp-content\/uploads\/2021\/02\/cropped-Radio_Ljubuski_logo1.jpg","width":512,"height":512,"caption":"Radio Ljubu\u0161ki"},"image":{"@id":"https:\/\/radioljubuski.ba\/#\/schema\/logo\/image\/"},"sameAs":["https:\/\/www.facebook.com\/Radiio-Ljubuski-1490835324566332","https:\/\/x.com\/radioljubuski","https:\/\/hr.linkedin.com\/company\/radio-ljubuski","https:\/\/www.youtube.com\/channel\/UCHYaeO_n0Db3tjNGudGpXyw"]},{"@type":"Person","@id":"https:\/\/radioljubuski.ba\/#\/schema\/person\/19fc700381a780f69665d7956c469e3b","name":"Radio Ljubu\u0161ki"}]}},"_links":{"self":[{"href":"https:\/\/radioljubuski.ba\/index.php\/wp-json\/wp\/v2\/posts\/55546","targetHints":{"allow":["GET"]}}],"collection":[{"href":"https:\/\/radioljubuski.ba\/index.php\/wp-json\/wp\/v2\/posts"}],"about":[{"href":"https:\/\/radioljubuski.ba\/index.php\/wp-json\/wp\/v2\/types\/post"}],"author":[{"embeddable":true,"href":"https:\/\/radioljubuski.ba\/index.php\/wp-json\/wp\/v2\/users\/2"}],"replies":[{"embeddable":true,"href":"https:\/\/radioljubuski.ba\/index.php\/wp-json\/wp\/v2\/comments?post=55546"}],"version-history":[{"count":1,"href":"https:\/\/radioljubuski.ba\/index.php\/wp-json\/wp\/v2\/posts\/55546\/revisions"}],"predecessor-version":[{"id":55547,"href":"https:\/\/radioljubuski.ba\/index.php\/wp-json\/wp\/v2\/posts\/55546\/revisions\/55547"}],"wp:featuredmedia":[{"embeddable":true,"href":"https:\/\/radioljubuski.ba\/index.php\/wp-json\/wp\/v2\/media\/55164"}],"wp:attachment":[{"href":"https:\/\/radioljubuski.ba\/index.php\/wp-json\/wp\/v2\/media?parent=55546"}],"wp:term":[{"taxonomy":"category","embeddable":true,"href":"https:\/\/radioljubuski.ba\/index.php\/wp-json\/wp\/v2\/categories?post=55546"},{"taxonomy":"post_tag","embeddable":true,"href":"https:\/\/radioljubuski.ba\/index.php\/wp-json\/wp\/v2\/tags?post=55546"}],"curies":[{"name":"wp","href":"https:\/\/api.w.org\/{rel}","templated":true}]}}