{"id":55596,"date":"2021-08-21T07:52:24","date_gmt":"2021-08-21T06:52:24","guid":{"rendered":"https:\/\/radioljubuski.ba\/?p=55596"},"modified":"2021-08-21T07:52:25","modified_gmt":"2021-08-21T06:52:25","slug":"nastavlja-se-serija-pozara-u-hnz-u","status":"publish","type":"post","link":"https:\/\/radioljubuski.ba\/index.php\/2021\/08\/21\/nastavlja-se-serija-pozara-u-hnz-u\/","title":{"rendered":"Nastavlja se serija po\u017eara u HN\u017d-u"},"content":{"rendered":"\n<p>Serija po\u017eara u HN\u017d-u se nastavlja. U zadnja 24 sata najvi\u0161e po\u017eara je zabilje\u017ee u Mostaru, a gorjelo je u vi\u0161e navrata u naselju Rodo\u010d, a vatrogasci su intervenirali i u Carskim vinogradima.&nbsp;<\/p>\n\n\n\n<p>Mostar<br>Od 09:20 do 11:40 sati u naselju Rodo\u010d gorila trava.<br>Od 12:00 do 13:45 sati u Bu\u010di\u0107ima gorila trava i raslinje.<br>Od 12:10 do 12:40 sati u Ra\u0161tanima gorila trava i raslinje.<br>Od 13:35 do 14:30 sati mu Carskim Vinogradima gorila trava i raslinje.<br>Od 13:40 do 14:45 sati u naselju Rodo\u010d gorila trava.<br>Od 18:00 do 18:50 sati u Carskim Vinogradima gorila trava i raslinje.<br>Od 03:40 do 04:25 sati u naselju Bijeli Brijeg gorila trava.<\/p>\n\n\n\n<p>\u010capljina<br>Od 11:55 do 12:25 sati u Potkosa \u2013Dubrave, gorjela trava i sme\u0107e.<br>Od 13:10 do 13:45 sati u Grabovinama, gorjela trava.<br>Od 15:50 do 16:10 sati u Klepcima, gorjela trava i nisko raslinje.<\/p>\n\n\n\n<p>Jablanica<br>Kako doznajemo iz OC CZ Jablanica,po\u017ear na po\u017eari\u0161tu Donja Jablanica-Komadinovo vrelo iznad naseljenog mjesta Donja Jablanica i dalje je aktivan. Zbog brzog rasplamsavanja po\u017earnih \u010dvori\u0161ta na nepristupa\u010dnom terenu, djelovao je helikopter Helikopterskog servisa RS, koji je vrlo dobro poga\u0111ao. Helikopter je napravio 10 izba\u010daja vode, \u010dime je stavljen pod kontrolu jedan po\u017earni rukavac, koji se brzo \u0161irio i spu\u0161tao u pravcu naselja Donja Jablanica. Jutros je van kontrole po\u017earno \u010dvori\u0161te na nepristupa\u010dnom terenu za ga\u0161enje sa zemlje. Ovaj po\u017ear je u blizini kosina sa kojih mo\u017ee naru\u0161iti sigurnost Gradske deponije \u201eBukova\u201c. I dalje je potrebno djelovanje iz zraka sa vi\u0161e helikoptera, kanadera ili ER traktora.<\/p>\n\n\n\n<p>Konjic<br>Od 17:49 do 01:00 sati u regiji Zveku\u0161a gorila borova \u0161uma. Postoji mogu\u0107nost ponovnog zapaljenja, pa je potrebno nadgledati i pratiti stanje na po\u017eari\u0161tu.<\/p>\n\n\n\n<p>Izvor:pogled.ba<\/p>\n","protected":false},"excerpt":{"rendered":"<p>Serija po\u017eara u HN\u017d-u se nastavlja. U zadnja 24 sata najvi\u0161e po\u017eara je zabilje\u017ee u Mostaru, a gorjelo je u vi\u0161e navrata u naselju Rodo\u010d, a vatrogasci su intervenirali i u Carskim vinogradima.&nbsp; MostarOd 09:20 do 11:40 sati u naselju Rodo\u010d gorila trava.Od 12:00 do 13:45 sati u Bu\u010di\u0107ima gorila trava i raslinje.Od 12:10 do [&hellip;]<\/p>\n","protected":false},"author":2,"featured_media":55597,"comment_status":"closed","ping_status":"closed","sticky":false,"template":"","format":"standard","meta":{"h5ap_radio_sources":[],"footnotes":""},"categories":[1],"tags":[],"class_list":["post-55596","post","type-post","status-publish","format-standard","has-post-thumbnail","hentry","category-bihiregija"],"yoast_head":"<!-- This site is optimized with the Yoast SEO plugin v27.5 - https:\/\/yoast.com\/product\/yoast-seo-wordpress\/ -->\n<title>Nastavlja se serija po\u017eara u HN\u017d-u - RADIO LJUBU\u0160KI<\/title>\n<meta name=\"robots\" content=\"index, follow, max-snippet:-1, max-image-preview:large, max-video-preview:-1\" \/>\n<link rel=\"canonical\" href=\"https:\/\/radioljubuski.ba\/index.php\/2021\/08\/21\/nastavlja-se-serija-pozara-u-hnz-u\/\" \/>\n<meta property=\"og:locale\" content=\"hr_HR\" \/>\n<meta property=\"og:type\" content=\"article\" \/>\n<meta property=\"og:title\" content=\"Nastavlja se serija po\u017eara u HN\u017d-u - RADIO LJUBU\u0160KI\" \/>\n<meta property=\"og:description\" content=\"Serija po\u017eara u HN\u017d-u se nastavlja. U zadnja 24 sata najvi\u0161e po\u017eara je zabilje\u017ee u Mostaru, a gorjelo je u vi\u0161e navrata u naselju Rodo\u010d, a vatrogasci su intervenirali i u Carskim vinogradima.&nbsp; MostarOd 09:20 do 11:40 sati u naselju Rodo\u010d gorila trava.Od 12:00 do 13:45 sati u Bu\u010di\u0107ima gorila trava i raslinje.Od 12:10 do [&hellip;]\" \/>\n<meta property=\"og:url\" content=\"https:\/\/radioljubuski.ba\/index.php\/2021\/08\/21\/nastavlja-se-serija-pozara-u-hnz-u\/\" \/>\n<meta property=\"og:site_name\" content=\"RADIO LJUBU\u0160KI\" \/>\n<meta property=\"article:publisher\" content=\"https:\/\/www.facebook.com\/Radiio-Ljubuski-1490835324566332\" \/>\n<meta property=\"article:published_time\" content=\"2021-08-21T06:52:24+00:00\" \/>\n<meta property=\"article:modified_time\" content=\"2021-08-21T06:52:25+00:00\" \/>\n<meta property=\"og:image\" content=\"https:\/\/radioljubuski.ba\/wp-content\/uploads\/2021\/08\/heIANGay_pozari.jpg\" \/>\n\t<meta property=\"og:image:width\" content=\"1000\" \/>\n\t<meta property=\"og:image:height\" content=\"625\" \/>\n\t<meta property=\"og:image:type\" content=\"image\/jpeg\" \/>\n<meta name=\"author\" content=\"Radio Ljubu\u0161ki\" \/>\n<meta name=\"twitter:card\" content=\"summary_large_image\" \/>\n<meta name=\"twitter:creator\" content=\"@radioljubuski\" \/>\n<meta name=\"twitter:site\" content=\"@radioljubuski\" \/>\n<meta name=\"twitter:label1\" content=\"Napisao\/la\" \/>\n\t<meta name=\"twitter:data1\" content=\"Radio Ljubu\u0161ki\" \/>\n\t<meta name=\"twitter:label2\" content=\"Procijenjeno vrijeme \u010ditanja\" \/>\n\t<meta name=\"twitter:data2\" content=\"2 minute\" \/>\n<script type=\"application\/ld+json\" class=\"yoast-schema-graph\">{\"@context\":\"https:\\\/\\\/schema.org\",\"@graph\":[{\"@type\":\"Article\",\"@id\":\"https:\\\/\\\/radioljubuski.ba\\\/index.php\\\/2021\\\/08\\\/21\\\/nastavlja-se-serija-pozara-u-hnz-u\\\/#article\",\"isPartOf\":{\"@id\":\"https:\\\/\\\/radioljubuski.ba\\\/index.php\\\/2021\\\/08\\\/21\\\/nastavlja-se-serija-pozara-u-hnz-u\\\/\"},\"author\":{\"name\":\"Radio Ljubu\u0161ki\",\"@id\":\"https:\\\/\\\/radioljubuski.ba\\\/#\\\/schema\\\/person\\\/19fc700381a780f69665d7956c469e3b\"},\"headline\":\"Nastavlja se serija po\u017eara u HN\u017d-u\",\"datePublished\":\"2021-08-21T06:52:24+00:00\",\"dateModified\":\"2021-08-21T06:52:25+00:00\",\"mainEntityOfPage\":{\"@id\":\"https:\\\/\\\/radioljubuski.ba\\\/index.php\\\/2021\\\/08\\\/21\\\/nastavlja-se-serija-pozara-u-hnz-u\\\/\"},\"wordCount\":293,\"publisher\":{\"@id\":\"https:\\\/\\\/radioljubuski.ba\\\/#organization\"},\"image\":{\"@id\":\"https:\\\/\\\/radioljubuski.ba\\\/index.php\\\/2021\\\/08\\\/21\\\/nastavlja-se-serija-pozara-u-hnz-u\\\/#primaryimage\"},\"thumbnailUrl\":\"https:\\\/\\\/radioljubuski.ba\\\/wp-content\\\/uploads\\\/2021\\\/08\\\/heIANGay_pozari.jpg\",\"articleSection\":[\"BIH i regija\"],\"inLanguage\":\"hr\"},{\"@type\":\"WebPage\",\"@id\":\"https:\\\/\\\/radioljubuski.ba\\\/index.php\\\/2021\\\/08\\\/21\\\/nastavlja-se-serija-pozara-u-hnz-u\\\/\",\"url\":\"https:\\\/\\\/radioljubuski.ba\\\/index.php\\\/2021\\\/08\\\/21\\\/nastavlja-se-serija-pozara-u-hnz-u\\\/\",\"name\":\"Nastavlja se serija po\u017eara u HN\u017d-u - RADIO LJUBU\u0160KI\",\"isPartOf\":{\"@id\":\"https:\\\/\\\/radioljubuski.ba\\\/#website\"},\"primaryImageOfPage\":{\"@id\":\"https:\\\/\\\/radioljubuski.ba\\\/index.php\\\/2021\\\/08\\\/21\\\/nastavlja-se-serija-pozara-u-hnz-u\\\/#primaryimage\"},\"image\":{\"@id\":\"https:\\\/\\\/radioljubuski.ba\\\/index.php\\\/2021\\\/08\\\/21\\\/nastavlja-se-serija-pozara-u-hnz-u\\\/#primaryimage\"},\"thumbnailUrl\":\"https:\\\/\\\/radioljubuski.ba\\\/wp-content\\\/uploads\\\/2021\\\/08\\\/heIANGay_pozari.jpg\",\"datePublished\":\"2021-08-21T06:52:24+00:00\",\"dateModified\":\"2021-08-21T06:52:25+00:00\",\"breadcrumb\":{\"@id\":\"https:\\\/\\\/radioljubuski.ba\\\/index.php\\\/2021\\\/08\\\/21\\\/nastavlja-se-serija-pozara-u-hnz-u\\\/#breadcrumb\"},\"inLanguage\":\"hr\",\"potentialAction\":[{\"@type\":\"ReadAction\",\"target\":[\"https:\\\/\\\/radioljubuski.ba\\\/index.php\\\/2021\\\/08\\\/21\\\/nastavlja-se-serija-pozara-u-hnz-u\\\/\"]}]},{\"@type\":\"ImageObject\",\"inLanguage\":\"hr\",\"@id\":\"https:\\\/\\\/radioljubuski.ba\\\/index.php\\\/2021\\\/08\\\/21\\\/nastavlja-se-serija-pozara-u-hnz-u\\\/#primaryimage\",\"url\":\"https:\\\/\\\/radioljubuski.ba\\\/wp-content\\\/uploads\\\/2021\\\/08\\\/heIANGay_pozari.jpg\",\"contentUrl\":\"https:\\\/\\\/radioljubuski.ba\\\/wp-content\\\/uploads\\\/2021\\\/08\\\/heIANGay_pozari.jpg\",\"width\":1000,\"height\":625},{\"@type\":\"BreadcrumbList\",\"@id\":\"https:\\\/\\\/radioljubuski.ba\\\/index.php\\\/2021\\\/08\\\/21\\\/nastavlja-se-serija-pozara-u-hnz-u\\\/#breadcrumb\",\"itemListElement\":[{\"@type\":\"ListItem\",\"position\":1,\"name\":\"Po\u010detna stranica\",\"item\":\"https:\\\/\\\/radioljubuski.ba\\\/\"},{\"@type\":\"ListItem\",\"position\":2,\"name\":\"Nastavlja se serija po\u017eara u HN\u017d-u\"}]},{\"@type\":\"WebSite\",\"@id\":\"https:\\\/\\\/radioljubuski.ba\\\/#website\",\"url\":\"https:\\\/\\\/radioljubuski.ba\\\/\",\"name\":\"Radio Ljubu\u0161ki\",\"description\":\"Sun\u010dana frekvencija Hercegovine\",\"publisher\":{\"@id\":\"https:\\\/\\\/radioljubuski.ba\\\/#organization\"},\"potentialAction\":[{\"@type\":\"SearchAction\",\"target\":{\"@type\":\"EntryPoint\",\"urlTemplate\":\"https:\\\/\\\/radioljubuski.ba\\\/?s={search_term_string}\"},\"query-input\":{\"@type\":\"PropertyValueSpecification\",\"valueRequired\":true,\"valueName\":\"search_term_string\"}}],\"inLanguage\":\"hr\"},{\"@type\":\"Organization\",\"@id\":\"https:\\\/\\\/radioljubuski.ba\\\/#organization\",\"name\":\"Radio Ljubu\u0161ki\",\"url\":\"https:\\\/\\\/radioljubuski.ba\\\/\",\"logo\":{\"@type\":\"ImageObject\",\"inLanguage\":\"hr\",\"@id\":\"https:\\\/\\\/radioljubuski.ba\\\/#\\\/schema\\\/logo\\\/image\\\/\",\"url\":\"https:\\\/\\\/radioljubuski.ba\\\/wp-content\\\/uploads\\\/2021\\\/02\\\/cropped-Radio_Ljubuski_logo1.jpg\",\"contentUrl\":\"https:\\\/\\\/radioljubuski.ba\\\/wp-content\\\/uploads\\\/2021\\\/02\\\/cropped-Radio_Ljubuski_logo1.jpg\",\"width\":512,\"height\":512,\"caption\":\"Radio Ljubu\u0161ki\"},\"image\":{\"@id\":\"https:\\\/\\\/radioljubuski.ba\\\/#\\\/schema\\\/logo\\\/image\\\/\"},\"sameAs\":[\"https:\\\/\\\/www.facebook.com\\\/Radiio-Ljubuski-1490835324566332\",\"https:\\\/\\\/x.com\\\/radioljubuski\",\"https:\\\/\\\/hr.linkedin.com\\\/company\\\/radio-ljubuski\",\"https:\\\/\\\/www.youtube.com\\\/channel\\\/UCHYaeO_n0Db3tjNGudGpXyw\"]},{\"@type\":\"Person\",\"@id\":\"https:\\\/\\\/radioljubuski.ba\\\/#\\\/schema\\\/person\\\/19fc700381a780f69665d7956c469e3b\",\"name\":\"Radio Ljubu\u0161ki\"}]}<\/script>\n<!-- \/ Yoast SEO plugin. -->","yoast_head_json":{"title":"Nastavlja se serija po\u017eara u HN\u017d-u - RADIO LJUBU\u0160KI","robots":{"index":"index","follow":"follow","max-snippet":"max-snippet:-1","max-image-preview":"max-image-preview:large","max-video-preview":"max-video-preview:-1"},"canonical":"https:\/\/radioljubuski.ba\/index.php\/2021\/08\/21\/nastavlja-se-serija-pozara-u-hnz-u\/","og_locale":"hr_HR","og_type":"article","og_title":"Nastavlja se serija po\u017eara u HN\u017d-u - RADIO LJUBU\u0160KI","og_description":"Serija po\u017eara u HN\u017d-u se nastavlja. U zadnja 24 sata najvi\u0161e po\u017eara je zabilje\u017ee u Mostaru, a gorjelo je u vi\u0161e navrata u naselju Rodo\u010d, a vatrogasci su intervenirali i u Carskim vinogradima.&nbsp; MostarOd 09:20 do 11:40 sati u naselju Rodo\u010d gorila trava.Od 12:00 do 13:45 sati u Bu\u010di\u0107ima gorila trava i raslinje.Od 12:10 do [&hellip;]","og_url":"https:\/\/radioljubuski.ba\/index.php\/2021\/08\/21\/nastavlja-se-serija-pozara-u-hnz-u\/","og_site_name":"RADIO LJUBU\u0160KI","article_publisher":"https:\/\/www.facebook.com\/Radiio-Ljubuski-1490835324566332","article_published_time":"2021-08-21T06:52:24+00:00","article_modified_time":"2021-08-21T06:52:25+00:00","og_image":[{"width":1000,"height":625,"url":"https:\/\/radioljubuski.ba\/wp-content\/uploads\/2021\/08\/heIANGay_pozari.jpg","type":"image\/jpeg"}],"author":"Radio Ljubu\u0161ki","twitter_card":"summary_large_image","twitter_creator":"@radioljubuski","twitter_site":"@radioljubuski","twitter_misc":{"Napisao\/la":"Radio Ljubu\u0161ki","Procijenjeno vrijeme \u010ditanja":"2 minute"},"schema":{"@context":"https:\/\/schema.org","@graph":[{"@type":"Article","@id":"https:\/\/radioljubuski.ba\/index.php\/2021\/08\/21\/nastavlja-se-serija-pozara-u-hnz-u\/#article","isPartOf":{"@id":"https:\/\/radioljubuski.ba\/index.php\/2021\/08\/21\/nastavlja-se-serija-pozara-u-hnz-u\/"},"author":{"name":"Radio Ljubu\u0161ki","@id":"https:\/\/radioljubuski.ba\/#\/schema\/person\/19fc700381a780f69665d7956c469e3b"},"headline":"Nastavlja se serija po\u017eara u HN\u017d-u","datePublished":"2021-08-21T06:52:24+00:00","dateModified":"2021-08-21T06:52:25+00:00","mainEntityOfPage":{"@id":"https:\/\/radioljubuski.ba\/index.php\/2021\/08\/21\/nastavlja-se-serija-pozara-u-hnz-u\/"},"wordCount":293,"publisher":{"@id":"https:\/\/radioljubuski.ba\/#organization"},"image":{"@id":"https:\/\/radioljubuski.ba\/index.php\/2021\/08\/21\/nastavlja-se-serija-pozara-u-hnz-u\/#primaryimage"},"thumbnailUrl":"https:\/\/radioljubuski.ba\/wp-content\/uploads\/2021\/08\/heIANGay_pozari.jpg","articleSection":["BIH i regija"],"inLanguage":"hr"},{"@type":"WebPage","@id":"https:\/\/radioljubuski.ba\/index.php\/2021\/08\/21\/nastavlja-se-serija-pozara-u-hnz-u\/","url":"https:\/\/radioljubuski.ba\/index.php\/2021\/08\/21\/nastavlja-se-serija-pozara-u-hnz-u\/","name":"Nastavlja se serija po\u017eara u HN\u017d-u - RADIO LJUBU\u0160KI","isPartOf":{"@id":"https:\/\/radioljubuski.ba\/#website"},"primaryImageOfPage":{"@id":"https:\/\/radioljubuski.ba\/index.php\/2021\/08\/21\/nastavlja-se-serija-pozara-u-hnz-u\/#primaryimage"},"image":{"@id":"https:\/\/radioljubuski.ba\/index.php\/2021\/08\/21\/nastavlja-se-serija-pozara-u-hnz-u\/#primaryimage"},"thumbnailUrl":"https:\/\/radioljubuski.ba\/wp-content\/uploads\/2021\/08\/heIANGay_pozari.jpg","datePublished":"2021-08-21T06:52:24+00:00","dateModified":"2021-08-21T06:52:25+00:00","breadcrumb":{"@id":"https:\/\/radioljubuski.ba\/index.php\/2021\/08\/21\/nastavlja-se-serija-pozara-u-hnz-u\/#breadcrumb"},"inLanguage":"hr","potentialAction":[{"@type":"ReadAction","target":["https:\/\/radioljubuski.ba\/index.php\/2021\/08\/21\/nastavlja-se-serija-pozara-u-hnz-u\/"]}]},{"@type":"ImageObject","inLanguage":"hr","@id":"https:\/\/radioljubuski.ba\/index.php\/2021\/08\/21\/nastavlja-se-serija-pozara-u-hnz-u\/#primaryimage","url":"https:\/\/radioljubuski.ba\/wp-content\/uploads\/2021\/08\/heIANGay_pozari.jpg","contentUrl":"https:\/\/radioljubuski.ba\/wp-content\/uploads\/2021\/08\/heIANGay_pozari.jpg","width":1000,"height":625},{"@type":"BreadcrumbList","@id":"https:\/\/radioljubuski.ba\/index.php\/2021\/08\/21\/nastavlja-se-serija-pozara-u-hnz-u\/#breadcrumb","itemListElement":[{"@type":"ListItem","position":1,"name":"Po\u010detna stranica","item":"https:\/\/radioljubuski.ba\/"},{"@type":"ListItem","position":2,"name":"Nastavlja se serija po\u017eara u HN\u017d-u"}]},{"@type":"WebSite","@id":"https:\/\/radioljubuski.ba\/#website","url":"https:\/\/radioljubuski.ba\/","name":"Radio Ljubu\u0161ki","description":"Sun\u010dana frekvencija Hercegovine","publisher":{"@id":"https:\/\/radioljubuski.ba\/#organization"},"potentialAction":[{"@type":"SearchAction","target":{"@type":"EntryPoint","urlTemplate":"https:\/\/radioljubuski.ba\/?s={search_term_string}"},"query-input":{"@type":"PropertyValueSpecification","valueRequired":true,"valueName":"search_term_string"}}],"inLanguage":"hr"},{"@type":"Organization","@id":"https:\/\/radioljubuski.ba\/#organization","name":"Radio Ljubu\u0161ki","url":"https:\/\/radioljubuski.ba\/","logo":{"@type":"ImageObject","inLanguage":"hr","@id":"https:\/\/radioljubuski.ba\/#\/schema\/logo\/image\/","url":"https:\/\/radioljubuski.ba\/wp-content\/uploads\/2021\/02\/cropped-Radio_Ljubuski_logo1.jpg","contentUrl":"https:\/\/radioljubuski.ba\/wp-content\/uploads\/2021\/02\/cropped-Radio_Ljubuski_logo1.jpg","width":512,"height":512,"caption":"Radio Ljubu\u0161ki"},"image":{"@id":"https:\/\/radioljubuski.ba\/#\/schema\/logo\/image\/"},"sameAs":["https:\/\/www.facebook.com\/Radiio-Ljubuski-1490835324566332","https:\/\/x.com\/radioljubuski","https:\/\/hr.linkedin.com\/company\/radio-ljubuski","https:\/\/www.youtube.com\/channel\/UCHYaeO_n0Db3tjNGudGpXyw"]},{"@type":"Person","@id":"https:\/\/radioljubuski.ba\/#\/schema\/person\/19fc700381a780f69665d7956c469e3b","name":"Radio Ljubu\u0161ki"}]}},"_links":{"self":[{"href":"https:\/\/radioljubuski.ba\/index.php\/wp-json\/wp\/v2\/posts\/55596","targetHints":{"allow":["GET"]}}],"collection":[{"href":"https:\/\/radioljubuski.ba\/index.php\/wp-json\/wp\/v2\/posts"}],"about":[{"href":"https:\/\/radioljubuski.ba\/index.php\/wp-json\/wp\/v2\/types\/post"}],"author":[{"embeddable":true,"href":"https:\/\/radioljubuski.ba\/index.php\/wp-json\/wp\/v2\/users\/2"}],"replies":[{"embeddable":true,"href":"https:\/\/radioljubuski.ba\/index.php\/wp-json\/wp\/v2\/comments?post=55596"}],"version-history":[{"count":1,"href":"https:\/\/radioljubuski.ba\/index.php\/wp-json\/wp\/v2\/posts\/55596\/revisions"}],"predecessor-version":[{"id":55598,"href":"https:\/\/radioljubuski.ba\/index.php\/wp-json\/wp\/v2\/posts\/55596\/revisions\/55598"}],"wp:featuredmedia":[{"embeddable":true,"href":"https:\/\/radioljubuski.ba\/index.php\/wp-json\/wp\/v2\/media\/55597"}],"wp:attachment":[{"href":"https:\/\/radioljubuski.ba\/index.php\/wp-json\/wp\/v2\/media?parent=55596"}],"wp:term":[{"taxonomy":"category","embeddable":true,"href":"https:\/\/radioljubuski.ba\/index.php\/wp-json\/wp\/v2\/categories?post=55596"},{"taxonomy":"post_tag","embeddable":true,"href":"https:\/\/radioljubuski.ba\/index.php\/wp-json\/wp\/v2\/tags?post=55596"}],"curies":[{"name":"wp","href":"https:\/\/api.w.org\/{rel}","templated":true}]}}