{"id":55611,"date":"2021-08-21T08:05:50","date_gmt":"2021-08-21T07:05:50","guid":{"rendered":"https:\/\/radioljubuski.ba\/?p=55611"},"modified":"2021-08-21T08:05:52","modified_gmt":"2021-08-21T07:05:52","slug":"amerikanci-prvi-put-evakuirali-ljude-izvan-perimetra-zracne-luke","status":"publish","type":"post","link":"https:\/\/radioljubuski.ba\/index.php\/2021\/08\/21\/amerikanci-prvi-put-evakuirali-ljude-izvan-perimetra-zracne-luke\/","title":{"rendered":"Amerikanci prvi put evakuirali ljude izvan perimetra zra\u010dne luke"},"content":{"rendered":"\n<p>Ameri\u010dka vojska u Afganistanu trima helikopterima evakuirala je 169 Amerikanca koji nisu mogli do\u0107i do zra\u010dne luke u Kabulu, objavio je Pentagon.&nbsp;<\/p>\n\n\n\n<p>Tri helikoptera Chinook napustila su sigurnosni perimetar zra\u010dne luke kako bi iz hotela udaljenog dvjestotinjak metara evakuirali Amerikance, rekao je glasnogovornik John Kirby.<\/p>\n\n\n\n<p>To je prvi put od po\u010detka krize da je ameri\u010dka vojska napustila sigurno okru\u017eenje i pritekla u pomo\u0107 ljudima koji \u017eele napustiti Afganistan.<\/p>\n\n\n\n<p>Skupina je ina\u010de namjeravala pje\u0161ice do aerodroma, ali mu je pristup ote\u017ean zbog svjetine ispred njega.<\/p>\n\n\n\n<p>-Nisu svi bili sigurni da se mogu probiti i zapovjednici na terenu odlu\u010dili su poslati helikoptere po njih, rekao je Kirby.<\/p>\n\n\n\n<p>Ameri\u010dki vojnici, koji imaju potpunu kontrolu nad zra\u010dnom lukom, dosad je nisu napu\u0161tali kako bi izbjegli sukobe s talibanima, ponovnim vladarima Afganistana.<\/p>\n\n\n\n<p>I dok se ameri\u010dke snage mu\u010de s evakuacijom o\u010dajnika iz Afganistana, potpredsjednica Kamala Harris putuje u Vijetnam, mjesto jo\u0161 zloglasnijeg ameri\u010dkog vojnog debakla.<\/p>\n\n\n\n<p>Ju\u017enoazijska miniturneja koja \u0107e je jo\u0161 odvesti u Singapur dogovorena je mnogo prije talibanske pobjede u Afganistanu.<\/p>\n\n\n\n<p>Harris zadnjih dana svejedno trpi neke kritike, posebno politi\u010dkih komentatora s desnice, koji smatraju da izbor Vijetnama, u najmanju ruku, pokazuje da Bijela ku\u0107a nema sluha.<\/p>\n\n\n\n<p>Ameri\u010dki du\u017enosnici odgovaraju da je izbor Vijetnama odraz geopoliti\u010dkih izazova budu\u0107nosti, a ne o\u017eivljavanje traume iz Sajgona 1975. kad su ameri\u010dki helikopteri s krovova evakuirali ameri\u010dke civile.<\/p>\n\n\n\n<p>Potpredsjednica je fokusirana na prijetnje u budu\u0107nosti, a ne na pro\u0161lost, kazao je du\u017enosnik Bijele ku\u0107e koji je \u017eelio ostati anoniman. On je priznao da je vanjska politika predsjednika Joe Bidena trenutno usredoto\u010dena na Afganistan, &#8220;ali u vrijeme kad Kina izaziva ameri\u010dku politiku i pomorsku dominaciju u indopacifi\u010dkoj zoni, jugoisto\u010dna Azija strate\u0161ki je i ekonomski va\u017ena ovoj zemlji&#8221;.<\/p>\n\n\n\n<p>Izvor:pogled.ba<\/p>\n","protected":false},"excerpt":{"rendered":"<p>Ameri\u010dka vojska u Afganistanu trima helikopterima evakuirala je 169 Amerikanca koji nisu mogli do\u0107i do zra\u010dne luke u Kabulu, objavio je Pentagon.&nbsp; Tri helikoptera Chinook napustila su sigurnosni perimetar zra\u010dne luke kako bi iz hotela udaljenog dvjestotinjak metara evakuirali Amerikance, rekao je glasnogovornik John Kirby. To je prvi put od po\u010detka krize da je ameri\u010dka [&hellip;]<\/p>\n","protected":false},"author":2,"featured_media":55612,"comment_status":"closed","ping_status":"closed","sticky":false,"template":"","format":"standard","meta":{"h5ap_radio_sources":[],"footnotes":""},"categories":[1],"tags":[],"class_list":["post-55611","post","type-post","status-publish","format-standard","has-post-thumbnail","hentry","category-bihiregija"],"yoast_head":"<!-- This site is optimized with the Yoast SEO plugin v27.5 - https:\/\/yoast.com\/product\/yoast-seo-wordpress\/ -->\n<title>Amerikanci prvi put evakuirali ljude izvan perimetra zra\u010dne luke - RADIO LJUBU\u0160KI<\/title>\n<meta name=\"robots\" content=\"index, follow, max-snippet:-1, max-image-preview:large, max-video-preview:-1\" \/>\n<link rel=\"canonical\" href=\"https:\/\/radioljubuski.ba\/index.php\/2021\/08\/21\/amerikanci-prvi-put-evakuirali-ljude-izvan-perimetra-zracne-luke\/\" \/>\n<meta property=\"og:locale\" content=\"hr_HR\" \/>\n<meta property=\"og:type\" content=\"article\" \/>\n<meta property=\"og:title\" content=\"Amerikanci prvi put evakuirali ljude izvan perimetra zra\u010dne luke - RADIO LJUBU\u0160KI\" \/>\n<meta property=\"og:description\" content=\"Ameri\u010dka vojska u Afganistanu trima helikopterima evakuirala je 169 Amerikanca koji nisu mogli do\u0107i do zra\u010dne luke u Kabulu, objavio je Pentagon.&nbsp; Tri helikoptera Chinook napustila su sigurnosni perimetar zra\u010dne luke kako bi iz hotela udaljenog dvjestotinjak metara evakuirali Amerikance, rekao je glasnogovornik John Kirby. To je prvi put od po\u010detka krize da je ameri\u010dka [&hellip;]\" \/>\n<meta property=\"og:url\" content=\"https:\/\/radioljubuski.ba\/index.php\/2021\/08\/21\/amerikanci-prvi-put-evakuirali-ljude-izvan-perimetra-zracne-luke\/\" \/>\n<meta property=\"og:site_name\" content=\"RADIO LJUBU\u0160KI\" \/>\n<meta property=\"article:publisher\" content=\"https:\/\/www.facebook.com\/Radiio-Ljubuski-1490835324566332\" \/>\n<meta property=\"article:published_time\" content=\"2021-08-21T07:05:50+00:00\" \/>\n<meta property=\"article:modified_time\" content=\"2021-08-21T07:05:52+00:00\" \/>\n<meta property=\"og:image\" content=\"https:\/\/radioljubuski.ba\/wp-content\/uploads\/2021\/08\/2-2021-08-21-07-46-16-kabul.jpg\" \/>\n\t<meta property=\"og:image:width\" content=\"1000\" \/>\n\t<meta property=\"og:image:height\" content=\"625\" \/>\n\t<meta property=\"og:image:type\" content=\"image\/jpeg\" \/>\n<meta name=\"author\" content=\"Radio Ljubu\u0161ki\" \/>\n<meta name=\"twitter:card\" content=\"summary_large_image\" \/>\n<meta name=\"twitter:creator\" content=\"@radioljubuski\" \/>\n<meta name=\"twitter:site\" content=\"@radioljubuski\" \/>\n<meta name=\"twitter:label1\" content=\"Napisao\/la\" \/>\n\t<meta name=\"twitter:data1\" content=\"Radio Ljubu\u0161ki\" \/>\n\t<meta name=\"twitter:label2\" content=\"Procijenjeno vrijeme \u010ditanja\" \/>\n\t<meta name=\"twitter:data2\" content=\"2 minute\" \/>\n<script type=\"application\/ld+json\" class=\"yoast-schema-graph\">{\"@context\":\"https:\\\/\\\/schema.org\",\"@graph\":[{\"@type\":\"Article\",\"@id\":\"https:\\\/\\\/radioljubuski.ba\\\/index.php\\\/2021\\\/08\\\/21\\\/amerikanci-prvi-put-evakuirali-ljude-izvan-perimetra-zracne-luke\\\/#article\",\"isPartOf\":{\"@id\":\"https:\\\/\\\/radioljubuski.ba\\\/index.php\\\/2021\\\/08\\\/21\\\/amerikanci-prvi-put-evakuirali-ljude-izvan-perimetra-zracne-luke\\\/\"},\"author\":{\"name\":\"Radio Ljubu\u0161ki\",\"@id\":\"https:\\\/\\\/radioljubuski.ba\\\/#\\\/schema\\\/person\\\/19fc700381a780f69665d7956c469e3b\"},\"headline\":\"Amerikanci prvi put evakuirali ljude izvan perimetra zra\u010dne luke\",\"datePublished\":\"2021-08-21T07:05:50+00:00\",\"dateModified\":\"2021-08-21T07:05:52+00:00\",\"mainEntityOfPage\":{\"@id\":\"https:\\\/\\\/radioljubuski.ba\\\/index.php\\\/2021\\\/08\\\/21\\\/amerikanci-prvi-put-evakuirali-ljude-izvan-perimetra-zracne-luke\\\/\"},\"wordCount\":328,\"publisher\":{\"@id\":\"https:\\\/\\\/radioljubuski.ba\\\/#organization\"},\"image\":{\"@id\":\"https:\\\/\\\/radioljubuski.ba\\\/index.php\\\/2021\\\/08\\\/21\\\/amerikanci-prvi-put-evakuirali-ljude-izvan-perimetra-zracne-luke\\\/#primaryimage\"},\"thumbnailUrl\":\"https:\\\/\\\/radioljubuski.ba\\\/wp-content\\\/uploads\\\/2021\\\/08\\\/2-2021-08-21-07-46-16-kabul.jpg\",\"articleSection\":[\"BIH i regija\"],\"inLanguage\":\"hr\"},{\"@type\":\"WebPage\",\"@id\":\"https:\\\/\\\/radioljubuski.ba\\\/index.php\\\/2021\\\/08\\\/21\\\/amerikanci-prvi-put-evakuirali-ljude-izvan-perimetra-zracne-luke\\\/\",\"url\":\"https:\\\/\\\/radioljubuski.ba\\\/index.php\\\/2021\\\/08\\\/21\\\/amerikanci-prvi-put-evakuirali-ljude-izvan-perimetra-zracne-luke\\\/\",\"name\":\"Amerikanci prvi put evakuirali ljude izvan perimetra zra\u010dne luke - RADIO LJUBU\u0160KI\",\"isPartOf\":{\"@id\":\"https:\\\/\\\/radioljubuski.ba\\\/#website\"},\"primaryImageOfPage\":{\"@id\":\"https:\\\/\\\/radioljubuski.ba\\\/index.php\\\/2021\\\/08\\\/21\\\/amerikanci-prvi-put-evakuirali-ljude-izvan-perimetra-zracne-luke\\\/#primaryimage\"},\"image\":{\"@id\":\"https:\\\/\\\/radioljubuski.ba\\\/index.php\\\/2021\\\/08\\\/21\\\/amerikanci-prvi-put-evakuirali-ljude-izvan-perimetra-zracne-luke\\\/#primaryimage\"},\"thumbnailUrl\":\"https:\\\/\\\/radioljubuski.ba\\\/wp-content\\\/uploads\\\/2021\\\/08\\\/2-2021-08-21-07-46-16-kabul.jpg\",\"datePublished\":\"2021-08-21T07:05:50+00:00\",\"dateModified\":\"2021-08-21T07:05:52+00:00\",\"breadcrumb\":{\"@id\":\"https:\\\/\\\/radioljubuski.ba\\\/index.php\\\/2021\\\/08\\\/21\\\/amerikanci-prvi-put-evakuirali-ljude-izvan-perimetra-zracne-luke\\\/#breadcrumb\"},\"inLanguage\":\"hr\",\"potentialAction\":[{\"@type\":\"ReadAction\",\"target\":[\"https:\\\/\\\/radioljubuski.ba\\\/index.php\\\/2021\\\/08\\\/21\\\/amerikanci-prvi-put-evakuirali-ljude-izvan-perimetra-zracne-luke\\\/\"]}]},{\"@type\":\"ImageObject\",\"inLanguage\":\"hr\",\"@id\":\"https:\\\/\\\/radioljubuski.ba\\\/index.php\\\/2021\\\/08\\\/21\\\/amerikanci-prvi-put-evakuirali-ljude-izvan-perimetra-zracne-luke\\\/#primaryimage\",\"url\":\"https:\\\/\\\/radioljubuski.ba\\\/wp-content\\\/uploads\\\/2021\\\/08\\\/2-2021-08-21-07-46-16-kabul.jpg\",\"contentUrl\":\"https:\\\/\\\/radioljubuski.ba\\\/wp-content\\\/uploads\\\/2021\\\/08\\\/2-2021-08-21-07-46-16-kabul.jpg\",\"width\":1000,\"height\":625},{\"@type\":\"BreadcrumbList\",\"@id\":\"https:\\\/\\\/radioljubuski.ba\\\/index.php\\\/2021\\\/08\\\/21\\\/amerikanci-prvi-put-evakuirali-ljude-izvan-perimetra-zracne-luke\\\/#breadcrumb\",\"itemListElement\":[{\"@type\":\"ListItem\",\"position\":1,\"name\":\"Po\u010detna stranica\",\"item\":\"https:\\\/\\\/radioljubuski.ba\\\/\"},{\"@type\":\"ListItem\",\"position\":2,\"name\":\"Amerikanci prvi put evakuirali ljude izvan perimetra zra\u010dne luke\"}]},{\"@type\":\"WebSite\",\"@id\":\"https:\\\/\\\/radioljubuski.ba\\\/#website\",\"url\":\"https:\\\/\\\/radioljubuski.ba\\\/\",\"name\":\"Radio Ljubu\u0161ki\",\"description\":\"Sun\u010dana frekvencija Hercegovine\",\"publisher\":{\"@id\":\"https:\\\/\\\/radioljubuski.ba\\\/#organization\"},\"potentialAction\":[{\"@type\":\"SearchAction\",\"target\":{\"@type\":\"EntryPoint\",\"urlTemplate\":\"https:\\\/\\\/radioljubuski.ba\\\/?s={search_term_string}\"},\"query-input\":{\"@type\":\"PropertyValueSpecification\",\"valueRequired\":true,\"valueName\":\"search_term_string\"}}],\"inLanguage\":\"hr\"},{\"@type\":\"Organization\",\"@id\":\"https:\\\/\\\/radioljubuski.ba\\\/#organization\",\"name\":\"Radio Ljubu\u0161ki\",\"url\":\"https:\\\/\\\/radioljubuski.ba\\\/\",\"logo\":{\"@type\":\"ImageObject\",\"inLanguage\":\"hr\",\"@id\":\"https:\\\/\\\/radioljubuski.ba\\\/#\\\/schema\\\/logo\\\/image\\\/\",\"url\":\"https:\\\/\\\/radioljubuski.ba\\\/wp-content\\\/uploads\\\/2021\\\/02\\\/cropped-Radio_Ljubuski_logo1.jpg\",\"contentUrl\":\"https:\\\/\\\/radioljubuski.ba\\\/wp-content\\\/uploads\\\/2021\\\/02\\\/cropped-Radio_Ljubuski_logo1.jpg\",\"width\":512,\"height\":512,\"caption\":\"Radio Ljubu\u0161ki\"},\"image\":{\"@id\":\"https:\\\/\\\/radioljubuski.ba\\\/#\\\/schema\\\/logo\\\/image\\\/\"},\"sameAs\":[\"https:\\\/\\\/www.facebook.com\\\/Radiio-Ljubuski-1490835324566332\",\"https:\\\/\\\/x.com\\\/radioljubuski\",\"https:\\\/\\\/hr.linkedin.com\\\/company\\\/radio-ljubuski\",\"https:\\\/\\\/www.youtube.com\\\/channel\\\/UCHYaeO_n0Db3tjNGudGpXyw\"]},{\"@type\":\"Person\",\"@id\":\"https:\\\/\\\/radioljubuski.ba\\\/#\\\/schema\\\/person\\\/19fc700381a780f69665d7956c469e3b\",\"name\":\"Radio Ljubu\u0161ki\"}]}<\/script>\n<!-- \/ Yoast SEO plugin. -->","yoast_head_json":{"title":"Amerikanci prvi put evakuirali ljude izvan perimetra zra\u010dne luke - RADIO LJUBU\u0160KI","robots":{"index":"index","follow":"follow","max-snippet":"max-snippet:-1","max-image-preview":"max-image-preview:large","max-video-preview":"max-video-preview:-1"},"canonical":"https:\/\/radioljubuski.ba\/index.php\/2021\/08\/21\/amerikanci-prvi-put-evakuirali-ljude-izvan-perimetra-zracne-luke\/","og_locale":"hr_HR","og_type":"article","og_title":"Amerikanci prvi put evakuirali ljude izvan perimetra zra\u010dne luke - RADIO LJUBU\u0160KI","og_description":"Ameri\u010dka vojska u Afganistanu trima helikopterima evakuirala je 169 Amerikanca koji nisu mogli do\u0107i do zra\u010dne luke u Kabulu, objavio je Pentagon.&nbsp; Tri helikoptera Chinook napustila su sigurnosni perimetar zra\u010dne luke kako bi iz hotela udaljenog dvjestotinjak metara evakuirali Amerikance, rekao je glasnogovornik John Kirby. To je prvi put od po\u010detka krize da je ameri\u010dka [&hellip;]","og_url":"https:\/\/radioljubuski.ba\/index.php\/2021\/08\/21\/amerikanci-prvi-put-evakuirali-ljude-izvan-perimetra-zracne-luke\/","og_site_name":"RADIO LJUBU\u0160KI","article_publisher":"https:\/\/www.facebook.com\/Radiio-Ljubuski-1490835324566332","article_published_time":"2021-08-21T07:05:50+00:00","article_modified_time":"2021-08-21T07:05:52+00:00","og_image":[{"width":1000,"height":625,"url":"https:\/\/radioljubuski.ba\/wp-content\/uploads\/2021\/08\/2-2021-08-21-07-46-16-kabul.jpg","type":"image\/jpeg"}],"author":"Radio Ljubu\u0161ki","twitter_card":"summary_large_image","twitter_creator":"@radioljubuski","twitter_site":"@radioljubuski","twitter_misc":{"Napisao\/la":"Radio Ljubu\u0161ki","Procijenjeno vrijeme \u010ditanja":"2 minute"},"schema":{"@context":"https:\/\/schema.org","@graph":[{"@type":"Article","@id":"https:\/\/radioljubuski.ba\/index.php\/2021\/08\/21\/amerikanci-prvi-put-evakuirali-ljude-izvan-perimetra-zracne-luke\/#article","isPartOf":{"@id":"https:\/\/radioljubuski.ba\/index.php\/2021\/08\/21\/amerikanci-prvi-put-evakuirali-ljude-izvan-perimetra-zracne-luke\/"},"author":{"name":"Radio Ljubu\u0161ki","@id":"https:\/\/radioljubuski.ba\/#\/schema\/person\/19fc700381a780f69665d7956c469e3b"},"headline":"Amerikanci prvi put evakuirali ljude izvan perimetra zra\u010dne luke","datePublished":"2021-08-21T07:05:50+00:00","dateModified":"2021-08-21T07:05:52+00:00","mainEntityOfPage":{"@id":"https:\/\/radioljubuski.ba\/index.php\/2021\/08\/21\/amerikanci-prvi-put-evakuirali-ljude-izvan-perimetra-zracne-luke\/"},"wordCount":328,"publisher":{"@id":"https:\/\/radioljubuski.ba\/#organization"},"image":{"@id":"https:\/\/radioljubuski.ba\/index.php\/2021\/08\/21\/amerikanci-prvi-put-evakuirali-ljude-izvan-perimetra-zracne-luke\/#primaryimage"},"thumbnailUrl":"https:\/\/radioljubuski.ba\/wp-content\/uploads\/2021\/08\/2-2021-08-21-07-46-16-kabul.jpg","articleSection":["BIH i regija"],"inLanguage":"hr"},{"@type":"WebPage","@id":"https:\/\/radioljubuski.ba\/index.php\/2021\/08\/21\/amerikanci-prvi-put-evakuirali-ljude-izvan-perimetra-zracne-luke\/","url":"https:\/\/radioljubuski.ba\/index.php\/2021\/08\/21\/amerikanci-prvi-put-evakuirali-ljude-izvan-perimetra-zracne-luke\/","name":"Amerikanci prvi put evakuirali ljude izvan perimetra zra\u010dne luke - RADIO LJUBU\u0160KI","isPartOf":{"@id":"https:\/\/radioljubuski.ba\/#website"},"primaryImageOfPage":{"@id":"https:\/\/radioljubuski.ba\/index.php\/2021\/08\/21\/amerikanci-prvi-put-evakuirali-ljude-izvan-perimetra-zracne-luke\/#primaryimage"},"image":{"@id":"https:\/\/radioljubuski.ba\/index.php\/2021\/08\/21\/amerikanci-prvi-put-evakuirali-ljude-izvan-perimetra-zracne-luke\/#primaryimage"},"thumbnailUrl":"https:\/\/radioljubuski.ba\/wp-content\/uploads\/2021\/08\/2-2021-08-21-07-46-16-kabul.jpg","datePublished":"2021-08-21T07:05:50+00:00","dateModified":"2021-08-21T07:05:52+00:00","breadcrumb":{"@id":"https:\/\/radioljubuski.ba\/index.php\/2021\/08\/21\/amerikanci-prvi-put-evakuirali-ljude-izvan-perimetra-zracne-luke\/#breadcrumb"},"inLanguage":"hr","potentialAction":[{"@type":"ReadAction","target":["https:\/\/radioljubuski.ba\/index.php\/2021\/08\/21\/amerikanci-prvi-put-evakuirali-ljude-izvan-perimetra-zracne-luke\/"]}]},{"@type":"ImageObject","inLanguage":"hr","@id":"https:\/\/radioljubuski.ba\/index.php\/2021\/08\/21\/amerikanci-prvi-put-evakuirali-ljude-izvan-perimetra-zracne-luke\/#primaryimage","url":"https:\/\/radioljubuski.ba\/wp-content\/uploads\/2021\/08\/2-2021-08-21-07-46-16-kabul.jpg","contentUrl":"https:\/\/radioljubuski.ba\/wp-content\/uploads\/2021\/08\/2-2021-08-21-07-46-16-kabul.jpg","width":1000,"height":625},{"@type":"BreadcrumbList","@id":"https:\/\/radioljubuski.ba\/index.php\/2021\/08\/21\/amerikanci-prvi-put-evakuirali-ljude-izvan-perimetra-zracne-luke\/#breadcrumb","itemListElement":[{"@type":"ListItem","position":1,"name":"Po\u010detna stranica","item":"https:\/\/radioljubuski.ba\/"},{"@type":"ListItem","position":2,"name":"Amerikanci prvi put evakuirali ljude izvan perimetra zra\u010dne luke"}]},{"@type":"WebSite","@id":"https:\/\/radioljubuski.ba\/#website","url":"https:\/\/radioljubuski.ba\/","name":"Radio Ljubu\u0161ki","description":"Sun\u010dana frekvencija Hercegovine","publisher":{"@id":"https:\/\/radioljubuski.ba\/#organization"},"potentialAction":[{"@type":"SearchAction","target":{"@type":"EntryPoint","urlTemplate":"https:\/\/radioljubuski.ba\/?s={search_term_string}"},"query-input":{"@type":"PropertyValueSpecification","valueRequired":true,"valueName":"search_term_string"}}],"inLanguage":"hr"},{"@type":"Organization","@id":"https:\/\/radioljubuski.ba\/#organization","name":"Radio Ljubu\u0161ki","url":"https:\/\/radioljubuski.ba\/","logo":{"@type":"ImageObject","inLanguage":"hr","@id":"https:\/\/radioljubuski.ba\/#\/schema\/logo\/image\/","url":"https:\/\/radioljubuski.ba\/wp-content\/uploads\/2021\/02\/cropped-Radio_Ljubuski_logo1.jpg","contentUrl":"https:\/\/radioljubuski.ba\/wp-content\/uploads\/2021\/02\/cropped-Radio_Ljubuski_logo1.jpg","width":512,"height":512,"caption":"Radio Ljubu\u0161ki"},"image":{"@id":"https:\/\/radioljubuski.ba\/#\/schema\/logo\/image\/"},"sameAs":["https:\/\/www.facebook.com\/Radiio-Ljubuski-1490835324566332","https:\/\/x.com\/radioljubuski","https:\/\/hr.linkedin.com\/company\/radio-ljubuski","https:\/\/www.youtube.com\/channel\/UCHYaeO_n0Db3tjNGudGpXyw"]},{"@type":"Person","@id":"https:\/\/radioljubuski.ba\/#\/schema\/person\/19fc700381a780f69665d7956c469e3b","name":"Radio Ljubu\u0161ki"}]}},"_links":{"self":[{"href":"https:\/\/radioljubuski.ba\/index.php\/wp-json\/wp\/v2\/posts\/55611","targetHints":{"allow":["GET"]}}],"collection":[{"href":"https:\/\/radioljubuski.ba\/index.php\/wp-json\/wp\/v2\/posts"}],"about":[{"href":"https:\/\/radioljubuski.ba\/index.php\/wp-json\/wp\/v2\/types\/post"}],"author":[{"embeddable":true,"href":"https:\/\/radioljubuski.ba\/index.php\/wp-json\/wp\/v2\/users\/2"}],"replies":[{"embeddable":true,"href":"https:\/\/radioljubuski.ba\/index.php\/wp-json\/wp\/v2\/comments?post=55611"}],"version-history":[{"count":1,"href":"https:\/\/radioljubuski.ba\/index.php\/wp-json\/wp\/v2\/posts\/55611\/revisions"}],"predecessor-version":[{"id":55613,"href":"https:\/\/radioljubuski.ba\/index.php\/wp-json\/wp\/v2\/posts\/55611\/revisions\/55613"}],"wp:featuredmedia":[{"embeddable":true,"href":"https:\/\/radioljubuski.ba\/index.php\/wp-json\/wp\/v2\/media\/55612"}],"wp:attachment":[{"href":"https:\/\/radioljubuski.ba\/index.php\/wp-json\/wp\/v2\/media?parent=55611"}],"wp:term":[{"taxonomy":"category","embeddable":true,"href":"https:\/\/radioljubuski.ba\/index.php\/wp-json\/wp\/v2\/categories?post=55611"},{"taxonomy":"post_tag","embeddable":true,"href":"https:\/\/radioljubuski.ba\/index.php\/wp-json\/wp\/v2\/tags?post=55611"}],"curies":[{"name":"wp","href":"https:\/\/api.w.org\/{rel}","templated":true}]}}