{"id":55614,"date":"2021-08-21T08:07:45","date_gmt":"2021-08-21T07:07:45","guid":{"rendered":"https:\/\/radioljubuski.ba\/?p=55614"},"modified":"2021-08-21T08:07:46","modified_gmt":"2021-08-21T07:07:46","slug":"sadovic-evakuacija-bh-drzavljana-iz-kabula-je-zavrsena","status":"publish","type":"post","link":"https:\/\/radioljubuski.ba\/index.php\/2021\/08\/21\/sadovic-evakuacija-bh-drzavljana-iz-kabula-je-zavrsena\/","title":{"rendered":"Sadovi\u0107: Evakuacija bh. dr\u017eavljana iz Kabula je zavr\u0161ena"},"content":{"rendered":"\n<p>Evakuacija bh. dr\u017eavljana iz Kabula je zavr\u0161ena. Prema rije\u010dima \u0161efa Kriznog sto\u017eera Ministarstva vanjskih poslova BiH za evakuaciju bh. dr\u017eavljana iz Afganistana Bakira Sadovi\u0107a, posljednja dvojica bh. gra\u0111ana ju\u010der su uzletjeli sa kabulskog aerodroma.<\/p>\n\n\n\n<p>&#8211; O\u010dekujemo da \u0107e se oni nama vratiti iz neke zemlje u regije, \u010dime bi se okon\u010dala evakuacija svih 12 dr\u017eavljana BiH iz Kabula. To je 12 dr\u017eavljana BiH koji su se javili na\u0161em veleposlanstvu u Pakistanu i MVP-u. Mi smo, anga\u017eiraju\u0107i kapacitete u Washingtonu, Londonu, Haagu, Ankari, na\u0161ih prijatelja u Pakistanu i Kataru, uspjeli da zavr\u0161imo tu evakuaciju, kazao je Sadovi\u0107.<\/p>\n\n\n\n<p>Me\u0111utim, on nije isklju\u010dio mogu\u0107nost da se u Afganistanu nalazi jo\u0161 dr\u017eavljana na\u0161e zemlje.<\/p>\n\n\n\n<p>&#8211; Va\u017eno je da su ti komunikacijski kanali i dalje otvoreni, jer ne znamo da li ima jo\u0161 nekih na\u0161ih dr\u017eavljana koji nam se nisu javili. Ono \u0161to je za sada najva\u017enije je da su ti ljudi, koji su dijelom ve\u0107 u BiH ili u nekoj zemlji regije, sigurni i da su u kontaktu sa nama u Kriznom sto\u017eeru MVP-a, a i sa na\u0161im veleposlanstvima, dodao je Sadovi\u0107.<\/p>\n\n\n\n<p>Na kraju se zahvalio svim bh. diplomatama i veleposlanicima, koji su bili uklju\u010deni u evakuaciju, a posebno bh. veleleposlaniku u Pakistanu Sakibu Fori\u0107u, koji je, kako je naglasio, podnio najve\u0107i teret ove organizacije.<\/p>\n\n\n\n<p>&#8211; Bila je vrlo zahtjevna operacija, jer se sigurnosna situacija u Afganistanu mijenja iz sata u sat i mi se nadamo da \u0107e se uskoro ta situacija smiriti i da \u0107e svi oni koji to \u017eele uspjeti napustiti Afganistan, zaklju\u010dio je Sadovi\u0107, prenosi Oslobo\u0111enje.&nbsp;<\/p>\n\n\n\n<p>Izvor:oslobodjanje.ba<\/p>\n","protected":false},"excerpt":{"rendered":"<p>Evakuacija bh. dr\u017eavljana iz Kabula je zavr\u0161ena. Prema rije\u010dima \u0161efa Kriznog sto\u017eera Ministarstva vanjskih poslova BiH za evakuaciju bh. dr\u017eavljana iz Afganistana Bakira Sadovi\u0107a, posljednja dvojica bh. gra\u0111ana ju\u010der su uzletjeli sa kabulskog aerodroma. &#8211; O\u010dekujemo da \u0107e se oni nama vratiti iz neke zemlje u regije, \u010dime bi se okon\u010dala evakuacija svih 12 dr\u017eavljana [&hellip;]<\/p>\n","protected":false},"author":2,"featured_media":55615,"comment_status":"closed","ping_status":"closed","sticky":false,"template":"","format":"standard","meta":{"h5ap_radio_sources":[],"footnotes":""},"categories":[1],"tags":[],"class_list":["post-55614","post","type-post","status-publish","format-standard","has-post-thumbnail","hentry","category-bihiregija"],"yoast_head":"<!-- This site is optimized with the Yoast SEO plugin v27.5 - https:\/\/yoast.com\/product\/yoast-seo-wordpress\/ -->\n<title>Sadovi\u0107: Evakuacija bh. dr\u017eavljana iz Kabula je zavr\u0161ena - RADIO LJUBU\u0160KI<\/title>\n<meta name=\"robots\" content=\"index, follow, max-snippet:-1, max-image-preview:large, max-video-preview:-1\" \/>\n<link rel=\"canonical\" href=\"https:\/\/radioljubuski.ba\/index.php\/2021\/08\/21\/sadovic-evakuacija-bh-drzavljana-iz-kabula-je-zavrsena\/\" \/>\n<meta property=\"og:locale\" content=\"hr_HR\" \/>\n<meta property=\"og:type\" content=\"article\" \/>\n<meta property=\"og:title\" content=\"Sadovi\u0107: Evakuacija bh. dr\u017eavljana iz Kabula je zavr\u0161ena - RADIO LJUBU\u0160KI\" \/>\n<meta property=\"og:description\" content=\"Evakuacija bh. dr\u017eavljana iz Kabula je zavr\u0161ena. Prema rije\u010dima \u0161efa Kriznog sto\u017eera Ministarstva vanjskih poslova BiH za evakuaciju bh. dr\u017eavljana iz Afganistana Bakira Sadovi\u0107a, posljednja dvojica bh. gra\u0111ana ju\u010der su uzletjeli sa kabulskog aerodroma. &#8211; O\u010dekujemo da \u0107e se oni nama vratiti iz neke zemlje u regije, \u010dime bi se okon\u010dala evakuacija svih 12 dr\u017eavljana [&hellip;]\" \/>\n<meta property=\"og:url\" content=\"https:\/\/radioljubuski.ba\/index.php\/2021\/08\/21\/sadovic-evakuacija-bh-drzavljana-iz-kabula-je-zavrsena\/\" \/>\n<meta property=\"og:site_name\" content=\"RADIO LJUBU\u0160KI\" \/>\n<meta property=\"article:publisher\" content=\"https:\/\/www.facebook.com\/Radiio-Ljubuski-1490835324566332\" \/>\n<meta property=\"article:published_time\" content=\"2021-08-21T07:07:45+00:00\" \/>\n<meta property=\"article:modified_time\" content=\"2021-08-21T07:07:46+00:00\" \/>\n<meta property=\"og:image\" content=\"https:\/\/radioljubuski.ba\/wp-content\/uploads\/2021\/08\/8-2021-08-18-20-27-20-KABUL-AVION-1-1.jpg\" \/>\n\t<meta property=\"og:image:width\" content=\"1000\" \/>\n\t<meta property=\"og:image:height\" content=\"625\" \/>\n\t<meta property=\"og:image:type\" content=\"image\/jpeg\" \/>\n<meta name=\"author\" content=\"Radio Ljubu\u0161ki\" \/>\n<meta name=\"twitter:card\" content=\"summary_large_image\" \/>\n<meta name=\"twitter:creator\" content=\"@radioljubuski\" \/>\n<meta name=\"twitter:site\" content=\"@radioljubuski\" \/>\n<meta name=\"twitter:label1\" content=\"Napisao\/la\" \/>\n\t<meta name=\"twitter:data1\" content=\"Radio Ljubu\u0161ki\" \/>\n\t<meta name=\"twitter:label2\" content=\"Procijenjeno vrijeme \u010ditanja\" \/>\n\t<meta name=\"twitter:data2\" content=\"2 minute\" \/>\n<script type=\"application\/ld+json\" class=\"yoast-schema-graph\">{\"@context\":\"https:\\\/\\\/schema.org\",\"@graph\":[{\"@type\":\"Article\",\"@id\":\"https:\\\/\\\/radioljubuski.ba\\\/index.php\\\/2021\\\/08\\\/21\\\/sadovic-evakuacija-bh-drzavljana-iz-kabula-je-zavrsena\\\/#article\",\"isPartOf\":{\"@id\":\"https:\\\/\\\/radioljubuski.ba\\\/index.php\\\/2021\\\/08\\\/21\\\/sadovic-evakuacija-bh-drzavljana-iz-kabula-je-zavrsena\\\/\"},\"author\":{\"name\":\"Radio Ljubu\u0161ki\",\"@id\":\"https:\\\/\\\/radioljubuski.ba\\\/#\\\/schema\\\/person\\\/19fc700381a780f69665d7956c469e3b\"},\"headline\":\"Sadovi\u0107: Evakuacija bh. dr\u017eavljana iz Kabula je zavr\u0161ena\",\"datePublished\":\"2021-08-21T07:07:45+00:00\",\"dateModified\":\"2021-08-21T07:07:46+00:00\",\"mainEntityOfPage\":{\"@id\":\"https:\\\/\\\/radioljubuski.ba\\\/index.php\\\/2021\\\/08\\\/21\\\/sadovic-evakuacija-bh-drzavljana-iz-kabula-je-zavrsena\\\/\"},\"wordCount\":300,\"publisher\":{\"@id\":\"https:\\\/\\\/radioljubuski.ba\\\/#organization\"},\"image\":{\"@id\":\"https:\\\/\\\/radioljubuski.ba\\\/index.php\\\/2021\\\/08\\\/21\\\/sadovic-evakuacija-bh-drzavljana-iz-kabula-je-zavrsena\\\/#primaryimage\"},\"thumbnailUrl\":\"https:\\\/\\\/radioljubuski.ba\\\/wp-content\\\/uploads\\\/2021\\\/08\\\/8-2021-08-18-20-27-20-KABUL-AVION-1-1.jpg\",\"articleSection\":[\"BIH i regija\"],\"inLanguage\":\"hr\"},{\"@type\":\"WebPage\",\"@id\":\"https:\\\/\\\/radioljubuski.ba\\\/index.php\\\/2021\\\/08\\\/21\\\/sadovic-evakuacija-bh-drzavljana-iz-kabula-je-zavrsena\\\/\",\"url\":\"https:\\\/\\\/radioljubuski.ba\\\/index.php\\\/2021\\\/08\\\/21\\\/sadovic-evakuacija-bh-drzavljana-iz-kabula-je-zavrsena\\\/\",\"name\":\"Sadovi\u0107: Evakuacija bh. dr\u017eavljana iz Kabula je zavr\u0161ena - RADIO LJUBU\u0160KI\",\"isPartOf\":{\"@id\":\"https:\\\/\\\/radioljubuski.ba\\\/#website\"},\"primaryImageOfPage\":{\"@id\":\"https:\\\/\\\/radioljubuski.ba\\\/index.php\\\/2021\\\/08\\\/21\\\/sadovic-evakuacija-bh-drzavljana-iz-kabula-je-zavrsena\\\/#primaryimage\"},\"image\":{\"@id\":\"https:\\\/\\\/radioljubuski.ba\\\/index.php\\\/2021\\\/08\\\/21\\\/sadovic-evakuacija-bh-drzavljana-iz-kabula-je-zavrsena\\\/#primaryimage\"},\"thumbnailUrl\":\"https:\\\/\\\/radioljubuski.ba\\\/wp-content\\\/uploads\\\/2021\\\/08\\\/8-2021-08-18-20-27-20-KABUL-AVION-1-1.jpg\",\"datePublished\":\"2021-08-21T07:07:45+00:00\",\"dateModified\":\"2021-08-21T07:07:46+00:00\",\"breadcrumb\":{\"@id\":\"https:\\\/\\\/radioljubuski.ba\\\/index.php\\\/2021\\\/08\\\/21\\\/sadovic-evakuacija-bh-drzavljana-iz-kabula-je-zavrsena\\\/#breadcrumb\"},\"inLanguage\":\"hr\",\"potentialAction\":[{\"@type\":\"ReadAction\",\"target\":[\"https:\\\/\\\/radioljubuski.ba\\\/index.php\\\/2021\\\/08\\\/21\\\/sadovic-evakuacija-bh-drzavljana-iz-kabula-je-zavrsena\\\/\"]}]},{\"@type\":\"ImageObject\",\"inLanguage\":\"hr\",\"@id\":\"https:\\\/\\\/radioljubuski.ba\\\/index.php\\\/2021\\\/08\\\/21\\\/sadovic-evakuacija-bh-drzavljana-iz-kabula-je-zavrsena\\\/#primaryimage\",\"url\":\"https:\\\/\\\/radioljubuski.ba\\\/wp-content\\\/uploads\\\/2021\\\/08\\\/8-2021-08-18-20-27-20-KABUL-AVION-1-1.jpg\",\"contentUrl\":\"https:\\\/\\\/radioljubuski.ba\\\/wp-content\\\/uploads\\\/2021\\\/08\\\/8-2021-08-18-20-27-20-KABUL-AVION-1-1.jpg\",\"width\":1000,\"height\":625},{\"@type\":\"BreadcrumbList\",\"@id\":\"https:\\\/\\\/radioljubuski.ba\\\/index.php\\\/2021\\\/08\\\/21\\\/sadovic-evakuacija-bh-drzavljana-iz-kabula-je-zavrsena\\\/#breadcrumb\",\"itemListElement\":[{\"@type\":\"ListItem\",\"position\":1,\"name\":\"Po\u010detna stranica\",\"item\":\"https:\\\/\\\/radioljubuski.ba\\\/\"},{\"@type\":\"ListItem\",\"position\":2,\"name\":\"Sadovi\u0107: Evakuacija bh. dr\u017eavljana iz Kabula je zavr\u0161ena\"}]},{\"@type\":\"WebSite\",\"@id\":\"https:\\\/\\\/radioljubuski.ba\\\/#website\",\"url\":\"https:\\\/\\\/radioljubuski.ba\\\/\",\"name\":\"Radio Ljubu\u0161ki\",\"description\":\"Sun\u010dana frekvencija Hercegovine\",\"publisher\":{\"@id\":\"https:\\\/\\\/radioljubuski.ba\\\/#organization\"},\"potentialAction\":[{\"@type\":\"SearchAction\",\"target\":{\"@type\":\"EntryPoint\",\"urlTemplate\":\"https:\\\/\\\/radioljubuski.ba\\\/?s={search_term_string}\"},\"query-input\":{\"@type\":\"PropertyValueSpecification\",\"valueRequired\":true,\"valueName\":\"search_term_string\"}}],\"inLanguage\":\"hr\"},{\"@type\":\"Organization\",\"@id\":\"https:\\\/\\\/radioljubuski.ba\\\/#organization\",\"name\":\"Radio Ljubu\u0161ki\",\"url\":\"https:\\\/\\\/radioljubuski.ba\\\/\",\"logo\":{\"@type\":\"ImageObject\",\"inLanguage\":\"hr\",\"@id\":\"https:\\\/\\\/radioljubuski.ba\\\/#\\\/schema\\\/logo\\\/image\\\/\",\"url\":\"https:\\\/\\\/radioljubuski.ba\\\/wp-content\\\/uploads\\\/2021\\\/02\\\/cropped-Radio_Ljubuski_logo1.jpg\",\"contentUrl\":\"https:\\\/\\\/radioljubuski.ba\\\/wp-content\\\/uploads\\\/2021\\\/02\\\/cropped-Radio_Ljubuski_logo1.jpg\",\"width\":512,\"height\":512,\"caption\":\"Radio Ljubu\u0161ki\"},\"image\":{\"@id\":\"https:\\\/\\\/radioljubuski.ba\\\/#\\\/schema\\\/logo\\\/image\\\/\"},\"sameAs\":[\"https:\\\/\\\/www.facebook.com\\\/Radiio-Ljubuski-1490835324566332\",\"https:\\\/\\\/x.com\\\/radioljubuski\",\"https:\\\/\\\/hr.linkedin.com\\\/company\\\/radio-ljubuski\",\"https:\\\/\\\/www.youtube.com\\\/channel\\\/UCHYaeO_n0Db3tjNGudGpXyw\"]},{\"@type\":\"Person\",\"@id\":\"https:\\\/\\\/radioljubuski.ba\\\/#\\\/schema\\\/person\\\/19fc700381a780f69665d7956c469e3b\",\"name\":\"Radio Ljubu\u0161ki\"}]}<\/script>\n<!-- \/ Yoast SEO plugin. -->","yoast_head_json":{"title":"Sadovi\u0107: Evakuacija bh. dr\u017eavljana iz Kabula je zavr\u0161ena - RADIO LJUBU\u0160KI","robots":{"index":"index","follow":"follow","max-snippet":"max-snippet:-1","max-image-preview":"max-image-preview:large","max-video-preview":"max-video-preview:-1"},"canonical":"https:\/\/radioljubuski.ba\/index.php\/2021\/08\/21\/sadovic-evakuacija-bh-drzavljana-iz-kabula-je-zavrsena\/","og_locale":"hr_HR","og_type":"article","og_title":"Sadovi\u0107: Evakuacija bh. dr\u017eavljana iz Kabula je zavr\u0161ena - RADIO LJUBU\u0160KI","og_description":"Evakuacija bh. dr\u017eavljana iz Kabula je zavr\u0161ena. Prema rije\u010dima \u0161efa Kriznog sto\u017eera Ministarstva vanjskih poslova BiH za evakuaciju bh. dr\u017eavljana iz Afganistana Bakira Sadovi\u0107a, posljednja dvojica bh. gra\u0111ana ju\u010der su uzletjeli sa kabulskog aerodroma. &#8211; O\u010dekujemo da \u0107e se oni nama vratiti iz neke zemlje u regije, \u010dime bi se okon\u010dala evakuacija svih 12 dr\u017eavljana [&hellip;]","og_url":"https:\/\/radioljubuski.ba\/index.php\/2021\/08\/21\/sadovic-evakuacija-bh-drzavljana-iz-kabula-je-zavrsena\/","og_site_name":"RADIO LJUBU\u0160KI","article_publisher":"https:\/\/www.facebook.com\/Radiio-Ljubuski-1490835324566332","article_published_time":"2021-08-21T07:07:45+00:00","article_modified_time":"2021-08-21T07:07:46+00:00","og_image":[{"width":1000,"height":625,"url":"https:\/\/radioljubuski.ba\/wp-content\/uploads\/2021\/08\/8-2021-08-18-20-27-20-KABUL-AVION-1-1.jpg","type":"image\/jpeg"}],"author":"Radio Ljubu\u0161ki","twitter_card":"summary_large_image","twitter_creator":"@radioljubuski","twitter_site":"@radioljubuski","twitter_misc":{"Napisao\/la":"Radio Ljubu\u0161ki","Procijenjeno vrijeme \u010ditanja":"2 minute"},"schema":{"@context":"https:\/\/schema.org","@graph":[{"@type":"Article","@id":"https:\/\/radioljubuski.ba\/index.php\/2021\/08\/21\/sadovic-evakuacija-bh-drzavljana-iz-kabula-je-zavrsena\/#article","isPartOf":{"@id":"https:\/\/radioljubuski.ba\/index.php\/2021\/08\/21\/sadovic-evakuacija-bh-drzavljana-iz-kabula-je-zavrsena\/"},"author":{"name":"Radio Ljubu\u0161ki","@id":"https:\/\/radioljubuski.ba\/#\/schema\/person\/19fc700381a780f69665d7956c469e3b"},"headline":"Sadovi\u0107: Evakuacija bh. dr\u017eavljana iz Kabula je zavr\u0161ena","datePublished":"2021-08-21T07:07:45+00:00","dateModified":"2021-08-21T07:07:46+00:00","mainEntityOfPage":{"@id":"https:\/\/radioljubuski.ba\/index.php\/2021\/08\/21\/sadovic-evakuacija-bh-drzavljana-iz-kabula-je-zavrsena\/"},"wordCount":300,"publisher":{"@id":"https:\/\/radioljubuski.ba\/#organization"},"image":{"@id":"https:\/\/radioljubuski.ba\/index.php\/2021\/08\/21\/sadovic-evakuacija-bh-drzavljana-iz-kabula-je-zavrsena\/#primaryimage"},"thumbnailUrl":"https:\/\/radioljubuski.ba\/wp-content\/uploads\/2021\/08\/8-2021-08-18-20-27-20-KABUL-AVION-1-1.jpg","articleSection":["BIH i regija"],"inLanguage":"hr"},{"@type":"WebPage","@id":"https:\/\/radioljubuski.ba\/index.php\/2021\/08\/21\/sadovic-evakuacija-bh-drzavljana-iz-kabula-je-zavrsena\/","url":"https:\/\/radioljubuski.ba\/index.php\/2021\/08\/21\/sadovic-evakuacija-bh-drzavljana-iz-kabula-je-zavrsena\/","name":"Sadovi\u0107: Evakuacija bh. dr\u017eavljana iz Kabula je zavr\u0161ena - RADIO LJUBU\u0160KI","isPartOf":{"@id":"https:\/\/radioljubuski.ba\/#website"},"primaryImageOfPage":{"@id":"https:\/\/radioljubuski.ba\/index.php\/2021\/08\/21\/sadovic-evakuacija-bh-drzavljana-iz-kabula-je-zavrsena\/#primaryimage"},"image":{"@id":"https:\/\/radioljubuski.ba\/index.php\/2021\/08\/21\/sadovic-evakuacija-bh-drzavljana-iz-kabula-je-zavrsena\/#primaryimage"},"thumbnailUrl":"https:\/\/radioljubuski.ba\/wp-content\/uploads\/2021\/08\/8-2021-08-18-20-27-20-KABUL-AVION-1-1.jpg","datePublished":"2021-08-21T07:07:45+00:00","dateModified":"2021-08-21T07:07:46+00:00","breadcrumb":{"@id":"https:\/\/radioljubuski.ba\/index.php\/2021\/08\/21\/sadovic-evakuacija-bh-drzavljana-iz-kabula-je-zavrsena\/#breadcrumb"},"inLanguage":"hr","potentialAction":[{"@type":"ReadAction","target":["https:\/\/radioljubuski.ba\/index.php\/2021\/08\/21\/sadovic-evakuacija-bh-drzavljana-iz-kabula-je-zavrsena\/"]}]},{"@type":"ImageObject","inLanguage":"hr","@id":"https:\/\/radioljubuski.ba\/index.php\/2021\/08\/21\/sadovic-evakuacija-bh-drzavljana-iz-kabula-je-zavrsena\/#primaryimage","url":"https:\/\/radioljubuski.ba\/wp-content\/uploads\/2021\/08\/8-2021-08-18-20-27-20-KABUL-AVION-1-1.jpg","contentUrl":"https:\/\/radioljubuski.ba\/wp-content\/uploads\/2021\/08\/8-2021-08-18-20-27-20-KABUL-AVION-1-1.jpg","width":1000,"height":625},{"@type":"BreadcrumbList","@id":"https:\/\/radioljubuski.ba\/index.php\/2021\/08\/21\/sadovic-evakuacija-bh-drzavljana-iz-kabula-je-zavrsena\/#breadcrumb","itemListElement":[{"@type":"ListItem","position":1,"name":"Po\u010detna stranica","item":"https:\/\/radioljubuski.ba\/"},{"@type":"ListItem","position":2,"name":"Sadovi\u0107: Evakuacija bh. dr\u017eavljana iz Kabula je zavr\u0161ena"}]},{"@type":"WebSite","@id":"https:\/\/radioljubuski.ba\/#website","url":"https:\/\/radioljubuski.ba\/","name":"Radio Ljubu\u0161ki","description":"Sun\u010dana frekvencija Hercegovine","publisher":{"@id":"https:\/\/radioljubuski.ba\/#organization"},"potentialAction":[{"@type":"SearchAction","target":{"@type":"EntryPoint","urlTemplate":"https:\/\/radioljubuski.ba\/?s={search_term_string}"},"query-input":{"@type":"PropertyValueSpecification","valueRequired":true,"valueName":"search_term_string"}}],"inLanguage":"hr"},{"@type":"Organization","@id":"https:\/\/radioljubuski.ba\/#organization","name":"Radio Ljubu\u0161ki","url":"https:\/\/radioljubuski.ba\/","logo":{"@type":"ImageObject","inLanguage":"hr","@id":"https:\/\/radioljubuski.ba\/#\/schema\/logo\/image\/","url":"https:\/\/radioljubuski.ba\/wp-content\/uploads\/2021\/02\/cropped-Radio_Ljubuski_logo1.jpg","contentUrl":"https:\/\/radioljubuski.ba\/wp-content\/uploads\/2021\/02\/cropped-Radio_Ljubuski_logo1.jpg","width":512,"height":512,"caption":"Radio Ljubu\u0161ki"},"image":{"@id":"https:\/\/radioljubuski.ba\/#\/schema\/logo\/image\/"},"sameAs":["https:\/\/www.facebook.com\/Radiio-Ljubuski-1490835324566332","https:\/\/x.com\/radioljubuski","https:\/\/hr.linkedin.com\/company\/radio-ljubuski","https:\/\/www.youtube.com\/channel\/UCHYaeO_n0Db3tjNGudGpXyw"]},{"@type":"Person","@id":"https:\/\/radioljubuski.ba\/#\/schema\/person\/19fc700381a780f69665d7956c469e3b","name":"Radio Ljubu\u0161ki"}]}},"_links":{"self":[{"href":"https:\/\/radioljubuski.ba\/index.php\/wp-json\/wp\/v2\/posts\/55614","targetHints":{"allow":["GET"]}}],"collection":[{"href":"https:\/\/radioljubuski.ba\/index.php\/wp-json\/wp\/v2\/posts"}],"about":[{"href":"https:\/\/radioljubuski.ba\/index.php\/wp-json\/wp\/v2\/types\/post"}],"author":[{"embeddable":true,"href":"https:\/\/radioljubuski.ba\/index.php\/wp-json\/wp\/v2\/users\/2"}],"replies":[{"embeddable":true,"href":"https:\/\/radioljubuski.ba\/index.php\/wp-json\/wp\/v2\/comments?post=55614"}],"version-history":[{"count":1,"href":"https:\/\/radioljubuski.ba\/index.php\/wp-json\/wp\/v2\/posts\/55614\/revisions"}],"predecessor-version":[{"id":55616,"href":"https:\/\/radioljubuski.ba\/index.php\/wp-json\/wp\/v2\/posts\/55614\/revisions\/55616"}],"wp:featuredmedia":[{"embeddable":true,"href":"https:\/\/radioljubuski.ba\/index.php\/wp-json\/wp\/v2\/media\/55615"}],"wp:attachment":[{"href":"https:\/\/radioljubuski.ba\/index.php\/wp-json\/wp\/v2\/media?parent=55614"}],"wp:term":[{"taxonomy":"category","embeddable":true,"href":"https:\/\/radioljubuski.ba\/index.php\/wp-json\/wp\/v2\/categories?post=55614"},{"taxonomy":"post_tag","embeddable":true,"href":"https:\/\/radioljubuski.ba\/index.php\/wp-json\/wp\/v2\/tags?post=55614"}],"curies":[{"name":"wp","href":"https:\/\/api.w.org\/{rel}","templated":true}]}}