{"id":55652,"date":"2021-08-21T08:46:44","date_gmt":"2021-08-21T07:46:44","guid":{"rendered":"https:\/\/radioljubuski.ba\/?p=55652"},"modified":"2021-08-21T08:46:45","modified_gmt":"2021-08-21T07:46:45","slug":"hrvatska-ce-dodatno-ucvrstiti-granicu-s-bih-razlog-ovoga-puta-nije-korona","status":"publish","type":"post","link":"https:\/\/radioljubuski.ba\/index.php\/2021\/08\/21\/hrvatska-ce-dodatno-ucvrstiti-granicu-s-bih-razlog-ovoga-puta-nije-korona\/","title":{"rendered":"Hrvatska \u0107e dodatno u\u010dvrstiti granicu s BiH, razlog ovoga puta nije korona"},"content":{"rendered":"\n<p><strong>Kako pove\u0107ati broj cijepljenih, kako i da li pomagati uop\u0107e i dalje poduzetnicima pogo\u0111enima virusom, ali i na koji se na\u010din nositi s novim migrantskim valom iz Afganistana koji je, \u010dini se, pred vratima, teme su koje \u0107e sasvim sigurno obilje\u017eiti politi\u010dku jesen pred nama. Jasno je to i nakon ju\u010dera\u0161nje sjednice Vlade RH, prve nakon kra\u0107e ljetne stanke na kojoj je premijer Andrej Plenkovi\u0107 ve\u0107 u uvodnom govoru upozorio na \u010dinjenicu da je broj novozara\u017eenih od COVID-19 ve\u0107i, ali i izrazio nezadovoljstvo \u010dinjenicom da smo tek na 50 posto cijepljenih iako se o\u010dekivalo da \u0107emo na tom postotku biti do 1. srpnja.<\/strong><\/p>\n\n\n\n<p>\u2013 Nadamo se da \u0107e se nakon ljetne stanke ipak ve\u0107i broj ljudi odlu\u010diti za cijepljenje. Proteklih mjeseci 80% umrlih od korone nije bilo cijepljeno. Ljudi koji su preminuli, bili su ve\u0107inom te\u0161ko bolesni s brojnim komorbiditetima \u2013 kazao je&nbsp; hrvatski premijer.<\/p>\n\n\n\n<p><strong>Zadnji vlak za cijepljenje<\/strong><\/p>\n\n\n\n<p>Jo\u0161 vi\u0161e o, kako je sam kazao, epidemiji necijepljenih govorio je hrvatski ministar zdravstva Vili Bero\u0161 koji je istaknuo kako epidemija bez sumnje poga\u0111a necijepljene. I to potkrijepio brojkama.<\/p>\n\n\n\n<p>\u2013 Trenuta\u010dno je u splitskoj bolnici 53 hospitaliziranih, na Zaraznoj u Zagrebu 33, u Vinogradskoj bolnici 10 ljudi je na respiratoru, 9 ih je bez ikakvih komorbiditeta, ali nisu cijepljeni. Od troje umrlih u posljednja 24 sata nitko nije cijepljen. Od 3697 zara\u017eenih \u010dak njih 85,71 nije bilo cijepljeno. Od 221 hospitaliziranog njih 87,51 nije bilo cijepljeno \u2013 nabrajao je Bero\u0161 i kazao kako sve zadnje brojke upu\u0107uju na uzlazni val \u010detvrtog vala.<\/p>\n\n\n\n<p>\u2013 Vjerujem da \u0107e ovaj val biti ne\u0161to lak\u0161i, ali moj zadatak je biti spreman na sve scenarije \u2013 kazao je Bero\u0161 koji je na pitanje koliko \u0107e dugo cijepljenje u Hrvatskoj biti fleksibilno rekao kako \u0107e sve ovisiti o pona\u0161anju virusa. Govore\u0107i o po\u010detku \u0161kolske godine, ministar je pak poru\u010dio da je vrijeme da se ulovi zadnji vlak za cijepljenje, da se osigura mirna jesen.<\/p>\n\n\n\n<p>\u2013 Ministarstvo obrazovanja zapo\u010delo je razgovore s epidemiolo\u0161kom strukom kako bi se dogovorili sve oko \u0161kole \u2013 kazao je Bero\u0161. Govorio je i o tre\u0107oj dozi cjepiva te potvrdio kako \u010deka informacije od HZJZ-a.<\/p>\n\n\n\n<p>\u2013 Mo\u017eda je bolje posti\u0107i procijepljenost u cijelom svijetu pa tek onda da se ide u tre\u0107u dozu. Amerika ide prema tre\u0107oj dozi, to ima smisla po meni. Teoretski mo\u017eemo razmi\u0161ljati o busteriranju kod ljudi slabijeg imuniteta ili izlo\u017eenih skupina, ali u ovom trenutku o tome ne razmi\u0161ljamo \u2013 kazao je Bero\u0161.<\/p>\n\n\n\n<p>O epidemiolo\u0161koj situaciji ovisit \u0107e i ho\u0107e li dr\u017eava i dalje nastaviti s COVID potporama za o\u010duvanje radnih mjesta. Kako je kazao ministar gospodarstva Tomislav \u0106ori\u0107, reagirat \u0107e se ovisno o epidemiolo\u0161koj situaciji koju \u0107e tada pratiti i epidemiolo\u0161ke mjere, a tada bi se, kazao je, reagiralo i ekonomskim mjerama.<\/p>\n\n\n\n<p>\u2013 Zadnja godina i pol pokazala je da smo u svakom trenutku, nogometnim rje\u010dnikom re\u010deno, bili na lopti i u kona\u010dnici asistirali na\u0161em gospodarstvu, \u0161to pokazuju rezultati u 2021. godini, ali i \u010dinjenica da smo, prema podacima HZMO-a, ovo ljeto do\u010dekali s ve\u0107im brojem zaposlenih nego u 2019. godini \u2013 kazao je \u0106ori\u0107 koji je ju\u010der istaknuo i kako u Vladi o\u010dekuju da \u0107e se ostvariti projekcije gospodarskog rasta ve\u0107eg od pet posto u 2021. godini, a s obzirom na turisti\u010dku sezonu i rezultate iz srpnja i prvog dijela kolovoza.<\/p>\n\n\n\n<p><strong>Afganistan neuspio projekt<\/strong><\/p>\n\n\n\n<p>\u0160to s migrantskim valom iz Afganistana, svakako je jo\u0161 jedna tema o kojoj \u0107e se idu\u0107ih tjedana detaljno analizirati. Premijer Plenkovi\u0107 kazao je ju\u010der kako Hrvatska nastavlja s \u201cna\u0161om otvoreno\u0161\u0107u da nastavimo s pomo\u0107i Afganistancima koji su bili povezani s Europskom unijom\u201d.<\/p>\n\n\n\n<p>\u2013 Prva faza vra\u0107anja hrvatskih dr\u017eavljana pro\u0161la je uspje\u0161no, druga faza, odnos s Afganistanom bit \u0107e druga tema, a tre\u0107a je da se izbjegne novi izbjegli\u010dki val koji bi destabilizirao dr\u017eave \u010dlanice EU. O\u010dito je da projekti izgradnje dr\u017eave u Afganistanu nije uspio \u2013 kazao je premijer ju\u010der na Vladi.<\/p>\n\n\n\n<p>Ministar unutarnjih poslova RH Davor Bo\u017einovi\u0107 ju\u010der je, pak, kazao kako je zaklju\u010dak na razini \u0161efova diplomacija i ministara unutarnjih poslova taj da se za situaciju treba pripremiti brzo te da je politika Europe sve vi\u0161e za\u0161tita vanjskih granica EU, dodao je. To u prijevodu zna\u010di da \u0107e se dodatno u\u010dvrstiti granica s BiH.<\/p>\n\n\n\n<p>\u2013 Razgovarali smo i postignuto je razumijevanje da se ne smije ponoviti situacija iz 2015. kad je veliki izbjegli\u010dki val do\u0161ao na granice europskih zemalja jer to nije rje\u0161enje \u2013 rekao je Bo\u017einovi\u0107.<\/p>\n\n\n\n<p>\/HMS\/<\/p>\n","protected":false},"excerpt":{"rendered":"<p>Kako pove\u0107ati broj cijepljenih, kako i da li pomagati uop\u0107e i dalje poduzetnicima pogo\u0111enima virusom, ali i na koji se na\u010din nositi s novim migrantskim valom iz Afganistana koji je, \u010dini se, pred vratima, teme su koje \u0107e sasvim sigurno obilje\u017eiti politi\u010dku jesen pred nama. Jasno je to i nakon ju\u010dera\u0161nje sjednice Vlade RH, prve [&hellip;]<\/p>\n","protected":false},"author":2,"featured_media":55653,"comment_status":"closed","ping_status":"closed","sticky":false,"template":"","format":"standard","meta":{"h5ap_radio_sources":[],"footnotes":""},"categories":[1],"tags":[],"class_list":["post-55652","post","type-post","status-publish","format-standard","has-post-thumbnail","hentry","category-bihiregija"],"yoast_head":"<!-- This site is optimized with the Yoast SEO plugin v27.5 - https:\/\/yoast.com\/product\/yoast-seo-wordpress\/ -->\n<title>Hrvatska \u0107e dodatno u\u010dvrstiti granicu s BiH, razlog ovoga puta nije korona - RADIO LJUBU\u0160KI<\/title>\n<meta name=\"robots\" content=\"index, follow, max-snippet:-1, max-image-preview:large, max-video-preview:-1\" \/>\n<link rel=\"canonical\" href=\"https:\/\/radioljubuski.ba\/index.php\/2021\/08\/21\/hrvatska-ce-dodatno-ucvrstiti-granicu-s-bih-razlog-ovoga-puta-nije-korona\/\" \/>\n<meta property=\"og:locale\" content=\"hr_HR\" \/>\n<meta property=\"og:type\" content=\"article\" \/>\n<meta property=\"og:title\" content=\"Hrvatska \u0107e dodatno u\u010dvrstiti granicu s BiH, razlog ovoga puta nije korona - RADIO LJUBU\u0160KI\" \/>\n<meta property=\"og:description\" content=\"Kako pove\u0107ati broj cijepljenih, kako i da li pomagati uop\u0107e i dalje poduzetnicima pogo\u0111enima virusom, ali i na koji se na\u010din nositi s novim migrantskim valom iz Afganistana koji je, \u010dini se, pred vratima, teme su koje \u0107e sasvim sigurno obilje\u017eiti politi\u010dku jesen pred nama. Jasno je to i nakon ju\u010dera\u0161nje sjednice Vlade RH, prve [&hellip;]\" \/>\n<meta property=\"og:url\" content=\"https:\/\/radioljubuski.ba\/index.php\/2021\/08\/21\/hrvatska-ce-dodatno-ucvrstiti-granicu-s-bih-razlog-ovoga-puta-nije-korona\/\" \/>\n<meta property=\"og:site_name\" content=\"RADIO LJUBU\u0160KI\" \/>\n<meta property=\"article:publisher\" content=\"https:\/\/www.facebook.com\/Radiio-Ljubuski-1490835324566332\" \/>\n<meta property=\"article:published_time\" content=\"2021-08-21T07:46:44+00:00\" \/>\n<meta property=\"article:modified_time\" content=\"2021-08-21T07:46:45+00:00\" \/>\n<meta property=\"og:image\" content=\"https:\/\/radioljubuski.ba\/wp-content\/uploads\/2021\/08\/granica-1.jpg\" \/>\n\t<meta property=\"og:image:width\" content=\"860\" \/>\n\t<meta property=\"og:image:height\" content=\"518\" \/>\n\t<meta property=\"og:image:type\" content=\"image\/jpeg\" \/>\n<meta name=\"author\" content=\"Radio Ljubu\u0161ki\" \/>\n<meta name=\"twitter:card\" content=\"summary_large_image\" \/>\n<meta name=\"twitter:creator\" content=\"@radioljubuski\" \/>\n<meta name=\"twitter:site\" content=\"@radioljubuski\" \/>\n<meta name=\"twitter:label1\" content=\"Napisao\/la\" \/>\n\t<meta name=\"twitter:data1\" content=\"Radio Ljubu\u0161ki\" \/>\n\t<meta name=\"twitter:label2\" content=\"Procijenjeno vrijeme \u010ditanja\" \/>\n\t<meta name=\"twitter:data2\" content=\"4 minute\" \/>\n<script type=\"application\/ld+json\" class=\"yoast-schema-graph\">{\"@context\":\"https:\\\/\\\/schema.org\",\"@graph\":[{\"@type\":\"Article\",\"@id\":\"https:\\\/\\\/radioljubuski.ba\\\/index.php\\\/2021\\\/08\\\/21\\\/hrvatska-ce-dodatno-ucvrstiti-granicu-s-bih-razlog-ovoga-puta-nije-korona\\\/#article\",\"isPartOf\":{\"@id\":\"https:\\\/\\\/radioljubuski.ba\\\/index.php\\\/2021\\\/08\\\/21\\\/hrvatska-ce-dodatno-ucvrstiti-granicu-s-bih-razlog-ovoga-puta-nije-korona\\\/\"},\"author\":{\"name\":\"Radio Ljubu\u0161ki\",\"@id\":\"https:\\\/\\\/radioljubuski.ba\\\/#\\\/schema\\\/person\\\/19fc700381a780f69665d7956c469e3b\"},\"headline\":\"Hrvatska \u0107e dodatno u\u010dvrstiti granicu s BiH, razlog ovoga puta nije korona\",\"datePublished\":\"2021-08-21T07:46:44+00:00\",\"dateModified\":\"2021-08-21T07:46:45+00:00\",\"mainEntityOfPage\":{\"@id\":\"https:\\\/\\\/radioljubuski.ba\\\/index.php\\\/2021\\\/08\\\/21\\\/hrvatska-ce-dodatno-ucvrstiti-granicu-s-bih-razlog-ovoga-puta-nije-korona\\\/\"},\"wordCount\":788,\"publisher\":{\"@id\":\"https:\\\/\\\/radioljubuski.ba\\\/#organization\"},\"image\":{\"@id\":\"https:\\\/\\\/radioljubuski.ba\\\/index.php\\\/2021\\\/08\\\/21\\\/hrvatska-ce-dodatno-ucvrstiti-granicu-s-bih-razlog-ovoga-puta-nije-korona\\\/#primaryimage\"},\"thumbnailUrl\":\"https:\\\/\\\/radioljubuski.ba\\\/wp-content\\\/uploads\\\/2021\\\/08\\\/granica-1.jpg\",\"articleSection\":[\"BIH i regija\"],\"inLanguage\":\"hr\"},{\"@type\":\"WebPage\",\"@id\":\"https:\\\/\\\/radioljubuski.ba\\\/index.php\\\/2021\\\/08\\\/21\\\/hrvatska-ce-dodatno-ucvrstiti-granicu-s-bih-razlog-ovoga-puta-nije-korona\\\/\",\"url\":\"https:\\\/\\\/radioljubuski.ba\\\/index.php\\\/2021\\\/08\\\/21\\\/hrvatska-ce-dodatno-ucvrstiti-granicu-s-bih-razlog-ovoga-puta-nije-korona\\\/\",\"name\":\"Hrvatska \u0107e dodatno u\u010dvrstiti granicu s BiH, razlog ovoga puta nije korona - RADIO LJUBU\u0160KI\",\"isPartOf\":{\"@id\":\"https:\\\/\\\/radioljubuski.ba\\\/#website\"},\"primaryImageOfPage\":{\"@id\":\"https:\\\/\\\/radioljubuski.ba\\\/index.php\\\/2021\\\/08\\\/21\\\/hrvatska-ce-dodatno-ucvrstiti-granicu-s-bih-razlog-ovoga-puta-nije-korona\\\/#primaryimage\"},\"image\":{\"@id\":\"https:\\\/\\\/radioljubuski.ba\\\/index.php\\\/2021\\\/08\\\/21\\\/hrvatska-ce-dodatno-ucvrstiti-granicu-s-bih-razlog-ovoga-puta-nije-korona\\\/#primaryimage\"},\"thumbnailUrl\":\"https:\\\/\\\/radioljubuski.ba\\\/wp-content\\\/uploads\\\/2021\\\/08\\\/granica-1.jpg\",\"datePublished\":\"2021-08-21T07:46:44+00:00\",\"dateModified\":\"2021-08-21T07:46:45+00:00\",\"breadcrumb\":{\"@id\":\"https:\\\/\\\/radioljubuski.ba\\\/index.php\\\/2021\\\/08\\\/21\\\/hrvatska-ce-dodatno-ucvrstiti-granicu-s-bih-razlog-ovoga-puta-nije-korona\\\/#breadcrumb\"},\"inLanguage\":\"hr\",\"potentialAction\":[{\"@type\":\"ReadAction\",\"target\":[\"https:\\\/\\\/radioljubuski.ba\\\/index.php\\\/2021\\\/08\\\/21\\\/hrvatska-ce-dodatno-ucvrstiti-granicu-s-bih-razlog-ovoga-puta-nije-korona\\\/\"]}]},{\"@type\":\"ImageObject\",\"inLanguage\":\"hr\",\"@id\":\"https:\\\/\\\/radioljubuski.ba\\\/index.php\\\/2021\\\/08\\\/21\\\/hrvatska-ce-dodatno-ucvrstiti-granicu-s-bih-razlog-ovoga-puta-nije-korona\\\/#primaryimage\",\"url\":\"https:\\\/\\\/radioljubuski.ba\\\/wp-content\\\/uploads\\\/2021\\\/08\\\/granica-1.jpg\",\"contentUrl\":\"https:\\\/\\\/radioljubuski.ba\\\/wp-content\\\/uploads\\\/2021\\\/08\\\/granica-1.jpg\",\"width\":860,\"height\":518},{\"@type\":\"BreadcrumbList\",\"@id\":\"https:\\\/\\\/radioljubuski.ba\\\/index.php\\\/2021\\\/08\\\/21\\\/hrvatska-ce-dodatno-ucvrstiti-granicu-s-bih-razlog-ovoga-puta-nije-korona\\\/#breadcrumb\",\"itemListElement\":[{\"@type\":\"ListItem\",\"position\":1,\"name\":\"Po\u010detna stranica\",\"item\":\"https:\\\/\\\/radioljubuski.ba\\\/\"},{\"@type\":\"ListItem\",\"position\":2,\"name\":\"Hrvatska \u0107e dodatno u\u010dvrstiti granicu s BiH, razlog ovoga puta nije korona\"}]},{\"@type\":\"WebSite\",\"@id\":\"https:\\\/\\\/radioljubuski.ba\\\/#website\",\"url\":\"https:\\\/\\\/radioljubuski.ba\\\/\",\"name\":\"Radio Ljubu\u0161ki\",\"description\":\"Sun\u010dana frekvencija Hercegovine\",\"publisher\":{\"@id\":\"https:\\\/\\\/radioljubuski.ba\\\/#organization\"},\"potentialAction\":[{\"@type\":\"SearchAction\",\"target\":{\"@type\":\"EntryPoint\",\"urlTemplate\":\"https:\\\/\\\/radioljubuski.ba\\\/?s={search_term_string}\"},\"query-input\":{\"@type\":\"PropertyValueSpecification\",\"valueRequired\":true,\"valueName\":\"search_term_string\"}}],\"inLanguage\":\"hr\"},{\"@type\":\"Organization\",\"@id\":\"https:\\\/\\\/radioljubuski.ba\\\/#organization\",\"name\":\"Radio Ljubu\u0161ki\",\"url\":\"https:\\\/\\\/radioljubuski.ba\\\/\",\"logo\":{\"@type\":\"ImageObject\",\"inLanguage\":\"hr\",\"@id\":\"https:\\\/\\\/radioljubuski.ba\\\/#\\\/schema\\\/logo\\\/image\\\/\",\"url\":\"https:\\\/\\\/radioljubuski.ba\\\/wp-content\\\/uploads\\\/2021\\\/02\\\/cropped-Radio_Ljubuski_logo1.jpg\",\"contentUrl\":\"https:\\\/\\\/radioljubuski.ba\\\/wp-content\\\/uploads\\\/2021\\\/02\\\/cropped-Radio_Ljubuski_logo1.jpg\",\"width\":512,\"height\":512,\"caption\":\"Radio Ljubu\u0161ki\"},\"image\":{\"@id\":\"https:\\\/\\\/radioljubuski.ba\\\/#\\\/schema\\\/logo\\\/image\\\/\"},\"sameAs\":[\"https:\\\/\\\/www.facebook.com\\\/Radiio-Ljubuski-1490835324566332\",\"https:\\\/\\\/x.com\\\/radioljubuski\",\"https:\\\/\\\/hr.linkedin.com\\\/company\\\/radio-ljubuski\",\"https:\\\/\\\/www.youtube.com\\\/channel\\\/UCHYaeO_n0Db3tjNGudGpXyw\"]},{\"@type\":\"Person\",\"@id\":\"https:\\\/\\\/radioljubuski.ba\\\/#\\\/schema\\\/person\\\/19fc700381a780f69665d7956c469e3b\",\"name\":\"Radio Ljubu\u0161ki\"}]}<\/script>\n<!-- \/ Yoast SEO plugin. -->","yoast_head_json":{"title":"Hrvatska \u0107e dodatno u\u010dvrstiti granicu s BiH, razlog ovoga puta nije korona - RADIO LJUBU\u0160KI","robots":{"index":"index","follow":"follow","max-snippet":"max-snippet:-1","max-image-preview":"max-image-preview:large","max-video-preview":"max-video-preview:-1"},"canonical":"https:\/\/radioljubuski.ba\/index.php\/2021\/08\/21\/hrvatska-ce-dodatno-ucvrstiti-granicu-s-bih-razlog-ovoga-puta-nije-korona\/","og_locale":"hr_HR","og_type":"article","og_title":"Hrvatska \u0107e dodatno u\u010dvrstiti granicu s BiH, razlog ovoga puta nije korona - RADIO LJUBU\u0160KI","og_description":"Kako pove\u0107ati broj cijepljenih, kako i da li pomagati uop\u0107e i dalje poduzetnicima pogo\u0111enima virusom, ali i na koji se na\u010din nositi s novim migrantskim valom iz Afganistana koji je, \u010dini se, pred vratima, teme su koje \u0107e sasvim sigurno obilje\u017eiti politi\u010dku jesen pred nama. Jasno je to i nakon ju\u010dera\u0161nje sjednice Vlade RH, prve [&hellip;]","og_url":"https:\/\/radioljubuski.ba\/index.php\/2021\/08\/21\/hrvatska-ce-dodatno-ucvrstiti-granicu-s-bih-razlog-ovoga-puta-nije-korona\/","og_site_name":"RADIO LJUBU\u0160KI","article_publisher":"https:\/\/www.facebook.com\/Radiio-Ljubuski-1490835324566332","article_published_time":"2021-08-21T07:46:44+00:00","article_modified_time":"2021-08-21T07:46:45+00:00","og_image":[{"width":860,"height":518,"url":"https:\/\/radioljubuski.ba\/wp-content\/uploads\/2021\/08\/granica-1.jpg","type":"image\/jpeg"}],"author":"Radio Ljubu\u0161ki","twitter_card":"summary_large_image","twitter_creator":"@radioljubuski","twitter_site":"@radioljubuski","twitter_misc":{"Napisao\/la":"Radio Ljubu\u0161ki","Procijenjeno vrijeme \u010ditanja":"4 minute"},"schema":{"@context":"https:\/\/schema.org","@graph":[{"@type":"Article","@id":"https:\/\/radioljubuski.ba\/index.php\/2021\/08\/21\/hrvatska-ce-dodatno-ucvrstiti-granicu-s-bih-razlog-ovoga-puta-nije-korona\/#article","isPartOf":{"@id":"https:\/\/radioljubuski.ba\/index.php\/2021\/08\/21\/hrvatska-ce-dodatno-ucvrstiti-granicu-s-bih-razlog-ovoga-puta-nije-korona\/"},"author":{"name":"Radio Ljubu\u0161ki","@id":"https:\/\/radioljubuski.ba\/#\/schema\/person\/19fc700381a780f69665d7956c469e3b"},"headline":"Hrvatska \u0107e dodatno u\u010dvrstiti granicu s BiH, razlog ovoga puta nije korona","datePublished":"2021-08-21T07:46:44+00:00","dateModified":"2021-08-21T07:46:45+00:00","mainEntityOfPage":{"@id":"https:\/\/radioljubuski.ba\/index.php\/2021\/08\/21\/hrvatska-ce-dodatno-ucvrstiti-granicu-s-bih-razlog-ovoga-puta-nije-korona\/"},"wordCount":788,"publisher":{"@id":"https:\/\/radioljubuski.ba\/#organization"},"image":{"@id":"https:\/\/radioljubuski.ba\/index.php\/2021\/08\/21\/hrvatska-ce-dodatno-ucvrstiti-granicu-s-bih-razlog-ovoga-puta-nije-korona\/#primaryimage"},"thumbnailUrl":"https:\/\/radioljubuski.ba\/wp-content\/uploads\/2021\/08\/granica-1.jpg","articleSection":["BIH i regija"],"inLanguage":"hr"},{"@type":"WebPage","@id":"https:\/\/radioljubuski.ba\/index.php\/2021\/08\/21\/hrvatska-ce-dodatno-ucvrstiti-granicu-s-bih-razlog-ovoga-puta-nije-korona\/","url":"https:\/\/radioljubuski.ba\/index.php\/2021\/08\/21\/hrvatska-ce-dodatno-ucvrstiti-granicu-s-bih-razlog-ovoga-puta-nije-korona\/","name":"Hrvatska \u0107e dodatno u\u010dvrstiti granicu s BiH, razlog ovoga puta nije korona - RADIO LJUBU\u0160KI","isPartOf":{"@id":"https:\/\/radioljubuski.ba\/#website"},"primaryImageOfPage":{"@id":"https:\/\/radioljubuski.ba\/index.php\/2021\/08\/21\/hrvatska-ce-dodatno-ucvrstiti-granicu-s-bih-razlog-ovoga-puta-nije-korona\/#primaryimage"},"image":{"@id":"https:\/\/radioljubuski.ba\/index.php\/2021\/08\/21\/hrvatska-ce-dodatno-ucvrstiti-granicu-s-bih-razlog-ovoga-puta-nije-korona\/#primaryimage"},"thumbnailUrl":"https:\/\/radioljubuski.ba\/wp-content\/uploads\/2021\/08\/granica-1.jpg","datePublished":"2021-08-21T07:46:44+00:00","dateModified":"2021-08-21T07:46:45+00:00","breadcrumb":{"@id":"https:\/\/radioljubuski.ba\/index.php\/2021\/08\/21\/hrvatska-ce-dodatno-ucvrstiti-granicu-s-bih-razlog-ovoga-puta-nije-korona\/#breadcrumb"},"inLanguage":"hr","potentialAction":[{"@type":"ReadAction","target":["https:\/\/radioljubuski.ba\/index.php\/2021\/08\/21\/hrvatska-ce-dodatno-ucvrstiti-granicu-s-bih-razlog-ovoga-puta-nije-korona\/"]}]},{"@type":"ImageObject","inLanguage":"hr","@id":"https:\/\/radioljubuski.ba\/index.php\/2021\/08\/21\/hrvatska-ce-dodatno-ucvrstiti-granicu-s-bih-razlog-ovoga-puta-nije-korona\/#primaryimage","url":"https:\/\/radioljubuski.ba\/wp-content\/uploads\/2021\/08\/granica-1.jpg","contentUrl":"https:\/\/radioljubuski.ba\/wp-content\/uploads\/2021\/08\/granica-1.jpg","width":860,"height":518},{"@type":"BreadcrumbList","@id":"https:\/\/radioljubuski.ba\/index.php\/2021\/08\/21\/hrvatska-ce-dodatno-ucvrstiti-granicu-s-bih-razlog-ovoga-puta-nije-korona\/#breadcrumb","itemListElement":[{"@type":"ListItem","position":1,"name":"Po\u010detna stranica","item":"https:\/\/radioljubuski.ba\/"},{"@type":"ListItem","position":2,"name":"Hrvatska \u0107e dodatno u\u010dvrstiti granicu s BiH, razlog ovoga puta nije korona"}]},{"@type":"WebSite","@id":"https:\/\/radioljubuski.ba\/#website","url":"https:\/\/radioljubuski.ba\/","name":"Radio Ljubu\u0161ki","description":"Sun\u010dana frekvencija Hercegovine","publisher":{"@id":"https:\/\/radioljubuski.ba\/#organization"},"potentialAction":[{"@type":"SearchAction","target":{"@type":"EntryPoint","urlTemplate":"https:\/\/radioljubuski.ba\/?s={search_term_string}"},"query-input":{"@type":"PropertyValueSpecification","valueRequired":true,"valueName":"search_term_string"}}],"inLanguage":"hr"},{"@type":"Organization","@id":"https:\/\/radioljubuski.ba\/#organization","name":"Radio Ljubu\u0161ki","url":"https:\/\/radioljubuski.ba\/","logo":{"@type":"ImageObject","inLanguage":"hr","@id":"https:\/\/radioljubuski.ba\/#\/schema\/logo\/image\/","url":"https:\/\/radioljubuski.ba\/wp-content\/uploads\/2021\/02\/cropped-Radio_Ljubuski_logo1.jpg","contentUrl":"https:\/\/radioljubuski.ba\/wp-content\/uploads\/2021\/02\/cropped-Radio_Ljubuski_logo1.jpg","width":512,"height":512,"caption":"Radio Ljubu\u0161ki"},"image":{"@id":"https:\/\/radioljubuski.ba\/#\/schema\/logo\/image\/"},"sameAs":["https:\/\/www.facebook.com\/Radiio-Ljubuski-1490835324566332","https:\/\/x.com\/radioljubuski","https:\/\/hr.linkedin.com\/company\/radio-ljubuski","https:\/\/www.youtube.com\/channel\/UCHYaeO_n0Db3tjNGudGpXyw"]},{"@type":"Person","@id":"https:\/\/radioljubuski.ba\/#\/schema\/person\/19fc700381a780f69665d7956c469e3b","name":"Radio Ljubu\u0161ki"}]}},"_links":{"self":[{"href":"https:\/\/radioljubuski.ba\/index.php\/wp-json\/wp\/v2\/posts\/55652","targetHints":{"allow":["GET"]}}],"collection":[{"href":"https:\/\/radioljubuski.ba\/index.php\/wp-json\/wp\/v2\/posts"}],"about":[{"href":"https:\/\/radioljubuski.ba\/index.php\/wp-json\/wp\/v2\/types\/post"}],"author":[{"embeddable":true,"href":"https:\/\/radioljubuski.ba\/index.php\/wp-json\/wp\/v2\/users\/2"}],"replies":[{"embeddable":true,"href":"https:\/\/radioljubuski.ba\/index.php\/wp-json\/wp\/v2\/comments?post=55652"}],"version-history":[{"count":1,"href":"https:\/\/radioljubuski.ba\/index.php\/wp-json\/wp\/v2\/posts\/55652\/revisions"}],"predecessor-version":[{"id":55654,"href":"https:\/\/radioljubuski.ba\/index.php\/wp-json\/wp\/v2\/posts\/55652\/revisions\/55654"}],"wp:featuredmedia":[{"embeddable":true,"href":"https:\/\/radioljubuski.ba\/index.php\/wp-json\/wp\/v2\/media\/55653"}],"wp:attachment":[{"href":"https:\/\/radioljubuski.ba\/index.php\/wp-json\/wp\/v2\/media?parent=55652"}],"wp:term":[{"taxonomy":"category","embeddable":true,"href":"https:\/\/radioljubuski.ba\/index.php\/wp-json\/wp\/v2\/categories?post=55652"},{"taxonomy":"post_tag","embeddable":true,"href":"https:\/\/radioljubuski.ba\/index.php\/wp-json\/wp\/v2\/tags?post=55652"}],"curies":[{"name":"wp","href":"https:\/\/api.w.org\/{rel}","templated":true}]}}