{"id":55655,"date":"2021-08-21T08:47:47","date_gmt":"2021-08-21T07:47:47","guid":{"rendered":"https:\/\/radioljubuski.ba\/?p=55655"},"modified":"2021-08-21T08:47:49","modified_gmt":"2021-08-21T07:47:49","slug":"karamatic-razmontirao-pilsela-i-ivu-komsica-politicki-nerelevantni-sitni-placenici","status":"publish","type":"post","link":"https:\/\/radioljubuski.ba\/index.php\/2021\/08\/21\/karamatic-razmontirao-pilsela-i-ivu-komsica-politicki-nerelevantni-sitni-placenici\/","title":{"rendered":"Karamati\u0107 razmontirao Pilsela i Ivu Kom\u0161i\u0107a: Politi\u010dki nerelevantni sitni pla\u0107enici"},"content":{"rendered":"\n<p><strong>Ivo Kom\u0161i\u0107, nametnuti \u010dlan Predsjedni\u0161tva RBiH i biv\u0161i sarajevski gradona\u010delnik, objavio je novu knjigu pod nazivom \u201eTu\u0111manov ha\u0161ki profil, udru\u017eeni zlo\u010dina\u010dki poduhvat na BiH\u201c.<\/strong><\/p>\n\n\n\n<p>U razgovoru za \u201cAvaz\u201d Kom\u0161i\u0107 isti\u010de da je knjiga nastala na osnovu arhive Ha\u0161kog tribunala.<\/p>\n\n\n\n<p>\u2013 Ovo je vrlo va\u017ena knjiga \u010diji naslov govori o \u010demu se radi. Ona je nastala na arhivi Ha\u0161kog suda koju ima Informativni centar Me\u0111unarodnog kaznenog suda za biv\u0161u Jugoslaviju ovdje u Sarajevu. Knjiga je, dakle, ra\u0111ena na arhivskoj gra\u0111i, koja je autenti\u010dna, veoma va\u017ena i ne odstupa od onoga \u0161to je Ha\u0161ki sud utvrdio.<\/p>\n\n\n\n<p>Ja sam iz te arhive izvukao sve ono \u0161to mi je bilo va\u017eno za moju osnovnu tezu \u2013 da je na \u010delu udru\u017eenog zlo\u010dina\u010dkog poduhvata bio Franjo Tu\u0111man zajedno sa svojim ministrom Gojkom \u0160u\u0161kom i zapovjednikom hrvatske vojske Jankom Bobetkom. To je utvrdio Ha\u0161ki sud, ja sam to samo objelodanio i pokazao o \u010demu se radi \u2013 rekao je Kom\u0161i\u0107.<\/p>\n\n\n\n<p>U svom tekstu od neki dan, Kom\u0161i\u0107a je spominjao i Drago Pilsel. Podsjetimo, Pilsel je, nakon \u0161to se saznalo da je honorarac \u017deljka Kom\u0161i\u0107a, svoje honorarenje kod Kom\u0161i\u0107a negirao potvrdiv\u0161i da je ono istinito.<\/p>\n\n\n\n<p>U istom tekstu je, osim neutemeljenih napada na hrvatske novinare i medije u BiH, iznio i par nebuloza o va\u017enosti spomenute knjige Ive Kom\u0161i\u0107a.<\/p>\n\n\n\n<p>O Kom\u0161i\u0107evoj knjizi i Pilselovim negiranjima logike za portal&nbsp;<a href=\"https:\/\/www.bild.ba\/lopovi-i-politika\/karamatic-razmontirao-pilsela-i-ivu-komsica-politicki-nerelevantni-sitni-placenici\/\">Bild.ba<\/a>&nbsp;govorio je&nbsp; predsjednik HSS-a u BiH Marija Karamati\u0107a.<\/p>\n\n\n\n<p>Karamati\u0107 nije \u0161tedio ni Pilsela ni Kom\u0161i\u0107a.<\/p>\n\n\n\n<p>\u201cUkratko, i Kom\u0161i\u0107a Ivu i Pilsela smatram politi\u010dki totalno irelevantnim osobama kao i ovaj \u2018uradak\u2019. To su sitni pla\u0107enici \u010dija \u0107e knji\u017eevna promocija biti kao ne\u0161to bitna od Ba\u0161\u010dar\u0161ije do Ilid\u017ee i \u010diji utjecaj u tim granicama i zavr\u0161ava. Nadam se da su barem dobru cijenu postigli kod svojih mentora i da im se honorar mjeri barem u tisu\u0107ama jer za ovakvo pljuvanje po svome narodu to zaslu\u017euju\u201d, rekao je Karamati\u0107 u izjavi za portal Bild.ba.<\/p>\n\n\n\n<p>\/HMS\/<\/p>\n","protected":false},"excerpt":{"rendered":"<p>Ivo Kom\u0161i\u0107, nametnuti \u010dlan Predsjedni\u0161tva RBiH i biv\u0161i sarajevski gradona\u010delnik, objavio je novu knjigu pod nazivom \u201eTu\u0111manov ha\u0161ki profil, udru\u017eeni zlo\u010dina\u010dki poduhvat na BiH\u201c. U razgovoru za \u201cAvaz\u201d Kom\u0161i\u0107 isti\u010de da je knjiga nastala na osnovu arhive Ha\u0161kog tribunala. \u2013 Ovo je vrlo va\u017ena knjiga \u010diji naslov govori o \u010demu se radi. Ona je nastala [&hellip;]<\/p>\n","protected":false},"author":2,"featured_media":55656,"comment_status":"closed","ping_status":"closed","sticky":false,"template":"","format":"standard","meta":{"h5ap_radio_sources":[],"footnotes":""},"categories":[1],"tags":[],"class_list":["post-55655","post","type-post","status-publish","format-standard","has-post-thumbnail","hentry","category-bihiregija"],"yoast_head":"<!-- This site is optimized with the Yoast SEO plugin v27.5 - https:\/\/yoast.com\/product\/yoast-seo-wordpress\/ -->\n<title>Karamati\u0107 razmontirao Pilsela i Ivu Kom\u0161i\u0107a: Politi\u010dki nerelevantni sitni pla\u0107enici - RADIO LJUBU\u0160KI<\/title>\n<meta name=\"robots\" content=\"index, follow, max-snippet:-1, max-image-preview:large, max-video-preview:-1\" \/>\n<link rel=\"canonical\" href=\"https:\/\/radioljubuski.ba\/index.php\/2021\/08\/21\/karamatic-razmontirao-pilsela-i-ivu-komsica-politicki-nerelevantni-sitni-placenici\/\" \/>\n<meta property=\"og:locale\" content=\"hr_HR\" \/>\n<meta property=\"og:type\" content=\"article\" \/>\n<meta property=\"og:title\" content=\"Karamati\u0107 razmontirao Pilsela i Ivu Kom\u0161i\u0107a: Politi\u010dki nerelevantni sitni pla\u0107enici - RADIO LJUBU\u0160KI\" \/>\n<meta property=\"og:description\" content=\"Ivo Kom\u0161i\u0107, nametnuti \u010dlan Predsjedni\u0161tva RBiH i biv\u0161i sarajevski gradona\u010delnik, objavio je novu knjigu pod nazivom \u201eTu\u0111manov ha\u0161ki profil, udru\u017eeni zlo\u010dina\u010dki poduhvat na BiH\u201c. U razgovoru za \u201cAvaz\u201d Kom\u0161i\u0107 isti\u010de da je knjiga nastala na osnovu arhive Ha\u0161kog tribunala. \u2013 Ovo je vrlo va\u017ena knjiga \u010diji naslov govori o \u010demu se radi. Ona je nastala [&hellip;]\" \/>\n<meta property=\"og:url\" content=\"https:\/\/radioljubuski.ba\/index.php\/2021\/08\/21\/karamatic-razmontirao-pilsela-i-ivu-komsica-politicki-nerelevantni-sitni-placenici\/\" \/>\n<meta property=\"og:site_name\" content=\"RADIO LJUBU\u0160KI\" \/>\n<meta property=\"article:publisher\" content=\"https:\/\/www.facebook.com\/Radiio-Ljubuski-1490835324566332\" \/>\n<meta property=\"article:published_time\" content=\"2021-08-21T07:47:47+00:00\" \/>\n<meta property=\"article:modified_time\" content=\"2021-08-21T07:47:49+00:00\" \/>\n<meta property=\"og:image\" content=\"https:\/\/radioljubuski.ba\/wp-content\/uploads\/2021\/08\/karamatic.png\" \/>\n\t<meta property=\"og:image:width\" content=\"800\" \/>\n\t<meta property=\"og:image:height\" content=\"450\" \/>\n\t<meta property=\"og:image:type\" content=\"image\/png\" \/>\n<meta name=\"author\" content=\"Radio Ljubu\u0161ki\" \/>\n<meta name=\"twitter:card\" content=\"summary_large_image\" \/>\n<meta name=\"twitter:creator\" content=\"@radioljubuski\" \/>\n<meta name=\"twitter:site\" content=\"@radioljubuski\" \/>\n<meta name=\"twitter:label1\" content=\"Napisao\/la\" \/>\n\t<meta name=\"twitter:data1\" content=\"Radio Ljubu\u0161ki\" \/>\n\t<meta name=\"twitter:label2\" content=\"Procijenjeno vrijeme \u010ditanja\" \/>\n\t<meta name=\"twitter:data2\" content=\"2 minute\" \/>\n<script type=\"application\/ld+json\" class=\"yoast-schema-graph\">{\"@context\":\"https:\\\/\\\/schema.org\",\"@graph\":[{\"@type\":\"Article\",\"@id\":\"https:\\\/\\\/radioljubuski.ba\\\/index.php\\\/2021\\\/08\\\/21\\\/karamatic-razmontirao-pilsela-i-ivu-komsica-politicki-nerelevantni-sitni-placenici\\\/#article\",\"isPartOf\":{\"@id\":\"https:\\\/\\\/radioljubuski.ba\\\/index.php\\\/2021\\\/08\\\/21\\\/karamatic-razmontirao-pilsela-i-ivu-komsica-politicki-nerelevantni-sitni-placenici\\\/\"},\"author\":{\"name\":\"Radio Ljubu\u0161ki\",\"@id\":\"https:\\\/\\\/radioljubuski.ba\\\/#\\\/schema\\\/person\\\/19fc700381a780f69665d7956c469e3b\"},\"headline\":\"Karamati\u0107 razmontirao Pilsela i Ivu Kom\u0161i\u0107a: Politi\u010dki nerelevantni sitni pla\u0107enici\",\"datePublished\":\"2021-08-21T07:47:47+00:00\",\"dateModified\":\"2021-08-21T07:47:49+00:00\",\"mainEntityOfPage\":{\"@id\":\"https:\\\/\\\/radioljubuski.ba\\\/index.php\\\/2021\\\/08\\\/21\\\/karamatic-razmontirao-pilsela-i-ivu-komsica-politicki-nerelevantni-sitni-placenici\\\/\"},\"wordCount\":386,\"publisher\":{\"@id\":\"https:\\\/\\\/radioljubuski.ba\\\/#organization\"},\"image\":{\"@id\":\"https:\\\/\\\/radioljubuski.ba\\\/index.php\\\/2021\\\/08\\\/21\\\/karamatic-razmontirao-pilsela-i-ivu-komsica-politicki-nerelevantni-sitni-placenici\\\/#primaryimage\"},\"thumbnailUrl\":\"https:\\\/\\\/radioljubuski.ba\\\/wp-content\\\/uploads\\\/2021\\\/08\\\/karamatic.png\",\"articleSection\":[\"BIH i regija\"],\"inLanguage\":\"hr\"},{\"@type\":\"WebPage\",\"@id\":\"https:\\\/\\\/radioljubuski.ba\\\/index.php\\\/2021\\\/08\\\/21\\\/karamatic-razmontirao-pilsela-i-ivu-komsica-politicki-nerelevantni-sitni-placenici\\\/\",\"url\":\"https:\\\/\\\/radioljubuski.ba\\\/index.php\\\/2021\\\/08\\\/21\\\/karamatic-razmontirao-pilsela-i-ivu-komsica-politicki-nerelevantni-sitni-placenici\\\/\",\"name\":\"Karamati\u0107 razmontirao Pilsela i Ivu Kom\u0161i\u0107a: Politi\u010dki nerelevantni sitni pla\u0107enici - RADIO LJUBU\u0160KI\",\"isPartOf\":{\"@id\":\"https:\\\/\\\/radioljubuski.ba\\\/#website\"},\"primaryImageOfPage\":{\"@id\":\"https:\\\/\\\/radioljubuski.ba\\\/index.php\\\/2021\\\/08\\\/21\\\/karamatic-razmontirao-pilsela-i-ivu-komsica-politicki-nerelevantni-sitni-placenici\\\/#primaryimage\"},\"image\":{\"@id\":\"https:\\\/\\\/radioljubuski.ba\\\/index.php\\\/2021\\\/08\\\/21\\\/karamatic-razmontirao-pilsela-i-ivu-komsica-politicki-nerelevantni-sitni-placenici\\\/#primaryimage\"},\"thumbnailUrl\":\"https:\\\/\\\/radioljubuski.ba\\\/wp-content\\\/uploads\\\/2021\\\/08\\\/karamatic.png\",\"datePublished\":\"2021-08-21T07:47:47+00:00\",\"dateModified\":\"2021-08-21T07:47:49+00:00\",\"breadcrumb\":{\"@id\":\"https:\\\/\\\/radioljubuski.ba\\\/index.php\\\/2021\\\/08\\\/21\\\/karamatic-razmontirao-pilsela-i-ivu-komsica-politicki-nerelevantni-sitni-placenici\\\/#breadcrumb\"},\"inLanguage\":\"hr\",\"potentialAction\":[{\"@type\":\"ReadAction\",\"target\":[\"https:\\\/\\\/radioljubuski.ba\\\/index.php\\\/2021\\\/08\\\/21\\\/karamatic-razmontirao-pilsela-i-ivu-komsica-politicki-nerelevantni-sitni-placenici\\\/\"]}]},{\"@type\":\"ImageObject\",\"inLanguage\":\"hr\",\"@id\":\"https:\\\/\\\/radioljubuski.ba\\\/index.php\\\/2021\\\/08\\\/21\\\/karamatic-razmontirao-pilsela-i-ivu-komsica-politicki-nerelevantni-sitni-placenici\\\/#primaryimage\",\"url\":\"https:\\\/\\\/radioljubuski.ba\\\/wp-content\\\/uploads\\\/2021\\\/08\\\/karamatic.png\",\"contentUrl\":\"https:\\\/\\\/radioljubuski.ba\\\/wp-content\\\/uploads\\\/2021\\\/08\\\/karamatic.png\",\"width\":800,\"height\":450},{\"@type\":\"BreadcrumbList\",\"@id\":\"https:\\\/\\\/radioljubuski.ba\\\/index.php\\\/2021\\\/08\\\/21\\\/karamatic-razmontirao-pilsela-i-ivu-komsica-politicki-nerelevantni-sitni-placenici\\\/#breadcrumb\",\"itemListElement\":[{\"@type\":\"ListItem\",\"position\":1,\"name\":\"Po\u010detna stranica\",\"item\":\"https:\\\/\\\/radioljubuski.ba\\\/\"},{\"@type\":\"ListItem\",\"position\":2,\"name\":\"Karamati\u0107 razmontirao Pilsela i Ivu Kom\u0161i\u0107a: Politi\u010dki nerelevantni sitni pla\u0107enici\"}]},{\"@type\":\"WebSite\",\"@id\":\"https:\\\/\\\/radioljubuski.ba\\\/#website\",\"url\":\"https:\\\/\\\/radioljubuski.ba\\\/\",\"name\":\"Radio Ljubu\u0161ki\",\"description\":\"Sun\u010dana frekvencija Hercegovine\",\"publisher\":{\"@id\":\"https:\\\/\\\/radioljubuski.ba\\\/#organization\"},\"potentialAction\":[{\"@type\":\"SearchAction\",\"target\":{\"@type\":\"EntryPoint\",\"urlTemplate\":\"https:\\\/\\\/radioljubuski.ba\\\/?s={search_term_string}\"},\"query-input\":{\"@type\":\"PropertyValueSpecification\",\"valueRequired\":true,\"valueName\":\"search_term_string\"}}],\"inLanguage\":\"hr\"},{\"@type\":\"Organization\",\"@id\":\"https:\\\/\\\/radioljubuski.ba\\\/#organization\",\"name\":\"Radio Ljubu\u0161ki\",\"url\":\"https:\\\/\\\/radioljubuski.ba\\\/\",\"logo\":{\"@type\":\"ImageObject\",\"inLanguage\":\"hr\",\"@id\":\"https:\\\/\\\/radioljubuski.ba\\\/#\\\/schema\\\/logo\\\/image\\\/\",\"url\":\"https:\\\/\\\/radioljubuski.ba\\\/wp-content\\\/uploads\\\/2021\\\/02\\\/cropped-Radio_Ljubuski_logo1.jpg\",\"contentUrl\":\"https:\\\/\\\/radioljubuski.ba\\\/wp-content\\\/uploads\\\/2021\\\/02\\\/cropped-Radio_Ljubuski_logo1.jpg\",\"width\":512,\"height\":512,\"caption\":\"Radio Ljubu\u0161ki\"},\"image\":{\"@id\":\"https:\\\/\\\/radioljubuski.ba\\\/#\\\/schema\\\/logo\\\/image\\\/\"},\"sameAs\":[\"https:\\\/\\\/www.facebook.com\\\/Radiio-Ljubuski-1490835324566332\",\"https:\\\/\\\/x.com\\\/radioljubuski\",\"https:\\\/\\\/hr.linkedin.com\\\/company\\\/radio-ljubuski\",\"https:\\\/\\\/www.youtube.com\\\/channel\\\/UCHYaeO_n0Db3tjNGudGpXyw\"]},{\"@type\":\"Person\",\"@id\":\"https:\\\/\\\/radioljubuski.ba\\\/#\\\/schema\\\/person\\\/19fc700381a780f69665d7956c469e3b\",\"name\":\"Radio Ljubu\u0161ki\"}]}<\/script>\n<!-- \/ Yoast SEO plugin. -->","yoast_head_json":{"title":"Karamati\u0107 razmontirao Pilsela i Ivu Kom\u0161i\u0107a: Politi\u010dki nerelevantni sitni pla\u0107enici - RADIO LJUBU\u0160KI","robots":{"index":"index","follow":"follow","max-snippet":"max-snippet:-1","max-image-preview":"max-image-preview:large","max-video-preview":"max-video-preview:-1"},"canonical":"https:\/\/radioljubuski.ba\/index.php\/2021\/08\/21\/karamatic-razmontirao-pilsela-i-ivu-komsica-politicki-nerelevantni-sitni-placenici\/","og_locale":"hr_HR","og_type":"article","og_title":"Karamati\u0107 razmontirao Pilsela i Ivu Kom\u0161i\u0107a: Politi\u010dki nerelevantni sitni pla\u0107enici - RADIO LJUBU\u0160KI","og_description":"Ivo Kom\u0161i\u0107, nametnuti \u010dlan Predsjedni\u0161tva RBiH i biv\u0161i sarajevski gradona\u010delnik, objavio je novu knjigu pod nazivom \u201eTu\u0111manov ha\u0161ki profil, udru\u017eeni zlo\u010dina\u010dki poduhvat na BiH\u201c. U razgovoru za \u201cAvaz\u201d Kom\u0161i\u0107 isti\u010de da je knjiga nastala na osnovu arhive Ha\u0161kog tribunala. \u2013 Ovo je vrlo va\u017ena knjiga \u010diji naslov govori o \u010demu se radi. Ona je nastala [&hellip;]","og_url":"https:\/\/radioljubuski.ba\/index.php\/2021\/08\/21\/karamatic-razmontirao-pilsela-i-ivu-komsica-politicki-nerelevantni-sitni-placenici\/","og_site_name":"RADIO LJUBU\u0160KI","article_publisher":"https:\/\/www.facebook.com\/Radiio-Ljubuski-1490835324566332","article_published_time":"2021-08-21T07:47:47+00:00","article_modified_time":"2021-08-21T07:47:49+00:00","og_image":[{"width":800,"height":450,"url":"https:\/\/radioljubuski.ba\/wp-content\/uploads\/2021\/08\/karamatic.png","type":"image\/png"}],"author":"Radio Ljubu\u0161ki","twitter_card":"summary_large_image","twitter_creator":"@radioljubuski","twitter_site":"@radioljubuski","twitter_misc":{"Napisao\/la":"Radio Ljubu\u0161ki","Procijenjeno vrijeme \u010ditanja":"2 minute"},"schema":{"@context":"https:\/\/schema.org","@graph":[{"@type":"Article","@id":"https:\/\/radioljubuski.ba\/index.php\/2021\/08\/21\/karamatic-razmontirao-pilsela-i-ivu-komsica-politicki-nerelevantni-sitni-placenici\/#article","isPartOf":{"@id":"https:\/\/radioljubuski.ba\/index.php\/2021\/08\/21\/karamatic-razmontirao-pilsela-i-ivu-komsica-politicki-nerelevantni-sitni-placenici\/"},"author":{"name":"Radio Ljubu\u0161ki","@id":"https:\/\/radioljubuski.ba\/#\/schema\/person\/19fc700381a780f69665d7956c469e3b"},"headline":"Karamati\u0107 razmontirao Pilsela i Ivu Kom\u0161i\u0107a: Politi\u010dki nerelevantni sitni pla\u0107enici","datePublished":"2021-08-21T07:47:47+00:00","dateModified":"2021-08-21T07:47:49+00:00","mainEntityOfPage":{"@id":"https:\/\/radioljubuski.ba\/index.php\/2021\/08\/21\/karamatic-razmontirao-pilsela-i-ivu-komsica-politicki-nerelevantni-sitni-placenici\/"},"wordCount":386,"publisher":{"@id":"https:\/\/radioljubuski.ba\/#organization"},"image":{"@id":"https:\/\/radioljubuski.ba\/index.php\/2021\/08\/21\/karamatic-razmontirao-pilsela-i-ivu-komsica-politicki-nerelevantni-sitni-placenici\/#primaryimage"},"thumbnailUrl":"https:\/\/radioljubuski.ba\/wp-content\/uploads\/2021\/08\/karamatic.png","articleSection":["BIH i regija"],"inLanguage":"hr"},{"@type":"WebPage","@id":"https:\/\/radioljubuski.ba\/index.php\/2021\/08\/21\/karamatic-razmontirao-pilsela-i-ivu-komsica-politicki-nerelevantni-sitni-placenici\/","url":"https:\/\/radioljubuski.ba\/index.php\/2021\/08\/21\/karamatic-razmontirao-pilsela-i-ivu-komsica-politicki-nerelevantni-sitni-placenici\/","name":"Karamati\u0107 razmontirao Pilsela i Ivu Kom\u0161i\u0107a: Politi\u010dki nerelevantni sitni pla\u0107enici - RADIO LJUBU\u0160KI","isPartOf":{"@id":"https:\/\/radioljubuski.ba\/#website"},"primaryImageOfPage":{"@id":"https:\/\/radioljubuski.ba\/index.php\/2021\/08\/21\/karamatic-razmontirao-pilsela-i-ivu-komsica-politicki-nerelevantni-sitni-placenici\/#primaryimage"},"image":{"@id":"https:\/\/radioljubuski.ba\/index.php\/2021\/08\/21\/karamatic-razmontirao-pilsela-i-ivu-komsica-politicki-nerelevantni-sitni-placenici\/#primaryimage"},"thumbnailUrl":"https:\/\/radioljubuski.ba\/wp-content\/uploads\/2021\/08\/karamatic.png","datePublished":"2021-08-21T07:47:47+00:00","dateModified":"2021-08-21T07:47:49+00:00","breadcrumb":{"@id":"https:\/\/radioljubuski.ba\/index.php\/2021\/08\/21\/karamatic-razmontirao-pilsela-i-ivu-komsica-politicki-nerelevantni-sitni-placenici\/#breadcrumb"},"inLanguage":"hr","potentialAction":[{"@type":"ReadAction","target":["https:\/\/radioljubuski.ba\/index.php\/2021\/08\/21\/karamatic-razmontirao-pilsela-i-ivu-komsica-politicki-nerelevantni-sitni-placenici\/"]}]},{"@type":"ImageObject","inLanguage":"hr","@id":"https:\/\/radioljubuski.ba\/index.php\/2021\/08\/21\/karamatic-razmontirao-pilsela-i-ivu-komsica-politicki-nerelevantni-sitni-placenici\/#primaryimage","url":"https:\/\/radioljubuski.ba\/wp-content\/uploads\/2021\/08\/karamatic.png","contentUrl":"https:\/\/radioljubuski.ba\/wp-content\/uploads\/2021\/08\/karamatic.png","width":800,"height":450},{"@type":"BreadcrumbList","@id":"https:\/\/radioljubuski.ba\/index.php\/2021\/08\/21\/karamatic-razmontirao-pilsela-i-ivu-komsica-politicki-nerelevantni-sitni-placenici\/#breadcrumb","itemListElement":[{"@type":"ListItem","position":1,"name":"Po\u010detna stranica","item":"https:\/\/radioljubuski.ba\/"},{"@type":"ListItem","position":2,"name":"Karamati\u0107 razmontirao Pilsela i Ivu Kom\u0161i\u0107a: Politi\u010dki nerelevantni sitni pla\u0107enici"}]},{"@type":"WebSite","@id":"https:\/\/radioljubuski.ba\/#website","url":"https:\/\/radioljubuski.ba\/","name":"Radio Ljubu\u0161ki","description":"Sun\u010dana frekvencija Hercegovine","publisher":{"@id":"https:\/\/radioljubuski.ba\/#organization"},"potentialAction":[{"@type":"SearchAction","target":{"@type":"EntryPoint","urlTemplate":"https:\/\/radioljubuski.ba\/?s={search_term_string}"},"query-input":{"@type":"PropertyValueSpecification","valueRequired":true,"valueName":"search_term_string"}}],"inLanguage":"hr"},{"@type":"Organization","@id":"https:\/\/radioljubuski.ba\/#organization","name":"Radio Ljubu\u0161ki","url":"https:\/\/radioljubuski.ba\/","logo":{"@type":"ImageObject","inLanguage":"hr","@id":"https:\/\/radioljubuski.ba\/#\/schema\/logo\/image\/","url":"https:\/\/radioljubuski.ba\/wp-content\/uploads\/2021\/02\/cropped-Radio_Ljubuski_logo1.jpg","contentUrl":"https:\/\/radioljubuski.ba\/wp-content\/uploads\/2021\/02\/cropped-Radio_Ljubuski_logo1.jpg","width":512,"height":512,"caption":"Radio Ljubu\u0161ki"},"image":{"@id":"https:\/\/radioljubuski.ba\/#\/schema\/logo\/image\/"},"sameAs":["https:\/\/www.facebook.com\/Radiio-Ljubuski-1490835324566332","https:\/\/x.com\/radioljubuski","https:\/\/hr.linkedin.com\/company\/radio-ljubuski","https:\/\/www.youtube.com\/channel\/UCHYaeO_n0Db3tjNGudGpXyw"]},{"@type":"Person","@id":"https:\/\/radioljubuski.ba\/#\/schema\/person\/19fc700381a780f69665d7956c469e3b","name":"Radio Ljubu\u0161ki"}]}},"_links":{"self":[{"href":"https:\/\/radioljubuski.ba\/index.php\/wp-json\/wp\/v2\/posts\/55655","targetHints":{"allow":["GET"]}}],"collection":[{"href":"https:\/\/radioljubuski.ba\/index.php\/wp-json\/wp\/v2\/posts"}],"about":[{"href":"https:\/\/radioljubuski.ba\/index.php\/wp-json\/wp\/v2\/types\/post"}],"author":[{"embeddable":true,"href":"https:\/\/radioljubuski.ba\/index.php\/wp-json\/wp\/v2\/users\/2"}],"replies":[{"embeddable":true,"href":"https:\/\/radioljubuski.ba\/index.php\/wp-json\/wp\/v2\/comments?post=55655"}],"version-history":[{"count":1,"href":"https:\/\/radioljubuski.ba\/index.php\/wp-json\/wp\/v2\/posts\/55655\/revisions"}],"predecessor-version":[{"id":55657,"href":"https:\/\/radioljubuski.ba\/index.php\/wp-json\/wp\/v2\/posts\/55655\/revisions\/55657"}],"wp:featuredmedia":[{"embeddable":true,"href":"https:\/\/radioljubuski.ba\/index.php\/wp-json\/wp\/v2\/media\/55656"}],"wp:attachment":[{"href":"https:\/\/radioljubuski.ba\/index.php\/wp-json\/wp\/v2\/media?parent=55655"}],"wp:term":[{"taxonomy":"category","embeddable":true,"href":"https:\/\/radioljubuski.ba\/index.php\/wp-json\/wp\/v2\/categories?post=55655"},{"taxonomy":"post_tag","embeddable":true,"href":"https:\/\/radioljubuski.ba\/index.php\/wp-json\/wp\/v2\/tags?post=55655"}],"curies":[{"name":"wp","href":"https:\/\/api.w.org\/{rel}","templated":true}]}}