{"id":55672,"date":"2021-08-21T08:57:25","date_gmt":"2021-08-21T07:57:25","guid":{"rendered":"https:\/\/radioljubuski.ba\/?p=55672"},"modified":"2021-08-21T08:57:36","modified_gmt":"2021-08-21T07:57:36","slug":"sad-trazi-izrucenje-srpskih-programera-optuzeni-su-za-prevaru-tesku-70-milijuna-dolara","status":"publish","type":"post","link":"https:\/\/radioljubuski.ba\/index.php\/2021\/08\/21\/sad-trazi-izrucenje-srpskih-programera-optuzeni-su-za-prevaru-tesku-70-milijuna-dolara\/","title":{"rendered":"SAD tra\u017ei izru\u010denje srpskih programera, optu\u017eeni su za prijevaru te\u0161ku 70 milijuna dolara"},"content":{"rendered":"\n<p><strong>Europski sud za ljudska prava dao je rok Srbiji do 4. rujna da se izjasni o slu\u010daju skupine 10 programera iz Ni\u0161a, koje SAD sumnji\u010di za digitalnu prevaru vrijednu vi\u0161e 70 milijuna dolara i tra\u017ei njihovo izru\u010denje, a potom \u0107e priop\u0107iti svoje stajali\u0161te o tom slu\u010daju, objavio je danas Radio Slobodna Europa (RFE).<\/strong><\/p>\n\n\n\n<p>Skup\u0161tina Srbije usvojila je u velja\u010di 2019. godine bilateralni ugovor sa Sjedinjenim Dr\u017eavama o izru\u010denju koji omogu\u0107uje ekstradiciju njezinih dr\u017eavljana koji se terete za kaznena djela za koja je predvi\u0111ena kazna zatvora dulja od godinu dana.<\/p>\n\n\n\n<p>Srbija je istodobno obvezna provoditi presude Europskog suda, koji od Srbije tra\u017ei da dostavi informacije vezane uz potencijalno izru\u010denje.<\/p>\n\n\n\n<p><strong>Odvjetnik: Sud u Strasbourgu treba odlu\u010diti tko \u0107e im suditi<\/strong><\/p>\n\n\n\n<p>Odvjetnik programera \u010dije izru\u010denje SAD tra\u017ei od Srbije Milan Petrovi\u0107 u izjavi za RFE objasnio je da je Europski sud zatra\u017eio od Srbije da mu do 4. rujna dostavi informacije u vezi s mogu\u0107im izru\u010denjem 10 programera iz Ni\u0161a Sjedinjenim Dr\u017eavama.<\/p>\n\n\n\n<p>Petrovi\u0107 tvrdi kako sud u Strasbourgu treba odlu\u010diti i savjetovati treba li osumnji\u010dene programere izru\u010diti ameri\u010dkom pravosu\u0111u ili im, pak, suditi u Srbiji.<\/p>\n\n\n\n<p>Odvjetnik programera navodi da je Europski sud tra\u017eio odgovore na pitanja vezana uz uvjete kojima bi njegovi klijenti bili izlo\u017eeni ako ih se izru\u010di u SAD, od smje\u0161taja do tretmana vezanog uz sanitarne uvjete u pandemiji.<\/p>\n\n\n\n<p><strong>Optu\u017euju ih da su radili la\u017ene investicijske platforme<\/strong><\/p>\n\n\n\n<p>Koncem srpnja 2020. godine uhi\u0107eno je 11 osoba osumnji\u010denih da su se od 2011. godine bavili digitalnim prevarama i sudjelovali u stvaranju, promid\u017ebi i organiziranju najmanje 16 la\u017enih investicijskih platformi na internetu te da su tako zaradili 70 milijuna dolara. Svi osumnji\u010deni imaju boravi\u0161te u Ni\u0161u.<\/p>\n\n\n\n<p>Slu\u010daj je dobio obrat nakon \u0161to se saznalo da njihovo izru\u010denje zahtijevaju Sjedinjene Dr\u017eave, a RSE podsje\u0107a da je na web stranici ameri\u010dkog ministarstva pravosu\u0111a navedeno da je ni\u0161ka skupina pomogla u stvaranju i prodaji vi\u0161e od 20 la\u017enih investicijskih platformi, uklju\u010duju\u0107i Options Rider, Bancde Options, Start Options, Dragon Mining, BTC Mining Factor i Triniti Mining.<\/p>\n\n\n\n<p>Odvjetnik Petrovi\u0107 i njegovi klijenti nadaju se da \u0107e Srbija, kao ravnopravni partner SAD-a, kad je rije\u010d o ugovoru o izru\u010denju, zatra\u017eiti da se slu\u010daj prepusti srbijanskom pravosu\u0111u jer \u201cSrbija ima sud za visokotehnolo\u0161ki kriminal koji savr\u0161eno dobro radi i mogu\u0107e je da se optu\u017eenima sudi po svim mjerilima po\u0161tuju\u0107i njihova ljudska prava\u201d, navodi RFE.<\/p>\n\n\n\n<p>\/ Hina\/HMS\/<\/p>\n","protected":false},"excerpt":{"rendered":"<p>Europski sud za ljudska prava dao je rok Srbiji do 4. rujna da se izjasni o slu\u010daju skupine 10 programera iz Ni\u0161a, koje SAD sumnji\u010di za digitalnu prevaru vrijednu vi\u0161e 70 milijuna dolara i tra\u017ei njihovo izru\u010denje, a potom \u0107e priop\u0107iti svoje stajali\u0161te o tom slu\u010daju, objavio je danas Radio Slobodna Europa (RFE). Skup\u0161tina Srbije [&hellip;]<\/p>\n","protected":false},"author":2,"featured_media":55673,"comment_status":"closed","ping_status":"closed","sticky":false,"template":"","format":"standard","meta":{"h5ap_radio_sources":[],"footnotes":""},"categories":[1],"tags":[],"class_list":["post-55672","post","type-post","status-publish","format-standard","has-post-thumbnail","hentry","category-bihiregija"],"yoast_head":"<!-- This site is optimized with the Yoast SEO plugin v27.5 - https:\/\/yoast.com\/product\/yoast-seo-wordpress\/ -->\n<title>SAD tra\u017ei izru\u010denje srpskih programera, optu\u017eeni su za prijevaru te\u0161ku 70 milijuna dolara - RADIO LJUBU\u0160KI<\/title>\n<meta name=\"robots\" content=\"index, follow, max-snippet:-1, max-image-preview:large, max-video-preview:-1\" \/>\n<link rel=\"canonical\" href=\"https:\/\/radioljubuski.ba\/index.php\/2021\/08\/21\/sad-trazi-izrucenje-srpskih-programera-optuzeni-su-za-prevaru-tesku-70-milijuna-dolara\/\" \/>\n<meta property=\"og:locale\" content=\"hr_HR\" \/>\n<meta property=\"og:type\" content=\"article\" \/>\n<meta property=\"og:title\" content=\"SAD tra\u017ei izru\u010denje srpskih programera, optu\u017eeni su za prijevaru te\u0161ku 70 milijuna dolara - RADIO LJUBU\u0160KI\" \/>\n<meta property=\"og:description\" content=\"Europski sud za ljudska prava dao je rok Srbiji do 4. rujna da se izjasni o slu\u010daju skupine 10 programera iz Ni\u0161a, koje SAD sumnji\u010di za digitalnu prevaru vrijednu vi\u0161e 70 milijuna dolara i tra\u017ei njihovo izru\u010denje, a potom \u0107e priop\u0107iti svoje stajali\u0161te o tom slu\u010daju, objavio je danas Radio Slobodna Europa (RFE). Skup\u0161tina Srbije [&hellip;]\" \/>\n<meta property=\"og:url\" content=\"https:\/\/radioljubuski.ba\/index.php\/2021\/08\/21\/sad-trazi-izrucenje-srpskih-programera-optuzeni-su-za-prevaru-tesku-70-milijuna-dolara\/\" \/>\n<meta property=\"og:site_name\" content=\"RADIO LJUBU\u0160KI\" \/>\n<meta property=\"article:publisher\" content=\"https:\/\/www.facebook.com\/Radiio-Ljubuski-1490835324566332\" \/>\n<meta property=\"article:published_time\" content=\"2021-08-21T07:57:25+00:00\" \/>\n<meta property=\"article:modified_time\" content=\"2021-08-21T07:57:36+00:00\" \/>\n<meta property=\"og:image\" content=\"https:\/\/radioljubuski.ba\/wp-content\/uploads\/2021\/08\/programer.jpg\" \/>\n\t<meta property=\"og:image:width\" content=\"840\" \/>\n\t<meta property=\"og:image:height\" content=\"470\" \/>\n\t<meta property=\"og:image:type\" content=\"image\/jpeg\" \/>\n<meta name=\"author\" content=\"Radio Ljubu\u0161ki\" \/>\n<meta name=\"twitter:card\" content=\"summary_large_image\" \/>\n<meta name=\"twitter:creator\" content=\"@radioljubuski\" \/>\n<meta name=\"twitter:site\" content=\"@radioljubuski\" \/>\n<meta name=\"twitter:label1\" content=\"Napisao\/la\" \/>\n\t<meta name=\"twitter:data1\" content=\"Radio Ljubu\u0161ki\" \/>\n\t<meta name=\"twitter:label2\" content=\"Procijenjeno vrijeme \u010ditanja\" \/>\n\t<meta name=\"twitter:data2\" content=\"2 minute\" \/>\n<script type=\"application\/ld+json\" class=\"yoast-schema-graph\">{\"@context\":\"https:\\\/\\\/schema.org\",\"@graph\":[{\"@type\":\"Article\",\"@id\":\"https:\\\/\\\/radioljubuski.ba\\\/index.php\\\/2021\\\/08\\\/21\\\/sad-trazi-izrucenje-srpskih-programera-optuzeni-su-za-prevaru-tesku-70-milijuna-dolara\\\/#article\",\"isPartOf\":{\"@id\":\"https:\\\/\\\/radioljubuski.ba\\\/index.php\\\/2021\\\/08\\\/21\\\/sad-trazi-izrucenje-srpskih-programera-optuzeni-su-za-prevaru-tesku-70-milijuna-dolara\\\/\"},\"author\":{\"name\":\"Radio Ljubu\u0161ki\",\"@id\":\"https:\\\/\\\/radioljubuski.ba\\\/#\\\/schema\\\/person\\\/19fc700381a780f69665d7956c469e3b\"},\"headline\":\"SAD tra\u017ei izru\u010denje srpskih programera, optu\u017eeni su za prijevaru te\u0161ku 70 milijuna dolara\",\"datePublished\":\"2021-08-21T07:57:25+00:00\",\"dateModified\":\"2021-08-21T07:57:36+00:00\",\"mainEntityOfPage\":{\"@id\":\"https:\\\/\\\/radioljubuski.ba\\\/index.php\\\/2021\\\/08\\\/21\\\/sad-trazi-izrucenje-srpskih-programera-optuzeni-su-za-prevaru-tesku-70-milijuna-dolara\\\/\"},\"wordCount\":454,\"publisher\":{\"@id\":\"https:\\\/\\\/radioljubuski.ba\\\/#organization\"},\"image\":{\"@id\":\"https:\\\/\\\/radioljubuski.ba\\\/index.php\\\/2021\\\/08\\\/21\\\/sad-trazi-izrucenje-srpskih-programera-optuzeni-su-za-prevaru-tesku-70-milijuna-dolara\\\/#primaryimage\"},\"thumbnailUrl\":\"https:\\\/\\\/radioljubuski.ba\\\/wp-content\\\/uploads\\\/2021\\\/08\\\/programer.jpg\",\"articleSection\":[\"BIH i regija\"],\"inLanguage\":\"hr\"},{\"@type\":\"WebPage\",\"@id\":\"https:\\\/\\\/radioljubuski.ba\\\/index.php\\\/2021\\\/08\\\/21\\\/sad-trazi-izrucenje-srpskih-programera-optuzeni-su-za-prevaru-tesku-70-milijuna-dolara\\\/\",\"url\":\"https:\\\/\\\/radioljubuski.ba\\\/index.php\\\/2021\\\/08\\\/21\\\/sad-trazi-izrucenje-srpskih-programera-optuzeni-su-za-prevaru-tesku-70-milijuna-dolara\\\/\",\"name\":\"SAD tra\u017ei izru\u010denje srpskih programera, optu\u017eeni su za prijevaru te\u0161ku 70 milijuna dolara - RADIO LJUBU\u0160KI\",\"isPartOf\":{\"@id\":\"https:\\\/\\\/radioljubuski.ba\\\/#website\"},\"primaryImageOfPage\":{\"@id\":\"https:\\\/\\\/radioljubuski.ba\\\/index.php\\\/2021\\\/08\\\/21\\\/sad-trazi-izrucenje-srpskih-programera-optuzeni-su-za-prevaru-tesku-70-milijuna-dolara\\\/#primaryimage\"},\"image\":{\"@id\":\"https:\\\/\\\/radioljubuski.ba\\\/index.php\\\/2021\\\/08\\\/21\\\/sad-trazi-izrucenje-srpskih-programera-optuzeni-su-za-prevaru-tesku-70-milijuna-dolara\\\/#primaryimage\"},\"thumbnailUrl\":\"https:\\\/\\\/radioljubuski.ba\\\/wp-content\\\/uploads\\\/2021\\\/08\\\/programer.jpg\",\"datePublished\":\"2021-08-21T07:57:25+00:00\",\"dateModified\":\"2021-08-21T07:57:36+00:00\",\"breadcrumb\":{\"@id\":\"https:\\\/\\\/radioljubuski.ba\\\/index.php\\\/2021\\\/08\\\/21\\\/sad-trazi-izrucenje-srpskih-programera-optuzeni-su-za-prevaru-tesku-70-milijuna-dolara\\\/#breadcrumb\"},\"inLanguage\":\"hr\",\"potentialAction\":[{\"@type\":\"ReadAction\",\"target\":[\"https:\\\/\\\/radioljubuski.ba\\\/index.php\\\/2021\\\/08\\\/21\\\/sad-trazi-izrucenje-srpskih-programera-optuzeni-su-za-prevaru-tesku-70-milijuna-dolara\\\/\"]}]},{\"@type\":\"ImageObject\",\"inLanguage\":\"hr\",\"@id\":\"https:\\\/\\\/radioljubuski.ba\\\/index.php\\\/2021\\\/08\\\/21\\\/sad-trazi-izrucenje-srpskih-programera-optuzeni-su-za-prevaru-tesku-70-milijuna-dolara\\\/#primaryimage\",\"url\":\"https:\\\/\\\/radioljubuski.ba\\\/wp-content\\\/uploads\\\/2021\\\/08\\\/programer.jpg\",\"contentUrl\":\"https:\\\/\\\/radioljubuski.ba\\\/wp-content\\\/uploads\\\/2021\\\/08\\\/programer.jpg\",\"width\":840,\"height\":470},{\"@type\":\"BreadcrumbList\",\"@id\":\"https:\\\/\\\/radioljubuski.ba\\\/index.php\\\/2021\\\/08\\\/21\\\/sad-trazi-izrucenje-srpskih-programera-optuzeni-su-za-prevaru-tesku-70-milijuna-dolara\\\/#breadcrumb\",\"itemListElement\":[{\"@type\":\"ListItem\",\"position\":1,\"name\":\"Po\u010detna stranica\",\"item\":\"https:\\\/\\\/radioljubuski.ba\\\/\"},{\"@type\":\"ListItem\",\"position\":2,\"name\":\"SAD tra\u017ei izru\u010denje srpskih programera, optu\u017eeni su za prijevaru te\u0161ku 70 milijuna dolara\"}]},{\"@type\":\"WebSite\",\"@id\":\"https:\\\/\\\/radioljubuski.ba\\\/#website\",\"url\":\"https:\\\/\\\/radioljubuski.ba\\\/\",\"name\":\"Radio Ljubu\u0161ki\",\"description\":\"Sun\u010dana frekvencija Hercegovine\",\"publisher\":{\"@id\":\"https:\\\/\\\/radioljubuski.ba\\\/#organization\"},\"potentialAction\":[{\"@type\":\"SearchAction\",\"target\":{\"@type\":\"EntryPoint\",\"urlTemplate\":\"https:\\\/\\\/radioljubuski.ba\\\/?s={search_term_string}\"},\"query-input\":{\"@type\":\"PropertyValueSpecification\",\"valueRequired\":true,\"valueName\":\"search_term_string\"}}],\"inLanguage\":\"hr\"},{\"@type\":\"Organization\",\"@id\":\"https:\\\/\\\/radioljubuski.ba\\\/#organization\",\"name\":\"Radio Ljubu\u0161ki\",\"url\":\"https:\\\/\\\/radioljubuski.ba\\\/\",\"logo\":{\"@type\":\"ImageObject\",\"inLanguage\":\"hr\",\"@id\":\"https:\\\/\\\/radioljubuski.ba\\\/#\\\/schema\\\/logo\\\/image\\\/\",\"url\":\"https:\\\/\\\/radioljubuski.ba\\\/wp-content\\\/uploads\\\/2021\\\/02\\\/cropped-Radio_Ljubuski_logo1.jpg\",\"contentUrl\":\"https:\\\/\\\/radioljubuski.ba\\\/wp-content\\\/uploads\\\/2021\\\/02\\\/cropped-Radio_Ljubuski_logo1.jpg\",\"width\":512,\"height\":512,\"caption\":\"Radio Ljubu\u0161ki\"},\"image\":{\"@id\":\"https:\\\/\\\/radioljubuski.ba\\\/#\\\/schema\\\/logo\\\/image\\\/\"},\"sameAs\":[\"https:\\\/\\\/www.facebook.com\\\/Radiio-Ljubuski-1490835324566332\",\"https:\\\/\\\/x.com\\\/radioljubuski\",\"https:\\\/\\\/hr.linkedin.com\\\/company\\\/radio-ljubuski\",\"https:\\\/\\\/www.youtube.com\\\/channel\\\/UCHYaeO_n0Db3tjNGudGpXyw\"]},{\"@type\":\"Person\",\"@id\":\"https:\\\/\\\/radioljubuski.ba\\\/#\\\/schema\\\/person\\\/19fc700381a780f69665d7956c469e3b\",\"name\":\"Radio Ljubu\u0161ki\"}]}<\/script>\n<!-- \/ Yoast SEO plugin. -->","yoast_head_json":{"title":"SAD tra\u017ei izru\u010denje srpskih programera, optu\u017eeni su za prijevaru te\u0161ku 70 milijuna dolara - RADIO LJUBU\u0160KI","robots":{"index":"index","follow":"follow","max-snippet":"max-snippet:-1","max-image-preview":"max-image-preview:large","max-video-preview":"max-video-preview:-1"},"canonical":"https:\/\/radioljubuski.ba\/index.php\/2021\/08\/21\/sad-trazi-izrucenje-srpskih-programera-optuzeni-su-za-prevaru-tesku-70-milijuna-dolara\/","og_locale":"hr_HR","og_type":"article","og_title":"SAD tra\u017ei izru\u010denje srpskih programera, optu\u017eeni su za prijevaru te\u0161ku 70 milijuna dolara - RADIO LJUBU\u0160KI","og_description":"Europski sud za ljudska prava dao je rok Srbiji do 4. rujna da se izjasni o slu\u010daju skupine 10 programera iz Ni\u0161a, koje SAD sumnji\u010di za digitalnu prevaru vrijednu vi\u0161e 70 milijuna dolara i tra\u017ei njihovo izru\u010denje, a potom \u0107e priop\u0107iti svoje stajali\u0161te o tom slu\u010daju, objavio je danas Radio Slobodna Europa (RFE). Skup\u0161tina Srbije [&hellip;]","og_url":"https:\/\/radioljubuski.ba\/index.php\/2021\/08\/21\/sad-trazi-izrucenje-srpskih-programera-optuzeni-su-za-prevaru-tesku-70-milijuna-dolara\/","og_site_name":"RADIO LJUBU\u0160KI","article_publisher":"https:\/\/www.facebook.com\/Radiio-Ljubuski-1490835324566332","article_published_time":"2021-08-21T07:57:25+00:00","article_modified_time":"2021-08-21T07:57:36+00:00","og_image":[{"width":840,"height":470,"url":"https:\/\/radioljubuski.ba\/wp-content\/uploads\/2021\/08\/programer.jpg","type":"image\/jpeg"}],"author":"Radio Ljubu\u0161ki","twitter_card":"summary_large_image","twitter_creator":"@radioljubuski","twitter_site":"@radioljubuski","twitter_misc":{"Napisao\/la":"Radio Ljubu\u0161ki","Procijenjeno vrijeme \u010ditanja":"2 minute"},"schema":{"@context":"https:\/\/schema.org","@graph":[{"@type":"Article","@id":"https:\/\/radioljubuski.ba\/index.php\/2021\/08\/21\/sad-trazi-izrucenje-srpskih-programera-optuzeni-su-za-prevaru-tesku-70-milijuna-dolara\/#article","isPartOf":{"@id":"https:\/\/radioljubuski.ba\/index.php\/2021\/08\/21\/sad-trazi-izrucenje-srpskih-programera-optuzeni-su-za-prevaru-tesku-70-milijuna-dolara\/"},"author":{"name":"Radio Ljubu\u0161ki","@id":"https:\/\/radioljubuski.ba\/#\/schema\/person\/19fc700381a780f69665d7956c469e3b"},"headline":"SAD tra\u017ei izru\u010denje srpskih programera, optu\u017eeni su za prijevaru te\u0161ku 70 milijuna dolara","datePublished":"2021-08-21T07:57:25+00:00","dateModified":"2021-08-21T07:57:36+00:00","mainEntityOfPage":{"@id":"https:\/\/radioljubuski.ba\/index.php\/2021\/08\/21\/sad-trazi-izrucenje-srpskih-programera-optuzeni-su-za-prevaru-tesku-70-milijuna-dolara\/"},"wordCount":454,"publisher":{"@id":"https:\/\/radioljubuski.ba\/#organization"},"image":{"@id":"https:\/\/radioljubuski.ba\/index.php\/2021\/08\/21\/sad-trazi-izrucenje-srpskih-programera-optuzeni-su-za-prevaru-tesku-70-milijuna-dolara\/#primaryimage"},"thumbnailUrl":"https:\/\/radioljubuski.ba\/wp-content\/uploads\/2021\/08\/programer.jpg","articleSection":["BIH i regija"],"inLanguage":"hr"},{"@type":"WebPage","@id":"https:\/\/radioljubuski.ba\/index.php\/2021\/08\/21\/sad-trazi-izrucenje-srpskih-programera-optuzeni-su-za-prevaru-tesku-70-milijuna-dolara\/","url":"https:\/\/radioljubuski.ba\/index.php\/2021\/08\/21\/sad-trazi-izrucenje-srpskih-programera-optuzeni-su-za-prevaru-tesku-70-milijuna-dolara\/","name":"SAD tra\u017ei izru\u010denje srpskih programera, optu\u017eeni su za prijevaru te\u0161ku 70 milijuna dolara - RADIO LJUBU\u0160KI","isPartOf":{"@id":"https:\/\/radioljubuski.ba\/#website"},"primaryImageOfPage":{"@id":"https:\/\/radioljubuski.ba\/index.php\/2021\/08\/21\/sad-trazi-izrucenje-srpskih-programera-optuzeni-su-za-prevaru-tesku-70-milijuna-dolara\/#primaryimage"},"image":{"@id":"https:\/\/radioljubuski.ba\/index.php\/2021\/08\/21\/sad-trazi-izrucenje-srpskih-programera-optuzeni-su-za-prevaru-tesku-70-milijuna-dolara\/#primaryimage"},"thumbnailUrl":"https:\/\/radioljubuski.ba\/wp-content\/uploads\/2021\/08\/programer.jpg","datePublished":"2021-08-21T07:57:25+00:00","dateModified":"2021-08-21T07:57:36+00:00","breadcrumb":{"@id":"https:\/\/radioljubuski.ba\/index.php\/2021\/08\/21\/sad-trazi-izrucenje-srpskih-programera-optuzeni-su-za-prevaru-tesku-70-milijuna-dolara\/#breadcrumb"},"inLanguage":"hr","potentialAction":[{"@type":"ReadAction","target":["https:\/\/radioljubuski.ba\/index.php\/2021\/08\/21\/sad-trazi-izrucenje-srpskih-programera-optuzeni-su-za-prevaru-tesku-70-milijuna-dolara\/"]}]},{"@type":"ImageObject","inLanguage":"hr","@id":"https:\/\/radioljubuski.ba\/index.php\/2021\/08\/21\/sad-trazi-izrucenje-srpskih-programera-optuzeni-su-za-prevaru-tesku-70-milijuna-dolara\/#primaryimage","url":"https:\/\/radioljubuski.ba\/wp-content\/uploads\/2021\/08\/programer.jpg","contentUrl":"https:\/\/radioljubuski.ba\/wp-content\/uploads\/2021\/08\/programer.jpg","width":840,"height":470},{"@type":"BreadcrumbList","@id":"https:\/\/radioljubuski.ba\/index.php\/2021\/08\/21\/sad-trazi-izrucenje-srpskih-programera-optuzeni-su-za-prevaru-tesku-70-milijuna-dolara\/#breadcrumb","itemListElement":[{"@type":"ListItem","position":1,"name":"Po\u010detna stranica","item":"https:\/\/radioljubuski.ba\/"},{"@type":"ListItem","position":2,"name":"SAD tra\u017ei izru\u010denje srpskih programera, optu\u017eeni su za prijevaru te\u0161ku 70 milijuna dolara"}]},{"@type":"WebSite","@id":"https:\/\/radioljubuski.ba\/#website","url":"https:\/\/radioljubuski.ba\/","name":"Radio Ljubu\u0161ki","description":"Sun\u010dana frekvencija Hercegovine","publisher":{"@id":"https:\/\/radioljubuski.ba\/#organization"},"potentialAction":[{"@type":"SearchAction","target":{"@type":"EntryPoint","urlTemplate":"https:\/\/radioljubuski.ba\/?s={search_term_string}"},"query-input":{"@type":"PropertyValueSpecification","valueRequired":true,"valueName":"search_term_string"}}],"inLanguage":"hr"},{"@type":"Organization","@id":"https:\/\/radioljubuski.ba\/#organization","name":"Radio Ljubu\u0161ki","url":"https:\/\/radioljubuski.ba\/","logo":{"@type":"ImageObject","inLanguage":"hr","@id":"https:\/\/radioljubuski.ba\/#\/schema\/logo\/image\/","url":"https:\/\/radioljubuski.ba\/wp-content\/uploads\/2021\/02\/cropped-Radio_Ljubuski_logo1.jpg","contentUrl":"https:\/\/radioljubuski.ba\/wp-content\/uploads\/2021\/02\/cropped-Radio_Ljubuski_logo1.jpg","width":512,"height":512,"caption":"Radio Ljubu\u0161ki"},"image":{"@id":"https:\/\/radioljubuski.ba\/#\/schema\/logo\/image\/"},"sameAs":["https:\/\/www.facebook.com\/Radiio-Ljubuski-1490835324566332","https:\/\/x.com\/radioljubuski","https:\/\/hr.linkedin.com\/company\/radio-ljubuski","https:\/\/www.youtube.com\/channel\/UCHYaeO_n0Db3tjNGudGpXyw"]},{"@type":"Person","@id":"https:\/\/radioljubuski.ba\/#\/schema\/person\/19fc700381a780f69665d7956c469e3b","name":"Radio Ljubu\u0161ki"}]}},"_links":{"self":[{"href":"https:\/\/radioljubuski.ba\/index.php\/wp-json\/wp\/v2\/posts\/55672","targetHints":{"allow":["GET"]}}],"collection":[{"href":"https:\/\/radioljubuski.ba\/index.php\/wp-json\/wp\/v2\/posts"}],"about":[{"href":"https:\/\/radioljubuski.ba\/index.php\/wp-json\/wp\/v2\/types\/post"}],"author":[{"embeddable":true,"href":"https:\/\/radioljubuski.ba\/index.php\/wp-json\/wp\/v2\/users\/2"}],"replies":[{"embeddable":true,"href":"https:\/\/radioljubuski.ba\/index.php\/wp-json\/wp\/v2\/comments?post=55672"}],"version-history":[{"count":2,"href":"https:\/\/radioljubuski.ba\/index.php\/wp-json\/wp\/v2\/posts\/55672\/revisions"}],"predecessor-version":[{"id":55675,"href":"https:\/\/radioljubuski.ba\/index.php\/wp-json\/wp\/v2\/posts\/55672\/revisions\/55675"}],"wp:featuredmedia":[{"embeddable":true,"href":"https:\/\/radioljubuski.ba\/index.php\/wp-json\/wp\/v2\/media\/55673"}],"wp:attachment":[{"href":"https:\/\/radioljubuski.ba\/index.php\/wp-json\/wp\/v2\/media?parent=55672"}],"wp:term":[{"taxonomy":"category","embeddable":true,"href":"https:\/\/radioljubuski.ba\/index.php\/wp-json\/wp\/v2\/categories?post=55672"},{"taxonomy":"post_tag","embeddable":true,"href":"https:\/\/radioljubuski.ba\/index.php\/wp-json\/wp\/v2\/tags?post=55672"}],"curies":[{"name":"wp","href":"https:\/\/api.w.org\/{rel}","templated":true}]}}