{"id":55676,"date":"2021-08-21T08:59:54","date_gmt":"2021-08-21T07:59:54","guid":{"rendered":"https:\/\/radioljubuski.ba\/?p=55676"},"modified":"2021-08-21T08:59:56","modified_gmt":"2021-08-21T07:59:56","slug":"snimao-se-na-stajnom-trapu-zrakoplova-koji-polijece-iz-kabula-video","status":"publish","type":"post","link":"https:\/\/radioljubuski.ba\/index.php\/2021\/08\/21\/snimao-se-na-stajnom-trapu-zrakoplova-koji-polijece-iz-kabula-video\/","title":{"rendered":"Snimao se na stajnom trapu zrakoplova koji polije\u0107e iz Kabula &#8211; video"},"content":{"rendered":"\n<p><strong>Na tisu\u0107e Afganistanaca nagrnulo je na aerodrom u Kabulu u nadi da \u0107e se ukrcati na jedan od ameri\u010dkih aviona za evakuaciju i pobje\u0107i iz zemlje koju su osvojili talibani.<\/strong><\/p>\n\n\n\n<p>Dramati\u010dni snimci i fotografije s dru\u0161tvenih mre\u017ea prikazuju kako se gomila ukrcava na C-17. U ameri\u010dkom vojnom transporteru koji je u normalnim okolnostima namijenjen za prijevoz samo 134 ljudi odjednom se na\u0161lo vi\u0161e stotina, a oni koji se nisu uspjeli do\u010depati unutra\u0161njosti aviona, u o\u010daju su se pridr\u017eavali za njegovu vanjsku stranu.<\/p>\n\n\n\n<blockquote class=\"twitter-tweet\"><p lang=\"en\" dir=\"ltr\">Footage showing Afghans clinging on to C-17 at Kabul Airport yesterday.<a href=\"https:\/\/twitter.com\/hashtag\/KabulHasFallen?src=hash&amp;ref_src=twsrc%5Etfw\">#KabulHasFallen<\/a> <a href=\"https:\/\/twitter.com\/hashtag\/kabulairport?src=hash&amp;ref_src=twsrc%5Etfw\">#kabulairport<\/a> <a href=\"https:\/\/t.co\/boArvmRVbN\">pic.twitter.com\/boArvmRVbN<\/a><\/p>&mdash; Hashtag Elyoum (@Hashtagelyoum) <a href=\"https:\/\/twitter.com\/Hashtagelyoum\/status\/1427663007182594052?ref_src=twsrc%5Etfw\">August 17, 2021<\/a><\/blockquote> <script async src=\"https:\/\/platform.twitter.com\/widgets.js\" charset=\"utf-8\"><\/script>\n\n\n\n<p>Pojavili su se i snimci aviona s kojeg su Afganistanci koji su se dr\u017eali za kota\u010de padali s nekoliko stotina metara visine kada su uslijed ubrzanja aviona izgubili kontrolu, a njihova su tijela prona\u0111ena na krovovima zgrada.<\/p>\n\n\n\n<p>Najnoviji snimak prikazuje upravo jednog mladi\u0107a koji se zajedno s nekolicinom popeo na stajni trap, prenosi ATV.<\/p>\n\n\n\n<p>Nije poznato \u0161to se dogodilo s \u010dovjekom koji je snimio video, kao ni s ostalima prikazanima na snimku, ali zastra\u0161uju\u0107i video pokazuje noge jednog mu\u0161karca koje vise izvan zrakoplova nakon \u0161to su ga priklije\u0161tila vrata ku\u0107i\u0161ta stajnog trapa, dijela u koji avion uvla\u010di kota\u010de nakon polijetanja.<\/p>\n\n\n\n<p>\u201cWashington Post\u201d javlja kako je u stajnom trapu posada prona\u0161la be\u017eivotno tijelo jednog Afganistanca.<\/p>\n\n\n\n<p>\/HMS\/<\/p>\n","protected":false},"excerpt":{"rendered":"<p>Na tisu\u0107e Afganistanaca nagrnulo je na aerodrom u Kabulu u nadi da \u0107e se ukrcati na jedan od ameri\u010dkih aviona za evakuaciju i pobje\u0107i iz zemlje koju su osvojili talibani. Dramati\u010dni snimci i fotografije s dru\u0161tvenih mre\u017ea prikazuju kako se gomila ukrcava na C-17. U ameri\u010dkom vojnom transporteru koji je u normalnim okolnostima namijenjen za [&hellip;]<\/p>\n","protected":false},"author":2,"featured_media":55677,"comment_status":"closed","ping_status":"closed","sticky":false,"template":"","format":"standard","meta":{"h5ap_radio_sources":[],"footnotes":""},"categories":[1],"tags":[],"class_list":["post-55676","post","type-post","status-publish","format-standard","has-post-thumbnail","hentry","category-bihiregija"],"yoast_head":"<!-- This site is optimized with the Yoast SEO plugin v27.5 - https:\/\/yoast.com\/product\/yoast-seo-wordpress\/ -->\n<title>Snimao se na stajnom trapu zrakoplova koji polije\u0107e iz Kabula - video - RADIO LJUBU\u0160KI<\/title>\n<meta name=\"robots\" content=\"index, follow, max-snippet:-1, max-image-preview:large, max-video-preview:-1\" \/>\n<link rel=\"canonical\" href=\"https:\/\/radioljubuski.ba\/index.php\/2021\/08\/21\/snimao-se-na-stajnom-trapu-zrakoplova-koji-polijece-iz-kabula-video\/\" \/>\n<meta property=\"og:locale\" content=\"hr_HR\" \/>\n<meta property=\"og:type\" content=\"article\" \/>\n<meta property=\"og:title\" content=\"Snimao se na stajnom trapu zrakoplova koji polije\u0107e iz Kabula - video - RADIO LJUBU\u0160KI\" \/>\n<meta property=\"og:description\" content=\"Na tisu\u0107e Afganistanaca nagrnulo je na aerodrom u Kabulu u nadi da \u0107e se ukrcati na jedan od ameri\u010dkih aviona za evakuaciju i pobje\u0107i iz zemlje koju su osvojili talibani. Dramati\u010dni snimci i fotografije s dru\u0161tvenih mre\u017ea prikazuju kako se gomila ukrcava na C-17. U ameri\u010dkom vojnom transporteru koji je u normalnim okolnostima namijenjen za [&hellip;]\" \/>\n<meta property=\"og:url\" content=\"https:\/\/radioljubuski.ba\/index.php\/2021\/08\/21\/snimao-se-na-stajnom-trapu-zrakoplova-koji-polijece-iz-kabula-video\/\" \/>\n<meta property=\"og:site_name\" content=\"RADIO LJUBU\u0160KI\" \/>\n<meta property=\"article:publisher\" content=\"https:\/\/www.facebook.com\/Radiio-Ljubuski-1490835324566332\" \/>\n<meta property=\"article:published_time\" content=\"2021-08-21T07:59:54+00:00\" \/>\n<meta property=\"article:modified_time\" content=\"2021-08-21T07:59:56+00:00\" \/>\n<meta property=\"og:image\" content=\"https:\/\/radioljubuski.ba\/wp-content\/uploads\/2021\/08\/00d996a632cf7dcacb42f95665292aa8_view_article_new.jpg\" \/>\n\t<meta property=\"og:image:width\" content=\"860\" \/>\n\t<meta property=\"og:image:height\" content=\"460\" \/>\n\t<meta property=\"og:image:type\" content=\"image\/jpeg\" \/>\n<meta name=\"author\" content=\"Radio Ljubu\u0161ki\" \/>\n<meta name=\"twitter:card\" content=\"summary_large_image\" \/>\n<meta name=\"twitter:creator\" content=\"@radioljubuski\" \/>\n<meta name=\"twitter:site\" content=\"@radioljubuski\" \/>\n<meta name=\"twitter:label1\" content=\"Napisao\/la\" \/>\n\t<meta name=\"twitter:data1\" content=\"Radio Ljubu\u0161ki\" \/>\n\t<meta name=\"twitter:label2\" content=\"Procijenjeno vrijeme \u010ditanja\" \/>\n\t<meta name=\"twitter:data2\" content=\"1 minuta\" \/>\n<script type=\"application\/ld+json\" class=\"yoast-schema-graph\">{\"@context\":\"https:\\\/\\\/schema.org\",\"@graph\":[{\"@type\":\"Article\",\"@id\":\"https:\\\/\\\/radioljubuski.ba\\\/index.php\\\/2021\\\/08\\\/21\\\/snimao-se-na-stajnom-trapu-zrakoplova-koji-polijece-iz-kabula-video\\\/#article\",\"isPartOf\":{\"@id\":\"https:\\\/\\\/radioljubuski.ba\\\/index.php\\\/2021\\\/08\\\/21\\\/snimao-se-na-stajnom-trapu-zrakoplova-koji-polijece-iz-kabula-video\\\/\"},\"author\":{\"name\":\"Radio Ljubu\u0161ki\",\"@id\":\"https:\\\/\\\/radioljubuski.ba\\\/#\\\/schema\\\/person\\\/19fc700381a780f69665d7956c469e3b\"},\"headline\":\"Snimao se na stajnom trapu zrakoplova koji polije\u0107e iz Kabula &#8211; video\",\"datePublished\":\"2021-08-21T07:59:54+00:00\",\"dateModified\":\"2021-08-21T07:59:56+00:00\",\"mainEntityOfPage\":{\"@id\":\"https:\\\/\\\/radioljubuski.ba\\\/index.php\\\/2021\\\/08\\\/21\\\/snimao-se-na-stajnom-trapu-zrakoplova-koji-polijece-iz-kabula-video\\\/\"},\"wordCount\":258,\"publisher\":{\"@id\":\"https:\\\/\\\/radioljubuski.ba\\\/#organization\"},\"image\":{\"@id\":\"https:\\\/\\\/radioljubuski.ba\\\/index.php\\\/2021\\\/08\\\/21\\\/snimao-se-na-stajnom-trapu-zrakoplova-koji-polijece-iz-kabula-video\\\/#primaryimage\"},\"thumbnailUrl\":\"https:\\\/\\\/radioljubuski.ba\\\/wp-content\\\/uploads\\\/2021\\\/08\\\/00d996a632cf7dcacb42f95665292aa8_view_article_new.jpg\",\"articleSection\":[\"BIH i regija\"],\"inLanguage\":\"hr\"},{\"@type\":\"WebPage\",\"@id\":\"https:\\\/\\\/radioljubuski.ba\\\/index.php\\\/2021\\\/08\\\/21\\\/snimao-se-na-stajnom-trapu-zrakoplova-koji-polijece-iz-kabula-video\\\/\",\"url\":\"https:\\\/\\\/radioljubuski.ba\\\/index.php\\\/2021\\\/08\\\/21\\\/snimao-se-na-stajnom-trapu-zrakoplova-koji-polijece-iz-kabula-video\\\/\",\"name\":\"Snimao se na stajnom trapu zrakoplova koji polije\u0107e iz Kabula - video - RADIO LJUBU\u0160KI\",\"isPartOf\":{\"@id\":\"https:\\\/\\\/radioljubuski.ba\\\/#website\"},\"primaryImageOfPage\":{\"@id\":\"https:\\\/\\\/radioljubuski.ba\\\/index.php\\\/2021\\\/08\\\/21\\\/snimao-se-na-stajnom-trapu-zrakoplova-koji-polijece-iz-kabula-video\\\/#primaryimage\"},\"image\":{\"@id\":\"https:\\\/\\\/radioljubuski.ba\\\/index.php\\\/2021\\\/08\\\/21\\\/snimao-se-na-stajnom-trapu-zrakoplova-koji-polijece-iz-kabula-video\\\/#primaryimage\"},\"thumbnailUrl\":\"https:\\\/\\\/radioljubuski.ba\\\/wp-content\\\/uploads\\\/2021\\\/08\\\/00d996a632cf7dcacb42f95665292aa8_view_article_new.jpg\",\"datePublished\":\"2021-08-21T07:59:54+00:00\",\"dateModified\":\"2021-08-21T07:59:56+00:00\",\"breadcrumb\":{\"@id\":\"https:\\\/\\\/radioljubuski.ba\\\/index.php\\\/2021\\\/08\\\/21\\\/snimao-se-na-stajnom-trapu-zrakoplova-koji-polijece-iz-kabula-video\\\/#breadcrumb\"},\"inLanguage\":\"hr\",\"potentialAction\":[{\"@type\":\"ReadAction\",\"target\":[\"https:\\\/\\\/radioljubuski.ba\\\/index.php\\\/2021\\\/08\\\/21\\\/snimao-se-na-stajnom-trapu-zrakoplova-koji-polijece-iz-kabula-video\\\/\"]}]},{\"@type\":\"ImageObject\",\"inLanguage\":\"hr\",\"@id\":\"https:\\\/\\\/radioljubuski.ba\\\/index.php\\\/2021\\\/08\\\/21\\\/snimao-se-na-stajnom-trapu-zrakoplova-koji-polijece-iz-kabula-video\\\/#primaryimage\",\"url\":\"https:\\\/\\\/radioljubuski.ba\\\/wp-content\\\/uploads\\\/2021\\\/08\\\/00d996a632cf7dcacb42f95665292aa8_view_article_new.jpg\",\"contentUrl\":\"https:\\\/\\\/radioljubuski.ba\\\/wp-content\\\/uploads\\\/2021\\\/08\\\/00d996a632cf7dcacb42f95665292aa8_view_article_new.jpg\",\"width\":860,\"height\":460},{\"@type\":\"BreadcrumbList\",\"@id\":\"https:\\\/\\\/radioljubuski.ba\\\/index.php\\\/2021\\\/08\\\/21\\\/snimao-se-na-stajnom-trapu-zrakoplova-koji-polijece-iz-kabula-video\\\/#breadcrumb\",\"itemListElement\":[{\"@type\":\"ListItem\",\"position\":1,\"name\":\"Po\u010detna stranica\",\"item\":\"https:\\\/\\\/radioljubuski.ba\\\/\"},{\"@type\":\"ListItem\",\"position\":2,\"name\":\"Snimao se na stajnom trapu zrakoplova koji polije\u0107e iz Kabula &#8211; video\"}]},{\"@type\":\"WebSite\",\"@id\":\"https:\\\/\\\/radioljubuski.ba\\\/#website\",\"url\":\"https:\\\/\\\/radioljubuski.ba\\\/\",\"name\":\"Radio Ljubu\u0161ki\",\"description\":\"Sun\u010dana frekvencija Hercegovine\",\"publisher\":{\"@id\":\"https:\\\/\\\/radioljubuski.ba\\\/#organization\"},\"potentialAction\":[{\"@type\":\"SearchAction\",\"target\":{\"@type\":\"EntryPoint\",\"urlTemplate\":\"https:\\\/\\\/radioljubuski.ba\\\/?s={search_term_string}\"},\"query-input\":{\"@type\":\"PropertyValueSpecification\",\"valueRequired\":true,\"valueName\":\"search_term_string\"}}],\"inLanguage\":\"hr\"},{\"@type\":\"Organization\",\"@id\":\"https:\\\/\\\/radioljubuski.ba\\\/#organization\",\"name\":\"Radio Ljubu\u0161ki\",\"url\":\"https:\\\/\\\/radioljubuski.ba\\\/\",\"logo\":{\"@type\":\"ImageObject\",\"inLanguage\":\"hr\",\"@id\":\"https:\\\/\\\/radioljubuski.ba\\\/#\\\/schema\\\/logo\\\/image\\\/\",\"url\":\"https:\\\/\\\/radioljubuski.ba\\\/wp-content\\\/uploads\\\/2021\\\/02\\\/cropped-Radio_Ljubuski_logo1.jpg\",\"contentUrl\":\"https:\\\/\\\/radioljubuski.ba\\\/wp-content\\\/uploads\\\/2021\\\/02\\\/cropped-Radio_Ljubuski_logo1.jpg\",\"width\":512,\"height\":512,\"caption\":\"Radio Ljubu\u0161ki\"},\"image\":{\"@id\":\"https:\\\/\\\/radioljubuski.ba\\\/#\\\/schema\\\/logo\\\/image\\\/\"},\"sameAs\":[\"https:\\\/\\\/www.facebook.com\\\/Radiio-Ljubuski-1490835324566332\",\"https:\\\/\\\/x.com\\\/radioljubuski\",\"https:\\\/\\\/hr.linkedin.com\\\/company\\\/radio-ljubuski\",\"https:\\\/\\\/www.youtube.com\\\/channel\\\/UCHYaeO_n0Db3tjNGudGpXyw\"]},{\"@type\":\"Person\",\"@id\":\"https:\\\/\\\/radioljubuski.ba\\\/#\\\/schema\\\/person\\\/19fc700381a780f69665d7956c469e3b\",\"name\":\"Radio Ljubu\u0161ki\"}]}<\/script>\n<!-- \/ Yoast SEO plugin. -->","yoast_head_json":{"title":"Snimao se na stajnom trapu zrakoplova koji polije\u0107e iz Kabula - video - RADIO LJUBU\u0160KI","robots":{"index":"index","follow":"follow","max-snippet":"max-snippet:-1","max-image-preview":"max-image-preview:large","max-video-preview":"max-video-preview:-1"},"canonical":"https:\/\/radioljubuski.ba\/index.php\/2021\/08\/21\/snimao-se-na-stajnom-trapu-zrakoplova-koji-polijece-iz-kabula-video\/","og_locale":"hr_HR","og_type":"article","og_title":"Snimao se na stajnom trapu zrakoplova koji polije\u0107e iz Kabula - video - RADIO LJUBU\u0160KI","og_description":"Na tisu\u0107e Afganistanaca nagrnulo je na aerodrom u Kabulu u nadi da \u0107e se ukrcati na jedan od ameri\u010dkih aviona za evakuaciju i pobje\u0107i iz zemlje koju su osvojili talibani. Dramati\u010dni snimci i fotografije s dru\u0161tvenih mre\u017ea prikazuju kako se gomila ukrcava na C-17. U ameri\u010dkom vojnom transporteru koji je u normalnim okolnostima namijenjen za [&hellip;]","og_url":"https:\/\/radioljubuski.ba\/index.php\/2021\/08\/21\/snimao-se-na-stajnom-trapu-zrakoplova-koji-polijece-iz-kabula-video\/","og_site_name":"RADIO LJUBU\u0160KI","article_publisher":"https:\/\/www.facebook.com\/Radiio-Ljubuski-1490835324566332","article_published_time":"2021-08-21T07:59:54+00:00","article_modified_time":"2021-08-21T07:59:56+00:00","og_image":[{"width":860,"height":460,"url":"https:\/\/radioljubuski.ba\/wp-content\/uploads\/2021\/08\/00d996a632cf7dcacb42f95665292aa8_view_article_new.jpg","type":"image\/jpeg"}],"author":"Radio Ljubu\u0161ki","twitter_card":"summary_large_image","twitter_creator":"@radioljubuski","twitter_site":"@radioljubuski","twitter_misc":{"Napisao\/la":"Radio Ljubu\u0161ki","Procijenjeno vrijeme \u010ditanja":"1 minuta"},"schema":{"@context":"https:\/\/schema.org","@graph":[{"@type":"Article","@id":"https:\/\/radioljubuski.ba\/index.php\/2021\/08\/21\/snimao-se-na-stajnom-trapu-zrakoplova-koji-polijece-iz-kabula-video\/#article","isPartOf":{"@id":"https:\/\/radioljubuski.ba\/index.php\/2021\/08\/21\/snimao-se-na-stajnom-trapu-zrakoplova-koji-polijece-iz-kabula-video\/"},"author":{"name":"Radio Ljubu\u0161ki","@id":"https:\/\/radioljubuski.ba\/#\/schema\/person\/19fc700381a780f69665d7956c469e3b"},"headline":"Snimao se na stajnom trapu zrakoplova koji polije\u0107e iz Kabula &#8211; video","datePublished":"2021-08-21T07:59:54+00:00","dateModified":"2021-08-21T07:59:56+00:00","mainEntityOfPage":{"@id":"https:\/\/radioljubuski.ba\/index.php\/2021\/08\/21\/snimao-se-na-stajnom-trapu-zrakoplova-koji-polijece-iz-kabula-video\/"},"wordCount":258,"publisher":{"@id":"https:\/\/radioljubuski.ba\/#organization"},"image":{"@id":"https:\/\/radioljubuski.ba\/index.php\/2021\/08\/21\/snimao-se-na-stajnom-trapu-zrakoplova-koji-polijece-iz-kabula-video\/#primaryimage"},"thumbnailUrl":"https:\/\/radioljubuski.ba\/wp-content\/uploads\/2021\/08\/00d996a632cf7dcacb42f95665292aa8_view_article_new.jpg","articleSection":["BIH i regija"],"inLanguage":"hr"},{"@type":"WebPage","@id":"https:\/\/radioljubuski.ba\/index.php\/2021\/08\/21\/snimao-se-na-stajnom-trapu-zrakoplova-koji-polijece-iz-kabula-video\/","url":"https:\/\/radioljubuski.ba\/index.php\/2021\/08\/21\/snimao-se-na-stajnom-trapu-zrakoplova-koji-polijece-iz-kabula-video\/","name":"Snimao se na stajnom trapu zrakoplova koji polije\u0107e iz Kabula - video - RADIO LJUBU\u0160KI","isPartOf":{"@id":"https:\/\/radioljubuski.ba\/#website"},"primaryImageOfPage":{"@id":"https:\/\/radioljubuski.ba\/index.php\/2021\/08\/21\/snimao-se-na-stajnom-trapu-zrakoplova-koji-polijece-iz-kabula-video\/#primaryimage"},"image":{"@id":"https:\/\/radioljubuski.ba\/index.php\/2021\/08\/21\/snimao-se-na-stajnom-trapu-zrakoplova-koji-polijece-iz-kabula-video\/#primaryimage"},"thumbnailUrl":"https:\/\/radioljubuski.ba\/wp-content\/uploads\/2021\/08\/00d996a632cf7dcacb42f95665292aa8_view_article_new.jpg","datePublished":"2021-08-21T07:59:54+00:00","dateModified":"2021-08-21T07:59:56+00:00","breadcrumb":{"@id":"https:\/\/radioljubuski.ba\/index.php\/2021\/08\/21\/snimao-se-na-stajnom-trapu-zrakoplova-koji-polijece-iz-kabula-video\/#breadcrumb"},"inLanguage":"hr","potentialAction":[{"@type":"ReadAction","target":["https:\/\/radioljubuski.ba\/index.php\/2021\/08\/21\/snimao-se-na-stajnom-trapu-zrakoplova-koji-polijece-iz-kabula-video\/"]}]},{"@type":"ImageObject","inLanguage":"hr","@id":"https:\/\/radioljubuski.ba\/index.php\/2021\/08\/21\/snimao-se-na-stajnom-trapu-zrakoplova-koji-polijece-iz-kabula-video\/#primaryimage","url":"https:\/\/radioljubuski.ba\/wp-content\/uploads\/2021\/08\/00d996a632cf7dcacb42f95665292aa8_view_article_new.jpg","contentUrl":"https:\/\/radioljubuski.ba\/wp-content\/uploads\/2021\/08\/00d996a632cf7dcacb42f95665292aa8_view_article_new.jpg","width":860,"height":460},{"@type":"BreadcrumbList","@id":"https:\/\/radioljubuski.ba\/index.php\/2021\/08\/21\/snimao-se-na-stajnom-trapu-zrakoplova-koji-polijece-iz-kabula-video\/#breadcrumb","itemListElement":[{"@type":"ListItem","position":1,"name":"Po\u010detna stranica","item":"https:\/\/radioljubuski.ba\/"},{"@type":"ListItem","position":2,"name":"Snimao se na stajnom trapu zrakoplova koji polije\u0107e iz Kabula &#8211; video"}]},{"@type":"WebSite","@id":"https:\/\/radioljubuski.ba\/#website","url":"https:\/\/radioljubuski.ba\/","name":"Radio Ljubu\u0161ki","description":"Sun\u010dana frekvencija Hercegovine","publisher":{"@id":"https:\/\/radioljubuski.ba\/#organization"},"potentialAction":[{"@type":"SearchAction","target":{"@type":"EntryPoint","urlTemplate":"https:\/\/radioljubuski.ba\/?s={search_term_string}"},"query-input":{"@type":"PropertyValueSpecification","valueRequired":true,"valueName":"search_term_string"}}],"inLanguage":"hr"},{"@type":"Organization","@id":"https:\/\/radioljubuski.ba\/#organization","name":"Radio Ljubu\u0161ki","url":"https:\/\/radioljubuski.ba\/","logo":{"@type":"ImageObject","inLanguage":"hr","@id":"https:\/\/radioljubuski.ba\/#\/schema\/logo\/image\/","url":"https:\/\/radioljubuski.ba\/wp-content\/uploads\/2021\/02\/cropped-Radio_Ljubuski_logo1.jpg","contentUrl":"https:\/\/radioljubuski.ba\/wp-content\/uploads\/2021\/02\/cropped-Radio_Ljubuski_logo1.jpg","width":512,"height":512,"caption":"Radio Ljubu\u0161ki"},"image":{"@id":"https:\/\/radioljubuski.ba\/#\/schema\/logo\/image\/"},"sameAs":["https:\/\/www.facebook.com\/Radiio-Ljubuski-1490835324566332","https:\/\/x.com\/radioljubuski","https:\/\/hr.linkedin.com\/company\/radio-ljubuski","https:\/\/www.youtube.com\/channel\/UCHYaeO_n0Db3tjNGudGpXyw"]},{"@type":"Person","@id":"https:\/\/radioljubuski.ba\/#\/schema\/person\/19fc700381a780f69665d7956c469e3b","name":"Radio Ljubu\u0161ki"}]}},"_links":{"self":[{"href":"https:\/\/radioljubuski.ba\/index.php\/wp-json\/wp\/v2\/posts\/55676","targetHints":{"allow":["GET"]}}],"collection":[{"href":"https:\/\/radioljubuski.ba\/index.php\/wp-json\/wp\/v2\/posts"}],"about":[{"href":"https:\/\/radioljubuski.ba\/index.php\/wp-json\/wp\/v2\/types\/post"}],"author":[{"embeddable":true,"href":"https:\/\/radioljubuski.ba\/index.php\/wp-json\/wp\/v2\/users\/2"}],"replies":[{"embeddable":true,"href":"https:\/\/radioljubuski.ba\/index.php\/wp-json\/wp\/v2\/comments?post=55676"}],"version-history":[{"count":1,"href":"https:\/\/radioljubuski.ba\/index.php\/wp-json\/wp\/v2\/posts\/55676\/revisions"}],"predecessor-version":[{"id":55678,"href":"https:\/\/radioljubuski.ba\/index.php\/wp-json\/wp\/v2\/posts\/55676\/revisions\/55678"}],"wp:featuredmedia":[{"embeddable":true,"href":"https:\/\/radioljubuski.ba\/index.php\/wp-json\/wp\/v2\/media\/55677"}],"wp:attachment":[{"href":"https:\/\/radioljubuski.ba\/index.php\/wp-json\/wp\/v2\/media?parent=55676"}],"wp:term":[{"taxonomy":"category","embeddable":true,"href":"https:\/\/radioljubuski.ba\/index.php\/wp-json\/wp\/v2\/categories?post=55676"},{"taxonomy":"post_tag","embeddable":true,"href":"https:\/\/radioljubuski.ba\/index.php\/wp-json\/wp\/v2\/tags?post=55676"}],"curies":[{"name":"wp","href":"https:\/\/api.w.org\/{rel}","templated":true}]}}