{"id":55687,"date":"2021-08-21T09:06:46","date_gmt":"2021-08-21T08:06:46","guid":{"rendered":"https:\/\/radioljubuski.ba\/?p=55687"},"modified":"2021-08-21T09:06:47","modified_gmt":"2021-08-21T08:06:47","slug":"ovako-ce-izgledati-inter-koji-krece-u-obranu-naslova-u-serie-a","status":"publish","type":"post","link":"https:\/\/radioljubuski.ba\/index.php\/2021\/08\/21\/ovako-ce-izgledati-inter-koji-krece-u-obranu-naslova-u-serie-a\/","title":{"rendered":"Ovako \u0107e izgledati Inter koji kre\u0107e u obranu naslova u Serie A"},"content":{"rendered":"\n<p><strong>Inter je pro\u0161le sezone donio veliku radost svojim navija\u010dima, nakon \u0161to je prvi put poslije 2010. godine postao prvak Italije. No, zanos zbog velikog uspjeha brzo je zamijenjen velikim strahom da \u0107e se mom\u010dad raspasti poput kule od karata, posebno nakon \u0161to su vlasnici pitali igra\u010de da oproste dvije pla\u0107e, a Antonio Conte odlu\u010dio napustiti klub.<\/strong><\/p>\n\n\n\n<p>Novo razo\u010darenje stiglo je nakon \u0161to je klub odlu\u010dio prodati i Romelua Lukakua u Chelsea, iako je predsjednik Steven Zhang poru\u010divao da poslije odlaska Achrafa&nbsp;Hakimija u PSG&nbsp;vi\u0161e ne\u0107e pu\u0161tati najbolje igra\u010de. Sve je upu\u0107ivalo na novi Interov pad i stidljivu borbu za \u010detvrto mjesto, koje vodi u Ligu prvaka.<\/p>\n\n\n\n<h3 class=\"wp-block-heading\">Izgledalo je kao raspad, ali Inter je i dalje vrlo jak<\/h3>\n\n\n\n<p>Ipak, stvari uop\u0107e ne izgledaju lo\u0161e za Inter. \u010cak je potpuno pogre\u0161no tvrditi da je klub bez \u0161ansi za osvajanje&nbsp;novog naslova. Na mjesto trenera je stigao izuzetno ambiciozni Simone Inzaghi, u rosteru su ostali svi bitni igra\u010di, klupska kasa je napunjena za 175 milijuna od prodaje Lukakua i Hakimija, dok je na tri odli\u010dna igra\u010da, Edina D\u017eeku, Hakana Calhanoglua i Denzela Dumfriesa, potro\u0161eno samo 12.5 milijuna eura, budu\u0107i da&nbsp;su D\u017eeko i Calhanoglu stigli bez od\u0161tete.<\/p>\n\n\n\n<p>Inter sad najavljuje dolazak jo\u0161 jednog napada\u010da, a to bi mogao biti Moise Kean, Duvan Zapata ili&nbsp;Wout Weghorst. Bilo tko od njih mo\u017ee ostaviti dubok trag i ako klub zadr\u017ei sve ostale bitne igra\u010de, a trebao bi jer je ve\u0107 zaradio dovoljno novca, mom\u010dad \u0107e biti dovoljno kvalitetna da ponovno napadne naslov talijanskog prvaka.<\/p>\n\n\n\n<p>U vrijeme koronavirusa, velikih dugovanja koji ote\u017eavaju rad klubu i navija\u010dkog nezadovoljstva, Inter je odradio sjajan prijelazni rok. Bio je primoran&nbsp;prodati neke va\u017ene igra\u010de kako bi zatvorio odre\u0111ene financijske nedostatke, promijenio je trenera i opet je spreman&nbsp;braniti titulu.<\/p>\n\n\n\n<p>Inter bi vjerojatno imao manje \u0161anse da su njegovi rivali ulo\u017eili vi\u0161e u svoje rostere, ali ni oni nisu zna\u010dajno ulagali. Zato navija\u010di aktualnog prvaka Italije nemaju previ\u0161e razloga za brigu.<\/p>\n\n\n\n<figure class=\"wp-block-image\"><img decoding=\"async\" src=\"https:\/\/indexnew.s3.index.hr\/8be353a9-4014-4d50-b3dd-1904279da17c.jpg?v1\" alt=\"\"\/><\/figure>\n\n\n\n<p>Situacija jest&nbsp;izgledala vrlo alarmantno kada je Conte nakon osvojene titule napustio trenersku klupu i svima dao do znanja da se klupske ambicije ne podudaraju s njegovima.<\/p>\n\n\n\n<p>Sigurno je bilo zabrinjavaju\u0107e i \u010duti da klub ima dugovanja ve\u0107a od 600 milijuna eura, da smanjuje godi\u0161nje pla\u0107e svojim igra\u010dima i da od njih tra\u017ei&nbsp;da oproste pla\u0107e za dva mjeseca. Takve stvari jesu ukazivale na totalni raspad.<\/p>\n\n\n\n<h3 class=\"wp-block-heading\">Vlasnici su posu\u0111ivali novac da prebrode krizu<\/h3>\n\n\n\n<p>Me\u0111utim, Inter nije bio u puno&nbsp;goroj situaciji nego brojni drugi klubovi \u0161irom Europe. Jednostavno, koronavirus&nbsp;je promijenio pravila igre i sve natjerao da smanje tro\u0161kove. Vlasnici Intera su na krizu reagirali tako \u0161to su posudili 275 milijuna eura od Oaktree Capitala. Time su nastavili ispunjavati svoje obaveze, a naredni zadatak bio je zaraditi 75 milijuna eura na transferima, u \u010demu su ve\u0107 uspjeli.<\/p>\n\n\n\n<p>Sad je pred Interom izazov da tijekom tri naredne godine vrati 340 milijuna eura Oaktreeu, jer godi\u0161nja kamata za posu\u0111eni novac iznosi devet posto. No, to su problemi koje Inter mo\u017ee u hodu rje\u0161avati i, kako stvari stoje, oni ne\u0107e utjecati na dodatne promjene u kadru.<\/p>\n\n\n\n<p>Stoga, Inzaghi i njegova mom\u010dad se mogu potpuno fokusirati na travnjak, gdje novim uspjesima mogu ubrzati put svog kluba prema financijskoj stabilnosti.<\/p>\n\n\n\n<figure class=\"wp-block-image\"><img decoding=\"async\" src=\"https:\/\/indexnew.s3.index.hr\/6f9d34a7-e937-4f9e-9118-4a9d645a8b6b.jpg?v1\" alt=\"\"\/><\/figure>\n\n\n\n<p>Veliku ulogu u toj pri\u010di imat \u0107e upravo Inzaghi, koji iza sebe ima sjajan mandat u Laziju. Ako ve\u0107 sad kru\u017ee pitanja o tome mo\u017ee li on zamijeniti Contea i voditi ekipu od koje se o\u010dekuju stalna borba za titule, onda je dovoljno podsjetiti&nbsp;na njegov po\u010detak trenerske karijere u rimskom klubu.<\/p>\n\n\n\n<h3 class=\"wp-block-heading\">Inzaghi je ponovno bio plan B, ali navikao je na takvu ulogu<\/h3>\n\n\n\n<p>Naime, Inter je ra\u010dunao da \u0107e Conte i ove sezone voditi klub pa je izvr\u0161ni direktor Giuseppe Marotta pred kraj pro\u0161le sezone izjavio da klub ne razmi\u0161lja o planu B, jer postoji samo plan A, a to je da Conte vodi ekipu i u ovoj sezoni. Kasnije je Inter ipak morao posegnuti za planom B.<\/p>\n\n\n\n<p>Me\u0111utim, \u010dinjenica da mijenja \u010dovjeka u kojem je klub vidio jedino rje\u0161enje nije problem za Inzaghija. On se sa skoro identi\u010dnom situacijom susreo u Laziju pa opet pokazao koliko vrijedi. Rimski klub je 2015. godine na mjesto trenera doveo Marcela Bielsu, ali ovaj je samo dva dana nakon imenovanja dao otkaz.<\/p>\n\n\n\n<p>Argentinski\u00a0stru\u010dnjak je jo\u0161 prije dolaska na mjesto trenera \u010delnicima kluba dao listu igra\u010da koje \u017eeli dovesti u klub. Nakon \u0161to nijedno od tih imena nije stiglo na vrijeme, odlu\u010dio je raskinuti ugovor. Ne bi to bilo toliko \u010dudno da do kraja prijelaznog roka nije ostalo skoro dva mjeseca, ali Bielsu to nije zanimalo.<\/p>\n\n\n\n<figure class=\"wp-block-image\"><img decoding=\"async\" src=\"https:\/\/indexnew.s3.index.hr\/39bb96f4-3713-4e3f-81fc-c6ee5f709ad0.jpg?v1\" alt=\"\"\/><\/figure>\n\n\n\n<p>Tako je Inzaghi dobio \u0161ansu u Laziju. Njemu nije smetalo \u0161to mu klub ranije nije dao ugovor, \u0161to poja\u010danja jo\u0161 nisu stigla i \u0161to je doveden nakon \u0161to je Bielsa dao otkaz. Nije mu smetalo \u0161to je klub tih dana bio glavna tema svjetskih medija zbog nimalo ugodnog doga\u0111aja. Naprotiv, bio je sretan \u0161to \u0107e s ekipom pro\u0107i cijele pripreme i tako do\u010dekati novu sezonu.<\/p>\n\n\n\n<p>Od tog ljeta 2016. godine do danas, Inzaghi je dva puta osvojio talijanski Superkup, jednom kup Italije i svaki put je izborio plasman u Europu, pri \u010demu je pro\u0161le sezone stigao do osmine finala Lige prvaka.<\/p>\n\n\n\n<p>Zato njemu problemi koje ima Inter vjerojatno izgledaju smije\u0161no i on se ne obazire na njih, ve\u0107 na mom\u010dad koju posjeduje, a ona je mnogo bolja od onog \u0161to je imao u Laziju. Uz sve to, Inzaghi preuzima mom\u010dad koja je titulu u Serie A osvojila igraju\u0107i u sustavu 3-5-2, koji koristi i Inzaghi, pi\u0161e Index.hr.<\/p>\n\n\n\n<p>Ovaj 45-godi\u0161nji stru\u010dnjak \u0107e na golu i dalje imati Samira Handanovi\u0107a, a u obrani Alessandra Bastonija, Stefana de Vrija i Milana \u0160kriniara. Ova \u010detvorka je pro\u0161le sezone bila nezamjenjiva u Interu i primila je najmanje golova u prvenstvu (35).<\/p>\n\n\n\n<h3 class=\"wp-block-heading\">Veliki prijatelji D\u017eeko, Peri\u0161i\u0107 i Kolarov mogu pomo\u0107i Interu da ponovno napadne naslov<\/h3>\n\n\n\n<p>Na mjestu lijevog bo\u010dnog ostao je hrvatski reprezentativac Ivan Peri\u0161i\u0107, dok \u0107e na drugoj strani igrati Dumfries, koji je stigao kao zamjena za Hakimija. Nizozemski bek je svoje kvalitete pokazao na Euru, gdje je u \u010detiri utakmice zabio dva gola i zabilje\u017eio asistenciju, a njegova reprezentacija je tako\u0111er igrala u sustavu s tri igra\u010da u obrani. Svojim igrama na Euru bio je vrlo blizu mjesta u najboljoj postavi prvenstva.<\/p>\n\n\n\n<p>U veznom redu Intera ostali su jo\u0161 jedan hrvatski reprezentativac, Marcelo Brozovi\u0107, i Nicolo Barella, a njima \u0107e se vjerojatno pridru\u017eiti Calhanoglu. U ovom dijelu terena Inter ima odli\u010dnu klupu, na kojoj se nalaze Roberto Gagliardini, Stefano\u00a0Sensi, Matias Vecino i Arturo Vidal, ako ne napusti klub, a jo\u0161 uvijek nije poznato \u0161to \u0107e biti s Christianom Eriksenom, koji je imao sr\u010dani udar.<\/p>\n\n\n\n<figure class=\"wp-block-image\"><img decoding=\"async\" src=\"https:\/\/indexnew.s3.index.hr\/f8f02167-3a7f-4dd7-a6f8-95d8e33d860e.jpg?v1\" alt=\"\"\/><\/figure>\n\n\n\n<p>U vrhu napada tandem \u0107e \u010diniti D\u017eeko i Lautaro Martinez. Oni trenutno za zamjenu imaju Alexisa Sancheza, a vrlo je mogu\u0107e da Inter dovede jo\u0161 jednog dokazanog napada\u010da.<\/p>\n\n\n\n<p>Dolazak kapetana Bosne i Hercegovine D\u017eeke nije bitan samo zbog njegovog iskustva i dokazane kvalitete u najja\u010dim europskim ligama, ve\u0107 i zbog atmosfere u svla\u010dionici. Poznato je da su on, Peri\u0161i\u0107 i Kolarov veliki prijatelji, koji \u0107e uz Brozovi\u0107a \u010diniti malu balkansku koloniju, \u0161to mo\u017ee samo pozitivno djelovati na ostatak mom\u010dadi.<\/p>\n\n\n\n<p>Inter uz roster koji vrijedi 578 milijuna eura i dalje spada u sami vrh talijanskog nogometa, a skuplju mom\u010dad ima samo Juventus (609 milijuna eura). Napolijeva ekipa je za skoro 100 milijuna jeftinija od Interove, a Milanova \u010dak 148 milijuna eura.<\/p>\n\n\n\n<p>Mo\u017eda jest izgledalo da je pred Interom novi pad nakon osvojene titule, ali klub u ovom trenutku ima puno pravo da ponovno napada naslov talijanskog prvaka. Odlasci Contea, Lukakua i Hakimija sigurno nisu bezazleni, jer se radi o izvanserijskom stru\u010dnjaku i igra\u010dima, ali Inter i dalje posjeduje ogroman trenerski i igra\u010dki potencijal.<\/p>\n\n\n\n<p>\/HMS\/<\/p>\n","protected":false},"excerpt":{"rendered":"<p>Inter je pro\u0161le sezone donio veliku radost svojim navija\u010dima, nakon \u0161to je prvi put poslije 2010. godine postao prvak Italije. No, zanos zbog velikog uspjeha brzo je zamijenjen velikim strahom da \u0107e se mom\u010dad raspasti poput kule od karata, posebno nakon \u0161to su vlasnici pitali igra\u010de da oproste dvije pla\u0107e, a Antonio Conte odlu\u010dio napustiti [&hellip;]<\/p>\n","protected":false},"author":2,"featured_media":55688,"comment_status":"closed","ping_status":"closed","sticky":false,"template":"","format":"standard","meta":{"h5ap_radio_sources":[],"footnotes":""},"categories":[7],"tags":[],"class_list":["post-55687","post","type-post","status-publish","format-standard","has-post-thumbnail","hentry","category-sport"],"yoast_head":"<!-- This site is optimized with the Yoast SEO plugin v27.5 - https:\/\/yoast.com\/product\/yoast-seo-wordpress\/ -->\n<title>Ovako \u0107e izgledati Inter koji kre\u0107e u obranu naslova u Serie A - RADIO LJUBU\u0160KI<\/title>\n<meta name=\"robots\" content=\"index, follow, max-snippet:-1, max-image-preview:large, max-video-preview:-1\" \/>\n<link rel=\"canonical\" href=\"https:\/\/radioljubuski.ba\/index.php\/2021\/08\/21\/ovako-ce-izgledati-inter-koji-krece-u-obranu-naslova-u-serie-a\/\" \/>\n<meta property=\"og:locale\" content=\"hr_HR\" \/>\n<meta property=\"og:type\" content=\"article\" \/>\n<meta property=\"og:title\" content=\"Ovako \u0107e izgledati Inter koji kre\u0107e u obranu naslova u Serie A - RADIO LJUBU\u0160KI\" \/>\n<meta property=\"og:description\" content=\"Inter je pro\u0161le sezone donio veliku radost svojim navija\u010dima, nakon \u0161to je prvi put poslije 2010. godine postao prvak Italije. No, zanos zbog velikog uspjeha brzo je zamijenjen velikim strahom da \u0107e se mom\u010dad raspasti poput kule od karata, posebno nakon \u0161to su vlasnici pitali igra\u010de da oproste dvije pla\u0107e, a Antonio Conte odlu\u010dio napustiti [&hellip;]\" \/>\n<meta property=\"og:url\" content=\"https:\/\/radioljubuski.ba\/index.php\/2021\/08\/21\/ovako-ce-izgledati-inter-koji-krece-u-obranu-naslova-u-serie-a\/\" \/>\n<meta property=\"og:site_name\" content=\"RADIO LJUBU\u0160KI\" \/>\n<meta property=\"article:publisher\" content=\"https:\/\/www.facebook.com\/Radiio-Ljubuski-1490835324566332\" \/>\n<meta property=\"article:published_time\" content=\"2021-08-21T08:06:46+00:00\" \/>\n<meta property=\"article:modified_time\" content=\"2021-08-21T08:06:47+00:00\" \/>\n<meta property=\"og:image\" content=\"https:\/\/radioljubuski.ba\/wp-content\/uploads\/2021\/08\/4314bc20-57d5-45d9-85bc-68662b43ee55.jpg\" \/>\n\t<meta property=\"og:image:width\" content=\"765\" \/>\n\t<meta property=\"og:image:height\" content=\"402\" \/>\n\t<meta property=\"og:image:type\" content=\"image\/jpeg\" \/>\n<meta name=\"author\" content=\"Radio Ljubu\u0161ki\" \/>\n<meta name=\"twitter:card\" content=\"summary_large_image\" \/>\n<meta name=\"twitter:creator\" content=\"@radioljubuski\" \/>\n<meta name=\"twitter:site\" content=\"@radioljubuski\" \/>\n<meta name=\"twitter:label1\" content=\"Napisao\/la\" \/>\n\t<meta name=\"twitter:data1\" content=\"Radio Ljubu\u0161ki\" \/>\n\t<meta name=\"twitter:label2\" content=\"Procijenjeno vrijeme \u010ditanja\" \/>\n\t<meta name=\"twitter:data2\" content=\"7 minuta\" \/>\n<script type=\"application\/ld+json\" class=\"yoast-schema-graph\">{\"@context\":\"https:\\\/\\\/schema.org\",\"@graph\":[{\"@type\":\"Article\",\"@id\":\"https:\\\/\\\/radioljubuski.ba\\\/index.php\\\/2021\\\/08\\\/21\\\/ovako-ce-izgledati-inter-koji-krece-u-obranu-naslova-u-serie-a\\\/#article\",\"isPartOf\":{\"@id\":\"https:\\\/\\\/radioljubuski.ba\\\/index.php\\\/2021\\\/08\\\/21\\\/ovako-ce-izgledati-inter-koji-krece-u-obranu-naslova-u-serie-a\\\/\"},\"author\":{\"name\":\"Radio Ljubu\u0161ki\",\"@id\":\"https:\\\/\\\/radioljubuski.ba\\\/#\\\/schema\\\/person\\\/19fc700381a780f69665d7956c469e3b\"},\"headline\":\"Ovako \u0107e izgledati Inter koji kre\u0107e u obranu naslova u Serie A\",\"datePublished\":\"2021-08-21T08:06:46+00:00\",\"dateModified\":\"2021-08-21T08:06:47+00:00\",\"mainEntityOfPage\":{\"@id\":\"https:\\\/\\\/radioljubuski.ba\\\/index.php\\\/2021\\\/08\\\/21\\\/ovako-ce-izgledati-inter-koji-krece-u-obranu-naslova-u-serie-a\\\/\"},\"wordCount\":1388,\"publisher\":{\"@id\":\"https:\\\/\\\/radioljubuski.ba\\\/#organization\"},\"image\":{\"@id\":\"https:\\\/\\\/radioljubuski.ba\\\/index.php\\\/2021\\\/08\\\/21\\\/ovako-ce-izgledati-inter-koji-krece-u-obranu-naslova-u-serie-a\\\/#primaryimage\"},\"thumbnailUrl\":\"https:\\\/\\\/radioljubuski.ba\\\/wp-content\\\/uploads\\\/2021\\\/08\\\/4314bc20-57d5-45d9-85bc-68662b43ee55.jpg\",\"articleSection\":[\"\u0160port\"],\"inLanguage\":\"hr\"},{\"@type\":\"WebPage\",\"@id\":\"https:\\\/\\\/radioljubuski.ba\\\/index.php\\\/2021\\\/08\\\/21\\\/ovako-ce-izgledati-inter-koji-krece-u-obranu-naslova-u-serie-a\\\/\",\"url\":\"https:\\\/\\\/radioljubuski.ba\\\/index.php\\\/2021\\\/08\\\/21\\\/ovako-ce-izgledati-inter-koji-krece-u-obranu-naslova-u-serie-a\\\/\",\"name\":\"Ovako \u0107e izgledati Inter koji kre\u0107e u obranu naslova u Serie A - RADIO LJUBU\u0160KI\",\"isPartOf\":{\"@id\":\"https:\\\/\\\/radioljubuski.ba\\\/#website\"},\"primaryImageOfPage\":{\"@id\":\"https:\\\/\\\/radioljubuski.ba\\\/index.php\\\/2021\\\/08\\\/21\\\/ovako-ce-izgledati-inter-koji-krece-u-obranu-naslova-u-serie-a\\\/#primaryimage\"},\"image\":{\"@id\":\"https:\\\/\\\/radioljubuski.ba\\\/index.php\\\/2021\\\/08\\\/21\\\/ovako-ce-izgledati-inter-koji-krece-u-obranu-naslova-u-serie-a\\\/#primaryimage\"},\"thumbnailUrl\":\"https:\\\/\\\/radioljubuski.ba\\\/wp-content\\\/uploads\\\/2021\\\/08\\\/4314bc20-57d5-45d9-85bc-68662b43ee55.jpg\",\"datePublished\":\"2021-08-21T08:06:46+00:00\",\"dateModified\":\"2021-08-21T08:06:47+00:00\",\"breadcrumb\":{\"@id\":\"https:\\\/\\\/radioljubuski.ba\\\/index.php\\\/2021\\\/08\\\/21\\\/ovako-ce-izgledati-inter-koji-krece-u-obranu-naslova-u-serie-a\\\/#breadcrumb\"},\"inLanguage\":\"hr\",\"potentialAction\":[{\"@type\":\"ReadAction\",\"target\":[\"https:\\\/\\\/radioljubuski.ba\\\/index.php\\\/2021\\\/08\\\/21\\\/ovako-ce-izgledati-inter-koji-krece-u-obranu-naslova-u-serie-a\\\/\"]}]},{\"@type\":\"ImageObject\",\"inLanguage\":\"hr\",\"@id\":\"https:\\\/\\\/radioljubuski.ba\\\/index.php\\\/2021\\\/08\\\/21\\\/ovako-ce-izgledati-inter-koji-krece-u-obranu-naslova-u-serie-a\\\/#primaryimage\",\"url\":\"https:\\\/\\\/radioljubuski.ba\\\/wp-content\\\/uploads\\\/2021\\\/08\\\/4314bc20-57d5-45d9-85bc-68662b43ee55.jpg\",\"contentUrl\":\"https:\\\/\\\/radioljubuski.ba\\\/wp-content\\\/uploads\\\/2021\\\/08\\\/4314bc20-57d5-45d9-85bc-68662b43ee55.jpg\",\"width\":765,\"height\":402},{\"@type\":\"BreadcrumbList\",\"@id\":\"https:\\\/\\\/radioljubuski.ba\\\/index.php\\\/2021\\\/08\\\/21\\\/ovako-ce-izgledati-inter-koji-krece-u-obranu-naslova-u-serie-a\\\/#breadcrumb\",\"itemListElement\":[{\"@type\":\"ListItem\",\"position\":1,\"name\":\"Po\u010detna stranica\",\"item\":\"https:\\\/\\\/radioljubuski.ba\\\/\"},{\"@type\":\"ListItem\",\"position\":2,\"name\":\"Ovako \u0107e izgledati Inter koji kre\u0107e u obranu naslova u Serie A\"}]},{\"@type\":\"WebSite\",\"@id\":\"https:\\\/\\\/radioljubuski.ba\\\/#website\",\"url\":\"https:\\\/\\\/radioljubuski.ba\\\/\",\"name\":\"Radio Ljubu\u0161ki\",\"description\":\"Sun\u010dana frekvencija Hercegovine\",\"publisher\":{\"@id\":\"https:\\\/\\\/radioljubuski.ba\\\/#organization\"},\"potentialAction\":[{\"@type\":\"SearchAction\",\"target\":{\"@type\":\"EntryPoint\",\"urlTemplate\":\"https:\\\/\\\/radioljubuski.ba\\\/?s={search_term_string}\"},\"query-input\":{\"@type\":\"PropertyValueSpecification\",\"valueRequired\":true,\"valueName\":\"search_term_string\"}}],\"inLanguage\":\"hr\"},{\"@type\":\"Organization\",\"@id\":\"https:\\\/\\\/radioljubuski.ba\\\/#organization\",\"name\":\"Radio Ljubu\u0161ki\",\"url\":\"https:\\\/\\\/radioljubuski.ba\\\/\",\"logo\":{\"@type\":\"ImageObject\",\"inLanguage\":\"hr\",\"@id\":\"https:\\\/\\\/radioljubuski.ba\\\/#\\\/schema\\\/logo\\\/image\\\/\",\"url\":\"https:\\\/\\\/radioljubuski.ba\\\/wp-content\\\/uploads\\\/2021\\\/02\\\/cropped-Radio_Ljubuski_logo1.jpg\",\"contentUrl\":\"https:\\\/\\\/radioljubuski.ba\\\/wp-content\\\/uploads\\\/2021\\\/02\\\/cropped-Radio_Ljubuski_logo1.jpg\",\"width\":512,\"height\":512,\"caption\":\"Radio Ljubu\u0161ki\"},\"image\":{\"@id\":\"https:\\\/\\\/radioljubuski.ba\\\/#\\\/schema\\\/logo\\\/image\\\/\"},\"sameAs\":[\"https:\\\/\\\/www.facebook.com\\\/Radiio-Ljubuski-1490835324566332\",\"https:\\\/\\\/x.com\\\/radioljubuski\",\"https:\\\/\\\/hr.linkedin.com\\\/company\\\/radio-ljubuski\",\"https:\\\/\\\/www.youtube.com\\\/channel\\\/UCHYaeO_n0Db3tjNGudGpXyw\"]},{\"@type\":\"Person\",\"@id\":\"https:\\\/\\\/radioljubuski.ba\\\/#\\\/schema\\\/person\\\/19fc700381a780f69665d7956c469e3b\",\"name\":\"Radio Ljubu\u0161ki\"}]}<\/script>\n<!-- \/ Yoast SEO plugin. -->","yoast_head_json":{"title":"Ovako \u0107e izgledati Inter koji kre\u0107e u obranu naslova u Serie A - RADIO LJUBU\u0160KI","robots":{"index":"index","follow":"follow","max-snippet":"max-snippet:-1","max-image-preview":"max-image-preview:large","max-video-preview":"max-video-preview:-1"},"canonical":"https:\/\/radioljubuski.ba\/index.php\/2021\/08\/21\/ovako-ce-izgledati-inter-koji-krece-u-obranu-naslova-u-serie-a\/","og_locale":"hr_HR","og_type":"article","og_title":"Ovako \u0107e izgledati Inter koji kre\u0107e u obranu naslova u Serie A - RADIO LJUBU\u0160KI","og_description":"Inter je pro\u0161le sezone donio veliku radost svojim navija\u010dima, nakon \u0161to je prvi put poslije 2010. godine postao prvak Italije. No, zanos zbog velikog uspjeha brzo je zamijenjen velikim strahom da \u0107e se mom\u010dad raspasti poput kule od karata, posebno nakon \u0161to su vlasnici pitali igra\u010de da oproste dvije pla\u0107e, a Antonio Conte odlu\u010dio napustiti [&hellip;]","og_url":"https:\/\/radioljubuski.ba\/index.php\/2021\/08\/21\/ovako-ce-izgledati-inter-koji-krece-u-obranu-naslova-u-serie-a\/","og_site_name":"RADIO LJUBU\u0160KI","article_publisher":"https:\/\/www.facebook.com\/Radiio-Ljubuski-1490835324566332","article_published_time":"2021-08-21T08:06:46+00:00","article_modified_time":"2021-08-21T08:06:47+00:00","og_image":[{"width":765,"height":402,"url":"https:\/\/radioljubuski.ba\/wp-content\/uploads\/2021\/08\/4314bc20-57d5-45d9-85bc-68662b43ee55.jpg","type":"image\/jpeg"}],"author":"Radio Ljubu\u0161ki","twitter_card":"summary_large_image","twitter_creator":"@radioljubuski","twitter_site":"@radioljubuski","twitter_misc":{"Napisao\/la":"Radio Ljubu\u0161ki","Procijenjeno vrijeme \u010ditanja":"7 minuta"},"schema":{"@context":"https:\/\/schema.org","@graph":[{"@type":"Article","@id":"https:\/\/radioljubuski.ba\/index.php\/2021\/08\/21\/ovako-ce-izgledati-inter-koji-krece-u-obranu-naslova-u-serie-a\/#article","isPartOf":{"@id":"https:\/\/radioljubuski.ba\/index.php\/2021\/08\/21\/ovako-ce-izgledati-inter-koji-krece-u-obranu-naslova-u-serie-a\/"},"author":{"name":"Radio Ljubu\u0161ki","@id":"https:\/\/radioljubuski.ba\/#\/schema\/person\/19fc700381a780f69665d7956c469e3b"},"headline":"Ovako \u0107e izgledati Inter koji kre\u0107e u obranu naslova u Serie A","datePublished":"2021-08-21T08:06:46+00:00","dateModified":"2021-08-21T08:06:47+00:00","mainEntityOfPage":{"@id":"https:\/\/radioljubuski.ba\/index.php\/2021\/08\/21\/ovako-ce-izgledati-inter-koji-krece-u-obranu-naslova-u-serie-a\/"},"wordCount":1388,"publisher":{"@id":"https:\/\/radioljubuski.ba\/#organization"},"image":{"@id":"https:\/\/radioljubuski.ba\/index.php\/2021\/08\/21\/ovako-ce-izgledati-inter-koji-krece-u-obranu-naslova-u-serie-a\/#primaryimage"},"thumbnailUrl":"https:\/\/radioljubuski.ba\/wp-content\/uploads\/2021\/08\/4314bc20-57d5-45d9-85bc-68662b43ee55.jpg","articleSection":["\u0160port"],"inLanguage":"hr"},{"@type":"WebPage","@id":"https:\/\/radioljubuski.ba\/index.php\/2021\/08\/21\/ovako-ce-izgledati-inter-koji-krece-u-obranu-naslova-u-serie-a\/","url":"https:\/\/radioljubuski.ba\/index.php\/2021\/08\/21\/ovako-ce-izgledati-inter-koji-krece-u-obranu-naslova-u-serie-a\/","name":"Ovako \u0107e izgledati Inter koji kre\u0107e u obranu naslova u Serie A - RADIO LJUBU\u0160KI","isPartOf":{"@id":"https:\/\/radioljubuski.ba\/#website"},"primaryImageOfPage":{"@id":"https:\/\/radioljubuski.ba\/index.php\/2021\/08\/21\/ovako-ce-izgledati-inter-koji-krece-u-obranu-naslova-u-serie-a\/#primaryimage"},"image":{"@id":"https:\/\/radioljubuski.ba\/index.php\/2021\/08\/21\/ovako-ce-izgledati-inter-koji-krece-u-obranu-naslova-u-serie-a\/#primaryimage"},"thumbnailUrl":"https:\/\/radioljubuski.ba\/wp-content\/uploads\/2021\/08\/4314bc20-57d5-45d9-85bc-68662b43ee55.jpg","datePublished":"2021-08-21T08:06:46+00:00","dateModified":"2021-08-21T08:06:47+00:00","breadcrumb":{"@id":"https:\/\/radioljubuski.ba\/index.php\/2021\/08\/21\/ovako-ce-izgledati-inter-koji-krece-u-obranu-naslova-u-serie-a\/#breadcrumb"},"inLanguage":"hr","potentialAction":[{"@type":"ReadAction","target":["https:\/\/radioljubuski.ba\/index.php\/2021\/08\/21\/ovako-ce-izgledati-inter-koji-krece-u-obranu-naslova-u-serie-a\/"]}]},{"@type":"ImageObject","inLanguage":"hr","@id":"https:\/\/radioljubuski.ba\/index.php\/2021\/08\/21\/ovako-ce-izgledati-inter-koji-krece-u-obranu-naslova-u-serie-a\/#primaryimage","url":"https:\/\/radioljubuski.ba\/wp-content\/uploads\/2021\/08\/4314bc20-57d5-45d9-85bc-68662b43ee55.jpg","contentUrl":"https:\/\/radioljubuski.ba\/wp-content\/uploads\/2021\/08\/4314bc20-57d5-45d9-85bc-68662b43ee55.jpg","width":765,"height":402},{"@type":"BreadcrumbList","@id":"https:\/\/radioljubuski.ba\/index.php\/2021\/08\/21\/ovako-ce-izgledati-inter-koji-krece-u-obranu-naslova-u-serie-a\/#breadcrumb","itemListElement":[{"@type":"ListItem","position":1,"name":"Po\u010detna stranica","item":"https:\/\/radioljubuski.ba\/"},{"@type":"ListItem","position":2,"name":"Ovako \u0107e izgledati Inter koji kre\u0107e u obranu naslova u Serie A"}]},{"@type":"WebSite","@id":"https:\/\/radioljubuski.ba\/#website","url":"https:\/\/radioljubuski.ba\/","name":"Radio Ljubu\u0161ki","description":"Sun\u010dana frekvencija Hercegovine","publisher":{"@id":"https:\/\/radioljubuski.ba\/#organization"},"potentialAction":[{"@type":"SearchAction","target":{"@type":"EntryPoint","urlTemplate":"https:\/\/radioljubuski.ba\/?s={search_term_string}"},"query-input":{"@type":"PropertyValueSpecification","valueRequired":true,"valueName":"search_term_string"}}],"inLanguage":"hr"},{"@type":"Organization","@id":"https:\/\/radioljubuski.ba\/#organization","name":"Radio Ljubu\u0161ki","url":"https:\/\/radioljubuski.ba\/","logo":{"@type":"ImageObject","inLanguage":"hr","@id":"https:\/\/radioljubuski.ba\/#\/schema\/logo\/image\/","url":"https:\/\/radioljubuski.ba\/wp-content\/uploads\/2021\/02\/cropped-Radio_Ljubuski_logo1.jpg","contentUrl":"https:\/\/radioljubuski.ba\/wp-content\/uploads\/2021\/02\/cropped-Radio_Ljubuski_logo1.jpg","width":512,"height":512,"caption":"Radio Ljubu\u0161ki"},"image":{"@id":"https:\/\/radioljubuski.ba\/#\/schema\/logo\/image\/"},"sameAs":["https:\/\/www.facebook.com\/Radiio-Ljubuski-1490835324566332","https:\/\/x.com\/radioljubuski","https:\/\/hr.linkedin.com\/company\/radio-ljubuski","https:\/\/www.youtube.com\/channel\/UCHYaeO_n0Db3tjNGudGpXyw"]},{"@type":"Person","@id":"https:\/\/radioljubuski.ba\/#\/schema\/person\/19fc700381a780f69665d7956c469e3b","name":"Radio Ljubu\u0161ki"}]}},"_links":{"self":[{"href":"https:\/\/radioljubuski.ba\/index.php\/wp-json\/wp\/v2\/posts\/55687","targetHints":{"allow":["GET"]}}],"collection":[{"href":"https:\/\/radioljubuski.ba\/index.php\/wp-json\/wp\/v2\/posts"}],"about":[{"href":"https:\/\/radioljubuski.ba\/index.php\/wp-json\/wp\/v2\/types\/post"}],"author":[{"embeddable":true,"href":"https:\/\/radioljubuski.ba\/index.php\/wp-json\/wp\/v2\/users\/2"}],"replies":[{"embeddable":true,"href":"https:\/\/radioljubuski.ba\/index.php\/wp-json\/wp\/v2\/comments?post=55687"}],"version-history":[{"count":1,"href":"https:\/\/radioljubuski.ba\/index.php\/wp-json\/wp\/v2\/posts\/55687\/revisions"}],"predecessor-version":[{"id":55689,"href":"https:\/\/radioljubuski.ba\/index.php\/wp-json\/wp\/v2\/posts\/55687\/revisions\/55689"}],"wp:featuredmedia":[{"embeddable":true,"href":"https:\/\/radioljubuski.ba\/index.php\/wp-json\/wp\/v2\/media\/55688"}],"wp:attachment":[{"href":"https:\/\/radioljubuski.ba\/index.php\/wp-json\/wp\/v2\/media?parent=55687"}],"wp:term":[{"taxonomy":"category","embeddable":true,"href":"https:\/\/radioljubuski.ba\/index.php\/wp-json\/wp\/v2\/categories?post=55687"},{"taxonomy":"post_tag","embeddable":true,"href":"https:\/\/radioljubuski.ba\/index.php\/wp-json\/wp\/v2\/tags?post=55687"}],"curies":[{"name":"wp","href":"https:\/\/api.w.org\/{rel}","templated":true}]}}