{"id":55730,"date":"2021-08-21T09:26:00","date_gmt":"2021-08-21T08:26:00","guid":{"rendered":"https:\/\/radioljubuski.ba\/?p=55730"},"modified":"2021-08-21T09:26:00","modified_gmt":"2021-08-21T08:26:00","slug":"hrvatska-prosjecna-mirovina-ce-porasti-za-68-kuna","status":"publish","type":"post","link":"https:\/\/radioljubuski.ba\/index.php\/2021\/08\/21\/hrvatska-prosjecna-mirovina-ce-porasti-za-68-kuna\/","title":{"rendered":"Hrvatska: Prosje\u010dna mirovina \u0107e porasti za 68 kuna"},"content":{"rendered":"\n<p>Ministar rada, mirovinskog sustava, obitelji i socijalne politike Josip Aladrovi\u0107 izjavio je u petak da \u0107e zbog uskla\u0111enja mirovine u Hrvatskoj porasti 2,5 posto \u010dime prosje\u010dna mirovina raste za ne\u0161to vi\u0161e od 68 kuna.<\/p>\n\n\n\n<p>\u201cDanas smo dobili podatke Dr\u017eavnog zavoda za statistiku, koji se odnose na kretanje cijena i kretanje pla\u0107a, i na temeljem tih podataka formirali smo uskla\u0111enje od gotovo 2,5 posto\u201d, izjavio je Aladrovi\u0107 &nbsp;koji je boravio na otvaranju Sportskih igara mladih.&nbsp;<\/p>\n\n\n\n<p>Prosje\u010dna mirovina pove\u0107at \u0107e se od 1. srpnja za 68 kuna, rekao je Aladrovi\u0107 te dodao kako je to najve\u0107i porast mirovine temeljem uskla\u0111enja od 2018. godine. Uve\u0107ane mirovine korisnicima \u0107e biti ispla\u0107ene u rujnu, s mirovinom za kolovoz te s razlikom za srpanj.&nbsp;<\/p>\n\n\n\n<p>\u201cMo\u017eemo biti zadovoljni s tim uskla\u0111ivanjem, to je rezultat mirovinske reforme iz 2019 te rada Vlada jer su svi ovi pokazatelji povezani s gospodarskim kretanjima u Hrvatskoj\u201d, ocijenio je ministar.<\/p>\n\n\n\n<p>Na pitanje mo\u017ee li prosje\u010dni umirovljenik biti zadovoljan s pove\u0107anjem od 68 kuna, Aladrovi\u0107 je odgovorio kako je to pitanje kod svakog uskla\u0111enja no da se Vlada trudi i \u010dini sve da ono bude vi\u0161e.&nbsp;<\/p>\n\n\n\n<p>\u201cPodaci govore da imamo relativno visoka uskla\u0111enja pogotovo u odnosu na one ranije periode, i \u010dinit \u0107emo sve da to tako bude i ubudu\u0107e\u201d, kazao je.&nbsp;<\/p>\n\n\n\n<p>Najavio je da \u0107e Vlada redefinirati mirovine koje nisu adekvatne, poput obiteljskih mirovina za koje se uskoro uvodi novi model \u0161to \u0107e pove\u0107ati njihov iznos.&nbsp;<\/p>\n\n\n\n<p>Rekao je i da je u proteklih 5 godina najni\u017ea mirovine pove\u0107ana za vi\u0161e od 23 posto, prosje\u010dna za 18 posto, u posljednjih godinu dana porast mirovina iznosi gotovo 5 posto.<\/p>\n\n\n\n<p>Izvor:pogled.ba<\/p>\n","protected":false},"excerpt":{"rendered":"<p>Ministar rada, mirovinskog sustava, obitelji i socijalne politike Josip Aladrovi\u0107 izjavio je u petak da \u0107e zbog uskla\u0111enja mirovine u Hrvatskoj porasti 2,5 posto \u010dime prosje\u010dna mirovina raste za ne\u0161to vi\u0161e od 68 kuna. \u201cDanas smo dobili podatke Dr\u017eavnog zavoda za statistiku, koji se odnose na kretanje cijena i kretanje pla\u0107a, i na temeljem tih [&hellip;]<\/p>\n","protected":false},"author":2,"featured_media":55731,"comment_status":"closed","ping_status":"closed","sticky":false,"template":"","format":"standard","meta":{"h5ap_radio_sources":[],"footnotes":""},"categories":[1],"tags":[],"class_list":["post-55730","post","type-post","status-publish","format-standard","has-post-thumbnail","hentry","category-bihiregija"],"yoast_head":"<!-- This site is optimized with the Yoast SEO plugin v27.5 - https:\/\/yoast.com\/product\/yoast-seo-wordpress\/ -->\n<title>Hrvatska: Prosje\u010dna mirovina \u0107e porasti za 68 kuna - RADIO LJUBU\u0160KI<\/title>\n<meta name=\"robots\" content=\"index, follow, max-snippet:-1, max-image-preview:large, max-video-preview:-1\" \/>\n<link rel=\"canonical\" href=\"https:\/\/radioljubuski.ba\/index.php\/2021\/08\/21\/hrvatska-prosjecna-mirovina-ce-porasti-za-68-kuna\/\" \/>\n<meta property=\"og:locale\" content=\"hr_HR\" \/>\n<meta property=\"og:type\" content=\"article\" \/>\n<meta property=\"og:title\" content=\"Hrvatska: Prosje\u010dna mirovina \u0107e porasti za 68 kuna - RADIO LJUBU\u0160KI\" \/>\n<meta property=\"og:description\" content=\"Ministar rada, mirovinskog sustava, obitelji i socijalne politike Josip Aladrovi\u0107 izjavio je u petak da \u0107e zbog uskla\u0111enja mirovine u Hrvatskoj porasti 2,5 posto \u010dime prosje\u010dna mirovina raste za ne\u0161to vi\u0161e od 68 kuna. \u201cDanas smo dobili podatke Dr\u017eavnog zavoda za statistiku, koji se odnose na kretanje cijena i kretanje pla\u0107a, i na temeljem tih [&hellip;]\" \/>\n<meta property=\"og:url\" content=\"https:\/\/radioljubuski.ba\/index.php\/2021\/08\/21\/hrvatska-prosjecna-mirovina-ce-porasti-za-68-kuna\/\" \/>\n<meta property=\"og:site_name\" content=\"RADIO LJUBU\u0160KI\" \/>\n<meta property=\"article:publisher\" content=\"https:\/\/www.facebook.com\/Radiio-Ljubuski-1490835324566332\" \/>\n<meta property=\"article:published_time\" content=\"2021-08-21T08:26:00+00:00\" \/>\n<meta property=\"og:image\" content=\"https:\/\/radioljubuski.ba\/wp-content\/uploads\/2021\/08\/phqb5dcW_mirovine.jpg\" \/>\n\t<meta property=\"og:image:width\" content=\"1000\" \/>\n\t<meta property=\"og:image:height\" content=\"625\" \/>\n\t<meta property=\"og:image:type\" content=\"image\/jpeg\" \/>\n<meta name=\"author\" content=\"Radio Ljubu\u0161ki\" \/>\n<meta name=\"twitter:card\" content=\"summary_large_image\" \/>\n<meta name=\"twitter:creator\" content=\"@radioljubuski\" \/>\n<meta name=\"twitter:site\" content=\"@radioljubuski\" \/>\n<meta name=\"twitter:label1\" content=\"Napisao\/la\" \/>\n\t<meta name=\"twitter:data1\" content=\"Radio Ljubu\u0161ki\" \/>\n\t<meta name=\"twitter:label2\" content=\"Procijenjeno vrijeme \u010ditanja\" \/>\n\t<meta name=\"twitter:data2\" content=\"2 minute\" \/>\n<script type=\"application\/ld+json\" class=\"yoast-schema-graph\">{\"@context\":\"https:\\\/\\\/schema.org\",\"@graph\":[{\"@type\":\"Article\",\"@id\":\"https:\\\/\\\/radioljubuski.ba\\\/index.php\\\/2021\\\/08\\\/21\\\/hrvatska-prosjecna-mirovina-ce-porasti-za-68-kuna\\\/#article\",\"isPartOf\":{\"@id\":\"https:\\\/\\\/radioljubuski.ba\\\/index.php\\\/2021\\\/08\\\/21\\\/hrvatska-prosjecna-mirovina-ce-porasti-za-68-kuna\\\/\"},\"author\":{\"name\":\"Radio Ljubu\u0161ki\",\"@id\":\"https:\\\/\\\/radioljubuski.ba\\\/#\\\/schema\\\/person\\\/19fc700381a780f69665d7956c469e3b\"},\"headline\":\"Hrvatska: Prosje\u010dna mirovina \u0107e porasti za 68 kuna\",\"datePublished\":\"2021-08-21T08:26:00+00:00\",\"mainEntityOfPage\":{\"@id\":\"https:\\\/\\\/radioljubuski.ba\\\/index.php\\\/2021\\\/08\\\/21\\\/hrvatska-prosjecna-mirovina-ce-porasti-za-68-kuna\\\/\"},\"wordCount\":297,\"publisher\":{\"@id\":\"https:\\\/\\\/radioljubuski.ba\\\/#organization\"},\"image\":{\"@id\":\"https:\\\/\\\/radioljubuski.ba\\\/index.php\\\/2021\\\/08\\\/21\\\/hrvatska-prosjecna-mirovina-ce-porasti-za-68-kuna\\\/#primaryimage\"},\"thumbnailUrl\":\"https:\\\/\\\/radioljubuski.ba\\\/wp-content\\\/uploads\\\/2021\\\/08\\\/phqb5dcW_mirovine.jpg\",\"articleSection\":[\"BIH i regija\"],\"inLanguage\":\"hr\"},{\"@type\":\"WebPage\",\"@id\":\"https:\\\/\\\/radioljubuski.ba\\\/index.php\\\/2021\\\/08\\\/21\\\/hrvatska-prosjecna-mirovina-ce-porasti-za-68-kuna\\\/\",\"url\":\"https:\\\/\\\/radioljubuski.ba\\\/index.php\\\/2021\\\/08\\\/21\\\/hrvatska-prosjecna-mirovina-ce-porasti-za-68-kuna\\\/\",\"name\":\"Hrvatska: Prosje\u010dna mirovina \u0107e porasti za 68 kuna - RADIO LJUBU\u0160KI\",\"isPartOf\":{\"@id\":\"https:\\\/\\\/radioljubuski.ba\\\/#website\"},\"primaryImageOfPage\":{\"@id\":\"https:\\\/\\\/radioljubuski.ba\\\/index.php\\\/2021\\\/08\\\/21\\\/hrvatska-prosjecna-mirovina-ce-porasti-za-68-kuna\\\/#primaryimage\"},\"image\":{\"@id\":\"https:\\\/\\\/radioljubuski.ba\\\/index.php\\\/2021\\\/08\\\/21\\\/hrvatska-prosjecna-mirovina-ce-porasti-za-68-kuna\\\/#primaryimage\"},\"thumbnailUrl\":\"https:\\\/\\\/radioljubuski.ba\\\/wp-content\\\/uploads\\\/2021\\\/08\\\/phqb5dcW_mirovine.jpg\",\"datePublished\":\"2021-08-21T08:26:00+00:00\",\"breadcrumb\":{\"@id\":\"https:\\\/\\\/radioljubuski.ba\\\/index.php\\\/2021\\\/08\\\/21\\\/hrvatska-prosjecna-mirovina-ce-porasti-za-68-kuna\\\/#breadcrumb\"},\"inLanguage\":\"hr\",\"potentialAction\":[{\"@type\":\"ReadAction\",\"target\":[\"https:\\\/\\\/radioljubuski.ba\\\/index.php\\\/2021\\\/08\\\/21\\\/hrvatska-prosjecna-mirovina-ce-porasti-za-68-kuna\\\/\"]}]},{\"@type\":\"ImageObject\",\"inLanguage\":\"hr\",\"@id\":\"https:\\\/\\\/radioljubuski.ba\\\/index.php\\\/2021\\\/08\\\/21\\\/hrvatska-prosjecna-mirovina-ce-porasti-za-68-kuna\\\/#primaryimage\",\"url\":\"https:\\\/\\\/radioljubuski.ba\\\/wp-content\\\/uploads\\\/2021\\\/08\\\/phqb5dcW_mirovine.jpg\",\"contentUrl\":\"https:\\\/\\\/radioljubuski.ba\\\/wp-content\\\/uploads\\\/2021\\\/08\\\/phqb5dcW_mirovine.jpg\",\"width\":1000,\"height\":625},{\"@type\":\"BreadcrumbList\",\"@id\":\"https:\\\/\\\/radioljubuski.ba\\\/index.php\\\/2021\\\/08\\\/21\\\/hrvatska-prosjecna-mirovina-ce-porasti-za-68-kuna\\\/#breadcrumb\",\"itemListElement\":[{\"@type\":\"ListItem\",\"position\":1,\"name\":\"Po\u010detna stranica\",\"item\":\"https:\\\/\\\/radioljubuski.ba\\\/\"},{\"@type\":\"ListItem\",\"position\":2,\"name\":\"Hrvatska: Prosje\u010dna mirovina \u0107e porasti za 68 kuna\"}]},{\"@type\":\"WebSite\",\"@id\":\"https:\\\/\\\/radioljubuski.ba\\\/#website\",\"url\":\"https:\\\/\\\/radioljubuski.ba\\\/\",\"name\":\"Radio Ljubu\u0161ki\",\"description\":\"Sun\u010dana frekvencija Hercegovine\",\"publisher\":{\"@id\":\"https:\\\/\\\/radioljubuski.ba\\\/#organization\"},\"potentialAction\":[{\"@type\":\"SearchAction\",\"target\":{\"@type\":\"EntryPoint\",\"urlTemplate\":\"https:\\\/\\\/radioljubuski.ba\\\/?s={search_term_string}\"},\"query-input\":{\"@type\":\"PropertyValueSpecification\",\"valueRequired\":true,\"valueName\":\"search_term_string\"}}],\"inLanguage\":\"hr\"},{\"@type\":\"Organization\",\"@id\":\"https:\\\/\\\/radioljubuski.ba\\\/#organization\",\"name\":\"Radio Ljubu\u0161ki\",\"url\":\"https:\\\/\\\/radioljubuski.ba\\\/\",\"logo\":{\"@type\":\"ImageObject\",\"inLanguage\":\"hr\",\"@id\":\"https:\\\/\\\/radioljubuski.ba\\\/#\\\/schema\\\/logo\\\/image\\\/\",\"url\":\"https:\\\/\\\/radioljubuski.ba\\\/wp-content\\\/uploads\\\/2021\\\/02\\\/cropped-Radio_Ljubuski_logo1.jpg\",\"contentUrl\":\"https:\\\/\\\/radioljubuski.ba\\\/wp-content\\\/uploads\\\/2021\\\/02\\\/cropped-Radio_Ljubuski_logo1.jpg\",\"width\":512,\"height\":512,\"caption\":\"Radio Ljubu\u0161ki\"},\"image\":{\"@id\":\"https:\\\/\\\/radioljubuski.ba\\\/#\\\/schema\\\/logo\\\/image\\\/\"},\"sameAs\":[\"https:\\\/\\\/www.facebook.com\\\/Radiio-Ljubuski-1490835324566332\",\"https:\\\/\\\/x.com\\\/radioljubuski\",\"https:\\\/\\\/hr.linkedin.com\\\/company\\\/radio-ljubuski\",\"https:\\\/\\\/www.youtube.com\\\/channel\\\/UCHYaeO_n0Db3tjNGudGpXyw\"]},{\"@type\":\"Person\",\"@id\":\"https:\\\/\\\/radioljubuski.ba\\\/#\\\/schema\\\/person\\\/19fc700381a780f69665d7956c469e3b\",\"name\":\"Radio Ljubu\u0161ki\"}]}<\/script>\n<!-- \/ Yoast SEO plugin. -->","yoast_head_json":{"title":"Hrvatska: Prosje\u010dna mirovina \u0107e porasti za 68 kuna - RADIO LJUBU\u0160KI","robots":{"index":"index","follow":"follow","max-snippet":"max-snippet:-1","max-image-preview":"max-image-preview:large","max-video-preview":"max-video-preview:-1"},"canonical":"https:\/\/radioljubuski.ba\/index.php\/2021\/08\/21\/hrvatska-prosjecna-mirovina-ce-porasti-za-68-kuna\/","og_locale":"hr_HR","og_type":"article","og_title":"Hrvatska: Prosje\u010dna mirovina \u0107e porasti za 68 kuna - RADIO LJUBU\u0160KI","og_description":"Ministar rada, mirovinskog sustava, obitelji i socijalne politike Josip Aladrovi\u0107 izjavio je u petak da \u0107e zbog uskla\u0111enja mirovine u Hrvatskoj porasti 2,5 posto \u010dime prosje\u010dna mirovina raste za ne\u0161to vi\u0161e od 68 kuna. \u201cDanas smo dobili podatke Dr\u017eavnog zavoda za statistiku, koji se odnose na kretanje cijena i kretanje pla\u0107a, i na temeljem tih [&hellip;]","og_url":"https:\/\/radioljubuski.ba\/index.php\/2021\/08\/21\/hrvatska-prosjecna-mirovina-ce-porasti-za-68-kuna\/","og_site_name":"RADIO LJUBU\u0160KI","article_publisher":"https:\/\/www.facebook.com\/Radiio-Ljubuski-1490835324566332","article_published_time":"2021-08-21T08:26:00+00:00","og_image":[{"width":1000,"height":625,"url":"https:\/\/radioljubuski.ba\/wp-content\/uploads\/2021\/08\/phqb5dcW_mirovine.jpg","type":"image\/jpeg"}],"author":"Radio Ljubu\u0161ki","twitter_card":"summary_large_image","twitter_creator":"@radioljubuski","twitter_site":"@radioljubuski","twitter_misc":{"Napisao\/la":"Radio Ljubu\u0161ki","Procijenjeno vrijeme \u010ditanja":"2 minute"},"schema":{"@context":"https:\/\/schema.org","@graph":[{"@type":"Article","@id":"https:\/\/radioljubuski.ba\/index.php\/2021\/08\/21\/hrvatska-prosjecna-mirovina-ce-porasti-za-68-kuna\/#article","isPartOf":{"@id":"https:\/\/radioljubuski.ba\/index.php\/2021\/08\/21\/hrvatska-prosjecna-mirovina-ce-porasti-za-68-kuna\/"},"author":{"name":"Radio Ljubu\u0161ki","@id":"https:\/\/radioljubuski.ba\/#\/schema\/person\/19fc700381a780f69665d7956c469e3b"},"headline":"Hrvatska: Prosje\u010dna mirovina \u0107e porasti za 68 kuna","datePublished":"2021-08-21T08:26:00+00:00","mainEntityOfPage":{"@id":"https:\/\/radioljubuski.ba\/index.php\/2021\/08\/21\/hrvatska-prosjecna-mirovina-ce-porasti-za-68-kuna\/"},"wordCount":297,"publisher":{"@id":"https:\/\/radioljubuski.ba\/#organization"},"image":{"@id":"https:\/\/radioljubuski.ba\/index.php\/2021\/08\/21\/hrvatska-prosjecna-mirovina-ce-porasti-za-68-kuna\/#primaryimage"},"thumbnailUrl":"https:\/\/radioljubuski.ba\/wp-content\/uploads\/2021\/08\/phqb5dcW_mirovine.jpg","articleSection":["BIH i regija"],"inLanguage":"hr"},{"@type":"WebPage","@id":"https:\/\/radioljubuski.ba\/index.php\/2021\/08\/21\/hrvatska-prosjecna-mirovina-ce-porasti-za-68-kuna\/","url":"https:\/\/radioljubuski.ba\/index.php\/2021\/08\/21\/hrvatska-prosjecna-mirovina-ce-porasti-za-68-kuna\/","name":"Hrvatska: Prosje\u010dna mirovina \u0107e porasti za 68 kuna - RADIO LJUBU\u0160KI","isPartOf":{"@id":"https:\/\/radioljubuski.ba\/#website"},"primaryImageOfPage":{"@id":"https:\/\/radioljubuski.ba\/index.php\/2021\/08\/21\/hrvatska-prosjecna-mirovina-ce-porasti-za-68-kuna\/#primaryimage"},"image":{"@id":"https:\/\/radioljubuski.ba\/index.php\/2021\/08\/21\/hrvatska-prosjecna-mirovina-ce-porasti-za-68-kuna\/#primaryimage"},"thumbnailUrl":"https:\/\/radioljubuski.ba\/wp-content\/uploads\/2021\/08\/phqb5dcW_mirovine.jpg","datePublished":"2021-08-21T08:26:00+00:00","breadcrumb":{"@id":"https:\/\/radioljubuski.ba\/index.php\/2021\/08\/21\/hrvatska-prosjecna-mirovina-ce-porasti-za-68-kuna\/#breadcrumb"},"inLanguage":"hr","potentialAction":[{"@type":"ReadAction","target":["https:\/\/radioljubuski.ba\/index.php\/2021\/08\/21\/hrvatska-prosjecna-mirovina-ce-porasti-za-68-kuna\/"]}]},{"@type":"ImageObject","inLanguage":"hr","@id":"https:\/\/radioljubuski.ba\/index.php\/2021\/08\/21\/hrvatska-prosjecna-mirovina-ce-porasti-za-68-kuna\/#primaryimage","url":"https:\/\/radioljubuski.ba\/wp-content\/uploads\/2021\/08\/phqb5dcW_mirovine.jpg","contentUrl":"https:\/\/radioljubuski.ba\/wp-content\/uploads\/2021\/08\/phqb5dcW_mirovine.jpg","width":1000,"height":625},{"@type":"BreadcrumbList","@id":"https:\/\/radioljubuski.ba\/index.php\/2021\/08\/21\/hrvatska-prosjecna-mirovina-ce-porasti-za-68-kuna\/#breadcrumb","itemListElement":[{"@type":"ListItem","position":1,"name":"Po\u010detna stranica","item":"https:\/\/radioljubuski.ba\/"},{"@type":"ListItem","position":2,"name":"Hrvatska: Prosje\u010dna mirovina \u0107e porasti za 68 kuna"}]},{"@type":"WebSite","@id":"https:\/\/radioljubuski.ba\/#website","url":"https:\/\/radioljubuski.ba\/","name":"Radio Ljubu\u0161ki","description":"Sun\u010dana frekvencija Hercegovine","publisher":{"@id":"https:\/\/radioljubuski.ba\/#organization"},"potentialAction":[{"@type":"SearchAction","target":{"@type":"EntryPoint","urlTemplate":"https:\/\/radioljubuski.ba\/?s={search_term_string}"},"query-input":{"@type":"PropertyValueSpecification","valueRequired":true,"valueName":"search_term_string"}}],"inLanguage":"hr"},{"@type":"Organization","@id":"https:\/\/radioljubuski.ba\/#organization","name":"Radio Ljubu\u0161ki","url":"https:\/\/radioljubuski.ba\/","logo":{"@type":"ImageObject","inLanguage":"hr","@id":"https:\/\/radioljubuski.ba\/#\/schema\/logo\/image\/","url":"https:\/\/radioljubuski.ba\/wp-content\/uploads\/2021\/02\/cropped-Radio_Ljubuski_logo1.jpg","contentUrl":"https:\/\/radioljubuski.ba\/wp-content\/uploads\/2021\/02\/cropped-Radio_Ljubuski_logo1.jpg","width":512,"height":512,"caption":"Radio Ljubu\u0161ki"},"image":{"@id":"https:\/\/radioljubuski.ba\/#\/schema\/logo\/image\/"},"sameAs":["https:\/\/www.facebook.com\/Radiio-Ljubuski-1490835324566332","https:\/\/x.com\/radioljubuski","https:\/\/hr.linkedin.com\/company\/radio-ljubuski","https:\/\/www.youtube.com\/channel\/UCHYaeO_n0Db3tjNGudGpXyw"]},{"@type":"Person","@id":"https:\/\/radioljubuski.ba\/#\/schema\/person\/19fc700381a780f69665d7956c469e3b","name":"Radio Ljubu\u0161ki"}]}},"_links":{"self":[{"href":"https:\/\/radioljubuski.ba\/index.php\/wp-json\/wp\/v2\/posts\/55730","targetHints":{"allow":["GET"]}}],"collection":[{"href":"https:\/\/radioljubuski.ba\/index.php\/wp-json\/wp\/v2\/posts"}],"about":[{"href":"https:\/\/radioljubuski.ba\/index.php\/wp-json\/wp\/v2\/types\/post"}],"author":[{"embeddable":true,"href":"https:\/\/radioljubuski.ba\/index.php\/wp-json\/wp\/v2\/users\/2"}],"replies":[{"embeddable":true,"href":"https:\/\/radioljubuski.ba\/index.php\/wp-json\/wp\/v2\/comments?post=55730"}],"version-history":[{"count":1,"href":"https:\/\/radioljubuski.ba\/index.php\/wp-json\/wp\/v2\/posts\/55730\/revisions"}],"predecessor-version":[{"id":55732,"href":"https:\/\/radioljubuski.ba\/index.php\/wp-json\/wp\/v2\/posts\/55730\/revisions\/55732"}],"wp:featuredmedia":[{"embeddable":true,"href":"https:\/\/radioljubuski.ba\/index.php\/wp-json\/wp\/v2\/media\/55731"}],"wp:attachment":[{"href":"https:\/\/radioljubuski.ba\/index.php\/wp-json\/wp\/v2\/media?parent=55730"}],"wp:term":[{"taxonomy":"category","embeddable":true,"href":"https:\/\/radioljubuski.ba\/index.php\/wp-json\/wp\/v2\/categories?post=55730"},{"taxonomy":"post_tag","embeddable":true,"href":"https:\/\/radioljubuski.ba\/index.php\/wp-json\/wp\/v2\/tags?post=55730"}],"curies":[{"name":"wp","href":"https:\/\/api.w.org\/{rel}","templated":true}]}}