{"id":55747,"date":"2021-08-21T09:32:34","date_gmt":"2021-08-21T08:32:34","guid":{"rendered":"https:\/\/radioljubuski.ba\/?p=55747"},"modified":"2021-08-21T09:32:34","modified_gmt":"2021-08-21T08:32:34","slug":"hrvatska-kapelica-u-betlehemu-klupe-i-vitraji-dolaze-iz-hrvatske-kipovi-iz-hercegovine-krizni-put-iz-posavine","status":"publish","type":"post","link":"https:\/\/radioljubuski.ba\/index.php\/2021\/08\/21\/hrvatska-kapelica-u-betlehemu-klupe-i-vitraji-dolaze-iz-hrvatske-kipovi-iz-hercegovine-krizni-put-iz-posavine\/","title":{"rendered":"Hrvatska kapelica u Betlehemu: &#8216;Klupe i vitraji dolaze iz Hrvatske, kipovi iz Hercegovine, kri\u017eni put iz Posavine&#8217;"},"content":{"rendered":"\n<p>Na 72. sjednici Vlade Republike Hrvatske prihva\u0107en je prijedlog Ministarstva vanjskih i europskih poslova te je odobrena jednokratna financijska potpora od 3.375.000,00 kuna Samostanu Svetog Duha franjevaca konventualaca za izgradnju Kapele hrvatskih svetaca i bla\u017eenika u Betlehemu.<\/p>\n\n\n\n<p>&nbsp;Vlada i Crkva sla\u017eu se da je ovo dobra stvar za vjernike, ali uvjeravaju &#8211; i za cijelu Hrvatsku kojoj \u0107e kapela biti velika reklama.&nbsp;<\/p>\n\n\n\n<p>&#8220;Ovo je jedan privilegij. Netko \u0107e re\u0107i da mo\u017eda dolazi u neko nesretno vrijeme, ali napominjem davno se zapo\u010delo s tim projektom i sad odustati bilo bi ludost. U reputacijskom smislu za na\u0161 narod, za RH to je pun pogodak&#8221;, kazao je za&nbsp;<a href=\"https:\/\/www.rtl.hr\/vijesti-hr\/novosti\/hrvatska\/4089364\/evo-kako-ce-izgledati-hrvatska-kapelica-u-betlehemu-klupe-i-vitraji-dolaze-iz-hrvatske-a-kipovi-iz-hercegovine\/\" target=\"_blank\" rel=\"noreferrer noopener\">RTL&nbsp;<\/a>fra Tomislav Glavnik, gvardijan samostana Svetog Duha u Zagrebu. &nbsp; &nbsp;&nbsp;<\/p>\n\n\n\n<p>Ina\u010de, kamen temeljac za kapelu lani je na Stepin\u010devo blagoslovio sam kardinal Bozani\u0107. O va\u017enosti ovog Objekta u Betlehemu, gradu kroz koji na godinu pro\u0111e 4 i pol milijuna ljudi, govorio jo\u0161 jedan franjevac koji ondje \u017eivi.<\/p>\n\n\n\n<p>&#8220;Nekako uvijek kad \u010dovjek do\u0111e u Svetu zemlju i kad vidi bilo \u0161to Hrvatsko to toliko puno zna\u010di. Evo ova kapelica \u0107e pogotovo biti posje\u0107ivana jer bit \u0107e u programu svakog hodo\u010da\u0161\u0107a, tako da je tu velika va\u017enost, milost, ali i velika odgovornost na kraju krajeva \u010dovjeka kad bude u Svetoj zemlji&#8221;, kazao je fra Sandro Toma\u0161evi\u0107, ravnatelj dje\u010djeg doma u Betlehemu&nbsp;<\/p>\n\n\n\n<p>I dok bi vanjski izgled kapela trebao odgovarati dostupnim grafi\u010dkim prikazima, do sada je bilo nepoznato kako \u0107e ona biti ure\u0111ena iznutra.&nbsp;<\/p>\n\n\n\n<p>&#8220;Mogu evo ekskluzivno re\u0107i da klupe \u0107e do\u0107i iz Hrvatske, vitraj isto tako, raspelo, kri\u017eni put dolazi iz Bosanske Posavine gdje na\u0161i ljudi isto tako \u017eive. Iz Hercegovine dolaze kipovi. Mozaici \u0107e biti dar biskupije, redovni\u010dkih zajednica koje \u0107e dati izraditi s obzirom na sveca koji ih predstavlja&#8221;, tvrdi fra Glavnik.<\/p>\n\n\n\n<p>Nova kapela tako bi ka\u017eu trebala biti ne\u0161to poput prave osobne iskaznice Hrvatske koja \u0107e promovirati njezine gra\u0111ane i kulturu, a izgradnja bi trebala po\u010deti do kraja godine.&nbsp;<\/p>\n\n\n\n<p>Izvor:rtl.hr<\/p>\n","protected":false},"excerpt":{"rendered":"<p>Na 72. sjednici Vlade Republike Hrvatske prihva\u0107en je prijedlog Ministarstva vanjskih i europskih poslova te je odobrena jednokratna financijska potpora od 3.375.000,00 kuna Samostanu Svetog Duha franjevaca konventualaca za izgradnju Kapele hrvatskih svetaca i bla\u017eenika u Betlehemu. &nbsp;Vlada i Crkva sla\u017eu se da je ovo dobra stvar za vjernike, ali uvjeravaju &#8211; i za cijelu [&hellip;]<\/p>\n","protected":false},"author":2,"featured_media":55748,"comment_status":"closed","ping_status":"closed","sticky":false,"template":"","format":"standard","meta":{"h5ap_radio_sources":[],"footnotes":""},"categories":[1],"tags":[],"class_list":["post-55747","post","type-post","status-publish","format-standard","has-post-thumbnail","hentry","category-bihiregija"],"yoast_head":"<!-- This site is optimized with the Yoast SEO plugin v27.5 - https:\/\/yoast.com\/product\/yoast-seo-wordpress\/ -->\n<title>Hrvatska kapelica u Betlehemu: &#039;Klupe i vitraji dolaze iz Hrvatske, kipovi iz Hercegovine, kri\u017eni put iz Posavine&#039; - RADIO LJUBU\u0160KI<\/title>\n<meta name=\"robots\" content=\"index, follow, max-snippet:-1, max-image-preview:large, max-video-preview:-1\" \/>\n<link rel=\"canonical\" href=\"https:\/\/radioljubuski.ba\/index.php\/2021\/08\/21\/hrvatska-kapelica-u-betlehemu-klupe-i-vitraji-dolaze-iz-hrvatske-kipovi-iz-hercegovine-krizni-put-iz-posavine\/\" \/>\n<meta property=\"og:locale\" content=\"hr_HR\" \/>\n<meta property=\"og:type\" content=\"article\" \/>\n<meta property=\"og:title\" content=\"Hrvatska kapelica u Betlehemu: &#039;Klupe i vitraji dolaze iz Hrvatske, kipovi iz Hercegovine, kri\u017eni put iz Posavine&#039; - RADIO LJUBU\u0160KI\" \/>\n<meta property=\"og:description\" content=\"Na 72. sjednici Vlade Republike Hrvatske prihva\u0107en je prijedlog Ministarstva vanjskih i europskih poslova te je odobrena jednokratna financijska potpora od 3.375.000,00 kuna Samostanu Svetog Duha franjevaca konventualaca za izgradnju Kapele hrvatskih svetaca i bla\u017eenika u Betlehemu. &nbsp;Vlada i Crkva sla\u017eu se da je ovo dobra stvar za vjernike, ali uvjeravaju &#8211; i za cijelu [&hellip;]\" \/>\n<meta property=\"og:url\" content=\"https:\/\/radioljubuski.ba\/index.php\/2021\/08\/21\/hrvatska-kapelica-u-betlehemu-klupe-i-vitraji-dolaze-iz-hrvatske-kipovi-iz-hercegovine-krizni-put-iz-posavine\/\" \/>\n<meta property=\"og:site_name\" content=\"RADIO LJUBU\u0160KI\" \/>\n<meta property=\"article:publisher\" content=\"https:\/\/www.facebook.com\/Radiio-Ljubuski-1490835324566332\" \/>\n<meta property=\"article:published_time\" content=\"2021-08-21T08:32:34+00:00\" \/>\n<meta property=\"og:image\" content=\"https:\/\/radioljubuski.ba\/wp-content\/uploads\/2021\/08\/8-2021-08-20-20-54-51-KAPELA-BETLEHEM.png\" \/>\n\t<meta property=\"og:image:width\" content=\"1000\" \/>\n\t<meta property=\"og:image:height\" content=\"625\" \/>\n\t<meta property=\"og:image:type\" content=\"image\/png\" \/>\n<meta name=\"author\" content=\"Radio Ljubu\u0161ki\" \/>\n<meta name=\"twitter:card\" content=\"summary_large_image\" \/>\n<meta name=\"twitter:creator\" content=\"@radioljubuski\" \/>\n<meta name=\"twitter:site\" content=\"@radioljubuski\" \/>\n<meta name=\"twitter:label1\" content=\"Napisao\/la\" \/>\n\t<meta name=\"twitter:data1\" content=\"Radio Ljubu\u0161ki\" \/>\n\t<meta name=\"twitter:label2\" content=\"Procijenjeno vrijeme \u010ditanja\" \/>\n\t<meta name=\"twitter:data2\" content=\"2 minute\" \/>\n<script type=\"application\/ld+json\" class=\"yoast-schema-graph\">{\"@context\":\"https:\\\/\\\/schema.org\",\"@graph\":[{\"@type\":\"Article\",\"@id\":\"https:\\\/\\\/radioljubuski.ba\\\/index.php\\\/2021\\\/08\\\/21\\\/hrvatska-kapelica-u-betlehemu-klupe-i-vitraji-dolaze-iz-hrvatske-kipovi-iz-hercegovine-krizni-put-iz-posavine\\\/#article\",\"isPartOf\":{\"@id\":\"https:\\\/\\\/radioljubuski.ba\\\/index.php\\\/2021\\\/08\\\/21\\\/hrvatska-kapelica-u-betlehemu-klupe-i-vitraji-dolaze-iz-hrvatske-kipovi-iz-hercegovine-krizni-put-iz-posavine\\\/\"},\"author\":{\"name\":\"Radio Ljubu\u0161ki\",\"@id\":\"https:\\\/\\\/radioljubuski.ba\\\/#\\\/schema\\\/person\\\/19fc700381a780f69665d7956c469e3b\"},\"headline\":\"Hrvatska kapelica u Betlehemu: &#8216;Klupe i vitraji dolaze iz Hrvatske, kipovi iz Hercegovine, kri\u017eni put iz Posavine&#8217;\",\"datePublished\":\"2021-08-21T08:32:34+00:00\",\"mainEntityOfPage\":{\"@id\":\"https:\\\/\\\/radioljubuski.ba\\\/index.php\\\/2021\\\/08\\\/21\\\/hrvatska-kapelica-u-betlehemu-klupe-i-vitraji-dolaze-iz-hrvatske-kipovi-iz-hercegovine-krizni-put-iz-posavine\\\/\"},\"wordCount\":372,\"publisher\":{\"@id\":\"https:\\\/\\\/radioljubuski.ba\\\/#organization\"},\"image\":{\"@id\":\"https:\\\/\\\/radioljubuski.ba\\\/index.php\\\/2021\\\/08\\\/21\\\/hrvatska-kapelica-u-betlehemu-klupe-i-vitraji-dolaze-iz-hrvatske-kipovi-iz-hercegovine-krizni-put-iz-posavine\\\/#primaryimage\"},\"thumbnailUrl\":\"https:\\\/\\\/radioljubuski.ba\\\/wp-content\\\/uploads\\\/2021\\\/08\\\/8-2021-08-20-20-54-51-KAPELA-BETLEHEM.png\",\"articleSection\":[\"BIH i regija\"],\"inLanguage\":\"hr\"},{\"@type\":\"WebPage\",\"@id\":\"https:\\\/\\\/radioljubuski.ba\\\/index.php\\\/2021\\\/08\\\/21\\\/hrvatska-kapelica-u-betlehemu-klupe-i-vitraji-dolaze-iz-hrvatske-kipovi-iz-hercegovine-krizni-put-iz-posavine\\\/\",\"url\":\"https:\\\/\\\/radioljubuski.ba\\\/index.php\\\/2021\\\/08\\\/21\\\/hrvatska-kapelica-u-betlehemu-klupe-i-vitraji-dolaze-iz-hrvatske-kipovi-iz-hercegovine-krizni-put-iz-posavine\\\/\",\"name\":\"Hrvatska kapelica u Betlehemu: 'Klupe i vitraji dolaze iz Hrvatske, kipovi iz Hercegovine, kri\u017eni put iz Posavine' - RADIO LJUBU\u0160KI\",\"isPartOf\":{\"@id\":\"https:\\\/\\\/radioljubuski.ba\\\/#website\"},\"primaryImageOfPage\":{\"@id\":\"https:\\\/\\\/radioljubuski.ba\\\/index.php\\\/2021\\\/08\\\/21\\\/hrvatska-kapelica-u-betlehemu-klupe-i-vitraji-dolaze-iz-hrvatske-kipovi-iz-hercegovine-krizni-put-iz-posavine\\\/#primaryimage\"},\"image\":{\"@id\":\"https:\\\/\\\/radioljubuski.ba\\\/index.php\\\/2021\\\/08\\\/21\\\/hrvatska-kapelica-u-betlehemu-klupe-i-vitraji-dolaze-iz-hrvatske-kipovi-iz-hercegovine-krizni-put-iz-posavine\\\/#primaryimage\"},\"thumbnailUrl\":\"https:\\\/\\\/radioljubuski.ba\\\/wp-content\\\/uploads\\\/2021\\\/08\\\/8-2021-08-20-20-54-51-KAPELA-BETLEHEM.png\",\"datePublished\":\"2021-08-21T08:32:34+00:00\",\"breadcrumb\":{\"@id\":\"https:\\\/\\\/radioljubuski.ba\\\/index.php\\\/2021\\\/08\\\/21\\\/hrvatska-kapelica-u-betlehemu-klupe-i-vitraji-dolaze-iz-hrvatske-kipovi-iz-hercegovine-krizni-put-iz-posavine\\\/#breadcrumb\"},\"inLanguage\":\"hr\",\"potentialAction\":[{\"@type\":\"ReadAction\",\"target\":[\"https:\\\/\\\/radioljubuski.ba\\\/index.php\\\/2021\\\/08\\\/21\\\/hrvatska-kapelica-u-betlehemu-klupe-i-vitraji-dolaze-iz-hrvatske-kipovi-iz-hercegovine-krizni-put-iz-posavine\\\/\"]}]},{\"@type\":\"ImageObject\",\"inLanguage\":\"hr\",\"@id\":\"https:\\\/\\\/radioljubuski.ba\\\/index.php\\\/2021\\\/08\\\/21\\\/hrvatska-kapelica-u-betlehemu-klupe-i-vitraji-dolaze-iz-hrvatske-kipovi-iz-hercegovine-krizni-put-iz-posavine\\\/#primaryimage\",\"url\":\"https:\\\/\\\/radioljubuski.ba\\\/wp-content\\\/uploads\\\/2021\\\/08\\\/8-2021-08-20-20-54-51-KAPELA-BETLEHEM.png\",\"contentUrl\":\"https:\\\/\\\/radioljubuski.ba\\\/wp-content\\\/uploads\\\/2021\\\/08\\\/8-2021-08-20-20-54-51-KAPELA-BETLEHEM.png\",\"width\":1000,\"height\":625},{\"@type\":\"BreadcrumbList\",\"@id\":\"https:\\\/\\\/radioljubuski.ba\\\/index.php\\\/2021\\\/08\\\/21\\\/hrvatska-kapelica-u-betlehemu-klupe-i-vitraji-dolaze-iz-hrvatske-kipovi-iz-hercegovine-krizni-put-iz-posavine\\\/#breadcrumb\",\"itemListElement\":[{\"@type\":\"ListItem\",\"position\":1,\"name\":\"Po\u010detna stranica\",\"item\":\"https:\\\/\\\/radioljubuski.ba\\\/\"},{\"@type\":\"ListItem\",\"position\":2,\"name\":\"Hrvatska kapelica u Betlehemu: &#8216;Klupe i vitraji dolaze iz Hrvatske, kipovi iz Hercegovine, kri\u017eni put iz Posavine&#8217;\"}]},{\"@type\":\"WebSite\",\"@id\":\"https:\\\/\\\/radioljubuski.ba\\\/#website\",\"url\":\"https:\\\/\\\/radioljubuski.ba\\\/\",\"name\":\"Radio Ljubu\u0161ki\",\"description\":\"Sun\u010dana frekvencija Hercegovine\",\"publisher\":{\"@id\":\"https:\\\/\\\/radioljubuski.ba\\\/#organization\"},\"potentialAction\":[{\"@type\":\"SearchAction\",\"target\":{\"@type\":\"EntryPoint\",\"urlTemplate\":\"https:\\\/\\\/radioljubuski.ba\\\/?s={search_term_string}\"},\"query-input\":{\"@type\":\"PropertyValueSpecification\",\"valueRequired\":true,\"valueName\":\"search_term_string\"}}],\"inLanguage\":\"hr\"},{\"@type\":\"Organization\",\"@id\":\"https:\\\/\\\/radioljubuski.ba\\\/#organization\",\"name\":\"Radio Ljubu\u0161ki\",\"url\":\"https:\\\/\\\/radioljubuski.ba\\\/\",\"logo\":{\"@type\":\"ImageObject\",\"inLanguage\":\"hr\",\"@id\":\"https:\\\/\\\/radioljubuski.ba\\\/#\\\/schema\\\/logo\\\/image\\\/\",\"url\":\"https:\\\/\\\/radioljubuski.ba\\\/wp-content\\\/uploads\\\/2021\\\/02\\\/cropped-Radio_Ljubuski_logo1.jpg\",\"contentUrl\":\"https:\\\/\\\/radioljubuski.ba\\\/wp-content\\\/uploads\\\/2021\\\/02\\\/cropped-Radio_Ljubuski_logo1.jpg\",\"width\":512,\"height\":512,\"caption\":\"Radio Ljubu\u0161ki\"},\"image\":{\"@id\":\"https:\\\/\\\/radioljubuski.ba\\\/#\\\/schema\\\/logo\\\/image\\\/\"},\"sameAs\":[\"https:\\\/\\\/www.facebook.com\\\/Radiio-Ljubuski-1490835324566332\",\"https:\\\/\\\/x.com\\\/radioljubuski\",\"https:\\\/\\\/hr.linkedin.com\\\/company\\\/radio-ljubuski\",\"https:\\\/\\\/www.youtube.com\\\/channel\\\/UCHYaeO_n0Db3tjNGudGpXyw\"]},{\"@type\":\"Person\",\"@id\":\"https:\\\/\\\/radioljubuski.ba\\\/#\\\/schema\\\/person\\\/19fc700381a780f69665d7956c469e3b\",\"name\":\"Radio Ljubu\u0161ki\"}]}<\/script>\n<!-- \/ Yoast SEO plugin. -->","yoast_head_json":{"title":"Hrvatska kapelica u Betlehemu: 'Klupe i vitraji dolaze iz Hrvatske, kipovi iz Hercegovine, kri\u017eni put iz Posavine' - RADIO LJUBU\u0160KI","robots":{"index":"index","follow":"follow","max-snippet":"max-snippet:-1","max-image-preview":"max-image-preview:large","max-video-preview":"max-video-preview:-1"},"canonical":"https:\/\/radioljubuski.ba\/index.php\/2021\/08\/21\/hrvatska-kapelica-u-betlehemu-klupe-i-vitraji-dolaze-iz-hrvatske-kipovi-iz-hercegovine-krizni-put-iz-posavine\/","og_locale":"hr_HR","og_type":"article","og_title":"Hrvatska kapelica u Betlehemu: 'Klupe i vitraji dolaze iz Hrvatske, kipovi iz Hercegovine, kri\u017eni put iz Posavine' - RADIO LJUBU\u0160KI","og_description":"Na 72. sjednici Vlade Republike Hrvatske prihva\u0107en je prijedlog Ministarstva vanjskih i europskih poslova te je odobrena jednokratna financijska potpora od 3.375.000,00 kuna Samostanu Svetog Duha franjevaca konventualaca za izgradnju Kapele hrvatskih svetaca i bla\u017eenika u Betlehemu. &nbsp;Vlada i Crkva sla\u017eu se da je ovo dobra stvar za vjernike, ali uvjeravaju &#8211; i za cijelu [&hellip;]","og_url":"https:\/\/radioljubuski.ba\/index.php\/2021\/08\/21\/hrvatska-kapelica-u-betlehemu-klupe-i-vitraji-dolaze-iz-hrvatske-kipovi-iz-hercegovine-krizni-put-iz-posavine\/","og_site_name":"RADIO LJUBU\u0160KI","article_publisher":"https:\/\/www.facebook.com\/Radiio-Ljubuski-1490835324566332","article_published_time":"2021-08-21T08:32:34+00:00","og_image":[{"width":1000,"height":625,"url":"https:\/\/radioljubuski.ba\/wp-content\/uploads\/2021\/08\/8-2021-08-20-20-54-51-KAPELA-BETLEHEM.png","type":"image\/png"}],"author":"Radio Ljubu\u0161ki","twitter_card":"summary_large_image","twitter_creator":"@radioljubuski","twitter_site":"@radioljubuski","twitter_misc":{"Napisao\/la":"Radio Ljubu\u0161ki","Procijenjeno vrijeme \u010ditanja":"2 minute"},"schema":{"@context":"https:\/\/schema.org","@graph":[{"@type":"Article","@id":"https:\/\/radioljubuski.ba\/index.php\/2021\/08\/21\/hrvatska-kapelica-u-betlehemu-klupe-i-vitraji-dolaze-iz-hrvatske-kipovi-iz-hercegovine-krizni-put-iz-posavine\/#article","isPartOf":{"@id":"https:\/\/radioljubuski.ba\/index.php\/2021\/08\/21\/hrvatska-kapelica-u-betlehemu-klupe-i-vitraji-dolaze-iz-hrvatske-kipovi-iz-hercegovine-krizni-put-iz-posavine\/"},"author":{"name":"Radio Ljubu\u0161ki","@id":"https:\/\/radioljubuski.ba\/#\/schema\/person\/19fc700381a780f69665d7956c469e3b"},"headline":"Hrvatska kapelica u Betlehemu: &#8216;Klupe i vitraji dolaze iz Hrvatske, kipovi iz Hercegovine, kri\u017eni put iz Posavine&#8217;","datePublished":"2021-08-21T08:32:34+00:00","mainEntityOfPage":{"@id":"https:\/\/radioljubuski.ba\/index.php\/2021\/08\/21\/hrvatska-kapelica-u-betlehemu-klupe-i-vitraji-dolaze-iz-hrvatske-kipovi-iz-hercegovine-krizni-put-iz-posavine\/"},"wordCount":372,"publisher":{"@id":"https:\/\/radioljubuski.ba\/#organization"},"image":{"@id":"https:\/\/radioljubuski.ba\/index.php\/2021\/08\/21\/hrvatska-kapelica-u-betlehemu-klupe-i-vitraji-dolaze-iz-hrvatske-kipovi-iz-hercegovine-krizni-put-iz-posavine\/#primaryimage"},"thumbnailUrl":"https:\/\/radioljubuski.ba\/wp-content\/uploads\/2021\/08\/8-2021-08-20-20-54-51-KAPELA-BETLEHEM.png","articleSection":["BIH i regija"],"inLanguage":"hr"},{"@type":"WebPage","@id":"https:\/\/radioljubuski.ba\/index.php\/2021\/08\/21\/hrvatska-kapelica-u-betlehemu-klupe-i-vitraji-dolaze-iz-hrvatske-kipovi-iz-hercegovine-krizni-put-iz-posavine\/","url":"https:\/\/radioljubuski.ba\/index.php\/2021\/08\/21\/hrvatska-kapelica-u-betlehemu-klupe-i-vitraji-dolaze-iz-hrvatske-kipovi-iz-hercegovine-krizni-put-iz-posavine\/","name":"Hrvatska kapelica u Betlehemu: 'Klupe i vitraji dolaze iz Hrvatske, kipovi iz Hercegovine, kri\u017eni put iz Posavine' - RADIO LJUBU\u0160KI","isPartOf":{"@id":"https:\/\/radioljubuski.ba\/#website"},"primaryImageOfPage":{"@id":"https:\/\/radioljubuski.ba\/index.php\/2021\/08\/21\/hrvatska-kapelica-u-betlehemu-klupe-i-vitraji-dolaze-iz-hrvatske-kipovi-iz-hercegovine-krizni-put-iz-posavine\/#primaryimage"},"image":{"@id":"https:\/\/radioljubuski.ba\/index.php\/2021\/08\/21\/hrvatska-kapelica-u-betlehemu-klupe-i-vitraji-dolaze-iz-hrvatske-kipovi-iz-hercegovine-krizni-put-iz-posavine\/#primaryimage"},"thumbnailUrl":"https:\/\/radioljubuski.ba\/wp-content\/uploads\/2021\/08\/8-2021-08-20-20-54-51-KAPELA-BETLEHEM.png","datePublished":"2021-08-21T08:32:34+00:00","breadcrumb":{"@id":"https:\/\/radioljubuski.ba\/index.php\/2021\/08\/21\/hrvatska-kapelica-u-betlehemu-klupe-i-vitraji-dolaze-iz-hrvatske-kipovi-iz-hercegovine-krizni-put-iz-posavine\/#breadcrumb"},"inLanguage":"hr","potentialAction":[{"@type":"ReadAction","target":["https:\/\/radioljubuski.ba\/index.php\/2021\/08\/21\/hrvatska-kapelica-u-betlehemu-klupe-i-vitraji-dolaze-iz-hrvatske-kipovi-iz-hercegovine-krizni-put-iz-posavine\/"]}]},{"@type":"ImageObject","inLanguage":"hr","@id":"https:\/\/radioljubuski.ba\/index.php\/2021\/08\/21\/hrvatska-kapelica-u-betlehemu-klupe-i-vitraji-dolaze-iz-hrvatske-kipovi-iz-hercegovine-krizni-put-iz-posavine\/#primaryimage","url":"https:\/\/radioljubuski.ba\/wp-content\/uploads\/2021\/08\/8-2021-08-20-20-54-51-KAPELA-BETLEHEM.png","contentUrl":"https:\/\/radioljubuski.ba\/wp-content\/uploads\/2021\/08\/8-2021-08-20-20-54-51-KAPELA-BETLEHEM.png","width":1000,"height":625},{"@type":"BreadcrumbList","@id":"https:\/\/radioljubuski.ba\/index.php\/2021\/08\/21\/hrvatska-kapelica-u-betlehemu-klupe-i-vitraji-dolaze-iz-hrvatske-kipovi-iz-hercegovine-krizni-put-iz-posavine\/#breadcrumb","itemListElement":[{"@type":"ListItem","position":1,"name":"Po\u010detna stranica","item":"https:\/\/radioljubuski.ba\/"},{"@type":"ListItem","position":2,"name":"Hrvatska kapelica u Betlehemu: &#8216;Klupe i vitraji dolaze iz Hrvatske, kipovi iz Hercegovine, kri\u017eni put iz Posavine&#8217;"}]},{"@type":"WebSite","@id":"https:\/\/radioljubuski.ba\/#website","url":"https:\/\/radioljubuski.ba\/","name":"Radio Ljubu\u0161ki","description":"Sun\u010dana frekvencija Hercegovine","publisher":{"@id":"https:\/\/radioljubuski.ba\/#organization"},"potentialAction":[{"@type":"SearchAction","target":{"@type":"EntryPoint","urlTemplate":"https:\/\/radioljubuski.ba\/?s={search_term_string}"},"query-input":{"@type":"PropertyValueSpecification","valueRequired":true,"valueName":"search_term_string"}}],"inLanguage":"hr"},{"@type":"Organization","@id":"https:\/\/radioljubuski.ba\/#organization","name":"Radio Ljubu\u0161ki","url":"https:\/\/radioljubuski.ba\/","logo":{"@type":"ImageObject","inLanguage":"hr","@id":"https:\/\/radioljubuski.ba\/#\/schema\/logo\/image\/","url":"https:\/\/radioljubuski.ba\/wp-content\/uploads\/2021\/02\/cropped-Radio_Ljubuski_logo1.jpg","contentUrl":"https:\/\/radioljubuski.ba\/wp-content\/uploads\/2021\/02\/cropped-Radio_Ljubuski_logo1.jpg","width":512,"height":512,"caption":"Radio Ljubu\u0161ki"},"image":{"@id":"https:\/\/radioljubuski.ba\/#\/schema\/logo\/image\/"},"sameAs":["https:\/\/www.facebook.com\/Radiio-Ljubuski-1490835324566332","https:\/\/x.com\/radioljubuski","https:\/\/hr.linkedin.com\/company\/radio-ljubuski","https:\/\/www.youtube.com\/channel\/UCHYaeO_n0Db3tjNGudGpXyw"]},{"@type":"Person","@id":"https:\/\/radioljubuski.ba\/#\/schema\/person\/19fc700381a780f69665d7956c469e3b","name":"Radio Ljubu\u0161ki"}]}},"_links":{"self":[{"href":"https:\/\/radioljubuski.ba\/index.php\/wp-json\/wp\/v2\/posts\/55747","targetHints":{"allow":["GET"]}}],"collection":[{"href":"https:\/\/radioljubuski.ba\/index.php\/wp-json\/wp\/v2\/posts"}],"about":[{"href":"https:\/\/radioljubuski.ba\/index.php\/wp-json\/wp\/v2\/types\/post"}],"author":[{"embeddable":true,"href":"https:\/\/radioljubuski.ba\/index.php\/wp-json\/wp\/v2\/users\/2"}],"replies":[{"embeddable":true,"href":"https:\/\/radioljubuski.ba\/index.php\/wp-json\/wp\/v2\/comments?post=55747"}],"version-history":[{"count":1,"href":"https:\/\/radioljubuski.ba\/index.php\/wp-json\/wp\/v2\/posts\/55747\/revisions"}],"predecessor-version":[{"id":55749,"href":"https:\/\/radioljubuski.ba\/index.php\/wp-json\/wp\/v2\/posts\/55747\/revisions\/55749"}],"wp:featuredmedia":[{"embeddable":true,"href":"https:\/\/radioljubuski.ba\/index.php\/wp-json\/wp\/v2\/media\/55748"}],"wp:attachment":[{"href":"https:\/\/radioljubuski.ba\/index.php\/wp-json\/wp\/v2\/media?parent=55747"}],"wp:term":[{"taxonomy":"category","embeddable":true,"href":"https:\/\/radioljubuski.ba\/index.php\/wp-json\/wp\/v2\/categories?post=55747"},{"taxonomy":"post_tag","embeddable":true,"href":"https:\/\/radioljubuski.ba\/index.php\/wp-json\/wp\/v2\/tags?post=55747"}],"curies":[{"name":"wp","href":"https:\/\/api.w.org\/{rel}","templated":true}]}}