{"id":55753,"date":"2021-08-21T09:35:48","date_gmt":"2021-08-21T08:35:48","guid":{"rendered":"https:\/\/radioljubuski.ba\/?p=55753"},"modified":"2021-08-21T09:35:49","modified_gmt":"2021-08-21T08:35:49","slug":"na-ledenom-vrhu-grenlanda-prvi-je-put-kisilo","status":"publish","type":"post","link":"https:\/\/radioljubuski.ba\/index.php\/2021\/08\/21\/na-ledenom-vrhu-grenlanda-prvi-je-put-kisilo\/","title":{"rendered":"Na ledenom vrhu Grenlanda prvi je put ki\u0161ilo"},"content":{"rendered":"\n<p>Na najvi\u0161oj to\u010dki grenlandskog ledenog pokrova prvi je put ki\u0161ilo otkako postoje mjerenja, \u0161to je jo\u0161 jedan zabrinjavaju\u0107i znak globalnog zatopljenja, priop\u0107ili su znanstvenici.<\/p>\n\n\n\n<p>Vrh ledenog pokrova je na 3216 metara nadmorske visine i jedino \u0161to ondje uobi\u010dajeno pada jest snijeg.<\/p>\n\n\n\n<p>Me\u0111utim, 14. kolovoza temperatura je bila iznad nule punih devet sati \u0161to je dovelo do ki\u0161e i masovnog topljenja snijega i leda, objavili su iz ameri\u010dkog Nacionalnog centra za podatke o snijegu i ledu (NSIDC) u Coloradu.<\/p>\n\n\n\n<p>Temperature na vrhu ledenog pokrova gotovo nikad nisu iznad nule, ali su zabilje\u017eene su triput u manje od desetlje\u0107a.<\/p>\n\n\n\n<p>&#8211; To nikako nije dobar, zdrav znak za ledeni pokrov, kazala je glaciologinja Indrani Das iz Opservatorija Lamont-Doherty pri sveu\u010dili\u0161tu Columbia.<\/p>\n\n\n\n<p>Ukupno je sedam milijardi tona ki\u0161e palo diljem Grenlanda u tri dana, od 14. do 16. kolovoza, \u0161to je najvi\u0161e otkako su 1950. po\u010dela mjerenja.<\/p>\n\n\n\n<p>Ki\u0161a i visoke temperature izazvale su masovno topljenje leda i snijega, u sedam puta ve\u0107oj koli\u010dini nego \u0161to je prosje\u010dno za sredinu kolovoza.<\/p>\n\n\n\n<p>Topljenje leda i snijega slijeva se u oceane i uzrokuje porast razine mora.<\/p>\n\n\n\n<p>Dosad je topljenje grenlandskog ledenog pokrova, drugog najve\u0107eg na svijetu nakon Antarktike, uzrokovalo \u010detvrtinu od porasta razine mora zabilje\u017eene posljednjih desetlje\u0107a. O\u010dekuje se da \u0107e taj udio rasti zbog porasta globalnih temperatura.&nbsp;<\/p>\n\n\n\n<p>Izvor:pogled.ba<\/p>\n","protected":false},"excerpt":{"rendered":"<p>Na najvi\u0161oj to\u010dki grenlandskog ledenog pokrova prvi je put ki\u0161ilo otkako postoje mjerenja, \u0161to je jo\u0161 jedan zabrinjavaju\u0107i znak globalnog zatopljenja, priop\u0107ili su znanstvenici. Vrh ledenog pokrova je na 3216 metara nadmorske visine i jedino \u0161to ondje uobi\u010dajeno pada jest snijeg. Me\u0111utim, 14. kolovoza temperatura je bila iznad nule punih devet sati \u0161to je dovelo [&hellip;]<\/p>\n","protected":false},"author":2,"featured_media":55754,"comment_status":"closed","ping_status":"closed","sticky":false,"template":"","format":"standard","meta":{"h5ap_radio_sources":[],"footnotes":""},"categories":[1],"tags":[],"class_list":["post-55753","post","type-post","status-publish","format-standard","has-post-thumbnail","hentry","category-bihiregija"],"yoast_head":"<!-- This site is optimized with the Yoast SEO plugin v27.5 - https:\/\/yoast.com\/product\/yoast-seo-wordpress\/ -->\n<title>Na ledenom vrhu Grenlanda prvi je put ki\u0161ilo - RADIO LJUBU\u0160KI<\/title>\n<meta name=\"robots\" content=\"index, follow, max-snippet:-1, max-image-preview:large, max-video-preview:-1\" \/>\n<link rel=\"canonical\" href=\"https:\/\/radioljubuski.ba\/index.php\/2021\/08\/21\/na-ledenom-vrhu-grenlanda-prvi-je-put-kisilo\/\" \/>\n<meta property=\"og:locale\" content=\"hr_HR\" \/>\n<meta property=\"og:type\" content=\"article\" \/>\n<meta property=\"og:title\" content=\"Na ledenom vrhu Grenlanda prvi je put ki\u0161ilo - RADIO LJUBU\u0160KI\" \/>\n<meta property=\"og:description\" content=\"Na najvi\u0161oj to\u010dki grenlandskog ledenog pokrova prvi je put ki\u0161ilo otkako postoje mjerenja, \u0161to je jo\u0161 jedan zabrinjavaju\u0107i znak globalnog zatopljenja, priop\u0107ili su znanstvenici. Vrh ledenog pokrova je na 3216 metara nadmorske visine i jedino \u0161to ondje uobi\u010dajeno pada jest snijeg. Me\u0111utim, 14. kolovoza temperatura je bila iznad nule punih devet sati \u0161to je dovelo [&hellip;]\" \/>\n<meta property=\"og:url\" content=\"https:\/\/radioljubuski.ba\/index.php\/2021\/08\/21\/na-ledenom-vrhu-grenlanda-prvi-je-put-kisilo\/\" \/>\n<meta property=\"og:site_name\" content=\"RADIO LJUBU\u0160KI\" \/>\n<meta property=\"article:publisher\" content=\"https:\/\/www.facebook.com\/Radiio-Ljubuski-1490835324566332\" \/>\n<meta property=\"article:published_time\" content=\"2021-08-21T08:35:48+00:00\" \/>\n<meta property=\"article:modified_time\" content=\"2021-08-21T08:35:49+00:00\" \/>\n<meta property=\"og:image\" content=\"https:\/\/radioljubuski.ba\/wp-content\/uploads\/2021\/08\/2-2021-08-21-08-07-47-led.jpg\" \/>\n\t<meta property=\"og:image:width\" content=\"1000\" \/>\n\t<meta property=\"og:image:height\" content=\"625\" \/>\n\t<meta property=\"og:image:type\" content=\"image\/jpeg\" \/>\n<meta name=\"author\" content=\"Radio Ljubu\u0161ki\" \/>\n<meta name=\"twitter:card\" content=\"summary_large_image\" \/>\n<meta name=\"twitter:creator\" content=\"@radioljubuski\" \/>\n<meta name=\"twitter:site\" content=\"@radioljubuski\" \/>\n<meta name=\"twitter:label1\" content=\"Napisao\/la\" \/>\n\t<meta name=\"twitter:data1\" content=\"Radio Ljubu\u0161ki\" \/>\n\t<meta name=\"twitter:label2\" content=\"Procijenjeno vrijeme \u010ditanja\" \/>\n\t<meta name=\"twitter:data2\" content=\"1 minuta\" \/>\n<script type=\"application\/ld+json\" class=\"yoast-schema-graph\">{\"@context\":\"https:\\\/\\\/schema.org\",\"@graph\":[{\"@type\":\"Article\",\"@id\":\"https:\\\/\\\/radioljubuski.ba\\\/index.php\\\/2021\\\/08\\\/21\\\/na-ledenom-vrhu-grenlanda-prvi-je-put-kisilo\\\/#article\",\"isPartOf\":{\"@id\":\"https:\\\/\\\/radioljubuski.ba\\\/index.php\\\/2021\\\/08\\\/21\\\/na-ledenom-vrhu-grenlanda-prvi-je-put-kisilo\\\/\"},\"author\":{\"name\":\"Radio Ljubu\u0161ki\",\"@id\":\"https:\\\/\\\/radioljubuski.ba\\\/#\\\/schema\\\/person\\\/19fc700381a780f69665d7956c469e3b\"},\"headline\":\"Na ledenom vrhu Grenlanda prvi je put ki\u0161ilo\",\"datePublished\":\"2021-08-21T08:35:48+00:00\",\"dateModified\":\"2021-08-21T08:35:49+00:00\",\"mainEntityOfPage\":{\"@id\":\"https:\\\/\\\/radioljubuski.ba\\\/index.php\\\/2021\\\/08\\\/21\\\/na-ledenom-vrhu-grenlanda-prvi-je-put-kisilo\\\/\"},\"wordCount\":243,\"publisher\":{\"@id\":\"https:\\\/\\\/radioljubuski.ba\\\/#organization\"},\"image\":{\"@id\":\"https:\\\/\\\/radioljubuski.ba\\\/index.php\\\/2021\\\/08\\\/21\\\/na-ledenom-vrhu-grenlanda-prvi-je-put-kisilo\\\/#primaryimage\"},\"thumbnailUrl\":\"https:\\\/\\\/radioljubuski.ba\\\/wp-content\\\/uploads\\\/2021\\\/08\\\/2-2021-08-21-08-07-47-led.jpg\",\"articleSection\":[\"BIH i regija\"],\"inLanguage\":\"hr\"},{\"@type\":\"WebPage\",\"@id\":\"https:\\\/\\\/radioljubuski.ba\\\/index.php\\\/2021\\\/08\\\/21\\\/na-ledenom-vrhu-grenlanda-prvi-je-put-kisilo\\\/\",\"url\":\"https:\\\/\\\/radioljubuski.ba\\\/index.php\\\/2021\\\/08\\\/21\\\/na-ledenom-vrhu-grenlanda-prvi-je-put-kisilo\\\/\",\"name\":\"Na ledenom vrhu Grenlanda prvi je put ki\u0161ilo - RADIO LJUBU\u0160KI\",\"isPartOf\":{\"@id\":\"https:\\\/\\\/radioljubuski.ba\\\/#website\"},\"primaryImageOfPage\":{\"@id\":\"https:\\\/\\\/radioljubuski.ba\\\/index.php\\\/2021\\\/08\\\/21\\\/na-ledenom-vrhu-grenlanda-prvi-je-put-kisilo\\\/#primaryimage\"},\"image\":{\"@id\":\"https:\\\/\\\/radioljubuski.ba\\\/index.php\\\/2021\\\/08\\\/21\\\/na-ledenom-vrhu-grenlanda-prvi-je-put-kisilo\\\/#primaryimage\"},\"thumbnailUrl\":\"https:\\\/\\\/radioljubuski.ba\\\/wp-content\\\/uploads\\\/2021\\\/08\\\/2-2021-08-21-08-07-47-led.jpg\",\"datePublished\":\"2021-08-21T08:35:48+00:00\",\"dateModified\":\"2021-08-21T08:35:49+00:00\",\"breadcrumb\":{\"@id\":\"https:\\\/\\\/radioljubuski.ba\\\/index.php\\\/2021\\\/08\\\/21\\\/na-ledenom-vrhu-grenlanda-prvi-je-put-kisilo\\\/#breadcrumb\"},\"inLanguage\":\"hr\",\"potentialAction\":[{\"@type\":\"ReadAction\",\"target\":[\"https:\\\/\\\/radioljubuski.ba\\\/index.php\\\/2021\\\/08\\\/21\\\/na-ledenom-vrhu-grenlanda-prvi-je-put-kisilo\\\/\"]}]},{\"@type\":\"ImageObject\",\"inLanguage\":\"hr\",\"@id\":\"https:\\\/\\\/radioljubuski.ba\\\/index.php\\\/2021\\\/08\\\/21\\\/na-ledenom-vrhu-grenlanda-prvi-je-put-kisilo\\\/#primaryimage\",\"url\":\"https:\\\/\\\/radioljubuski.ba\\\/wp-content\\\/uploads\\\/2021\\\/08\\\/2-2021-08-21-08-07-47-led.jpg\",\"contentUrl\":\"https:\\\/\\\/radioljubuski.ba\\\/wp-content\\\/uploads\\\/2021\\\/08\\\/2-2021-08-21-08-07-47-led.jpg\",\"width\":1000,\"height\":625},{\"@type\":\"BreadcrumbList\",\"@id\":\"https:\\\/\\\/radioljubuski.ba\\\/index.php\\\/2021\\\/08\\\/21\\\/na-ledenom-vrhu-grenlanda-prvi-je-put-kisilo\\\/#breadcrumb\",\"itemListElement\":[{\"@type\":\"ListItem\",\"position\":1,\"name\":\"Po\u010detna stranica\",\"item\":\"https:\\\/\\\/radioljubuski.ba\\\/\"},{\"@type\":\"ListItem\",\"position\":2,\"name\":\"Na ledenom vrhu Grenlanda prvi je put ki\u0161ilo\"}]},{\"@type\":\"WebSite\",\"@id\":\"https:\\\/\\\/radioljubuski.ba\\\/#website\",\"url\":\"https:\\\/\\\/radioljubuski.ba\\\/\",\"name\":\"Radio Ljubu\u0161ki\",\"description\":\"Sun\u010dana frekvencija Hercegovine\",\"publisher\":{\"@id\":\"https:\\\/\\\/radioljubuski.ba\\\/#organization\"},\"potentialAction\":[{\"@type\":\"SearchAction\",\"target\":{\"@type\":\"EntryPoint\",\"urlTemplate\":\"https:\\\/\\\/radioljubuski.ba\\\/?s={search_term_string}\"},\"query-input\":{\"@type\":\"PropertyValueSpecification\",\"valueRequired\":true,\"valueName\":\"search_term_string\"}}],\"inLanguage\":\"hr\"},{\"@type\":\"Organization\",\"@id\":\"https:\\\/\\\/radioljubuski.ba\\\/#organization\",\"name\":\"Radio Ljubu\u0161ki\",\"url\":\"https:\\\/\\\/radioljubuski.ba\\\/\",\"logo\":{\"@type\":\"ImageObject\",\"inLanguage\":\"hr\",\"@id\":\"https:\\\/\\\/radioljubuski.ba\\\/#\\\/schema\\\/logo\\\/image\\\/\",\"url\":\"https:\\\/\\\/radioljubuski.ba\\\/wp-content\\\/uploads\\\/2021\\\/02\\\/cropped-Radio_Ljubuski_logo1.jpg\",\"contentUrl\":\"https:\\\/\\\/radioljubuski.ba\\\/wp-content\\\/uploads\\\/2021\\\/02\\\/cropped-Radio_Ljubuski_logo1.jpg\",\"width\":512,\"height\":512,\"caption\":\"Radio Ljubu\u0161ki\"},\"image\":{\"@id\":\"https:\\\/\\\/radioljubuski.ba\\\/#\\\/schema\\\/logo\\\/image\\\/\"},\"sameAs\":[\"https:\\\/\\\/www.facebook.com\\\/Radiio-Ljubuski-1490835324566332\",\"https:\\\/\\\/x.com\\\/radioljubuski\",\"https:\\\/\\\/hr.linkedin.com\\\/company\\\/radio-ljubuski\",\"https:\\\/\\\/www.youtube.com\\\/channel\\\/UCHYaeO_n0Db3tjNGudGpXyw\"]},{\"@type\":\"Person\",\"@id\":\"https:\\\/\\\/radioljubuski.ba\\\/#\\\/schema\\\/person\\\/19fc700381a780f69665d7956c469e3b\",\"name\":\"Radio Ljubu\u0161ki\"}]}<\/script>\n<!-- \/ Yoast SEO plugin. -->","yoast_head_json":{"title":"Na ledenom vrhu Grenlanda prvi je put ki\u0161ilo - RADIO LJUBU\u0160KI","robots":{"index":"index","follow":"follow","max-snippet":"max-snippet:-1","max-image-preview":"max-image-preview:large","max-video-preview":"max-video-preview:-1"},"canonical":"https:\/\/radioljubuski.ba\/index.php\/2021\/08\/21\/na-ledenom-vrhu-grenlanda-prvi-je-put-kisilo\/","og_locale":"hr_HR","og_type":"article","og_title":"Na ledenom vrhu Grenlanda prvi je put ki\u0161ilo - RADIO LJUBU\u0160KI","og_description":"Na najvi\u0161oj to\u010dki grenlandskog ledenog pokrova prvi je put ki\u0161ilo otkako postoje mjerenja, \u0161to je jo\u0161 jedan zabrinjavaju\u0107i znak globalnog zatopljenja, priop\u0107ili su znanstvenici. Vrh ledenog pokrova je na 3216 metara nadmorske visine i jedino \u0161to ondje uobi\u010dajeno pada jest snijeg. Me\u0111utim, 14. kolovoza temperatura je bila iznad nule punih devet sati \u0161to je dovelo [&hellip;]","og_url":"https:\/\/radioljubuski.ba\/index.php\/2021\/08\/21\/na-ledenom-vrhu-grenlanda-prvi-je-put-kisilo\/","og_site_name":"RADIO LJUBU\u0160KI","article_publisher":"https:\/\/www.facebook.com\/Radiio-Ljubuski-1490835324566332","article_published_time":"2021-08-21T08:35:48+00:00","article_modified_time":"2021-08-21T08:35:49+00:00","og_image":[{"width":1000,"height":625,"url":"https:\/\/radioljubuski.ba\/wp-content\/uploads\/2021\/08\/2-2021-08-21-08-07-47-led.jpg","type":"image\/jpeg"}],"author":"Radio Ljubu\u0161ki","twitter_card":"summary_large_image","twitter_creator":"@radioljubuski","twitter_site":"@radioljubuski","twitter_misc":{"Napisao\/la":"Radio Ljubu\u0161ki","Procijenjeno vrijeme \u010ditanja":"1 minuta"},"schema":{"@context":"https:\/\/schema.org","@graph":[{"@type":"Article","@id":"https:\/\/radioljubuski.ba\/index.php\/2021\/08\/21\/na-ledenom-vrhu-grenlanda-prvi-je-put-kisilo\/#article","isPartOf":{"@id":"https:\/\/radioljubuski.ba\/index.php\/2021\/08\/21\/na-ledenom-vrhu-grenlanda-prvi-je-put-kisilo\/"},"author":{"name":"Radio Ljubu\u0161ki","@id":"https:\/\/radioljubuski.ba\/#\/schema\/person\/19fc700381a780f69665d7956c469e3b"},"headline":"Na ledenom vrhu Grenlanda prvi je put ki\u0161ilo","datePublished":"2021-08-21T08:35:48+00:00","dateModified":"2021-08-21T08:35:49+00:00","mainEntityOfPage":{"@id":"https:\/\/radioljubuski.ba\/index.php\/2021\/08\/21\/na-ledenom-vrhu-grenlanda-prvi-je-put-kisilo\/"},"wordCount":243,"publisher":{"@id":"https:\/\/radioljubuski.ba\/#organization"},"image":{"@id":"https:\/\/radioljubuski.ba\/index.php\/2021\/08\/21\/na-ledenom-vrhu-grenlanda-prvi-je-put-kisilo\/#primaryimage"},"thumbnailUrl":"https:\/\/radioljubuski.ba\/wp-content\/uploads\/2021\/08\/2-2021-08-21-08-07-47-led.jpg","articleSection":["BIH i regija"],"inLanguage":"hr"},{"@type":"WebPage","@id":"https:\/\/radioljubuski.ba\/index.php\/2021\/08\/21\/na-ledenom-vrhu-grenlanda-prvi-je-put-kisilo\/","url":"https:\/\/radioljubuski.ba\/index.php\/2021\/08\/21\/na-ledenom-vrhu-grenlanda-prvi-je-put-kisilo\/","name":"Na ledenom vrhu Grenlanda prvi je put ki\u0161ilo - RADIO LJUBU\u0160KI","isPartOf":{"@id":"https:\/\/radioljubuski.ba\/#website"},"primaryImageOfPage":{"@id":"https:\/\/radioljubuski.ba\/index.php\/2021\/08\/21\/na-ledenom-vrhu-grenlanda-prvi-je-put-kisilo\/#primaryimage"},"image":{"@id":"https:\/\/radioljubuski.ba\/index.php\/2021\/08\/21\/na-ledenom-vrhu-grenlanda-prvi-je-put-kisilo\/#primaryimage"},"thumbnailUrl":"https:\/\/radioljubuski.ba\/wp-content\/uploads\/2021\/08\/2-2021-08-21-08-07-47-led.jpg","datePublished":"2021-08-21T08:35:48+00:00","dateModified":"2021-08-21T08:35:49+00:00","breadcrumb":{"@id":"https:\/\/radioljubuski.ba\/index.php\/2021\/08\/21\/na-ledenom-vrhu-grenlanda-prvi-je-put-kisilo\/#breadcrumb"},"inLanguage":"hr","potentialAction":[{"@type":"ReadAction","target":["https:\/\/radioljubuski.ba\/index.php\/2021\/08\/21\/na-ledenom-vrhu-grenlanda-prvi-je-put-kisilo\/"]}]},{"@type":"ImageObject","inLanguage":"hr","@id":"https:\/\/radioljubuski.ba\/index.php\/2021\/08\/21\/na-ledenom-vrhu-grenlanda-prvi-je-put-kisilo\/#primaryimage","url":"https:\/\/radioljubuski.ba\/wp-content\/uploads\/2021\/08\/2-2021-08-21-08-07-47-led.jpg","contentUrl":"https:\/\/radioljubuski.ba\/wp-content\/uploads\/2021\/08\/2-2021-08-21-08-07-47-led.jpg","width":1000,"height":625},{"@type":"BreadcrumbList","@id":"https:\/\/radioljubuski.ba\/index.php\/2021\/08\/21\/na-ledenom-vrhu-grenlanda-prvi-je-put-kisilo\/#breadcrumb","itemListElement":[{"@type":"ListItem","position":1,"name":"Po\u010detna stranica","item":"https:\/\/radioljubuski.ba\/"},{"@type":"ListItem","position":2,"name":"Na ledenom vrhu Grenlanda prvi je put ki\u0161ilo"}]},{"@type":"WebSite","@id":"https:\/\/radioljubuski.ba\/#website","url":"https:\/\/radioljubuski.ba\/","name":"Radio Ljubu\u0161ki","description":"Sun\u010dana frekvencija Hercegovine","publisher":{"@id":"https:\/\/radioljubuski.ba\/#organization"},"potentialAction":[{"@type":"SearchAction","target":{"@type":"EntryPoint","urlTemplate":"https:\/\/radioljubuski.ba\/?s={search_term_string}"},"query-input":{"@type":"PropertyValueSpecification","valueRequired":true,"valueName":"search_term_string"}}],"inLanguage":"hr"},{"@type":"Organization","@id":"https:\/\/radioljubuski.ba\/#organization","name":"Radio Ljubu\u0161ki","url":"https:\/\/radioljubuski.ba\/","logo":{"@type":"ImageObject","inLanguage":"hr","@id":"https:\/\/radioljubuski.ba\/#\/schema\/logo\/image\/","url":"https:\/\/radioljubuski.ba\/wp-content\/uploads\/2021\/02\/cropped-Radio_Ljubuski_logo1.jpg","contentUrl":"https:\/\/radioljubuski.ba\/wp-content\/uploads\/2021\/02\/cropped-Radio_Ljubuski_logo1.jpg","width":512,"height":512,"caption":"Radio Ljubu\u0161ki"},"image":{"@id":"https:\/\/radioljubuski.ba\/#\/schema\/logo\/image\/"},"sameAs":["https:\/\/www.facebook.com\/Radiio-Ljubuski-1490835324566332","https:\/\/x.com\/radioljubuski","https:\/\/hr.linkedin.com\/company\/radio-ljubuski","https:\/\/www.youtube.com\/channel\/UCHYaeO_n0Db3tjNGudGpXyw"]},{"@type":"Person","@id":"https:\/\/radioljubuski.ba\/#\/schema\/person\/19fc700381a780f69665d7956c469e3b","name":"Radio Ljubu\u0161ki"}]}},"_links":{"self":[{"href":"https:\/\/radioljubuski.ba\/index.php\/wp-json\/wp\/v2\/posts\/55753","targetHints":{"allow":["GET"]}}],"collection":[{"href":"https:\/\/radioljubuski.ba\/index.php\/wp-json\/wp\/v2\/posts"}],"about":[{"href":"https:\/\/radioljubuski.ba\/index.php\/wp-json\/wp\/v2\/types\/post"}],"author":[{"embeddable":true,"href":"https:\/\/radioljubuski.ba\/index.php\/wp-json\/wp\/v2\/users\/2"}],"replies":[{"embeddable":true,"href":"https:\/\/radioljubuski.ba\/index.php\/wp-json\/wp\/v2\/comments?post=55753"}],"version-history":[{"count":1,"href":"https:\/\/radioljubuski.ba\/index.php\/wp-json\/wp\/v2\/posts\/55753\/revisions"}],"predecessor-version":[{"id":55755,"href":"https:\/\/radioljubuski.ba\/index.php\/wp-json\/wp\/v2\/posts\/55753\/revisions\/55755"}],"wp:featuredmedia":[{"embeddable":true,"href":"https:\/\/radioljubuski.ba\/index.php\/wp-json\/wp\/v2\/media\/55754"}],"wp:attachment":[{"href":"https:\/\/radioljubuski.ba\/index.php\/wp-json\/wp\/v2\/media?parent=55753"}],"wp:term":[{"taxonomy":"category","embeddable":true,"href":"https:\/\/radioljubuski.ba\/index.php\/wp-json\/wp\/v2\/categories?post=55753"},{"taxonomy":"post_tag","embeddable":true,"href":"https:\/\/radioljubuski.ba\/index.php\/wp-json\/wp\/v2\/tags?post=55753"}],"curies":[{"name":"wp","href":"https:\/\/api.w.org\/{rel}","templated":true}]}}